{"id":91133,"date":"2026-09-05T02:19:49","date_gmt":"2026-09-05T05:19:49","guid":{"rendered":"https:\/\/noticiasribeiraopreto.com.br\/index.php\/2026\/09\/05\/ultimo-dia-da-feira-do-livro-conta-com-o-ator-roteirista-e-escritor-helio-de-la-pena-confira-a-programacao\/"},"modified":"2026-09-05T02:19:49","modified_gmt":"2026-09-05T05:19:49","slug":"ultimo-dia-da-feira-do-livro-conta-com-o-ator-roteirista-e-escritor-helio-de-la-pena-confira-a-programacao","status":"publish","type":"post","link":"https:\/\/noticiasribeiraopreto.com.br\/index.php\/2026\/09\/05\/ultimo-dia-da-feira-do-livro-conta-com-o-ator-roteirista-e-escritor-helio-de-la-pena-confira-a-programacao\/","title":{"rendered":"\u00daltimo dia da Feira do Livro conta com o ator, roteirista e escritor H\u00e9lio de La Pe\u00f1a; Confira a programa\u00e7\u00e3o"},"content":{"rendered":"<div class='code-block code-block-1' style='margin: 8px 0 8px auto; text-align: right; display: block; clear: both;'>\n<p><a href=\"https:\/\/wa.link\/vpicfd\"><img data-recalc-dims=\"1\" class=\"wp-image-4922\" style=\"aspect-ratio: 2.0253164556962027; width: 561px; height: auto;\" src=\"https:\/\/i0.wp.com\/ismaelcolosi.com.br\/wp-content\/uploads\/2023\/11\/grupo-de-empregos-whatsapp-e-facebook-ismael-colosi-vagas.jpg?ssl=1\" alt=\"\" \/><\/a><\/p>\n<!-- \/wp:image -->\n<\/div>\n<p> <br \/>\n<\/p>\n<p>O <strong>\u00faltimo dia<\/strong> da <strong>25\u00aa FIL (Feira Internacional do Livro de Ribeir\u00e3o Preto) <\/strong>acontece neste <strong>s\u00e1bado (5) <\/strong>e conta com o ator, roteirista e escritor <strong>H\u00e9lio de La Pe\u00f1a<\/strong>, que realiza a palestra \u201cSess\u00e3o Abayomi: Rir, resistir e ocupar espa\u00e7os \u2013 humor, negritude e cria\u00e7\u00e3o art\u00edstica no Brasil\u201d \u00e0s <strong>15h<\/strong> no Audit\u00f3rio Meira Junior, no <strong>Theatro Pedro II<\/strong>.<\/p>\n<p>Al\u00e9m do ator, a programa\u00e7\u00e3o da Feira do Livro traz como destaques na Tenda Sesc Senac, o <mark class=\"has-inline-color\">cineasta Jo\u00e3o Batista de Andrade<\/mark> com um bate-papo sobre o cinema brasileiro, \u00e0s 14h; a <mark class=\"has-inline-color\">escritora e jornalista Socorro Acioli<\/mark> comenta sobre<mark class=\"has-inline-color\"> literatura fant\u00e1stica<\/mark>, \u00e0s 15h30; e a <mark class=\"has-inline-color\">jornalista Semayat Oliveira<\/mark> conversa sobre uma obra com saberes ancestrais da \u00c1frica Ocidental, \u00e0s 17h.<\/p>\n<figure class=\"wp-block-image size-large\"><figcaption class=\"wp-element-caption\">Em ordem, da esquerda para a direita: Jo\u00e3o Batista (foto: reprodu\u00e7\u00e3o), Socorro Acioli (foto: Julia Mataruna) e Semayat Oliveira (foto: P\u00e9tala Lopes)<\/figcaption><\/figure>\n<p class=\"has-very-light-gray-to-cyan-bluish-gray-gradient-background has-background\"><em>Receba not\u00edcias do\u00a0<strong>acidade on Ribeir\u00e3o\u00a0<\/strong>no WhatsApp e fique por dentro de tudo! Basta acessar o link<a href=\"https:\/\/chat.whatsapp.com\/DfXwcjKVIddHUT3BvnQuPZ?mode=hqctshi\" target=\"_blank\" rel=\"noreferrer noopener\">\u00a0aqui<\/a>!<\/em><\/p>\n<p>Espalhada por pontos de Ribeir\u00e3o Preto como a Pra\u00e7a XV de Novembro, o Theatro Pedro II e a Biblioteca Sinh\u00e1 Junqueira, a programa\u00e7\u00e3o do evento abrange conta\u00e7\u00f5es de hist\u00f3rias, oficinas criativas, viv\u00eancias liter\u00e1rias e interven\u00e7\u00f5es art\u00edsticas gratuitas voltadas a todos os p\u00fablicos ao longo do dia.<\/p>\n<h2 class=\"wp-block-heading\"><strong>Confira a programa\u00e7\u00e3o deste s\u00e1bado (5)<\/strong><\/h2>\n<p><strong>8h30<\/strong><\/p>\n<ul class=\"wp-block-list\">\n<li><strong>Doa\u00e7\u00e3o de mudas do Horto Municipal<\/strong><br \/>A a\u00e7\u00e3o promove a distribui\u00e7\u00e3o gratuita de mudas produzidas pelo Horto Municipal, incentivando o plantio de \u00e1rvores e a amplia\u00e7\u00e3o das \u00e1reas verdes.<br \/>LOCAL Pra\u00e7a XV de Novembro \u2013 Estande Prefeitura Municipal de Ribeir\u00e3o Preto<\/li>\n<li><strong>Oficina \u2022 Primeiros socorros para o p\u00fablico leigo<\/strong><br \/>A oficina apresenta no\u00e7\u00f5es b\u00e1sicas de primeiros socorros para situa\u00e7\u00f5es de urg\u00eancia e emerg\u00eancia, como desobstru\u00e7\u00e3o de vias a\u00e9reas e parada cardiorrespirat\u00f3ria. Com demonstra\u00e7\u00f5es pr\u00e1ticas e atividades interativas, os participantes aprendem procedimentos que podem fazer a diferen\u00e7a at\u00e9 a chegada do atendimento especializado.<br \/>LOCAL Pra\u00e7a XV de Novembro \u2013 Espa\u00e7o Oficinas Sesc Senac\n<p><strong>9h30<\/strong><\/li>\n<li><strong>Oficina \u2022 Brincos para mulheres empreendedoras<\/strong><br \/>COM KATHERINE CAMARGO<br \/>A oficina ensina t\u00e9cnicas de confec\u00e7\u00e3o de brincos artesanais, estimulando a criatividade e apresentando a produ\u00e7\u00e3o de acess\u00f3rios como alternativa de gera\u00e7\u00e3o de renda e empreendedorismo. A atividade \u00e9 realizada pela Secretaria da Cidadania, Pessoa com Defici\u00eancia e Inclus\u00e3o Social.<br \/>LOCAL Pra\u00e7a XV de Novembro \u2013 Estande Prefeitura Municipal de Ribeir\u00e3o Preto\n<p><strong>10h<\/strong><\/li>\n<li><strong>Lan\u00e7amento de livro e a\u00e7\u00e3o art\u00edstica \u2022 Fio escrita cont\u00ednua e Umbigo<\/strong><br \/>COM MARIANA GUIMAR\u00c3ES<br \/>Artista e autora, Mariana Guimar\u00e3es apresenta Fio escrita cont\u00ednua, obra em que compartilha sua pesquisa te\u00f3rico-art\u00edstica sobre o fio como dispositivo de encontros, reinven\u00e7\u00f5es e constru\u00e7\u00e3o de possibilidades, especialmente em rela\u00e7\u00e3o \u00e0s pr\u00e1ticas historicamente associadas ao feminino e ao espa\u00e7o dom\u00e9stico. A programa\u00e7\u00e3o inclui ainda a a\u00e7\u00e3o art\u00edstica Umbigo, proposi\u00e7\u00e3o est\u00e9tica que investiga o ato de parir-se em coletividade.<br \/>LOCAL MARP \u2013 Museu de Arte de Ribeir\u00e3o Preto<\/li>\n<li><strong>Conta\u00e7\u00e3o de hist\u00f3ria \u2022 Os autodefensores viajantes<\/strong><br \/>Criada coletivamente por adolescentes e adultos da RibDown, a hist\u00f3ria acompanha um grupo de viajantes que percorre diferentes mundos em uma jornada de encontros, desafios e descobertas. A conta\u00e7\u00e3o valoriza o protagonismo das pessoas com defici\u00eancia e amplia o olhar sobre diversidade, conviv\u00eancia e novas formas de estar no mundo.<br \/>LOCAL Biblioteca Sinh\u00e1 Junqueira \u2013 Espa\u00e7o Infantil<\/li>\n<li><strong>Oficina \u2022 Quero aprender Libras, como eu fa\u00e7o?<\/strong><br \/>COM ASRP<br \/>Voltada a iniciantes, a oficina apresenta os primeiros conceitos da L\u00edngua Brasileira de Sinais (Libras), proporcionando um contato com sinais b\u00e1sicos e aspectos da comunica\u00e7\u00e3o com pessoas surdas.<br \/>LOCAL Pra\u00e7a XV de Novembro \u2013 Usina do Saber<\/li>\n<li><strong>Viv\u00eancia de toque terap\u00eautico<\/strong><br \/>COM MIRIAM CARLA<br \/>A atividade apresenta o toque terap\u00eautico como pr\u00e1tica integrativa voltada ao relaxamento e ao bem-estar.<br \/>LOCAL Biblioteca Sinh\u00e1 Junqueira \u2013 Casar\u00e3o<\/li>\n<li><strong>Apresenta\u00e7\u00e3o musical \u2022 Em\u00edlia vai \u00e0 escola<\/strong><br \/>COM O PROJETO LIBRAS NA ARTE (JABOTICABAL)<br \/>Inspirado na personagem criada por Monteiro Lobato, o espet\u00e1culo combina m\u00fasica, teatro e L\u00edngua Brasileira de Sinais (Libras) para contar a chegada de Em\u00edlia a uma escola inclusiva. A apresenta\u00e7\u00e3o promove o encontro entre ouvintes e pessoas surdas, valorizando a cultura surda, a comunica\u00e7\u00e3o em Libras e o respeito \u00e0 diversidade por meio de uma narrativa voltada a toda a fam\u00edlia.<br \/>LOCAL Centro Cultural Palace \u2013 Audit\u00f3rio Pedro Paulo<\/li>\n<li><strong>Conta\u00e7\u00e3o de hist\u00f3ria \u2022 E se fosse uma garota?<\/strong><br \/>COM ANA LU\u00cdSA LACOMBE<br \/>A atriz e contadora de hist\u00f3rias Ana Lu\u00edsa Lacombe revisita contos tradicionais propondo uma pergunta simples: e se os her\u00f3is dessas narrativas fossem meninas? A partir dessa perspectiva, o espet\u00e1culo apresenta aventuras protagonizadas por personagens femininas, estimulando reflex\u00f5es sobre representatividade, imagina\u00e7\u00e3o e os pap\u00e9is atribu\u00eddos \u00e0s mulheres nas hist\u00f3rias cl\u00e1ssicas.<br \/>LOCAL Esplanada Theatro Pedro II \u2013 Tenda Sesc Senac<\/li>\n<li><strong>Oficina \u2022 Percuss\u00e3o dos Bambas<\/strong><br \/>COM MESTRE PAULINHO DUR\u00c3O<br \/>Com mais de cinco d\u00e9cadas dedicadas ao samba, o mestre de bateria Paulinho Dur\u00e3o compartilha os fundamentos da percuss\u00e3o das escolas de samba. A oficina apresenta os principais instrumentos, os ritmos que marcam a bateria e os elementos que constroem a identidade musical do GRES Bambas do Samba, valorizando a tradi\u00e7\u00e3o do carnaval de Ribeir\u00e3o Preto.<br \/>LOCAL Coreto Pra\u00e7a XV de Novembro \u2013 Espa\u00e7o Favela\n<p><strong>10h30<\/strong><\/li>\n<li><strong>Oficina \u2022 Brinquedos \u00f3pticos: flip book<\/strong><br \/>A oficina apresenta o Flip Book, um dos primeiros recursos utilizados para criar a ilus\u00e3o de movimento. Ao produzir seu pr\u00f3prio livro animado, os participantes descobrem conceitos ligados \u00e0 persist\u00eancia retiniana e conhecem, de forma pr\u00e1tica, princ\u00edpios que deram origem \u00e0s anima\u00e7\u00f5es e ao cinema.<br \/>LOCAL Pra\u00e7a XV de Novembro \u2013 Espa\u00e7o Oficinas Sesc Senac<\/li>\n<li><strong>Apresenta\u00e7\u00e3o musical<\/strong><br \/>COM BANDA SINF\u00d4NICA DO GURI E ORQUESTRA DE CORDAS DO GURI<br \/>Um concerto que celebra a diversidade musical e o talento de jovens instrumentistas. Formados por alunos entre 12 e 18 anos, os grupos percorrem repert\u00f3rios que transitam entre a m\u00fasica sinf\u00f4nica, a m\u00fasica popular e obras do repert\u00f3rio nacional e internacional. Sob a reg\u00eancia dos maestros Jos\u00e9 Matsumoto e Victor Cabral, a apresenta\u00e7\u00e3o re\u00fane sopros, percuss\u00e3o e instrumentos de cordas em um espet\u00e1culo que evidencia o trabalho pedag\u00f3gico e art\u00edstico desenvolvido pelo Guri.<br \/>LOCAL Esplanada Theatro Pedro II \u2013 Ambient de Leitura<\/li>\n<li><strong>Interven\u00e7\u00e3o \u2022 Cabe\u00e7as de livro<\/strong><br \/>COM GRUPO GIRALUA TEATRO<br \/>Livros, hist\u00f3rias e personagens ganham vida nesta interven\u00e7\u00e3o que aproxima teatro e literatura. Entre trava-l\u00ednguas, poemas, can\u00e7\u00f5es e narrativas, os integrantes do Grupo Giralua Teatro percorrem a feira convidando o p\u00fablico a vivenciar encontros marcados pela imagina\u00e7\u00e3o, pelo humor e pelo prazer da leitura.<br \/>LOCAL Esplanada Theatro Pedro II\n<p><strong>11h<\/strong><\/li>\n<li><strong>Bate-papo \u2022 Autores da Casa: gera\u00e7\u00f5es p\u00f3s-humanas \u2013 literatura, tecnologia e cria\u00e7\u00e3o<\/strong><br \/>COM REGINA BAPTISTA, GISELE AMORIM ZWICKER, MATHEUS VIANA MACHADO, ARON HUSSID FERREIRA E MARLENE MARQUES<br \/>Os autores debatem como a literatura dialoga com os avan\u00e7os tecnol\u00f3gicos, a intelig\u00eancia artificial e as transforma\u00e7\u00f5es da cultura digital. O encontro aborda os futuros imaginados pela fic\u00e7\u00e3o, os desafios da cria\u00e7\u00e3o contempor\u00e2nea e as novas rela\u00e7\u00f5es entre humanidade, tecnologia e produ\u00e7\u00e3o liter\u00e1ria.<br \/>LOCAL Biblioteca Sinh\u00e1 Junqueira \u2013 Audit\u00f3rio<\/li>\n<li><strong>Apresenta\u00e7\u00e3o musical \u2022 Caf\u00e9 com Choro da Casa<\/strong><br \/>O tradicional Caf\u00e9 com Choro da Casa re\u00fane m\u00fasicos em uma celebra\u00e7\u00e3o do choro, um dos g\u00eaneros mais representativos da m\u00fasica brasileira.<br \/>LOCAL Biblioteca Sinh\u00e1 Junqueira \u2013 Quintal\n<p><strong>12h<\/strong><\/li>\n<li><strong>Sarau \u2022 Parada po\u00e9tica<\/strong><br \/>COM RENAN INQU\u00c9RITO<br \/>Misturando rap, poesia e oralidade, Renan Inqu\u00e9rito conduz um sarau que aproxima a literatura da cultura hip-hop. A atividade transforma a palavra em instrumento de express\u00e3o e di\u00e1logo, levando o p\u00fablico a refletir sobre temas sociais, identidade e cotidiano por meio dos versos e da performance.<br \/>LOCAL Esplanada Theatro Pedro II \u2013 Tenda Sesc Senac<\/li>\n<li><strong>Apresenta\u00e7\u00e3o musical \u2022 Mosaico dos Bambas<\/strong><br \/>O projeto Mosaico dos Bambas leva ao p\u00fablico uma apresenta\u00e7\u00e3o que destaca a for\u00e7a da percuss\u00e3o e das tradi\u00e7\u00f5es do samba. Sob a condu\u00e7\u00e3o do percussionista e educador Cau\u00ea Cesar Marcelino Pereira, os participantes compartilham o trabalho desenvolvido no GRES Bambas do Samba, valorizando a m\u00fasica como instrumento de forma\u00e7\u00e3o cultural e inclus\u00e3o social.<br \/>LOCAL Coreto Pra\u00e7a XV de Novembro \u2013 Espa\u00e7o Favela\n<p><strong>13h30<\/strong><\/li>\n<li><strong>Conta\u00e7\u00e3o de hist\u00f3ria<\/strong><br \/>Realizada pela equipe da Funda\u00e7\u00e3o Instituto do Livro de Ribeir\u00e3o Preto, a atividade convida o p\u00fablico a entrar no universo da narrativa oral, estimulando a imagina\u00e7\u00e3o, a escuta e o encantamento pelas hist\u00f3rias.<br \/>LOCAL Pra\u00e7a XV de Novembro \u2013 Estande Prefeitura Municipal de Ribeir\u00e3o Preto\n<p><strong>14h<\/strong><\/li>\n<li><strong>Interven\u00e7\u00e3o \u2022 GeraLab: produtos para as gera\u00e7\u00f5es<\/strong><br \/>Na atividade, os participantes desenvolvem prot\u00f3tipos de produtos voltados a diferentes gera\u00e7\u00f5es, estimulando a criatividade, a inova\u00e7\u00e3o e o trabalho em equipe. Ao final, os grupos apresentam suas propostas ao p\u00fablico, exercitando conceitos de empreendedorismo, comunica\u00e7\u00e3o e desenvolvimento de solu\u00e7\u00f5es.<br \/>LOCAL Pra\u00e7a XV de Novembro \u2013 Espa\u00e7o Oficinas Sesc Senac<\/li>\n<li><mark class=\"has-inline-color\">Bate-papo \u2022 Cinema brasileiro<br \/>COM JO\u00c3O BATISTA DE ANDRADE<\/mark><br \/>MEDIA\u00c7\u00c3O DE FERNANDO KAXASSA<br \/>Um dos principais nomes do cinema brasileiro, o cineasta e escritor Jo\u00e3o Batista de Andrade compartilha sua carreira na produ\u00e7\u00e3o audiovisual e reflete sobre os caminhos do cinema nacional ao longo das \u00faltimas d\u00e9cadas. O encontro aborda cria\u00e7\u00e3o art\u00edstica, pol\u00edticas p\u00fablicas para o setor e o papel do cinema na interpreta\u00e7\u00e3o da realidade brasileira, reunindo experi\u00eancias de uma carreira marcada por filmes que se tornaram refer\u00eancias da cinematografia do pa\u00eds.<br \/><mark class=\"has-inline-color\">LOCAL Esplanada Theatro Pedro II \u2013 Tenda Sesc Senac<\/mark><\/li>\n<li><strong>Lan\u00e7amento de livro \u2022 Sim, eu sou um Poeta Marginal: Antologia Po\u00e9tica do Slamo16<\/strong><br \/>O livro re\u00fane poemas dos 14 finalistas da primeira edi\u00e7\u00e3o do Slamo16, realizada durante a 23\u00aa FIL. Produzida por jovens de cidades da regi\u00e3o, a antologia apresenta a pot\u00eancia da poesia perif\u00e9rica e transforma a oralidade caracter\u00edstica das batalhas de slam em registro liter\u00e1rio. A publica\u00e7\u00e3o tem organiza\u00e7\u00e3o do Coletivo Abayomi e participa\u00e7\u00e3o de profissionais ligados \u00e0 cena do slam.<br \/>LOCAL Esplanada do Theatro Pedro II \u2013 Ambiente de Leitura<\/li>\n<li><strong>Visita mediada \u2022 Biblioteca Sinh\u00e1 Junqueira<\/strong><br \/>A a\u00e7\u00e3o convida o p\u00fablico a conhecer a hist\u00f3ria e os espa\u00e7os da mais tradicional biblioteca de Ribeir\u00e3o Preto. O roteiro apresenta ambientes, acontecimentos e personagens ligados a Theolina Junqueira, antiga propriet\u00e1ria da casa que se tornou um importante patrim\u00f4nio hist\u00f3rico e cultural da cidade.<br \/>LOCAL Biblioteca Sinh\u00e1 Junqueira\n<p><strong>14h30<br \/><\/strong><\/li>\n<li><strong>Apresenta\u00e7\u00e3o musical \u2022 Bateria da Escola de Samba Os Embaixadores<\/strong><br \/>A bateria da Escola de Samba Os Embaixadores leva \u00e0 Feira do Livro a energia do carnaval, com uma apresenta\u00e7\u00e3o marcada pela for\u00e7a da percuss\u00e3o e pelos ritmos que embalam os desfiles das escolas de samba.<br \/>LOCAL Pra\u00e7a XV de Novembro \u2013 Estande Prefeitura Municipal de Ribeir\u00e3o Preto<\/li>\n<li><strong>Sarau \u2022 Casa do Poeta e do Escritor de Ribeir\u00e3o Preto (CPERP)<\/strong><br \/>Poetas, escritores e amantes da literatura se re\u00fanem em um encontro dedicado \u00e0 palavra falada e \u00e0 cria\u00e7\u00e3o liter\u00e1ria. No sarau, o p\u00fablico pode ouvir, declamar e compartilhar poemas e textos, celebrando a diversidade de vozes e o poder da literatura como forma de express\u00e3o e encontro.<br \/>LOCAL Centro Cultural Palace \u2013 Audit\u00f3rio Pedro Paulo\n<p><strong>15h<\/strong><\/li>\n<li><mark class=\"has-inline-color\"><strong>Palestra \u2022 Sess\u00e3o Abayomi: Rir, resistir e ocupar espa\u00e7os \u2013 humor, negritude e cria\u00e7\u00e3o art\u00edstica no Brasil<br \/>COM H\u00c9LIO DE LA PE\u00d1A<\/strong><\/mark><br \/>MEDIA\u00c7\u00c3O DE HELEN CRISTINA CAETANO<br \/>Humor, literatura e negritude s\u00e3o os pontos de partida para uma conversa sobre cria\u00e7\u00e3o art\u00edstica, representatividade e ocupa\u00e7\u00e3o de espa\u00e7os na cultura brasileira. O ator, roteirista e escritor H\u00e9lio de La Pe\u00f1a compartilha experi\u00eancias de sua carreira e reflete sobre o papel do humor como linguagem de cr\u00edtica, resist\u00eancia e transforma\u00e7\u00e3o social.<br \/><mark class=\"has-inline-color\"><strong>LOCAL Theatro Pedro II \u2013 Audit\u00f3rio Meira Junior<\/strong><\/mark><\/li>\n<li><strong>Clube de leitura \u2022 Encontro da TAG Ribeir\u00e3o<\/strong><br \/>O tradicional grupo de leitura da TAG Ribeir\u00e3o re\u00fane leitores para conversar sobre as obras do clube, trocar impress\u00f5es e compartilhar experi\u00eancias, mostrando como a leitura coletiva amplia interpreta\u00e7\u00f5es e fortalece a comunidade de leitores.<br \/>LOCAL Biblioteca Sinh\u00e1 Junqueira \u2013 Casar\u00e3o<\/li>\n<li><strong>Sarau \u2022 Final Conex\u00e3o Slamo16 \u2013 Gera\u00e7\u00e3o Poema<\/strong><br \/>Os finalistas do Conex\u00e3o Slam 016 se encontram em uma celebra\u00e7\u00e3o da poesia falada, reunindo jovens autores da regi\u00e3o em apresenta\u00e7\u00f5es marcadas por criatividade, ritmo e express\u00e3o.<br \/>LOCAL Esplanada Theatro Pedro II \u2013 Ambient de Leitura<\/li>\n<li><strong>Interven\u00e7\u00e3o \u2022 Cabe\u00e7as de livro<\/strong><br \/>COM GRUPO GIRALUA TEATRO<br \/>LOCAL Esplanada Theatro Pedro II<\/li>\n<li><strong>Bate-papo \u2022 Entender o mundo para transform\u00e1-lo<\/strong><br \/>COM JULIANO MEDEIROS<br \/>MEDIA\u00c7\u00c3O DE GALENO AMORIM<br \/>O cientista pol\u00edtico, historiador e escritor Juliano Medeiros aborda os desafios da vida coletiva e os caminhos para a renova\u00e7\u00e3o das pr\u00e1ticas pol\u00edticas e sociais. O encontro discute ideias, participa\u00e7\u00e3o cidad\u00e3 e formas de construir futuros poss\u00edveis a partir da compreens\u00e3o do presente.<br \/>LOCAL Biblioteca Sinh\u00e1 Junqueira \u2013 Audit\u00f3rio<\/li>\n<li><strong>Oficina \u2022 Bonecas Abayomi e Dandara<\/strong><br \/>COM MARIA HELENA RAMOS DE OLIVEIRA (INSTITUTO PLURAL)<br \/>Atividade cultural e educativa que ensina o passo a passo de produ\u00e7\u00e3o da boneca que \u00e9 s\u00edmbolo de afeto, resist\u00eancia e ancestralidade afro-brasileira. Feitas somente com amarra\u00e7\u00f5es, as pe\u00e7as dispensam o uso de costuras e podem ser confeccionadas por pessoas de todas as idades.<br \/>LOCAL Pra\u00e7a XV de Novembro \u2013 Usina do Saber<\/li>\n<li><strong>Interven\u00e7\u00e3o \u2022 Dr. C\u00e3o Paix\u00e3o<\/strong><br \/>Os adestradores da ONG conversam com o p\u00fablico sobre o trabalho realizado por c\u00e3es terapeutas que auxiliam na intera\u00e7\u00e3o social e coordena\u00e7\u00e3o motora de pessoas com defici\u00eancia.<br \/>LOCAL Pra\u00e7a XV de Novembro \u2013 Usina do Saber\n<p><strong><br \/>15h30<\/strong><\/li>\n<li><strong>Bate-papo \u2022 Lixo Zero e oficina de sab\u00e3o ecol\u00f3gico<\/strong><br \/>A atividade aborda pr\u00e1ticas sustent\u00e1veis no cotidiano, abordando alternativas para a redu\u00e7\u00e3o de res\u00edduos e o reaproveitamento de materiais. Al\u00e9m do bate-papo sobre consumo consciente, os participantes acompanham uma oficina pr\u00e1tica de produ\u00e7\u00e3o de sab\u00e3o ecol\u00f3gico. Atividade realizada pela Secretaria de Meio Ambiente, Agricultura e Sustentabilidade.<br \/>LOCAL Pra\u00e7a XV de Novembro \u2013 Estande Prefeitura Municipal de Ribeir\u00e3o Preto<\/li>\n<li><mark class=\"has-inline-color\">Bate-papo \u2022 Literatura fant\u00e1stica<br \/>COM SOCORRO ACIOLI E FELIPE CASTILHO<\/mark><br \/>MEDIA\u00c7\u00c3O DE MELISSA VELUDO<br \/>Entre mitos, lendas e universos inventados, os autores refletem sobre o poder das hist\u00f3rias de transportar leitores para al\u00e9m da realidade, ao mesmo tempo em que revelam aspectos profundos da experi\u00eancia humana. O encontro percorre refer\u00eancias, processos criativos e o papel da literatura fant\u00e1stica na forma\u00e7\u00e3o de leitores. Socorro Acioli \u00e9 escritora e uma das principais vozes da literatura brasileira contempor\u00e2nea. Vencedora do Pr\u00eamio Jabuti em 2013 com Ela tem olhos de c\u00e9u, \u00e9 tamb\u00e9m autora de A cabe\u00e7a do santo, romance finalista do Los Angeles Times Book Prize e traduzido para diversos idiomas, entre outros livros.<br \/><mark class=\"has-inline-color\">LOCAL Esplanada Theatro Pedro II \u2013 Tenda Sesc Senac<\/mark>\n<p><strong>16h<\/strong><\/li>\n<li><strong>Clube de leitura \u2022 S\u00e1t\u00e1ntang\u00f3, de L\u00e1szl\u00f3 Krasznahorkai<\/strong><br \/>A Sala de Leitura Frida K promove um encontro dedicado \u00e0 leitura e debate de S\u00e1t\u00e1ntang\u00f3, romance do escritor h\u00fangaro L\u00e1szl\u00f3 Krasznahorkai, reconhecido internacionalmente por sua escrita singular e vencedor do Pr\u00eamio Internacional Booker. A obra, considerada um dos grandes cl\u00e1ssicos da literatura contempor\u00e2nea, conduz os leitores por uma narrativa marcada por quest\u00f5es existenciais, transforma\u00e7\u00f5es sociais e pela complexidade da experi\u00eancia humana.<br \/>LOCAL Biblioteca Sinh\u00e1 Junqueira \u2013 Casar\u00e3o<\/li>\n<li><strong>Bate-papo \u2022 Como suas escolhas te acompanham no futuro<\/strong><br \/>COM FUNDA\u00c7\u00c3O LOGOS\u00d3FICA DE RIBEIR\u00c3O PRETO<br \/>A roda de conversa aborda como as escolhas do presente influenciam os caminhos do futuro. Inspirado no lan\u00e7amento da 23\u00aa edi\u00e7\u00e3o do livro Bases para sua Conduta, o encontro trata de temas como autoconhecimiento, prop\u00f3sito, amizade, confian\u00e7a, felicidade e constru\u00e7\u00e3o de valores, incentivando decis\u00f5es mais conscientes ao longo da vida.<br \/>LOCAL Centro Cultural Palace \u2013 Audit\u00f3rio Pedro Paulo<\/li>\n<li><strong>Clube do Livro FIL \u2022 Uma delicada cole\u00e7\u00e3o de aus\u00eancias, de Aline Bei<\/strong><br \/>COM MARIA LOPES<br \/>O encontro propicia uma conversa sobre Uma delicada cole\u00e7\u00e3o de aus\u00eancias, de Aline Bei, uma das principais vozes da literatura brasileira contempor\u00e2nea. Reconhecida por sua escrita po\u00e9tica e pela experimenta\u00e7\u00e3o da linguagem, a autora constr\u00f3i narrativas marcadas pela delicadeza, pela mem\u00f3ria e pelas rela\u00e7\u00f5es humanas.<br \/>LOCAL Pra\u00e7a XV de novembro \u2013 Estande da Funda\u00e7\u00e3o do Livro e Leitura\n<p><strong>17h<\/strong><\/li>\n<li><mark class=\"has-inline-color\">Bate-papo \u2022 Esp\u00edrito da intimidade<br \/>COM SEMAYAT OLIVEIRA E KWAME YONATAN<\/mark><br \/>MEDIA\u00c7\u00c3O DE SIMONE OLIVEIRA<br \/>Bate-papo sobre a obra da fil\u00f3sofa africana Sobonfu Som\u00e9, que compartilha saberes ancestrais do povo Dagara, da \u00c1frica Ocidental, relacionando os v\u00ednculos humanos ao esp\u00edrito, \u00e0 natureza e \u00e0 ancestralidade. Semayat Oliveira \u00e9 jornalista, escritora e cofundadora do coletivo N\u00f3s, Mulheres da Periferia. Kwame Yonatan \u00e9 psic\u00f3logo, psicanalista e pesquisador das rela\u00e7\u00f5es entre subjetividade e di\u00e1spora.<br \/><mark class=\"has-inline-color\">LOCAL Esplanada Theatro Pedro II \u2013 Tenda Sesc Senac<\/mark><\/li>\n<li><strong>Lan\u00e7amento de livro e bate-papo \u2022 Quem conta a nossa hist\u00f3ria? 10 anos do projeto Era uma vez\u2026 Brasil<\/strong><br \/>Estudantes autores e ex-participantes do projeto Era uma vez\u2026 Brasil compartilham experi\u00eancias de uma iniciativa de arte-educa\u00e7\u00e3o que, h\u00e1 10 anos, revisita a hist\u00f3ria do pa\u00eds a partir de diferentes perspectivas. Em sua edi\u00e7\u00e3o de 2026, dedicada \u00e0 participa\u00e7\u00e3o ind\u00edgena e afro-brasileira na forma\u00e7\u00e3o do Brasil, o projeto convida \u00e0 reflex\u00e3o sobre mem\u00f3ria, pertencimento e protagonismo juvenil. Entre hist\u00f3rias em quadrinhos, pesquisa e cria\u00e7\u00e3o art\u00edstica, o encontro prop\u00f5e discutir quem conta a hist\u00f3ria do Brasil e quais vozes foram historicamente silenciadas.<br \/>LOCAL Biblioteca Sinh\u00e1 Junqueira \u2013 Quintal<\/li>\n<li><strong>Bate-papo \u2022 Autores da Casa: gera\u00e7\u00f5es da ancestralidade \u2013 literatura, ra\u00e7a e mem\u00f3ria<\/strong><br \/>COM ALINE ROSA SOUZA, FERNANDO ALVES, KAZA DY PRETAS E D\u2019SANTOS<br \/>A mesa re\u00fane autores para uma conversa sobre a literatura como espa\u00e7o de preserva\u00e7\u00e3o da mem\u00f3ria, valoriza\u00e7\u00e3o das identidades e reconhecimento das heran\u00e7as culturais. O encontro aborda o papel da escrita na constru\u00e7\u00e3o de pertencimentos, no enfrentamento das desigualdades raciais e na amplia\u00e7\u00e3o de vozes historicamente invisibilizadas.<br \/>LOCAL Biblioteca Sinh\u00e1 Junqueira \u2013 Audit\u00f3rio<\/li>\n<li><strong>Lan\u00e7amento de livro \u2022 Ribeir\u00e3o Preto: 170 anos de hist\u00f3ria<\/strong><br \/>COM GILBERTO ROSA SIQUEIRA<br \/>O encontro revisita os 170 anos de Ribeir\u00e3o Preto, com destaque para marcos hist\u00f3ricos, transforma\u00e7\u00f5es urbanas e aspectos culturais que contribu\u00edram para a forma\u00e7\u00e3o da identidade da cidade.<br \/>LOCAL Theatro Pedro II \u2013 Caf\u00e9 do Audit\u00f3rio Meira Junior\n<p><strong>17h30<\/strong><\/li>\n<li><strong>Bate-papo \u2022 A mam\u00e3e est\u00e1 com c\u00e2ncer. E agora?<\/strong><br \/>COM FLAVIANA MANTOVANI NETO, FL\u00c1VIA PEDROSA DUTRA MALHEIROS E MARIANA ESTEVES<br \/>Um encontro sobre os impactos do diagn\u00f3stico de c\u00e2ncer na din\u00e2mica familiar, especialmente na rela\u00e7\u00e3o entre m\u00e3es e filhos. As convidadas discutem formas de acolhimento, comunica\u00e7\u00e3o e cuidado durante o tratamento, oferecendo um espa\u00e7o de di\u00e1logo sobre os desafios emocionais vividos pelas fam\u00edlias nesse contexto.<br \/>LOCAL Centro Cultural Palace \u2013 Audit\u00f3rio Pedro Paulo\n<p><strong>18h30<\/strong><\/li>\n<li><strong>Conta\u00e7\u00e3o de hist\u00f3ria \u2022 Projeto Quem Conta um Conto<\/strong><br \/>Realizada pela equipe da Funda\u00e7\u00e3o Instituto do Livro de Ribeir\u00e3o Preto, a atividade apresenta o universo da narrativa oral, com est\u00edmulo \u00e0 imagina\u00e7\u00e3o, \u00e0 escuta e ao encantamento pelas hist\u00f3rias.<br \/>LOCAL Pra\u00e7a XV de Novembro \u2013 Estande Prefeitura Municipal de Ribeir\u00e3o Preto\n<p><strong><br \/>19h<\/strong><\/li>\n<li><strong>Show \u2022 Pirou na Batatinha<\/strong><br \/>COM A BANDA PEQUENO CIDAD\u00c3O E CIA DE TEATRO PIA FRAUS<br \/>A banda Pequeno Cidad\u00e3o, com seu rock para crian\u00e7as bagunceiras e adultos animados, se junta \u00e0 companhia de teatro Pia Fraus e seus bonecos encantados para apresentar um espet\u00e1culo in\u00e9dito. Baleias voadoras, dinossauros fofoqueiros, borboletas psicod\u00e9licas, submarinos com o dilema de largar a chupeta, um av\u00f4 e uma av\u00f3 gigantes pr\u00e1 l\u00e1 de prafrentex e muito mais.<br \/>LOCAL Theatro Pedro II \u2013 Sala Principal<\/li>\n<li><strong>Apresenta\u00e7\u00e3o musical \u2022 Conjunto Musical Ed Lemos<\/strong><br \/>Multi-instrumentista com trajet\u00f3ria iniciada na inf\u00e2ncia em Ribeir\u00e3o Preto, Ed Lemos construiu uma carreira dedicada \u00e0 m\u00fasica, com atua\u00e7\u00e3o como acordeonista, violinista, regente e educador. Nesta apresenta\u00e7\u00e3o, o Conjunto Musical Ed Lemos re\u00fane repert\u00f3rios que refletem a diversidade de sua forma\u00e7\u00e3o e trajet\u00f3ria art\u00edstica.<br \/>LOCAL Centro Cultural Palace \u2013 Audit\u00f3rio Pedro Paulo<\/li>\n<\/ul>\n<figure class=\"wp-block-gallery has-nested-images columns-default is-cropped wp-block-gallery-1 is-layout-flex wp-block-gallery-is-layout-flex\">\n<figure class=\"wp-block-image size-large\"><img data-recalc-dims=\"1\" loading=\"lazy\" decoding=\"async\" width=\"800\" height=\"430\" data-id=\"173665\" src=\"https:\/\/i0.wp.com\/www.acidadeon.com\/ribeiraopreto\/wp-content\/uploads\/sites\/3\/2026\/09\/Joao-Batista.jpeg?resize=800%2C430&#038;ssl=1\" alt=\"Feira do Livro\" class=\"wp-image-173665\" title=\"\u00daltimo dia da Feira do Livro conta com o ator, roteirista e escritor H\u00e9lio de La Pe\u00f1a; Confira a programa\u00e7\u00e3o 2\"><figcaption class=\"wp-element-caption\">Cineasta Jo\u00e3o Batista \u2013 Foto: reprodu\u00e7\u00e3o<\/figcaption><\/figure>\n<figure class=\"wp-block-image size-large\"><img data-recalc-dims=\"1\" loading=\"lazy\" decoding=\"async\" width=\"945\" height=\"601\" data-id=\"173667\" src=\"https:\/\/i0.wp.com\/www.acidadeon.com\/ribeiraopreto\/wp-content\/uploads\/sites\/3\/2026\/09\/Socorro-Acioli.jpeg?resize=945%2C601&#038;ssl=1\" alt=\"Feira do Livro\" class=\"wp-image-173667\" title=\"\u00daltimo dia da Feira do Livro conta com o ator, roteirista e escritor H\u00e9lio de La Pe\u00f1a; Confira a programa\u00e7\u00e3o 3\"><figcaption class=\"wp-element-caption\">Escritora e jornalista Socorro Acioli \u2013 Foto: Julia Mataruna<\/figcaption><\/figure>\n<figure class=\"wp-block-image size-large\"><img data-recalc-dims=\"1\" loading=\"lazy\" decoding=\"async\" width=\"1024\" height=\"576\" data-id=\"173666\" src=\"https:\/\/i0.wp.com\/www.acidadeon.com\/ribeiraopreto\/wp-content\/uploads\/sites\/3\/2026\/09\/Semayat-Oliveira-1024x576.jpeg?resize=1024%2C576&#038;ssl=1\" alt=\"Feira do Livro\" class=\"wp-image-173666\" title=\"\u00daltimo dia da Feira do Livro conta com o ator, roteirista e escritor H\u00e9lio de La Pe\u00f1a; Confira a programa\u00e7\u00e3o 4\"><figcaption class=\"wp-element-caption\">Jornalista Semayat Oliveira \u2013 Foto: P\u00e9tala Lopes<\/figcaption><\/figure>\n<figure class=\"wp-block-image size-large\"><img data-recalc-dims=\"1\" loading=\"lazy\" decoding=\"async\" width=\"1024\" height=\"576\" data-id=\"173662\" src=\"https:\/\/i0.wp.com\/www.acidadeon.com\/ribeiraopreto\/wp-content\/uploads\/sites\/3\/2026\/09\/Ator-roteirista-e-escritor-Helio-de-La-Pena-1024x576.jpeg?resize=1024%2C576&#038;ssl=1\" alt=\"Ator, roteirista e escritor H\u00e9lio de La Pe\u00f1a participa da Feira do Livro - Foto: Ana Quintella\/Divulga\u00e7\u00e3o\" class=\"wp-image-173662\" title=\"\u00daltimo dia da Feira do Livro conta com o ator, roteirista e escritor H\u00e9lio de La Pe\u00f1a; Confira a programa\u00e7\u00e3o 5\"><figcaption class=\"wp-element-caption\">Ator, roteirista e escritor H\u00e9lio de La Pe\u00f1a participa da Feira do Livro \u2013 Foto: Ana Quintella\/Divulga\u00e7\u00e3o<\/figcaption><\/figure>\n<\/figure>\n<h2 class=\"wp-block-heading\" id=\"programacao-permanente\"><strong>Programa\u00e7\u00e3o Permanente<\/strong><\/h2>\n<p><strong>(Das 8h \u00e0s 20h, exceto onde indicado o contr\u00e1rio)<\/strong><\/p>\n<p>R\u00e1dio Unaerp (Todos os dias, das 9h \u00e0s 20h): Estudantes de jornalismo realizam cobertura ao vivo com entrevistas, not\u00edcias e reportagens especiais dispon\u00edveis no Facebook, YouTube e site da Unaerp. (Local: Pra\u00e7a XV de Novembro)\u00a0<\/p>\n<p>Exposi\u00e7\u00e3o Educativa Preven\u00e7\u00e3o: escorpi\u00f5es, roedores, morcegos e dengue: Promovida pela Secretaria da Sa\u00fade para orientar o p\u00fablico sobre cuidados e medidas de preven\u00e7\u00e3o no ambiente urbano. (Local: Pra\u00e7a XV de Novembro \u2013 Estande Prefeitura Municipal de Ribeir\u00e3o Preto)\u00a0<\/p>\n<p>Usina do Saber: Ambiente de aprendizado assinado pela Usina Alta Mogiana, com oficinas voltadas a diferentes p\u00fablicos e faixas et\u00e1rias. (Local: Pra\u00e7a XV de Novembro)\u00a0<\/p>\n<p>Exposi\u00e7\u00e3o Palavras que florescem: mem\u00f3rias de afetos e resist\u00eancias (Por ONG Arco-\u00cdris, todos os dias das 9h \u00e0s 18h): Instala\u00e7\u00e3o sensorial com cartazes po\u00e9ticos, fotografias e cores sobre mem\u00f3rias, afetos e resist\u00eancias da comunidade LGBTQIAPN+. (Local: Biblioteca Sinh\u00e1 Junqueira \u2013 Quintal)\u00a0<\/p>\n<p>Exposi\u00e7\u00e3o Asteroide B-612 onde mora o essencial (Por ALARP, todos os dias das 9h \u00e0s 20h): Mostra inspirada em O Pequeno Pr\u00edncipe, explorando sentimentos e v\u00ednculos por meio de linguagem autoral. (Local: Centro Cultural Palace)\u00a0<\/p>\n<p>Painel Interativo: O que \u00e9 inclus\u00e3o para voc\u00ea?: Promovido pela Secretaria da Cidadania, Pessoa com Defici\u00eancia e Inclus\u00e3o Social, convidando o p\u00fablico a fixar post-its em um mural coletivo. (Local: Pra\u00e7a XV de Novembro \u2013 Estande Prefeitura Municipal de Ribeir\u00e3o Preto)\u00a0<\/p>\n<p>Bibliocasa: Espa\u00e7o de doa\u00e7\u00e3o de livros (exceto t\u00e9cnicas, did\u00e1ticas, apostilas e enciclop\u00e9dias) em parceria com a Necta G\u00e1s Natural. (Local: Pra\u00e7a XV de Novembro)\u00a0<\/p>\n<p>Laborat\u00f3rio de Ideias: Espa\u00e7o assinado pela Necta G\u00e1s Natural onde as Dras. Bio e Gia recebem visitantes para experi\u00eancias voltadas \u00e0 sustentabilidade e literatura. (Local: Pra\u00e7a XV de Novembro | Aberto todos os dias das 8h \u00e0s 20h, com hor\u00e1rios espec\u00edficos de segunda a sexta para agendamento escolar)\u00a0<\/p>\n<p>\u00d4nibus Livro Vivo: \u00d4nibus itinerante com acervo de mais de mil t\u00edtulos e atividades culturais para crian\u00e7as. (Local: Pra\u00e7a XV de Novembro)\u00a0<\/p>\n<p>Espa\u00e7o Mude um H\u00e1bito: Ambiente de troca de livros, descanso e leitura assinado pela Unimed Ribeir\u00e3o Preto. (Local: Pra\u00e7a XV de Novembro)\u00a0<\/p>\n<p>Atividades de racioc\u00ednio (Jogos interativos: xadrez e damas): Promovido pela Secretaria de Esportes para incentivar o racioc\u00ednio l\u00f3gico e a conviv\u00eancia. (Local: Pra\u00e7a XV de Novembro \u2013 Estande Prefeitura Municipal de Ribeir\u00e3o Preto)\u00a0<\/p>\n<p>Espa\u00e7o Autores da Casa: Estande de lan\u00e7amentos, sess\u00f5es de aut\u00f3grafos e circula\u00e7\u00e3o de escritores independentes, com comercializa\u00e7\u00e3o em parceria com a livraria A Degustadora de Hist\u00f3rias. (Local: Pra\u00e7a XV de Novembro)\u00a0<\/p>\n<p>Espa\u00e7o Autores Locais (Ribeir\u00e3o em Letras): Ponto de encontro tradicional para autores de Ribeir\u00e3o Preto com apoio de entidades liter\u00e1rias locais (CPERP, UEI, Casa do Poeta, Ordem dos Trovadores e ALARP). (Local: Centro Cultural Palace)\u00a0<\/p>\n<p>Estande da Prefeitura de Ribeir\u00e3o Preto: Espa\u00e7o dedicado \u00e0 valoriza\u00e7\u00e3o da cultura local com programa\u00e7\u00e3o di\u00e1ria de apresenta\u00e7\u00f5es art\u00edsticas. (Local: Pra\u00e7a XV de Novembro)\u00a0<\/p>\n<p>Espa\u00e7o Oficinas Sesc Senac: Oficinas variadas para todas as idades (necess\u00e1ria retirada de senha 30 minutos antes). (Local: Pra\u00e7a XV de Novembro)\u00a0<\/p>\n<p>Ambient de Leitura: Espa\u00e7o da GS Inima Ambient com conta\u00e7\u00f5es de hist\u00f3rias, apresenta\u00e7\u00f5es circenses e shows musicais. (Local: Pra\u00e7a XV de Novembro)\u00a0<\/p>\n<p>Espa\u00e7o Favela: Organizado pela CUFA-RP no Coreto, reunindo exposi\u00e7\u00f5es, debates, rodas de conversa e apresenta\u00e7\u00f5es da cultura perif\u00e9rica. (Local: Pra\u00e7a XV de Novembro)\u00a0<\/p>\n<p>Tenda Sesc Senac: Espa\u00e7o em frente ao Theatro Pedro II com lan\u00e7amentos, conta\u00e7\u00f5es de hist\u00f3ria, bate-papos, debates, apresenta\u00e7\u00f5es musicais e livraria das Edi\u00e7\u00f5es Sesc (com tradu\u00e7\u00e3o em Libras e distribui\u00e7\u00e3o de abafadores). (Local: Pra\u00e7a XV de Novembro)\u00a0<\/p>\n<p>Instala\u00e7\u00e3o M\u00e1quina do Tempo: Uma viagem pela FIL: Percurso interativo pela hist\u00f3ria dos 25 anos da feira (segunda a sexta com hor\u00e1rios espec\u00edficos para agendamento escolar). (Local: Pra\u00e7a XV de Novembro)\u00a0<\/p>\n<p>Oficina IA na pr\u00e1tica: crie personagens de obras liter\u00e1rias com intelig\u00eancia artificial (Com Funtec, dias 30 de agosto e 5 de setembro \u00e0s 18h): Atividade pr\u00e1tica de cria\u00e7\u00e3o de imagens digitais via celular. (Local: Pra\u00e7a XV de Novembro \u2013 Estande Prefeitura Municipal)\u00a0<\/p>\n<p>Feira Coisa Boa (Dias 30 de agosto e 5 de setembro, das 10h \u00e0s 20h): Ocupa\u00e7\u00e3o dedicada \u00e0 economia criativa, produ\u00e7\u00e3o independente e oficinas. (Local: Pra\u00e7a XV de Novembro)<\/p>\n<h2 class=\"wp-block-heading\"><strong>Retirada de senhas<\/strong><\/h2>\n<p>Para participar das atividades no Theatro Pedro II \u00e9 necess\u00e1rio retirar a senha de acesso com\u00a0<mark><\/mark><mark>uma hora de anteced\u00eancia<\/mark>. A distribui\u00e7\u00e3o das senhas ocorre na\u00a0<mark><\/mark><mark>Central de Informa\u00e7\u00f5es da FIL, localizada na Esplanada do Theatro Pedro II<\/mark>.<\/p>\n<p>Para o\u00a0<mark>Espa\u00e7o de Oficinas Sesc Senac<\/mark>, \u00e9 necess\u00e1rio\u00a0<mark>retirar as senhas 30 minutos antes de cada atividade no pr\u00f3prio espa\u00e7o<\/mark>. Nos\u00a0<mark>demais locais<\/mark>, a entrada ser\u00e1 por\u00a0<mark>ordem de chegada<\/mark>, respeitando a capacidade de cada espa\u00e7o. A programa\u00e7\u00e3o completa de todos os dias e agendamento escolar est\u00e3o no site oficial da\u00a0<a href=\"https:\/\/www.fundacaodolivroeleiturarp.com\/\" target=\"_blank\" rel=\"noreferrer noopener\">Funda\u00e7\u00e3o do Livro e Leitura de Ribeir\u00e3o Preto<\/a>.<\/p>\n<h2 class=\"wp-block-heading\" id=\"servico\"><strong>Servi\u00e7o<\/strong><\/h2>\n<p><strong>25\u00aa Feira Internacional do Livro de Ribeir\u00e3o Preto<\/strong><\/p>\n<p><strong>Onde:\u00a0<\/strong>Esplanada do Theatro Pedro II, Pra\u00e7a XV de Novembro e diversos pontos culturais de Ribeir\u00e3o Preto (SP).<br \/><strong>Quando:\u00a0<\/strong>At\u00e9 5 de setembro (este s\u00e1bado).<br \/><strong>Quanto:\u00a0<\/strong>Entrada gratuita em toda a programa\u00e7\u00e3o.<br \/><strong>Informa\u00e7\u00f5es:\u00a0<\/strong>Para participar das atividades no Theatro Pedro II \u00e9 necess\u00e1rio retirar a senha de acesso com uma hora de anteced\u00eancia. A distribui\u00e7\u00e3o das senhas ocorre na Central de Informa\u00e7\u00f5es da FIL, localizada na Esplanada do Theatro Pedro II. Para o Espa\u00e7o de Oficinas Sesc Senac, \u00e9 necess\u00e1rio retirar as senhas 30 minutos antes de cada atividade no pr\u00f3prio espa\u00e7o. Nos demais locais, a entrada ser\u00e1 por ordem de chegada, respeitando a capacidade de cada espa\u00e7o. Programa\u00e7\u00e3o completa e agendamento escolar no\u00a0<a href=\"https:\/\/www.fundacaodolivroeleiturarp.com\/\" target=\"_blank\" rel=\"noreferrer noopener\">site oficial da Funda\u00e7\u00e3o do Livro e Leitura de Ribeir\u00e3o Preto<\/a>.<\/p>\n<p class=\"has-very-light-gray-to-cyan-bluish-gray-gradient-background has-background\"><em>Fa\u00e7a uma den\u00fancia ou sugira uma reportagem sobre\u00a0<strong>Ribeir\u00e3o Preto\u00a0<\/strong>e regi\u00e3o por meio do WhatsApp do\u00a0<strong>acidade on Ribeir\u00e3o<\/strong>: (16) 99117-7802.<\/em><\/p>\n<p>O post \u00daltimo dia da Feira do Livro conta com o ator, roteirista e escritor H\u00e9lio de La Pe\u00f1a; Confira a programa\u00e7\u00e3o apareceu primeiro em ACidade ON Ribeir\u00e3o Preto.<\/p>\n<p><br \/>\n<br \/><a href=\"https:\/\/www.acidadeon.com\/ribeiraopreto\/lazer-e-cultura\/ultimo-dia-da-feira-do-livro-conta-com-o-ator-roteirista-e-escritor-helio-de-la-pena-confira-a-programacao\/\">Link para o texto original aqui <\/a><\/p>\n<!-- CONTENT END 1 -->\n","protected":false},"excerpt":{"rendered":"<p>O \u00faltimo dia da 25\u00aa FIL (Feira Internacional do Livro de Ribeir\u00e3o Preto) acontece neste s\u00e1bado (5) e conta com o ator, roteirista e escritor&#8230;<\/p>\n","protected":false},"author":1,"featured_media":91134,"comment_status":"","ping_status":"","sticky":false,"template":"","format":"standard","meta":{"advanced_seo_description":"","jetpack_seo_html_title":"","jetpack_seo_noindex":false,"jetpack_seo_schema_type":"","_jetpack_newsletter_access":"","_jetpack_dont_email_post_to_subs":false,"_jetpack_newsletter_tier_id":0,"_jetpack_memberships_contains_paywalled_content":false,"_jetpack_feature_clip_id":0,"_jetpack_memberships_contains_paid_content":false,"footnotes":"","jetpack_publicize_message":"","jetpack_publicize_feature_enabled":true,"jetpack_social_post_already_shared":true,"jetpack_social_options":{"image_generator_settings":{"template":"highway","default_image_id":0,"font":"","enabled":false},"version":2},"jetpack_post_was_ever_published":false},"categories":[11],"tags":[8946,269,476,142,5502,202,8947,508,5137,70,26,5503,1977],"class_list":["post-91133","post","type-post","status-publish","format-standard","has-post-thumbnail","hentry","category-noticias-de-ribeirao-preto-sp-e-regiao-ismael-colosi","tag-ator","tag-confira","tag-conta","tag-dia","tag-escritor","tag-feira","tag-helio","tag-livro","tag-pena","tag-programacao","tag-ribeirao","tag-roteirista","tag-ultimo"],"jetpack_publicize_connections":[],"jetpack-related-posts":[{"id":55461,"url":"https:\/\/noticiasribeiraopreto.com.br\/index.php\/2024\/08\/02\/veja-a-programacao-desta-sexta-feira-na-feira-do-livro-de-ribeirao-preto\/","url_meta":{"origin":91133,"position":0},"title":"Veja a programa\u00e7\u00e3o desta sexta-feira na Feira do Livro de Ribeir\u00e3o Preto","author":"noticiasribeiraopreto.com.br","date":"2 de August de 2024","format":false,"excerpt":"Esta sexta-feira (2), \u00e9 o segundo dia da\u00a023\u00aa Feira Internacional do Livro de Ribeir\u00e3o Preto, que segue at\u00e9 o dia 11 de agosto. A programa\u00e7\u00e3o oferece mais de\u00a0400 atividades gratuitas\u00a0no Centro de Ribeir\u00e3o Preto. \u00a0 O tema central da Feira este ano \u00e9: \u201cCotidianos po\u00e9ticos: Do \u00e9pico de Cam\u00f5es \u00e0s\u2026","rel":"","context":"In &quot;Not\u00edcias de Ribeir\u00e3o Preto-SP e Regi\u00e3o&quot;","block_context":{"text":"Not\u00edcias de Ribeir\u00e3o Preto-SP e Regi\u00e3o","link":"https:\/\/noticiasribeiraopreto.com.br\/index.php\/category\/noticias-de-ribeirao-preto-sp-e-regiao-ismael-colosi\/"},"img":{"alt_text":"","src":"https:\/\/i0.wp.com\/noticiasribeiraopreto.com.br\/wp-content\/uploads\/2024\/08\/sesc-na-FIL_2024-08-01_14-36-39_jpeg_2024-08-01_14-36-39.webp.webp?fit=1200%2C800&ssl=1&resize=350%2C200","width":350,"height":200,"srcset":"https:\/\/i0.wp.com\/noticiasribeiraopreto.com.br\/wp-content\/uploads\/2024\/08\/sesc-na-FIL_2024-08-01_14-36-39_jpeg_2024-08-01_14-36-39.webp.webp?fit=1200%2C800&ssl=1&resize=350%2C200 1x, https:\/\/i0.wp.com\/noticiasribeiraopreto.com.br\/wp-content\/uploads\/2024\/08\/sesc-na-FIL_2024-08-01_14-36-39_jpeg_2024-08-01_14-36-39.webp.webp?fit=1200%2C800&ssl=1&resize=525%2C300 1.5x, https:\/\/i0.wp.com\/noticiasribeiraopreto.com.br\/wp-content\/uploads\/2024\/08\/sesc-na-FIL_2024-08-01_14-36-39_jpeg_2024-08-01_14-36-39.webp.webp?fit=1200%2C800&ssl=1&resize=700%2C400 2x, https:\/\/i0.wp.com\/noticiasribeiraopreto.com.br\/wp-content\/uploads\/2024\/08\/sesc-na-FIL_2024-08-01_14-36-39_jpeg_2024-08-01_14-36-39.webp.webp?fit=1200%2C800&ssl=1&resize=1050%2C600 3x"},"classes":[]},{"id":55685,"url":"https:\/\/noticiasribeiraopreto.com.br\/index.php\/2024\/08\/05\/gregorio-duvivier-e-atracao-na-feira-do-livro-de-ribeirao-nesta-segunda-feira\/","url_meta":{"origin":91133,"position":1},"title":"Gregorio Duvivier \u00e9 atra\u00e7\u00e3o na Feira do Livro de Ribeir\u00e3o nesta segunda-feira","author":"noticiasribeiraopreto.com.br","date":"5 de August de 2024","format":false,"excerpt":"A 23\u00aa Feira Internacional do Livro de Ribeir\u00e3o Preto chega ao quinto dia nesta segunda-feira (5) e Gregorio Duvivier marca presen\u00e7a na programa\u00e7\u00e3o. O ator, apresentador, humorista, escritor, roteirista e poeta brasileiro abre um bate-papo sobre cotidianos po\u00e9ticos, obras e poesias. Duvivier ficou conhecido por seu trabalho no cinema e\u2026","rel":"","context":"In &quot;Not\u00edcias de Ribeir\u00e3o Preto-SP e Regi\u00e3o&quot;","block_context":{"text":"Not\u00edcias de Ribeir\u00e3o Preto-SP e Regi\u00e3o","link":"https:\/\/noticiasribeiraopreto.com.br\/index.php\/category\/noticias-de-ribeirao-preto-sp-e-regiao-ismael-colosi\/"},"img":{"alt_text":"","src":"https:\/\/i0.wp.com\/noticiasribeiraopreto.com.br\/wp-content\/uploads\/2024\/08\/Copia-de-Copia-de-TAMANHO-EXATO-PARA-FOTOS-NO-SISTEMA-NOVO-30_2024-08-05_14-20-15_jpg_2024-08-05_14-20-15.webp.webp?fit=1200%2C675&ssl=1&resize=350%2C200","width":350,"height":200,"srcset":"https:\/\/i0.wp.com\/noticiasribeiraopreto.com.br\/wp-content\/uploads\/2024\/08\/Copia-de-Copia-de-TAMANHO-EXATO-PARA-FOTOS-NO-SISTEMA-NOVO-30_2024-08-05_14-20-15_jpg_2024-08-05_14-20-15.webp.webp?fit=1200%2C675&ssl=1&resize=350%2C200 1x, https:\/\/i0.wp.com\/noticiasribeiraopreto.com.br\/wp-content\/uploads\/2024\/08\/Copia-de-Copia-de-TAMANHO-EXATO-PARA-FOTOS-NO-SISTEMA-NOVO-30_2024-08-05_14-20-15_jpg_2024-08-05_14-20-15.webp.webp?fit=1200%2C675&ssl=1&resize=525%2C300 1.5x, https:\/\/i0.wp.com\/noticiasribeiraopreto.com.br\/wp-content\/uploads\/2024\/08\/Copia-de-Copia-de-TAMANHO-EXATO-PARA-FOTOS-NO-SISTEMA-NOVO-30_2024-08-05_14-20-15_jpg_2024-08-05_14-20-15.webp.webp?fit=1200%2C675&ssl=1&resize=700%2C400 2x, https:\/\/i0.wp.com\/noticiasribeiraopreto.com.br\/wp-content\/uploads\/2024\/08\/Copia-de-Copia-de-TAMANHO-EXATO-PARA-FOTOS-NO-SISTEMA-NOVO-30_2024-08-05_14-20-15_jpg_2024-08-05_14-20-15.webp.webp?fit=1200%2C675&ssl=1&resize=1050%2C600 3x"},"classes":[]},{"id":59771,"url":"https:\/\/noticiasribeiraopreto.com.br\/index.php\/2024\/10\/29\/ribeirao-preto-sera-cenario-para-gravacao-de-filme-sobre-o-mercado-musical-sertanejo\/","url_meta":{"origin":91133,"position":2},"title":"Ribeir\u00e3o Preto ser\u00e1 cen\u00e1rio para grava\u00e7\u00e3o de filme sobre o mercado musical sertanejo","author":"noticiasribeiraopreto.com.br","date":"29 de October de 2024","format":false,"excerpt":"Ribeir\u00e3o Preto servir\u00e1 de cen\u00e1rio para a grava\u00e7\u00e3o do filme \u201cCora\u00e7\u00e3o Sertanejo\u201d. As filmagens come\u00e7am em novembro e a estreia nos cinemas est\u00e1 prevista para julho de 2025. Nesta ter\u00e7a-feira (29), o prefeito Duarte Nogueira (PSDB) recebeu, no Sal\u00e3o Nobre do Centro Administrativo, os produtores Tuinho Schwartz, Tato Siansi e\u2026","rel":"","context":"In &quot;Not\u00edcias de Ribeir\u00e3o Preto-SP e Regi\u00e3o&quot;","block_context":{"text":"Not\u00edcias de Ribeir\u00e3o Preto-SP e Regi\u00e3o","link":"https:\/\/noticiasribeiraopreto.com.br\/index.php\/category\/noticias-de-ribeirao-preto-sp-e-regiao-ismael-colosi\/"},"img":{"alt_text":"","src":"https:\/\/i0.wp.com\/noticiasribeiraopreto.com.br\/wp-content\/uploads\/2024\/10\/705ea7e4-e3c6-44aa-8c86-ae912b7f4c94_2024-10-29_22-31-45_jpeg_2024-10-29_22-31-45.webp.webp?fit=672%2C447&ssl=1&resize=350%2C200","width":350,"height":200,"srcset":"https:\/\/i0.wp.com\/noticiasribeiraopreto.com.br\/wp-content\/uploads\/2024\/10\/705ea7e4-e3c6-44aa-8c86-ae912b7f4c94_2024-10-29_22-31-45_jpeg_2024-10-29_22-31-45.webp.webp?fit=672%2C447&ssl=1&resize=350%2C200 1x, https:\/\/i0.wp.com\/noticiasribeiraopreto.com.br\/wp-content\/uploads\/2024\/10\/705ea7e4-e3c6-44aa-8c86-ae912b7f4c94_2024-10-29_22-31-45_jpeg_2024-10-29_22-31-45.webp.webp?fit=672%2C447&ssl=1&resize=525%2C300 1.5x"},"classes":[]},{"id":75779,"url":"https:\/\/noticiasribeiraopreto.com.br\/index.php\/2025\/08\/15\/feira-do-livro-comeca-hoje\/","url_meta":{"origin":91133,"position":3},"title":"Feira do Livro come\u00e7a hoje\u00a0","author":"noticiasribeiraopreto.com.br","date":"15 de August de 2025","format":false,"excerpt":"Evento acontece de 15 a 24 de agosto com mais de 500 atividades gratuitas em 25 locais em Ribeir\u00e3o Preto. A abertura oficial da 24\u00aa Feira Internacional do Livro de Ribeir\u00e3o Preto (FIL) ser\u00e1 nesta sexta-feira, 15 de agosto, a partir das 19h30, na sala principal do Theatro Pedro II.\u2026","rel":"","context":"In &quot;Not\u00edcias de Ribeir\u00e3o Preto-SP e Regi\u00e3o&quot;","block_context":{"text":"Not\u00edcias de Ribeir\u00e3o Preto-SP e Regi\u00e3o","link":"https:\/\/noticiasribeiraopreto.com.br\/index.php\/category\/noticias-de-ribeirao-preto-sp-e-regiao-ismael-colosi\/"},"img":{"alt_text":"","src":"https:\/\/i0.wp.com\/noticiasribeiraopreto.com.br\/wp-content\/uploads\/2025\/08\/FeiraFIl-Loy-Divulga-scaled.jpeg?fit=1170%2C780&ssl=1&resize=350%2C200","width":350,"height":200,"srcset":"https:\/\/i0.wp.com\/noticiasribeiraopreto.com.br\/wp-content\/uploads\/2025\/08\/FeiraFIl-Loy-Divulga-scaled.jpeg?fit=1170%2C780&ssl=1&resize=350%2C200 1x, https:\/\/i0.wp.com\/noticiasribeiraopreto.com.br\/wp-content\/uploads\/2025\/08\/FeiraFIl-Loy-Divulga-scaled.jpeg?fit=1170%2C780&ssl=1&resize=525%2C300 1.5x, https:\/\/i0.wp.com\/noticiasribeiraopreto.com.br\/wp-content\/uploads\/2025\/08\/FeiraFIl-Loy-Divulga-scaled.jpeg?fit=1170%2C780&ssl=1&resize=700%2C400 2x, https:\/\/i0.wp.com\/noticiasribeiraopreto.com.br\/wp-content\/uploads\/2025\/08\/FeiraFIl-Loy-Divulga-scaled.jpeg?fit=1170%2C780&ssl=1&resize=1050%2C600 3x"},"classes":[]},{"id":89373,"url":"https:\/\/noticiasribeiraopreto.com.br\/index.php\/2026\/08\/04\/programacao-da-feira-internacional-do-livro-de-ribeirao-preto-tem-data-marcada-para-ser-apresentada-veja-quando\/","url_meta":{"origin":91133,"position":4},"title":"Programa\u00e7\u00e3o da Feira Internacional do Livro de Ribeir\u00e3o Preto tem data marcada para ser apresentada; Veja quando","author":"noticiasribeiraopreto.com.br","date":"4 de August de 2026","format":false,"excerpt":"A Funda\u00e7\u00e3o do Livro e Leitura de Ribeir\u00e3o Preto apresenta a programa\u00e7\u00e3o oficial da 25\u00aa edi\u00e7\u00e3o da FIL (Feira Internacional do Livro), que tem como tema central \u201cX, Y, Z, Alpha, Beta \u2013 Gera\u00e7\u00f5es Liter\u00e1rias\u201d. O evento acontece nesta sexta-feira (7), \u00e0s 9h, no Stream Hot\u00e9is e re\u00fane imprensa, patrocinadores,\u2026","rel":"","context":"In &quot;Not\u00edcias de Ribeir\u00e3o Preto-SP e Regi\u00e3o&quot;","block_context":{"text":"Not\u00edcias de Ribeir\u00e3o Preto-SP e Regi\u00e3o","link":"https:\/\/noticiasribeiraopreto.com.br\/index.php\/category\/noticias-de-ribeirao-preto-sp-e-regiao-ismael-colosi\/"},"img":{"alt_text":"","src":"https:\/\/i0.wp.com\/noticiasribeiraopreto.com.br\/wp-content\/uploads\/2026\/08\/Lancamento-Oficial-da-Programacao-acontece-07-de-agosto-de-2026-sexta-feira-as-9h.jpeg?fit=960%2C461&ssl=1&resize=350%2C200","width":350,"height":200,"srcset":"https:\/\/i0.wp.com\/noticiasribeiraopreto.com.br\/wp-content\/uploads\/2026\/08\/Lancamento-Oficial-da-Programacao-acontece-07-de-agosto-de-2026-sexta-feira-as-9h.jpeg?fit=960%2C461&ssl=1&resize=350%2C200 1x, https:\/\/i0.wp.com\/noticiasribeiraopreto.com.br\/wp-content\/uploads\/2026\/08\/Lancamento-Oficial-da-Programacao-acontece-07-de-agosto-de-2026-sexta-feira-as-9h.jpeg?fit=960%2C461&ssl=1&resize=525%2C300 1.5x, https:\/\/i0.wp.com\/noticiasribeiraopreto.com.br\/wp-content\/uploads\/2026\/08\/Lancamento-Oficial-da-Programacao-acontece-07-de-agosto-de-2026-sexta-feira-as-9h.jpeg?fit=960%2C461&ssl=1&resize=700%2C400 2x"},"classes":[]},{"id":54274,"url":"https:\/\/noticiasribeiraopreto.com.br\/index.php\/2024\/07\/05\/confira-a-programacao-da-feira-internacional-do-livro-de-ribeirao-preto-2024\/","url_meta":{"origin":91133,"position":5},"title":"Confira a programa\u00e7\u00e3o da Feira Internacional do Livro de Ribeir\u00e3o Preto 2024","author":"noticiasribeiraopreto.com.br","date":"5 de July de 2024","format":false,"excerpt":"A 23\u00aa edi\u00e7\u00e3o da FIL (Feira Internacional do Livro de Ribeir\u00e3o Preto) come\u00e7a no pr\u00f3ximo dia 1\u00ba de agosto. O tema central deste ano \u00e9: \u201cCotidianos po\u00e9ticos: Do \u00e9pico de Cam\u00f5es \u00e0s batalhas de rua\u201d. A programa\u00e7\u00e3o completa da feira foi divulgada nesta sexta-feira (5). Nesta edi\u00e7\u00e3o, cinco autores s\u00e3o\u2026","rel":"","context":"In &quot;Not\u00edcias de Ribeir\u00e3o Preto-SP e Regi\u00e3o&quot;","block_context":{"text":"Not\u00edcias de Ribeir\u00e3o Preto-SP e Regi\u00e3o","link":"https:\/\/noticiasribeiraopreto.com.br\/index.php\/category\/noticias-de-ribeirao-preto-sp-e-regiao-ismael-colosi\/"},"img":{"alt_text":"","src":"https:\/\/i0.wp.com\/noticiasribeiraopreto.com.br\/wp-content\/uploads\/2024\/07\/WhatsApp-Image-2024-07-05-at-11.23.19_2024-07-05_15-02-58_jpeg_2024-07-05_15-02-58.webp.webp?fit=1200%2C675&ssl=1&resize=350%2C200","width":350,"height":200,"srcset":"https:\/\/i0.wp.com\/noticiasribeiraopreto.com.br\/wp-content\/uploads\/2024\/07\/WhatsApp-Image-2024-07-05-at-11.23.19_2024-07-05_15-02-58_jpeg_2024-07-05_15-02-58.webp.webp?fit=1200%2C675&ssl=1&resize=350%2C200 1x, https:\/\/i0.wp.com\/noticiasribeiraopreto.com.br\/wp-content\/uploads\/2024\/07\/WhatsApp-Image-2024-07-05-at-11.23.19_2024-07-05_15-02-58_jpeg_2024-07-05_15-02-58.webp.webp?fit=1200%2C675&ssl=1&resize=525%2C300 1.5x, https:\/\/i0.wp.com\/noticiasribeiraopreto.com.br\/wp-content\/uploads\/2024\/07\/WhatsApp-Image-2024-07-05-at-11.23.19_2024-07-05_15-02-58_jpeg_2024-07-05_15-02-58.webp.webp?fit=1200%2C675&ssl=1&resize=700%2C400 2x, https:\/\/i0.wp.com\/noticiasribeiraopreto.com.br\/wp-content\/uploads\/2024\/07\/WhatsApp-Image-2024-07-05-at-11.23.19_2024-07-05_15-02-58_jpeg_2024-07-05_15-02-58.webp.webp?fit=1200%2C675&ssl=1&resize=1050%2C600 3x"},"classes":[]}],"jetpack_sharing_enabled":true,"jetpack_shortlink":"https:\/\/wp.me\/peQAOb-nHT","jetpack_featured_media_url":"https:\/\/i0.wp.com\/noticiasribeiraopreto.com.br\/wp-content\/uploads\/2026\/09\/Ator-roteirista-e-escritor-Helio-de-La-Pena.jpeg?fit=1600%2C900&ssl=1","_links":{"self":[{"href":"https:\/\/noticiasribeiraopreto.com.br\/index.php\/wp-json\/wp\/v2\/posts\/91133","targetHints":{"allow":["GET"]}}],"collection":[{"href":"https:\/\/noticiasribeiraopreto.com.br\/index.php\/wp-json\/wp\/v2\/posts"}],"about":[{"href":"https:\/\/noticiasribeiraopreto.com.br\/index.php\/wp-json\/wp\/v2\/types\/post"}],"author":[{"embeddable":true,"href":"https:\/\/noticiasribeiraopreto.com.br\/index.php\/wp-json\/wp\/v2\/users\/1"}],"replies":[{"embeddable":true,"href":"https:\/\/noticiasribeiraopreto.com.br\/index.php\/wp-json\/wp\/v2\/comments?post=91133"}],"version-history":[{"count":0,"href":"https:\/\/noticiasribeiraopreto.com.br\/index.php\/wp-json\/wp\/v2\/posts\/91133\/revisions"}],"wp:featuredmedia":[{"embeddable":true,"href":"https:\/\/noticiasribeiraopreto.com.br\/index.php\/wp-json\/wp\/v2\/media\/91134"}],"wp:attachment":[{"href":"https:\/\/noticiasribeiraopreto.com.br\/index.php\/wp-json\/wp\/v2\/media?parent=91133"}],"wp:term":[{"taxonomy":"category","embeddable":true,"href":"https:\/\/noticiasribeiraopreto.com.br\/index.php\/wp-json\/wp\/v2\/categories?post=91133"},{"taxonomy":"post_tag","embeddable":true,"href":"https:\/\/noticiasribeiraopreto.com.br\/index.php\/wp-json\/wp\/v2\/tags?post=91133"}],"curies":[{"name":"wp","href":"https:\/\/api.w.org\/{rel}","templated":true}]}}