{"id":91136,"date":"2026-09-05T08:03:10","date_gmt":"2026-09-05T11:03:10","guid":{"rendered":"https:\/\/noticiasribeiraopreto.com.br\/index.php\/2026\/09\/05\/ultimo-dia-da-fil-celebra-25-anos-com-helio-de-la-pena-andre-vianco-e-joao-batista-de-andrade\/"},"modified":"2026-09-05T08:03:10","modified_gmt":"2026-09-05T11:03:10","slug":"ultimo-dia-da-fil-celebra-25-anos-com-helio-de-la-pena-andre-vianco-e-joao-batista-de-andrade","status":"publish","type":"post","link":"https:\/\/noticiasribeiraopreto.com.br\/index.php\/2026\/09\/05\/ultimo-dia-da-fil-celebra-25-anos-com-helio-de-la-pena-andre-vianco-e-joao-batista-de-andrade\/","title":{"rendered":"\u00daltimo dia da FIL celebra 25 anos com H\u00e9lio de La Pe\u00f1a, Andr\u00e9 Vianco e Jo\u00e3o Batista de Andrade"},"content":{"rendered":"<div class='code-block code-block-1' style='margin: 8px 0 8px auto; text-align: right; display: block; clear: both;'>\n<p><a href=\"https:\/\/wa.link\/vpicfd\"><img data-recalc-dims=\"1\" class=\"wp-image-4922\" style=\"aspect-ratio: 2.0253164556962027; width: 561px; height: auto;\" src=\"https:\/\/i0.wp.com\/ismaelcolosi.com.br\/wp-content\/uploads\/2023\/11\/grupo-de-empregos-whatsapp-e-facebook-ismael-colosi-vagas.jpg?ssl=1\" alt=\"\" \/><\/a><\/p>\n<!-- \/wp:image -->\n<\/div>\n<p> <br \/>\n<\/p>\n<div>\n<p class=\"x_ql-align-justify\" data-olk-copy-source=\"MessageBody\">A 25\u00aa FIL \u2013 Feira Internacional do Livro de Ribeir\u00e3o Preto chega ao \u00faltimo dia neste s\u00e1bado (05)<strong>, com programa\u00e7\u00e3o que convida o p\u00fablico a ocupar a regi\u00e3o central desde a manh\u00e3. Literatura, cinema, poesia falada, m\u00fasica, cultura popular, atividades infantis e encontros com escritores se distribuem pela Pra\u00e7a XV de Novembro, Theatro Pedro II, Biblioteca Sinh\u00e1 Junqueira, Centro Cultural Palace, MARP e Esplanada do Theatro Pedro II.<\/strong><\/p>\n<p class=\"x_ql-align-justify\">Depois de uma semana dedicada ao tema \u201cX, Y, Z, Alpha, Beta \u2013 Gera\u00e7\u00f5es Liter\u00e1rias\u201d,<strong> o s\u00e1bado encerra uma edi\u00e7\u00e3o que colocou em circula\u00e7\u00e3o repert\u00f3rios, hist\u00f3rias e formas de cria\u00e7\u00e3o associadas a v\u00e1rias gera\u00e7\u00f5es.<\/strong> A pr\u00f3pria curadoria partiu da ideia de que uma feira contempor\u00e2nea deve criar aproxima\u00e7\u00f5es entre leitores habituais e aqueles que chegam \u00e0 literatura por outros caminhos \u2014 da conta\u00e7\u00e3o de hist\u00f3rias \u00e0s redes sociais, da oralidade ao audiovisual.<\/p>\n<p class=\"x_ql-align-justify\">Para Adriana Silva, presidente da Funda\u00e7\u00e3o do Livro e Leitura de Ribeir\u00e3o Preto e curadora da FIL, <strong>o anivers\u00e1rio de 25 edi\u00e7\u00f5es tamb\u00e9m permite observar a presen\u00e7a do p\u00fablico como parte dessa trajet\u00f3ria.<\/strong> \u201cA 25\u00aa FIL est\u00e1 sendo uma celebra\u00e7\u00e3o muito viva porque as gera\u00e7\u00f5es n\u00e3o ficaram apenas no tema; elas estiveram aqui, ocupando os espa\u00e7os, trazendo suas hist\u00f3rias e seus repert\u00f3rios\u201d, afirma.<\/p>\n<p class=\"x_ql-align-justify\"><strong>Segundo a curadora, essa conviv\u00eancia entre p\u00fablicos tem sido uma das marcas da edi\u00e7\u00e3o comemorativa<\/strong>. \u201cA gente viu crian\u00e7as, jovens, fam\u00edlias, leitores que acompanham a feira h\u00e1 muitos anos e pessoas chegando pela primeira vez. Tamb\u00e9m recebemos p\u00fablico da regi\u00e3o metropolitana e visitantes de outras cidades que j\u00e1 incluem a FIL em sua agenda cultural.\u201d<\/p>\n<p class=\"x_ql-align-justify\">Adriana destaca ainda que a<strong> trajet\u00f3ria da feira foi constru\u00edda de forma compartilhada<\/strong>. \u201cIsso mostra que esses 25 anos n\u00e3o pertencem somente \u00e0 institui\u00e7\u00e3o que realiza a feira. Eles foram constru\u00eddos com o p\u00fablico. E queremos que esse encontro continue at\u00e9 a \u00faltima atividade de s\u00e1bado.\u201d<\/p>\n<p class=\"x_ql-align-justify\">A percep\u00e7\u00e3o da curadora aponta que a <strong>feira liter\u00e1ria cria oportunidades para que pessoas com experi\u00eancias e modos de leitura distintos possam compartilhar o mesmo espa\u00e7o.<\/strong> \u201cA literatura continua sendo um dos poucos lugares onde diferentes gera\u00e7\u00f5es conseguem compartilhar uma mesma narrativa sem precisar abrir m\u00e3o de suas pr\u00f3prias experi\u00eancias\u201d, comenta.<\/p>\n<h2 class=\"x_ql-align-justify\">Manh\u00e3 come\u00e7a com hist\u00f3rias, m\u00fasica e atividades para fam\u00edlias<\/h2>\n<p class=\"x_ql-align-justify\"><strong>\u00c0s 10h, a programa\u00e7\u00e3o se espalha por v\u00e1rios espa\u00e7os<\/strong>. No MARP \u2013 Museu de Arte de Ribeir\u00e3o Preto, Mariana Guimar\u00e3es realiza o lan\u00e7amento de Fio escrita cont\u00ednua e a a\u00e7\u00e3o art\u00edstica \u201cUmbigo\u201d, a partir de sua pesquisa sobre o fio, pr\u00e1ticas associadas ao feminino e processos coletivos de cria\u00e7\u00e3o.<\/p>\n<p class=\"x_ql-align-justify\"><strong>Na Tenda Sesc Senac, a atriz e contadora de hist\u00f3rias Ana Lu\u00edsa Lacombe apresenta \u201cE se fosse uma garota?\u201d, revisitando contos tradicionais a partir de protagonistas femininas.<\/strong> No Centro Cultural Palace, o projeto Libras na Arte, de Jaboticabal, apresenta \u201cEm\u00edlia vai \u00e0 escola\u201d, combinando m\u00fasica, teatro e L\u00edngua Brasileira de Sinais em uma narrativa sobre inclus\u00e3o.<\/p>\n<p class=\"x_ql-align-justify\">\u00c0s <strong>10h30, a Banda Sinf\u00f4nica do Guri e a Orquestra de Cordas do Guri se apresentam no Ambient de Leitura, com jovens m\u00fasicos de 12 a 18 anos sob reg\u00eancia de Jos\u00e9 Matsumoto e Victor Cabral.<\/strong> A Esplanada recebe ainda a interven\u00e7\u00e3o \u201cCabe\u00e7as de livro\u201d, do Grupo Giralua Teatro, que mistura poemas, can\u00e7\u00f5es, narrativas e jogos de palavras.<\/p>\n<p class=\"x_ql-align-justify\">\u00c0s <strong>11h, o Quintal da Biblioteca Sinh\u00e1 Junqueira recebe o Caf\u00e9 com Choro da Casa.<\/strong> No audit\u00f3rio da biblioteca, no mesmo hor\u00e1rio, o Autores da Casa promove o bate-papo \u201cGera\u00e7\u00f5es p\u00f3s-humanas \u2013 literatura, tecnologia e cria\u00e7\u00e3o\u201d, com Regina Baptista, Gisele Amorim Zwicker, Matheus Viana Machado, Aron Hussid Ferreira e Marlene Marques, em uma conversa sobre intelig\u00eancia artificial, cultura digital e produ\u00e7\u00e3o liter\u00e1ria.<\/p>\n<p class=\"x_ql-align-justify\">\u00c0s<strong> 12h, o poeta e educador Renan Inqu\u00e9rito conduz o sarau \u201cParada po\u00e9tica\u201d<\/strong>, na Tenda Sesc Senac, reunindo rap, poesia e oralidade. Na Pra\u00e7a XV, o Mosaico dos Bambas leva a percuss\u00e3o e as tradi\u00e7\u00f5es do samba ao Espa\u00e7o Favela, da CUFA.<\/p>\n<h2 class=\"x_ql-align-justify\">Cinema, poesia e cultura popular movimentam a tarde<\/h2>\n<p class=\"x_ql-align-justify\">\u00c0s <strong>13h30, a Folia de Reis Irm\u00e3o Adolfo se apresenta no estande da Prefeitura Municipal de Ribeir\u00e3o Preto,<\/strong> na Pra\u00e7a XV de Novembro, uma a\u00e7\u00e3o da Secretaria Municipal da Cultura e Turismo.<\/p>\n<p class=\"x_ql-align-justify\">\u00c0s<strong> 14h, o cineasta e escritor Jo\u00e3o Batista de Andrade participa do bate-papo \u201cCinema brasileiro\u201d, com media\u00e7\u00e3o de Fernando Kaxassa, na Tenda Sesc Senac, na Esplanada do Theatro Pedro II<\/strong>. O encontro percorre sua trajet\u00f3ria no audiovisual e debate cria\u00e7\u00e3o, pol\u00edticas culturais e os caminhos do cinema nacional.<\/p>\n<p class=\"x_ql-align-justify\">No mesmo hor\u00e1rio, o Ambient de Leitura recebe o lan\u00e7amento de Sim, eu sou um Poeta Marginal: Antologia Po\u00e9tica do Slam016, com poemas dos 14 finalistas da primeira edi\u00e7\u00e3o do Slam016, realizada durante a 23\u00aa FIL. <strong>A publica\u00e7\u00e3o transforma em livro parte da produ\u00e7\u00e3o surgida nas batalhas de poesia falada da regi\u00e3o.<\/strong><\/p>\n<p class=\"x_ql-align-justify\">\u00c0s 15h, H\u00e9lio de La Pe\u00f1a participa da Sess\u00e3o Abayomi \u2013 \u201cRir, resistir e ocupar espa\u00e7os: humor, negritude e cria\u00e7\u00e3o art\u00edstica no Brasil\u201d, no Audit\u00f3rio Meira Junior do Theatro Pedro II, com media\u00e7\u00e3o de Helen Cristina Caetano. Ator, roteirista e escritor, ele aborda <strong>humor, representatividade, negritude e ocupa\u00e7\u00e3o de espa\u00e7os na cultura brasileira a partir de sua trajet\u00f3ria art\u00edstica.<\/strong><\/p>\n<p class=\"x_ql-align-justify\">Tamb\u00e9m \u00e0s<strong> 15h, o Ambient de Leitura recebe a final Conex\u00e3o Slam016 \u2013 Gera\u00e7\u00e3o Poema, reunindo jovens poetas da regi\u00e3o em apresenta\u00e7\u00f5es de poesia falada<\/strong>. Na Biblioteca Sinh\u00e1 Junqueira, leitores participam ainda do encontro da TAG Ribeir\u00e3o.<\/p>\n<p class=\"x_ql-align-justify\">\u00c0<strong>s 15h30, a Tenda Sesc Senac recebe Andr\u00e9 Vianco e Felipe Castilho, com media\u00e7\u00e3o de Melissa Veludo, para o bate-papo \u201cLiteratura fant\u00e1stica<\/strong>\u201d. Escritor, roteirista, dramaturgo e diretor, Andr\u00e9 \u00e9 um dos principais nomes da fic\u00e7\u00e3o fant\u00e1stica brasileira. Autor de 24 livros e com mais de 1 milh\u00e3o de exemplares vendidos, ganhou proje\u00e7\u00e3o com Os Sete, sua saga de vampiros publicada em 2000. \u00c0 frente da Hardcover, atua na forma\u00e7\u00e3o de novos escritores. Seu livro mais recente \u00e9 Ao Meu Redor, lan\u00e7ado em 2025.<\/p>\n<h2 class=\"x_ql-align-justify\">\u00daltimas horas da FIL passam por mem\u00f3ria, ancestralidade e leitura<\/h2>\n<p class=\"x_ql-align-justify\">\u00c0s 16h, a Pra\u00e7a XV recebe o Clube do Livro FIL, com Maria Lopes, <strong>dedicado ao romance Uma delicada cole\u00e7\u00e3o de aus\u00eancias, de Aline Bei.<\/strong> Na Biblioteca Sinh\u00e1 Junqueira, a Sala de Leitura Frida K promove encontro sobre S\u00e1t\u00e1ntang\u00f3, de L\u00e1szl\u00f3 Krasznahorkai.<\/p>\n<p class=\"x_ql-align-justify\">\u00c0s <strong>17h, a Tenda Sesc Senac recebe Semayat Oliveira e Kwame Yonatan, com media\u00e7\u00e3o de Simone Oliveira, para o bate-papo \u201cEsp\u00edrito da intimidade\u201d<\/strong>, baseado na obra da fil\u00f3sofa africana Sobonfu Som\u00e9 e em saberes do povo Dagara.<\/p>\n<p class=\"x_ql-align-justify\">Na Biblioteca Sinh\u00e1 Junqueira, tamb\u00e9m \u00e0s 17h, estudantes, autores e ex-participantes do projeto Era Uma Vez\u2026 Brasil celebram dez anos da iniciativa no lan\u00e7amento e bate-papo \u201cQuem conta a nossa hist\u00f3ria?\u201d. O encontro aborda mem\u00f3ria, pertencimento, participa\u00e7\u00e3o ind\u00edgena e afro-brasileira na forma\u00e7\u00e3o do pa\u00eds e o protagonismo dos jovens na constru\u00e7\u00e3o de outras narrativas hist\u00f3ricas.<\/p>\n<p class=\"x_ql-align-justify\">No audit\u00f3rio da biblioteca, o Autores da Casa promove ainda \u201cGera\u00e7\u00f5es da ancestralidade \u2013 literatura, ra\u00e7a e mem\u00f3ria\u201d, com Aline Rosa Souza, Fernando Alves, Kazady e Pretas D\u2019Santos.<\/p>\n<h2 class=\"x_ql-align-justify\">M\u00fasica e teatro encerram a programa\u00e7\u00e3o<\/h2>\n<p class=\"x_ql-align-justify\">\u00c0s <strong>19h, o Centro Cultural Palace recebe o Conjunto Musical Ed Lemos. Na Sala Principal do Theatro Pedro II, a banda Pequeno Cidad\u00e3o e a Cia. de Teatro Pia Fraus apresentam \u201cPirou na Batatinha\u201d<\/strong>, espet\u00e1culo que re\u00fane m\u00fasica, teatro e bonecos em uma programa\u00e7\u00e3o voltada a crian\u00e7as e adultos.<\/p>\n<p class=\"x_ql-align-justify\">O espet\u00e1culo marca uma das \u00faltimas atividades da programa\u00e7\u00e3o da edi\u00e7\u00e3o comemorativa, encerrando uma semana em que literatura, educa\u00e7\u00e3o e outras linguagens culturais ocuparam o centro de Ribeir\u00e3o Preto e outros pontos da cidade.<\/p>\n<h2 class=\"x_ql-align-justify\">\u00daltimo dia tamb\u00e9m \u00e9 oportunidade para circular pelos livros<\/h2>\n<p class=\"x_ql-align-justify\">Para quem pretende aproveitar o s\u00e1bado para conhecer a FIL de forma mais concentrada, a Pra\u00e7a XV de Novembro funciona como ponto de partida. \u00c9 ali que est\u00e1 a Pra\u00e7a do Leitor, dedicada aos estandes comerciais de livrarias, editoras e distribuidores, al\u00e9m do Autores da Casa, Bibliocasa, Espa\u00e7o Mude um H\u00e1bito, \u00d4nibus Livro Vivo, Usina do Saber, Espa\u00e7o Favela, estande da FIL, estandes institucionais e da Prefeitura.<\/p>\n<p class=\"x_ql-align-justify\">Os<strong> estandes comerciais funcionam das 8h \u00e0s 20h e re\u00fanem literatura infantil, romances, quadrinhos, cl\u00e1ssicos, lan\u00e7amentos e edi\u00e7\u00f5es para colecionadores.<\/strong> Participam desta edi\u00e7\u00e3o A Degustadora de Hist\u00f3rias Livraria e Editora, Aquarela Livros, BBK Educacional, Busca Livros, Editora Escala, Editora Sesc Senac, Fanzine, Fio de Prosa, Ler &amp; Cultura, Livraria da Travessa \u2013 livraria oficial da FIL \u2013, Livrarias Boral\u00ea, Livro Muito Barato, Livro X, Loma Livraria, Maluco por Leitura, Maxibook Livraria, Paulinas Editora, Paulus, Promolivros, Talan Livros, Toque M\u00e1gico Livros, Y.A. Books e Zaga &amp; Cia.<\/p>\n<p class=\"x_ql-align-justify\">Tamb\u00e9m na Pra\u00e7a XV, <strong>o Autores da Casa re\u00fane obras de escritores independentes, lan\u00e7amentos, sess\u00f5es de aut\u00f3grafos e comercializa\u00e7\u00e3o de t\u00edtulos em parceria com A Degustadora de Hist\u00f3rias.<\/strong> O Mude um H\u00e1bito permite trocar um livro j\u00e1 lido por outro dispon\u00edvel no espa\u00e7o, enquanto o \u00d4nibus Livro Vivo mant\u00e9m um acervo de mais de mil t\u00edtulos. <strong>A Bibliocasa recebe doa\u00e7\u00f5es de livros em bom estado e integra as a\u00e7\u00f5es permanentes de circula\u00e7\u00e3o da leitura.<\/strong><\/p>\n<p class=\"x_ql-align-justify\">A proposta, para quem chega no \u00faltimo dia, \u00e9 combinar a passagem pelos estandes com as atividades realizadas na pr\u00f3pria Pra\u00e7a XV e seguir a p\u00e9 pelo circuito formado pela Esplanada, Theatro Pedro II, Centro Cultural Palace e Biblioteca Sinh\u00e1 Junqueira, concentrando boa parte da programa\u00e7\u00e3o e dos espa\u00e7os de leitura da FIL.<\/p>\n<p class=\"x_ql-align-justify\"><strong>Todas as atividades da 25\u00aa FIL s\u00e3o gratuitas<\/strong>. Nos espa\u00e7os abertos, o acesso \u00e9 livre; algumas atra\u00e7\u00f5es realizadas em ambientes fechados podem ter distribui\u00e7\u00e3o de senhas.<\/p>\n<h2 class=\"x_ql-align-justify\">Servi\u00e7o<\/h2>\n<p class=\"x_ql-align-justify\"><strong>25\u00aa FIL \u2013 Feira Internacional do Livro de Ribeir\u00e3o Preto<\/strong><\/p>\n<p class=\"x_ql-align-justify\"><strong>Per\u00edodo:<\/strong> de 30 de agosto a 5 de setembro de 2026<\/p>\n<p class=\"x_ql-align-justify\"><strong>Locais:<\/strong> mais de 20 locais, com destaque para Pra\u00e7a XV de Novembro, Esplanada e Theatro Pedro II, Biblioteca Sinh\u00e1 Junqueira, Centro Cultural Palace, Cineclube Cauim, Museu Casa da Mem\u00f3ria Italiana e Teatro do Sesi Ribeir\u00e3o Preto<\/p>\n<p class=\"x_ql-align-justify\"><strong>Entrada:<\/strong> gratuita<\/p>\n<\/div>\n<p><br \/>\n<br \/><a href=\"https:\/\/thmais.com.br\/cidades\/ribeirao-preto\/ultimo-dia-da-fil-celebra-25-anos-com-helio-de-la-pena-andre-vianco-e-joao-batista-de-andrade\/\">Link para o texto original aqui <\/a><\/p>\n<!-- CONTENT END 1 -->\n","protected":false},"excerpt":{"rendered":"<p>A 25\u00aa FIL \u2013 Feira Internacional do Livro de Ribeir\u00e3o Preto chega ao \u00faltimo dia neste s\u00e1bado (05), com programa\u00e7\u00e3o que convida o p\u00fablico a&#8230;<\/p>\n","protected":false},"author":1,"featured_media":91137,"comment_status":"","ping_status":"","sticky":false,"template":"","format":"standard","meta":{"advanced_seo_description":"","jetpack_seo_html_title":"","jetpack_seo_noindex":false,"jetpack_seo_schema_type":"","_jetpack_newsletter_access":"","_jetpack_dont_email_post_to_subs":false,"_jetpack_newsletter_tier_id":0,"_jetpack_memberships_contains_paywalled_content":false,"_jetpack_feature_clip_id":0,"_jetpack_memberships_contains_paid_content":false,"footnotes":"","jetpack_publicize_message":"","jetpack_publicize_feature_enabled":true,"jetpack_social_post_already_shared":true,"jetpack_social_options":{"image_generator_settings":{"template":"highway","default_image_id":0,"font":"","enabled":false},"version":2},"jetpack_post_was_ever_published":false},"categories":[11],"tags":[8693,1943,84,7477,1921,142,8247,8828,8947,1942,5137,70,6456,1977,8948],"class_list":["post-91136","post","type-post","status-publish","format-standard","has-post-thumbnail","hentry","category-noticias-de-ribeirao-preto-sp-e-regiao-ismael-colosi","tag-andrade","tag-andre","tag-anos","tag-batista","tag-celebra","tag-dia","tag-feira-do-livro","tag-fil","tag-helio","tag-joao","tag-pena","tag-programacao","tag-ribeirao-preto","tag-ultimo","tag-vianco"],"jetpack_publicize_connections":[],"jetpack-related-posts":[{"id":91040,"url":"https:\/\/noticiasribeiraopreto.com.br\/index.php\/2026\/09\/03\/grupo-galpao-literatura-internacional-e-debates-sobre-juventude-movimentam-a-fil-nesta-quinta-feira\/","url_meta":{"origin":91136,"position":0},"title":"Grupo Galp\u00e3o, literatura internacional e debates sobre juventude movimentam a FIL nesta quinta-feira","author":"noticiasribeiraopreto.com.br","date":"3 de September de 2026","format":false,"excerpt":"A programa\u00e7\u00e3o da 25\u00aa FIL \u2013 Feira Internacional do Livro de Ribeir\u00e3o Preto segue nesta quinta-feira (03) com atividades que percorrem diferentes temas e linguagens, do empreendedorismo e da forma\u00e7\u00e3o de leitores aos debates sobre sustentabilidade, viol\u00eancia, juventude e rela\u00e7\u00f5es entre gera\u00e7\u00f5es. Ao longo do dia, escritores, artistas, educadores e\u2026","rel":"","context":"In &quot;Not\u00edcias de Ribeir\u00e3o Preto-SP e Regi\u00e3o&quot;","block_context":{"text":"Not\u00edcias de Ribeir\u00e3o Preto-SP e Regi\u00e3o","link":"https:\/\/noticiasribeiraopreto.com.br\/index.php\/category\/noticias-de-ribeirao-preto-sp-e-regiao-ismael-colosi\/"},"img":{"alt_text":"","src":"https:\/\/i0.wp.com\/noticiasribeiraopreto.com.br\/wp-content\/uploads\/2026\/09\/WhatsApp-Image-2026-08-31-at-10.58.08-1.jpeg?fit=1200%2C900&ssl=1&resize=350%2C200","width":350,"height":200,"srcset":"https:\/\/i0.wp.com\/noticiasribeiraopreto.com.br\/wp-content\/uploads\/2026\/09\/WhatsApp-Image-2026-08-31-at-10.58.08-1.jpeg?fit=1200%2C900&ssl=1&resize=350%2C200 1x, https:\/\/i0.wp.com\/noticiasribeiraopreto.com.br\/wp-content\/uploads\/2026\/09\/WhatsApp-Image-2026-08-31-at-10.58.08-1.jpeg?fit=1200%2C900&ssl=1&resize=525%2C300 1.5x, https:\/\/i0.wp.com\/noticiasribeiraopreto.com.br\/wp-content\/uploads\/2026\/09\/WhatsApp-Image-2026-08-31-at-10.58.08-1.jpeg?fit=1200%2C900&ssl=1&resize=700%2C400 2x, https:\/\/i0.wp.com\/noticiasribeiraopreto.com.br\/wp-content\/uploads\/2026\/09\/WhatsApp-Image-2026-08-31-at-10.58.08-1.jpeg?fit=1200%2C900&ssl=1&resize=1050%2C600 3x"},"classes":[]},{"id":73604,"url":"https:\/\/noticiasribeiraopreto.com.br\/index.php\/2025\/07\/05\/feira-do-livro-de-ribeirao-preto-celebra-60-anos-de-carreira-de-ignacio-de-loyola-brandao\/","url_meta":{"origin":91136,"position":1},"title":"Feira do Livro de Ribeir\u00e3o Preto celebra 60 anos de carreira de Ign\u00e1cio de Loyola Brand\u00e3o","author":"noticiasribeiraopreto.com.br","date":"5 de July de 2025","format":false,"excerpt":"A programa\u00e7\u00e3o da 24\u00aa edi\u00e7\u00e3o da Feira Internacional do Livro (FIL) de Ribeir\u00e3o Preto, que acontece entre os dias 15 e 24 de agosto, ir\u00e1 homenagear a trajet\u00f3ria liter\u00e1ria de 60 anos de Ign\u00e1cio de Loyola Brand\u00e3o com exposi\u00e7\u00e3o, espet\u00e1culo teatral e palestra. Nascido em Araraquara, Loyola Brand\u00e3o \u00e9 autor\u2026","rel":"","context":"In &quot;Not\u00edcias de Ribeir\u00e3o Preto-SP e Regi\u00e3o&quot;","block_context":{"text":"Not\u00edcias de Ribeir\u00e3o Preto-SP e Regi\u00e3o","link":"https:\/\/noticiasribeiraopreto.com.br\/index.php\/category\/noticias-de-ribeirao-preto-sp-e-regiao-ismael-colosi\/"},"img":{"alt_text":"","src":"https:\/\/i0.wp.com\/noticiasribeiraopreto.com.br\/wp-content\/uploads\/2025\/07\/IgnacioDeLoyollaBrandao_2025-07-05_15-33-15.webp.webp?fit=1200%2C800&ssl=1&resize=350%2C200","width":350,"height":200,"srcset":"https:\/\/i0.wp.com\/noticiasribeiraopreto.com.br\/wp-content\/uploads\/2025\/07\/IgnacioDeLoyollaBrandao_2025-07-05_15-33-15.webp.webp?fit=1200%2C800&ssl=1&resize=350%2C200 1x, https:\/\/i0.wp.com\/noticiasribeiraopreto.com.br\/wp-content\/uploads\/2025\/07\/IgnacioDeLoyollaBrandao_2025-07-05_15-33-15.webp.webp?fit=1200%2C800&ssl=1&resize=525%2C300 1.5x, https:\/\/i0.wp.com\/noticiasribeiraopreto.com.br\/wp-content\/uploads\/2025\/07\/IgnacioDeLoyollaBrandao_2025-07-05_15-33-15.webp.webp?fit=1200%2C800&ssl=1&resize=700%2C400 2x, https:\/\/i0.wp.com\/noticiasribeiraopreto.com.br\/wp-content\/uploads\/2025\/07\/IgnacioDeLoyollaBrandao_2025-07-05_15-33-15.webp.webp?fit=1200%2C800&ssl=1&resize=1050%2C600 3x"},"classes":[]},{"id":91073,"url":"https:\/\/noticiasribeiraopreto.com.br\/index.php\/2026\/09\/04\/penultimo-dia-da-fil-tem-thalita-reboucas-e-sergio-vaz-entre-os-destaques-da-programacao\/","url_meta":{"origin":91136,"position":2},"title":"Pen\u00faltimo dia da FIL tem Thalita Rebou\u00e7as e S\u00e9rgio Vaz entre os destaques da programa\u00e7\u00e3o","author":"noticiasribeiraopreto.com.br","date":"4 de September de 2026","format":false,"excerpt":"Literatura, mem\u00f3ria, ancestralidade, m\u00fasica e forma\u00e7\u00e3o de leitores atravessam a programa\u00e7\u00e3o da 25\u00aa FIL \u2013 Feira Internacional do Livro de Ribeir\u00e3o Preto nesta sexta-feira (04). As atividades come\u00e7am pela manh\u00e3 e seguem at\u00e9 a noite em espa\u00e7os como o Theatro Pedro II, a Pra\u00e7a XV de Novembro, a Biblioteca Sinh\u00e1\u2026","rel":"","context":"In &quot;Not\u00edcias de Ribeir\u00e3o Preto-SP e Regi\u00e3o&quot;","block_context":{"text":"Not\u00edcias de Ribeir\u00e3o Preto-SP e Regi\u00e3o","link":"https:\/\/noticiasribeiraopreto.com.br\/index.php\/category\/noticias-de-ribeirao-preto-sp-e-regiao-ismael-colosi\/"},"img":{"alt_text":"","src":"https:\/\/i0.wp.com\/noticiasribeiraopreto.com.br\/wp-content\/uploads\/2026\/09\/1788518454_WhatsApp-Image-2026-09-02-at-06.41.26.jpeg?fit=1200%2C900&ssl=1&resize=350%2C200","width":350,"height":200,"srcset":"https:\/\/i0.wp.com\/noticiasribeiraopreto.com.br\/wp-content\/uploads\/2026\/09\/1788518454_WhatsApp-Image-2026-09-02-at-06.41.26.jpeg?fit=1200%2C900&ssl=1&resize=350%2C200 1x, https:\/\/i0.wp.com\/noticiasribeiraopreto.com.br\/wp-content\/uploads\/2026\/09\/1788518454_WhatsApp-Image-2026-09-02-at-06.41.26.jpeg?fit=1200%2C900&ssl=1&resize=525%2C300 1.5x, https:\/\/i0.wp.com\/noticiasribeiraopreto.com.br\/wp-content\/uploads\/2026\/09\/1788518454_WhatsApp-Image-2026-09-02-at-06.41.26.jpeg?fit=1200%2C900&ssl=1&resize=700%2C400 2x, https:\/\/i0.wp.com\/noticiasribeiraopreto.com.br\/wp-content\/uploads\/2026\/09\/1788518454_WhatsApp-Image-2026-09-02-at-06.41.26.jpeg?fit=1200%2C900&ssl=1&resize=1050%2C600 3x"},"classes":[]},{"id":75875,"url":"https:\/\/noticiasribeiraopreto.com.br\/index.php\/2025\/08\/17\/show-palestra-e-bate-papo-veja-os-destaques-da-feira-do-livro-de-ribeirao-preto-neste-domingo\/","url_meta":{"origin":91136,"position":3},"title":"Show, palestra e bate-papo: veja os destaques da Feira do Livro de Ribeir\u00e3o Preto neste domingo","author":"noticiasribeiraopreto.com.br","date":"17 de August de 2025","format":false,"excerpt":"O terceiro dia de atividades da\u00a024\u00aa Feira Internacional do Livro de Ribeir\u00e3o Preto acontece neste\u00a0domingo (16), com programa\u00e7\u00f5es a partir das\u00a09h,\u00a0totalmente gratuita, no\u00a0Centro\u00a0de\u00a0Ribeir\u00e3o Preto. A FIL segue at\u00e9 o dia 24 de agosto \u2013\u00a0clique aqui e veja a programa\u00e7\u00e3o completa. O tema da feira deste ano \u00e9 \u201cFuturos Poss\u00edveis: entre\u2026","rel":"","context":"In &quot;Not\u00edcias de Ribeir\u00e3o Preto-SP e Regi\u00e3o&quot;","block_context":{"text":"Not\u00edcias de Ribeir\u00e3o Preto-SP e Regi\u00e3o","link":"https:\/\/noticiasribeiraopreto.com.br\/index.php\/category\/noticias-de-ribeirao-preto-sp-e-regiao-ismael-colosi\/"},"img":{"alt_text":"","src":"https:\/\/i0.wp.com\/noticiasribeiraopreto.com.br\/wp-content\/uploads\/2025\/08\/escoteiros-1_2025-08-16_18-52-15.webp.webp?fit=1200%2C675&ssl=1&resize=350%2C200","width":350,"height":200,"srcset":"https:\/\/i0.wp.com\/noticiasribeiraopreto.com.br\/wp-content\/uploads\/2025\/08\/escoteiros-1_2025-08-16_18-52-15.webp.webp?fit=1200%2C675&ssl=1&resize=350%2C200 1x, https:\/\/i0.wp.com\/noticiasribeiraopreto.com.br\/wp-content\/uploads\/2025\/08\/escoteiros-1_2025-08-16_18-52-15.webp.webp?fit=1200%2C675&ssl=1&resize=525%2C300 1.5x, https:\/\/i0.wp.com\/noticiasribeiraopreto.com.br\/wp-content\/uploads\/2025\/08\/escoteiros-1_2025-08-16_18-52-15.webp.webp?fit=1200%2C675&ssl=1&resize=700%2C400 2x, https:\/\/i0.wp.com\/noticiasribeiraopreto.com.br\/wp-content\/uploads\/2025\/08\/escoteiros-1_2025-08-16_18-52-15.webp.webp?fit=1200%2C675&ssl=1&resize=1050%2C600 3x"},"classes":[]},{"id":91133,"url":"https:\/\/noticiasribeiraopreto.com.br\/index.php\/2026\/09\/05\/ultimo-dia-da-feira-do-livro-conta-com-o-ator-roteirista-e-escritor-helio-de-la-pena-confira-a-programacao\/","url_meta":{"origin":91136,"position":4},"title":"\u00daltimo dia da Feira do Livro conta com o ator, roteirista e escritor H\u00e9lio de La Pe\u00f1a; Confira a programa\u00e7\u00e3o","author":"noticiasribeiraopreto.com.br","date":"5 de September de 2026","format":false,"excerpt":"O \u00faltimo dia da 25\u00aa FIL (Feira Internacional do Livro de Ribeir\u00e3o Preto) acontece neste s\u00e1bado (5) e conta com o ator, roteirista e escritor H\u00e9lio de La Pe\u00f1a, que realiza a palestra \u201cSess\u00e3o Abayomi: Rir, resistir e ocupar espa\u00e7os \u2013 humor, negritude e cria\u00e7\u00e3o art\u00edstica no Brasil\u201d \u00e0s 15h\u2026","rel":"","context":"In &quot;Not\u00edcias de Ribeir\u00e3o Preto-SP e Regi\u00e3o&quot;","block_context":{"text":"Not\u00edcias de Ribeir\u00e3o Preto-SP e Regi\u00e3o","link":"https:\/\/noticiasribeiraopreto.com.br\/index.php\/category\/noticias-de-ribeirao-preto-sp-e-regiao-ismael-colosi\/"},"img":{"alt_text":"","src":"https:\/\/i0.wp.com\/noticiasribeiraopreto.com.br\/wp-content\/uploads\/2026\/09\/Ator-roteirista-e-escritor-Helio-de-La-Pena.jpeg?fit=1200%2C675&ssl=1&resize=350%2C200","width":350,"height":200,"srcset":"https:\/\/i0.wp.com\/noticiasribeiraopreto.com.br\/wp-content\/uploads\/2026\/09\/Ator-roteirista-e-escritor-Helio-de-La-Pena.jpeg?fit=1200%2C675&ssl=1&resize=350%2C200 1x, https:\/\/i0.wp.com\/noticiasribeiraopreto.com.br\/wp-content\/uploads\/2026\/09\/Ator-roteirista-e-escritor-Helio-de-La-Pena.jpeg?fit=1200%2C675&ssl=1&resize=525%2C300 1.5x, https:\/\/i0.wp.com\/noticiasribeiraopreto.com.br\/wp-content\/uploads\/2026\/09\/Ator-roteirista-e-escritor-Helio-de-La-Pena.jpeg?fit=1200%2C675&ssl=1&resize=700%2C400 2x, https:\/\/i0.wp.com\/noticiasribeiraopreto.com.br\/wp-content\/uploads\/2026\/09\/Ator-roteirista-e-escritor-Helio-de-La-Pena.jpeg?fit=1200%2C675&ssl=1&resize=1050%2C600 3x"},"classes":[]},{"id":89559,"url":"https:\/\/noticiasribeiraopreto.com.br\/index.php\/2026\/08\/07\/feira-do-livro-anuncia-programacao-da-25a-edicao-com-mais-de-350-atividades-gratuitas-em-ribeirao\/","url_meta":{"origin":91136,"position":5},"title":"Feira do Livro anuncia programa\u00e7\u00e3o da 25\u00aa edi\u00e7\u00e3o com mais de 350 atividades gratuitas em Ribeir\u00e3o","author":"noticiasribeiraopreto.com.br","date":"7 de August de 2026","format":false,"excerpt":"O lan\u00e7amento oficial da programa\u00e7\u00e3o da 25\u00aa edi\u00e7\u00e3o da Feira Internacional do Livro (FIL) de Ribeir\u00e3o Preto aconteceu nesta quinta-feira (7), em um hotel no Centro da cidade, e reuniu autoridades, organizadores e convidados. Neste ano, o evento ter\u00e1 mais de 350 atividades gratuitas, distribu\u00eddas em 20 espa\u00e7os culturais, entre\u2026","rel":"","context":"In &quot;Not\u00edcias de Ribeir\u00e3o Preto-SP e Regi\u00e3o&quot;","block_context":{"text":"Not\u00edcias de Ribeir\u00e3o Preto-SP e Regi\u00e3o","link":"https:\/\/noticiasribeiraopreto.com.br\/index.php\/category\/noticias-de-ribeirao-preto-sp-e-regiao-ismael-colosi\/"},"img":{"alt_text":"","src":"https:\/\/i0.wp.com\/noticiasribeiraopreto.com.br\/wp-content\/uploads\/2026\/08\/feira-do-livro.jpg?fit=1200%2C675&ssl=1&resize=350%2C200","width":350,"height":200,"srcset":"https:\/\/i0.wp.com\/noticiasribeiraopreto.com.br\/wp-content\/uploads\/2026\/08\/feira-do-livro.jpg?fit=1200%2C675&ssl=1&resize=350%2C200 1x, https:\/\/i0.wp.com\/noticiasribeiraopreto.com.br\/wp-content\/uploads\/2026\/08\/feira-do-livro.jpg?fit=1200%2C675&ssl=1&resize=525%2C300 1.5x, https:\/\/i0.wp.com\/noticiasribeiraopreto.com.br\/wp-content\/uploads\/2026\/08\/feira-do-livro.jpg?fit=1200%2C675&ssl=1&resize=700%2C400 2x, https:\/\/i0.wp.com\/noticiasribeiraopreto.com.br\/wp-content\/uploads\/2026\/08\/feira-do-livro.jpg?fit=1200%2C675&ssl=1&resize=1050%2C600 3x"},"classes":[]}],"jetpack_sharing_enabled":true,"jetpack_shortlink":"https:\/\/wp.me\/peQAOb-nHW","jetpack_featured_media_url":"https:\/\/i0.wp.com\/noticiasribeiraopreto.com.br\/wp-content\/uploads\/2026\/09\/Feira-do-Livro_2025-2.jpg?fit=1500%2C1000&ssl=1","_links":{"self":[{"href":"https:\/\/noticiasribeiraopreto.com.br\/index.php\/wp-json\/wp\/v2\/posts\/91136","targetHints":{"allow":["GET"]}}],"collection":[{"href":"https:\/\/noticiasribeiraopreto.com.br\/index.php\/wp-json\/wp\/v2\/posts"}],"about":[{"href":"https:\/\/noticiasribeiraopreto.com.br\/index.php\/wp-json\/wp\/v2\/types\/post"}],"author":[{"embeddable":true,"href":"https:\/\/noticiasribeiraopreto.com.br\/index.php\/wp-json\/wp\/v2\/users\/1"}],"replies":[{"embeddable":true,"href":"https:\/\/noticiasribeiraopreto.com.br\/index.php\/wp-json\/wp\/v2\/comments?post=91136"}],"version-history":[{"count":0,"href":"https:\/\/noticiasribeiraopreto.com.br\/index.php\/wp-json\/wp\/v2\/posts\/91136\/revisions"}],"wp:featuredmedia":[{"embeddable":true,"href":"https:\/\/noticiasribeiraopreto.com.br\/index.php\/wp-json\/wp\/v2\/media\/91137"}],"wp:attachment":[{"href":"https:\/\/noticiasribeiraopreto.com.br\/index.php\/wp-json\/wp\/v2\/media?parent=91136"}],"wp:term":[{"taxonomy":"category","embeddable":true,"href":"https:\/\/noticiasribeiraopreto.com.br\/index.php\/wp-json\/wp\/v2\/categories?post=91136"},{"taxonomy":"post_tag","embeddable":true,"href":"https:\/\/noticiasribeiraopreto.com.br\/index.php\/wp-json\/wp\/v2\/tags?post=91136"}],"curies":[{"name":"wp","href":"https:\/\/api.w.org\/{rel}","templated":true}]}}