{"id":91139,"date":"2026-09-05T09:43:30","date_gmt":"2026-09-05T12:43:30","guid":{"rendered":"https:\/\/noticiasribeiraopreto.com.br\/index.php\/2026\/09\/05\/frente-fria-chega-a-sp-e-aumenta-chance-de-chuva-em-ribeirao-veja-previsao\/"},"modified":"2026-09-05T09:43:30","modified_gmt":"2026-09-05T12:43:30","slug":"frente-fria-chega-a-sp-e-aumenta-chance-de-chuva-em-ribeirao-veja-previsao","status":"publish","type":"post","link":"https:\/\/noticiasribeiraopreto.com.br\/index.php\/2026\/09\/05\/frente-fria-chega-a-sp-e-aumenta-chance-de-chuva-em-ribeirao-veja-previsao\/","title":{"rendered":"Frente fria chega a SP e aumenta chance de chuva em Ribeir\u00e3o; Veja previs\u00e3o"},"content":{"rendered":"<div class='code-block code-block-1' style='margin: 8px 0 8px auto; text-align: right; display: block; clear: both;'>\n<p><a href=\"https:\/\/wa.link\/vpicfd\"><img data-recalc-dims=\"1\" class=\"wp-image-4922\" style=\"aspect-ratio: 2.0253164556962027; width: 561px; height: auto;\" src=\"https:\/\/i0.wp.com\/ismaelcolosi.com.br\/wp-content\/uploads\/2023\/11\/grupo-de-empregos-whatsapp-e-facebook-ismael-colosi-vagas.jpg?ssl=1\" alt=\"\" \/><\/a><\/p>\n<!-- \/wp:image -->\n<\/div>\n<p> <br \/>\n<\/p>\n<p>Depois de uma semana marcada por <strong>altas temperaturas e tempo seco<\/strong>, uma <strong>nova frente fria chega ao estado de S\u00e3o Paulo<\/strong> neste final de semana e <strong>traz chuva para diversas regi\u00f5es<\/strong>, inclusive no interior paulista.<\/p>\n<p>Em <strong>Ribeir\u00e3o Preto<\/strong>, a previs\u00e3o para <strong>s\u00e1bado (5)<\/strong> \u00e9 de sol entre muitas nuvens, com pancadas de chuva durante a tarde. <strong><mark class=\"has-inline-color\">\u00c0 noite, h\u00e1 possibilidade de temporais, segundo a previs\u00e3o da <\/mark><a href=\"https:\/\/www.climatempo.com.br\/\" data-type=\"link\" data-id=\"https:\/\/www.climatempo.com.br\/\" target=\"_blank\" rel=\"noopener\"><mark class=\"has-inline-color\">Climatempo<\/mark><\/a><mark class=\"has-inline-color\">.<\/mark><\/strong><\/p>\n<p>As temperaturas devem variar entre <strong>19\u00baC<\/strong> e <strong>33\u00baC<\/strong> na cidade. <mark class=\"has-inline-color\">Vale lembrar que o calor, combinado \u00e0 umidade trazida por essa nova frente fria, pode favorecer a forma\u00e7\u00e3o de chuvas mais intensas e provocar transtornos pontuais, como alagamentos e rajadas de vento.<\/mark><\/p>\n<figure class=\"wp-block-image size-full\"><figcaption class=\"wp-element-caption\">Frente fria pode causar temporal em Ribeir\u00e3o Preto durante o feriado \u2013 Foto: Weber Sian \/ Arquivo\/ acidade on.<\/figcaption><\/figure>\n<p class=\"has-text-align-center has-cyan-bluish-gray-background-color has-background\"><em>Receba not\u00edcias do\u00a0<strong>acidade on Ribeir\u00e3o\u00a0<\/strong>no WhatsApp e fique por dentro de tudo! Basta acessar o link<a href=\"https:\/\/chat.whatsapp.com\/DfXwcjKVIddHUT3BvnQuPZ?mode=hqctshi\" target=\"_blank\" rel=\"noreferrer noopener\">\u00a0aqui<\/a>!<\/em><\/p>\n<h2 class=\"wp-block-heading\"><strong>Nova frente fria<\/strong><\/h2>\n<p>Em entrevista ao <strong>acidade on<\/strong>, a meteorologista <strong>Jos\u00e9lia Pegorim<\/strong>, explicou que essa <strong>nova frente fria<\/strong> <strong>vai provocar chuva generalizada no estado de S\u00e3o Paulo<\/strong>, com possibilidade de epis\u00f3dios de intensidade moderada a forte na regi\u00e3o.<\/p>\n<p>O cen\u00e1rio ocorre ap\u00f3s a passagem de outra frente fria no in\u00edcio de setembro. Segundo a meteorologista, esse primeiro sistema provocou volumes de chuva entre 10 e 20 mil\u00edmetros.<\/p>\n<p><strong><mark class=\"has-inline-color\">Para setembro, a m\u00e9dia de precipita\u00e7\u00e3o na regi\u00e3o de Ribeir\u00e3o Preto varia entre 60 e 80 mil\u00edmetros.<\/mark><\/strong><\/p>\n<blockquote class=\"instagram-media\" data-instgrm-permalink=\"https:\/\/www.instagram.com\/reel\/Dc10y_vFK4u\/?utm_source=ig_embed&amp;utm_campaign=loading\" data-instgrm-version=\"14\">\n<div> <a href=\"https:\/\/www.instagram.com\/reel\/Dc10y_vFK4u\/?utm_source=ig_embed&amp;utm_campaign=loading\" target=\"_blank\" rel=\"noopener\"> <\/p>\n<div>\n<div><\/div>\n<div>\n<div><\/div>\n<div><\/div>\n<\/div>\n<\/div>\n<div><\/div>\n<div><\/div>\n<div>\n<div>Ver essa foto no Instagram<\/div>\n<\/div>\n<div><\/div>\n<div>\n<div>\n<div><\/div>\n<div><\/div>\n<div><\/div>\n<\/div>\n<div>\n<div><\/div>\n<div><\/div>\n<\/div>\n<div>\n<div><\/div>\n<div><\/div>\n<div><\/div>\n<\/div>\n<\/div>\n<div>\n<div><\/div>\n<div><\/div>\n<\/div>\n<p><\/a><\/p>\n<p><a href=\"https:\/\/www.instagram.com\/reel\/Dc10y_vFK4u\/?utm_source=ig_embed&amp;utm_campaign=loading\" target=\"_blank\" rel=\"noopener\">Um post compartilhado por acidade on Ribeir\u00e3o (@acidadeonribeirao)<\/a><\/p>\n<\/div>\n<\/blockquote>\n<h2 class=\"wp-block-heading\"><strong>E como fica o domingo?<\/strong><\/h2>\n<p>Ainda de acordo com a <strong>Climatempo<\/strong>, embora o s\u00e1bado concentre o retorno da chuva em praticamente todo o estado de S\u00e3o Paulo, <strong>no domingo (6), a atua\u00e7\u00e3o da frente fria mant\u00e9m o tempo inst\u00e1vel em diversas regi\u00f5es<\/strong>.<\/p>\n<p>A chuva deve ser mais intensa no litoral e regi\u00f5es pr\u00f3ximas, enquanto o interior tamb\u00e9m pode registrar pancadas de chuva a qualquer momento do dia. <strong><mark class=\"has-inline-color\">Em Ribeir\u00e3o Preto, as temperaturas variam entre 16\u00baC e 23\u00baC.<\/mark><\/strong><\/p>\n<figure class=\"wp-block-image size-full\"><img data-recalc-dims=\"1\" decoding=\"async\" src=\"https:\/\/i0.wp.com\/www.acidadeon.com\/ribeiraopreto\/wp-content\/uploads\/sites\/3\/2023\/08\/chuva_temporal_1200x675_05012022164623.jpg?ssl=1\" alt=\"Ribeir\u00e3o Preto tem previs\u00e3o de temporal neste s\u00e1bado (5) - Foto: Marcelo Fontes.\" class=\"wp-image-35003\" title=\"Frente fria chega a SP e aumenta chance de chuva em Ribeir\u00e3o; Veja previs\u00e3o 2\"><figcaption class=\"wp-element-caption\">Ribeir\u00e3o Preto tem previs\u00e3o de temporal neste s\u00e1bado (5) \u2013 Foto: Marcelo Fontes.<\/figcaption><\/figure>\n<h2 class=\"wp-block-heading\"><strong>Previs\u00e3o para o feriado de 7 de Setembro<\/strong><\/h2>\n<p>Depois da passagem da frente fria, o tempo deve mudar novamente por causa da chegada de ar frio. A entrada dessa massa de ar deve provocar queda nas temperaturas em Ribeir\u00e3o Preto e regi\u00e3o.<\/p>\n<p>No <strong>feriado de 7 de Setembro<\/strong>, a expectativa \u00e9 de que a chuva diminua. Segundo <strong>Jos\u00e9lia<\/strong>, o principal destaque para a data ser\u00e1 a queda de temperatura provocada pela chegada do ar frio.<\/p>\n<p>Conforme previs\u00e3o estendida, o dia ser\u00e1 de sol com muitas nuvens durante o dia, per\u00edodos de c\u00e9u nublado e noite com muitas nuvens. <strong>Os term\u00f4metros variam entre 15\u00baC e 17\u00baC.<\/strong><\/p>\n<h2 class=\"wp-block-heading\"><strong>Veja a previs\u00e3o para Ribeir\u00e3o durante o feriad\u00e3o<\/strong><\/h2>\n<ul class=\"wp-block-list\">\n<li><strong>S\u00e1bado (5):<\/strong> Sol com muitas nuvens e pancadas de chuva \u00e0 tarde. \u00c0 noite ocorre temporal. M\u00ednima de 19\u00baC e m\u00e1xima de 33\u00baC;<\/li>\n<\/ul>\n<ul class=\"wp-block-list\">\n<li><strong>Domingo (6):<\/strong> Sol com algumas nuvens. Chove r\u00e1pido durante o dia e \u00e0 noite. M\u00ednima de 16\u00baC e m\u00e1xima de 23\u00baC;<\/li>\n<\/ul>\n<ul class=\"wp-block-list\">\n<li><strong>Segunda-feira (7):<\/strong> Sol com muitas nuvens durante o dia e per\u00edodos de c\u00e9u nublado. Noite com muitas nuvens. M\u00ednima de 15\u00baC e m\u00e1xima de 17\u00baC.<\/li>\n<\/ul>\n<p><strong><em>Fonte:<\/em><\/strong><em> Climatempo<\/em><\/p>\n<figure class=\"wp-block-image size-large\"><img data-recalc-dims=\"1\" loading=\"lazy\" decoding=\"async\" width=\"1024\" height=\"576\" src=\"https:\/\/i0.wp.com\/www.acidadeon.com\/ribeiraopreto\/wp-content\/uploads\/sites\/3\/2026\/09\/alerta-tempestade-inmet-1024x576.jpg?resize=1024%2C576&#038;ssl=1\" alt=\"Inmet emite alerta para o risco de tempestade no estado de SP - Foto: Marcello Casal Jr\/ Ag\u00eancia Brasil.\" class=\"wp-image-173182\" title=\"Frente fria chega a SP e aumenta chance de chuva em Ribeir\u00e3o; Veja previs\u00e3o 3\"><figcaption class=\"wp-element-caption\">Frente fria traz chuva para o estado de SP \u2013 Foto: Marcello Casal Jr\/ Ag\u00eancia Brasil.<\/figcaption><\/figure>\n<p class=\"has-text-align-center has-cyan-bluish-gray-background-color has-background\"><em>Fa\u00e7a uma den\u00fancia ou sugira uma reportagem sobre\u00a0<strong>Ribeir\u00e3o Preto\u00a0<\/strong>e regi\u00e3o por meio do WhatsApp do\u00a0<strong>acidade on Ribeir\u00e3o<\/strong>: (16) 99117-7802.<\/em><\/p>\n<p>O post Frente fria chega a SP e aumenta chance de chuva em Ribeir\u00e3o; Veja previs\u00e3o apareceu primeiro em ACidade ON Ribeir\u00e3o Preto.<\/p>\n<p><script async src=\"\/\/www.instagram.com\/embed.js\"><\/script><br \/>\n<br \/><br \/>\n<br \/><a href=\"https:\/\/www.acidadeon.com\/ribeiraopreto\/cotidiano\/frente-fria-chega-a-sp-e-aumenta-chance-de-chuva-em-ribeirao-veja-previsao\/\">Link para o texto original aqui <\/a><\/p>\n<!-- CONTENT END 1 -->\n","protected":false},"excerpt":{"rendered":"<p>Depois de uma semana marcada por altas temperaturas e tempo seco, uma nova frente fria chega ao estado de S\u00e3o Paulo neste final de semana&#8230;<\/p>\n","protected":false},"author":1,"featured_media":91140,"comment_status":"","ping_status":"","sticky":false,"template":"","format":"standard","meta":{"advanced_seo_description":"","jetpack_seo_html_title":"","jetpack_seo_noindex":false,"jetpack_seo_schema_type":"","_jetpack_newsletter_access":"","_jetpack_dont_email_post_to_subs":false,"_jetpack_newsletter_tier_id":0,"_jetpack_memberships_contains_paywalled_content":false,"_jetpack_feature_clip_id":0,"_jetpack_memberships_contains_paid_content":false,"footnotes":"","jetpack_publicize_message":"","jetpack_publicize_feature_enabled":true,"jetpack_social_post_already_shared":true,"jetpack_social_options":{"image_generator_settings":{"template":"highway","default_image_id":0,"font":"","enabled":false},"version":2},"jetpack_post_was_ever_published":false},"categories":[11],"tags":[2399,2400,531,224,490,7201,491,350,26,48],"class_list":["post-91139","post","type-post","status-publish","format-standard","has-post-thumbnail","hentry","category-noticias-de-ribeirao-preto-sp-e-regiao-ismael-colosi","tag-aumenta","tag-chance","tag-chega","tag-chuva","tag-frente","tag-frente-fria","tag-fria","tag-previsao","tag-ribeirao","tag-veja"],"jetpack_publicize_connections":[],"jetpack-related-posts":[{"id":89361,"url":"https:\/\/noticiasribeiraopreto.com.br\/index.php\/2026\/08\/04\/frente-fria-pode-trazer-chuva-ao-interior-de-sp-nesta-semana-veja-a-previsao\/","url_meta":{"origin":91139,"position":0},"title":"Frente fria pode trazer chuva ao interior de SP nesta semana; Veja a previs\u00e3o","author":"noticiasribeiraopreto.com.br","date":"4 de August de 2026","format":false,"excerpt":"O avan\u00e7o de uma nova frente fria pode provocar pancadas de chuva na pr\u00f3xima quinta-feira (6), no interior de S\u00e3o Paulo. Receba not\u00edcias do\u00a0acidade on Ribeir\u00e3o\u00a0no WhatsApp e fique por dentro de tudo! Basta acessar o link\u00a0aqui! Segundo a Climatempo, o sistema est\u00e1 associado \u00e0 forma\u00e7\u00e3o de um ciclone extratropical\u2026","rel":"","context":"In &quot;Not\u00edcias de Ribeir\u00e3o Preto-SP e Regi\u00e3o&quot;","block_context":{"text":"Not\u00edcias de Ribeir\u00e3o Preto-SP e Regi\u00e3o","link":"https:\/\/noticiasribeiraopreto.com.br\/index.php\/category\/noticias-de-ribeirao-preto-sp-e-regiao-ismael-colosi\/"},"img":{"alt_text":"","src":"https:\/\/i0.wp.com\/noticiasribeiraopreto.com.br\/wp-content\/uploads\/2026\/04\/WhatsApp-Image-2026-04-06-at-13.41.27_2026-04-06_16-43-12.webp.webp?fit=1200%2C637&ssl=1&resize=350%2C200","width":350,"height":200,"srcset":"https:\/\/i0.wp.com\/noticiasribeiraopreto.com.br\/wp-content\/uploads\/2026\/04\/WhatsApp-Image-2026-04-06-at-13.41.27_2026-04-06_16-43-12.webp.webp?fit=1200%2C637&ssl=1&resize=350%2C200 1x, https:\/\/i0.wp.com\/noticiasribeiraopreto.com.br\/wp-content\/uploads\/2026\/04\/WhatsApp-Image-2026-04-06-at-13.41.27_2026-04-06_16-43-12.webp.webp?fit=1200%2C637&ssl=1&resize=525%2C300 1.5x, https:\/\/i0.wp.com\/noticiasribeiraopreto.com.br\/wp-content\/uploads\/2026\/04\/WhatsApp-Image-2026-04-06-at-13.41.27_2026-04-06_16-43-12.webp.webp?fit=1200%2C637&ssl=1&resize=700%2C400 2x, https:\/\/i0.wp.com\/noticiasribeiraopreto.com.br\/wp-content\/uploads\/2026\/04\/WhatsApp-Image-2026-04-06-at-13.41.27_2026-04-06_16-43-12.webp.webp?fit=1200%2C637&ssl=1&resize=1050%2C600 3x"},"classes":[]},{"id":27423,"url":"https:\/\/noticiasribeiraopreto.com.br\/index.php\/2024\/01\/12\/frente-fria-aumenta-risco-de-chuva-forte-no-interior-de-sp-veja-a-previsao\/","url_meta":{"origin":91139,"position":1},"title":"Frente fria aumenta risco de chuva forte no interior de SP; Veja a previs\u00e3o","author":"noticiasribeiraopreto.com.br","date":"12 de January de 2024","format":false,"excerpt":"A passagem de uma frente fria entre esta sexta-feira (12) e no s\u00e1bado (13) aumenta o risco de chuva forte no interior de S\u00e3o Paulo, segundo a Climatempo. Al\u00e9m disso, o predom\u00ednio de ar quente e \u00famido sobre o Brasil forma nuvens carregadas. \u201cEstas nuvens provocaram temporais em muitos estados\u2026","rel":"","context":"In &quot;Not\u00edcias de Ribeir\u00e3o Preto-SP e Regi\u00e3o&quot;","block_context":{"text":"Not\u00edcias de Ribeir\u00e3o Preto-SP e Regi\u00e3o","link":"https:\/\/noticiasribeiraopreto.com.br\/index.php\/category\/noticias-de-ribeirao-preto-sp-e-regiao-ismael-colosi\/"},"img":{"alt_text":"","src":"https:\/\/i0.wp.com\/noticiasribeiraopreto.com.br\/wp-content\/uploads\/2024\/01\/1705058466_chuva-forte.jpg?fit=1200%2C765&ssl=1&resize=350%2C200","width":350,"height":200,"srcset":"https:\/\/i0.wp.com\/noticiasribeiraopreto.com.br\/wp-content\/uploads\/2024\/01\/1705058466_chuva-forte.jpg?fit=1200%2C765&ssl=1&resize=350%2C200 1x, https:\/\/i0.wp.com\/noticiasribeiraopreto.com.br\/wp-content\/uploads\/2024\/01\/1705058466_chuva-forte.jpg?fit=1200%2C765&ssl=1&resize=525%2C300 1.5x, https:\/\/i0.wp.com\/noticiasribeiraopreto.com.br\/wp-content\/uploads\/2024\/01\/1705058466_chuva-forte.jpg?fit=1200%2C765&ssl=1&resize=700%2C400 2x, https:\/\/i0.wp.com\/noticiasribeiraopreto.com.br\/wp-content\/uploads\/2024\/01\/1705058466_chuva-forte.jpg?fit=1200%2C765&ssl=1&resize=1050%2C600 3x"},"classes":[]},{"id":13147,"url":"https:\/\/noticiasribeiraopreto.com.br\/index.php\/2023\/12\/09\/frente-fria-confira-a-previsao-do-tempo-para-a-regiao-de-ribeirao-preto\/","url_meta":{"origin":91139,"position":2},"title":"Frente fria? Confira a previs\u00e3o do tempo para a regi\u00e3o de Ribeir\u00e3o Preto","author":"noticiasribeiraopreto.com.br","date":"9 de December de 2023","format":false,"excerpt":"O final de semana promete ser de muito calor em Ribeir\u00e3o Preto e regi\u00e3o. A frente fria que chegou \u00e0 costa do Brasil aumenta a possibilidade de chuva no interior de S\u00e3o Paulo, mas n\u00e3o diminui o calor. \u201cUma frente fria avan\u00e7a pelo Rio de Janeiro e chega ao sul\u2026","rel":"","context":"In &quot;Not\u00edcias de Ribeir\u00e3o Preto-SP e Regi\u00e3o&quot;","block_context":{"text":"Not\u00edcias de Ribeir\u00e3o Preto-SP e Regi\u00e3o","link":"https:\/\/noticiasribeiraopreto.com.br\/index.php\/category\/noticias-de-ribeirao-preto-sp-e-regiao-ismael-colosi\/"},"img":{"alt_text":"","src":"https:\/\/i0.wp.com\/noticiasribeiraopreto.com.br\/wp-content\/uploads\/2023\/12\/WhatsApp-Image-2023-12-09-at-07.55.11.jpeg?fit=1200%2C675&ssl=1&resize=350%2C200","width":350,"height":200,"srcset":"https:\/\/i0.wp.com\/noticiasribeiraopreto.com.br\/wp-content\/uploads\/2023\/12\/WhatsApp-Image-2023-12-09-at-07.55.11.jpeg?fit=1200%2C675&ssl=1&resize=350%2C200 1x, https:\/\/i0.wp.com\/noticiasribeiraopreto.com.br\/wp-content\/uploads\/2023\/12\/WhatsApp-Image-2023-12-09-at-07.55.11.jpeg?fit=1200%2C675&ssl=1&resize=525%2C300 1.5x, https:\/\/i0.wp.com\/noticiasribeiraopreto.com.br\/wp-content\/uploads\/2023\/12\/WhatsApp-Image-2023-12-09-at-07.55.11.jpeg?fit=1200%2C675&ssl=1&resize=700%2C400 2x, https:\/\/i0.wp.com\/noticiasribeiraopreto.com.br\/wp-content\/uploads\/2023\/12\/WhatsApp-Image-2023-12-09-at-07.55.11.jpeg?fit=1200%2C675&ssl=1&resize=1050%2C600 3x"},"classes":[]},{"id":91077,"url":"https:\/\/noticiasribeiraopreto.com.br\/index.php\/2026\/09\/04\/frente-fria-muda-o-tempo-no-fim-de-semana-e-ribeirao-pode-ter-temporal-e-ventos-fortes\/","url_meta":{"origin":91139,"position":3},"title":"Frente fria muda o tempo no fim de semana e Ribeir\u00e3o pode ter temporal e ventos fortes","author":"noticiasribeiraopreto.com.br","date":"4 de September de 2026","format":false,"excerpt":"Uma nova frente fria, associada a um sistema de baixa press\u00e3o no oceano, come\u00e7a a influenciar o tempo no Estado de S\u00e3o Paulo entre a tarde e a noite desta sexta-feira (4). Em Ribeir\u00e3o Preto, o dia come\u00e7a com sol e nevoeiro nas primeiras horas da manh\u00e3. Ao longo do\u2026","rel":"","context":"In &quot;Not\u00edcias de Ribeir\u00e3o Preto-SP e Regi\u00e3o&quot;","block_context":{"text":"Not\u00edcias de Ribeir\u00e3o Preto-SP e Regi\u00e3o","link":"https:\/\/noticiasribeiraopreto.com.br\/index.php\/category\/noticias-de-ribeirao-preto-sp-e-regiao-ismael-colosi\/"},"img":{"alt_text":"","src":"https:\/\/i0.wp.com\/noticiasribeiraopreto.com.br\/wp-content\/uploads\/2026\/09\/Imagem-do-WhatsApp-de-2025-12-08-as-13.59.15_de4078cb_2025-12-08_17-07-48-1024x576.webp.webp?fit=1024%2C576&ssl=1&resize=350%2C200","width":350,"height":200,"srcset":"https:\/\/i0.wp.com\/noticiasribeiraopreto.com.br\/wp-content\/uploads\/2026\/09\/Imagem-do-WhatsApp-de-2025-12-08-as-13.59.15_de4078cb_2025-12-08_17-07-48-1024x576.webp.webp?fit=1024%2C576&ssl=1&resize=350%2C200 1x, https:\/\/i0.wp.com\/noticiasribeiraopreto.com.br\/wp-content\/uploads\/2026\/09\/Imagem-do-WhatsApp-de-2025-12-08-as-13.59.15_de4078cb_2025-12-08_17-07-48-1024x576.webp.webp?fit=1024%2C576&ssl=1&resize=525%2C300 1.5x, https:\/\/i0.wp.com\/noticiasribeiraopreto.com.br\/wp-content\/uploads\/2026\/09\/Imagem-do-WhatsApp-de-2025-12-08-as-13.59.15_de4078cb_2025-12-08_17-07-48-1024x576.webp.webp?fit=1024%2C576&ssl=1&resize=700%2C400 2x"},"classes":[]},{"id":64522,"url":"https:\/\/noticiasribeiraopreto.com.br\/index.php\/2025\/03\/09\/frente-fria-chega-a-sp-nesta-semana-veja-previsao-para-ribeirao\/","url_meta":{"origin":91139,"position":4},"title":"Frente fria chega a SP nesta semana; Veja previs\u00e3o para Ribeir\u00e3o","author":"noticiasribeiraopreto.com.br","date":"9 de March de 2025","format":false,"excerpt":"Uma nova frente fria deve se formar nesta semana e provocar \u00e1reas de instabilidades no estado de S\u00e3o Paulo. O domingo (9), no entanto, continua sem chuva e com altas temperaturas. Em Ribeir\u00e3o Preto, a previs\u00e3o \u00e9 de sol com aumento de nuvens durante o per\u00edodo da tarde. Os term\u00f4metros\u2026","rel":"","context":"In &quot;Not\u00edcias de Ribeir\u00e3o Preto-SP e Regi\u00e3o&quot;","block_context":{"text":"Not\u00edcias de Ribeir\u00e3o Preto-SP e Regi\u00e3o","link":"https:\/\/noticiasribeiraopreto.com.br\/index.php\/category\/noticias-de-ribeirao-preto-sp-e-regiao-ismael-colosi\/"},"img":{"alt_text":"","src":"https:\/\/i0.wp.com\/noticiasribeiraopreto.com.br\/wp-content\/uploads\/2025\/03\/WhatsApp-Image-2025-03-09-at-09.46.21_2025-03-09_12-46-30_jpeg_2025-03-09_12-46-30.webp.webp?fit=1200%2C738&ssl=1&resize=350%2C200","width":350,"height":200,"srcset":"https:\/\/i0.wp.com\/noticiasribeiraopreto.com.br\/wp-content\/uploads\/2025\/03\/WhatsApp-Image-2025-03-09-at-09.46.21_2025-03-09_12-46-30_jpeg_2025-03-09_12-46-30.webp.webp?fit=1200%2C738&ssl=1&resize=350%2C200 1x, https:\/\/i0.wp.com\/noticiasribeiraopreto.com.br\/wp-content\/uploads\/2025\/03\/WhatsApp-Image-2025-03-09-at-09.46.21_2025-03-09_12-46-30_jpeg_2025-03-09_12-46-30.webp.webp?fit=1200%2C738&ssl=1&resize=525%2C300 1.5x, https:\/\/i0.wp.com\/noticiasribeiraopreto.com.br\/wp-content\/uploads\/2025\/03\/WhatsApp-Image-2025-03-09-at-09.46.21_2025-03-09_12-46-30_jpeg_2025-03-09_12-46-30.webp.webp?fit=1200%2C738&ssl=1&resize=700%2C400 2x, https:\/\/i0.wp.com\/noticiasribeiraopreto.com.br\/wp-content\/uploads\/2025\/03\/WhatsApp-Image-2025-03-09-at-09.46.21_2025-03-09_12-46-30_jpeg_2025-03-09_12-46-30.webp.webp?fit=1200%2C738&ssl=1&resize=1050%2C600 3x"},"classes":[]},{"id":62085,"url":"https:\/\/noticiasribeiraopreto.com.br\/index.php\/2025\/01\/03\/frente-fria-chega-com-mais-chuva-ao-estado-de-sp-veja-a-previsao-do-tempo\/","url_meta":{"origin":91139,"position":5},"title":"Frente fria chega com mais chuva ao Estado de SP; Veja a previs\u00e3o do tempo","author":"noticiasribeiraopreto.com.br","date":"3 de January de 2025","format":false,"excerpt":"Primeira frente fria de 2025 chega ao Estado de S\u00e3o Paulo nesta sexta-feira (3) e traz mais chuva para Ribeir\u00e3o Preto neste final de semana. Segundo a Climatempo, o dia deve permanecer nublado, com possibilidade de garoa pela manh\u00e3 e chuva no per\u00edodo da noite. As temperaturas devem ficar entre\u2026","rel":"","context":"In &quot;Not\u00edcias de Ribeir\u00e3o Preto-SP e Regi\u00e3o&quot;","block_context":{"text":"Not\u00edcias de Ribeir\u00e3o Preto-SP e Regi\u00e3o","link":"https:\/\/noticiasribeiraopreto.com.br\/index.php\/category\/noticias-de-ribeirao-preto-sp-e-regiao-ismael-colosi\/"},"img":{"alt_text":"","src":"https:\/\/i0.wp.com\/noticiasribeiraopreto.com.br\/wp-content\/uploads\/2025\/01\/ribeirao-preto-nublado_2025-01-03_10-43-51_jpeg_2025-01-03_10-43-51.webp.webp?fit=1200%2C900&ssl=1&resize=350%2C200","width":350,"height":200,"srcset":"https:\/\/i0.wp.com\/noticiasribeiraopreto.com.br\/wp-content\/uploads\/2025\/01\/ribeirao-preto-nublado_2025-01-03_10-43-51_jpeg_2025-01-03_10-43-51.webp.webp?fit=1200%2C900&ssl=1&resize=350%2C200 1x, https:\/\/i0.wp.com\/noticiasribeiraopreto.com.br\/wp-content\/uploads\/2025\/01\/ribeirao-preto-nublado_2025-01-03_10-43-51_jpeg_2025-01-03_10-43-51.webp.webp?fit=1200%2C900&ssl=1&resize=525%2C300 1.5x, https:\/\/i0.wp.com\/noticiasribeiraopreto.com.br\/wp-content\/uploads\/2025\/01\/ribeirao-preto-nublado_2025-01-03_10-43-51_jpeg_2025-01-03_10-43-51.webp.webp?fit=1200%2C900&ssl=1&resize=700%2C400 2x, https:\/\/i0.wp.com\/noticiasribeiraopreto.com.br\/wp-content\/uploads\/2025\/01\/ribeirao-preto-nublado_2025-01-03_10-43-51_jpeg_2025-01-03_10-43-51.webp.webp?fit=1200%2C900&ssl=1&resize=1050%2C600 3x"},"classes":[]}],"jetpack_sharing_enabled":true,"jetpack_shortlink":"https:\/\/wp.me\/peQAOb-nHZ","jetpack_featured_media_url":"https:\/\/i0.wp.com\/noticiasribeiraopreto.com.br\/wp-content\/uploads\/2026\/09\/palace-1_2026-02-10_10-35-04.webp.webp?fit=1200%2C675&ssl=1","_links":{"self":[{"href":"https:\/\/noticiasribeiraopreto.com.br\/index.php\/wp-json\/wp\/v2\/posts\/91139","targetHints":{"allow":["GET"]}}],"collection":[{"href":"https:\/\/noticiasribeiraopreto.com.br\/index.php\/wp-json\/wp\/v2\/posts"}],"about":[{"href":"https:\/\/noticiasribeiraopreto.com.br\/index.php\/wp-json\/wp\/v2\/types\/post"}],"author":[{"embeddable":true,"href":"https:\/\/noticiasribeiraopreto.com.br\/index.php\/wp-json\/wp\/v2\/users\/1"}],"replies":[{"embeddable":true,"href":"https:\/\/noticiasribeiraopreto.com.br\/index.php\/wp-json\/wp\/v2\/comments?post=91139"}],"version-history":[{"count":0,"href":"https:\/\/noticiasribeiraopreto.com.br\/index.php\/wp-json\/wp\/v2\/posts\/91139\/revisions"}],"wp:featuredmedia":[{"embeddable":true,"href":"https:\/\/noticiasribeiraopreto.com.br\/index.php\/wp-json\/wp\/v2\/media\/91140"}],"wp:attachment":[{"href":"https:\/\/noticiasribeiraopreto.com.br\/index.php\/wp-json\/wp\/v2\/media?parent=91139"}],"wp:term":[{"taxonomy":"category","embeddable":true,"href":"https:\/\/noticiasribeiraopreto.com.br\/index.php\/wp-json\/wp\/v2\/categories?post=91139"},{"taxonomy":"post_tag","embeddable":true,"href":"https:\/\/noticiasribeiraopreto.com.br\/index.php\/wp-json\/wp\/v2\/tags?post=91139"}],"curies":[{"name":"wp","href":"https:\/\/api.w.org\/{rel}","templated":true}]}}