{"id":91141,"date":"2026-09-05T10:02:04","date_gmt":"2026-09-05T13:02:04","guid":{"rendered":"https:\/\/noticiasribeiraopreto.com.br\/index.php\/2026\/09\/05\/rodoviaria-de-ribeirao-preto-deve-registrar-movimentacao-de-mais-de-20-4-mil-passageiros-no-feriado\/"},"modified":"2026-09-05T10:02:04","modified_gmt":"2026-09-05T13:02:04","slug":"rodoviaria-de-ribeirao-preto-deve-registrar-movimentacao-de-mais-de-20-4-mil-passageiros-no-feriado","status":"publish","type":"post","link":"https:\/\/noticiasribeiraopreto.com.br\/index.php\/2026\/09\/05\/rodoviaria-de-ribeirao-preto-deve-registrar-movimentacao-de-mais-de-20-4-mil-passageiros-no-feriado\/","title":{"rendered":"Rodovi\u00e1ria de Ribeir\u00e3o Preto deve registrar movimenta\u00e7\u00e3o de mais de 20.4 mil passageiros no feriado"},"content":{"rendered":"<div class='code-block code-block-1' style='margin: 8px 0 8px auto; text-align: right; display: block; clear: both;'>\n<p><a href=\"https:\/\/wa.link\/vpicfd\"><img data-recalc-dims=\"1\" class=\"wp-image-4922\" style=\"aspect-ratio: 2.0253164556962027; width: 561px; height: auto;\" src=\"https:\/\/i0.wp.com\/ismaelcolosi.com.br\/wp-content\/uploads\/2023\/11\/grupo-de-empregos-whatsapp-e-facebook-ismael-colosi-vagas.jpg?ssl=1\" alt=\"\" \/><\/a><\/p>\n<!-- \/wp:image -->\n<\/div>\n<p> <br \/>\n<\/p>\n<div>\n<p>O Dia da<strong> Independ\u00eancia do Brasil, celebrado em 7 de setembro<\/strong>, \u00e9 mais uma oportunidade para viajar de \u00f4nibus pelo pa\u00eds e aproveitar o feriado para descansar, passear e curtir em fam\u00edlia, com amigos e at\u00e9 mesmo sozinho nos in\u00fameros destinos que partem da Rodovi\u00e1ria de Ribeir\u00e3o Preto. <strong>Neste feriado, s\u00e3o esperados mais de 20.400 passageiros na rodovi\u00e1ria, que ir\u00e3o viajar em mais de 1.050 \u00f4nibus no per\u00edodo.<\/strong><\/p>\n<p>Por conta da alta na procura, \u00e9 importante o passageiro <strong>garantir a compra da sua passagem antecipadamente, para evitar ficar sem passagem.<\/strong><\/p>\n<p>Neste feriado, os destinos mais procurados a partir do terminal de Ribeir\u00e3o Preto s\u00e3o: S<strong>\u00e3o Paulo (SP), Rio de Janeiro (RJ), Belo Horizonte (MG) e cidades do litoral paulista.<\/strong> Quem deseja passar uns dias nessas cidades, \u00e9 importante correr e j\u00e1 garantir as passagens.<\/p>\n<p>As passagens compradas pela internet devem conter o selo de embarque (QR Code). <strong>Caso n\u00e3o haja, o passageiro deve passar na bilheteria da empresa para retirar o selo. Por isso, \u00e9 importante chegar \u00e0 rodovi\u00e1ria com anteced\u00eancia de pelo menos 30 minutos<\/strong> em rela\u00e7\u00e3o ao hor\u00e1rio marcado de embarque.<\/p>\n<p>S\u00f3 compre<strong> passagem de fontes confi\u00e1veis e de empresas que atuam na rodovi\u00e1ria de Ribeir\u00e3o Preto<\/strong>, para evitar surpresas desagrad\u00e1veis na hora de embarcar. Caso ocorra algum imprevisto, a<strong> remarca\u00e7\u00e3o e reembolso da passagem s\u00e3o feitos com at\u00e9 3 horas de anteced\u00eancia, diretamente com a empresa de \u00f4nibus.<\/strong><\/p>\n<p>\u201cA partir do terminal de Ribeir\u00e3o Preto \u00e9 poss\u00edvel chegar a diversos destinos, sejam eles no Estado de S\u00e3o Paulo ou em outros estados, com flexibilidade, pre\u00e7os atraentes e toda a seguran\u00e7a e estrutura para os usu\u00e1rios. Disponibilizamos toda estrutura para oferecer aos passageiros uma experi\u00eancia positiva. Por isso, contamos com diversos servi\u00e7os, produtos e outras conveni\u00eancias em nosso terminal. Buscamos sempre aprimorar a nossa estrutura para oferecer acessibilidade, seguran\u00e7a, conforto e praticidade aos usu\u00e1rios\u201d, afirma Renato Franco de Camargo, coordenador de Opera\u00e7\u00f5es do Terminal Rodovi\u00e1rio de Ribeir\u00e3o Preto.<\/p>\n<\/div>\n<p><br \/>\n<br \/><a href=\"https:\/\/thmais.com.br\/cidades\/ribeirao-preto\/rodoviaria-de-ribeirao-preto-deve-registrar-movimentacao-de-mais-de-20-4-mil-passageiros-no-feriado\/\">Link para o texto original aqui <\/a><\/p>\n<!-- CONTENT END 1 -->\n","protected":false},"excerpt":{"rendered":"<p>O Dia da Independ\u00eancia do Brasil, celebrado em 7 de setembro, \u00e9 mais uma oportunidade para viajar de \u00f4nibus pelo pa\u00eds e aproveitar o feriado&#8230;<\/p>\n","protected":false},"author":1,"featured_media":91142,"comment_status":"","ping_status":"","sticky":false,"template":"","format":"standard","meta":{"advanced_seo_description":"","jetpack_seo_html_title":"","jetpack_seo_noindex":false,"jetpack_seo_schema_type":"","_jetpack_newsletter_access":"","_jetpack_dont_email_post_to_subs":false,"_jetpack_newsletter_tier_id":0,"_jetpack_memberships_contains_paywalled_content":false,"_jetpack_feature_clip_id":0,"_jetpack_memberships_contains_paid_content":false,"footnotes":"","jetpack_publicize_message":"","jetpack_publicize_feature_enabled":true,"jetpack_social_post_already_shared":true,"jetpack_social_options":{"image_generator_settings":{"template":"highway","default_image_id":0,"font":"","enabled":false},"version":2},"jetpack_post_was_ever_published":false},"categories":[11],"tags":[8949,239,377,276,402,1362,3048,27,995,26,6456,924],"class_list":["post-91141","post","type-post","status-publish","format-standard","has-post-thumbnail","hentry","category-noticias-de-ribeirao-preto-sp-e-regiao-ismael-colosi","tag-7-de-setembro","tag-deve","tag-feriado","tag-mais","tag-mil","tag-movimentacao","tag-passageiros","tag-preto","tag-registrar","tag-ribeirao","tag-ribeirao-preto","tag-rodoviaria"],"jetpack_publicize_connections":[],"jetpack-related-posts":[{"id":68941,"url":"https:\/\/noticiasribeiraopreto.com.br\/index.php\/2025\/04\/30\/rodoviaria-espera-por-27-mil-viajantes-neste-feriado\/","url_meta":{"origin":91141,"position":0},"title":"Rodovi\u00e1ria espera por 27 mil viajantes neste feriado","author":"noticiasribeiraopreto.com.br","date":"30 de April de 2025","format":false,"excerpt":"30 de abril de 2025 15:3030 de abril de 2025 10:265 Compartilhar0 A Rodovi\u00e1ria Central de Ribeir\u00e3o Preto espera por grande movimento neste feriado de Primeiro de Maio, Dia Internacional do Trabalho, celebrado nesta quinta-feira. Em per\u00edodos de folga prolongada, a procura por passagens aumenta bastante e exige alguns cuidados\u2026","rel":"","context":"In &quot;Not\u00edcias de Ribeir\u00e3o Preto-SP e Regi\u00e3o&quot;","block_context":{"text":"Not\u00edcias de Ribeir\u00e3o Preto-SP e Regi\u00e3o","link":"https:\/\/noticiasribeiraopreto.com.br\/index.php\/category\/noticias-de-ribeirao-preto-sp-e-regiao-ismael-colosi\/"},"img":{"alt_text":"","src":"https:\/\/i0.wp.com\/noticiasribeiraopreto.com.br\/wp-content\/uploads\/2025\/04\/22mai2024rodoviariarpfotprisk-scaled.jpg?fit=750%2C500&ssl=1&resize=350%2C200","width":350,"height":200,"srcset":"https:\/\/i0.wp.com\/noticiasribeiraopreto.com.br\/wp-content\/uploads\/2025\/04\/22mai2024rodoviariarpfotprisk-scaled.jpg?fit=750%2C500&ssl=1&resize=350%2C200 1x, https:\/\/i0.wp.com\/noticiasribeiraopreto.com.br\/wp-content\/uploads\/2025\/04\/22mai2024rodoviariarpfotprisk-scaled.jpg?fit=750%2C500&ssl=1&resize=525%2C300 1.5x, https:\/\/i0.wp.com\/noticiasribeiraopreto.com.br\/wp-content\/uploads\/2025\/04\/22mai2024rodoviariarpfotprisk-scaled.jpg?fit=750%2C500&ssl=1&resize=700%2C400 2x"},"classes":[]},{"id":36209,"url":"https:\/\/noticiasribeiraopreto.com.br\/index.php\/2024\/02\/08\/rodoviaria-espera-por-36-mil-pessoas-2\/","url_meta":{"origin":91141,"position":1},"title":"Rodovi\u00e1ria de RP espera por 36 mil pessoas\u00a0","author":"noticiasribeiraopreto.com.br","date":"8 de February de 2024","format":false,"excerpt":"8 de fevereiro de 2024 | 18:008 de fevereiro de 2024 | 16:26 0Muita gente pretende viajar de \u00f4nibus neste feriado prolongado de carnaval, celebrado entre s\u00e1bado, 10 de fevereiro,e a Quarta-Feira de Cinzas (14). Por\u00e9m, o movimento no Terminal Rodovi\u00e1rio de Ribeir\u00e3o Preto deve come\u00e7ar nesta sexta-feira (9), se\u2026","rel":"","context":"In &quot;Not\u00edcias de Ribeir\u00e3o Preto-SP e Regi\u00e3o&quot;","block_context":{"text":"Not\u00edcias de Ribeir\u00e3o Preto-SP e Regi\u00e3o","link":"https:\/\/noticiasribeiraopreto.com.br\/index.php\/category\/noticias-de-ribeirao-preto-sp-e-regiao-ismael-colosi\/"},"img":{"alt_text":"","src":"https:\/\/i0.wp.com\/noticiasribeiraopreto.com.br\/wp-content\/uploads\/2024\/02\/5-3-1024x618-1-scaled.jpg?fit=1000%2C604&ssl=1&resize=350%2C200","width":350,"height":200,"srcset":"https:\/\/i0.wp.com\/noticiasribeiraopreto.com.br\/wp-content\/uploads\/2024\/02\/5-3-1024x618-1-scaled.jpg?fit=1000%2C604&ssl=1&resize=350%2C200 1x, https:\/\/i0.wp.com\/noticiasribeiraopreto.com.br\/wp-content\/uploads\/2024\/02\/5-3-1024x618-1-scaled.jpg?fit=1000%2C604&ssl=1&resize=525%2C300 1.5x, https:\/\/i0.wp.com\/noticiasribeiraopreto.com.br\/wp-content\/uploads\/2024\/02\/5-3-1024x618-1-scaled.jpg?fit=1000%2C604&ssl=1&resize=700%2C400 2x"},"classes":[]},{"id":44389,"url":"https:\/\/noticiasribeiraopreto.com.br\/index.php\/2024\/03\/27\/rodoviaria-espera-por-27-mil-pessoas\/","url_meta":{"origin":91141,"position":2},"title":"Rodovi\u00e1ria espera por 27 mil pessoas\u00a0","author":"noticiasribeiraopreto.com.br","date":"27 de March de 2024","format":false,"excerpt":"27 de mar\u00e7o de 2024 | 16:0027 de mar\u00e7o de 2024 | 10:43 0 Muita gente pretende viajar de \u00f4nibus neste feriado prolongado da Semana Santa, celebrado a partir desta Sexta-Feira da Paix\u00e3o (29), passando pelo S\u00e1bado de Aleluia (30) e terminando no Domingo de P\u00e1scoa, 31 de mar\u00e7o. Por\u00e9m,\u2026","rel":"","context":"In &quot;Not\u00edcias de Ribeir\u00e3o Preto-SP e Regi\u00e3o&quot;","block_context":{"text":"Not\u00edcias de Ribeir\u00e3o Preto-SP e Regi\u00e3o","link":"https:\/\/noticiasribeiraopreto.com.br\/index.php\/category\/noticias-de-ribeirao-preto-sp-e-regiao-ismael-colosi\/"},"img":{"alt_text":"","src":"https:\/\/i0.wp.com\/noticiasribeiraopreto.com.br\/wp-content\/uploads\/2024\/03\/foto1.jpg?fit=534%2C400&ssl=1&resize=350%2C200","width":350,"height":200,"srcset":"https:\/\/i0.wp.com\/noticiasribeiraopreto.com.br\/wp-content\/uploads\/2024\/03\/foto1.jpg?fit=534%2C400&ssl=1&resize=350%2C200 1x, https:\/\/i0.wp.com\/noticiasribeiraopreto.com.br\/wp-content\/uploads\/2024\/03\/foto1.jpg?fit=534%2C400&ssl=1&resize=525%2C300 1.5x"},"classes":[]},{"id":81020,"url":"https:\/\/noticiasribeiraopreto.com.br\/index.php\/2025\/12\/21\/fim-de-ano-aumenta-o-fluxo-de-passageiros-na-rodoviaria-de-ribeirao-saiba-destinos-mais-procurados\/","url_meta":{"origin":91141,"position":3},"title":"Fim de ano aumenta o fluxo de passageiros na Rodovi\u00e1ria de Ribeir\u00e3o; Saiba destinos mais procurados","author":"noticiasribeiraopreto.com.br","date":"21 de December de 2025","format":false,"excerpt":"A movimenta\u00e7\u00e3o na Rodovi\u00e1ria de Ribeir\u00e3o Preto deve se intensificar nos pr\u00f3ximos dias. A previs\u00e3o \u00e9 de cerca de 90 mil passageiros, entre embarques e desembarques, em quase quatro mil \u00f4nibus. O n\u00famero representa um aumento aproximado de 1,1% no fluxo de passageiros em rela\u00e7\u00e3o ao mesmo per\u00edodo de 2024,\u2026","rel":"","context":"In &quot;Not\u00edcias de Ribeir\u00e3o Preto-SP e Regi\u00e3o&quot;","block_context":{"text":"Not\u00edcias de Ribeir\u00e3o Preto-SP e Regi\u00e3o","link":"https:\/\/noticiasribeiraopreto.com.br\/index.php\/category\/noticias-de-ribeirao-preto-sp-e-regiao-ismael-colosi\/"},"img":{"alt_text":"","src":"https:\/\/i0.wp.com\/noticiasribeiraopreto.com.br\/wp-content\/uploads\/2025\/12\/WhatsApp-Image-2023-12-21-at-16.11.23.jpeg?fit=1200%2C800&ssl=1&resize=350%2C200","width":350,"height":200,"srcset":"https:\/\/i0.wp.com\/noticiasribeiraopreto.com.br\/wp-content\/uploads\/2025\/12\/WhatsApp-Image-2023-12-21-at-16.11.23.jpeg?fit=1200%2C800&ssl=1&resize=350%2C200 1x, https:\/\/i0.wp.com\/noticiasribeiraopreto.com.br\/wp-content\/uploads\/2025\/12\/WhatsApp-Image-2023-12-21-at-16.11.23.jpeg?fit=1200%2C800&ssl=1&resize=525%2C300 1.5x, https:\/\/i0.wp.com\/noticiasribeiraopreto.com.br\/wp-content\/uploads\/2025\/12\/WhatsApp-Image-2023-12-21-at-16.11.23.jpeg?fit=1200%2C800&ssl=1&resize=700%2C400 2x, https:\/\/i0.wp.com\/noticiasribeiraopreto.com.br\/wp-content\/uploads\/2025\/12\/WhatsApp-Image-2023-12-21-at-16.11.23.jpeg?fit=1200%2C800&ssl=1&resize=1050%2C600 3x"},"classes":[]},{"id":87252,"url":"https:\/\/noticiasribeiraopreto.com.br\/index.php\/2026\/06\/30\/mais-de-62-mil-passageiros-devem-passar-pelo-terminal-de-ribeirao-preto-no-mes-de-julho\/","url_meta":{"origin":91141,"position":4},"title":"Mais de 62 mil passageiros devem passar pelo terminal de Ribeir\u00e3o Preto no m\u00eas de julho","author":"noticiasribeiraopreto.com.br","date":"30 de June de 2026","format":false,"excerpt":"O m\u00eas de julho \u00e9 \u00e9poca de f\u00e9rias escolares e muitas fam\u00edlias aproveitam o per\u00edodo para viajar. S\u00e3o esperados mais de 62.000 passageiros na rodovi\u00e1ria, que ir\u00e3o viajar em mais de 4.000 \u00f4nibus no per\u00edodo. Por conta da alta na procura, \u00e9 importante o passageiro garantir a compra da sua\u2026","rel":"","context":"In &quot;Not\u00edcias de Ribeir\u00e3o Preto-SP e Regi\u00e3o&quot;","block_context":{"text":"Not\u00edcias de Ribeir\u00e3o Preto-SP e Regi\u00e3o","link":"https:\/\/noticiasribeiraopreto.com.br\/index.php\/category\/noticias-de-ribeirao-preto-sp-e-regiao-ismael-colosi\/"},"img":{"alt_text":"","src":"https:\/\/i0.wp.com\/noticiasribeiraopreto.com.br\/wp-content\/uploads\/2026\/06\/mais-de-40-mil-pessoas-devem-passar-pela-rodoviaria-de-ribeirao-no-feriado-de-natal.jpeg?fit=1200%2C900&ssl=1&resize=350%2C200","width":350,"height":200,"srcset":"https:\/\/i0.wp.com\/noticiasribeiraopreto.com.br\/wp-content\/uploads\/2026\/06\/mais-de-40-mil-pessoas-devem-passar-pela-rodoviaria-de-ribeirao-no-feriado-de-natal.jpeg?fit=1200%2C900&ssl=1&resize=350%2C200 1x, https:\/\/i0.wp.com\/noticiasribeiraopreto.com.br\/wp-content\/uploads\/2026\/06\/mais-de-40-mil-pessoas-devem-passar-pela-rodoviaria-de-ribeirao-no-feriado-de-natal.jpeg?fit=1200%2C900&ssl=1&resize=525%2C300 1.5x, https:\/\/i0.wp.com\/noticiasribeiraopreto.com.br\/wp-content\/uploads\/2026\/06\/mais-de-40-mil-pessoas-devem-passar-pela-rodoviaria-de-ribeirao-no-feriado-de-natal.jpeg?fit=1200%2C900&ssl=1&resize=700%2C400 2x, https:\/\/i0.wp.com\/noticiasribeiraopreto.com.br\/wp-content\/uploads\/2026\/06\/mais-de-40-mil-pessoas-devem-passar-pela-rodoviaria-de-ribeirao-no-feriado-de-natal.jpeg?fit=1200%2C900&ssl=1&resize=1050%2C600 3x"},"classes":[]},{"id":19202,"url":"https:\/\/noticiasribeiraopreto.com.br\/index.php\/2023\/12\/21\/final-de-ano-veja-os-dias-com-mais-movimento-na-rodoviaria-de-ribeirao\/","url_meta":{"origin":91141,"position":5},"title":"Final de ano: Veja os dias com mais movimento na rodovi\u00e1ria de Ribeir\u00e3o","author":"noticiasribeiraopreto.com.br","date":"21 de December de 2023","format":false,"excerpt":"Com o Natal e o Ano-Novo chegando, mais de 62 mil pessoas devem passar pela rodovi\u00e1ria de Ribeir\u00e3o Preto. A estimativa \u00e9 da Socicam, gestora do terminal. Os destinos mais procurados, ainda de acordo com a Socicam, s\u00e3o S\u00e3o Paulo, Belo Horizonte, Rio de Janeiro, Goi\u00e2nia, Litoral Sul Paulista e\u2026","rel":"","context":"In &quot;Not\u00edcias de Ribeir\u00e3o Preto-SP e Regi\u00e3o&quot;","block_context":{"text":"Not\u00edcias de Ribeir\u00e3o Preto-SP e Regi\u00e3o","link":"https:\/\/noticiasribeiraopreto.com.br\/index.php\/category\/noticias-de-ribeirao-preto-sp-e-regiao-ismael-colosi\/"},"img":{"alt_text":"","src":"https:\/\/i0.wp.com\/noticiasribeiraopreto.com.br\/wp-content\/uploads\/2023\/12\/WhatsApp-Image-2023-12-21-at-16.11.23.jpeg?fit=1200%2C800&ssl=1&resize=350%2C200","width":350,"height":200,"srcset":"https:\/\/i0.wp.com\/noticiasribeiraopreto.com.br\/wp-content\/uploads\/2023\/12\/WhatsApp-Image-2023-12-21-at-16.11.23.jpeg?fit=1200%2C800&ssl=1&resize=350%2C200 1x, https:\/\/i0.wp.com\/noticiasribeiraopreto.com.br\/wp-content\/uploads\/2023\/12\/WhatsApp-Image-2023-12-21-at-16.11.23.jpeg?fit=1200%2C800&ssl=1&resize=525%2C300 1.5x, https:\/\/i0.wp.com\/noticiasribeiraopreto.com.br\/wp-content\/uploads\/2023\/12\/WhatsApp-Image-2023-12-21-at-16.11.23.jpeg?fit=1200%2C800&ssl=1&resize=700%2C400 2x, https:\/\/i0.wp.com\/noticiasribeiraopreto.com.br\/wp-content\/uploads\/2023\/12\/WhatsApp-Image-2023-12-21-at-16.11.23.jpeg?fit=1200%2C800&ssl=1&resize=1050%2C600 3x"},"classes":[]}],"jetpack_sharing_enabled":true,"jetpack_shortlink":"https:\/\/wp.me\/peQAOb-nI1","jetpack_featured_media_url":"https:\/\/i0.wp.com\/noticiasribeiraopreto.com.br\/wp-content\/uploads\/2026\/09\/mais-de-40-mil-pessoas-devem-passar-pela-rodoviaria-de-ribeirao-no-feriado-de-natal.jpeg?fit=1280%2C960&ssl=1","_links":{"self":[{"href":"https:\/\/noticiasribeiraopreto.com.br\/index.php\/wp-json\/wp\/v2\/posts\/91141","targetHints":{"allow":["GET"]}}],"collection":[{"href":"https:\/\/noticiasribeiraopreto.com.br\/index.php\/wp-json\/wp\/v2\/posts"}],"about":[{"href":"https:\/\/noticiasribeiraopreto.com.br\/index.php\/wp-json\/wp\/v2\/types\/post"}],"author":[{"embeddable":true,"href":"https:\/\/noticiasribeiraopreto.com.br\/index.php\/wp-json\/wp\/v2\/users\/1"}],"replies":[{"embeddable":true,"href":"https:\/\/noticiasribeiraopreto.com.br\/index.php\/wp-json\/wp\/v2\/comments?post=91141"}],"version-history":[{"count":0,"href":"https:\/\/noticiasribeiraopreto.com.br\/index.php\/wp-json\/wp\/v2\/posts\/91141\/revisions"}],"wp:featuredmedia":[{"embeddable":true,"href":"https:\/\/noticiasribeiraopreto.com.br\/index.php\/wp-json\/wp\/v2\/media\/91142"}],"wp:attachment":[{"href":"https:\/\/noticiasribeiraopreto.com.br\/index.php\/wp-json\/wp\/v2\/media?parent=91141"}],"wp:term":[{"taxonomy":"category","embeddable":true,"href":"https:\/\/noticiasribeiraopreto.com.br\/index.php\/wp-json\/wp\/v2\/categories?post=91141"},{"taxonomy":"post_tag","embeddable":true,"href":"https:\/\/noticiasribeiraopreto.com.br\/index.php\/wp-json\/wp\/v2\/tags?post=91141"}],"curies":[{"name":"wp","href":"https:\/\/api.w.org\/{rel}","templated":true}]}}