{"id":91143,"date":"2026-09-05T10:02:53","date_gmt":"2026-09-05T13:02:53","guid":{"rendered":"https:\/\/noticiasribeiraopreto.com.br\/index.php\/2026\/09\/05\/cresce-adesao-a-plano-de-saude-2\/"},"modified":"2026-09-05T10:02:53","modified_gmt":"2026-09-05T13:02:53","slug":"cresce-adesao-a-plano-de-saude-2","status":"publish","type":"post","link":"https:\/\/noticiasribeiraopreto.com.br\/index.php\/2026\/09\/05\/cresce-adesao-a-plano-de-saude-2\/","title":{"rendered":"Cresce ades\u00e3o a plano de sa\u00fade"},"content":{"rendered":"<div class='code-block code-block-1' style='margin: 8px 0 8px auto; text-align: right; display: block; clear: both;'>\n<p><a href=\"https:\/\/wa.link\/vpicfd\"><img data-recalc-dims=\"1\" class=\"wp-image-4922\" style=\"aspect-ratio: 2.0253164556962027; width: 561px; height: auto;\" src=\"https:\/\/i0.wp.com\/ismaelcolosi.com.br\/wp-content\/uploads\/2023\/11\/grupo-de-empregos-whatsapp-e-facebook-ismael-colosi-vagas.jpg?ssl=1\" alt=\"\" \/><\/a><\/p>\n<!-- \/wp:image -->\n<\/div>\n<p> <br \/>\n<\/p>\n<div>\n<p>Segundo a Ag\u00eancia Nacional de Sa\u00fade Suplementar (ANS), Ribeir\u00e3o Preto fechou o ano passado com 348.044 usu\u00e1rios de planos de assist\u00eancia m\u00e9dica-hospitalar, alta de 2,27% e 7.714 benefici\u00e1rios a mais do que os 340.330 de dezembro de 2023. Eram 332.952 no final de 2023, contra 328.131 de 2022 e 313.650 no \u00faltimo m\u00eas de 2021.<\/p>\n<p>Fechou o primeiro semestre deste ano com 349.370 ades\u00f5es em junho, 799 a mais que as 348.571 de maio, crescimento de 0,23%. Na compara\u00e7\u00e3o com os 345.491 do sexto m\u00eas de 2025, s\u00e3o 3.879 a mais, aumento de 1,12%. Do total de 2026, s\u00e3o 230.989 planos coletivos empresariais (66,12%), 47.872 por ades\u00e3o (13,70%) e 69.864 individuais ou familiares (20%), al\u00e9m de 645 n\u00e3o informados (0,18%).<\/p>\n<p>A atual quantidade de pessoas com cobertura de planos de sa\u00fade na cidade representa 47,56% da popula\u00e7\u00e3o ribeir\u00e3o-pretana, estimada em 734.538 habitantes, segundo dados do Instituto Brasileiro de Geografia e Estat\u00edstica (IBGE).<\/p>\n<p>Os planos de assist\u00eancia odontol\u00f3gica saltaram de 208.562 em dezembro de 2024 para 240.801. S\u00e3o 32.239 a mais e aumento de 15,46%. Eram 191.651 no \u00faltimo m\u00eas de 2023, contra 168.044 de 2022 e 150.269 no encerramento de 2021 , de acordo com dados da ANS.<\/p>\n<p>Fechou o primeiro semestre deste ano com 248.377 ades\u00f5es em junho, 969 a mais que as 247.408 de maio, crescimento de 0,39%. Na compara\u00e7\u00e3o com os 213.783 do sexto m\u00eas de 2025, s\u00e3o 34.594 a mais, aumento de 16,18%, indica a ANS.<\/p>\n<p>Do total de 2026, s\u00e3o 174.909 planos coletivos empresariais (70,42%), 24.690 por ades\u00e3o (9,94%) e 48.762 individuais ou familiares (19,63%), al\u00e9m de 16 n\u00e3o informados (0,01%). O n\u00famero de moradores de Ribeir\u00e3o Preto com cobertura de conv\u00eanios odontol\u00f3gicos equivale a 33,81% do total de habitantes do munic\u00edpio.<\/p>\n<p>Neste ano, a diretoria da Ag\u00eancia Nacional de Sa\u00fade Suplementar aprovou aumento de 5,11% nas mensalidades dos planos de sa\u00fade individuais e familiares regulamentados de assist\u00eancia m\u00e9dico-hospitalar no per\u00edodo de 1\u00ba de maio de 2026 at\u00e9 30 de abril de 2027.<\/p>\n<p>A taxa \u00e9 0,95 ponto percentual inferior aos 6,06% de reajuste anual aplicado aos planos de\u202fsa\u00fade\u202fde assist\u00eancia m\u00e9dica individuais\u202fe\u202ffamiliares regulamentados no ano passado.<\/p>\n<p>O reajuste de 5,11% se aplica a 7,7 milh\u00f5es de benefici\u00e1rios de planos de sa\u00fade firmados a partir de janeiro de 1999 ou adaptados pela lei n\u00famero 9.656\/1998. Esse contingente equivalente a 14,5% dos 52,9 milh\u00f5es vidas cobertas pelas operadoras brasileiras.<\/p>\n<p>A aplica\u00e7\u00e3o do reajuste anual s\u00f3 pode ser feita pela operadora no m\u00eas de anivers\u00e1rio do contrato, ou seja, a data de contrata\u00e7\u00e3o do plano. Para os contratos com anivers\u00e1rio em maio e junho, a cobran\u00e7a dever\u00e1 come\u00e7ar em julho ou, no m\u00e1ximo em agosto, retroagindo at\u00e9 o m\u00eas de anivers\u00e1rio.<\/p>\n<p>Em Ribeir\u00e3o Preto, de acordo com dados de em junho, s\u00e3o 69.864 individuais ou familiares, mas nem todos os benefici\u00e1rios deste grupo ser\u00e3o afetados pela corre\u00e7\u00e3o de 5,11%. O aumento vale apenas para planos de sa\u00fade firmados a partir de janeiro de 1999 ou adaptados pela lei n\u00ba 9.656\/1998.<\/p>\n<p>Em todo o pa\u00eds, de acordo com dados de junho da ANS, s\u00e3o 53.145.666 associados a planos de assist\u00eancia m\u00e9dica e 36.711.046 aos exclusivamente odontol\u00f3gicos. No Estado de S\u00e3o Paulo, 18.675.501 paulistas t\u00eam cobertura m\u00e9dica e 12.339.734, odontol\u00f3gica.<\/p>\n<p>Ribeir\u00e3o Preto recebe, no dia 22 de setembro, o I F\u00f3rum de Sa\u00fade Suplementar do Interior Paulista, encontro exclusivo para Operadoras de Sa\u00fade que reunir\u00e1 representantes da ANS, executivos e especialistas para discutir os principais desafios enfrentados pelo setor.<\/p>\n<p>Realizado no Wyndham Garden Ribeir\u00e3o Preto Convention (avenida Wladimir Meirelles Ferreira n\u00ba 856, Jardim Bot\u00e2nico) , o evento ter\u00e1 uma programa\u00e7\u00e3o voltada a temas que impactam diretamente a gest\u00e3o das operadoras, como fiscaliza\u00e7\u00e3o da ANS, incorpora\u00e7\u00e3o de novas tecnologias, governan\u00e7a econ\u00f4mico-financeira, integra\u00e7\u00e3o de dados, efici\u00eancia assistencial e gest\u00e3o de vidas.<\/p>\n<p>O I F\u00f3rum de Sa\u00fade Suplementar do Interior Paulista \u00e9 organizado por M3BS Advogados, CuidarSI, Lancers Administradora de Benef\u00edcios, AgileCare, Solus e Grunitzky Auditores, empresas que atuam em diferentes frentes relacionadas \u00e0 Sa\u00fade Suplementar. Evento exclusivo para operadoras de sa\u00fade. Inscri\u00e7\u00f5es: https:\/\/forumsaude.com.br.<\/p>\n<h2><strong>Raio-X dos planos em Ribeir\u00e3o Preto<\/strong><\/h2>\n<p><strong>Assist\u00eancia m\u00e9dica<br \/><\/strong>Dezembro 2023: 332.952<br \/>Dezembro 2024: 340.330<br \/>Dezembro 2025: 348.044<\/p>\n<p><strong>Assist\u00eancia odontol\u00f3gica<br \/><\/strong>Dezembro 2023: 191.651<br \/>Dezembro 2024: 208.562<br \/>Dezembro 2025: 240.801<\/p>\n<p>\u00a0<\/p>\n<p><strong>Assist\u00eancia m\u00e9dica<\/strong><\/p>\n<p><strong>Junho de 2025:<\/strong> 345.491<\/p>\n<p><strong>Maio de 2026<\/strong><strong>: <\/strong>348.571<\/p>\n<p><strong>Junho de 2026: <\/strong>349.370<br \/>\u2013 Coletivos empresariais:<br \/>230.989 (66,12%)<br \/>\u2013 Ades\u00e3o: 47.872 (13,70%)<br \/>\u2013 Individuais ou familiares:<br \/>69.864 (20%)<br \/>\u2013 N\u00e3o informados: 645\u00a0 (0,18%)<\/p>\n<p>\u00a0<\/p>\n<p><strong>Assist\u00eancia odontol\u00f3gica<\/strong><\/p>\n<p><strong>Junho de 2025:<\/strong> 213.783<\/p>\n<p><strong>Maio de 2026:<\/strong> 247.408<\/p>\n<p><strong>Junho de 2026:<\/strong> 248.377<br \/>\u2013 Coletivos empresariais:<br \/>174.909 (70,42%)<br \/>\u2013 Ades\u00e3o: 24.690 (9,94%)<br \/>\u2013 Individuais ou familiares:<br \/>48.762 (19,63%)<br \/>\u2013 N\u00e3o informados: 16 (0,01%)<\/p>\n<p><strong><em>Fonte: Ag\u00eancia Nacional de Sa\u00fade Suplementar (ANS<\/em><\/strong><\/p>\n<div style=\"background-color: #f4f4f5; border: 1px solid #d4d4d8; padding: 15px; margin: 20px 0; border-radius: 6px; font-family: sans-serif; line-height: 1.5;\">\n    <span style=\"color: #27272a;\">Inscreva-se em nosso Canal no Whatsapp e fique por dentro de tudo que acontece na regi\u00e3o. <\/span><br \/>\n    <a href=\"https:\/\/whatsapp.com\/channel\/0029VanuE2o7z4kYjo0XVS3u\" target=\"_blank\" rel=\"noopener noreferrer\" style=\"color: #16a34a; font-weight: bold; text-decoration: underline;\">Clique Aqui!<\/a>\n<\/div>\n<\/div>\n<p><br \/>\n<br \/><a href=\"https:\/\/www.tribunaribeirao.com.br\/cresce-adesao-a-plano-de-saude-2\/\">Texto original daqui <\/a><\/p>\n<!-- CONTENT END 1 -->\n","protected":false},"excerpt":{"rendered":"<p>Segundo a Ag\u00eancia Nacional de Sa\u00fade Suplementar (ANS), Ribeir\u00e3o Preto fechou o ano passado com 348.044 usu\u00e1rios de planos de assist\u00eancia m\u00e9dica-hospitalar, alta de 2,27%&#8230;<\/p>\n","protected":false},"author":1,"featured_media":91144,"comment_status":"","ping_status":"","sticky":false,"template":"","format":"standard","meta":{"advanced_seo_description":"","jetpack_seo_html_title":"","jetpack_seo_noindex":false,"jetpack_seo_schema_type":"","_jetpack_newsletter_access":"","_jetpack_dont_email_post_to_subs":false,"_jetpack_newsletter_tier_id":0,"_jetpack_memberships_contains_paywalled_content":false,"_jetpack_feature_clip_id":0,"_jetpack_memberships_contains_paid_content":false,"footnotes":"","jetpack_publicize_message":"","jetpack_publicize_feature_enabled":true,"jetpack_social_post_already_shared":true,"jetpack_social_options":{"image_generator_settings":{"template":"highway","default_image_id":0,"font":"","enabled":false},"version":2},"jetpack_post_was_ever_published":false},"categories":[11],"tags":[2519,1088,698,158],"class_list":["post-91143","post","type-post","status-publish","format-standard","has-post-thumbnail","hentry","category-noticias-de-ribeirao-preto-sp-e-regiao-ismael-colosi","tag-adesao","tag-cresce","tag-plano","tag-saude"],"jetpack_publicize_connections":[],"jetpack-related-posts":[{"id":32876,"url":"https:\/\/noticiasribeiraopreto.com.br\/index.php\/2024\/01\/26\/metade-de-rp-tem-plano-de-saude\/","url_meta":{"origin":91143,"position":0},"title":"Metade de RP tem\u00a0plano de sa\u00fade\u00a0","author":"noticiasribeiraopreto.com.br","date":"26 de January de 2024","format":false,"excerpt":"26 de janeiro de 2024 | 18:0026 de janeiro de 2024 | 12:32 0Segundo a Ag\u00eancia Nacional de Sa\u00fade Suplementar (ANS), Ribeir\u00e3o Preto fechou o ano passado com 332.952 usu\u00e1rios de planos de assist\u00eancia m\u00e9dica-hospitalar, alta de 1,47% e 4.821 benefici\u00e1rios a mais que os 328.131 de dezembro de 2022.\u2026","rel":"","context":"In &quot;Not\u00edcias de Ribeir\u00e3o Preto-SP e Regi\u00e3o&quot;","block_context":{"text":"Not\u00edcias de Ribeir\u00e3o Preto-SP e Regi\u00e3o","link":"https:\/\/noticiasribeiraopreto.com.br\/index.php\/category\/noticias-de-ribeirao-preto-sp-e-regiao-ismael-colosi\/"},"img":{"alt_text":"","src":"https:\/\/i0.wp.com\/noticiasribeiraopreto.com.br\/wp-content\/uploads\/2024\/01\/PlanoANS-Marcello-Casal-Jr.-Ag.Br_-scaled.jpg?fit=1000%2C598&ssl=1&resize=350%2C200","width":350,"height":200,"srcset":"https:\/\/i0.wp.com\/noticiasribeiraopreto.com.br\/wp-content\/uploads\/2024\/01\/PlanoANS-Marcello-Casal-Jr.-Ag.Br_-scaled.jpg?fit=1000%2C598&ssl=1&resize=350%2C200 1x, https:\/\/i0.wp.com\/noticiasribeiraopreto.com.br\/wp-content\/uploads\/2024\/01\/PlanoANS-Marcello-Casal-Jr.-Ag.Br_-scaled.jpg?fit=1000%2C598&ssl=1&resize=525%2C300 1.5x, https:\/\/i0.wp.com\/noticiasribeiraopreto.com.br\/wp-content\/uploads\/2024\/01\/PlanoANS-Marcello-Casal-Jr.-Ag.Br_-scaled.jpg?fit=1000%2C598&ssl=1&resize=700%2C400 2x"},"classes":[]},{"id":86080,"url":"https:\/\/noticiasribeiraopreto.com.br\/index.php\/2026\/05\/30\/plano-de-saude-fica-511-mais-caro\/","url_meta":{"origin":91143,"position":1},"title":"Plano de sa\u00fade fica 5,11% mais caro","author":"noticiasribeiraopreto.com.br","date":"30 de May de 2026","format":false,"excerpt":"A diretoria da Ag\u00eancia Nacional de Sa\u00fade Suplementar (ANS) aprovou o aumento de 5,11% nas mensalidades dos planos de sa\u00fade individuais e familiares regulamentados de assist\u00eancia m\u00e9dico-hospitalar no per\u00edodo de 1\u00ba de maio deste ano at\u00e9 30 de abril de 2027. A taxa \u00e9 0,95 ponto percentual inferior aos 6,06%\u2026","rel":"","context":"In &quot;Not\u00edcias de Ribeir\u00e3o Preto-SP e Regi\u00e3o&quot;","block_context":{"text":"Not\u00edcias de Ribeir\u00e3o Preto-SP e Regi\u00e3o","link":"https:\/\/noticiasribeiraopreto.com.br\/index.php\/category\/noticias-de-ribeirao-preto-sp-e-regiao-ismael-colosi\/"},"img":{"alt_text":"","src":"https:\/\/i0.wp.com\/noticiasribeiraopreto.com.br\/wp-content\/uploads\/2026\/05\/PlanoANS-Marcello-Casal-Jr.-Ag.Br_.jpg?fit=1170%2C700&ssl=1&resize=350%2C200","width":350,"height":200,"srcset":"https:\/\/i0.wp.com\/noticiasribeiraopreto.com.br\/wp-content\/uploads\/2026\/05\/PlanoANS-Marcello-Casal-Jr.-Ag.Br_.jpg?fit=1170%2C700&ssl=1&resize=350%2C200 1x, https:\/\/i0.wp.com\/noticiasribeiraopreto.com.br\/wp-content\/uploads\/2026\/05\/PlanoANS-Marcello-Casal-Jr.-Ag.Br_.jpg?fit=1170%2C700&ssl=1&resize=525%2C300 1.5x, https:\/\/i0.wp.com\/noticiasribeiraopreto.com.br\/wp-content\/uploads\/2026\/05\/PlanoANS-Marcello-Casal-Jr.-Ag.Br_.jpg?fit=1170%2C700&ssl=1&resize=700%2C400 2x, https:\/\/i0.wp.com\/noticiasribeiraopreto.com.br\/wp-content\/uploads\/2026\/05\/PlanoANS-Marcello-Casal-Jr.-Ag.Br_.jpg?fit=1170%2C700&ssl=1&resize=1050%2C600 3x"},"classes":[]},{"id":21811,"url":"https:\/\/noticiasribeiraopreto.com.br\/index.php\/2023\/12\/28\/reclamacoes-contra-planos-de-saude-cresceram-quase-50-em-2023\/","url_meta":{"origin":91143,"position":2},"title":"Reclama\u00e7\u00f5es contra planos de sa\u00fade cresceram quase 50% em 2023","author":"noticiasribeiraopreto.com.br","date":"28 de December de 2023","format":false,"excerpt":"28 de dezembro de 2023 | 15:0027 de dezembro de 2023 | 15:29 0As reclama\u00e7\u00f5es de usu\u00e1rios de planos de sa\u00fade tiveram crescimento de 49,7% nos primeiros dez meses de 2023. Os dados foram divulgados nesta quarta-feira (27) pela Ag\u00eancia Nacional de Sa\u00fade Suplementar (ANS).\u00a0Segundo a ag\u00eancia reguladora, o n\u00famero\u2026","rel":"","context":"In &quot;Not\u00edcias de Ribeir\u00e3o Preto-SP e Regi\u00e3o&quot;","block_context":{"text":"Not\u00edcias de Ribeir\u00e3o Preto-SP e Regi\u00e3o","link":"https:\/\/noticiasribeiraopreto.com.br\/index.php\/category\/noticias-de-ribeirao-preto-sp-e-regiao-ismael-colosi\/"},"img":{"alt_text":"","src":"https:\/\/i0.wp.com\/noticiasribeiraopreto.com.br\/wp-content\/uploads\/2023\/12\/5c1defa3-8dc9-4eb2-80fa-55ca5a37853a-scaled.jpg?fit=967%2C645&ssl=1&resize=350%2C200","width":350,"height":200,"srcset":"https:\/\/i0.wp.com\/noticiasribeiraopreto.com.br\/wp-content\/uploads\/2023\/12\/5c1defa3-8dc9-4eb2-80fa-55ca5a37853a-scaled.jpg?fit=967%2C645&ssl=1&resize=350%2C200 1x, https:\/\/i0.wp.com\/noticiasribeiraopreto.com.br\/wp-content\/uploads\/2023\/12\/5c1defa3-8dc9-4eb2-80fa-55ca5a37853a-scaled.jpg?fit=967%2C645&ssl=1&resize=525%2C300 1.5x, https:\/\/i0.wp.com\/noticiasribeiraopreto.com.br\/wp-content\/uploads\/2023\/12\/5c1defa3-8dc9-4eb2-80fa-55ca5a37853a-scaled.jpg?fit=967%2C645&ssl=1&resize=700%2C400 2x"},"classes":[]},{"id":75045,"url":"https:\/\/noticiasribeiraopreto.com.br\/index.php\/2025\/08\/02\/operadoras-atenderao-sus-para-pagar-divida\/","url_meta":{"origin":91143,"position":3},"title":"Operadoras atender\u00e3o SUS para pagar d\u00edvida","author":"noticiasribeiraopreto.com.br","date":"2 de August de 2025","format":false,"excerpt":"2 de agosto de 2025 10:301 de agosto de 2025 20:435 Compartilhar0 Desde esta sexta-feira, 1\u00ba de agosto, pacientes da rede p\u00fablica podem ser atendidos de forma gratuita por planos de sa\u00fade. Uma portaria que viabiliza a troca de d\u00edvidas de ressarcimento ao Sistema \u00danico de Sa\u00fade (SUS) pela presta\u00e7\u00e3o\u2026","rel":"","context":"In &quot;Not\u00edcias de Ribeir\u00e3o Preto-SP e Regi\u00e3o&quot;","block_context":{"text":"Not\u00edcias de Ribeir\u00e3o Preto-SP e Regi\u00e3o","link":"https:\/\/noticiasribeiraopreto.com.br\/index.php\/category\/noticias-de-ribeirao-preto-sp-e-regiao-ismael-colosi\/"},"img":{"alt_text":"","src":"https:\/\/i0.wp.com\/noticiasribeiraopreto.com.br\/wp-content\/uploads\/2025\/08\/PlanoSUS-Marcello-Casal-Jr.-Ag.Br_.jpg?fit=1170%2C700&ssl=1&resize=350%2C200","width":350,"height":200,"srcset":"https:\/\/i0.wp.com\/noticiasribeiraopreto.com.br\/wp-content\/uploads\/2025\/08\/PlanoSUS-Marcello-Casal-Jr.-Ag.Br_.jpg?fit=1170%2C700&ssl=1&resize=350%2C200 1x, https:\/\/i0.wp.com\/noticiasribeiraopreto.com.br\/wp-content\/uploads\/2025\/08\/PlanoSUS-Marcello-Casal-Jr.-Ag.Br_.jpg?fit=1170%2C700&ssl=1&resize=525%2C300 1.5x, https:\/\/i0.wp.com\/noticiasribeiraopreto.com.br\/wp-content\/uploads\/2025\/08\/PlanoSUS-Marcello-Casal-Jr.-Ag.Br_.jpg?fit=1170%2C700&ssl=1&resize=700%2C400 2x, https:\/\/i0.wp.com\/noticiasribeiraopreto.com.br\/wp-content\/uploads\/2025\/08\/PlanoSUS-Marcello-Casal-Jr.-Ag.Br_.jpg?fit=1170%2C700&ssl=1&resize=1050%2C600 3x"},"classes":[]},{"id":72954,"url":"https:\/\/noticiasribeiraopreto.com.br\/index.php\/2025\/06\/23\/reajuste-de-planos-de-saude-chega-a-606\/","url_meta":{"origin":91143,"position":4},"title":"Reajuste de planos de sa\u00fade chega a 6,06%","author":"noticiasribeiraopreto.com.br","date":"23 de June de 2025","format":false,"excerpt":"A Ag\u00eancia Nacional\u202fde\u202fSa\u00fade\u202fSuplementar (ANS) limitou\u202fa 6,06% o percentual de reajuste anual que poder\u00e1 ser aplicado aos planos de\u202fsa\u00fade\u202fde assist\u00eancia m\u00e9dica individuais\u202fe\u202ffamiliares regulamentados (contratados a partir de 1\u00ba de janeiro de 1999 ou adaptados \u00e0 lei n\u00ba 9.656\/98). O percentual \u00e9 o\u202fteto\u202fv\u00e1lido\u202fpara\u202fo per\u00edodo entre maio de 2025 e abril de 2026\u2026","rel":"","context":"In &quot;Not\u00edcias de Ribeir\u00e3o Preto-SP e Regi\u00e3o&quot;","block_context":{"text":"Not\u00edcias de Ribeir\u00e3o Preto-SP e Regi\u00e3o","link":"https:\/\/noticiasribeiraopreto.com.br\/index.php\/category\/noticias-de-ribeirao-preto-sp-e-regiao-ismael-colosi\/"},"img":{"alt_text":"","src":"https:\/\/i0.wp.com\/noticiasribeiraopreto.com.br\/wp-content\/uploads\/2025\/06\/PlanoANS-Marcello-Casal-Jr.-Ag.Br_-scaled.jpg?fit=800%2C479&ssl=1&resize=350%2C200","width":350,"height":200,"srcset":"https:\/\/i0.wp.com\/noticiasribeiraopreto.com.br\/wp-content\/uploads\/2025\/06\/PlanoANS-Marcello-Casal-Jr.-Ag.Br_-scaled.jpg?fit=800%2C479&ssl=1&resize=350%2C200 1x, https:\/\/i0.wp.com\/noticiasribeiraopreto.com.br\/wp-content\/uploads\/2025\/06\/PlanoANS-Marcello-Casal-Jr.-Ag.Br_-scaled.jpg?fit=800%2C479&ssl=1&resize=525%2C300 1.5x, https:\/\/i0.wp.com\/noticiasribeiraopreto.com.br\/wp-content\/uploads\/2025\/06\/PlanoANS-Marcello-Casal-Jr.-Ag.Br_-scaled.jpg?fit=800%2C479&ssl=1&resize=700%2C400 2x"},"classes":[]},{"id":32687,"url":"https:\/\/noticiasribeiraopreto.com.br\/index.php\/2024\/01\/26\/numero-de-usuarios-de-planos-de-saude-passa-de-51-milhoes-em-2023\/","url_meta":{"origin":91143,"position":5},"title":"N\u00famero de usu\u00e1rios de planos de sa\u00fade passa de 51 milh\u00f5es em 2023","author":"noticiasribeiraopreto.com.br","date":"26 de January de 2024","format":false,"excerpt":"25 de janeiro de 2024 | 14:0025 de janeiro de 2024 | 10:38 0Levantamento divulgado nesta quarta-feira (24) pela Ag\u00eancia Nacional de Sa\u00fade Suplementar (ANS) revela que o setor totalizou, em dezembro do ano passado, 51.081.018 usu\u00e1rios de planos de assist\u00eancia m\u00e9dica, superando, pela primeira vez, a marca de 51\u2026","rel":"","context":"In &quot;Not\u00edcias de Ribeir\u00e3o Preto-SP e Regi\u00e3o&quot;","block_context":{"text":"Not\u00edcias de Ribeir\u00e3o Preto-SP e Regi\u00e3o","link":"https:\/\/noticiasribeiraopreto.com.br\/index.php\/category\/noticias-de-ribeirao-preto-sp-e-regiao-ismael-colosi\/"},"img":{"alt_text":"","src":"https:\/\/i0.wp.com\/noticiasribeiraopreto.com.br\/wp-content\/uploads\/2024\/01\/9b8960ba-45c7-4867-92fa-3d2a6bf5aae5.jpg?fit=724%2C483&ssl=1&resize=350%2C200","width":350,"height":200,"srcset":"https:\/\/i0.wp.com\/noticiasribeiraopreto.com.br\/wp-content\/uploads\/2024\/01\/9b8960ba-45c7-4867-92fa-3d2a6bf5aae5.jpg?fit=724%2C483&ssl=1&resize=350%2C200 1x, https:\/\/i0.wp.com\/noticiasribeiraopreto.com.br\/wp-content\/uploads\/2024\/01\/9b8960ba-45c7-4867-92fa-3d2a6bf5aae5.jpg?fit=724%2C483&ssl=1&resize=525%2C300 1.5x, https:\/\/i0.wp.com\/noticiasribeiraopreto.com.br\/wp-content\/uploads\/2024\/01\/9b8960ba-45c7-4867-92fa-3d2a6bf5aae5.jpg?fit=724%2C483&ssl=1&resize=700%2C400 2x"},"classes":[]}],"jetpack_sharing_enabled":true,"jetpack_shortlink":"https:\/\/wp.me\/peQAOb-nI3","jetpack_featured_media_url":"https:\/\/i0.wp.com\/noticiasribeiraopreto.com.br\/wp-content\/uploads\/2026\/09\/PlanoANS-Marcello-Casal-Jr.-Ag.Br_.jpg?fit=1170%2C700&ssl=1","_links":{"self":[{"href":"https:\/\/noticiasribeiraopreto.com.br\/index.php\/wp-json\/wp\/v2\/posts\/91143","targetHints":{"allow":["GET"]}}],"collection":[{"href":"https:\/\/noticiasribeiraopreto.com.br\/index.php\/wp-json\/wp\/v2\/posts"}],"about":[{"href":"https:\/\/noticiasribeiraopreto.com.br\/index.php\/wp-json\/wp\/v2\/types\/post"}],"author":[{"embeddable":true,"href":"https:\/\/noticiasribeiraopreto.com.br\/index.php\/wp-json\/wp\/v2\/users\/1"}],"replies":[{"embeddable":true,"href":"https:\/\/noticiasribeiraopreto.com.br\/index.php\/wp-json\/wp\/v2\/comments?post=91143"}],"version-history":[{"count":0,"href":"https:\/\/noticiasribeiraopreto.com.br\/index.php\/wp-json\/wp\/v2\/posts\/91143\/revisions"}],"wp:featuredmedia":[{"embeddable":true,"href":"https:\/\/noticiasribeiraopreto.com.br\/index.php\/wp-json\/wp\/v2\/media\/91144"}],"wp:attachment":[{"href":"https:\/\/noticiasribeiraopreto.com.br\/index.php\/wp-json\/wp\/v2\/media?parent=91143"}],"wp:term":[{"taxonomy":"category","embeddable":true,"href":"https:\/\/noticiasribeiraopreto.com.br\/index.php\/wp-json\/wp\/v2\/categories?post=91143"},{"taxonomy":"post_tag","embeddable":true,"href":"https:\/\/noticiasribeiraopreto.com.br\/index.php\/wp-json\/wp\/v2\/tags?post=91143"}],"curies":[{"name":"wp","href":"https:\/\/api.w.org\/{rel}","templated":true}]}}