{"id":91145,"date":"2026-09-05T10:21:35","date_gmt":"2026-09-05T13:21:35","guid":{"rendered":"https:\/\/noticiasribeiraopreto.com.br\/index.php\/2026\/09\/05\/motociclista-morre-apos-bater-em-caminhonete-em-rodovia-do-interior-de-sp\/"},"modified":"2026-09-05T10:21:35","modified_gmt":"2026-09-05T13:21:35","slug":"motociclista-morre-apos-bater-em-caminhonete-em-rodovia-do-interior-de-sp","status":"publish","type":"post","link":"https:\/\/noticiasribeiraopreto.com.br\/index.php\/2026\/09\/05\/motociclista-morre-apos-bater-em-caminhonete-em-rodovia-do-interior-de-sp\/","title":{"rendered":"Motociclista morre ap\u00f3s bater em caminhonete em rodovia do interior de SP"},"content":{"rendered":"<div class='code-block code-block-1' style='margin: 8px 0 8px auto; text-align: right; display: block; clear: both;'>\n<p><a href=\"https:\/\/wa.link\/vpicfd\"><img data-recalc-dims=\"1\" class=\"wp-image-4922\" style=\"aspect-ratio: 2.0253164556962027; width: 561px; height: auto;\" src=\"https:\/\/i0.wp.com\/ismaelcolosi.com.br\/wp-content\/uploads\/2023\/11\/grupo-de-empregos-whatsapp-e-facebook-ismael-colosi-vagas.jpg?ssl=1\" alt=\"\" \/><\/a><\/p>\n<!-- \/wp:image -->\n<\/div>\n<p> <br \/>\n<\/p>\n<p>Um <strong>motociclista <\/strong>morreu ap\u00f3s se envolver em um <strong>acidente com uma caminhonete<\/strong> na rodovia Laurentino Mascari (SP-333), em <strong>Taquaritinga<\/strong>, regi\u00e3o de Ribeir\u00e3o Preto, na noite desta sexta-feira (4).<\/p>\n<p>A ocorr\u00eancia foi registrada por volta das 19h50, nas proximidades do km 161. Segundo informa\u00e7\u00f5es do <strong>Centro de Controle Multimodal (CCM) da Artesp<\/strong>, a caminhonete trafegava no sentido oeste da rodovia quando o motorista parou no acostamento para acessar um posto de gasolina.<\/p>\n<p>Durante a manobra para entrar na al\u00e7a de acesso, a caminhonete acabou ocupando a faixa no sentido contr\u00e1rio. <strong>Naquele momento, o ve\u00edculo foi atingido lateralmente pela motocicleta.<\/strong><\/p>\n<p>Com o impacto da colis\u00e3o, o motociclista foi lan\u00e7ado para a pista.<\/p>\n<figure class=\"wp-block-image size-large\"><figcaption class=\"wp-element-caption\">Acidente com motociclista acontece na noite desta sexta-feira (4) em Taquaritinga \u2013 Foto: Artesp.<\/figcaption><\/figure>\n<p class=\"has-text-align-center has-cyan-bluish-gray-background-color has-background\"><em>Receba not\u00edcias do\u00a0<strong>acidade on Ribeir\u00e3o\u00a0<\/strong>no WhatsApp e fique por dentro de tudo! Basta acessar o link<a href=\"https:\/\/chat.whatsapp.com\/DfXwcjKVIddHUT3BvnQuPZ?mode=hqctshi\" target=\"_blank\" rel=\"noreferrer noopener\">\u00a0aqui<\/a>!<\/em><\/p>\n<h2 class=\"wp-block-heading\"><strong>Motociclista morreu no local<\/strong><\/h2>\n<p>Equipes da concession\u00e1ria que administra a rodovia, da Pol\u00edcia Militar Rodovi\u00e1ria e do servi\u00e7o de resgate foram mobilizadas para atender a ocorr\u00eancia.<\/p>\n<p>Os profissionais de sa\u00fade realizaram manobras de reanima\u00e7\u00e3o, <strong>mas o motociclista n\u00e3o resistiu aos ferimentos e morreu ainda no local do acidente<\/strong> \u2013 <strong><mark class=\"has-inline-color\">a identidade dele n\u00e3o foi divulgada at\u00e9 a publica\u00e7\u00e3o desse texto.<\/mark><\/strong><\/p>\n<p>Ap\u00f3s o acidente, a al\u00e7a de acesso ao posto de gasolina precisou ser interditada. Segundo as informa\u00e7\u00f5es da ocorr\u00eancia, o bloqueio durou aproximadamente cinco horas. <strong>Uma equipe funer\u00e1ria tamb\u00e9m foi acionada para realizar a remo\u00e7\u00e3o do corpo.<\/strong><\/p>\n<figure class=\"wp-block-gallery has-nested-images columns-default is-cropped wp-block-gallery-1 is-layout-flex wp-block-gallery-is-layout-flex\">\n<figure class=\"wp-block-image size-large\"><img data-recalc-dims=\"1\" loading=\"lazy\" decoding=\"async\" width=\"1024\" height=\"576\" data-id=\"173789\" src=\"https:\/\/i0.wp.com\/www.acidadeon.com\/ribeiraopreto\/wp-content\/uploads\/sites\/3\/2026\/09\/acidente-morte-taquaritinga-3-1024x576.jpg?resize=1024%2C576&#038;ssl=1\" alt=\"Acidente com motociclista acontece na noite desta sexta-feira (4) em Taquaritinga - Foto: Artesp.\" class=\"wp-image-173789\" title=\"Motociclista morre ap\u00f3s bater em caminhonete em rodovia do interior de SP 2\"><figcaption class=\"wp-element-caption\">Acidente com motociclista acontece na noite desta sexta-feira (4) em Taquaritinga \u2013 Foto: Artesp.<\/figcaption><\/figure>\n<figure class=\"wp-block-image size-large\"><img data-recalc-dims=\"1\" loading=\"lazy\" decoding=\"async\" width=\"1024\" height=\"576\" data-id=\"173790\" src=\"https:\/\/i0.wp.com\/www.acidadeon.com\/ribeiraopreto\/wp-content\/uploads\/sites\/3\/2026\/09\/acidente-morte-taquaritinga-2-1024x576.jpg?resize=1024%2C576&#038;ssl=1\" alt=\"Acidente com motociclista acontece na noite desta sexta-feira (4) em Taquaritinga - Foto: Artesp.\" class=\"wp-image-173790\" title=\"Motociclista morre ap\u00f3s bater em caminhonete em rodovia do interior de SP 3\"><figcaption class=\"wp-element-caption\">Acidente com motociclista acontece na noite desta sexta-feira (4) em Taquaritinga \u2013 Foto: Artesp.<\/figcaption><\/figure>\n<\/figure>\n<p class=\"has-text-align-center has-cyan-bluish-gray-background-color has-background\"><em>Fa\u00e7a uma den\u00fancia ou sugira uma reportagem sobre\u00a0<strong>Ribeir\u00e3o Preto\u00a0<\/strong>e regi\u00e3o por meio do WhatsApp do\u00a0<strong>acidade on Ribeir\u00e3o<\/strong>: (16) 99117-7802.<\/em><\/p>\n<\/p>\n<p>O post Motociclista morre ap\u00f3s bater em caminhonete em rodovia do interior de SP apareceu primeiro em ACidade ON Ribeir\u00e3o Preto.<\/p>\n<p><br \/>\n<br \/><a href=\"https:\/\/www.acidadeon.com\/ribeiraopreto\/cotidiano\/motociclista-morre-apos-bater-em-caminhonete-em-rodovia-do-interior-de-sp\/\">Link para o texto original aqui <\/a><\/p>\n<!-- CONTENT END 1 -->\n","protected":false},"excerpt":{"rendered":"<p>Um motociclista morreu ap\u00f3s se envolver em um acidente com uma caminhonete na rodovia Laurentino Mascari (SP-333), em Taquaritinga, regi\u00e3o de Ribeir\u00e3o Preto, na noite&#8230;<\/p>\n","protected":false},"author":1,"featured_media":91146,"comment_status":"","ping_status":"","sticky":false,"template":"","format":"standard","meta":{"advanced_seo_description":"","jetpack_seo_html_title":"","jetpack_seo_noindex":false,"jetpack_seo_schema_type":"","_jetpack_newsletter_access":"","_jetpack_dont_email_post_to_subs":false,"_jetpack_newsletter_tier_id":0,"_jetpack_memberships_contains_paywalled_content":false,"_jetpack_feature_clip_id":0,"_jetpack_memberships_contains_paid_content":false,"footnotes":"","jetpack_publicize_message":"","jetpack_publicize_feature_enabled":true,"jetpack_social_post_already_shared":true,"jetpack_social_options":{"image_generator_settings":{"template":"highway","default_image_id":0,"font":"","enabled":false},"version":2},"jetpack_post_was_ever_published":false},"categories":[11],"tags":[37,661,2035,237,271,904,80],"class_list":["post-91145","post","type-post","status-publish","format-standard","has-post-thumbnail","hentry","category-noticias-de-ribeirao-preto-sp-e-regiao-ismael-colosi","tag-apos","tag-bater","tag-caminhonete","tag-interior","tag-morre","tag-motociclista","tag-rodovia"],"jetpack_publicize_connections":[],"jetpack-related-posts":[{"id":41600,"url":"https:\/\/noticiasribeiraopreto.com.br\/index.php\/2024\/03\/09\/motociclista-morre-apos-bater-em-onibus-e-ser-arrastado-por-caminhonete-na-regiao-de-ribeirao\/","url_meta":{"origin":91145,"position":0},"title":"Motociclista morre ap\u00f3s bater em \u00f4nibus e ser arrastado por caminhonete na regi\u00e3o de Ribeir\u00e3o","author":"noticiasribeiraopreto.com.br","date":"9 de March de 2024","format":false,"excerpt":"Na noite desta sexta-feira (8), um motociclista de 47 anos morreu depois de se envolver em um acidente com um \u00f4nibus e uma caminhonete, na rodovia Doutor William Amin (SP-385), entre Miguel\u00f3polis e Ituverava, na regi\u00e3o de Ribeir\u00e3o Preto. De acordo com o motorista do \u00f4nibus, ele seguia pela via,\u2026","rel":"","context":"In &quot;Not\u00edcias de Ribeir\u00e3o Preto-SP e Regi\u00e3o&quot;","block_context":{"text":"Not\u00edcias de Ribeir\u00e3o Preto-SP e Regi\u00e3o","link":"https:\/\/noticiasribeiraopreto.com.br\/index.php\/category\/noticias-de-ribeirao-preto-sp-e-regiao-ismael-colosi\/"},"img":{"alt_text":"","src":"https:\/\/i0.wp.com\/noticiasribeiraopreto.com.br\/wp-content\/uploads\/2024\/03\/AnyConv.com__MOTOCICLISTA.webp.webp?fit=1200%2C750&ssl=1&resize=350%2C200","width":350,"height":200,"srcset":"https:\/\/i0.wp.com\/noticiasribeiraopreto.com.br\/wp-content\/uploads\/2024\/03\/AnyConv.com__MOTOCICLISTA.webp.webp?fit=1200%2C750&ssl=1&resize=350%2C200 1x, https:\/\/i0.wp.com\/noticiasribeiraopreto.com.br\/wp-content\/uploads\/2024\/03\/AnyConv.com__MOTOCICLISTA.webp.webp?fit=1200%2C750&ssl=1&resize=525%2C300 1.5x, https:\/\/i0.wp.com\/noticiasribeiraopreto.com.br\/wp-content\/uploads\/2024\/03\/AnyConv.com__MOTOCICLISTA.webp.webp?fit=1200%2C750&ssl=1&resize=700%2C400 2x, https:\/\/i0.wp.com\/noticiasribeiraopreto.com.br\/wp-content\/uploads\/2024\/03\/AnyConv.com__MOTOCICLISTA.webp.webp?fit=1200%2C750&ssl=1&resize=1050%2C600 3x"},"classes":[]},{"id":14900,"url":"https:\/\/noticiasribeiraopreto.com.br\/index.php\/2023\/12\/12\/motociclista-morre-apos-bater-em-carro-e-ser-atropelado-por-caminhonete-em-ribeirao\/","url_meta":{"origin":91145,"position":1},"title":"Motociclista morre ap\u00f3s bater em carro e ser atropelado por caminhonete em Ribeir\u00e3o","author":"noticiasribeiraopreto.com.br","date":"12 de December de 2023","format":false,"excerpt":"Um motociclista morreu, na tarde desta ter\u00e7a-feira (12), ap\u00f3s se envolver em um acidente na avenida Alfredo Ravaneli, na zona Leste de Ribeir\u00e3o Preto. De acordo com a apura\u00e7\u00e3o da EPTV, o homem, de 35 anos, pilotava a moto quando bateu na traseira de um ve\u00edculo que seguia no mesmo\u2026","rel":"","context":"In &quot;Not\u00edcias de Ribeir\u00e3o Preto-SP e Regi\u00e3o&quot;","block_context":{"text":"Not\u00edcias de Ribeir\u00e3o Preto-SP e Regi\u00e3o","link":"https:\/\/noticiasribeiraopreto.com.br\/index.php\/category\/noticias-de-ribeirao-preto-sp-e-regiao-ismael-colosi\/"},"img":{"alt_text":"","src":"https:\/\/i0.wp.com\/noticiasribeiraopreto.com.br\/wp-content\/uploads\/2023\/12\/Copia-de-Copia-de-TAMANHO-EXATO-PARA-FOTOS-NO-SISTEMA-NOVO-16.png?fit=1200%2C675&ssl=1&resize=350%2C200","width":350,"height":200,"srcset":"https:\/\/i0.wp.com\/noticiasribeiraopreto.com.br\/wp-content\/uploads\/2023\/12\/Copia-de-Copia-de-TAMANHO-EXATO-PARA-FOTOS-NO-SISTEMA-NOVO-16.png?fit=1200%2C675&ssl=1&resize=350%2C200 1x, https:\/\/i0.wp.com\/noticiasribeiraopreto.com.br\/wp-content\/uploads\/2023\/12\/Copia-de-Copia-de-TAMANHO-EXATO-PARA-FOTOS-NO-SISTEMA-NOVO-16.png?fit=1200%2C675&ssl=1&resize=525%2C300 1.5x, https:\/\/i0.wp.com\/noticiasribeiraopreto.com.br\/wp-content\/uploads\/2023\/12\/Copia-de-Copia-de-TAMANHO-EXATO-PARA-FOTOS-NO-SISTEMA-NOVO-16.png?fit=1200%2C675&ssl=1&resize=700%2C400 2x, https:\/\/i0.wp.com\/noticiasribeiraopreto.com.br\/wp-content\/uploads\/2023\/12\/Copia-de-Copia-de-TAMANHO-EXATO-PARA-FOTOS-NO-SISTEMA-NOVO-16.png?fit=1200%2C675&ssl=1&resize=1050%2C600 3x"},"classes":[]},{"id":74715,"url":"https:\/\/noticiasribeiraopreto.com.br\/index.php\/2025\/07\/28\/casal-morre-apos-bater-em-caminhonete-vinda-na-contramao\/","url_meta":{"origin":91145,"position":2},"title":"Casal morre ap\u00f3s bater em caminhonete vinda na contram\u00e3o","author":"noticiasribeiraopreto.com.br","date":"28 de July de 2025","format":false,"excerpt":"Motorista de caminhonete sofreu ferimentos graves e est\u00e1 preso com escolta policial por suspeita de embriaguez 28 de julho de 2025 10:144 Compartilhar0 Por: Adalberto Luque Um casal morreu e duas pessoas ficaram feridas, na noite deste domingo (27), ap\u00f3s uma colis\u00e3o frontal. O acidente ocorreu na Rodovia Brigadeiro Faria\u2026","rel":"","context":"In &quot;Not\u00edcias de Ribeir\u00e3o Preto-SP e Regi\u00e3o&quot;","block_context":{"text":"Not\u00edcias de Ribeir\u00e3o Preto-SP e Regi\u00e3o","link":"https:\/\/noticiasribeiraopreto.com.br\/index.php\/category\/noticias-de-ribeirao-preto-sp-e-regiao-ismael-colosi\/"},"img":{"alt_text":"","src":"https:\/\/i0.wp.com\/noticiasribeiraopreto.com.br\/wp-content\/uploads\/2025\/07\/28-jul-2025-acidenteguariba1.jpg?fit=1167%2C615&ssl=1&resize=350%2C200","width":350,"height":200,"srcset":"https:\/\/i0.wp.com\/noticiasribeiraopreto.com.br\/wp-content\/uploads\/2025\/07\/28-jul-2025-acidenteguariba1.jpg?fit=1167%2C615&ssl=1&resize=350%2C200 1x, https:\/\/i0.wp.com\/noticiasribeiraopreto.com.br\/wp-content\/uploads\/2025\/07\/28-jul-2025-acidenteguariba1.jpg?fit=1167%2C615&ssl=1&resize=525%2C300 1.5x, https:\/\/i0.wp.com\/noticiasribeiraopreto.com.br\/wp-content\/uploads\/2025\/07\/28-jul-2025-acidenteguariba1.jpg?fit=1167%2C615&ssl=1&resize=700%2C400 2x, https:\/\/i0.wp.com\/noticiasribeiraopreto.com.br\/wp-content\/uploads\/2025\/07\/28-jul-2025-acidenteguariba1.jpg?fit=1167%2C615&ssl=1&resize=1050%2C600 3x"},"classes":[]},{"id":75966,"url":"https:\/\/noticiasribeiraopreto.com.br\/index.php\/2025\/08\/19\/motociclista-morre-apos-colisao-com-carreta-em-rodovia-na-regiao-de-ribeirao\/","url_meta":{"origin":91145,"position":3},"title":"Motociclista morre ap\u00f3s colis\u00e3o com carreta em rodovia na regi\u00e3o de Ribeir\u00e3o","author":"noticiasribeiraopreto.com.br","date":"19 de August de 2025","format":false,"excerpt":"Um motociclista morreu ap\u00f3s se envolver em um acidente de tr\u00e2nsito com uma carreta na rodovia Brigadeiro Faria Lima (SP-326), em Pitangueiras, cidade na regi\u00e3o de Ribeir\u00e3o Preto, na tarde desta ter\u00e7a-feira (19). Segundo o Centro de Controle de Informa\u00e7\u00f5es (CCI) da Artesp, os ve\u00edculos trafegavam pela rodovia no sentido\u2026","rel":"","context":"In &quot;Not\u00edcias de Ribeir\u00e3o Preto-SP e Regi\u00e3o&quot;","block_context":{"text":"Not\u00edcias de Ribeir\u00e3o Preto-SP e Regi\u00e3o","link":"https:\/\/noticiasribeiraopreto.com.br\/index.php\/category\/noticias-de-ribeirao-preto-sp-e-regiao-ismael-colosi\/"},"img":{"alt_text":"","src":"https:\/\/i0.wp.com\/noticiasribeiraopreto.com.br\/wp-content\/uploads\/2025\/08\/Copia-de-Copia-de-Copia-de-TAMANHO-EXATO-PARA-FOTOS-NO-SISTEMA-NOVO-2025-08-19T142955.638_2025-08-19_17-30-09.webp.webp?fit=1200%2C675&ssl=1&resize=350%2C200","width":350,"height":200,"srcset":"https:\/\/i0.wp.com\/noticiasribeiraopreto.com.br\/wp-content\/uploads\/2025\/08\/Copia-de-Copia-de-Copia-de-TAMANHO-EXATO-PARA-FOTOS-NO-SISTEMA-NOVO-2025-08-19T142955.638_2025-08-19_17-30-09.webp.webp?fit=1200%2C675&ssl=1&resize=350%2C200 1x, https:\/\/i0.wp.com\/noticiasribeiraopreto.com.br\/wp-content\/uploads\/2025\/08\/Copia-de-Copia-de-Copia-de-TAMANHO-EXATO-PARA-FOTOS-NO-SISTEMA-NOVO-2025-08-19T142955.638_2025-08-19_17-30-09.webp.webp?fit=1200%2C675&ssl=1&resize=525%2C300 1.5x, https:\/\/i0.wp.com\/noticiasribeiraopreto.com.br\/wp-content\/uploads\/2025\/08\/Copia-de-Copia-de-Copia-de-TAMANHO-EXATO-PARA-FOTOS-NO-SISTEMA-NOVO-2025-08-19T142955.638_2025-08-19_17-30-09.webp.webp?fit=1200%2C675&ssl=1&resize=700%2C400 2x, https:\/\/i0.wp.com\/noticiasribeiraopreto.com.br\/wp-content\/uploads\/2025\/08\/Copia-de-Copia-de-Copia-de-TAMANHO-EXATO-PARA-FOTOS-NO-SISTEMA-NOVO-2025-08-19T142955.638_2025-08-19_17-30-09.webp.webp?fit=1200%2C675&ssl=1&resize=1050%2C600 3x"},"classes":[]},{"id":64141,"url":"https:\/\/noticiasribeiraopreto.com.br\/index.php\/2025\/03\/03\/motociclista-morre-apos-ser-arremessado-em-colisao-com-caminhonete\/","url_meta":{"origin":91145,"position":4},"title":"Motociclista morre ap\u00f3s ser arremessado em colis\u00e3o com caminhonete","author":"noticiasribeiraopreto.com.br","date":"3 de March de 2025","format":false,"excerpt":"Um motociclista de 23 anos morreu na tarde deste domingo (2) ap\u00f3s se envolver em um acidente com uma caminhonete em Franca. Durante a ocorr\u00eancia, o passageiro da caminhonete foi preso, j\u00e1 que era procurado por estar devendo a pens\u00e3o aliment\u00edcia. O acidente aconteceu no cruzamento das ruas Prudente de\u2026","rel":"","context":"In &quot;Not\u00edcias de Ribeir\u00e3o Preto-SP e Regi\u00e3o&quot;","block_context":{"text":"Not\u00edcias de Ribeir\u00e3o Preto-SP e Regi\u00e3o","link":"https:\/\/noticiasribeiraopreto.com.br\/index.php\/category\/noticias-de-ribeirao-preto-sp-e-regiao-ismael-colosi\/"},"img":{"alt_text":"","src":"https:\/\/i0.wp.com\/noticiasribeiraopreto.com.br\/wp-content\/uploads\/2025\/03\/acidente-franca_2025-03-02_21-20-51_jpg_2025-03-02_21-20-51.webp.webp?fit=1200%2C673&ssl=1&resize=350%2C200","width":350,"height":200,"srcset":"https:\/\/i0.wp.com\/noticiasribeiraopreto.com.br\/wp-content\/uploads\/2025\/03\/acidente-franca_2025-03-02_21-20-51_jpg_2025-03-02_21-20-51.webp.webp?fit=1200%2C673&ssl=1&resize=350%2C200 1x, https:\/\/i0.wp.com\/noticiasribeiraopreto.com.br\/wp-content\/uploads\/2025\/03\/acidente-franca_2025-03-02_21-20-51_jpg_2025-03-02_21-20-51.webp.webp?fit=1200%2C673&ssl=1&resize=525%2C300 1.5x, https:\/\/i0.wp.com\/noticiasribeiraopreto.com.br\/wp-content\/uploads\/2025\/03\/acidente-franca_2025-03-02_21-20-51_jpg_2025-03-02_21-20-51.webp.webp?fit=1200%2C673&ssl=1&resize=700%2C400 2x, https:\/\/i0.wp.com\/noticiasribeiraopreto.com.br\/wp-content\/uploads\/2025\/03\/acidente-franca_2025-03-02_21-20-51_jpg_2025-03-02_21-20-51.webp.webp?fit=1200%2C673&ssl=1&resize=1050%2C600 3x"},"classes":[]},{"id":80765,"url":"https:\/\/noticiasribeiraopreto.com.br\/index.php\/2025\/12\/13\/motorista-morre-apos-caminhonete-bater-de-frente-com-caminhao-na-regiao-de-ribeirao-preto\/","url_meta":{"origin":91145,"position":5},"title":"Motorista morre ap\u00f3s caminhonete bater de frente com caminh\u00e3o na regi\u00e3o de Ribeir\u00e3o Preto","author":"noticiasribeiraopreto.com.br","date":"13 de December de 2025","format":false,"excerpt":"Um motorista morreu na tarde desta sexta-feira (12) ap\u00f3s um acidente envolvendo uma caminhonete e um caminh\u00e3o na estrada que liga Sert\u00e3ozinho a Jardin\u00f3polis, na regi\u00e3o de Ribeir\u00e3o Preto. A batida ocorreu logo depois da ponte do rio Pardo, no sentido Rodovia Anhanguera, j\u00e1 no territ\u00f3rio de Jardin\u00f3polis. De acordo\u2026","rel":"","context":"In &quot;Not\u00edcias de Ribeir\u00e3o Preto-SP e Regi\u00e3o&quot;","block_context":{"text":"Not\u00edcias de Ribeir\u00e3o Preto-SP e Regi\u00e3o","link":"https:\/\/noticiasribeiraopreto.com.br\/index.php\/category\/noticias-de-ribeirao-preto-sp-e-regiao-ismael-colosi\/"},"img":{"alt_text":"","src":"https:\/\/i0.wp.com\/noticiasribeiraopreto.com.br\/wp-content\/uploads\/2025\/12\/domingo_2025-12-12_19-06-16.webp.webp?fit=1200%2C675&ssl=1&resize=350%2C200","width":350,"height":200,"srcset":"https:\/\/i0.wp.com\/noticiasribeiraopreto.com.br\/wp-content\/uploads\/2025\/12\/domingo_2025-12-12_19-06-16.webp.webp?fit=1200%2C675&ssl=1&resize=350%2C200 1x, https:\/\/i0.wp.com\/noticiasribeiraopreto.com.br\/wp-content\/uploads\/2025\/12\/domingo_2025-12-12_19-06-16.webp.webp?fit=1200%2C675&ssl=1&resize=525%2C300 1.5x, https:\/\/i0.wp.com\/noticiasribeiraopreto.com.br\/wp-content\/uploads\/2025\/12\/domingo_2025-12-12_19-06-16.webp.webp?fit=1200%2C675&ssl=1&resize=700%2C400 2x, https:\/\/i0.wp.com\/noticiasribeiraopreto.com.br\/wp-content\/uploads\/2025\/12\/domingo_2025-12-12_19-06-16.webp.webp?fit=1200%2C675&ssl=1&resize=1050%2C600 3x"},"classes":[]}],"jetpack_sharing_enabled":true,"jetpack_shortlink":"https:\/\/wp.me\/peQAOb-nI5","jetpack_featured_media_url":"https:\/\/i0.wp.com\/noticiasribeiraopreto.com.br\/wp-content\/uploads\/2026\/09\/acidente-morte-taquaritinga.jpg?fit=1200%2C675&ssl=1","_links":{"self":[{"href":"https:\/\/noticiasribeiraopreto.com.br\/index.php\/wp-json\/wp\/v2\/posts\/91145","targetHints":{"allow":["GET"]}}],"collection":[{"href":"https:\/\/noticiasribeiraopreto.com.br\/index.php\/wp-json\/wp\/v2\/posts"}],"about":[{"href":"https:\/\/noticiasribeiraopreto.com.br\/index.php\/wp-json\/wp\/v2\/types\/post"}],"author":[{"embeddable":true,"href":"https:\/\/noticiasribeiraopreto.com.br\/index.php\/wp-json\/wp\/v2\/users\/1"}],"replies":[{"embeddable":true,"href":"https:\/\/noticiasribeiraopreto.com.br\/index.php\/wp-json\/wp\/v2\/comments?post=91145"}],"version-history":[{"count":0,"href":"https:\/\/noticiasribeiraopreto.com.br\/index.php\/wp-json\/wp\/v2\/posts\/91145\/revisions"}],"wp:featuredmedia":[{"embeddable":true,"href":"https:\/\/noticiasribeiraopreto.com.br\/index.php\/wp-json\/wp\/v2\/media\/91146"}],"wp:attachment":[{"href":"https:\/\/noticiasribeiraopreto.com.br\/index.php\/wp-json\/wp\/v2\/media?parent=91145"}],"wp:term":[{"taxonomy":"category","embeddable":true,"href":"https:\/\/noticiasribeiraopreto.com.br\/index.php\/wp-json\/wp\/v2\/categories?post=91145"},{"taxonomy":"post_tag","embeddable":true,"href":"https:\/\/noticiasribeiraopreto.com.br\/index.php\/wp-json\/wp\/v2\/tags?post=91145"}],"curies":[{"name":"wp","href":"https:\/\/api.w.org\/{rel}","templated":true}]}}