{"id":91147,"date":"2026-09-05T10:36:11","date_gmt":"2026-09-05T13:36:11","guid":{"rendered":"https:\/\/noticiasribeiraopreto.com.br\/index.php\/2026\/09\/05\/mortes-no-himalaia-ja-chegam-a-1-318\/"},"modified":"2026-09-05T10:36:11","modified_gmt":"2026-09-05T13:36:11","slug":"mortes-no-himalaia-ja-chegam-a-1-318","status":"publish","type":"post","link":"https:\/\/noticiasribeiraopreto.com.br\/index.php\/2026\/09\/05\/mortes-no-himalaia-ja-chegam-a-1-318\/","title":{"rendered":"Mortes no Himalaia j\u00e1 chegam a 1.318"},"content":{"rendered":"<div class='code-block code-block-1' style='margin: 8px 0 8px auto; text-align: right; display: block; clear: both;'>\n<p><a href=\"https:\/\/wa.link\/vpicfd\"><img data-recalc-dims=\"1\" class=\"wp-image-4922\" style=\"aspect-ratio: 2.0253164556962027; width: 561px; height: auto;\" src=\"https:\/\/i0.wp.com\/ismaelcolosi.com.br\/wp-content\/uploads\/2023\/11\/grupo-de-empregos-whatsapp-e-facebook-ismael-colosi-vagas.jpg?ssl=1\" alt=\"\" \/><\/a><\/p>\n<!-- \/wp:image -->\n<\/div>\n<p> <br \/>\n<\/p>\n<div id=\"\">&#13;<br \/>\n\t\t\t\t\t\t\t\t&#13;<\/p>\n<p>&#13;<br \/>\n\t\t\t\t\t\t\t\t\t<span class=\"entry-meta-item penci-posted-on\"><i class=\"fa fa-clock-o\"\/><time class=\"entry-date published\" datetime=\"2026-09-05T10:31:54-03:00\">5 de setembro de 2026 10:31<\/time><time class=\"updated\" datetime=\"2026-09-05T09:41:33-03:00\">5 de setembro de 2026 09:41<\/time><\/span><span class=\"entry-meta-item penci-post-countview\"\/>\t\t\t\t\t\t\t\t<\/p>\n<p><!-- .entry-meta -->&#13;<br \/>\n\t\t\t\t\t\t\t\t<span class=\"penci-social-buttons penci-social-share-footer\"><span class=\"penci-social-share-text\">Compartilhar<\/span><a href=\"#\" class=\"penci-post-like penci_post-meta_item  single-like-button penci-social-item like\" data-post_id=\"476200\" title=\"Like\" data-like=\"Like\" data-unlike=\"Unlike\"><i class=\"fa fa-thumbs-o-up\"\/><span class=\"penci-share-number\">0<\/span><\/a><i class=\"fa fa-facebook\"\/><a class=\"penci-social-item twitter\" target=\"_blank\" rel=\"noopener\" title=\"\" href=\"https:\/\/twitter.com\/intent\/tweet?text=Mortes%20no%20Himalaia%20j\u00e1%20chegam%20a%201.318%20-%20https:\/\/www.tribunaribeirao.com.br\/mortes-no-himalaia-ja-chegam-a-1-318\/\"><i class=\"fa fa-twitter\"\/><\/a><i class=\"fa fa-linkedin\"\/><i class=\"fa fa-whatsapp\"\/><i class=\"fa fa-telegram\"\/><i class=\"fa fa-envelope\"\/><\/span>\t\t\t\t\t\t\t<\/div>\n<div>\n<p>O n\u00famero de mortos na avalanche de lama na fronteira entre o Nepal e o Tibete, na China, na regi\u00e3o do Himalaia, chegou a 1.318 nesta sexta-feira, 4 de setembro. S\u00e3o 5.624 pessoas desaparecidas, segundo autoridades dos dois pa\u00edses. As equipes de resgate continuam as buscas nas \u00e1reas devastadas.<\/p>\n<p>No Nepal, a pol\u00edcia informou que 1.287 pessoas morreram e 5.083 est\u00e3o desaparecidas. Na China , s\u00e3o 31 mortes e 541 desaparecidos no lado tibetano da fronteira. As equipes de resgate continuam as buscas em meio \u00e0 lama e aos escombros deixados pela enchente, que ocorreu no dia 26 de agosto.}<\/p>\n<p>Equipes de resgate do Nepal encontraram com vida dois trabalhadores que estavam presos em um t\u00fanel de uma usina hidrel\u00e9trica nove dias ap\u00f3s a avalanche hist\u00f3rica que devastou o pa\u00eds, informaram autoridades nesta sexta-feira (4).<\/p>\n<p>O primeiro sobrevivente foi retirado do t\u00fanel da usina hidrel\u00e9trica Trishul 3A durante uma opera\u00e7\u00e3o conduzida pelo Ex\u00e9rcito nepal\u00eas. Pouco depois, um parlamentar do pa\u00eds afirmou que uma segunda pessoa tamb\u00e9m foi resgatada com vida.<\/p>\n<p>Imagens compartilhadas pelo Ex\u00e9rcito mostraram um dos trabalhadores coberto de lama e sendo carregado nos ombros de um socorrista. Equipes m\u00e9dicas prestaram atendimento ainda no local do resgate e posteriormente os dois trabalhadores foram levados a um hospital em Katmandu.<\/p>\n<p>A avalanche, atribu\u00edda ao colapso de uma geleira na fronteira entre a China e o Nepal, devastou v\u00e1rias \u00e1reas habitadas. A torrente de \u00e1gua desencadeada causou danos generalizados a infraestruturas cr\u00edticas, incluindo estradas, edif\u00edcios, pontes e centrais hidroel\u00e9tricas \u2013 o mais recente sinal dos crescentes riscos nos Himalaias, que est\u00e3o a aquecer rapidamente.<\/p>\n<div style=\"background-color: #f4f4f5; border: 1px solid #d4d4d8; padding: 15px; margin: 20px 0; border-radius: 6px; font-family: sans-serif; line-height: 1.5;\">\n    <span style=\"color: #27272a;\">Inscreva-se em nosso Canal no Whatsapp e fique por dentro de tudo que acontece na regi\u00e3o. <\/span><br \/>\n    <a href=\"https:\/\/whatsapp.com\/channel\/0029VanuE2o7z4kYjo0XVS3u\" target=\"_blank\" rel=\"noopener noreferrer\" style=\"color: #16a34a; font-weight: bold; text-decoration: underline;\">Clique Aqui!<\/a>\n<\/div>\n<\/div>\n<p><script async src=\"\/\/platform.twitter.com\/widgets.js\" charset=\"utf-8\"><\/script><br \/>\n<br \/><br \/>\n<br \/><a href=\"https:\/\/www.tribunaribeirao.com.br\/mortes-no-himalaia-ja-chegam-a-1-318\/\">Texto original daqui <\/a><\/p>\n<!-- CONTENT END 1 -->\n","protected":false},"excerpt":{"rendered":"<p>&#13; &#13; &#13; 5 de setembro de 2026 10:315 de setembro de 2026 09:41 &#13; Compartilhar0 O n\u00famero de mortos na avalanche de lama na&#8230;<\/p>\n","protected":false},"author":1,"featured_media":91148,"comment_status":"","ping_status":"","sticky":false,"template":"","format":"standard","meta":{"advanced_seo_description":"","jetpack_seo_html_title":"","jetpack_seo_noindex":false,"jetpack_seo_schema_type":"","_jetpack_newsletter_access":"","_jetpack_dont_email_post_to_subs":false,"_jetpack_newsletter_tier_id":0,"_jetpack_memberships_contains_paywalled_content":false,"_jetpack_feature_clip_id":0,"_jetpack_memberships_contains_paid_content":false,"footnotes":"","jetpack_publicize_message":"","jetpack_publicize_feature_enabled":true,"jetpack_social_post_already_shared":true,"jetpack_social_options":{"image_generator_settings":{"template":"highway","default_image_id":0,"font":"","enabled":false},"version":2},"jetpack_post_was_ever_published":false},"categories":[11],"tags":[2903,8950,292,1268],"class_list":["post-91147","post","type-post","status-publish","format-standard","has-post-thumbnail","hentry","category-noticias-de-ribeirao-preto-sp-e-regiao-ismael-colosi","tag-chegam","tag-himalaia","tag-ja","tag-mortes"],"jetpack_publicize_connections":[],"jetpack-related-posts":[{"id":53506,"url":"https:\/\/noticiasribeiraopreto.com.br\/index.php\/2024\/06\/20\/mortes-por-dengue-em-ribeirao-preto-chegam-a-dez-casos\/","url_meta":{"origin":91147,"position":0},"title":"Mortes por dengue em Ribeir\u00e3o Preto chegam a dez casos","author":"noticiasribeiraopreto.com.br","date":"20 de June de 2024","format":false,"excerpt":"O \u00faltimo boletim epidemiol\u00f3gico da Secretaria da Sa\u00fade de Ribeir\u00e3o Preto, divulgado nesta quarta-feira (19), confirmou a d\u00e9cima morte ocasionada por dengue na cidade. Outros dez \u00f3bitos, em decorr\u00eancia da doen\u00e7a, est\u00e3o sendo investigados. Os dados do levantamento apontam que a cidade j\u00e1 tem 32.157 casos positivos da doen\u00e7a e\u2026","rel":"","context":"In &quot;Not\u00edcias de Ribeir\u00e3o Preto-SP e Regi\u00e3o&quot;","block_context":{"text":"Not\u00edcias de Ribeir\u00e3o Preto-SP e Regi\u00e3o","link":"https:\/\/noticiasribeiraopreto.com.br\/index.php\/category\/noticias-de-ribeirao-preto-sp-e-regiao-ismael-colosi\/"},"img":{"alt_text":"","src":"https:\/\/i0.wp.com\/noticiasribeiraopreto.com.br\/wp-content\/uploads\/2024\/06\/Copia-de-Copia-de-TAMANHO-EXATO-PARA-FOTOS-NO-SISTEMA-NOVO-2_2024-06-20_18-44-35_jpg_2024-06-20_18-44-35.webp.webp?fit=1200%2C675&ssl=1&resize=350%2C200","width":350,"height":200,"srcset":"https:\/\/i0.wp.com\/noticiasribeiraopreto.com.br\/wp-content\/uploads\/2024\/06\/Copia-de-Copia-de-TAMANHO-EXATO-PARA-FOTOS-NO-SISTEMA-NOVO-2_2024-06-20_18-44-35_jpg_2024-06-20_18-44-35.webp.webp?fit=1200%2C675&ssl=1&resize=350%2C200 1x, https:\/\/i0.wp.com\/noticiasribeiraopreto.com.br\/wp-content\/uploads\/2024\/06\/Copia-de-Copia-de-TAMANHO-EXATO-PARA-FOTOS-NO-SISTEMA-NOVO-2_2024-06-20_18-44-35_jpg_2024-06-20_18-44-35.webp.webp?fit=1200%2C675&ssl=1&resize=525%2C300 1.5x, https:\/\/i0.wp.com\/noticiasribeiraopreto.com.br\/wp-content\/uploads\/2024\/06\/Copia-de-Copia-de-TAMANHO-EXATO-PARA-FOTOS-NO-SISTEMA-NOVO-2_2024-06-20_18-44-35_jpg_2024-06-20_18-44-35.webp.webp?fit=1200%2C675&ssl=1&resize=700%2C400 2x, https:\/\/i0.wp.com\/noticiasribeiraopreto.com.br\/wp-content\/uploads\/2024\/06\/Copia-de-Copia-de-TAMANHO-EXATO-PARA-FOTOS-NO-SISTEMA-NOVO-2_2024-06-20_18-44-35_jpg_2024-06-20_18-44-35.webp.webp?fit=1200%2C675&ssl=1&resize=1050%2C600 3x"},"classes":[]},{"id":68308,"url":"https:\/\/noticiasribeiraopreto.com.br\/index.php\/2025\/04\/24\/casos-de-dengue-chegam-a-13-814\/","url_meta":{"origin":91147,"position":1},"title":"Casos de dengue chegam a 13.814\u00a0","author":"noticiasribeiraopreto.com.br","date":"24 de April de 2025","format":false,"excerpt":"No ano passado, Ribeir\u00e3o Preto registrou a maior epidemia de dengue da hist\u00f3ria considerando o n\u00famero de casos registrados. A cidade fechou 2024 com 44.634 v\u00edtimas (dados revisados) do mosquito Aedes aegypti \u2013 transmissor da doen\u00e7a, das febres chikungunya e amarela na \u00e1rea urbana e de zika \u2013, maior volume\u2026","rel":"","context":"In &quot;Not\u00edcias de Ribeir\u00e3o Preto-SP e Regi\u00e3o&quot;","block_context":{"text":"Not\u00edcias de Ribeir\u00e3o Preto-SP e Regi\u00e3o","link":"https:\/\/noticiasribeiraopreto.com.br\/index.php\/category\/noticias-de-ribeirao-preto-sp-e-regiao-ismael-colosi\/"},"img":{"alt_text":"","src":"https:\/\/i0.wp.com\/noticiasribeiraopreto.com.br\/wp-content\/uploads\/2025\/04\/DengueRP-Getty-Images.jpg?fit=1200%2C655&ssl=1&resize=350%2C200","width":350,"height":200,"srcset":"https:\/\/i0.wp.com\/noticiasribeiraopreto.com.br\/wp-content\/uploads\/2025\/04\/DengueRP-Getty-Images.jpg?fit=1200%2C655&ssl=1&resize=350%2C200 1x, https:\/\/i0.wp.com\/noticiasribeiraopreto.com.br\/wp-content\/uploads\/2025\/04\/DengueRP-Getty-Images.jpg?fit=1200%2C655&ssl=1&resize=525%2C300 1.5x, https:\/\/i0.wp.com\/noticiasribeiraopreto.com.br\/wp-content\/uploads\/2025\/04\/DengueRP-Getty-Images.jpg?fit=1200%2C655&ssl=1&resize=700%2C400 2x, https:\/\/i0.wp.com\/noticiasribeiraopreto.com.br\/wp-content\/uploads\/2025\/04\/DengueRP-Getty-Images.jpg?fit=1200%2C655&ssl=1&resize=1050%2C600 3x"},"classes":[]},{"id":71694,"url":"https:\/\/noticiasribeiraopreto.com.br\/index.php\/2025\/06\/09\/casos-de-dengue-chegam-a-19-409\/","url_meta":{"origin":91147,"position":2},"title":"Casos de dengue chegam a 19.409","author":"noticiasribeiraopreto.com.br","date":"9 de June de 2025","format":false,"excerpt":"No ano passado, Ribeir\u00e3o Preto registrou a maior epidemia de dengue da hist\u00f3ria considerando o n\u00famero de casos registrados. A cidade fechou 2024 com 44.633 v\u00edtimas do mosquito Aedes aegypti \u2013 transmissor da doen\u00e7a, das febres chikungunya e amarela na \u00e1rea urbana e de zika \u2013, maior volume da hist\u00f3ria\u2026","rel":"","context":"In &quot;Not\u00edcias de Ribeir\u00e3o Preto-SP e Regi\u00e3o&quot;","block_context":{"text":"Not\u00edcias de Ribeir\u00e3o Preto-SP e Regi\u00e3o","link":"https:\/\/noticiasribeiraopreto.com.br\/index.php\/category\/noticias-de-ribeirao-preto-sp-e-regiao-ismael-colosi\/"},"img":{"alt_text":"","src":"https:\/\/i0.wp.com\/noticiasribeiraopreto.com.br\/wp-content\/uploads\/2025\/06\/Dengue-Pixabay-1-scaled.jpg?fit=800%2C474&ssl=1&resize=350%2C200","width":350,"height":200,"srcset":"https:\/\/i0.wp.com\/noticiasribeiraopreto.com.br\/wp-content\/uploads\/2025\/06\/Dengue-Pixabay-1-scaled.jpg?fit=800%2C474&ssl=1&resize=350%2C200 1x, https:\/\/i0.wp.com\/noticiasribeiraopreto.com.br\/wp-content\/uploads\/2025\/06\/Dengue-Pixabay-1-scaled.jpg?fit=800%2C474&ssl=1&resize=525%2C300 1.5x, https:\/\/i0.wp.com\/noticiasribeiraopreto.com.br\/wp-content\/uploads\/2025\/06\/Dengue-Pixabay-1-scaled.jpg?fit=800%2C474&ssl=1&resize=700%2C400 2x"},"classes":[]},{"id":70088,"url":"https:\/\/noticiasribeiraopreto.com.br\/index.php\/2025\/05\/22\/casos-de-dengue-chegam-a-18-061\/","url_meta":{"origin":91147,"position":3},"title":"Casos de dengue\u00a0chegam a 18.061\u00a0","author":"noticiasribeiraopreto.com.br","date":"22 de May de 2025","format":false,"excerpt":"No ano passado, Ribeir\u00e3o Preto registrou a maior epidemia de dengue da hist\u00f3ria considerando o n\u00famero de casos registrados. A cidade fechou 2024 com 44.634 v\u00edtimas do mosquito Aedes aegypti \u2013 transmissor da doen\u00e7a, das febres chikungunya e amarela na \u00e1rea urbana e de zika \u2013, maior volume da hist\u00f3ria\u2026","rel":"","context":"In &quot;Not\u00edcias de Ribeir\u00e3o Preto-SP e Regi\u00e3o&quot;","block_context":{"text":"Not\u00edcias de Ribeir\u00e3o Preto-SP e Regi\u00e3o","link":"https:\/\/noticiasribeiraopreto.com.br\/index.php\/category\/noticias-de-ribeirao-preto-sp-e-regiao-ismael-colosi\/"},"img":{"alt_text":"","src":"https:\/\/i0.wp.com\/noticiasribeiraopreto.com.br\/wp-content\/uploads\/2025\/05\/DengueRP-Divulgacao-4.jpg?fit=1200%2C795&ssl=1&resize=350%2C200","width":350,"height":200,"srcset":"https:\/\/i0.wp.com\/noticiasribeiraopreto.com.br\/wp-content\/uploads\/2025\/05\/DengueRP-Divulgacao-4.jpg?fit=1200%2C795&ssl=1&resize=350%2C200 1x, https:\/\/i0.wp.com\/noticiasribeiraopreto.com.br\/wp-content\/uploads\/2025\/05\/DengueRP-Divulgacao-4.jpg?fit=1200%2C795&ssl=1&resize=525%2C300 1.5x, https:\/\/i0.wp.com\/noticiasribeiraopreto.com.br\/wp-content\/uploads\/2025\/05\/DengueRP-Divulgacao-4.jpg?fit=1200%2C795&ssl=1&resize=700%2C400 2x, https:\/\/i0.wp.com\/noticiasribeiraopreto.com.br\/wp-content\/uploads\/2025\/05\/DengueRP-Divulgacao-4.jpg?fit=1200%2C795&ssl=1&resize=1050%2C600 3x"},"classes":[]},{"id":63451,"url":"https:\/\/noticiasribeiraopreto.com.br\/index.php\/2025\/02\/13\/adolescente-de-ribeirao-preto-escala-montanha-de-mais-de-6-mil-metros-no-chile\/","url_meta":{"origin":91147,"position":4},"title":"Adolescente de Ribeir\u00e3o Preto escala montanha de mais de 6 mil metros\u00a0no\u00a0Chile","author":"noticiasribeiraopreto.com.br","date":"13 de February de 2025","format":false,"excerpt":"Aos 17 anos, o jovem ribeir\u00e3o-pretano Kau\u00e3 Bermal retornou de uma expedi\u00e7\u00e3o na Cordilheira dos Andes, onde alcan\u00e7ou o cume do vulc\u00e3o San Pedro, com 6.145 metros de altitude, tornando-se o brasileiro mais jovem a conquistar essa subida. O adolescente segue os passos do pai, Filipe Bermal \u2014 que tamb\u00e9m\u2026","rel":"","context":"In &quot;Not\u00edcias de Ribeir\u00e3o Preto-SP e Regi\u00e3o&quot;","block_context":{"text":"Not\u00edcias de Ribeir\u00e3o Preto-SP e Regi\u00e3o","link":"https:\/\/noticiasribeiraopreto.com.br\/index.php\/category\/noticias-de-ribeirao-preto-sp-e-regiao-ismael-colosi\/"},"img":{"alt_text":"","src":"https:\/\/i0.wp.com\/noticiasribeiraopreto.com.br\/wp-content\/uploads\/2025\/02\/Copia-de-Copia-de-Copia-de-TAMANHO-EXATO-PARA-FOTOS-NO-SISTEMA-NOVO-2025-02-13T150030.574_2025-02-13_18-01-25_png_2025-02-13_18-01-25.webp.webp?fit=1200%2C675&ssl=1&resize=350%2C200","width":350,"height":200,"srcset":"https:\/\/i0.wp.com\/noticiasribeiraopreto.com.br\/wp-content\/uploads\/2025\/02\/Copia-de-Copia-de-Copia-de-TAMANHO-EXATO-PARA-FOTOS-NO-SISTEMA-NOVO-2025-02-13T150030.574_2025-02-13_18-01-25_png_2025-02-13_18-01-25.webp.webp?fit=1200%2C675&ssl=1&resize=350%2C200 1x, https:\/\/i0.wp.com\/noticiasribeiraopreto.com.br\/wp-content\/uploads\/2025\/02\/Copia-de-Copia-de-Copia-de-TAMANHO-EXATO-PARA-FOTOS-NO-SISTEMA-NOVO-2025-02-13T150030.574_2025-02-13_18-01-25_png_2025-02-13_18-01-25.webp.webp?fit=1200%2C675&ssl=1&resize=525%2C300 1.5x, https:\/\/i0.wp.com\/noticiasribeiraopreto.com.br\/wp-content\/uploads\/2025\/02\/Copia-de-Copia-de-Copia-de-TAMANHO-EXATO-PARA-FOTOS-NO-SISTEMA-NOVO-2025-02-13T150030.574_2025-02-13_18-01-25_png_2025-02-13_18-01-25.webp.webp?fit=1200%2C675&ssl=1&resize=700%2C400 2x, https:\/\/i0.wp.com\/noticiasribeiraopreto.com.br\/wp-content\/uploads\/2025\/02\/Copia-de-Copia-de-Copia-de-TAMANHO-EXATO-PARA-FOTOS-NO-SISTEMA-NOVO-2025-02-13T150030.574_2025-02-13_18-01-25_png_2025-02-13_18-01-25.webp.webp?fit=1200%2C675&ssl=1&resize=1050%2C600 3x"},"classes":[]},{"id":90143,"url":"https:\/\/noticiasribeiraopreto.com.br\/index.php\/2026\/08\/18\/em-2026-transito-ja-fez-56-vitimas\/","url_meta":{"origin":91147,"position":5},"title":"Em 2026 tr\u00e2nsito j\u00e1 fez 56 v\u00edtimas","author":"noticiasribeiraopreto.com.br","date":"18 de August de 2026","format":false,"excerpt":"Em sete meses de 2026 j\u00e1 s\u00e3o 56 \u00f3bitos, dois a mais que os 54 do mesmo per\u00edodo de 2025, alta de 3,70%, segundo o Infosiga.Balan\u00e7o divulgado pelo novo painel do Movimento Paulista de Seguran\u00e7a no Tr\u00e2nsito (Infosiga-SP) indica que o tr\u00e2nsito de Ribeir\u00e3o Preto registrou 87 mortes no ano\u2026","rel":"","context":"In &quot;Not\u00edcias de Ribeir\u00e3o Preto-SP e Regi\u00e3o&quot;","block_context":{"text":"Not\u00edcias de Ribeir\u00e3o Preto-SP e Regi\u00e3o","link":"https:\/\/noticiasribeiraopreto.com.br\/index.php\/category\/noticias-de-ribeirao-preto-sp-e-regiao-ismael-colosi\/"},"img":{"alt_text":"","src":"https:\/\/i0.wp.com\/noticiasribeiraopreto.com.br\/wp-content\/uploads\/2026\/08\/TransitoRP-Alfredo-Risk-Arquivo-scaled.jpg?fit=1200%2C698&ssl=1&resize=350%2C200","width":350,"height":200,"srcset":"https:\/\/i0.wp.com\/noticiasribeiraopreto.com.br\/wp-content\/uploads\/2026\/08\/TransitoRP-Alfredo-Risk-Arquivo-scaled.jpg?fit=1200%2C698&ssl=1&resize=350%2C200 1x, https:\/\/i0.wp.com\/noticiasribeiraopreto.com.br\/wp-content\/uploads\/2026\/08\/TransitoRP-Alfredo-Risk-Arquivo-scaled.jpg?fit=1200%2C698&ssl=1&resize=525%2C300 1.5x, https:\/\/i0.wp.com\/noticiasribeiraopreto.com.br\/wp-content\/uploads\/2026\/08\/TransitoRP-Alfredo-Risk-Arquivo-scaled.jpg?fit=1200%2C698&ssl=1&resize=700%2C400 2x, https:\/\/i0.wp.com\/noticiasribeiraopreto.com.br\/wp-content\/uploads\/2026\/08\/TransitoRP-Alfredo-Risk-Arquivo-scaled.jpg?fit=1200%2C698&ssl=1&resize=1050%2C600 3x"},"classes":[]}],"jetpack_sharing_enabled":true,"jetpack_shortlink":"https:\/\/wp.me\/peQAOb-nI7","jetpack_featured_media_url":"https:\/\/i0.wp.com\/noticiasribeiraopreto.com.br\/wp-content\/uploads\/2026\/09\/Nepal-Exercito-do-Nepal-Divulgacao.jpg?fit=678%2C452&ssl=1","_links":{"self":[{"href":"https:\/\/noticiasribeiraopreto.com.br\/index.php\/wp-json\/wp\/v2\/posts\/91147","targetHints":{"allow":["GET"]}}],"collection":[{"href":"https:\/\/noticiasribeiraopreto.com.br\/index.php\/wp-json\/wp\/v2\/posts"}],"about":[{"href":"https:\/\/noticiasribeiraopreto.com.br\/index.php\/wp-json\/wp\/v2\/types\/post"}],"author":[{"embeddable":true,"href":"https:\/\/noticiasribeiraopreto.com.br\/index.php\/wp-json\/wp\/v2\/users\/1"}],"replies":[{"embeddable":true,"href":"https:\/\/noticiasribeiraopreto.com.br\/index.php\/wp-json\/wp\/v2\/comments?post=91147"}],"version-history":[{"count":0,"href":"https:\/\/noticiasribeiraopreto.com.br\/index.php\/wp-json\/wp\/v2\/posts\/91147\/revisions"}],"wp:featuredmedia":[{"embeddable":true,"href":"https:\/\/noticiasribeiraopreto.com.br\/index.php\/wp-json\/wp\/v2\/media\/91148"}],"wp:attachment":[{"href":"https:\/\/noticiasribeiraopreto.com.br\/index.php\/wp-json\/wp\/v2\/media?parent=91147"}],"wp:term":[{"taxonomy":"category","embeddable":true,"href":"https:\/\/noticiasribeiraopreto.com.br\/index.php\/wp-json\/wp\/v2\/categories?post=91147"},{"taxonomy":"post_tag","embeddable":true,"href":"https:\/\/noticiasribeiraopreto.com.br\/index.php\/wp-json\/wp\/v2\/tags?post=91147"}],"curies":[{"name":"wp","href":"https:\/\/api.w.org\/{rel}","templated":true}]}}