{"id":91149,"date":"2026-09-05T10:58:22","date_gmt":"2026-09-05T13:58:22","guid":{"rendered":"https:\/\/noticiasribeiraopreto.com.br\/index.php\/2026\/09\/05\/parques-de-ribeirao-preto-reabrem-neste-sabado-apos-mais-de-um-mes-fechados\/"},"modified":"2026-09-05T10:58:22","modified_gmt":"2026-09-05T13:58:22","slug":"parques-de-ribeirao-preto-reabrem-neste-sabado-apos-mais-de-um-mes-fechados","status":"publish","type":"post","link":"https:\/\/noticiasribeiraopreto.com.br\/index.php\/2026\/09\/05\/parques-de-ribeirao-preto-reabrem-neste-sabado-apos-mais-de-um-mes-fechados\/","title":{"rendered":"Parques de Ribeir\u00e3o Preto reabrem neste s\u00e1bado ap\u00f3s mais de um m\u00eas fechados"},"content":{"rendered":"<div class='code-block code-block-1' style='margin: 8px 0 8px auto; text-align: right; display: block; clear: both;'>\n<p><a href=\"https:\/\/wa.link\/vpicfd\"><img data-recalc-dims=\"1\" class=\"wp-image-4922\" style=\"aspect-ratio: 2.0253164556962027; width: 561px; height: auto;\" src=\"https:\/\/i0.wp.com\/ismaelcolosi.com.br\/wp-content\/uploads\/2023\/11\/grupo-de-empregos-whatsapp-e-facebook-ismael-colosi-vagas.jpg?ssl=1\" alt=\"\" \/><\/a><\/p>\n<!-- \/wp:image -->\n<\/div>\n<p> <br \/>\n<\/p>\n<p>Os parques <strong>Maur\u00edlio Biagi<\/strong> e <strong>Tom Jobim<\/strong>, em <strong>Ribeir\u00e3o Preto<\/strong>, voltam a receber visitantes neste <strong>s\u00e1bado (5)<\/strong>, ap\u00f3s mais de um m\u00eas fechados por causa dos danos provocados pelo forte vendaval que atingiu a cidade em 24 de julho.<\/p>\n<p>De acordo com a <strong>Prefeitura<\/strong>, os dois parques foram os mais afetados pelo temporal. Durante o per\u00edodo de interdi\u00e7\u00e3o, equipes realizaram <mark class=\"has-inline-color\"><strong>servi\u00e7os de limpeza, manuten\u00e7\u00e3o e reparos em estruturas utilizadas pela popula\u00e7\u00e3o, como parquinhos, banheiros, bancos, alambrados e outras \u00e1reas de uso comum<\/strong>.<\/mark><\/p>\n<figure class=\"wp-block-image size-large\"><figcaption class=\"wp-element-caption\">Parques Maur\u00edlio Biagi e Tom Jobim s\u00e3o reabertos neste s\u00e1bado (5) \u2013 Foto: Fernando Gonzaga.<\/figcaption><\/figure>\n<p class=\"has-text-align-center has-cyan-bluish-gray-background-color has-background\"><em>Receba not\u00edcias do\u00a0<strong>acidade on Ribeir\u00e3o\u00a0<\/strong>no WhatsApp e fique por dentro de tudo! Basta acessar o link<a href=\"https:\/\/chat.whatsapp.com\/DfXwcjKVIddHUT3BvnQuPZ?mode=hqctshi\" target=\"_blank\" rel=\"noreferrer noopener\">\u00a0aqui<\/a>!<\/em><\/p>\n<h2 class=\"wp-block-heading\"><strong>Mais de 60 \u00e1rvores ca\u00edram no Parque Maur\u00edlio Biagi<\/strong><\/h2>\n<p>Ainda de acordo com a Administra\u00e7\u00e3o, o <strong>Parque Maur\u00edlio Biagi foi um dos espa\u00e7os mais afetados pelo vendaval<\/strong>, por esse motivo precisou ficar fechado para limpeza e manuten\u00e7\u00e3o.<\/p>\n<blockquote class=\"wp-block-quote is-layout-flow wp-block-quote-is-layout-flow\">\n<p>\u201cO vendaval atingiu toda a cidade, principalmente as regi\u00f5es Oeste e Norte, onde est\u00e3o localizados os dois parques. No Parque Maur\u00edlio Biagi, mais de 60 \u00e1rvores ca\u00edram, afetando diversas \u00e1reas e impedindo a utiliza\u00e7\u00e3o do espa\u00e7o.\u201d<\/p>\n<\/blockquote>\n<p>Antes da reabertura do parque, equipes t\u00e9cnicas da Secretaria de Infraestrutura e Zeladoria realizaram vistorias para verificar as condi\u00e7\u00f5es das estruturas e dos espa\u00e7os. <strong><mark class=\"has-inline-color\">Segundo a Prefeitura, os locais foram considerados seguros para o retorno dos visitantes.<\/mark><\/strong><\/p>\n<figure class=\"wp-block-image size-large\"><img data-recalc-dims=\"1\" loading=\"lazy\" decoding=\"async\" width=\"1024\" height=\"576\" src=\"https:\/\/i0.wp.com\/www.acidadeon.com\/ribeiraopreto\/wp-content\/uploads\/sites\/3\/2026\/09\/reabertura-parque-ribeirao-3-1024x576.jpg?resize=1024%2C576&#038;ssl=1\" alt=\"Parque Maur\u00edlio Biagi \u00e9 reaberto ao p\u00fablico - Foto: Fernando Gonzaga. \" class=\"wp-image-173799\" title=\"Parques de Ribeir\u00e3o Preto reabrem neste s\u00e1bado ap\u00f3s mais de um m\u00eas fechados 2\"><figcaption class=\"wp-element-caption\">Parque Maur\u00edlio Biagi \u00e9 reaberto ao p\u00fablico \u2013 Foto: Fernando Gonzaga. <\/figcaption><\/figure>\n<h2 class=\"wp-block-heading\"><strong>Bosque F\u00e1bio Barreto continua fechado<\/strong><\/h2>\n<p>Segundo a <strong>Prefeitura de Ribeir\u00e3o Preto<\/strong>, o <mark class=\"has-inline-color\">Bosque e Zool\u00f3gico Dr. F\u00e1bio Barreto, que tamb\u00e9m sofreu danos significativos durante o vendaval, <strong>ainda n\u00e3o ser\u00e1 reaberto<\/strong>.<\/mark><\/p>\n<p><strong>Mais de 50 \u00e1rvores ca\u00edram nas \u00e1reas comuns do espa\u00e7o, al\u00e9m de danos registrados no Jardim Japon\u00eas e na Trilha do Jequitib\u00e1.<\/strong> O local continua fechado para servi\u00e7os de limpeza e manuten\u00e7\u00e3o e, at\u00e9 o momento, n\u00e3o h\u00e1 previs\u00e3o para a retomada da visita\u00e7\u00e3o.<\/p>\n<blockquote class=\"wp-block-quote is-layout-flow wp-block-quote-is-layout-flow\">\n<p>\u201cA Secretaria de Infraestrutura e Zeladoria segue com frentes de trabalho atuando intensivamente na limpeza de toda a cidade. O cronograma atual prev\u00ea a continuidade das a\u00e7\u00f5es nos bairros das regi\u00f5es mais afetadas, Norte e Oeste, como Planalto Verde, Vila Virg\u00ednia e Ipiranga\u201d, informou a Administra\u00e7\u00e3o.<\/p>\n<\/blockquote>\n<figure class=\"wp-block-image size-large\"><img data-recalc-dims=\"1\" loading=\"lazy\" decoding=\"async\" width=\"1024\" height=\"576\" src=\"https:\/\/i0.wp.com\/www.acidadeon.com\/ribeiraopreto\/wp-content\/uploads\/sites\/3\/2026\/08\/bosque-zoo-de-ribeirao--1024x576.jpg?resize=1024%2C576&#038;ssl=1\" alt=\"Bosque de Ribeir\u00e3o Preto - Foto: Guilherme Sircili\" class=\"wp-image-171332\" title=\"Parques de Ribeir\u00e3o Preto reabrem neste s\u00e1bado ap\u00f3s mais de um m\u00eas fechados 3\"><figcaption class=\"wp-element-caption\">Bosque de Ribeir\u00e3o Preto \u2013 Foto: Guilherme Sircili<\/figcaption><\/figure>\n<h2 class=\"wp-block-heading\"><strong>Visita\u00e7\u00e3o \u00e0 Locomotiva Am\u00e1lia 12 \u00e9 retomada<\/strong><\/h2>\n<p>Com a reabertura do <strong>Parque Maur\u00edlio Biagi<\/strong>, a Prefeitura tamb\u00e9m retoma neste s\u00e1bado a visita\u00e7\u00e3o \u00e0 Locomotiva Am\u00e1lia 12, um dos s\u00edmbolos da hist\u00f3ria ferrovi\u00e1ria de Ribeir\u00e3o Preto.<\/p>\n<p><strong>As visitas s\u00e3o guiadas<\/strong>. De segunda a sexta-feira, grupos com 10 ou mais pessoas precisam fazer agendamento pelo telefone (16) 98109-2477 ou pelo e-mail: atividades.cultura@rp.ribeiraopreto.sp.gov.br.<\/p>\n<p><strong>Aos s\u00e1bados, das 9h30 \u00e0s 11h30, n\u00e3o \u00e9 necess\u00e1rio realizar agendamento<\/strong>.<\/p>\n<p class=\"has-text-align-center has-cyan-bluish-gray-background-color has-background\"><em>Fa\u00e7a uma den\u00fancia ou sugira uma reportagem sobre\u00a0<strong>Ribeir\u00e3o Preto\u00a0<\/strong>e regi\u00e3o por meio do WhatsApp do\u00a0<strong>acidade on Ribeir\u00e3o<\/strong>: (16) 99117-7802.<\/em><\/p>\n<p><mark class=\"has-inline-color has-white-color\">parques<\/mark><\/p>\n<\/p>\n<p>O post Parques de Ribeir\u00e3o Preto reabrem neste s\u00e1bado ap\u00f3s mais de um m\u00eas fechados apareceu primeiro em ACidade ON Ribeir\u00e3o Preto.<\/p>\n<p><br \/>\n<br \/><a href=\"https:\/\/www.acidadeon.com\/ribeiraopreto\/lazer-e-cultura\/parques-de-ribeirao-preto-reabrem-neste-sabado-apos-mais-de-um-mes-fechados\/\">Link para o texto original aqui <\/a><\/p>\n<!-- CONTENT END 1 -->\n","protected":false},"excerpt":{"rendered":"<p>Os parques Maur\u00edlio Biagi e Tom Jobim, em Ribeir\u00e3o Preto, voltam a receber visitantes neste s\u00e1bado (5), ap\u00f3s mais de um m\u00eas fechados por causa&#8230;<\/p>\n","protected":false},"author":1,"featured_media":91150,"comment_status":"","ping_status":"","sticky":false,"template":"","format":"standard","meta":{"advanced_seo_description":"","jetpack_seo_html_title":"","jetpack_seo_noindex":false,"jetpack_seo_schema_type":"","_jetpack_newsletter_access":"","_jetpack_dont_email_post_to_subs":false,"_jetpack_newsletter_tier_id":0,"_jetpack_memberships_contains_paywalled_content":false,"_jetpack_feature_clip_id":0,"_jetpack_memberships_contains_paid_content":false,"footnotes":"","jetpack_publicize_message":"","jetpack_publicize_feature_enabled":true,"jetpack_social_post_already_shared":true,"jetpack_social_options":{"image_generator_settings":{"template":"highway","default_image_id":0,"font":"","enabled":false},"version":2},"jetpack_post_was_ever_published":false},"categories":[11],"tags":[37,1876,276,670,263,2421,27,8951,26,264],"class_list":["post-91149","post","type-post","status-publish","format-standard","has-post-thumbnail","hentry","category-noticias-de-ribeirao-preto-sp-e-regiao-ismael-colosi","tag-apos","tag-fechados","tag-mais","tag-mes","tag-neste","tag-parques","tag-preto","tag-reabrem","tag-ribeirao","tag-sabado"],"jetpack_publicize_connections":[],"jetpack-related-posts":[{"id":80830,"url":"https:\/\/noticiasribeiraopreto.com.br\/index.php\/2025\/12\/14\/parques-municipais-de-ribeirao-preto-estao-fechados-apos-chuva-intensa\/","url_meta":{"origin":91149,"position":0},"title":"Parques municipais de Ribeir\u00e3o Preto est\u00e3o fechados ap\u00f3s chuva intensa","author":"noticiasribeiraopreto.com.br","date":"14 de December de 2025","format":false,"excerpt":"As chuvas intensas registradas ao longo do fim de semana levaram ao fechamento dos parques municipais de Ribeir\u00e3o Preto neste domingo (14). A suspens\u00e3o do funcionamento busca reduzir riscos aos frequentadores. Quando os parques reabrem? De acordo com a Prefeitura, nesta segunda-feira (15), equipes t\u00e9cnicas realizam uma avalia\u00e7\u00e3o nas \u00e1reas\u2026","rel":"","context":"In &quot;Not\u00edcias de Ribeir\u00e3o Preto-SP e Regi\u00e3o&quot;","block_context":{"text":"Not\u00edcias de Ribeir\u00e3o Preto-SP e Regi\u00e3o","link":"https:\/\/noticiasribeiraopreto.com.br\/index.php\/category\/noticias-de-ribeirao-preto-sp-e-regiao-ismael-colosi\/"},"img":{"alt_text":"","src":"https:\/\/i0.wp.com\/noticiasribeiraopreto.com.br\/wp-content\/uploads\/2025\/10\/parque-olhos-agua_2025-10-01_20-06-07.webp.webp?fit=1200%2C800&ssl=1&resize=350%2C200","width":350,"height":200,"srcset":"https:\/\/i0.wp.com\/noticiasribeiraopreto.com.br\/wp-content\/uploads\/2025\/10\/parque-olhos-agua_2025-10-01_20-06-07.webp.webp?fit=1200%2C800&ssl=1&resize=350%2C200 1x, https:\/\/i0.wp.com\/noticiasribeiraopreto.com.br\/wp-content\/uploads\/2025\/10\/parque-olhos-agua_2025-10-01_20-06-07.webp.webp?fit=1200%2C800&ssl=1&resize=525%2C300 1.5x, https:\/\/i0.wp.com\/noticiasribeiraopreto.com.br\/wp-content\/uploads\/2025\/10\/parque-olhos-agua_2025-10-01_20-06-07.webp.webp?fit=1200%2C800&ssl=1&resize=700%2C400 2x, https:\/\/i0.wp.com\/noticiasribeiraopreto.com.br\/wp-content\/uploads\/2025\/10\/parque-olhos-agua_2025-10-01_20-06-07.webp.webp?fit=1200%2C800&ssl=1&resize=1050%2C600 3x"},"classes":[]},{"id":60262,"url":"https:\/\/noticiasribeiraopreto.com.br\/index.php\/2024\/11\/09\/apos-2-dias-fechado-bosque-de-ribeirao-preto-reabre-neste-sabado\/","url_meta":{"origin":91149,"position":1},"title":"Ap\u00f3s 2 dias fechado, Bosque de Ribeir\u00e3o Preto reabre neste s\u00e1bado","author":"noticiasribeiraopreto.com.br","date":"9 de November de 2024","format":false,"excerpt":"O Bosque e Zool\u00f3gico F\u00e1bio Barreto, em Ribeir\u00e3o Preto, reabriu ao p\u00fablico neste s\u00e1bado (9), ap\u00f3s permanecer fechado desde a \u00faltima quinta-feira (7), devido \u00e0s chuvas na cidade. O hor\u00e1rio de visita\u00e7\u00e3o \u00e9 das 9h \u00e0s 16h30, na rua Liberdade, s\/n\u00ba, no bairro Campos El\u00edseos, zona Norte. A entrada \u00e9\u2026","rel":"","context":"In &quot;Not\u00edcias de Ribeir\u00e3o Preto-SP e Regi\u00e3o&quot;","block_context":{"text":"Not\u00edcias de Ribeir\u00e3o Preto-SP e Regi\u00e3o","link":"https:\/\/noticiasribeiraopreto.com.br\/index.php\/category\/noticias-de-ribeirao-preto-sp-e-regiao-ismael-colosi\/"},"img":{"alt_text":"","src":"https:\/\/i0.wp.com\/noticiasribeiraopreto.com.br\/wp-content\/uploads\/2024\/11\/1731159573_obras_bosque_-_foto_guilherme_sircili_30-1068x712-1.jpg?fit=1068%2C712&ssl=1&resize=350%2C200","width":350,"height":200,"srcset":"https:\/\/i0.wp.com\/noticiasribeiraopreto.com.br\/wp-content\/uploads\/2024\/11\/1731159573_obras_bosque_-_foto_guilherme_sircili_30-1068x712-1.jpg?fit=1068%2C712&ssl=1&resize=350%2C200 1x, https:\/\/i0.wp.com\/noticiasribeiraopreto.com.br\/wp-content\/uploads\/2024\/11\/1731159573_obras_bosque_-_foto_guilherme_sircili_30-1068x712-1.jpg?fit=1068%2C712&ssl=1&resize=525%2C300 1.5x, https:\/\/i0.wp.com\/noticiasribeiraopreto.com.br\/wp-content\/uploads\/2024\/11\/1731159573_obras_bosque_-_foto_guilherme_sircili_30-1068x712-1.jpg?fit=1068%2C712&ssl=1&resize=700%2C400 2x, https:\/\/i0.wp.com\/noticiasribeiraopreto.com.br\/wp-content\/uploads\/2024\/11\/1731159573_obras_bosque_-_foto_guilherme_sircili_30-1068x712-1.jpg?fit=1068%2C712&ssl=1&resize=1050%2C600 3x"},"classes":[]},{"id":75471,"url":"https:\/\/noticiasribeiraopreto.com.br\/index.php\/2025\/08\/09\/parque-sera-fechado-temporariamente-em-ribeirao-preto-entenda-o-motivo\/","url_meta":{"origin":91149,"position":2},"title":"Parque ser\u00e1 fechado temporariamente em Ribeir\u00e3o Preto; Entenda o motivo","author":"noticiasribeiraopreto.com.br","date":"9 de August de 2025","format":false,"excerpt":"O Parque Roberto de Mello Genaro, localizado entre as avenidas Caramuru e Santa Luzia, no Jardim Sumar\u00e9, zona Sul de Ribeir\u00e3o Preto, ser\u00e1 fechado neste s\u00e1bado (9), a partir das 16h. Segundo a Prefeitura de Ribeir\u00e3o Preto, o fechamento ao p\u00fablico ser\u00e1 necess\u00e1rio para a retirada de um enxame de\u2026","rel":"","context":"In &quot;Not\u00edcias de Ribeir\u00e3o Preto-SP e Regi\u00e3o&quot;","block_context":{"text":"Not\u00edcias de Ribeir\u00e3o Preto-SP e Regi\u00e3o","link":"https:\/\/noticiasribeiraopreto.com.br\/index.php\/category\/noticias-de-ribeirao-preto-sp-e-regiao-ismael-colosi\/"},"img":{"alt_text":"","src":"https:\/\/i0.wp.com\/noticiasribeiraopreto.com.br\/wp-content\/uploads\/2025\/08\/parque-roberto-genaro.jpg?fit=1200%2C713&ssl=1&resize=350%2C200","width":350,"height":200,"srcset":"https:\/\/i0.wp.com\/noticiasribeiraopreto.com.br\/wp-content\/uploads\/2025\/08\/parque-roberto-genaro.jpg?fit=1200%2C713&ssl=1&resize=350%2C200 1x, https:\/\/i0.wp.com\/noticiasribeiraopreto.com.br\/wp-content\/uploads\/2025\/08\/parque-roberto-genaro.jpg?fit=1200%2C713&ssl=1&resize=525%2C300 1.5x, https:\/\/i0.wp.com\/noticiasribeiraopreto.com.br\/wp-content\/uploads\/2025\/08\/parque-roberto-genaro.jpg?fit=1200%2C713&ssl=1&resize=700%2C400 2x, https:\/\/i0.wp.com\/noticiasribeiraopreto.com.br\/wp-content\/uploads\/2025\/08\/parque-roberto-genaro.jpg?fit=1200%2C713&ssl=1&resize=1050%2C600 3x"},"classes":[]},{"id":84192,"url":"https:\/\/noticiasribeiraopreto.com.br\/index.php\/2026\/04\/03\/parques-de-ribeirao-preto-tem-mudancas-no-horario-neste-fim-de-semana\/","url_meta":{"origin":91149,"position":3},"title":"Parques de Ribeir\u00e3o Preto t\u00eam mudan\u00e7as no hor\u00e1rio neste fim de semana","author":"noticiasribeiraopreto.com.br","date":"3 de April de 2026","format":false,"excerpt":"Ler o resumo da not\u00edcia Parques de Ribeir\u00e3o Preto t\u00eam mudan\u00e7as no hor\u00e1rio neste fim de semana Os parques municipais de Ribeir\u00e3o Preto ter\u00e3o mudan\u00e7as no funcionamento neste s\u00e1bado (4) em decorr\u00eancia das fortes chuvas que atingiram a cidade. As altera\u00e7\u00f5es foram anunciadas pela Prefeitura como medida de seguran\u00e7a para\u2026","rel":"","context":"In &quot;Not\u00edcias de Ribeir\u00e3o Preto-SP e Regi\u00e3o&quot;","block_context":{"text":"Not\u00edcias de Ribeir\u00e3o Preto-SP e Regi\u00e3o","link":"https:\/\/noticiasribeiraopreto.com.br\/index.php\/category\/noticias-de-ribeirao-preto-sp-e-regiao-ismael-colosi\/"},"img":{"alt_text":"","src":"https:\/\/i0.wp.com\/noticiasribeiraopreto.com.br\/wp-content\/uploads\/2026\/04\/parque-curupira-tempo_2024-08-12_12-53-54_jpeg_2024-08-12_12-53-56-1024x576.webp.webp?fit=1024%2C576&ssl=1&resize=350%2C200","width":350,"height":200,"srcset":"https:\/\/i0.wp.com\/noticiasribeiraopreto.com.br\/wp-content\/uploads\/2026\/04\/parque-curupira-tempo_2024-08-12_12-53-54_jpeg_2024-08-12_12-53-56-1024x576.webp.webp?fit=1024%2C576&ssl=1&resize=350%2C200 1x, https:\/\/i0.wp.com\/noticiasribeiraopreto.com.br\/wp-content\/uploads\/2026\/04\/parque-curupira-tempo_2024-08-12_12-53-54_jpeg_2024-08-12_12-53-56-1024x576.webp.webp?fit=1024%2C576&ssl=1&resize=525%2C300 1.5x, https:\/\/i0.wp.com\/noticiasribeiraopreto.com.br\/wp-content\/uploads\/2026\/04\/parque-curupira-tempo_2024-08-12_12-53-54_jpeg_2024-08-12_12-53-56-1024x576.webp.webp?fit=1024%2C576&ssl=1&resize=700%2C400 2x"},"classes":[]},{"id":60193,"url":"https:\/\/noticiasribeiraopreto.com.br\/index.php\/2024\/11\/07\/parque-roberto-genaro-em-ribeirao-preto-sera-reaberto-apos-11-anos-saiba-a-data\/","url_meta":{"origin":91149,"position":4},"title":"Parque Roberto Genaro em Ribeir\u00e3o Preto ser\u00e1 reaberto ap\u00f3s 11 anos; saiba a data","author":"noticiasribeiraopreto.com.br","date":"7 de November de 2024","format":false,"excerpt":"O Parque Roberto Mello Genaro, que fica entre as avenidas Caramuru e Santa Luzia, na zona Sul de Ribeir\u00e3o Preto, ser\u00e1 reaberto neste s\u00e1bado (9), \u00e0s 9h. O projeto \u201cCultura em Todo Lugar\u201d marca a reinaugura\u00e7\u00e3o do espa\u00e7o que est\u00e1 fechado h\u00e1 11 anos. No dia, as pessoas poder\u00e3o conhecer\u2026","rel":"","context":"In &quot;Not\u00edcias de Ribeir\u00e3o Preto-SP e Regi\u00e3o&quot;","block_context":{"text":"Not\u00edcias de Ribeir\u00e3o Preto-SP e Regi\u00e3o","link":"https:\/\/noticiasribeiraopreto.com.br\/index.php\/category\/noticias-de-ribeirao-preto-sp-e-regiao-ismael-colosi\/"},"img":{"alt_text":"","src":"https:\/\/i0.wp.com\/noticiasribeiraopreto.com.br\/wp-content\/uploads\/2024\/11\/Copia-de-Copia-de-Copia-de-TAMANHO-EXATO-PARA-FOTOS-NO-SISTEMA-NOVO-77_2024-11-07_20-30-16_png_2024-11-07_20-30-16.webp.webp?fit=1200%2C675&ssl=1&resize=350%2C200","width":350,"height":200,"srcset":"https:\/\/i0.wp.com\/noticiasribeiraopreto.com.br\/wp-content\/uploads\/2024\/11\/Copia-de-Copia-de-Copia-de-TAMANHO-EXATO-PARA-FOTOS-NO-SISTEMA-NOVO-77_2024-11-07_20-30-16_png_2024-11-07_20-30-16.webp.webp?fit=1200%2C675&ssl=1&resize=350%2C200 1x, https:\/\/i0.wp.com\/noticiasribeiraopreto.com.br\/wp-content\/uploads\/2024\/11\/Copia-de-Copia-de-Copia-de-TAMANHO-EXATO-PARA-FOTOS-NO-SISTEMA-NOVO-77_2024-11-07_20-30-16_png_2024-11-07_20-30-16.webp.webp?fit=1200%2C675&ssl=1&resize=525%2C300 1.5x, https:\/\/i0.wp.com\/noticiasribeiraopreto.com.br\/wp-content\/uploads\/2024\/11\/Copia-de-Copia-de-Copia-de-TAMANHO-EXATO-PARA-FOTOS-NO-SISTEMA-NOVO-77_2024-11-07_20-30-16_png_2024-11-07_20-30-16.webp.webp?fit=1200%2C675&ssl=1&resize=700%2C400 2x, https:\/\/i0.wp.com\/noticiasribeiraopreto.com.br\/wp-content\/uploads\/2024\/11\/Copia-de-Copia-de-Copia-de-TAMANHO-EXATO-PARA-FOTOS-NO-SISTEMA-NOVO-77_2024-11-07_20-30-16_png_2024-11-07_20-30-16.webp.webp?fit=1200%2C675&ssl=1&resize=1050%2C600 3x"},"classes":[]},{"id":58376,"url":"https:\/\/noticiasribeiraopreto.com.br\/index.php\/2024\/09\/25\/apos-mais-de-10-anos-fechado-parque-de-ribeirao-preto-sera-reaberto-ao-publico\/","url_meta":{"origin":91149,"position":5},"title":"Ap\u00f3s mais de 10 anos fechado, parque de Ribeir\u00e3o Preto ser\u00e1 reaberto ao p\u00fablico","author":"noticiasribeiraopreto.com.br","date":"25 de September de 2024","format":false,"excerpt":"O Parque Roberto Genaro, entre as avenidas Caramuru e Santa Luzia, na zona Sul de Ribeir\u00e3o Preto, deve ser reaberto ao p\u00fablico ainda neste ano. O local est\u00e1 fechado h\u00e1 mais de 10 anos. De acordo com o atual prefeito do munic\u00edpio, Duarte Nogueira (PSDB), o local est\u00e1 recebendo obras\u2026","rel":"","context":"In &quot;Not\u00edcias de Ribeir\u00e3o Preto-SP e Regi\u00e3o&quot;","block_context":{"text":"Not\u00edcias de Ribeir\u00e3o Preto-SP e Regi\u00e3o","link":"https:\/\/noticiasribeiraopreto.com.br\/index.php\/category\/noticias-de-ribeirao-preto-sp-e-regiao-ismael-colosi\/"},"img":{"alt_text":"","src":"https:\/\/i0.wp.com\/noticiasribeiraopreto.com.br\/wp-content\/uploads\/2024\/09\/parque-roberto-genaro.jpg?fit=1200%2C713&ssl=1&resize=350%2C200","width":350,"height":200,"srcset":"https:\/\/i0.wp.com\/noticiasribeiraopreto.com.br\/wp-content\/uploads\/2024\/09\/parque-roberto-genaro.jpg?fit=1200%2C713&ssl=1&resize=350%2C200 1x, https:\/\/i0.wp.com\/noticiasribeiraopreto.com.br\/wp-content\/uploads\/2024\/09\/parque-roberto-genaro.jpg?fit=1200%2C713&ssl=1&resize=525%2C300 1.5x, https:\/\/i0.wp.com\/noticiasribeiraopreto.com.br\/wp-content\/uploads\/2024\/09\/parque-roberto-genaro.jpg?fit=1200%2C713&ssl=1&resize=700%2C400 2x, https:\/\/i0.wp.com\/noticiasribeiraopreto.com.br\/wp-content\/uploads\/2024\/09\/parque-roberto-genaro.jpg?fit=1200%2C713&ssl=1&resize=1050%2C600 3x"},"classes":[]}],"jetpack_sharing_enabled":true,"jetpack_shortlink":"https:\/\/wp.me\/peQAOb-nI9","jetpack_featured_media_url":"https:\/\/i0.wp.com\/noticiasribeiraopreto.com.br\/wp-content\/uploads\/2026\/09\/reabertura-parque-ribeirao.jpg?fit=1200%2C675&ssl=1","_links":{"self":[{"href":"https:\/\/noticiasribeiraopreto.com.br\/index.php\/wp-json\/wp\/v2\/posts\/91149","targetHints":{"allow":["GET"]}}],"collection":[{"href":"https:\/\/noticiasribeiraopreto.com.br\/index.php\/wp-json\/wp\/v2\/posts"}],"about":[{"href":"https:\/\/noticiasribeiraopreto.com.br\/index.php\/wp-json\/wp\/v2\/types\/post"}],"author":[{"embeddable":true,"href":"https:\/\/noticiasribeiraopreto.com.br\/index.php\/wp-json\/wp\/v2\/users\/1"}],"replies":[{"embeddable":true,"href":"https:\/\/noticiasribeiraopreto.com.br\/index.php\/wp-json\/wp\/v2\/comments?post=91149"}],"version-history":[{"count":0,"href":"https:\/\/noticiasribeiraopreto.com.br\/index.php\/wp-json\/wp\/v2\/posts\/91149\/revisions"}],"wp:featuredmedia":[{"embeddable":true,"href":"https:\/\/noticiasribeiraopreto.com.br\/index.php\/wp-json\/wp\/v2\/media\/91150"}],"wp:attachment":[{"href":"https:\/\/noticiasribeiraopreto.com.br\/index.php\/wp-json\/wp\/v2\/media?parent=91149"}],"wp:term":[{"taxonomy":"category","embeddable":true,"href":"https:\/\/noticiasribeiraopreto.com.br\/index.php\/wp-json\/wp\/v2\/categories?post=91149"},{"taxonomy":"post_tag","embeddable":true,"href":"https:\/\/noticiasribeiraopreto.com.br\/index.php\/wp-json\/wp\/v2\/tags?post=91149"}],"curies":[{"name":"wp","href":"https:\/\/api.w.org\/{rel}","templated":true}]}}