{"id":91152,"date":"2026-09-05T11:43:40","date_gmt":"2026-09-05T14:43:40","guid":{"rendered":"https:\/\/noticiasribeiraopreto.com.br\/index.php\/2026\/09\/05\/feriado-de-7-de-setembro-saiba-o-horario-de-funcionamento-de-shoppings-e-comercio\/"},"modified":"2026-09-05T11:43:40","modified_gmt":"2026-09-05T14:43:40","slug":"feriado-de-7-de-setembro-saiba-o-horario-de-funcionamento-de-shoppings-e-comercio","status":"publish","type":"post","link":"https:\/\/noticiasribeiraopreto.com.br\/index.php\/2026\/09\/05\/feriado-de-7-de-setembro-saiba-o-horario-de-funcionamento-de-shoppings-e-comercio\/","title":{"rendered":"Feriado de 7 de Setembro: saiba o hor\u00e1rio de funcionamento de shoppings e com\u00e9rcio"},"content":{"rendered":"<div class='code-block code-block-1' style='margin: 8px 0 8px auto; text-align: right; display: block; clear: both;'>\n<p><a href=\"https:\/\/wa.link\/vpicfd\"><img data-recalc-dims=\"1\" class=\"wp-image-4922\" style=\"aspect-ratio: 2.0253164556962027; width: 561px; height: auto;\" src=\"https:\/\/i0.wp.com\/ismaelcolosi.com.br\/wp-content\/uploads\/2023\/11\/grupo-de-empregos-whatsapp-e-facebook-ismael-colosi-vagas.jpg?ssl=1\" alt=\"\" \/><\/a><\/p>\n<!-- \/wp:image -->\n<\/div>\n<p> <br \/>\n<\/p>\n<p>O<strong> <\/strong>feriado de <strong>Dia da Independ\u00eancia do Brasil<\/strong>, ser\u00e1 celebrado nesta segunda-feira (7). Por esse motivo, os <strong>hor\u00e1rios de funcionamento de shoppings e do com\u00e9rcio de rua<\/strong> podem ser diferentes do habitual em <strong>Ribeir\u00e3o Preto<\/strong>.<\/p>\n<p>O com\u00e9rcio de rua ter\u00e1 funcionamento facultativo, enquanto os shoppings da cidade ter\u00e3o hor\u00e1rios especiais. <strong><mark class=\"has-inline-color\"> Veja abaixo como ficam os hor\u00e1rios do com\u00e9rcio e dos shoppings em Ribeir\u00e3o Preto.<\/mark><\/strong><\/p>\n<div class=\"wp-block-rank-math-toc-block\" id=\"rank-math-toc\">\n<nav>\n<ul>\n<li class=\"\">Com\u00e9rcio de rua<\/li>\n<li class=\"\">Novo Shopping<\/li>\n<li class=\"\">Iguatemi Ribeir\u00e3o Preto<\/li>\n<li class=\"\">Ribeir\u00e3o Shopping<\/li>\n<li class=\"\">Shopping Santa \u00darsula<\/li>\n<li class=\"\">Santa Maria Outlet<\/li>\n<\/ul>\n<\/nav>\n<\/div>\n<p class=\"has-text-align-center has-cyan-bluish-gray-background-color has-background\"><em>Receba not\u00edcias do\u00a0<strong>acidade on Ribeir\u00e3o\u00a0<\/strong>no WhatsApp e fique por dentro de tudo! Basta acessar o link<a href=\"https:\/\/chat.whatsapp.com\/DfXwcjKVIddHUT3BvnQuPZ?mode=hqctshi\" target=\"_blank\" rel=\"noreferrer noopener\">\u00a0aqui<\/a>!<\/em><\/p>\n<h2 class=\"wp-block-heading\" id=\"comercio-de-rua\"><strong>Com\u00e9rcio de rua<\/strong><\/h2>\n<p>Segundo o Sincovarp (Sindicato do Com\u00e9rcio Varejista de Ribeir\u00e3o Preto e Regi\u00e3o), as lojas do com\u00e9rcio de rua poder\u00e3o funcionar das 9h \u00e0s 18h.<\/p>\n<figure class=\"wp-block-image size-large\"><figcaption class=\"wp-element-caption\">Com\u00e9rcio de rua ter\u00e1 abertura facultativa durante feriado em Ribeir\u00e3o Preto \u2013 Foto: Guilherme Sircili\/ CCS Ribeir\u00e3o Preto.<\/figcaption><\/figure>\n<h2 class=\"wp-block-heading\" id=\"novo-shopping\"><strong>Novo Shopping<\/strong><\/h2>\n<p>No Novo Shopping, a abertura das lojas ser\u00e1 facultativa, das 14h \u00e0s 20h. As \u00e1reas de alimenta\u00e7\u00e3o e lazer funcionar\u00e3o das 10h \u00e0s 22h. J\u00e1 as lojas \u00e2ncoras ter\u00e3o hor\u00e1rios diferenciados:<\/p>\n<ul class=\"wp-block-list\">\n<li>Savegnago: 8h \u00e0s 20h<\/li>\n<li>Leroy Merlin: 8h \u00e0s 20h<\/li>\n<li>Sam\u2019s Club: 8h \u00e0s 20h<\/li>\n<li>Poupatempo: fechado<\/li>\n<\/ul>\n<figure class=\"wp-block-image size-large\"><img data-recalc-dims=\"1\" loading=\"lazy\" decoding=\"async\" width=\"1024\" height=\"684\" src=\"https:\/\/i0.wp.com\/www.acidadeon.com\/ribeiraopreto\/wp-content\/uploads\/sites\/3\/2025\/08\/novo-shopping_2025-08-19_13-34-40-1024x684.webp?resize=1024%2C684&#038;ssl=1\" alt=\"Veja como ficam os hor\u00e1rios do Novo Shopping - Foto: divulga\u00e7\u00e3o\" class=\"wp-image-126279\" title=\"Feriado de 7 de Setembro: saiba o hor\u00e1rio de funcionamento de shoppings e com\u00e9rcio 2\"><figcaption class=\"wp-element-caption\">Novo shopping tem hor\u00e1rio especial durante o feriado \u2013 Foto: divulga\u00e7\u00e3o. <\/figcaption><\/figure>\n<h2 class=\"wp-block-heading\" id=\"iguatemi-ribeirao-preto\"><strong>Iguatemi Ribeir\u00e3o Preto<\/strong><\/h2>\n<p>No Iguatemi Ribeir\u00e3o Preto, a abertura das lojas e quiosques ser\u00e1 facultativa, das 14h \u00e0s 20h, com possibilidade de abertura a partir das 12h. As \u00e1reas de alimenta\u00e7\u00e3o e lazer funcionar\u00e3o normalmente, das 11h \u00e0s 22h.<\/p>\n<figure class=\"wp-block-image size-full\"><img data-recalc-dims=\"1\" loading=\"lazy\" decoding=\"async\" width=\"800\" height=\"533\" src=\"https:\/\/i0.wp.com\/www.acidadeon.com\/ribeiraopreto\/wp-content\/uploads\/sites\/3\/2025\/12\/shopping-iguatemi-ribeirao-preto_2025-12-13_14-40-07.webp?resize=800%2C533&#038;ssl=1\" alt=\"Shopping Iguatemi tem programa\u00e7\u00e3o para f\u00e9rias escolares - Foto: divulga\u00e7\u00e3o.\" class=\"wp-image-139291\" title=\"Feriado de 7 de Setembro: saiba o hor\u00e1rio de funcionamento de shoppings e com\u00e9rcio 3\"><figcaption class=\"wp-element-caption\">Shopping Iguatemi tem hor\u00e1rio especial durante o feriado  \u2013 Foto: divulga\u00e7\u00e3o.<\/figcaption><\/figure>\n<h2 class=\"wp-block-heading\" id=\"ribeirao-shopping\"><strong>Ribeir\u00e3o Shopping<\/strong><\/h2>\n<p>No Ribeir\u00e3o Shopping, a abertura das lojas ser\u00e1 facultativa, das 14h \u00e0s 20h. As \u00e1reas de alimenta\u00e7\u00e3o e lazer funcionar\u00e3o normalmente, das 11h \u00e0s 22h.<\/p>\n<figure class=\"wp-block-image size-full\"><img data-recalc-dims=\"1\" decoding=\"async\" src=\"https:\/\/i0.wp.com\/www.acidadeon.com\/ribeiraopreto\/wp-content\/uploads\/sites\/3\/2023\/09\/ribeirao_shopping_1024x576_06052021101240.jpg?ssl=1\" alt=\"Cirurgi\u00e3-dentista foi a sorteada na promo\u00e7\u00e3o de Dia dos Pais do Ribeir\u00e3o Shopping \u2013 Foto: Divulga\u00e7\u00e3o.\" class=\"wp-image-48967\" title=\"Feriado de 7 de Setembro: saiba o hor\u00e1rio de funcionamento de shoppings e com\u00e9rcio 4\"><figcaption class=\"wp-element-caption\">Ribeir\u00e3o Shopping tem hor\u00e1rio especial durante o feriado  \u2013 Foto: Divulga\u00e7\u00e3o.<\/figcaption><\/figure>\n<h2 class=\"wp-block-heading\" id=\"shopping-santa-ursula\"><strong>Shopping Santa \u00darsula<\/strong><\/h2>\n<p>No Shopping Santa \u00darsula, a abertura das lojas ser\u00e1 facultativa, das 14h \u00e0s 20h. As \u00e1reas de alimenta\u00e7\u00e3o e lazer funcionar\u00e3o normalmente, das 11h \u00e0s 22h.<\/p>\n<figure class=\"wp-block-image size-large\"><img data-recalc-dims=\"1\" loading=\"lazy\" decoding=\"async\" width=\"1024\" height=\"711\" src=\"https:\/\/i0.wp.com\/www.acidadeon.com\/ribeiraopreto\/wp-content\/uploads\/sites\/3\/2026\/07\/oshoppingssu_01.jpg__1920x0_subsampling-2-1024x711.webp?resize=1024%2C711&#038;ssl=1\" alt=\"Shopping Santa \u00darsula tem programa\u00e7\u00e3o para f\u00e9rias escolares - Foto: divulga\u00e7\u00e3o.\" class=\"wp-image-165192\" title=\"Feriado de 7 de Setembro: saiba o hor\u00e1rio de funcionamento de shoppings e com\u00e9rcio 5\"><figcaption class=\"wp-element-caption\">Santa \u00darsula tem hor\u00e1rio especial durante o feriado \u2013 Foto: divulga\u00e7\u00e3o.<\/figcaption><\/figure>\n<h2 class=\"wp-block-heading\" id=\"santa-maria-outlet\"><strong>Santa Maria Outlet<\/strong><\/h2>\n<p>De acordo com o Santa Maria Outlet, as lojas funcionar\u00e3o das 9h \u00e0s 21h. J\u00e1 a pra\u00e7a de alimenta\u00e7\u00e3o estar\u00e1 aberta das 11h \u00e0s 22h.<\/p>\n<figure class=\"wp-block-image size-large\"><img data-recalc-dims=\"1\" loading=\"lazy\" decoding=\"async\" width=\"1024\" height=\"576\" src=\"https:\/\/i0.wp.com\/www.acidadeon.com\/ribeiraopreto\/wp-content\/uploads\/sites\/3\/2024\/11\/Copia-de-Copia-de-Copia-de-TAMANHO-EXATO-PARA-FOTOS-NO-SISTEMA-NOVO-2024-11-20T151024.414_2024-11-20_18-10-39_png_2024-11-20_18-10-39-1024x576.webp?resize=1024%2C576&#038;ssl=1\" alt=\"Santa Maria Outlet, em Cravinhos - Foto: Divulga\u00e7\u00e3o\" class=\"wp-image-100263\" title=\"Feriado de 7 de Setembro: saiba o hor\u00e1rio de funcionamento de shoppings e com\u00e9rcio 6\"><figcaption class=\"wp-element-caption\">Santa Maria Outlet tem hor\u00e1rio especial durante o feriado \u2013 Foto: divulga\u00e7\u00e3o<\/figcaption><\/figure>\n<p class=\"has-text-align-center has-cyan-bluish-gray-background-color has-background\"><em>Fa\u00e7a uma den\u00fancia ou sugira uma reportagem sobre\u00a0<strong>Ribeir\u00e3o Preto\u00a0<\/strong>e regi\u00e3o por meio do WhatsApp do\u00a0<strong>acidade on Ribeir\u00e3o<\/strong>: (16) 99117-7802.<\/em><\/p>\n<\/p>\n<p>O post Feriado de 7 de Setembro: saiba o hor\u00e1rio de funcionamento de shoppings e com\u00e9rcio apareceu primeiro em ACidade ON Ribeir\u00e3o Preto.<\/p>\n<p><br \/>\n<br \/><a href=\"https:\/\/www.acidadeon.com\/ribeiraopreto\/cotidiano\/feriado-de-7-de-setembro-saiba-o-horario-de-funcionamento-de-shoppings-e-comercio\/\">Link para o texto original aqui <\/a><\/p>\n<!-- CONTENT END 1 -->\n","protected":false},"excerpt":{"rendered":"<p>O feriado de Dia da Independ\u00eancia do Brasil, ser\u00e1 celebrado nesta segunda-feira (7). Por esse motivo, os hor\u00e1rios de funcionamento de shoppings e do com\u00e9rcio&#8230;<\/p>\n","protected":false},"author":1,"featured_media":87685,"comment_status":"","ping_status":"","sticky":false,"template":"","format":"standard","meta":{"advanced_seo_description":"","jetpack_seo_html_title":"","jetpack_seo_noindex":false,"jetpack_seo_schema_type":"","_jetpack_newsletter_access":"","_jetpack_dont_email_post_to_subs":false,"_jetpack_newsletter_tier_id":0,"_jetpack_memberships_contains_paywalled_content":false,"_jetpack_feature_clip_id":0,"_jetpack_memberships_contains_paid_content":false,"footnotes":"","jetpack_publicize_message":"","jetpack_publicize_feature_enabled":true,"jetpack_social_post_already_shared":true,"jetpack_social_options":{"image_generator_settings":{"template":"highway","default_image_id":0,"font":"","enabled":false},"version":2},"jetpack_post_was_ever_published":false},"categories":[11],"tags":[386,377,379,378,123,3398,387],"class_list":["post-91152","post","type-post","status-publish","format-standard","has-post-thumbnail","hentry","category-noticias-de-ribeirao-preto-sp-e-regiao-ismael-colosi","tag-comercio","tag-feriado","tag-funcionamento","tag-horario","tag-saiba","tag-setembro","tag-shoppings"],"jetpack_publicize_connections":[],"jetpack-related-posts":[{"id":91151,"url":"https:\/\/noticiasribeiraopreto.com.br\/index.php\/2026\/09\/05\/feriado-de-7-de-setembro-saiba-o-horario-de-funcionamento-de-shopping-e-comercio\/","url_meta":{"origin":91152,"position":0},"title":"Feriado de 7 de Setembro: saiba o hor\u00e1rio de funcionamento de shopping e com\u00e9rcio","author":"noticiasribeiraopreto.com.br","date":"5 de September de 2026","format":false,"excerpt":"O feriado de Dia da Independ\u00eancia do Brasil, ser\u00e1 celebrado nesta segunda-feira (7). Por esse motivo, os hor\u00e1rios de funcionamento de shoppings e do com\u00e9rcio de rua podem ser diferentes do habitual em Ribeir\u00e3o Preto. O com\u00e9rcio de rua ter\u00e1 funcionamento facultativo, enquanto os shoppings da cidade ter\u00e3o hor\u00e1rios especiais.\u2026","rel":"","context":"In &quot;Not\u00edcias de Ribeir\u00e3o Preto-SP e Regi\u00e3o&quot;","block_context":{"text":"Not\u00edcias de Ribeir\u00e3o Preto-SP e Regi\u00e3o","link":"https:\/\/noticiasribeiraopreto.com.br\/index.php\/category\/noticias-de-ribeirao-preto-sp-e-regiao-ismael-colosi\/"},"img":{"alt_text":"","src":"https:\/\/i0.wp.com\/noticiasribeiraopreto.com.br\/wp-content\/uploads\/2026\/07\/palace-2026-05-05T155137.968_2026-05-05_18-51-52.webp.webp?fit=1200%2C675&ssl=1&resize=350%2C200","width":350,"height":200,"srcset":"https:\/\/i0.wp.com\/noticiasribeiraopreto.com.br\/wp-content\/uploads\/2026\/07\/palace-2026-05-05T155137.968_2026-05-05_18-51-52.webp.webp?fit=1200%2C675&ssl=1&resize=350%2C200 1x, https:\/\/i0.wp.com\/noticiasribeiraopreto.com.br\/wp-content\/uploads\/2026\/07\/palace-2026-05-05T155137.968_2026-05-05_18-51-52.webp.webp?fit=1200%2C675&ssl=1&resize=525%2C300 1.5x, https:\/\/i0.wp.com\/noticiasribeiraopreto.com.br\/wp-content\/uploads\/2026\/07\/palace-2026-05-05T155137.968_2026-05-05_18-51-52.webp.webp?fit=1200%2C675&ssl=1&resize=700%2C400 2x, https:\/\/i0.wp.com\/noticiasribeiraopreto.com.br\/wp-content\/uploads\/2026\/07\/palace-2026-05-05T155137.968_2026-05-05_18-51-52.webp.webp?fit=1200%2C675&ssl=1&resize=1050%2C600 3x"},"classes":[]},{"id":57629,"url":"https:\/\/noticiasribeiraopreto.com.br\/index.php\/2024\/09\/05\/veja-o-horario-do-comercio-de-ribeirao-preto-durante-feriado-de-7-de-setembro\/","url_meta":{"origin":91152,"position":1},"title":"Veja o hor\u00e1rio do com\u00e9rcio de Ribeir\u00e3o Preto durante feriado de 7 de Setembro","author":"noticiasribeiraopreto.com.br","date":"5 de September de 2024","format":false,"excerpt":"O Dia da Independ\u00eancia do Brasil \u00e9 celebrado neste s\u00e1bado (7) e, por conta disso, os hor\u00e1rios de funcionamento do com\u00e9rcio da cidade sofrem mudan\u00e7as. Conforme o Sincovarp (Sindicato do Com\u00e9rcio Varejista de Ribeir\u00e3o Preto) o com\u00e9rcio de rua ter\u00e1 funcionamento facultativo, j\u00e1 os shoppings centers ter\u00e3o hor\u00e1rio reduzido \u2013\u2026","rel":"","context":"In &quot;Not\u00edcias de Ribeir\u00e3o Preto-SP e Regi\u00e3o&quot;","block_context":{"text":"Not\u00edcias de Ribeir\u00e3o Preto-SP e Regi\u00e3o","link":"https:\/\/noticiasribeiraopreto.com.br\/index.php\/category\/noticias-de-ribeirao-preto-sp-e-regiao-ismael-colosi\/"},"img":{"alt_text":"","src":"https:\/\/i0.wp.com\/noticiasribeiraopreto.com.br\/wp-content\/uploads\/2024\/09\/MEIS-ribeirao-preto.jpg?fit=1200%2C799&ssl=1&resize=350%2C200","width":350,"height":200,"srcset":"https:\/\/i0.wp.com\/noticiasribeiraopreto.com.br\/wp-content\/uploads\/2024\/09\/MEIS-ribeirao-preto.jpg?fit=1200%2C799&ssl=1&resize=350%2C200 1x, https:\/\/i0.wp.com\/noticiasribeiraopreto.com.br\/wp-content\/uploads\/2024\/09\/MEIS-ribeirao-preto.jpg?fit=1200%2C799&ssl=1&resize=525%2C300 1.5x, https:\/\/i0.wp.com\/noticiasribeiraopreto.com.br\/wp-content\/uploads\/2024\/09\/MEIS-ribeirao-preto.jpg?fit=1200%2C799&ssl=1&resize=700%2C400 2x, https:\/\/i0.wp.com\/noticiasribeiraopreto.com.br\/wp-content\/uploads\/2024\/09\/MEIS-ribeirao-preto.jpg?fit=1200%2C799&ssl=1&resize=1050%2C600 3x"},"classes":[]},{"id":60592,"url":"https:\/\/noticiasribeiraopreto.com.br\/index.php\/2024\/11\/19\/feriado-veja-o-horario-de-funcionamento-do-comercio-e-shoppings-de-ribeirao-2\/","url_meta":{"origin":91152,"position":2},"title":"Feriado: Veja o hor\u00e1rio de funcionamento do com\u00e9rcio e shoppings de Ribeir\u00e3o","author":"noticiasribeiraopreto.com.br","date":"19 de November de 2024","format":false,"excerpt":"Nesta quarta-feira, 20 de novembro, \u00e9 comemorado o Dia da Consci\u00eancia Negra, e, pela primeira vez, ser\u00e1 feriado em todo o Brasil. Esta data, que homenageia Zumbi dos Palmares, \u00e9 um marco na luta contra o racismo e na valoriza\u00e7\u00e3o da cultura afro-brasileira. Em Ribeir\u00e3o Preto, alguns servi\u00e7os e com\u00e9rcio\u2026","rel":"","context":"In &quot;Not\u00edcias de Ribeir\u00e3o Preto-SP e Regi\u00e3o&quot;","block_context":{"text":"Not\u00edcias de Ribeir\u00e3o Preto-SP e Regi\u00e3o","link":"https:\/\/noticiasribeiraopreto.com.br\/index.php\/category\/noticias-de-ribeirao-preto-sp-e-regiao-ismael-colosi\/"},"img":{"alt_text":"","src":"https:\/\/i0.wp.com\/noticiasribeiraopreto.com.br\/wp-content\/uploads\/2024\/11\/shopping-iguatemi-1024x576-1_2024-11-19_14-14-44_jpeg_2024-11-19_14-14-44.webp.webp?fit=1024%2C576&ssl=1&resize=350%2C200","width":350,"height":200,"srcset":"https:\/\/i0.wp.com\/noticiasribeiraopreto.com.br\/wp-content\/uploads\/2024\/11\/shopping-iguatemi-1024x576-1_2024-11-19_14-14-44_jpeg_2024-11-19_14-14-44.webp.webp?fit=1024%2C576&ssl=1&resize=350%2C200 1x, https:\/\/i0.wp.com\/noticiasribeiraopreto.com.br\/wp-content\/uploads\/2024\/11\/shopping-iguatemi-1024x576-1_2024-11-19_14-14-44_jpeg_2024-11-19_14-14-44.webp.webp?fit=1024%2C576&ssl=1&resize=525%2C300 1.5x, https:\/\/i0.wp.com\/noticiasribeiraopreto.com.br\/wp-content\/uploads\/2024\/11\/shopping-iguatemi-1024x576-1_2024-11-19_14-14-44_jpeg_2024-11-19_14-14-44.webp.webp?fit=1024%2C576&ssl=1&resize=700%2C400 2x"},"classes":[]},{"id":78462,"url":"https:\/\/noticiasribeiraopreto.com.br\/index.php\/2025\/10\/10\/veja-como-ficam-os-horarios-do-comercio-e-dos-shoppings-no-feriado-em-ribeirao-preto\/","url_meta":{"origin":91152,"position":3},"title":"Veja como ficam os hor\u00e1rios do com\u00e9rcio e dos shoppings no feriado em Ribeir\u00e3o Preto","author":"noticiasribeiraopreto.com.br","date":"10 de October de 2025","format":false,"excerpt":"O feriado deste domingo (12), em comemora\u00e7\u00e3o ao Dia de Nossa Senhora Aparecida, vai alterar o hor\u00e1rio de funcionamento do com\u00e9rcio e dos shoppings em Ribeir\u00e3o Preto e regi\u00e3o. A data tamb\u00e9m marca a celebra\u00e7\u00e3o do Dia das Crian\u00e7as, considerada a terceira mais importante do calend\u00e1rio do com\u00e9rcio varejista. As\u2026","rel":"","context":"In &quot;Not\u00edcias de Ribeir\u00e3o Preto-SP e Regi\u00e3o&quot;","block_context":{"text":"Not\u00edcias de Ribeir\u00e3o Preto-SP e Regi\u00e3o","link":"https:\/\/noticiasribeiraopreto.com.br\/index.php\/category\/noticias-de-ribeirao-preto-sp-e-regiao-ismael-colosi\/"},"img":{"alt_text":"","src":"https:\/\/i0.wp.com\/noticiasribeiraopreto.com.br\/wp-content\/uploads\/2025\/09\/shopping-iguatemi-1024x576-1_2024-11-19_14-14-44_jpeg_2024-11-19_14-14-44.webp.webp?fit=1024%2C576&ssl=1&resize=350%2C200","width":350,"height":200,"srcset":"https:\/\/i0.wp.com\/noticiasribeiraopreto.com.br\/wp-content\/uploads\/2025\/09\/shopping-iguatemi-1024x576-1_2024-11-19_14-14-44_jpeg_2024-11-19_14-14-44.webp.webp?fit=1024%2C576&ssl=1&resize=350%2C200 1x, https:\/\/i0.wp.com\/noticiasribeiraopreto.com.br\/wp-content\/uploads\/2025\/09\/shopping-iguatemi-1024x576-1_2024-11-19_14-14-44_jpeg_2024-11-19_14-14-44.webp.webp?fit=1024%2C576&ssl=1&resize=525%2C300 1.5x, https:\/\/i0.wp.com\/noticiasribeiraopreto.com.br\/wp-content\/uploads\/2025\/09\/shopping-iguatemi-1024x576-1_2024-11-19_14-14-44_jpeg_2024-11-19_14-14-44.webp.webp?fit=1024%2C576&ssl=1&resize=700%2C400 2x"},"classes":[]},{"id":73690,"url":"https:\/\/noticiasribeiraopreto.com.br\/index.php\/2025\/07\/07\/veja-como-fica-o-funcionamento-do-comercio-em-ribeirao-durante-o-feriado-de-9-de-julho\/","url_meta":{"origin":91152,"position":4},"title":"Veja como fica o funcionamento do com\u00e9rcio em Ribeir\u00e3o durante o feriado de 9 de Julho","author":"noticiasribeiraopreto.com.br","date":"7 de July de 2025","format":false,"excerpt":"O estado de S\u00e3o Paulo comemora a Revolu\u00e7\u00e3o Constitucionalista de 1932 nesta quarta-feira (9). Por esse motivo, o funcionamento dos shoppings e do com\u00e9rcio de rua de Ribeir\u00e3o Preto ser\u00e3o alterados \u2013 veja abaixo. A data \u00e9 uma homenagem ao estado de S\u00e3o Paulo, que se op\u00f4s ao governo provis\u00f3rio\u2026","rel":"","context":"In &quot;Not\u00edcias de Ribeir\u00e3o Preto-SP e Regi\u00e3o&quot;","block_context":{"text":"Not\u00edcias de Ribeir\u00e3o Preto-SP e Regi\u00e3o","link":"https:\/\/noticiasribeiraopreto.com.br\/index.php\/category\/noticias-de-ribeirao-preto-sp-e-regiao-ismael-colosi\/"},"img":{"alt_text":"","src":"https:\/\/i0.wp.com\/noticiasribeiraopreto.com.br\/wp-content\/uploads\/2025\/06\/Copia-de-Copia-de-TAMANHO-EXATO-PARA-FOTOS-NO-SISTEMA-NOVO-13_2024-07-08_13-59-35_jpg_2024-07-08_13-59-35.webp.webp?fit=1200%2C675&ssl=1&resize=350%2C200","width":350,"height":200,"srcset":"https:\/\/i0.wp.com\/noticiasribeiraopreto.com.br\/wp-content\/uploads\/2025\/06\/Copia-de-Copia-de-TAMANHO-EXATO-PARA-FOTOS-NO-SISTEMA-NOVO-13_2024-07-08_13-59-35_jpg_2024-07-08_13-59-35.webp.webp?fit=1200%2C675&ssl=1&resize=350%2C200 1x, https:\/\/i0.wp.com\/noticiasribeiraopreto.com.br\/wp-content\/uploads\/2025\/06\/Copia-de-Copia-de-TAMANHO-EXATO-PARA-FOTOS-NO-SISTEMA-NOVO-13_2024-07-08_13-59-35_jpg_2024-07-08_13-59-35.webp.webp?fit=1200%2C675&ssl=1&resize=525%2C300 1.5x, https:\/\/i0.wp.com\/noticiasribeiraopreto.com.br\/wp-content\/uploads\/2025\/06\/Copia-de-Copia-de-TAMANHO-EXATO-PARA-FOTOS-NO-SISTEMA-NOVO-13_2024-07-08_13-59-35_jpg_2024-07-08_13-59-35.webp.webp?fit=1200%2C675&ssl=1&resize=700%2C400 2x, https:\/\/i0.wp.com\/noticiasribeiraopreto.com.br\/wp-content\/uploads\/2025\/06\/Copia-de-Copia-de-TAMANHO-EXATO-PARA-FOTOS-NO-SISTEMA-NOVO-13_2024-07-08_13-59-35_jpg_2024-07-08_13-59-35.webp.webp?fit=1200%2C675&ssl=1&resize=1050%2C600 3x"},"classes":[]},{"id":59863,"url":"https:\/\/noticiasribeiraopreto.com.br\/index.php\/2024\/10\/31\/feriado-de-finados-confira-o-funcionamento-do-comercio-e-shoppings-de-ribeirao-preto\/","url_meta":{"origin":91152,"position":5},"title":"Feriado de Finados: Confira o funcionamento do com\u00e9rcio e shoppings de Ribeir\u00e3o Preto","author":"noticiasribeiraopreto.com.br","date":"31 de October de 2024","format":false,"excerpt":"Neste s\u00e1bado, 2 de novembro, \u00e9 celebrado o feriado do Dia de Finados. Em Ribeir\u00e3o Preto, o com\u00e9rcio de rua e os shoppings t\u00eam os seus hor\u00e1rios alterados. J\u00e1 os bancos n\u00e3o funcionam. Com\u00e9rcio De acordo com o Sindicato do Com\u00e9rcio Varejista de Ribeir\u00e3o Preto (Sincovarp), as lojas do com\u00e9rcio\u2026","rel":"","context":"In &quot;Not\u00edcias de Ribeir\u00e3o Preto-SP e Regi\u00e3o&quot;","block_context":{"text":"Not\u00edcias de Ribeir\u00e3o Preto-SP e Regi\u00e3o","link":"https:\/\/noticiasribeiraopreto.com.br\/index.php\/category\/noticias-de-ribeirao-preto-sp-e-regiao-ismael-colosi\/"},"img":{"alt_text":"","src":"https:\/\/i0.wp.com\/noticiasribeiraopreto.com.br\/wp-content\/uploads\/2024\/10\/Copia-de-Copia-de-TAMANHO-EXATO-PARA-FOTOS-NO-SISTEMA-NOVO-13_2024-07-08_13-59-35_jpg_2024-07-08_13-59-35.webp.webp?fit=1200%2C675&ssl=1&resize=350%2C200","width":350,"height":200,"srcset":"https:\/\/i0.wp.com\/noticiasribeiraopreto.com.br\/wp-content\/uploads\/2024\/10\/Copia-de-Copia-de-TAMANHO-EXATO-PARA-FOTOS-NO-SISTEMA-NOVO-13_2024-07-08_13-59-35_jpg_2024-07-08_13-59-35.webp.webp?fit=1200%2C675&ssl=1&resize=350%2C200 1x, https:\/\/i0.wp.com\/noticiasribeiraopreto.com.br\/wp-content\/uploads\/2024\/10\/Copia-de-Copia-de-TAMANHO-EXATO-PARA-FOTOS-NO-SISTEMA-NOVO-13_2024-07-08_13-59-35_jpg_2024-07-08_13-59-35.webp.webp?fit=1200%2C675&ssl=1&resize=525%2C300 1.5x, https:\/\/i0.wp.com\/noticiasribeiraopreto.com.br\/wp-content\/uploads\/2024\/10\/Copia-de-Copia-de-TAMANHO-EXATO-PARA-FOTOS-NO-SISTEMA-NOVO-13_2024-07-08_13-59-35_jpg_2024-07-08_13-59-35.webp.webp?fit=1200%2C675&ssl=1&resize=700%2C400 2x, https:\/\/i0.wp.com\/noticiasribeiraopreto.com.br\/wp-content\/uploads\/2024\/10\/Copia-de-Copia-de-TAMANHO-EXATO-PARA-FOTOS-NO-SISTEMA-NOVO-13_2024-07-08_13-59-35_jpg_2024-07-08_13-59-35.webp.webp?fit=1200%2C675&ssl=1&resize=1050%2C600 3x"},"classes":[]}],"jetpack_sharing_enabled":true,"jetpack_shortlink":"https:\/\/wp.me\/peQAOb-nIc","jetpack_featured_media_url":"https:\/\/i0.wp.com\/noticiasribeiraopreto.com.br\/wp-content\/uploads\/2026\/07\/palace-2026-05-05T155137.968_2026-05-05_18-51-52.webp.webp?fit=1200%2C675&ssl=1","_links":{"self":[{"href":"https:\/\/noticiasribeiraopreto.com.br\/index.php\/wp-json\/wp\/v2\/posts\/91152","targetHints":{"allow":["GET"]}}],"collection":[{"href":"https:\/\/noticiasribeiraopreto.com.br\/index.php\/wp-json\/wp\/v2\/posts"}],"about":[{"href":"https:\/\/noticiasribeiraopreto.com.br\/index.php\/wp-json\/wp\/v2\/types\/post"}],"author":[{"embeddable":true,"href":"https:\/\/noticiasribeiraopreto.com.br\/index.php\/wp-json\/wp\/v2\/users\/1"}],"replies":[{"embeddable":true,"href":"https:\/\/noticiasribeiraopreto.com.br\/index.php\/wp-json\/wp\/v2\/comments?post=91152"}],"version-history":[{"count":0,"href":"https:\/\/noticiasribeiraopreto.com.br\/index.php\/wp-json\/wp\/v2\/posts\/91152\/revisions"}],"wp:featuredmedia":[{"embeddable":true,"href":"https:\/\/noticiasribeiraopreto.com.br\/index.php\/wp-json\/wp\/v2\/media\/87685"}],"wp:attachment":[{"href":"https:\/\/noticiasribeiraopreto.com.br\/index.php\/wp-json\/wp\/v2\/media?parent=91152"}],"wp:term":[{"taxonomy":"category","embeddable":true,"href":"https:\/\/noticiasribeiraopreto.com.br\/index.php\/wp-json\/wp\/v2\/categories?post=91152"},{"taxonomy":"post_tag","embeddable":true,"href":"https:\/\/noticiasribeiraopreto.com.br\/index.php\/wp-json\/wp\/v2\/tags?post=91152"}],"curies":[{"name":"wp","href":"https:\/\/api.w.org\/{rel}","templated":true}]}}