{"id":91154,"date":"2026-09-05T12:05:43","date_gmt":"2026-09-05T15:05:43","guid":{"rendered":"https:\/\/noticiasribeiraopreto.com.br\/index.php\/2026\/09\/05\/confira-o-funcionamento-dos-servicos-municipais-neste-feriado-da-independencia\/"},"modified":"2026-09-05T12:05:43","modified_gmt":"2026-09-05T15:05:43","slug":"confira-o-funcionamento-dos-servicos-municipais-neste-feriado-da-independencia","status":"publish","type":"post","link":"https:\/\/noticiasribeiraopreto.com.br\/index.php\/2026\/09\/05\/confira-o-funcionamento-dos-servicos-municipais-neste-feriado-da-independencia\/","title":{"rendered":"Confira o funcionamento dos servi\u00e7os municipais neste feriado da Independ\u00eancia"},"content":{"rendered":"<div class='code-block code-block-1' style='margin: 8px 0 8px auto; text-align: right; display: block; clear: both;'>\n<p><a href=\"https:\/\/wa.link\/vpicfd\"><img data-recalc-dims=\"1\" class=\"wp-image-4922\" style=\"aspect-ratio: 2.0253164556962027; width: 561px; height: auto;\" src=\"https:\/\/i0.wp.com\/ismaelcolosi.com.br\/wp-content\/uploads\/2023\/11\/grupo-de-empregos-whatsapp-e-facebook-ismael-colosi-vagas.jpg?ssl=1\" alt=\"\" \/><\/a><\/p>\n<!-- \/wp:image -->\n<\/div>\n<p> <br \/>\n<\/p>\n<div>\n<p>A Prefeitura de Ribeir\u00e3o Preto informa que os servi\u00e7os essenciais funcionar\u00e3o normalmente durante o feriado da Independ\u00eancia do Brasil, celebrado na pr\u00f3xima segunda-feira, dia 7 de setembro. As reparti\u00e7\u00f5es p\u00fablicas municipais permanecer\u00e3o fechadas, retomando o atendimento normal na ter\u00e7a-feira (8), \u00e0s 8h.<\/p>\n<h2>Confira o que abre e o que fecha durante o feriado:<\/h2>\n<p><strong>Sa\u00fade<\/strong><\/p>\n<p>Atendimento 24 horas opera normalmente na segunda-feira (07):<\/p>\n<p><strong>UPA Leste<\/strong> \u2013 Avenida 13 de Maio, 353 \u2013 Jardim Paulistano<\/p>\n<p><strong>UPA Norte<\/strong> \u2013 Avenida Euclydes de Figueiredo, 295 \u2013 Adelino Simioni<\/p>\n<p><strong>UPA Oeste \u2013<\/strong> Rua Teresina, 678 \u2013 Sumarezinho<\/p>\n<p><strong>UPA Sul<\/strong> \u2013 Rua Franco da Rocha, 1.270, Vila Virg\u00ednia<\/p>\n<p><strong>PAM (Pronto Atendimento em Sa\u00fade Mental)<\/strong> \u2014 Rua Bruno Pelicani, 70, Quintino Facci II<\/p>\n<p>\u00a0<\/p>\n<p>Unidades B\u00e1sicas de Sa\u00fade (UBS) e Unidades de Sa\u00fade de Fam\u00edlia (USF) estar\u00e3o fechadas no dia 07, incluindo a UBS Bonfim Paulista\/Mamoru Kobayashi. <strong>O servi\u00e7o retorna \u00e0 opera\u00e7\u00e3o na ter\u00e7a-feira, dia 08.<\/strong><\/p>\n<p>\u00a0<\/p>\n<p><strong>Transporte<\/strong><\/p>\n<p>No feriado, no dia 7, os \u00f4nibus circular\u00e3o com hor\u00e1rios de domingo.<\/p>\n<p><u>Funcionamento dos postos de atendimento:<\/u><\/p>\n<p><strong>Central de Vendas e Benef\u00edcios (Rua Tibiri\u00e7\u00e1, 600):<\/strong> fechada apenas no feriado;<\/p>\n<p><strong>Atendimento telef\u00f4nico (0800 16 16 001):<\/strong> das 6h \u00e0s 23h;<\/p>\n<p><strong>Terminal Dra. Evangelina:<\/strong> das 6h \u00e0s 22h;<\/p>\n<p><strong>Terminais de bairro:<\/strong> das 8h \u00e0s 12h;<\/p>\n<p><strong>Terminal Ribeir\u00e3o Shopping:<\/strong> das 6h \u00e0s 18h;<\/p>\n<p><strong>Terminal HC:<\/strong> das 6h \u00e0s 12h.<\/p>\n<p><strong>Tr\u00e2nsito<\/strong><\/p>\n<p>O atendimento presencial na sede da RP Mobi (protocolos e p\u00e1tio) <strong>estar\u00e1 suspenso no dia 7,<\/strong> retornando na ter\u00e7a-feira (8), \u00e0s 8h.<\/p>\n<p><strong>Assist\u00eancia Social<\/strong><\/p>\n<p>Os servi\u00e7os de abordagem social e acolhimento funcionar\u00e3o normalmente durante todo o feriado.<\/p>\n<p>Solicita\u00e7\u00f5es emergenciais podem ser feitas pelo FAS \u2013 Fale Assist\u00eancia Social, pelos telefones 161 ou 0800 773 0161.<\/p>\n<p><strong>Saerp<\/strong><\/p>\n<p>As equipes da Saerp atuar\u00e3o em regime de plant\u00e3o para atendimentos emergenciais.<\/p>\n<p>A <strong>Central de Atendimento funcionar\u00e1 normalmente, todos os dias,<\/strong> pelo telefone 0800 115 0115.<\/p>\n<p>\u00a0<\/p>\n<p><strong>Meio Ambiente<\/strong><\/p>\n<p>Os parques municipais<strong> funcionar\u00e3o normalmente<\/strong> durante o feriado.<\/p>\n<p>O Bosque e Zool\u00f3gico Municipal Dr. F\u00e1bio Barreto permanecer\u00e1 fechado para manuten\u00e7\u00e3o.<\/p>\n<p>\u00a0<\/p>\n<p><strong>Infraestrutura<\/strong><\/p>\n<p><strong>Coleta de lixo:<\/strong> funcionamento normal durante todo o feriado;<\/p>\n<p><strong>Ecopontos:<\/strong> funcionamento normal, das 7h \u00e0s 19h;<\/p>\n<p><strong>Emerg\u00eancias:<\/strong> atendimento pelo SAM \u2013 Servi\u00e7o de Atendimento ao Mun\u00edcipe, telefone 156.<\/p>\n<p>\u00a0<\/p>\n<p><strong>Poupatempo<\/strong><\/p>\n<p>A unidade <strong>permanecer\u00e1 fechada apenas no feriado (7)<\/strong>, retomando o atendimento normal na ter\u00e7a-feira (8), das 9h \u00e0s 17h.<\/p>\n<p>\u00a0<\/p>\n<p><strong>Seguran\u00e7a<\/strong><\/p>\n<p><strong>Guarda Civil Metropolitana:<\/strong> atendimento 24 horas pelo telefone 153;<\/p>\n<p><strong>Defesa Civil:<\/strong> atendimento 24 horas pelo telefone 199.<\/p>\n<\/div>\n<p><br \/>\n<br \/><a href=\"https:\/\/thmais.com.br\/cidades\/ribeirao-preto\/confira-o-funcionamento-dos-servicos-municipais-neste-feriado-da-independencia\/\">Link para o texto original aqui <\/a><\/p>\n<!-- CONTENT END 1 -->\n","protected":false},"excerpt":{"rendered":"<p>A Prefeitura de Ribeir\u00e3o Preto informa que os servi\u00e7os essenciais funcionar\u00e3o normalmente durante o feriado da Independ\u00eancia do Brasil, celebrado na pr\u00f3xima segunda-feira, dia 7&#8230;<\/p>\n","protected":false},"author":1,"featured_media":91155,"comment_status":"","ping_status":"","sticky":false,"template":"","format":"standard","meta":{"advanced_seo_description":"","jetpack_seo_html_title":"","jetpack_seo_noindex":false,"jetpack_seo_schema_type":"","_jetpack_newsletter_access":"","_jetpack_dont_email_post_to_subs":false,"_jetpack_newsletter_tier_id":0,"_jetpack_memberships_contains_paywalled_content":false,"_jetpack_feature_clip_id":0,"_jetpack_memberships_contains_paid_content":false,"footnotes":"","jetpack_publicize_message":"","jetpack_publicize_feature_enabled":true,"jetpack_social_post_already_shared":true,"jetpack_social_options":{"image_generator_settings":{"template":"highway","default_image_id":0,"font":"","enabled":false},"version":2},"jetpack_post_was_ever_published":false},"categories":[11],"tags":[269,470,377,379,850,2453,263,6456,8952,1998],"class_list":["post-91154","post","type-post","status-publish","format-standard","has-post-thumbnail","hentry","category-noticias-de-ribeirao-preto-sp-e-regiao-ismael-colosi","tag-confira","tag-dos","tag-feriado","tag-funcionamento","tag-independencia","tag-municipais","tag-neste","tag-ribeirao-preto","tag-servicoes-municipais","tag-servicos"],"jetpack_publicize_connections":[],"jetpack-related-posts":[{"id":91117,"url":"https:\/\/noticiasribeiraopreto.com.br\/index.php\/2026\/09\/04\/feriado-de-7-de-setembro-veja-o-que-abre-e-fecha-nos-servicos-publicos-em-ribeirao-preto\/","url_meta":{"origin":91154,"position":0},"title":"Feriado de 7 de Setembro: veja o que abre e fecha nos servi\u00e7os p\u00fablicos em Ribeir\u00e3o Preto","author":"noticiasribeiraopreto.com.br","date":"4 de September de 2026","format":false,"excerpt":"O feriado da Independ\u00eancia do Brasil, celebrado na segunda-feira (7), altera o funcionamento de servi\u00e7os p\u00fablicos em Ribeir\u00e3o Preto. Segundo a Prefeitura, as unidades que prestam servi\u00e7os essenciais manter\u00e3o o atendimento durante o feriado. Veja cada hor\u00e1rioSa\u00fadeTransporte p\u00fablicoAssist\u00eancia SocialSaerpParques e Zool\u00f3gicoColeta de lixo e EcopontosPoupatempoSeguran\u00e7a e Defesa Civil As reparti\u00e7\u00f5es\u2026","rel":"","context":"In &quot;Not\u00edcias de Ribeir\u00e3o Preto-SP e Regi\u00e3o&quot;","block_context":{"text":"Not\u00edcias de Ribeir\u00e3o Preto-SP e Regi\u00e3o","link":"https:\/\/noticiasribeiraopreto.com.br\/index.php\/category\/noticias-de-ribeirao-preto-sp-e-regiao-ismael-colosi\/"},"img":{"alt_text":"","src":"https:\/\/i0.wp.com\/noticiasribeiraopreto.com.br\/wp-content\/uploads\/2024\/08\/PORTICO-FERNANDO-GONZAGA_2024-07-05_14-45-59_jpeg_2024-07-05_14-45-59.webp.webp?fit=1200%2C800&ssl=1&resize=350%2C200","width":350,"height":200,"srcset":"https:\/\/i0.wp.com\/noticiasribeiraopreto.com.br\/wp-content\/uploads\/2024\/08\/PORTICO-FERNANDO-GONZAGA_2024-07-05_14-45-59_jpeg_2024-07-05_14-45-59.webp.webp?fit=1200%2C800&ssl=1&resize=350%2C200 1x, https:\/\/i0.wp.com\/noticiasribeiraopreto.com.br\/wp-content\/uploads\/2024\/08\/PORTICO-FERNANDO-GONZAGA_2024-07-05_14-45-59_jpeg_2024-07-05_14-45-59.webp.webp?fit=1200%2C800&ssl=1&resize=525%2C300 1.5x, https:\/\/i0.wp.com\/noticiasribeiraopreto.com.br\/wp-content\/uploads\/2024\/08\/PORTICO-FERNANDO-GONZAGA_2024-07-05_14-45-59_jpeg_2024-07-05_14-45-59.webp.webp?fit=1200%2C800&ssl=1&resize=700%2C400 2x, https:\/\/i0.wp.com\/noticiasribeiraopreto.com.br\/wp-content\/uploads\/2024\/08\/PORTICO-FERNANDO-GONZAGA_2024-07-05_14-45-59_jpeg_2024-07-05_14-45-59.webp.webp?fit=1200%2C800&ssl=1&resize=1050%2C600 3x"},"classes":[]},{"id":84878,"url":"https:\/\/noticiasribeiraopreto.com.br\/index.php\/2026\/04\/17\/veja-o-funcionamento-dos-servicos-publicos-durante-o-feriado-em-ribeirao-preto\/","url_meta":{"origin":91154,"position":1},"title":"Veja o funcionamento dos servi\u00e7os p\u00fablicos durante o feriado em Ribeir\u00e3o Preto","author":"noticiasribeiraopreto.com.br","date":"17 de April de 2026","format":false,"excerpt":"Ler o resumo da not\u00edcia \r Ribeir\u00e3o Preto divulgar\u00e1 o hor\u00e1rio de funcionamento dos servi\u00e7os p\u00fablicos durante o feriado.\r A Prefeitura de Ribeir\u00e3o Preto divulgou o funcionamento dos servi\u00e7os p\u00fablicos durante o feriado prolongado de Tiradentes. De acordo com a Administra\u00e7\u00e3o, servi\u00e7os essenciais, como sa\u00fade, transporte e coleta de lixo,\u2026","rel":"","context":"In &quot;Not\u00edcias de Ribeir\u00e3o Preto-SP e Regi\u00e3o&quot;","block_context":{"text":"Not\u00edcias de Ribeir\u00e3o Preto-SP e Regi\u00e3o","link":"https:\/\/noticiasribeiraopreto.com.br\/index.php\/category\/noticias-de-ribeirao-preto-sp-e-regiao-ismael-colosi\/"},"img":{"alt_text":"","src":"https:\/\/i0.wp.com\/noticiasribeiraopreto.com.br\/wp-content\/uploads\/2026\/03\/upa-norte_2026-03-18_19-50-06.webp.webp?fit=1200%2C800&ssl=1&resize=350%2C200","width":350,"height":200,"srcset":"https:\/\/i0.wp.com\/noticiasribeiraopreto.com.br\/wp-content\/uploads\/2026\/03\/upa-norte_2026-03-18_19-50-06.webp.webp?fit=1200%2C800&ssl=1&resize=350%2C200 1x, https:\/\/i0.wp.com\/noticiasribeiraopreto.com.br\/wp-content\/uploads\/2026\/03\/upa-norte_2026-03-18_19-50-06.webp.webp?fit=1200%2C800&ssl=1&resize=525%2C300 1.5x, https:\/\/i0.wp.com\/noticiasribeiraopreto.com.br\/wp-content\/uploads\/2026\/03\/upa-norte_2026-03-18_19-50-06.webp.webp?fit=1200%2C800&ssl=1&resize=700%2C400 2x, https:\/\/i0.wp.com\/noticiasribeiraopreto.com.br\/wp-content\/uploads\/2026\/03\/upa-norte_2026-03-18_19-50-06.webp.webp?fit=1200%2C800&ssl=1&resize=1050%2C600 3x"},"classes":[]},{"id":22289,"url":"https:\/\/noticiasribeiraopreto.com.br\/index.php\/2023\/12\/29\/feriado-de-ano-novo-altera-funcionamento-dos-orgaos-municipais\/","url_meta":{"origin":91154,"position":2},"title":"Feriado de Ano Novo altera funcionamento dos \u00f3rg\u00e3os municipais\u00a0","author":"noticiasribeiraopreto.com.br","date":"29 de December de 2023","format":false,"excerpt":"Com feriado prolongado de Ano Novo, do dia 30 de dezembro de 2023 at\u00e9 2 de janeiro de 2024, os \u00f3rg\u00e3os municipais ter\u00e3o altera\u00e7\u00f5es nos hor\u00e1rios de atendimento. \u00c9 o caso do Poupatempo, que ir\u00e1 funcionar normalmente at\u00e9 quinta-feira, 28 de dezembro, tendo seu atendimento suspenso nos dias 29 e\u2026","rel":"","context":"In &quot;Not\u00edcias de Ribeir\u00e3o Preto-SP e Regi\u00e3o&quot;","block_context":{"text":"Not\u00edcias de Ribeir\u00e3o Preto-SP e Regi\u00e3o","link":"https:\/\/noticiasribeiraopreto.com.br\/index.php\/category\/noticias-de-ribeirao-preto-sp-e-regiao-ismael-colosi\/"},"img":{"alt_text":"","src":"https:\/\/i0.wp.com\/noticiasribeiraopreto.com.br\/wp-content\/uploads\/2023\/12\/2-abre_e_fecha_-_foto_fernando_gonzaga_1-scaled.jpg?fit=860%2C645&ssl=1&resize=350%2C200","width":350,"height":200,"srcset":"https:\/\/i0.wp.com\/noticiasribeiraopreto.com.br\/wp-content\/uploads\/2023\/12\/2-abre_e_fecha_-_foto_fernando_gonzaga_1-scaled.jpg?fit=860%2C645&ssl=1&resize=350%2C200 1x, https:\/\/i0.wp.com\/noticiasribeiraopreto.com.br\/wp-content\/uploads\/2023\/12\/2-abre_e_fecha_-_foto_fernando_gonzaga_1-scaled.jpg?fit=860%2C645&ssl=1&resize=525%2C300 1.5x, https:\/\/i0.wp.com\/noticiasribeiraopreto.com.br\/wp-content\/uploads\/2023\/12\/2-abre_e_fecha_-_foto_fernando_gonzaga_1-scaled.jpg?fit=860%2C645&ssl=1&resize=700%2C400 2x"},"classes":[]},{"id":87676,"url":"https:\/\/noticiasribeiraopreto.com.br\/index.php\/2026\/07\/07\/feriado-de-9-de-julho-altera-atendimento-de-servicos-municipais-em-ribeirao-preto\/","url_meta":{"origin":91154,"position":3},"title":"Feriado de 9 de Julho altera atendimento de servi\u00e7os municipais em Ribeir\u00e3o Preto","author":"noticiasribeiraopreto.com.br","date":"7 de July de 2026","format":false,"excerpt":"Os servi\u00e7os municipais de Ribeir\u00e3o Preto ter\u00e3o mudan\u00e7as no atendimento durante o feriado da Revolu\u00e7\u00e3o Constitucionalista, celebrado nesta quinta-feira (9). Reparti\u00e7\u00f5es p\u00fablicas municipais permanecer\u00e3o fechadas na quinta e na sexta-feira (10), devido ao ponto facultativo, com retomada do atendimento na segunda-feira (13), a partir das 8h. Os servi\u00e7os essenciais seguem\u2026","rel":"","context":"In &quot;Not\u00edcias de Ribeir\u00e3o Preto-SP e Regi\u00e3o&quot;","block_context":{"text":"Not\u00edcias de Ribeir\u00e3o Preto-SP e Regi\u00e3o","link":"https:\/\/noticiasribeiraopreto.com.br\/index.php\/category\/noticias-de-ribeirao-preto-sp-e-regiao-ismael-colosi\/"},"img":{"alt_text":"","src":"https:\/\/i0.wp.com\/noticiasribeiraopreto.com.br\/wp-content\/uploads\/2026\/03\/IMG_2988.JPG_2026-01-28_16-47-53.webp.webp?fit=1200%2C675&ssl=1&resize=350%2C200","width":350,"height":200,"srcset":"https:\/\/i0.wp.com\/noticiasribeiraopreto.com.br\/wp-content\/uploads\/2026\/03\/IMG_2988.JPG_2026-01-28_16-47-53.webp.webp?fit=1200%2C675&ssl=1&resize=350%2C200 1x, https:\/\/i0.wp.com\/noticiasribeiraopreto.com.br\/wp-content\/uploads\/2026\/03\/IMG_2988.JPG_2026-01-28_16-47-53.webp.webp?fit=1200%2C675&ssl=1&resize=525%2C300 1.5x, https:\/\/i0.wp.com\/noticiasribeiraopreto.com.br\/wp-content\/uploads\/2026\/03\/IMG_2988.JPG_2026-01-28_16-47-53.webp.webp?fit=1200%2C675&ssl=1&resize=700%2C400 2x, https:\/\/i0.wp.com\/noticiasribeiraopreto.com.br\/wp-content\/uploads\/2026\/03\/IMG_2988.JPG_2026-01-28_16-47-53.webp.webp?fit=1200%2C675&ssl=1&resize=1050%2C600 3x"},"classes":[]},{"id":85342,"url":"https:\/\/noticiasribeiraopreto.com.br\/index.php\/2026\/04\/30\/o-que-abre-e-fecha-em-ribeirao-preto-no-feriado-do-dia-do-trabalho\/","url_meta":{"origin":91154,"position":4},"title":"O que abre e fecha em Ribeir\u00e3o Preto no feriado do Dia do Trabalho &#8211; THMais","author":"noticiasribeiraopreto.com.br","date":"30 de April de 2026","format":false,"excerpt":"A Prefeitura de Ribeir\u00e3o Preto informa que, durante o feriado do Dia do Trabalho (01), os servi\u00e7os essenciais, como sa\u00fade, transporte e coleta de lixo, funcionar\u00e3o normalmente, para garantir o atendimento \u00e0 popula\u00e7\u00e3o.As reparti\u00e7\u00f5es municipais estar\u00e3o fechadas na data, com retomada do funcionamento normal a partir das 8h de segunda-feira\u2026","rel":"","context":"In &quot;Not\u00edcias de Ribeir\u00e3o Preto-SP e Regi\u00e3o&quot;","block_context":{"text":"Not\u00edcias de Ribeir\u00e3o Preto-SP e Regi\u00e3o","link":"https:\/\/noticiasribeiraopreto.com.br\/index.php\/category\/noticias-de-ribeirao-preto-sp-e-regiao-ismael-colosi\/"},"img":{"alt_text":"","src":"https:\/\/i0.wp.com\/noticiasribeiraopreto.com.br\/wp-content\/uploads\/2026\/04\/abreefecha_foto_fernando_gonzaga1.jpg?fit=1200%2C800&ssl=1&resize=350%2C200","width":350,"height":200,"srcset":"https:\/\/i0.wp.com\/noticiasribeiraopreto.com.br\/wp-content\/uploads\/2026\/04\/abreefecha_foto_fernando_gonzaga1.jpg?fit=1200%2C800&ssl=1&resize=350%2C200 1x, https:\/\/i0.wp.com\/noticiasribeiraopreto.com.br\/wp-content\/uploads\/2026\/04\/abreefecha_foto_fernando_gonzaga1.jpg?fit=1200%2C800&ssl=1&resize=525%2C300 1.5x, https:\/\/i0.wp.com\/noticiasribeiraopreto.com.br\/wp-content\/uploads\/2026\/04\/abreefecha_foto_fernando_gonzaga1.jpg?fit=1200%2C800&ssl=1&resize=700%2C400 2x, https:\/\/i0.wp.com\/noticiasribeiraopreto.com.br\/wp-content\/uploads\/2026\/04\/abreefecha_foto_fernando_gonzaga1.jpg?fit=1200%2C800&ssl=1&resize=1050%2C600 3x"},"classes":[]},{"id":84093,"url":"https:\/\/noticiasribeiraopreto.com.br\/index.php\/2026\/04\/01\/feriado-da-pascoa-altera-funcionamento-de-servicos-em-ribeirao-preto\/","url_meta":{"origin":91154,"position":5},"title":"Feriado da P\u00e1scoa altera funcionamento de servi\u00e7os em Ribeir\u00e3o Preto","author":"noticiasribeiraopreto.com.br","date":"1 de April de 2026","format":false,"excerpt":"Ler o resumo da not\u00edcia Feriado de Sexta-feira Santa (3) altera funcionamento dos servi\u00e7os p\u00fablicos em Ribeir\u00e3o Preto; reparti\u00e7\u00f5es municipais fecham e retomam segunda-feira (6) \u00e0s 8h. Sa\u00fade: UPAs, Pronto Atendimento da Vila Virg\u00ednia e CAPS IV mant\u00eam atendimento 24h; UBS Bonfim abre s\u00e1bado e domingo das 8h \u00e0s 18h.\u2026","rel":"","context":"In &quot;Not\u00edcias de Ribeir\u00e3o Preto-SP e Regi\u00e3o&quot;","block_context":{"text":"Not\u00edcias de Ribeir\u00e3o Preto-SP e Regi\u00e3o","link":"https:\/\/noticiasribeiraopreto.com.br\/index.php\/category\/noticias-de-ribeirao-preto-sp-e-regiao-ismael-colosi\/"},"img":{"alt_text":"","src":"https:\/\/i0.wp.com\/noticiasribeiraopreto.com.br\/wp-content\/uploads\/2026\/03\/IMG_2988.JPG_2026-01-28_16-47-53.webp.webp?fit=1200%2C675&ssl=1&resize=350%2C200","width":350,"height":200,"srcset":"https:\/\/i0.wp.com\/noticiasribeiraopreto.com.br\/wp-content\/uploads\/2026\/03\/IMG_2988.JPG_2026-01-28_16-47-53.webp.webp?fit=1200%2C675&ssl=1&resize=350%2C200 1x, https:\/\/i0.wp.com\/noticiasribeiraopreto.com.br\/wp-content\/uploads\/2026\/03\/IMG_2988.JPG_2026-01-28_16-47-53.webp.webp?fit=1200%2C675&ssl=1&resize=525%2C300 1.5x, https:\/\/i0.wp.com\/noticiasribeiraopreto.com.br\/wp-content\/uploads\/2026\/03\/IMG_2988.JPG_2026-01-28_16-47-53.webp.webp?fit=1200%2C675&ssl=1&resize=700%2C400 2x, https:\/\/i0.wp.com\/noticiasribeiraopreto.com.br\/wp-content\/uploads\/2026\/03\/IMG_2988.JPG_2026-01-28_16-47-53.webp.webp?fit=1200%2C675&ssl=1&resize=1050%2C600 3x"},"classes":[]}],"jetpack_sharing_enabled":true,"jetpack_shortlink":"https:\/\/wp.me\/peQAOb-nIe","jetpack_featured_media_url":"https:\/\/i0.wp.com\/noticiasribeiraopreto.com.br\/wp-content\/uploads\/2026\/09\/estre-coleta-de-lixo-.jpg?fit=530%2C370&ssl=1","_links":{"self":[{"href":"https:\/\/noticiasribeiraopreto.com.br\/index.php\/wp-json\/wp\/v2\/posts\/91154","targetHints":{"allow":["GET"]}}],"collection":[{"href":"https:\/\/noticiasribeiraopreto.com.br\/index.php\/wp-json\/wp\/v2\/posts"}],"about":[{"href":"https:\/\/noticiasribeiraopreto.com.br\/index.php\/wp-json\/wp\/v2\/types\/post"}],"author":[{"embeddable":true,"href":"https:\/\/noticiasribeiraopreto.com.br\/index.php\/wp-json\/wp\/v2\/users\/1"}],"replies":[{"embeddable":true,"href":"https:\/\/noticiasribeiraopreto.com.br\/index.php\/wp-json\/wp\/v2\/comments?post=91154"}],"version-history":[{"count":0,"href":"https:\/\/noticiasribeiraopreto.com.br\/index.php\/wp-json\/wp\/v2\/posts\/91154\/revisions"}],"wp:featuredmedia":[{"embeddable":true,"href":"https:\/\/noticiasribeiraopreto.com.br\/index.php\/wp-json\/wp\/v2\/media\/91155"}],"wp:attachment":[{"href":"https:\/\/noticiasribeiraopreto.com.br\/index.php\/wp-json\/wp\/v2\/media?parent=91154"}],"wp:term":[{"taxonomy":"category","embeddable":true,"href":"https:\/\/noticiasribeiraopreto.com.br\/index.php\/wp-json\/wp\/v2\/categories?post=91154"},{"taxonomy":"post_tag","embeddable":true,"href":"https:\/\/noticiasribeiraopreto.com.br\/index.php\/wp-json\/wp\/v2\/tags?post=91154"}],"curies":[{"name":"wp","href":"https:\/\/api.w.org\/{rel}","templated":true}]}}