{"id":91156,"date":"2026-09-05T12:37:19","date_gmt":"2026-09-05T15:37:19","guid":{"rendered":"https:\/\/noticiasribeiraopreto.com.br\/index.php\/2026\/09\/05\/em-barretos-lula-defende-acesso-igual-a-tratamentos-de-alta-complexidade-pelo-sus\/"},"modified":"2026-09-05T12:37:19","modified_gmt":"2026-09-05T15:37:19","slug":"em-barretos-lula-defende-acesso-igual-a-tratamentos-de-alta-complexidade-pelo-sus","status":"publish","type":"post","link":"https:\/\/noticiasribeiraopreto.com.br\/index.php\/2026\/09\/05\/em-barretos-lula-defende-acesso-igual-a-tratamentos-de-alta-complexidade-pelo-sus\/","title":{"rendered":"Em Barretos, Lula defende acesso igual a tratamentos de alta complexidade pelo SUS"},"content":{"rendered":"<div class='code-block code-block-1' style='margin: 8px 0 8px auto; text-align: right; display: block; clear: both;'>\n<p><a href=\"https:\/\/wa.link\/vpicfd\"><img data-recalc-dims=\"1\" class=\"wp-image-4922\" style=\"aspect-ratio: 2.0253164556962027; width: 561px; height: auto;\" src=\"https:\/\/i0.wp.com\/ismaelcolosi.com.br\/wp-content\/uploads\/2023\/11\/grupo-de-empregos-whatsapp-e-facebook-ismael-colosi-vagas.jpg?ssl=1\" alt=\"\" \/><\/a><\/p>\n<!-- \/wp:image -->\n<\/div>\n<p> <br \/>\n<\/p>\n<p>O <strong>presidente Luiz In\u00e1cio Lula da Silva (PT) <\/strong>afirmou neste s\u00e1bado (5), durante visita ao<a href=\"https:\/\/hospitaldeamor.com.br\/\" target=\"_blank\" data-type=\"link\" data-id=\"https:\/\/hospitaldeamor.com.br\/\" rel=\"noreferrer noopener\"> Hospital de Amor<\/a>, em <strong>Barretos<\/strong>, cidade na <strong>regi\u00e3o de Ribeir\u00e3o Preto<\/strong>, que pacientes com c\u00e2ncer <strong>n\u00e3o podem esperar meses para conseguir atendimento especializado<\/strong>.<\/p>\n<p>Ao falar sobre o acesso a consultas e exames pelo <strong>Sistema \u00danico de Sa\u00fade (SUS)<\/strong>, <strong>Lula <\/strong>criticou a demora enfrentada por pacientes e afirmou que o tratamento precisa come\u00e7ar rapidamente ap\u00f3s o diagn\u00f3stico.<\/p>\n<blockquote class=\"wp-block-quote is-layout-flow wp-block-quote-is-layout-flow\">\n<p>\u201cA pessoa vai no m\u00e9dico, faz a primeira consulta, a\u00ed o m\u00e9dico fala: \u2018olha, voc\u00ea precisa procurar um oncologista\u2019. E a\u00ed, quando a secret\u00e1ria ia marcar a data do oncologista, demorava um ano. A doen\u00e7a n\u00e3o espera. A doen\u00e7a vai comendo a pessoa\u201d.<\/p>\n<\/blockquote>\n<p>A declara\u00e7\u00e3o ocorreu durante a passagem do presidente pelo <strong>Diret\u00f3rio de Reabilita\u00e7\u00e3o Moderna (DREAM)<\/strong>, nova estrutura do <strong>Hospital de Amor<\/strong> dedicada \u00e0 reabilita\u00e7\u00e3o de pacientes oncol\u00f3gicos e n\u00e3o oncol\u00f3gicos.<\/p>\n<figure class=\"wp-block-image size-large\"><figcaption class=\"wp-element-caption\">Lula esteve em Barretos para visita ao Hospital do Amor \u2013 Foto: Ricardo Stuckert.<\/figcaption><\/figure>\n<p class=\"has-text-align-center has-cyan-bluish-gray-background-color has-background\"><em>Receba not\u00edcias do\u00a0<strong>acidade on Ribeir\u00e3o\u00a0<\/strong>no WhatsApp e fique por dentro de tudo! Basta acessar o link<a href=\"https:\/\/chat.whatsapp.com\/DfXwcjKVIddHUT3BvnQuPZ?mode=hqctshi\" target=\"_blank\" rel=\"noreferrer noopener\">\u00a0aqui<\/a>!<\/em><\/p>\n<h2 class=\"wp-block-heading\"><strong>Demora para consultas e exames<\/strong><\/h2>\n<p>Ao longo da fala, <strong>Lula <\/strong>comentou sobre a <strong>dificuldade de acesso a especialistas e exames<\/strong> e afirmou que o tempo de espera pode agravar a situa\u00e7\u00e3o de pacientes diagnosticados com c\u00e2ncer.<\/p>\n<blockquote class=\"wp-block-quote is-layout-flow wp-block-quote-is-layout-flow\">\n<p>\u201cEnt\u00e3o, o cara levava um ano para ir ao especialista e depois um ano para marcar. Quem sabe morresse antes de chegar e marcar. Ent\u00e3o, o que que n\u00f3s fizemos? Hoje, quem for fazer uma consulta e detectar que tem c\u00e2ncer, em 30 dias ele tem que come\u00e7ar a ser cuidado porque a doen\u00e7a n\u00e3o espera.\u201d<\/p>\n<\/blockquote>\n<p>O presidente tamb\u00e9m contou que <strong>acompanha essa discuss\u00e3o h\u00e1 anos<\/strong>. Segundo <strong>Lula<\/strong>, a dificuldade de conseguir atendimento especializado n\u00e3o \u00e9 uma quest\u00e3o recente e precisa ser enfrentada pela rede p\u00fablica de sa\u00fade.<\/p>\n<figure class=\"wp-block-image size-large\"><img data-recalc-dims=\"1\" loading=\"lazy\" decoding=\"async\" width=\"1024\" height=\"576\" src=\"https:\/\/i0.wp.com\/www.acidadeon.com\/ribeiraopreto\/wp-content\/uploads\/sites\/3\/2026\/09\/lula-hospital-do-amor-barretos-2-1024x576.jpg?resize=1024%2C576&#038;ssl=1\" alt=\"Lula esteve em Barretos para visita ao Hospital do Amor - Foto: Luciano Tolentino\/ EPTV.\" class=\"wp-image-173828\" title=\"Em Barretos, Lula defende acesso igual a tratamentos de alta complexidade pelo SUS 2\"><figcaption class=\"wp-element-caption\">Lula esteve em Barretos para visita ao Hospital do Amor \u2013 Foto: Luciano Tolentino\/ EPTV.<\/figcaption><\/figure>\n<h3 class=\"wp-block-heading\"><strong>DREAM amplia estrutura de reabilita\u00e7\u00e3o em Barretos<\/strong><\/h3>\n<p>A visita de Lula ocorreu durante a apresenta\u00e7\u00e3o das novas instala\u00e7\u00f5es do <strong>DREAM<\/strong>. Segundo informa\u00e7\u00f5es divulgadas pelo governo, <strong>a estrutura passou de uma \u00e1rea de cerca de 2 mil metros quadrados para aproximadamente 8 mil metros quadrados.<\/strong><\/p>\n<p>O servi\u00e7o re\u00fane atendimento ambulatorial, terapias multiprofissionais, interna\u00e7\u00e3o com assist\u00eancia 24 horas e suporte cir\u00fargico. S\u00e3o <strong>18 leitos<\/strong>, sendo <strong>dois semi-intensivos<\/strong>, al\u00e9m de <strong>duas salas cir\u00fargicas para procedimentos de m\u00e9dia e alta complexidade<\/strong>.<\/p>\n<p>A estrutura tamb\u00e9m conta com piscina aquecida para terapia aqu\u00e1tica, salas de cinesioterapia, academia, laborat\u00f3rio de movimento, gin\u00e1sio esportivo e uma casa adaptada para atividades da vida di\u00e1ria. <strong>Entre os recursos voltados \u00e0 reabilita\u00e7\u00e3o est\u00e3o tecnologias de rob\u00f3tica, realidade virtual e gamifica\u00e7\u00e3o.<\/strong><\/p>\n<figure class=\"wp-block-image size-large\"><img data-recalc-dims=\"1\" loading=\"lazy\" decoding=\"async\" width=\"1024\" height=\"576\" src=\"https:\/\/i0.wp.com\/www.acidadeon.com\/ribeiraopreto\/wp-content\/uploads\/sites\/3\/2026\/09\/lula-hospital-do-amor-barretos-3-1024x576.jpg?resize=1024%2C576&#038;ssl=1\" alt=\"Lula esteve em Barretos para visita ao Hospital do Amor - Foto: Luciano Tolentino\/ EPTV.\" class=\"wp-image-173829\" title=\"Em Barretos, Lula defende acesso igual a tratamentos de alta complexidade pelo SUS 3\"><figcaption class=\"wp-element-caption\">Lula esteve em Barretos para visita ao Hospital do Amor \u2013 Foto: Luciano Tolentino\/ EPTV.<\/figcaption><\/figure>\n<h2 class=\"wp-block-heading\"><strong>Presidente destaca papel do SUS<\/strong><\/h2>\n<p>Ainda durante a sua participa\u00e7\u00e3o, <strong>Lula <\/strong>tamb\u00e9m defendeu a exist\u00eancia de uma rede p\u00fablica capaz de oferecer tratamentos de alta complexidade \u00e0 popula\u00e7\u00e3o. <mark class=\"has-inline-color\">Durante a fala, ele citou equipamentos utilizados no atendimento do Hospital de Amor e comparou o acesso a esses recursos entre diferentes pacientes.<\/mark><\/p>\n<blockquote class=\"wp-block-quote is-layout-flow wp-block-quote-is-layout-flow\">\n<p>\u201cO dado concreto \u00e9 o seguinte, hoje, qualquer um de voc\u00eas, qualquer um de voc\u00eas que precisar fazer uma radioterapia, voc\u00eas v\u00e3o fazer na m\u00e1quina que fez no Lula, na mesma m\u00e1quina que [pode fazer] o presidente Trump dos Estados Unidos, na mesma m\u00e1quina que [pode fazer] o presidente Xi Jinping da China, a mesma m\u00e1quina do que ele vai fazer a radioterapia, \u00e9 a radioterapia que voc\u00ea vai fazer, que voc\u00ea vai fazer e que voc\u00ea vai fazer.\u201d<\/p>\n<\/blockquote>\n<p>Ao final, o presidente voltou a defender o SUS e afirmou ter orgulho do sistema p\u00fablico brasileiro. \u201cPor isso que eu tenho muito orgulho de ser presidente do pa\u00eds que deu o sistema sistema \u00fanico de sa\u00fade que, possivelmente, se transformar\u00e1 no programa de sa\u00fade mais perfeito que o mundo vai ter\u201d.<\/p>\n<p class=\"has-text-align-center has-cyan-bluish-gray-background-color has-background\"><em>Fa\u00e7a uma den\u00fancia ou sugira uma reportagem sobre\u00a0<strong>Ribeir\u00e3o Preto\u00a0<\/strong>e regi\u00e3o por meio do WhatsApp do\u00a0<strong>acidade on Ribeir\u00e3o<\/strong>: (16) 99117-7802.<\/em><\/p>\n<p>O post Em Barretos, Lula defende acesso igual a tratamentos de alta complexidade pelo SUS apareceu primeiro em ACidade ON Ribeir\u00e3o Preto.<\/p>\n<p><br \/>\n<br \/><a href=\"https:\/\/www.acidadeon.com\/ribeiraopreto\/politica\/eleicoes\/em-barretos-lula-defende-acesso-igual-a-tratamentos-de-alta-complexidade-pelo-sus\/\">Link para o texto original aqui <\/a><\/p>\n<!-- CONTENT END 1 -->\n","protected":false},"excerpt":{"rendered":"<p>O presidente Luiz In\u00e1cio Lula da Silva (PT) afirmou neste s\u00e1bado (5), durante visita ao Hospital de Amor, em Barretos, cidade na regi\u00e3o de Ribeir\u00e3o&#8230;<\/p>\n","protected":false},"author":1,"featured_media":91157,"comment_status":"","ping_status":"","sticky":false,"template":"","format":"standard","meta":{"advanced_seo_description":"","jetpack_seo_html_title":"","jetpack_seo_noindex":false,"jetpack_seo_schema_type":"","_jetpack_newsletter_access":"","_jetpack_dont_email_post_to_subs":false,"_jetpack_newsletter_tier_id":0,"_jetpack_memberships_contains_paywalled_content":false,"_jetpack_feature_clip_id":0,"_jetpack_memberships_contains_paid_content":false,"footnotes":"","jetpack_publicize_message":"","jetpack_publicize_feature_enabled":true,"jetpack_social_post_already_shared":true,"jetpack_social_options":{"image_generator_settings":{"template":"highway","default_image_id":0,"font":"","enabled":false},"version":2},"jetpack_post_was_ever_published":false},"categories":[11],"tags":[318,898,3023,8954,5221,8953,750,885,1629,2765],"class_list":["post-91156","post","type-post","status-publish","format-standard","has-post-thumbnail","hentry","category-noticias-de-ribeirao-preto-sp-e-regiao-ismael-colosi","tag-acesso","tag-alta","tag-barretos","tag-complexidade","tag-defende","tag-igual","tag-lula","tag-pelo","tag-sus","tag-tratamentos"],"jetpack_publicize_connections":[],"jetpack-related-posts":[{"id":85726,"url":"https:\/\/noticiasribeiraopreto.com.br\/index.php\/2026\/05\/16\/luta-contra-o-cancer-tera-r-22-bilhoes\/","url_meta":{"origin":91156,"position":0},"title":"Luta contra o c\u00e2ncer ter\u00e1 R$ 2,2 bilh\u00f5es","author":"noticiasribeiraopreto.com.br","date":"16 de May de 2026","format":false,"excerpt":"Por Lav\u00ednia Kaucz e Gabriel Sousa (AE) Ao anunciar um pacote de R$ 2,2 bilh\u00f5es para ampliar o tratamento do c\u00e2ncer via Sistema \u00danico de Sa\u00fade (SUS), o presidente Luiz In\u00e1cio Lula da Silva fez refer\u00eancia a movimenta\u00e7\u00f5es financeiras que teriam sido feitas pelo banqueiro Daniel Vorcaro, dono do Banco\u2026","rel":"","context":"In &quot;Not\u00edcias de Ribeir\u00e3o Preto-SP e Regi\u00e3o&quot;","block_context":{"text":"Not\u00edcias de Ribeir\u00e3o Preto-SP e Regi\u00e3o","link":"https:\/\/noticiasribeiraopreto.com.br\/index.php\/category\/noticias-de-ribeirao-preto-sp-e-regiao-ismael-colosi\/"},"img":{"alt_text":"","src":"https:\/\/i0.wp.com\/noticiasribeiraopreto.com.br\/wp-content\/uploads\/2026\/05\/LulaBAR-Wallison-Breno-PR-scaled.jpg?fit=1170%2C780&ssl=1&resize=350%2C200","width":350,"height":200,"srcset":"https:\/\/i0.wp.com\/noticiasribeiraopreto.com.br\/wp-content\/uploads\/2026\/05\/LulaBAR-Wallison-Breno-PR-scaled.jpg?fit=1170%2C780&ssl=1&resize=350%2C200 1x, https:\/\/i0.wp.com\/noticiasribeiraopreto.com.br\/wp-content\/uploads\/2026\/05\/LulaBAR-Wallison-Breno-PR-scaled.jpg?fit=1170%2C780&ssl=1&resize=525%2C300 1.5x, https:\/\/i0.wp.com\/noticiasribeiraopreto.com.br\/wp-content\/uploads\/2026\/05\/LulaBAR-Wallison-Breno-PR-scaled.jpg?fit=1170%2C780&ssl=1&resize=700%2C400 2x, https:\/\/i0.wp.com\/noticiasribeiraopreto.com.br\/wp-content\/uploads\/2026\/05\/LulaBAR-Wallison-Breno-PR-scaled.jpg?fit=1170%2C780&ssl=1&resize=1050%2C600 3x"},"classes":[]},{"id":68852,"url":"https:\/\/noticiasribeiraopreto.com.br\/index.php\/2025\/04\/29\/reducao-do-tempo-de-espera-no-sus-parcerias-com-hospitais-privados-prometem-agilidade-no-tratamento-de-cancer\/","url_meta":{"origin":91156,"position":1},"title":"Redu\u00e7\u00e3o do tempo de espera no SUS: parcerias com hospitais privados prometem agilidade no tratamento de c\u00e2ncer","author":"noticiasribeiraopreto.com.br","date":"29 de April de 2025","format":false,"excerpt":"O Minist\u00e9rio da Sa\u00fade informou nesta ter\u00e7a-feira (29) que vai estabelecer parcerias com hospitais privados para garantir o atendimento especializado no tempo certo.\u00a0 O ministro Alexandre Padilha disse que a prioridade ser\u00e1 reduzir o tempo de espera para atendimento especializado no SUS (Sistema \u00danico de Sa\u00fade), especialmente para o diagn\u00f3stico\u2026","rel":"","context":"In &quot;Not\u00edcias de Ribeir\u00e3o Preto-SP e Regi\u00e3o&quot;","block_context":{"text":"Not\u00edcias de Ribeir\u00e3o Preto-SP e Regi\u00e3o","link":"https:\/\/noticiasribeiraopreto.com.br\/index.php\/category\/noticias-de-ribeirao-preto-sp-e-regiao-ismael-colosi\/"},"img":{"alt_text":"","src":"https:\/\/i0.wp.com\/noticiasribeiraopreto.com.br\/wp-content\/uploads\/2025\/04\/hospital_2025-04-29_18-57-05.webp.webp?fit=1200%2C832&ssl=1&resize=350%2C200","width":350,"height":200,"srcset":"https:\/\/i0.wp.com\/noticiasribeiraopreto.com.br\/wp-content\/uploads\/2025\/04\/hospital_2025-04-29_18-57-05.webp.webp?fit=1200%2C832&ssl=1&resize=350%2C200 1x, https:\/\/i0.wp.com\/noticiasribeiraopreto.com.br\/wp-content\/uploads\/2025\/04\/hospital_2025-04-29_18-57-05.webp.webp?fit=1200%2C832&ssl=1&resize=525%2C300 1.5x, https:\/\/i0.wp.com\/noticiasribeiraopreto.com.br\/wp-content\/uploads\/2025\/04\/hospital_2025-04-29_18-57-05.webp.webp?fit=1200%2C832&ssl=1&resize=700%2C400 2x, https:\/\/i0.wp.com\/noticiasribeiraopreto.com.br\/wp-content\/uploads\/2025\/04\/hospital_2025-04-29_18-57-05.webp.webp?fit=1200%2C832&ssl=1&resize=1050%2C600 3x"},"classes":[]},{"id":12513,"url":"https:\/\/noticiasribeiraopreto.com.br\/index.php\/2023\/12\/08\/servicos-oferecidos-pelo-sus-que-provavelmente-voce-nao-sabia\/","url_meta":{"origin":91156,"position":2},"title":"Servi\u00e7os oferecidos pelo SUS que provavelmente voc\u00ea n\u00e3o sabia","author":"noticiasribeiraopreto.com.br","date":"8 de December de 2023","format":false,"excerpt":"A maioria das pessoas que recorre ao SUS vai atr\u00e1s de consultas m\u00e9dicas, curativos e vacinas. Mas a lista de servi\u00e7os oferecidos pelo Sistema \u00danico de Sa\u00fade \u00e9 extensa e talvez voc\u00ea n\u00e3o a conhe\u00e7a na totalidade. O SUS \u00e9 um dos maiores e mais complexos sistemas de sa\u00fade p\u00fablica\u2026","rel":"","context":"In &quot;Variedades&quot;","block_context":{"text":"Variedades","link":"https:\/\/noticiasribeiraopreto.com.br\/index.php\/category\/variedades\/"},"img":{"alt_text":"","src":"https:\/\/i0.wp.com\/noticiasribeiraopreto.com.br\/wp-content\/uploads\/2023\/12\/sus-1-scaled.jpg?fit=1200%2C638&ssl=1&resize=350%2C200","width":350,"height":200,"srcset":"https:\/\/i0.wp.com\/noticiasribeiraopreto.com.br\/wp-content\/uploads\/2023\/12\/sus-1-scaled.jpg?fit=1200%2C638&ssl=1&resize=350%2C200 1x, https:\/\/i0.wp.com\/noticiasribeiraopreto.com.br\/wp-content\/uploads\/2023\/12\/sus-1-scaled.jpg?fit=1200%2C638&ssl=1&resize=525%2C300 1.5x, https:\/\/i0.wp.com\/noticiasribeiraopreto.com.br\/wp-content\/uploads\/2023\/12\/sus-1-scaled.jpg?fit=1200%2C638&ssl=1&resize=700%2C400 2x, https:\/\/i0.wp.com\/noticiasribeiraopreto.com.br\/wp-content\/uploads\/2023\/12\/sus-1-scaled.jpg?fit=1200%2C638&ssl=1&resize=1050%2C600 3x"},"classes":[]},{"id":11673,"url":"https:\/\/noticiasribeiraopreto.com.br\/index.php\/2023\/12\/06\/rio-tera-politica-de-fornecimento-de-canabidiol-pelo-sus\/","url_meta":{"origin":91156,"position":3},"title":"Rio ter\u00e1 pol\u00edtica de fornecimento de canabidiol pelo SUS","author":"noticiasribeiraopreto.com.br","date":"6 de December de 2023","format":false,"excerpt":"6 de dezembro de 2023 | 16:23 0O estado do Rio de Janeiro ter\u00e1 uma pol\u00edtica estadual de fornecimento gratuito de medicamentos \u00e0 base de canabidiol (CBD) e tetra-hidrocanabinol (THC) para pessoas que n\u00e3o t\u00eam condi\u00e7\u00f5es financeiras de arcar com os custos desse tratamento. O acesso ao medicamento no estado\u2026","rel":"","context":"In &quot;Not\u00edcias de Ribeir\u00e3o Preto-SP e Regi\u00e3o&quot;","block_context":{"text":"Not\u00edcias de Ribeir\u00e3o Preto-SP e Regi\u00e3o","link":"https:\/\/noticiasribeiraopreto.com.br\/index.php\/category\/noticias-de-ribeirao-preto-sp-e-regiao-ismael-colosi\/"},"img":{"alt_text":"","src":"https:\/\/i0.wp.com\/noticiasribeiraopreto.com.br\/wp-content\/uploads\/2023\/12\/cana-scaled.jpg?fit=1000%2C598&ssl=1&resize=350%2C200","width":350,"height":200,"srcset":"https:\/\/i0.wp.com\/noticiasribeiraopreto.com.br\/wp-content\/uploads\/2023\/12\/cana-scaled.jpg?fit=1000%2C598&ssl=1&resize=350%2C200 1x, https:\/\/i0.wp.com\/noticiasribeiraopreto.com.br\/wp-content\/uploads\/2023\/12\/cana-scaled.jpg?fit=1000%2C598&ssl=1&resize=525%2C300 1.5x, https:\/\/i0.wp.com\/noticiasribeiraopreto.com.br\/wp-content\/uploads\/2023\/12\/cana-scaled.jpg?fit=1000%2C598&ssl=1&resize=700%2C400 2x"},"classes":[]},{"id":65711,"url":"https:\/\/noticiasribeiraopreto.com.br\/index.php\/2025\/03\/23\/sus-ofertara-medicamento-de-r-7-milhoes-para-tratamento-de-ame\/","url_meta":{"origin":91156,"position":4},"title":"SUS ofertar\u00e1 medicamento de R$ 7 milh\u00f5es para tratamento de AME","author":"noticiasribeiraopreto.com.br","date":"23 de March de 2025","format":false,"excerpt":"O Minist\u00e9rio da Sa\u00fade anuncia uma estrat\u00e9gia in\u00e9dita para viabilizar a compra do medicamento Zolgensma, utilizado no tratamento da AME (Atrofia Muscular Espinhal) tipo 1. O medicamento, que custa R$ 7 milh\u00f5es, ser\u00e1 oferecido pelo SUS (Sistema \u00danico de Sa\u00fade). Um Acordo de Compartilhamento de Risco baseado em desempenho foi\u2026","rel":"","context":"In &quot;Not\u00edcias de Ribeir\u00e3o Preto-SP e Regi\u00e3o&quot;","block_context":{"text":"Not\u00edcias de Ribeir\u00e3o Preto-SP e Regi\u00e3o","link":"https:\/\/noticiasribeiraopreto.com.br\/index.php\/category\/noticias-de-ribeirao-preto-sp-e-regiao-ismael-colosi\/"},"img":{"alt_text":"","src":"https:\/\/i0.wp.com\/noticiasribeiraopreto.com.br\/wp-content\/uploads\/2025\/03\/sus_2025-03-23_15-26-55_jpg_2025-03-23_15-26-55.webp.webp?fit=763%2C457&ssl=1&resize=350%2C200","width":350,"height":200,"srcset":"https:\/\/i0.wp.com\/noticiasribeiraopreto.com.br\/wp-content\/uploads\/2025\/03\/sus_2025-03-23_15-26-55_jpg_2025-03-23_15-26-55.webp.webp?fit=763%2C457&ssl=1&resize=350%2C200 1x, https:\/\/i0.wp.com\/noticiasribeiraopreto.com.br\/wp-content\/uploads\/2025\/03\/sus_2025-03-23_15-26-55_jpg_2025-03-23_15-26-55.webp.webp?fit=763%2C457&ssl=1&resize=525%2C300 1.5x, https:\/\/i0.wp.com\/noticiasribeiraopreto.com.br\/wp-content\/uploads\/2025\/03\/sus_2025-03-23_15-26-55_jpg_2025-03-23_15-26-55.webp.webp?fit=763%2C457&ssl=1&resize=700%2C400 2x"},"classes":[]},{"id":11869,"url":"https:\/\/noticiasribeiraopreto.com.br\/index.php\/2023\/12\/06\/rio-de-janeiro-da-um-passo-importante-para-a-saude-publica-2\/","url_meta":{"origin":91156,"position":5},"title":"Rio de Janeiro d\u00e1 um passo importante para a sa\u00fade p\u00fablica","author":"noticiasribeiraopreto.com.br","date":"6 de December de 2023","format":false,"excerpt":"O estado do Rio de Janeiro fornecer\u00e1 medicamentos \u00e0 base de canabidiol (CBD) e tetra-hidrocanabinol (THC) pelo Sistema \u00danico de Sa\u00fade (SUS). A lei que regulamenta o acesso ao medicamento foi publicada nesta quarta-feira (6) no Di\u00e1rio Oficial. A lei prev\u00ea que o medicamento seja fornecido gratuitamente para pessoas que\u2026","rel":"","context":"In &quot;Vagas de Emprego em Ribeir\u00e3o Preto-SP&quot;","block_context":{"text":"Vagas de Emprego em Ribeir\u00e3o Preto-SP","link":"https:\/\/noticiasribeiraopreto.com.br\/index.php\/category\/empregos-classificados-vagas-trabalho\/vagas-de-empregos-em-ribeirao-preto-regiao-brasil\/"},"img":{"alt_text":"","src":"","width":0,"height":0},"classes":[]}],"jetpack_sharing_enabled":true,"jetpack_shortlink":"https:\/\/wp.me\/peQAOb-nIg","jetpack_featured_media_url":"https:\/\/i0.wp.com\/noticiasribeiraopreto.com.br\/wp-content\/uploads\/2026\/09\/lula-hospital-do-amor-barretos.jpg?fit=1200%2C675&ssl=1","_links":{"self":[{"href":"https:\/\/noticiasribeiraopreto.com.br\/index.php\/wp-json\/wp\/v2\/posts\/91156","targetHints":{"allow":["GET"]}}],"collection":[{"href":"https:\/\/noticiasribeiraopreto.com.br\/index.php\/wp-json\/wp\/v2\/posts"}],"about":[{"href":"https:\/\/noticiasribeiraopreto.com.br\/index.php\/wp-json\/wp\/v2\/types\/post"}],"author":[{"embeddable":true,"href":"https:\/\/noticiasribeiraopreto.com.br\/index.php\/wp-json\/wp\/v2\/users\/1"}],"replies":[{"embeddable":true,"href":"https:\/\/noticiasribeiraopreto.com.br\/index.php\/wp-json\/wp\/v2\/comments?post=91156"}],"version-history":[{"count":0,"href":"https:\/\/noticiasribeiraopreto.com.br\/index.php\/wp-json\/wp\/v2\/posts\/91156\/revisions"}],"wp:featuredmedia":[{"embeddable":true,"href":"https:\/\/noticiasribeiraopreto.com.br\/index.php\/wp-json\/wp\/v2\/media\/91157"}],"wp:attachment":[{"href":"https:\/\/noticiasribeiraopreto.com.br\/index.php\/wp-json\/wp\/v2\/media?parent=91156"}],"wp:term":[{"taxonomy":"category","embeddable":true,"href":"https:\/\/noticiasribeiraopreto.com.br\/index.php\/wp-json\/wp\/v2\/categories?post=91156"},{"taxonomy":"post_tag","embeddable":true,"href":"https:\/\/noticiasribeiraopreto.com.br\/index.php\/wp-json\/wp\/v2\/tags?post=91156"}],"curies":[{"name":"wp","href":"https:\/\/api.w.org\/{rel}","templated":true}]}}