{"id":91158,"date":"2026-09-05T12:57:41","date_gmt":"2026-09-05T15:57:41","guid":{"rendered":"https:\/\/noticiasribeiraopreto.com.br\/index.php\/2026\/09\/05\/ipa-day-brasil-encerramento-de-circuito-nacional-acontece-em-ribeirao-saiba-quando\/"},"modified":"2026-09-05T12:57:41","modified_gmt":"2026-09-05T15:57:41","slug":"ipa-day-brasil-encerramento-de-circuito-nacional-acontece-em-ribeirao-saiba-quando","status":"publish","type":"post","link":"https:\/\/noticiasribeiraopreto.com.br\/index.php\/2026\/09\/05\/ipa-day-brasil-encerramento-de-circuito-nacional-acontece-em-ribeirao-saiba-quando\/","title":{"rendered":"IPA Day Brasil: encerramento de circuito nacional acontece em Ribeir\u00e3o; Saiba quando"},"content":{"rendered":"<div class='code-block code-block-1' style='margin: 8px 0 8px auto; text-align: right; display: block; clear: both;'>\n<p><a href=\"https:\/\/wa.link\/vpicfd\"><img data-recalc-dims=\"1\" class=\"wp-image-4922\" style=\"aspect-ratio: 2.0253164556962027; width: 561px; height: auto;\" src=\"https:\/\/i0.wp.com\/ismaelcolosi.com.br\/wp-content\/uploads\/2023\/11\/grupo-de-empregos-whatsapp-e-facebook-ismael-colosi-vagas.jpg?ssl=1\" alt=\"\" \/><\/a><\/p>\n<!-- \/wp:image -->\n<\/div>\n<p> <br \/>\n<\/p>\n<p>O <strong>IPA Day Brasil 2026<\/strong> encerra sua temporada nacional no dia <strong>21 de novembro<\/strong>, das <strong>14h \u00e0s 22h<\/strong>\u00a0em <strong>Ribeir\u00e3o Preto<\/strong> no <strong>Armaz\u00e9m Baixada<\/strong>, localizado na rua Duque de Caxias, no centro da cidade.<\/p>\n<p>Criado em 2012, o festival evoluiu de um dep\u00f3sito de bebidas para um circuito nacional que, em 2026, passa por seis edi\u00e7\u00f5es em cinco estados.<\/p>\n<p>De acordo com a publica\u00e7\u00e3o nas redes sociais do festival de cerveja, a escolha do Armaz\u00e9m Baixada busca <strong>refor\u00e7ar a identidade do evento e a conex\u00e3o com a hist\u00f3ria cultural e bo\u00eamia de Ribeir\u00e3o Preto<\/strong>.<\/p>\n<figure class=\"wp-block-image size-large\"><figcaption class=\"wp-element-caption\">Armaz\u00e9m Baixada recebe IPA Day \u2013 cr\u00e9dito: Levini<\/figcaption><\/figure>\n<p class=\"has-very-light-gray-to-cyan-bluish-gray-gradient-background has-background\"><em>Receba not\u00edcias do\u00a0<strong>acidade on Ribeir\u00e3o\u00a0<\/strong>no WhatsApp e fique por dentro de tudo! Basta acessar o link<a href=\"https:\/\/chat.whatsapp.com\/DfXwcjKVIddHUT3BvnQuPZ?mode=hqctshi\" target=\"_blank\" rel=\"noreferrer noopener\">\u00a0aqui<\/a>!<\/em><\/p>\n<p>A regi\u00e3o da Baixada concentra marcos hist\u00f3ricos como o Quarteir\u00e3o Paulista, o Theatro Pedro II e o Mercad\u00e3o Central.<\/p>\n<blockquote class=\"wp-block-quote is-layout-flow wp-block-quote-is-layout-flow\">\n<p> \u201cA gente sempre acreditou que popularizar o festival passava por entretenimento, cultura e educa\u00e7\u00e3o, nunca por exclusividade. Quando fomos escolher a nova casa, n\u00e3o olhamos apenas para planilha de loca\u00e7\u00e3o ou metragem. Olhamos para identidade. O IPA n\u00e3o est\u00e1 simplesmente ocupando a Baixada. Est\u00e1 levando o festival para perto do lugar onde boa parte da hist\u00f3ria cultural e cervejeira de Ribeir\u00e3o Preto come\u00e7ou.\u201d, afirma Rafa Moschetta, fundador do festival.<\/p>\n<\/blockquote>\n<figure class=\"wp-block-image size-large\"><img data-recalc-dims=\"1\" loading=\"lazy\" decoding=\"async\" width=\"1024\" height=\"576\" src=\"https:\/\/i0.wp.com\/www.acidadeon.com\/ribeiraopreto\/wp-content\/uploads\/sites\/3\/2026\/09\/Armazem-Baixada-credito-Lucas-Batista-1024x576.jpeg?resize=1024%2C576&#038;ssl=1\" alt=\"Armaz\u00e9m Baixada recebe IPA Day - cr\u00e9dito: Lucas Batista\" class=\"wp-image-173816\" title=\"IPA Day Brasil: encerramento de circuito nacional acontece em Ribeir\u00e3o; Saiba quando 2\"><figcaption class=\"wp-element-caption\">Armaz\u00e9m Baixada recebe IPA Day \u2013 cr\u00e9dito: Lucas Batista<\/figcaption><\/figure>\n<h2 class=\"wp-block-heading\"><strong>Novos formatos de ingressos e programa\u00e7\u00e3o<\/strong><\/h2>\n<p>Para atender a diferentes p\u00fablicos, o festival introduz um formato reformulado sem o modelo tradicional de open bar, oferecendo tr\u00eas alternativas:<\/p>\n<ul class=\"wp-block-list\">\n<li>Copo Cheio: Inclui 50 fichas de cerveja para consumo \u00e0 vontade.<\/li>\n<li>Meio Copo: Inclui 25 fichas de cerveja para consumo em ritmo moderado.<\/li>\n<li>Copo Seco: Sem fichas de degusta\u00e7\u00e3o inclu\u00eddas, voltado para quem deseja aproveitar a m\u00fasica, a arte e a gastronomia.  <\/li>\n<\/ul>\n<p>Todas as modalidades d\u00e3o direito a um <strong>copo de vidro colecion\u00e1vel e \u00e1gua \u00e0 vontade<\/strong>, permitindo tamb\u00e9m, pela primeira vez, <strong>a entrada de menores de idade acompanhados pelos pais ou respons\u00e1veis<\/strong>.<\/p>\n<p>A programa\u00e7\u00e3o conta com<strong> 41 r\u00f3tulos de 31 cervejarias \u2014 sendo quase 20 exclusivos \u2014<\/strong>, <strong>mais de seis atra\u00e7\u00f5es musicais<\/strong>, <strong>pra\u00e7a de alimenta\u00e7\u00e3o<\/strong>, <strong>feira criativa<\/strong> e a<strong> experi\u00eancia de degusta\u00e7\u00e3o do Speed Date Cervejeiro<\/strong>.<\/p>\n<p>O evento tamb\u00e9m se desdobra na \u201cCidade da IPA\u201d, um roteiro de quatro dias que integra bares, cervejarias, espa\u00e7os culturais e o pr\u00f3prio festival. <mark class=\"has-inline-color\">Os <strong>ingressos<\/strong> para o <strong>IPA Day Brasil 2026<\/strong> est\u00e3o dispon\u00edveis a partir de R$ 59,90 e podem ser adquiridos de forma online (<\/mark><a href=\"https:\/\/eventiza.com.br\/evento\/ipa-day-brasil-2026?utm_source=ig&amp;utm_medium=social&amp;utm_content=link_in_bio&amp;fbclid=PAcGRvZgJleHRuA2FlbQIxMQBzcnRjBmFwcF9pZA85MzY2MTk3NDMzOTI0NTkAAaeTVKLy5yK-H5d8BlE2Cg96gbLPh0DgtAteJqizXyBWW8sujpP5Ut5Ab-lGTA_aem_ZRngNQkVIeOTrBN7omc5Cw\" data-type=\"link\" data-id=\"https:\/\/eventiza.com.br\/evento\/ipa-day-brasil-2026?utm_source=ig&amp;utm_medium=social&amp;utm_content=link_in_bio&amp;fbclid=PAcGRvZgJleHRuA2FlbQIxMQBzcnRjBmFwcF9pZA85MzY2MTk3NDMzOTI0NTkAAaeTVKLy5yK-H5d8BlE2Cg96gbLPh0DgtAteJqizXyBWW8sujpP5Ut5Ab-lGTA_aem_ZRngNQkVIeOTrBN7omc5Cw\" target=\"_blank\" rel=\"noopener\"><mark class=\"has-inline-color\">clique aqui para acessar<\/mark><\/a><mark class=\"has-inline-color\">).<\/mark><\/p>\n<figure class=\"wp-block-gallery has-nested-images columns-default is-cropped wp-block-gallery-1 is-layout-flex wp-block-gallery-is-layout-flex\">\n<figure class=\"wp-block-image size-large\"><img data-recalc-dims=\"1\" loading=\"lazy\" decoding=\"async\" width=\"1024\" height=\"576\" data-id=\"173807\" src=\"https:\/\/i0.wp.com\/www.acidadeon.com\/ribeiraopreto\/wp-content\/uploads\/sites\/3\/2026\/09\/IPA-DAY-5-1024x576.jpeg?resize=1024%2C576&#038;ssl=1\" alt=\"IPA Day desembarca em Ribeir\u00e3o Preto - Foto: acervo pessoal \/ IPA Day\" class=\"wp-image-173807\" title=\"IPA Day Brasil: encerramento de circuito nacional acontece em Ribeir\u00e3o; Saiba quando 3\"><figcaption class=\"wp-element-caption\"> Foto: acervo pessoal \/ IPA Day<\/figcaption><\/figure>\n<figure class=\"wp-block-image size-large\"><img data-recalc-dims=\"1\" loading=\"lazy\" decoding=\"async\" width=\"1024\" height=\"576\" data-id=\"173805\" src=\"https:\/\/i0.wp.com\/www.acidadeon.com\/ribeiraopreto\/wp-content\/uploads\/sites\/3\/2026\/09\/IPA-DAY-3-1024x576.jpeg?resize=1024%2C576&#038;ssl=1\" alt=\"IPA Day desembarca em Ribeir\u00e3o Preto - Foto: acervo pessoal \/ IPA Day\" class=\"wp-image-173805\" title=\"IPA Day Brasil: encerramento de circuito nacional acontece em Ribeir\u00e3o; Saiba quando 4\"><figcaption class=\"wp-element-caption\"> Foto: acervo pessoal \/ IPA Day<\/figcaption><\/figure>\n<figure class=\"wp-block-image size-large\"><img data-recalc-dims=\"1\" loading=\"lazy\" decoding=\"async\" width=\"1024\" height=\"576\" data-id=\"173809\" src=\"https:\/\/i0.wp.com\/www.acidadeon.com\/ribeiraopreto\/wp-content\/uploads\/sites\/3\/2026\/09\/IPA-DAY-1024x576.jpeg?resize=1024%2C576&#038;ssl=1\" alt=\"IPA Day desembarca em Ribeir\u00e3o Preto - Foto: acervo pessoal \/ IPA Day\" class=\"wp-image-173809\" title=\"IPA Day Brasil: encerramento de circuito nacional acontece em Ribeir\u00e3o; Saiba quando 5\"><figcaption class=\"wp-element-caption\">  Foto: acervo pessoal \/ IPA Day<\/figcaption><\/figure>\n<figure class=\"wp-block-image size-large\"><img data-recalc-dims=\"1\" loading=\"lazy\" decoding=\"async\" width=\"1024\" height=\"576\" data-id=\"173808\" src=\"https:\/\/i0.wp.com\/www.acidadeon.com\/ribeiraopreto\/wp-content\/uploads\/sites\/3\/2026\/09\/IPA-DAY-6-1024x576.jpeg?resize=1024%2C576&#038;ssl=1\" alt=\"IPA Day desembarca em Ribeir\u00e3o Preto - Foto: acervo pessoal \/ IPA Day\" class=\"wp-image-173808\" title=\"IPA Day Brasil: encerramento de circuito nacional acontece em Ribeir\u00e3o; Saiba quando 6\"><figcaption class=\"wp-element-caption\">Festival desembarca em Ribeir\u00e3o Preto \u2013 Foto: acervo pessoal \/ IPA Day<\/figcaption><\/figure>\n<\/figure>\n<h2 class=\"wp-block-heading\"><strong>Servi\u00e7o<\/strong><\/h2>\n<p><strong>IPA Day Brasil 2026<\/strong><\/p>\n<p><strong>Data:<\/strong> 21 de novembro<br \/><strong>Hor\u00e1rio:<\/strong> Das 14h \u00e0s 22h (com modalidade BeerGeek a partir das 13h).<br \/><strong>Local:<\/strong> Armaz\u00e9m Baixada.<br \/><strong>Endere\u00e7o:<\/strong> Rua Duque de Caxias, 141, Centro, Ribeir\u00e3o Preto (SP).<br \/><strong>Ingressos IPA Day:<\/strong> Dispon\u00edveis a partir de R$ 59,90 <a href=\"https:\/\/eventiza.com.br\/evento\/ipa-day-brasil-2026?utm_source=ig&amp;utm_medium=social&amp;utm_content=link_in_bio&amp;fbclid=PAcGRvZgJleHRuA2FlbQIxMQBzcnRjBmFwcF9pZA85MzY2MTk3NDMzOTI0NTkAAaeTVKLy5yK-H5d8BlE2Cg96gbLPh0DgtAteJqizXyBWW8sujpP5Ut5Ab-lGTA_aem_ZRngNQkVIeOTrBN7omc5Cw\" data-type=\"link\" data-id=\"https:\/\/eventiza.com.br\/evento\/ipa-day-brasil-2026?utm_source=ig&amp;utm_medium=social&amp;utm_content=link_in_bio&amp;fbclid=PAcGRvZgJleHRuA2FlbQIxMQBzcnRjBmFwcF9pZA85MzY2MTk3NDMzOTI0NTkAAaeTVKLy5yK-H5d8BlE2Cg96gbLPh0DgtAteJqizXyBWW8sujpP5Ut5Ab-lGTA_aem_ZRngNQkVIeOTrBN7omc5Cw\" target=\"_blank\" rel=\"noopener\">neste link<\/a>.<br \/><strong>Classifica\u00e7\u00e3o:<\/strong> Livre para menores acompanhados dos pais ou respons\u00e1veis (menores de 12 anos n\u00e3o pagam). Consumo de \u00e1lcool permitido apenas para maiores de 18 anos mediante apresenta\u00e7\u00e3o de documento oficial com foto.<\/p>\n<p class=\"has-very-light-gray-to-cyan-bluish-gray-gradient-background has-background\"><em>Fa\u00e7a uma den\u00fancia ou sugira uma reportagem sobre\u00a0<strong>Ribeir\u00e3o Preto\u00a0<\/strong>e regi\u00e3o por meio do WhatsApp do\u00a0<strong>acidade on Ribeir\u00e3o<\/strong>: (16) 99117-7802.<\/em><\/p>\n<p>O post IPA Day Brasil: encerramento de circuito nacional acontece em Ribeir\u00e3o; Saiba quando apareceu primeiro em ACidade ON Ribeir\u00e3o Preto.<\/p>\n<p><br \/>\n<br \/><a href=\"https:\/\/www.acidadeon.com\/ribeiraopreto\/lazer-e-cultura\/ipa-day-brasil-encerramento-de-circuito-nacional-acontece-em-ribeirao-saiba-quando\/\">Link para o texto original aqui <\/a><\/p>\n<!-- CONTENT END 1 -->\n","protected":false},"excerpt":{"rendered":"<p>O IPA Day Brasil 2026 encerra sua temporada nacional no dia 21 de novembro, das 14h \u00e0s 22h\u00a0em Ribeir\u00e3o Preto no Armaz\u00e9m Baixada, localizado na&#8230;<\/p>\n","protected":false},"author":1,"featured_media":91159,"comment_status":"","ping_status":"","sticky":false,"template":"","format":"standard","meta":{"advanced_seo_description":"","jetpack_seo_html_title":"","jetpack_seo_noindex":false,"jetpack_seo_schema_type":"","_jetpack_newsletter_access":"","_jetpack_dont_email_post_to_subs":false,"_jetpack_newsletter_tier_id":0,"_jetpack_memberships_contains_paywalled_content":false,"_jetpack_feature_clip_id":0,"_jetpack_memberships_contains_paid_content":false,"footnotes":"","jetpack_publicize_message":"","jetpack_publicize_feature_enabled":true,"jetpack_social_post_already_shared":true,"jetpack_social_options":{"image_generator_settings":{"template":"highway","default_image_id":0,"font":"","enabled":false},"version":2},"jetpack_post_was_ever_published":false},"categories":[11],"tags":[124,137,2568,4992,8319,8955,721,620,26,123],"class_list":["post-91158","post","type-post","status-publish","format-standard","has-post-thumbnail","hentry","category-noticias-de-ribeirao-preto-sp-e-regiao-ismael-colosi","tag-acontece","tag-brasil","tag-circuito","tag-day","tag-encerramento","tag-ipa","tag-nacional","tag-quando","tag-ribeirao","tag-saiba"],"jetpack_publicize_connections":[],"jetpack-related-posts":[{"id":80061,"url":"https:\/\/noticiasribeiraopreto.com.br\/index.php\/2025\/11\/13\/ribeirao-preto-recebe-mais-de-40-rotulos-de-cerveja-no-ipa-day-brasil-ainda-ha-ingressos\/","url_meta":{"origin":91158,"position":0},"title":"Ribeir\u00e3o Preto recebe mais de 40 r\u00f3tulos de cerveja no IPA Day Brasil; ainda h\u00e1 ingressos","author":"noticiasribeiraopreto.com.br","date":"13 de November de 2025","format":false,"excerpt":"O IPA Day Brasil acontece no dia 22 de novembro, no Espa\u00e7o Bella Citt\u00e0, em Ribeir\u00e3o Preto, e re\u00fane cervejeiros e apreciadores da cultura artesanal em um evento que combina degusta\u00e7\u00e3o, m\u00fasica e gastronomia. Criado em 2012, o festival se consolidou como um dos principais encontros dedicados \u00e0 India Pale\u2026","rel":"","context":"In &quot;Not\u00edcias de Ribeir\u00e3o Preto-SP e Regi\u00e3o&quot;","block_context":{"text":"Not\u00edcias de Ribeir\u00e3o Preto-SP e Regi\u00e3o","link":"https:\/\/noticiasribeiraopreto.com.br\/index.php\/category\/noticias-de-ribeirao-preto-sp-e-regiao-ismael-colosi\/"},"img":{"alt_text":"","src":"https:\/\/i0.wp.com\/noticiasribeiraopreto.com.br\/wp-content\/uploads\/2025\/11\/palace-27_2025-11-13_18-20-37.webp.webp?fit=1200%2C675&ssl=1&resize=350%2C200","width":350,"height":200,"srcset":"https:\/\/i0.wp.com\/noticiasribeiraopreto.com.br\/wp-content\/uploads\/2025\/11\/palace-27_2025-11-13_18-20-37.webp.webp?fit=1200%2C675&ssl=1&resize=350%2C200 1x, https:\/\/i0.wp.com\/noticiasribeiraopreto.com.br\/wp-content\/uploads\/2025\/11\/palace-27_2025-11-13_18-20-37.webp.webp?fit=1200%2C675&ssl=1&resize=525%2C300 1.5x, https:\/\/i0.wp.com\/noticiasribeiraopreto.com.br\/wp-content\/uploads\/2025\/11\/palace-27_2025-11-13_18-20-37.webp.webp?fit=1200%2C675&ssl=1&resize=700%2C400 2x, https:\/\/i0.wp.com\/noticiasribeiraopreto.com.br\/wp-content\/uploads\/2025\/11\/palace-27_2025-11-13_18-20-37.webp.webp?fit=1200%2C675&ssl=1&resize=1050%2C600 3x"},"classes":[]},{"id":78747,"url":"https:\/\/noticiasribeiraopreto.com.br\/index.php\/2025\/10\/17\/ribeirao-preto-recebe-ipa-day-brasil-em-novembro-veja-a-programacao\/","url_meta":{"origin":91158,"position":1},"title":"Ribeir\u00e3o Preto recebe IPA Day Brasil em novembro; Veja a programa\u00e7\u00e3o","author":"noticiasribeiraopreto.com.br","date":"17 de October de 2025","format":false,"excerpt":"Ribeir\u00e3o Preto recebe o festival IPA Day Brasil no pr\u00f3ximo dia 22 de novembro no Espa\u00e7o Bela Citt\u00e0. O festival planeja reunir mais de 1,5 mil pessoas e funciona no formato degusta\u00e7\u00e3o livre de cervejas e \u00e1gua. Este ano, o evento ampliou a pra\u00e7a de alimenta\u00e7\u00e3o que ter\u00e1 op\u00e7\u00f5es como\u2026","rel":"","context":"In &quot;Not\u00edcias de Ribeir\u00e3o Preto-SP e Regi\u00e3o&quot;","block_context":{"text":"Not\u00edcias de Ribeir\u00e3o Preto-SP e Regi\u00e3o","link":"https:\/\/noticiasribeiraopreto.com.br\/index.php\/category\/noticias-de-ribeirao-preto-sp-e-regiao-ismael-colosi\/"},"img":{"alt_text":"","src":"https:\/\/i0.wp.com\/noticiasribeiraopreto.com.br\/wp-content\/uploads\/2025\/10\/IPA-DAY_2025-10-17_13-54-25.webp.webp?fit=1200%2C799&ssl=1&resize=350%2C200","width":350,"height":200,"srcset":"https:\/\/i0.wp.com\/noticiasribeiraopreto.com.br\/wp-content\/uploads\/2025\/10\/IPA-DAY_2025-10-17_13-54-25.webp.webp?fit=1200%2C799&ssl=1&resize=350%2C200 1x, https:\/\/i0.wp.com\/noticiasribeiraopreto.com.br\/wp-content\/uploads\/2025\/10\/IPA-DAY_2025-10-17_13-54-25.webp.webp?fit=1200%2C799&ssl=1&resize=525%2C300 1.5x, https:\/\/i0.wp.com\/noticiasribeiraopreto.com.br\/wp-content\/uploads\/2025\/10\/IPA-DAY_2025-10-17_13-54-25.webp.webp?fit=1200%2C799&ssl=1&resize=700%2C400 2x, https:\/\/i0.wp.com\/noticiasribeiraopreto.com.br\/wp-content\/uploads\/2025\/10\/IPA-DAY_2025-10-17_13-54-25.webp.webp?fit=1200%2C799&ssl=1&resize=1050%2C600 3x"},"classes":[]},{"id":58455,"url":"https:\/\/noticiasribeiraopreto.com.br\/index.php\/2024\/09\/27\/tudo-sobre-o-ipa-day-em-ribeirao-preto\/","url_meta":{"origin":91158,"position":2},"title":"Tudo sobre o IPA Day em Ribeir\u00e3o Preto","author":"noticiasribeiraopreto.com.br","date":"27 de September de 2024","format":false,"excerpt":"Um dos principais eventos de cervejas artesanais de Ribeir\u00e3o Preto j\u00e1 tem data e local para edi\u00e7\u00e3o de 2024. O IPA Day Brasil vai realizar a sua 11\u00aa edi\u00e7\u00e3o no dia 16 de novembro, no Vict\u00f3ria Hill Centro de Eventos, das 14h \u00e0s 22h. O festival \u00e9 dedicado \u00e0s cervejas\u2026","rel":"","context":"In &quot;Not\u00edcias de Ribeir\u00e3o Preto-SP e Regi\u00e3o&quot;","block_context":{"text":"Not\u00edcias de Ribeir\u00e3o Preto-SP e Regi\u00e3o","link":"https:\/\/noticiasribeiraopreto.com.br\/index.php\/category\/noticias-de-ribeirao-preto-sp-e-regiao-ismael-colosi\/"},"img":{"alt_text":"","src":"https:\/\/i0.wp.com\/noticiasribeiraopreto.com.br\/wp-content\/uploads\/2024\/09\/Copia-de-Copia-de-Copia-de-TAMANHO-EXATO-PARA-FOTOS-NO-SISTEMA-NOVO-77_2024-09-27_18-06-42_png_2024-09-27_18-06-42.webp.webp?fit=1200%2C675&ssl=1&resize=350%2C200","width":350,"height":200,"srcset":"https:\/\/i0.wp.com\/noticiasribeiraopreto.com.br\/wp-content\/uploads\/2024\/09\/Copia-de-Copia-de-Copia-de-TAMANHO-EXATO-PARA-FOTOS-NO-SISTEMA-NOVO-77_2024-09-27_18-06-42_png_2024-09-27_18-06-42.webp.webp?fit=1200%2C675&ssl=1&resize=350%2C200 1x, https:\/\/i0.wp.com\/noticiasribeiraopreto.com.br\/wp-content\/uploads\/2024\/09\/Copia-de-Copia-de-Copia-de-TAMANHO-EXATO-PARA-FOTOS-NO-SISTEMA-NOVO-77_2024-09-27_18-06-42_png_2024-09-27_18-06-42.webp.webp?fit=1200%2C675&ssl=1&resize=525%2C300 1.5x, https:\/\/i0.wp.com\/noticiasribeiraopreto.com.br\/wp-content\/uploads\/2024\/09\/Copia-de-Copia-de-Copia-de-TAMANHO-EXATO-PARA-FOTOS-NO-SISTEMA-NOVO-77_2024-09-27_18-06-42_png_2024-09-27_18-06-42.webp.webp?fit=1200%2C675&ssl=1&resize=700%2C400 2x, https:\/\/i0.wp.com\/noticiasribeiraopreto.com.br\/wp-content\/uploads\/2024\/09\/Copia-de-Copia-de-Copia-de-TAMANHO-EXATO-PARA-FOTOS-NO-SISTEMA-NOVO-77_2024-09-27_18-06-42_png_2024-09-27_18-06-42.webp.webp?fit=1200%2C675&ssl=1&resize=1050%2C600 3x"},"classes":[]},{"id":80213,"url":"https:\/\/noticiasribeiraopreto.com.br\/index.php\/2025\/11\/17\/bate-papo-resgata-a-historia-da-cerveja-em-ribeirao-preto-veja-como-participar\/","url_meta":{"origin":91158,"position":3},"title":"Bate-papo resgata a hist\u00f3ria da cerveja em Ribeir\u00e3o Preto; Veja como participar","author":"noticiasribeiraopreto.com.br","date":"17 de November de 2025","format":false,"excerpt":"O audit\u00f3rio da Biblioteca Sinh\u00e1 Junqueira, em Ribeir\u00e3o Preto, ser\u00e1 palco da roda de conversa \u201cHist\u00f3ria e cerveja em Ribeir\u00e3o Preto: das brassagens dos italianos \u00e0 primeira IPA do Brasil\u201d. O evento tem entrada gratuita e acontece na quinta-feira (20), \u00e0s 14h. LEIA MAIS: Capital do Chope: dos imigrantes \u00e0\u2026","rel":"","context":"In &quot;Not\u00edcias de Ribeir\u00e3o Preto-SP e Regi\u00e3o&quot;","block_context":{"text":"Not\u00edcias de Ribeir\u00e3o Preto-SP e Regi\u00e3o","link":"https:\/\/noticiasribeiraopreto.com.br\/index.php\/category\/noticias-de-ribeirao-preto-sp-e-regiao-ismael-colosi\/"},"img":{"alt_text":"","src":"https:\/\/i0.wp.com\/noticiasribeiraopreto.com.br\/wp-content\/uploads\/2025\/08\/cerveja_2025-08-07_14-50-54.webp.webp?fit=1200%2C800&ssl=1&resize=350%2C200","width":350,"height":200,"srcset":"https:\/\/i0.wp.com\/noticiasribeiraopreto.com.br\/wp-content\/uploads\/2025\/08\/cerveja_2025-08-07_14-50-54.webp.webp?fit=1200%2C800&ssl=1&resize=350%2C200 1x, https:\/\/i0.wp.com\/noticiasribeiraopreto.com.br\/wp-content\/uploads\/2025\/08\/cerveja_2025-08-07_14-50-54.webp.webp?fit=1200%2C800&ssl=1&resize=525%2C300 1.5x, https:\/\/i0.wp.com\/noticiasribeiraopreto.com.br\/wp-content\/uploads\/2025\/08\/cerveja_2025-08-07_14-50-54.webp.webp?fit=1200%2C800&ssl=1&resize=700%2C400 2x, https:\/\/i0.wp.com\/noticiasribeiraopreto.com.br\/wp-content\/uploads\/2025\/08\/cerveja_2025-08-07_14-50-54.webp.webp?fit=1200%2C800&ssl=1&resize=1050%2C600 3x"},"classes":[]},{"id":60375,"url":"https:\/\/noticiasribeiraopreto.com.br\/index.php\/2024\/11\/12\/confira-a-lista-de-cervejas-do-ipa-day-evento-acontece-neste-final-de-semana\/","url_meta":{"origin":91158,"position":4},"title":"Confira a lista de cervejas do IPA Day; Evento acontece neste final de semana","author":"noticiasribeiraopreto.com.br","date":"12 de November de 2024","format":false,"excerpt":"A 11\u00aa edi\u00e7\u00e3o do IPA Day, um dos principais eventos de cervejas artesanais de Ribeir\u00e3o Preto, acontece neste s\u00e1bado (16), das 14h \u00e0s 22h, no Vict\u00f3ria Hill Centro de Eventos. Os ingressos ainda est\u00e3o dispon\u00edveis e podem ser adquiridos de forma on-line (clique aqui) por R$ 279. O festival nacional\u2026","rel":"","context":"In &quot;Not\u00edcias de Ribeir\u00e3o Preto-SP e Regi\u00e3o&quot;","block_context":{"text":"Not\u00edcias de Ribeir\u00e3o Preto-SP e Regi\u00e3o","link":"https:\/\/noticiasribeiraopreto.com.br\/index.php\/category\/noticias-de-ribeirao-preto-sp-e-regiao-ismael-colosi\/"},"img":{"alt_text":"","src":"https:\/\/i0.wp.com\/noticiasribeiraopreto.com.br\/wp-content\/uploads\/2024\/11\/IMG-1181-1-scaled.jpg?fit=1200%2C800&ssl=1&resize=350%2C200","width":350,"height":200,"srcset":"https:\/\/i0.wp.com\/noticiasribeiraopreto.com.br\/wp-content\/uploads\/2024\/11\/IMG-1181-1-scaled.jpg?fit=1200%2C800&ssl=1&resize=350%2C200 1x, https:\/\/i0.wp.com\/noticiasribeiraopreto.com.br\/wp-content\/uploads\/2024\/11\/IMG-1181-1-scaled.jpg?fit=1200%2C800&ssl=1&resize=525%2C300 1.5x, https:\/\/i0.wp.com\/noticiasribeiraopreto.com.br\/wp-content\/uploads\/2024\/11\/IMG-1181-1-scaled.jpg?fit=1200%2C800&ssl=1&resize=700%2C400 2x, https:\/\/i0.wp.com\/noticiasribeiraopreto.com.br\/wp-content\/uploads\/2024\/11\/IMG-1181-1-scaled.jpg?fit=1200%2C800&ssl=1&resize=1050%2C600 3x"},"classes":[]},{"id":61615,"url":"https:\/\/noticiasribeiraopreto.com.br\/index.php\/2024\/12\/17\/armazem-baixada-recebe-evento-comemorativo-com-djs-veja-data\/","url_meta":{"origin":91158,"position":5},"title":"Armaz\u00e9m Baixada recebe evento comemorativo com DJs; Veja data","author":"noticiasribeiraopreto.com.br","date":"17 de December de 2024","format":false,"excerpt":"O Tutu DJs comemora 22 anos com evento no pr\u00f3ximo s\u00e1bado (21), no Armaz\u00e9m Baixada, no Centro de Ribeir\u00e3o Preto. O coletivo de DJs recebe, a partir das 22h, os convidados DJ Marco (Criolo e Discop\u00e9dia), o duo Anhanguera, formado pelos DJs e produtores Dudu Palandre e D\u00e9cio Deep, e\u2026","rel":"","context":"In &quot;Not\u00edcias de Ribeir\u00e3o Preto-SP e Regi\u00e3o&quot;","block_context":{"text":"Not\u00edcias de Ribeir\u00e3o Preto-SP e Regi\u00e3o","link":"https:\/\/noticiasribeiraopreto.com.br\/index.php\/category\/noticias-de-ribeirao-preto-sp-e-regiao-ismael-colosi\/"},"img":{"alt_text":"","src":"https:\/\/i0.wp.com\/noticiasribeiraopreto.com.br\/wp-content\/uploads\/2024\/12\/DJ_2024-12-17_17-22-54_jpg_2024-12-17_17-22-54.webp.webp?fit=1200%2C922&ssl=1&resize=350%2C200","width":350,"height":200,"srcset":"https:\/\/i0.wp.com\/noticiasribeiraopreto.com.br\/wp-content\/uploads\/2024\/12\/DJ_2024-12-17_17-22-54_jpg_2024-12-17_17-22-54.webp.webp?fit=1200%2C922&ssl=1&resize=350%2C200 1x, https:\/\/i0.wp.com\/noticiasribeiraopreto.com.br\/wp-content\/uploads\/2024\/12\/DJ_2024-12-17_17-22-54_jpg_2024-12-17_17-22-54.webp.webp?fit=1200%2C922&ssl=1&resize=525%2C300 1.5x, https:\/\/i0.wp.com\/noticiasribeiraopreto.com.br\/wp-content\/uploads\/2024\/12\/DJ_2024-12-17_17-22-54_jpg_2024-12-17_17-22-54.webp.webp?fit=1200%2C922&ssl=1&resize=700%2C400 2x, https:\/\/i0.wp.com\/noticiasribeiraopreto.com.br\/wp-content\/uploads\/2024\/12\/DJ_2024-12-17_17-22-54_jpg_2024-12-17_17-22-54.webp.webp?fit=1200%2C922&ssl=1&resize=1050%2C600 3x"},"classes":[]}],"jetpack_sharing_enabled":true,"jetpack_shortlink":"https:\/\/wp.me\/peQAOb-nIi","jetpack_featured_media_url":"https:\/\/i0.wp.com\/noticiasribeiraopreto.com.br\/wp-content\/uploads\/2026\/09\/IPA-DAY-4.jpeg?fit=1280%2C720&ssl=1","_links":{"self":[{"href":"https:\/\/noticiasribeiraopreto.com.br\/index.php\/wp-json\/wp\/v2\/posts\/91158","targetHints":{"allow":["GET"]}}],"collection":[{"href":"https:\/\/noticiasribeiraopreto.com.br\/index.php\/wp-json\/wp\/v2\/posts"}],"about":[{"href":"https:\/\/noticiasribeiraopreto.com.br\/index.php\/wp-json\/wp\/v2\/types\/post"}],"author":[{"embeddable":true,"href":"https:\/\/noticiasribeiraopreto.com.br\/index.php\/wp-json\/wp\/v2\/users\/1"}],"replies":[{"embeddable":true,"href":"https:\/\/noticiasribeiraopreto.com.br\/index.php\/wp-json\/wp\/v2\/comments?post=91158"}],"version-history":[{"count":0,"href":"https:\/\/noticiasribeiraopreto.com.br\/index.php\/wp-json\/wp\/v2\/posts\/91158\/revisions"}],"wp:featuredmedia":[{"embeddable":true,"href":"https:\/\/noticiasribeiraopreto.com.br\/index.php\/wp-json\/wp\/v2\/media\/91159"}],"wp:attachment":[{"href":"https:\/\/noticiasribeiraopreto.com.br\/index.php\/wp-json\/wp\/v2\/media?parent=91158"}],"wp:term":[{"taxonomy":"category","embeddable":true,"href":"https:\/\/noticiasribeiraopreto.com.br\/index.php\/wp-json\/wp\/v2\/categories?post=91158"},{"taxonomy":"post_tag","embeddable":true,"href":"https:\/\/noticiasribeiraopreto.com.br\/index.php\/wp-json\/wp\/v2\/tags?post=91158"}],"curies":[{"name":"wp","href":"https:\/\/api.w.org\/{rel}","templated":true}]}}