{"id":91160,"date":"2026-09-05T13:25:55","date_gmt":"2026-09-05T16:25:55","guid":{"rendered":"https:\/\/noticiasribeiraopreto.com.br\/index.php\/2026\/09\/05\/alerta-de-tempestade-e-emitido-para-sp-veja-regioes\/"},"modified":"2026-09-05T13:25:55","modified_gmt":"2026-09-05T16:25:55","slug":"alerta-de-tempestade-e-emitido-para-sp-veja-regioes","status":"publish","type":"post","link":"https:\/\/noticiasribeiraopreto.com.br\/index.php\/2026\/09\/05\/alerta-de-tempestade-e-emitido-para-sp-veja-regioes\/","title":{"rendered":"Alerta de tempestade \u00e9 emitido para SP; veja regi\u00f5es"},"content":{"rendered":"<div class='code-block code-block-1' style='margin: 8px 0 8px auto; text-align: right; display: block; clear: both;'>\n<p><a href=\"https:\/\/wa.link\/vpicfd\"><img data-recalc-dims=\"1\" class=\"wp-image-4922\" style=\"aspect-ratio: 2.0253164556962027; width: 561px; height: auto;\" src=\"https:\/\/i0.wp.com\/ismaelcolosi.com.br\/wp-content\/uploads\/2023\/11\/grupo-de-empregos-whatsapp-e-facebook-ismael-colosi-vagas.jpg?ssl=1\" alt=\"\" \/><\/a><\/p>\n<!-- \/wp:image -->\n<\/div>\n<p> <br \/>\n<\/p>\n<p>O <strong><a href=\"https:\/\/portal.inmet.gov.br\/\" target=\"_blank\" data-type=\"link\" data-id=\"https:\/\/portal.inmet.gov.br\/\" rel=\"noreferrer noopener\">Instituto Nacional de Meteorologia (Inmet)<\/a><\/strong> emitiu neste <strong>s\u00e1bado (5)<\/strong> um novo <strong>alerta de perigo potencial para tempestade<\/strong> em diversas regi\u00f5es do <strong>estado de S\u00e3o Paulo<\/strong>, inclusive no <strong>interior paulista<\/strong>.<\/p>\n<p>De acordo com a <strong>Defesa Civil do estado<\/strong>, a instabilidade do clima \u00e9 causada por uma<strong> frente fria<\/strong> vinda do Rio Grande do Sul, <mark class=\"has-inline-color\">que pode provocar elevados acumulados de chuva, com risco de alagamentos, inunda\u00e7\u00f5es e deslizamentos de terra.<\/mark><\/p>\n<p>O \u00f3rg\u00e3o ainda afirmou que, \u201cem raz\u00e3o do cen\u00e1rio previsto para o feriado prolongado, a Defesa Civil realiza reuni\u00f5es de alinhamento com representantes regionais e municipais para fortalecer as a\u00e7\u00f5es de acompanhamento e resposta\u201d.<\/p>\n<p class=\"has-text-align-center has-cyan-bluish-gray-background-color has-background\"><em>Receba not\u00edcias do\u00a0<strong>acidade on Ribeir\u00e3o\u00a0<\/strong>no WhatsApp e fique por dentro de tudo! Basta acessar o link<a href=\"https:\/\/chat.whatsapp.com\/DfXwcjKVIddHUT3BvnQuPZ?mode=hqctshi\" target=\"_blank\" rel=\"noreferrer noopener\">\u00a0aqui<\/a>!<\/em><\/p>\n<h2 class=\"wp-block-heading\"><strong>O que diz o alerta de tempestade?<\/strong><\/h2>\n<p>Conforme o comunicado emitido pelo <strong>Inmet<\/strong>, existe previs\u00e3o de <strong>chuva de at\u00e9 50 mil\u00edmetros por dia<\/strong>, acompanhada de <strong>ventos intensos que variam entre 40 km\/h e 60 km\/h<\/strong>.<\/p>\n<p>Apesar de baixo, o instituto tamb\u00e9m alerta para o risco de corte de energia el\u00e9trica, estragos em planta\u00e7\u00f5es, queda de galhos de \u00e1rvores e de alagamentos.<strong><mark class=\"has-inline-color\"> O alerta \u00e9 v\u00e1lido at\u00e9 \u00e0s 23h59 deste s\u00e1bado.<\/mark><\/strong><\/p>\n<h2 class=\"wp-block-heading\"><strong>Confira as regi\u00f5es em alerta<\/strong><\/h2>\n<ul class=\"wp-block-list\">\n<li>Presidente Prudente<\/li>\n<li>S\u00e3o Jos\u00e9 do Rio Preto<\/li>\n<li>Campinas<\/li>\n<li>Bauru<\/li>\n<li>Piracicaba<\/li>\n<li>Itapetininga<\/li>\n<li><strong>Ribeir\u00e3o Preto<\/strong><\/li>\n<li>Ara\u00e7atuba<\/li>\n<li>Macro Metropolitana Paulista<\/li>\n<li>Mar\u00edlia<\/li>\n<li>Araraquara<\/li>\n<li>Vale do Para\u00edba Paulista<\/li>\n<li>Metropolitana de S\u00e3o Paulo<\/li>\n<li>Assis<\/li>\n<li>Litoral Sul Paulista<\/li>\n<\/ul>\n<figure class=\"wp-block-image size-large\"><figcaption class=\"wp-element-caption\">Inmet coloca estado de S\u00e3o Paulo em alerta para tempestade \u2013 Foto: reprodu\u00e7\u00e3o\/ Inmet.<\/figcaption><\/figure>\n<h2 class=\"wp-block-heading\"><strong>Defesa Civil de SP refor\u00e7a alerta de temporais<\/strong><\/h2>\n<p>Al\u00e9m do alerta emitido pelo <strong>Instituto Nacional de Meteorologia (Inmet)<\/strong>, a <strong>Defesa Civil de S\u00e3o Paulo<\/strong> tamb\u00e9m <strong>refor\u00e7ou a orienta\u00e7\u00e3o para o risco de temporais em todo o estado<\/strong>.<\/p>\n<p>Segundo o \u00f3rg\u00e3o, as equipes mant\u00eam o monitoramento das condi\u00e7\u00f5es meteorol\u00f3gicas ap\u00f3s as chuvas registradas no in\u00edcio da manh\u00e3 deste s\u00e1bado (5). <strong><mark class=\"has-inline-color\">Ao longo do per\u00edodo, foram emitidos 18 alertas por SMS para a popula\u00e7\u00e3o.<\/mark><\/strong><\/p>\n<p>Para o domingo, <strong>a previs\u00e3o \u00e9 de que as chuvas ganhem intensidade durante a madrugada<\/strong>. A passagem de uma<strong> frente fria<\/strong> pelo estado, combinada \u00e0 entrada de umidade vinda do oceano, deve manter o tempo inst\u00e1vel ao longo do dia.<\/p>\n<p><strong><mark class=\"has-inline-color\">No interior paulista, s\u00e3o esperadas pancadas de chuva isoladas, acompanhadas de raios.<\/mark><\/strong> J\u00e1 no Litoral Paulista e na Baixada Santista, os acumulados podem superar 70 mil\u00edmetros, aumentando o risco de alagamentos e deslizamentos de terra.<\/p>\n<p>Ao longo do domingo, <strong>a frente fria avan\u00e7a em dire\u00e7\u00e3o ao estado do Rio de Janeiro<\/strong>, mas ainda mant\u00e9m condi\u00e7\u00f5es favor\u00e1veis \u00e0 ocorr\u00eancia de chuva em diferentes regi\u00f5es de S\u00e3o Paulo.<\/p>\n<figure class=\"wp-block-image size-large\"><img data-recalc-dims=\"1\" loading=\"lazy\" decoding=\"async\" width=\"1024\" height=\"461\" src=\"https:\/\/i0.wp.com\/www.acidadeon.com\/ribeiraopreto\/wp-content\/uploads\/sites\/3\/2025\/06\/WhatsApp-Image-2025-06-23-at-13.53.17_2025-06-23_17-03-34-1024x461.webp?resize=1024%2C461&#038;ssl=1\" alt=\"Tempestade pode atingir diversas \u00e1reas do estado de SP - Foto: Ricardo Canaveze.\" class=\"wp-image-120619\" title=\"Alerta de tempestade \u00e9 emitido para SP; veja regi\u00f5es 2\"><figcaption class=\"wp-element-caption\">Tempestade pode atingir diversas \u00e1reas do estado de SP \u2013 Foto: Ricardo Canaveze.<\/figcaption><\/figure>\n<h3 class=\"wp-block-heading\"><strong>Confira as orienta\u00e7\u00f5es do \u00f3rg\u00e3o para esse per\u00edodo<\/strong><\/h3>\n<p>A <strong>Defesa Civil<\/strong> orienta a popula\u00e7\u00e3o a<strong> n\u00e3o atravessar ruas alagadas ou trechos com enxurradas<\/strong> e a <strong>manter dist\u00e2ncia de \u00e1rvores e estruturas met\u00e1licas<\/strong> que possam oferecer risco durante os temporais.<\/p>\n<p>No Litoral Paulista, a recomenda\u00e7\u00e3o \u00e9 evitar atividades n\u00e1uticas durante o fim de semana, devido \u00e0 previs\u00e3o de agita\u00e7\u00e3o mar\u00edtima.<\/p>\n<p><strong>Moradores de \u00e1reas de risco tamb\u00e9m devem ficar atentos a sinais que podem indicar o in\u00edcio de deslizamentos<\/strong>, como rachaduras em paredes, dificuldade para abrir ou fechar portas e janelas e a inclina\u00e7\u00e3o de postes e \u00e1rvores.<\/p>\n<figure class=\"wp-block-image size-large\"><img data-recalc-dims=\"1\" loading=\"lazy\" decoding=\"async\" width=\"1024\" height=\"576\" src=\"https:\/\/i0.wp.com\/www.acidadeon.com\/ribeiraopreto\/wp-content\/uploads\/sites\/3\/2026\/07\/alerta-defesa-1024x576.jpg?resize=1024%2C576&#038;ssl=1\" alt=\"Alerta de Defesa Civil \u00e9 emitido devido \u00e0 baixa umidade - Foto: Governo de SP.\" class=\"wp-image-166614\" title=\"Alerta de tempestade \u00e9 emitido para SP; veja regi\u00f5es 3\"><figcaption class=\"wp-element-caption\">Alerta de Defesa Civil \u00e9 emitido \u2013 Foto: Governo de SP.<\/figcaption><\/figure>\n<p class=\"has-text-align-center has-cyan-bluish-gray-background-color has-background\"><em>Fa\u00e7a uma den\u00fancia ou sugira uma reportagem sobre\u00a0<strong>Ribeir\u00e3o Preto\u00a0<\/strong>e regi\u00e3o por meio do WhatsApp do\u00a0<strong>acidade on Ribeir\u00e3o<\/strong>: (16) 99117-7802.<\/em><\/p>\n<\/p>\n<p>O post Alerta de tempestade \u00e9 emitido para SP; veja regi\u00f5es apareceu primeiro em ACidade ON Ribeir\u00e3o Preto.<\/p>\n<p><br \/>\n<br \/><a href=\"https:\/\/www.acidadeon.com\/ribeiraopreto\/cotidiano\/alerta-de-tempestade-e-emitido-para-sp-veja-regioes\/\">Link para o texto original aqui <\/a><\/p>\n<!-- CONTENT END 1 -->\n","protected":false},"excerpt":{"rendered":"<p>O Instituto Nacional de Meteorologia (Inmet) emitiu neste s\u00e1bado (5) um novo alerta de perigo potencial para tempestade em diversas regi\u00f5es do estado de S\u00e3o&#8230;<\/p>\n","protected":false},"author":1,"featured_media":91161,"comment_status":"","ping_status":"","sticky":false,"template":"","format":"standard","meta":{"advanced_seo_description":"","jetpack_seo_html_title":"","jetpack_seo_noindex":false,"jetpack_seo_schema_type":"","_jetpack_newsletter_access":"","_jetpack_dont_email_post_to_subs":false,"_jetpack_newsletter_tier_id":0,"_jetpack_memberships_contains_paywalled_content":false,"_jetpack_feature_clip_id":0,"_jetpack_memberships_contains_paid_content":false,"footnotes":"","jetpack_publicize_message":"","jetpack_publicize_feature_enabled":true,"jetpack_social_post_already_shared":true,"jetpack_social_options":{"image_generator_settings":{"template":"highway","default_image_id":0,"font":"","enabled":false},"version":2},"jetpack_post_was_ever_published":false},"categories":[11],"tags":[163,8501,71,3022,64,48],"class_list":["post-91160","post","type-post","status-publish","format-standard","has-post-thumbnail","hentry","category-noticias-de-ribeirao-preto-sp-e-regiao-ismael-colosi","tag-alerta","tag-emitido","tag-para","tag-regioes","tag-tempestade","tag-veja"],"jetpack_publicize_connections":[],"jetpack-related-posts":[{"id":79324,"url":"https:\/\/noticiasribeiraopreto.com.br\/index.php\/2025\/10\/29\/alerta-de-tempestade-e-queda-nas-temperaturas-e-emitido-para-o-interior-de-sp-veja-previsao\/","url_meta":{"origin":91160,"position":0},"title":"Alerta de tempestade e queda nas temperaturas \u00e9 emitido para o interior de SP; Veja previs\u00e3o","author":"noticiasribeiraopreto.com.br","date":"29 de October de 2025","format":false,"excerpt":"O interior do estado de S\u00e3o Paulo recebeu um novo alerta do Inmet (Instituto Nacional de Meteorologia) para o perigo potencial de tempestades em v\u00e1rias regi\u00f5es \u2014 veja abaixo De acordo com a Climatempo, uma frente fria se afasta para o oceano nesta quarta, no entanto, um novo sistema dever\u00e1\u2026","rel":"","context":"In &quot;Not\u00edcias de Ribeir\u00e3o Preto-SP e Regi\u00e3o&quot;","block_context":{"text":"Not\u00edcias de Ribeir\u00e3o Preto-SP e Regi\u00e3o","link":"https:\/\/noticiasribeiraopreto.com.br\/index.php\/category\/noticias-de-ribeirao-preto-sp-e-regiao-ismael-colosi\/"},"img":{"alt_text":"","src":"https:\/\/i0.wp.com\/noticiasribeiraopreto.com.br\/wp-content\/uploads\/2025\/10\/WhatsApp-Image-2024-12-20-at-12.48.29-1_2024-12-20_16-00-01_jpeg_2024-12-20_16-00-01.webp.webp?fit=1200%2C675&ssl=1&resize=350%2C200","width":350,"height":200,"srcset":"https:\/\/i0.wp.com\/noticiasribeiraopreto.com.br\/wp-content\/uploads\/2025\/10\/WhatsApp-Image-2024-12-20-at-12.48.29-1_2024-12-20_16-00-01_jpeg_2024-12-20_16-00-01.webp.webp?fit=1200%2C675&ssl=1&resize=350%2C200 1x, https:\/\/i0.wp.com\/noticiasribeiraopreto.com.br\/wp-content\/uploads\/2025\/10\/WhatsApp-Image-2024-12-20-at-12.48.29-1_2024-12-20_16-00-01_jpeg_2024-12-20_16-00-01.webp.webp?fit=1200%2C675&ssl=1&resize=525%2C300 1.5x, https:\/\/i0.wp.com\/noticiasribeiraopreto.com.br\/wp-content\/uploads\/2025\/10\/WhatsApp-Image-2024-12-20-at-12.48.29-1_2024-12-20_16-00-01_jpeg_2024-12-20_16-00-01.webp.webp?fit=1200%2C675&ssl=1&resize=700%2C400 2x, https:\/\/i0.wp.com\/noticiasribeiraopreto.com.br\/wp-content\/uploads\/2025\/10\/WhatsApp-Image-2024-12-20-at-12.48.29-1_2024-12-20_16-00-01_jpeg_2024-12-20_16-00-01.webp.webp?fit=1200%2C675&ssl=1&resize=1050%2C600 3x"},"classes":[]},{"id":90874,"url":"https:\/\/noticiasribeiraopreto.com.br\/index.php\/2026\/09\/01\/interior-de-sp-entra-em-alerta-para-tempestades-e-ventos-de-ate-100-km-h-veja-regioes\/","url_meta":{"origin":91160,"position":1},"title":"Interior de SP entra em alerta para tempestades e ventos de at\u00e9 100 km\/h; veja regi\u00f5es","author":"noticiasribeiraopreto.com.br","date":"1 de September de 2026","format":false,"excerpt":"O Instituto Nacional de Meteorologia (Inmet) emitiu um alerta de perigo para tempestade no interior de S\u00e3o Paulo nesta ter\u00e7a-feira (1\u00ba) \u2013 veja regi\u00f5es em destaque logo abaixo. O aviso ocorre durante a passagem de uma nova frente fria, que avan\u00e7a pelo estado ap\u00f3s v\u00e1rios dias de calor e provoca\u2026","rel":"","context":"In &quot;Not\u00edcias de Ribeir\u00e3o Preto-SP e Regi\u00e3o&quot;","block_context":{"text":"Not\u00edcias de Ribeir\u00e3o Preto-SP e Regi\u00e3o","link":"https:\/\/noticiasribeiraopreto.com.br\/index.php\/category\/noticias-de-ribeirao-preto-sp-e-regiao-ismael-colosi\/"},"img":{"alt_text":"","src":"https:\/\/i0.wp.com\/noticiasribeiraopreto.com.br\/wp-content\/uploads\/2026\/09\/alerta-tempestade-inmet.jpg?fit=1200%2C675&ssl=1&resize=350%2C200","width":350,"height":200,"srcset":"https:\/\/i0.wp.com\/noticiasribeiraopreto.com.br\/wp-content\/uploads\/2026\/09\/alerta-tempestade-inmet.jpg?fit=1200%2C675&ssl=1&resize=350%2C200 1x, https:\/\/i0.wp.com\/noticiasribeiraopreto.com.br\/wp-content\/uploads\/2026\/09\/alerta-tempestade-inmet.jpg?fit=1200%2C675&ssl=1&resize=525%2C300 1.5x, https:\/\/i0.wp.com\/noticiasribeiraopreto.com.br\/wp-content\/uploads\/2026\/09\/alerta-tempestade-inmet.jpg?fit=1200%2C675&ssl=1&resize=700%2C400 2x, https:\/\/i0.wp.com\/noticiasribeiraopreto.com.br\/wp-content\/uploads\/2026\/09\/alerta-tempestade-inmet.jpg?fit=1200%2C675&ssl=1&resize=1050%2C600 3x"},"classes":[]},{"id":62938,"url":"https:\/\/noticiasribeiraopreto.com.br\/index.php\/2025\/01\/29\/defesa-civil-alerta-para-tempestade-no-estado-sp-veja-previsao\/","url_meta":{"origin":91160,"position":2},"title":"Defesa Civil alerta para tempestade no Estado SP; Veja previs\u00e3o","author":"noticiasribeiraopreto.com.br","date":"29 de January de 2025","format":false,"excerpt":"A quarta-feira (29) em Ribeir\u00e3o Preto ser\u00e1 de sol com muitas nuvens e per\u00edodos nublado pela manh\u00e3, com possibilidade de temporal no per\u00edodo da tarde e a noite. A temperatura m\u00e1xima deve ser de 29\u00baC \u2013 veja mais detalhes abaixo. Alerta de tempestade A Defesa Civil do Estado de S\u00e3o\u2026","rel":"","context":"In &quot;Not\u00edcias de Ribeir\u00e3o Preto-SP e Regi\u00e3o&quot;","block_context":{"text":"Not\u00edcias de Ribeir\u00e3o Preto-SP e Regi\u00e3o","link":"https:\/\/noticiasribeiraopreto.com.br\/index.php\/category\/noticias-de-ribeirao-preto-sp-e-regiao-ismael-colosi\/"},"img":{"alt_text":"","src":"https:\/\/i0.wp.com\/noticiasribeiraopreto.com.br\/wp-content\/uploads\/2024\/11\/ceu-ribeirao-preto_2024-11-30_12-35-29_jpeg_2024-11-30_12-35-29.webp.webp?fit=1200%2C900&ssl=1&resize=350%2C200","width":350,"height":200,"srcset":"https:\/\/i0.wp.com\/noticiasribeiraopreto.com.br\/wp-content\/uploads\/2024\/11\/ceu-ribeirao-preto_2024-11-30_12-35-29_jpeg_2024-11-30_12-35-29.webp.webp?fit=1200%2C900&ssl=1&resize=350%2C200 1x, https:\/\/i0.wp.com\/noticiasribeiraopreto.com.br\/wp-content\/uploads\/2024\/11\/ceu-ribeirao-preto_2024-11-30_12-35-29_jpeg_2024-11-30_12-35-29.webp.webp?fit=1200%2C900&ssl=1&resize=525%2C300 1.5x, https:\/\/i0.wp.com\/noticiasribeiraopreto.com.br\/wp-content\/uploads\/2024\/11\/ceu-ribeirao-preto_2024-11-30_12-35-29_jpeg_2024-11-30_12-35-29.webp.webp?fit=1200%2C900&ssl=1&resize=700%2C400 2x, https:\/\/i0.wp.com\/noticiasribeiraopreto.com.br\/wp-content\/uploads\/2024\/11\/ceu-ribeirao-preto_2024-11-30_12-35-29_jpeg_2024-11-30_12-35-29.webp.webp?fit=1200%2C900&ssl=1&resize=1050%2C600 3x"},"classes":[]},{"id":81931,"url":"https:\/\/noticiasribeiraopreto.com.br\/index.php\/2026\/01\/30\/novo-ciclone-se-forma-e-coloca-interior-de-sp-em-alerta-para-tempestades-veja-regioes-afetadas\/","url_meta":{"origin":91160,"position":3},"title":"Novo ciclone se forma e coloca interior de SP em alerta para tempestades; Veja regi\u00f5es afetadas","author":"noticiasribeiraopreto.com.br","date":"30 de January de 2026","format":false,"excerpt":"O interior do estado de S\u00e3o Paulo est\u00e1 em alerta para o risco de tempestade nesta quinta-feira (29) \u2013 veja as regi\u00f5es logo abaixo. De acordo com os meteorologistas, um novo ciclone extratropical come\u00e7ou se formar e vai contribuir para a forma\u00e7\u00e3o de \u00e1reas de instabilidade. O Estado de S\u00e3o\u2026","rel":"","context":"In &quot;Not\u00edcias de Ribeir\u00e3o Preto-SP e Regi\u00e3o&quot;","block_context":{"text":"Not\u00edcias de Ribeir\u00e3o Preto-SP e Regi\u00e3o","link":"https:\/\/noticiasribeiraopreto.com.br\/index.php\/category\/noticias-de-ribeirao-preto-sp-e-regiao-ismael-colosi\/"},"img":{"alt_text":"","src":"https:\/\/i0.wp.com\/noticiasribeiraopreto.com.br\/wp-content\/uploads\/2025\/12\/chuva_mudanca_tempo_05_2025-04-08_20-53-35_jpg_2025-04-08_20-53-35-1024x769.webp.webp?fit=1024%2C769&ssl=1&resize=350%2C200","width":350,"height":200,"srcset":"https:\/\/i0.wp.com\/noticiasribeiraopreto.com.br\/wp-content\/uploads\/2025\/12\/chuva_mudanca_tempo_05_2025-04-08_20-53-35_jpg_2025-04-08_20-53-35-1024x769.webp.webp?fit=1024%2C769&ssl=1&resize=350%2C200 1x, https:\/\/i0.wp.com\/noticiasribeiraopreto.com.br\/wp-content\/uploads\/2025\/12\/chuva_mudanca_tempo_05_2025-04-08_20-53-35_jpg_2025-04-08_20-53-35-1024x769.webp.webp?fit=1024%2C769&ssl=1&resize=525%2C300 1.5x, https:\/\/i0.wp.com\/noticiasribeiraopreto.com.br\/wp-content\/uploads\/2025\/12\/chuva_mudanca_tempo_05_2025-04-08_20-53-35_jpg_2025-04-08_20-53-35-1024x769.webp.webp?fit=1024%2C769&ssl=1&resize=700%2C400 2x"},"classes":[]},{"id":61712,"url":"https:\/\/noticiasribeiraopreto.com.br\/index.php\/2024\/12\/19\/com-frente-fria-alerta-de-tempestade-e-emitido-para-sp-veja-regioes\/","url_meta":{"origin":91160,"position":4},"title":"Com frente fria, alerta de tempestade \u00e9 emitido para SP; Veja regi\u00f5es","author":"noticiasribeiraopreto.com.br","date":"19 de December de 2024","format":false,"excerpt":"Devido \u00e0 forma\u00e7\u00e3o de uma nova frente fria, o Inmet emitiu um alerta de perigo potencial para tempestade em diversas regi\u00f5es do estado S\u00e3o Paulo, nesta quinta-feira (19). De acordo com a Climatempo, uma \u00e1rea de baixa press\u00e3o sobre o mar dar\u00e1 origem a uma frente fria mar\u00edtima neste final\u2026","rel":"","context":"In &quot;Not\u00edcias de Ribeir\u00e3o Preto-SP e Regi\u00e3o&quot;","block_context":{"text":"Not\u00edcias de Ribeir\u00e3o Preto-SP e Regi\u00e3o","link":"https:\/\/noticiasribeiraopreto.com.br\/index.php\/category\/noticias-de-ribeirao-preto-sp-e-regiao-ismael-colosi\/"},"img":{"alt_text":"","src":"https:\/\/i0.wp.com\/noticiasribeiraopreto.com.br\/wp-content\/uploads\/2024\/11\/chuva_sexta_06_2024-11-29_16-33-16.webp.webp?fit=1024%2C768&ssl=1&resize=350%2C200","width":350,"height":200,"srcset":"https:\/\/i0.wp.com\/noticiasribeiraopreto.com.br\/wp-content\/uploads\/2024\/11\/chuva_sexta_06_2024-11-29_16-33-16.webp.webp?fit=1024%2C768&ssl=1&resize=350%2C200 1x, https:\/\/i0.wp.com\/noticiasribeiraopreto.com.br\/wp-content\/uploads\/2024\/11\/chuva_sexta_06_2024-11-29_16-33-16.webp.webp?fit=1024%2C768&ssl=1&resize=525%2C300 1.5x, https:\/\/i0.wp.com\/noticiasribeiraopreto.com.br\/wp-content\/uploads\/2024\/11\/chuva_sexta_06_2024-11-29_16-33-16.webp.webp?fit=1024%2C768&ssl=1&resize=700%2C400 2x"},"classes":[]},{"id":76971,"url":"https:\/\/noticiasribeiraopreto.com.br\/index.php\/2025\/09\/09\/interior-de-sp-esta-em-alerta-para-tempestade-confira-regioes\/","url_meta":{"origin":91160,"position":5},"title":"Interior de SP est\u00e1 em alerta para tempestade; Confira regi\u00f5es","author":"noticiasribeiraopreto.com.br","date":"9 de September de 2025","format":false,"excerpt":"O interior de S\u00e3o Paulo est\u00e1 em alerta de perigo potencial para tempestades. O aviso, emitido pelo Inmet (Instituto Nacional de Meteorologia) na manh\u00e3 desta ter\u00e7a-feira (9), \u00e9 v\u00e1lido at\u00e9 o fim do dia. Um ciclone extratropical formado no Sul do pa\u00eds provoca forte ventania em diversas regi\u00f5es do estado\u2026","rel":"","context":"In &quot;Not\u00edcias de Ribeir\u00e3o Preto-SP e Regi\u00e3o&quot;","block_context":{"text":"Not\u00edcias de Ribeir\u00e3o Preto-SP e Regi\u00e3o","link":"https:\/\/noticiasribeiraopreto.com.br\/index.php\/category\/noticias-de-ribeirao-preto-sp-e-regiao-ismael-colosi\/"},"img":{"alt_text":"","src":"https:\/\/i0.wp.com\/noticiasribeiraopreto.com.br\/wp-content\/uploads\/2025\/09\/alerta-inmet-tempestade_2025-09-09_15-16-25.webp.webp?fit=495%2C347&ssl=1&resize=350%2C200","width":350,"height":200},"classes":[]}],"jetpack_sharing_enabled":true,"jetpack_shortlink":"https:\/\/wp.me\/peQAOb-nIk","jetpack_featured_media_url":"https:\/\/i0.wp.com\/noticiasribeiraopreto.com.br\/wp-content\/uploads\/2026\/09\/alerta-tempestade-sp-inmet-2.jpg?fit=1200%2C675&ssl=1","_links":{"self":[{"href":"https:\/\/noticiasribeiraopreto.com.br\/index.php\/wp-json\/wp\/v2\/posts\/91160","targetHints":{"allow":["GET"]}}],"collection":[{"href":"https:\/\/noticiasribeiraopreto.com.br\/index.php\/wp-json\/wp\/v2\/posts"}],"about":[{"href":"https:\/\/noticiasribeiraopreto.com.br\/index.php\/wp-json\/wp\/v2\/types\/post"}],"author":[{"embeddable":true,"href":"https:\/\/noticiasribeiraopreto.com.br\/index.php\/wp-json\/wp\/v2\/users\/1"}],"replies":[{"embeddable":true,"href":"https:\/\/noticiasribeiraopreto.com.br\/index.php\/wp-json\/wp\/v2\/comments?post=91160"}],"version-history":[{"count":0,"href":"https:\/\/noticiasribeiraopreto.com.br\/index.php\/wp-json\/wp\/v2\/posts\/91160\/revisions"}],"wp:featuredmedia":[{"embeddable":true,"href":"https:\/\/noticiasribeiraopreto.com.br\/index.php\/wp-json\/wp\/v2\/media\/91161"}],"wp:attachment":[{"href":"https:\/\/noticiasribeiraopreto.com.br\/index.php\/wp-json\/wp\/v2\/media?parent=91160"}],"wp:term":[{"taxonomy":"category","embeddable":true,"href":"https:\/\/noticiasribeiraopreto.com.br\/index.php\/wp-json\/wp\/v2\/categories?post=91160"},{"taxonomy":"post_tag","embeddable":true,"href":"https:\/\/noticiasribeiraopreto.com.br\/index.php\/wp-json\/wp\/v2\/tags?post=91160"}],"curies":[{"name":"wp","href":"https:\/\/api.w.org\/{rel}","templated":true}]}}