{"id":91162,"date":"2026-09-05T14:58:17","date_gmt":"2026-09-05T17:58:17","guid":{"rendered":"https:\/\/noticiasribeiraopreto.com.br\/index.php\/2026\/09\/05\/cpfl-flagra-lanchonete-furtando-energia-em-ribeirao-preto\/"},"modified":"2026-09-05T14:58:17","modified_gmt":"2026-09-05T17:58:17","slug":"cpfl-flagra-lanchonete-furtando-energia-em-ribeirao-preto","status":"publish","type":"post","link":"https:\/\/noticiasribeiraopreto.com.br\/index.php\/2026\/09\/05\/cpfl-flagra-lanchonete-furtando-energia-em-ribeirao-preto\/","title":{"rendered":"CPFL flagra lanchonete furtando energia em Ribeir\u00e3o Preto"},"content":{"rendered":"<div class='code-block code-block-1' style='margin: 8px 0 8px auto; text-align: right; display: block; clear: both;'>\n<p><a href=\"https:\/\/wa.link\/vpicfd\"><img data-recalc-dims=\"1\" class=\"wp-image-4922\" style=\"aspect-ratio: 2.0253164556962027; width: 561px; height: auto;\" src=\"https:\/\/i0.wp.com\/ismaelcolosi.com.br\/wp-content\/uploads\/2023\/11\/grupo-de-empregos-whatsapp-e-facebook-ismael-colosi-vagas.jpg?ssl=1\" alt=\"\" \/><\/a><\/p>\n<!-- \/wp:image -->\n<\/div>\n<p> <br \/>\n<\/p>\n<p>Uma <strong>lanchonete <\/strong>pertencente a uma rede de fast food foi flagrada <strong>furtando energia el\u00e9trica<\/strong> durante uma opera\u00e7\u00e3o realizada pela <strong>CPFL <\/strong>em conjunto com as <strong>for\u00e7as policiais<\/strong> no Jardim S\u00e3o Lu\u00eds, zona Sul de <strong>Ribeir\u00e3o Preto<\/strong>, nessa sexta-feira (4).<\/p>\n<p>Segundo a distribuidora, <strong>a fraude ocorria por meio de uma liga\u00e7\u00e3o direta \u00e0 rede el\u00e9trica, sem a passagem pelo medidor de consumo.<\/strong><\/p>\n<p>Ap\u00f3s a constata\u00e7\u00e3o da irregularidade, t\u00e9cnicos da companhia realizaram o desligamento definitivo da liga\u00e7\u00e3o clandestina e retiraram os equipamentos utilizados no local. <strong><mark class=\"has-inline-color\">O nome do local n\u00e3o foi divulgado.<\/mark><\/strong><\/p>\n<p>Vale lembrar que o <strong>furto de energia \u00e9 crime e, desde 2026, a pena passou a ser de um a seis anos de pris\u00e3o, al\u00e9m de multa<\/strong>. Em casos de flagrante, a decis\u00e3o sobre fian\u00e7a ou liberdade provis\u00f3ria cabe \u00e0 Justi\u00e7a.<\/p>\n<figure class=\"wp-block-gallery has-nested-images columns-default is-cropped wp-block-gallery-1 is-layout-flex wp-block-gallery-is-layout-flex\">\n<figure class=\"wp-block-image size-large\"><figcaption class=\"wp-element-caption\">Foto ilustrativa: divulga\u00e7\u00e3o\/ CPFL<\/figcaption><\/figure>\n<figure class=\"wp-block-image size-large\"><img data-recalc-dims=\"1\" loading=\"lazy\" decoding=\"async\" width=\"1024\" height=\"576\" data-id=\"173850\" src=\"https:\/\/i0.wp.com\/www.acidadeon.com\/ribeiraopreto\/wp-content\/uploads\/sites\/3\/2026\/09\/gato-lanchonete-cpfl-1-1024x576.jpg?resize=1024%2C576&#038;ssl=1\" alt=\"Foto ilustrativa: divulga\u00e7\u00e3o\/ CPFL\" class=\"wp-image-173850\" title=\"CPFL flagra lanchonete furtando energia em Ribeir\u00e3o Preto 2\"><figcaption class=\"wp-element-caption\">Foto ilustrativa: divulga\u00e7\u00e3o\/ CPFL<\/figcaption><\/figure>\n<\/figure>\n<p class=\"has-text-align-center has-cyan-bluish-gray-background-color has-background\"><em>Receba not\u00edcias do\u00a0<strong>acidade on Ribeir\u00e3o\u00a0<\/strong>no WhatsApp e fique por dentro de tudo! Basta acessar o link<a href=\"https:\/\/chat.whatsapp.com\/DfXwcjKVIddHUT3BvnQuPZ?mode=hqctshi\" target=\"_blank\" rel=\"noreferrer noopener\">\u00a0aqui<\/a>!<\/em><\/p>\n<h2 class=\"wp-block-heading\"><strong>Opera\u00e7\u00e3o identificou liga\u00e7\u00e3o irregular<\/strong><\/h2>\n<p>De acordo com a <strong>CPFL<\/strong>, a a\u00e7\u00e3o faz parte do trabalho permanente de<strong> combate ao furto de energia e \u00e0s irregularidades que afetam a rede el\u00e9trica<\/strong>.<\/p>\n<p>As fraudes s\u00e3o identificadas por meio de inspe\u00e7\u00f5es em campo, an\u00e1lises t\u00e9cnicas, den\u00fancias feitas pela popula\u00e7\u00e3o e opera\u00e7\u00f5es realizadas em conjunto com as autoridades policiais.<\/p>\n<p>Em nota, o gerente de Recupera\u00e7\u00e3o de Energia e Receita da CPFL Energia, Victor Rios, afirmou que as irregularidades v\u00e3o al\u00e9m do preju\u00edzo financeiro causado pelo desvio de energia.<\/p>\n<blockquote class=\"wp-block-quote is-layout-flow wp-block-quote-is-layout-flow\">\n<p>\u201cA identifica\u00e7\u00e3o dessas irregularidades vai muito al\u00e9m da recupera\u00e7\u00e3o da energia desviada. Estamos falando de situa\u00e7\u00f5es que podem comprometer a seguran\u00e7a das instala\u00e7\u00f5es, afetar a qualidade do fornecimento e colocar em risco quem realiza a interven\u00e7\u00e3o e tamb\u00e9m as pessoas ao redor.\u201d<\/p>\n<\/blockquote>\n<h3 class=\"wp-block-heading\"><strong>Regi\u00e3o de Ribeir\u00e3o Preto registrou mais de 300 irregularidades<\/strong><\/h3>\n<p>No primeiro semestre de 2026, foram identificadas 1.436 irregularidades em toda a \u00e1rea de concess\u00e3o da CPFL Paulista.<\/p>\n<p>De acordo com a empresa, no mesmo per\u00edodo, mais de 2 milh\u00f5es de kWh foram recuperados, volume suficiente para abastecer cerca de 905 resid\u00eancias durante um ano.<\/p>\n<p><strong>Na regi\u00e3o de Ribeir\u00e3o Preto, a companhia registrou 323 irregularidades <\/strong>e recuperou aproximadamente 637 mil kWh. <strong><mark class=\"has-inline-color\">Apenas no munic\u00edpio de Ribeir\u00e3o Preto foram contabilizados 94 casos<\/mark><\/strong> e 63,5 mil kWh recuperados.<\/p>\n<figure class=\"wp-block-image size-large\"><img data-recalc-dims=\"1\" loading=\"lazy\" decoding=\"async\" width=\"1024\" height=\"575\" src=\"https:\/\/i0.wp.com\/www.acidadeon.com\/ribeiraopreto\/wp-content\/uploads\/sites\/3\/2026\/09\/gato-energia-eletrica-1024x575.jpeg?resize=1024%2C575&#038;ssl=1\" alt=\"gato de energia\" class=\"wp-image-173444\" title=\"CPFL flagra lanchonete furtando energia em Ribeir\u00e3o Preto 3\"><figcaption class=\"wp-element-caption\">Gatos de energia causam preju\u00edzo de mais de R$ 11 bilh\u00f5es (Foto: Divulga\u00e7\u00e3o\/CPFL Energia)<\/figcaption><\/figure>\n<p class=\"has-text-align-center has-cyan-bluish-gray-background-color has-background\"><em>Fa\u00e7a uma den\u00fancia ou sugira uma reportagem sobre\u00a0<strong>Ribeir\u00e3o Preto\u00a0<\/strong>e regi\u00e3o por meio do WhatsApp do\u00a0<strong>acidade on Ribeir\u00e3o<\/strong>: (16) 99117-7802.<\/em><\/p>\n<\/p>\n<p>O post CPFL flagra lanchonete furtando energia em Ribeir\u00e3o Preto apareceu primeiro em ACidade ON Ribeir\u00e3o Preto.<\/p>\n<p><br \/>\n<br \/><a href=\"https:\/\/www.acidadeon.com\/ribeiraopreto\/cotidiano\/cpfl-flagra-lanchonete-furtando-energia-em-ribeirao-preto\/\">Link para o texto original aqui <\/a><\/p>\n<!-- CONTENT END 1 -->\n","protected":false},"excerpt":{"rendered":"<p>Uma lanchonete pertencente a uma rede de fast food foi flagrada furtando energia el\u00e9trica durante uma opera\u00e7\u00e3o realizada pela CPFL em conjunto com as for\u00e7as&#8230;<\/p>\n","protected":false},"author":1,"featured_media":91163,"comment_status":"","ping_status":"","sticky":false,"template":"","format":"standard","meta":{"advanced_seo_description":"","jetpack_seo_html_title":"","jetpack_seo_noindex":false,"jetpack_seo_schema_type":"","_jetpack_newsletter_access":"","_jetpack_dont_email_post_to_subs":false,"_jetpack_newsletter_tier_id":0,"_jetpack_memberships_contains_paywalled_content":false,"_jetpack_feature_clip_id":0,"_jetpack_memberships_contains_paid_content":false,"footnotes":"","jetpack_publicize_message":"","jetpack_publicize_feature_enabled":true,"jetpack_social_post_already_shared":true,"jetpack_social_options":{"image_generator_settings":{"template":"highway","default_image_id":0,"font":"","enabled":false},"version":2},"jetpack_post_was_ever_published":false},"categories":[11],"tags":[1631,723,3488,2142,3042,27,26],"class_list":["post-91162","post","type-post","status-publish","format-standard","has-post-thumbnail","hentry","category-noticias-de-ribeirao-preto-sp-e-regiao-ismael-colosi","tag-cpfl","tag-energia","tag-flagra","tag-furtando","tag-lanchonete","tag-preto","tag-ribeirao"],"jetpack_publicize_connections":[],"jetpack-related-posts":[{"id":15689,"url":"https:\/\/noticiasribeiraopreto.com.br\/index.php\/2023\/12\/14\/rede-de-mercado-da-regiao-e-flagrada-furtando-energia\/","url_meta":{"origin":91162,"position":0},"title":"Rede de mercado da regi\u00e3o \u00e9 flagrada furtando energia","author":"noticiasribeiraopreto.com.br","date":"14 de December de 2023","format":false,"excerpt":"Tr\u00eas lojas da rede de supermercados foram autuadas por furto de energia el\u00e9trica, o popular gato 14 de dezembro de 2023 | 7:0614 de dezembro de 2023 | 7:04 1Por: Adalberto LuqueUma opera\u00e7\u00e3o da Pol\u00edcia Civil, em parceria com a CPFL Paulista (distribuidora de energia el\u00e9trica na regi\u00e3o) flagrou, nesta\u2026","rel":"","context":"In &quot;Not\u00edcias de Ribeir\u00e3o Preto-SP e Regi\u00e3o&quot;","block_context":{"text":"Not\u00edcias de Ribeir\u00e3o Preto-SP e Regi\u00e3o","link":"https:\/\/noticiasribeiraopreto.com.br\/index.php\/category\/noticias-de-ribeirao-preto-sp-e-regiao-ismael-colosi\/"},"img":{"alt_text":"","src":"https:\/\/i0.wp.com\/noticiasribeiraopreto.com.br\/wp-content\/uploads\/2023\/12\/00-14-dez-2023-gato-cajuru-foto-cpfl-divulgacao-scaled.jpg?fit=963%2C645&ssl=1&resize=350%2C200","width":350,"height":200,"srcset":"https:\/\/i0.wp.com\/noticiasribeiraopreto.com.br\/wp-content\/uploads\/2023\/12\/00-14-dez-2023-gato-cajuru-foto-cpfl-divulgacao-scaled.jpg?fit=963%2C645&ssl=1&resize=350%2C200 1x, https:\/\/i0.wp.com\/noticiasribeiraopreto.com.br\/wp-content\/uploads\/2023\/12\/00-14-dez-2023-gato-cajuru-foto-cpfl-divulgacao-scaled.jpg?fit=963%2C645&ssl=1&resize=525%2C300 1.5x, https:\/\/i0.wp.com\/noticiasribeiraopreto.com.br\/wp-content\/uploads\/2023\/12\/00-14-dez-2023-gato-cajuru-foto-cpfl-divulgacao-scaled.jpg?fit=963%2C645&ssl=1&resize=700%2C400 2x"},"classes":[]},{"id":65882,"url":"https:\/\/noticiasribeiraopreto.com.br\/index.php\/2025\/03\/25\/cpfl-flagra-furto-de-energia-em-comercios-na-regiao-de-ribeirao-preto\/","url_meta":{"origin":91162,"position":1},"title":"CPFL flagra furto de energia em com\u00e9rcios na regi\u00e3o de Ribeir\u00e3o Preto","author":"noticiasribeiraopreto.com.br","date":"25 de March de 2025","format":false,"excerpt":"A CPFL Paulista constatou fraude ou furto de energia em oito estabelecimentos comerciais durante uma opera\u00e7\u00e3o nesta segunda-feira (24), em Serrana, na regi\u00e3o de Ribeir\u00e3o Preto. Segundo a concession\u00e1ria, foram vistoriados 11 com\u00e9rcios em diferentes bairros da cidade, entre os quais duas redes de supermercados. Os nomes dos estabelecimentos com\u2026","rel":"","context":"In &quot;Not\u00edcias de Ribeir\u00e3o Preto-SP e Regi\u00e3o&quot;","block_context":{"text":"Not\u00edcias de Ribeir\u00e3o Preto-SP e Regi\u00e3o","link":"https:\/\/noticiasribeiraopreto.com.br\/index.php\/category\/noticias-de-ribeirao-preto-sp-e-regiao-ismael-colosi\/"},"img":{"alt_text":"","src":"https:\/\/i0.wp.com\/noticiasribeiraopreto.com.br\/wp-content\/uploads\/2025\/03\/tecnico-eletricista.jpg?fit=1200%2C800&ssl=1&resize=350%2C200","width":350,"height":200,"srcset":"https:\/\/i0.wp.com\/noticiasribeiraopreto.com.br\/wp-content\/uploads\/2025\/03\/tecnico-eletricista.jpg?fit=1200%2C800&ssl=1&resize=350%2C200 1x, https:\/\/i0.wp.com\/noticiasribeiraopreto.com.br\/wp-content\/uploads\/2025\/03\/tecnico-eletricista.jpg?fit=1200%2C800&ssl=1&resize=525%2C300 1.5x, https:\/\/i0.wp.com\/noticiasribeiraopreto.com.br\/wp-content\/uploads\/2025\/03\/tecnico-eletricista.jpg?fit=1200%2C800&ssl=1&resize=700%2C400 2x, https:\/\/i0.wp.com\/noticiasribeiraopreto.com.br\/wp-content\/uploads\/2025\/03\/tecnico-eletricista.jpg?fit=1200%2C800&ssl=1&resize=1050%2C600 3x"},"classes":[]},{"id":88828,"url":"https:\/\/noticiasribeiraopreto.com.br\/index.php\/2026\/07\/25\/ribeirao-preto-ainda-tem-24-mil-clientes-sem-energia-eletrica\/","url_meta":{"origin":91162,"position":2},"title":"Ribeir\u00e3o Preto ainda tem 24 mil clientes sem energia el\u00e9trica","author":"noticiasribeiraopreto.com.br","date":"25 de July de 2026","format":false,"excerpt":"A CPFL Paulista informou no in\u00edcio da noite deste s\u00e1bado (25) que 24 mil clientes em Ribeir\u00e3o Preto seguem sem energia el\u00e9trica ap\u00f3s o vendaval que atingiu a cidade na madrugada da \u00faltima sexta-feira (24). Receba not\u00edcias do\u00a0acidade on Ribeir\u00e3o\u00a0no WhatsApp e fique por dentro de tudo! Basta acessar o\u2026","rel":"","context":"In &quot;Not\u00edcias de Ribeir\u00e3o Preto-SP e Regi\u00e3o&quot;","block_context":{"text":"Not\u00edcias de Ribeir\u00e3o Preto-SP e Regi\u00e3o","link":"https:\/\/noticiasribeiraopreto.com.br\/index.php\/category\/noticias-de-ribeirao-preto-sp-e-regiao-ismael-colosi\/"},"img":{"alt_text":"","src":"https:\/\/i0.wp.com\/noticiasribeiraopreto.com.br\/wp-content\/uploads\/2026\/07\/energia-cpfl.jpeg?fit=1200%2C663&ssl=1&resize=350%2C200","width":350,"height":200,"srcset":"https:\/\/i0.wp.com\/noticiasribeiraopreto.com.br\/wp-content\/uploads\/2026\/07\/energia-cpfl.jpeg?fit=1200%2C663&ssl=1&resize=350%2C200 1x, https:\/\/i0.wp.com\/noticiasribeiraopreto.com.br\/wp-content\/uploads\/2026\/07\/energia-cpfl.jpeg?fit=1200%2C663&ssl=1&resize=525%2C300 1.5x, https:\/\/i0.wp.com\/noticiasribeiraopreto.com.br\/wp-content\/uploads\/2026\/07\/energia-cpfl.jpeg?fit=1200%2C663&ssl=1&resize=700%2C400 2x, https:\/\/i0.wp.com\/noticiasribeiraopreto.com.br\/wp-content\/uploads\/2026\/07\/energia-cpfl.jpeg?fit=1200%2C663&ssl=1&resize=1050%2C600 3x"},"classes":[]},{"id":84209,"url":"https:\/\/noticiasribeiraopreto.com.br\/index.php\/2026\/04\/04\/passageiros-enfrentam-falta-de-energia-no-aeroporto-de-ribeirao-preto\/","url_meta":{"origin":91162,"position":3},"title":"Passageiros enfrentam falta de energia no aeroporto de Ribeir\u00e3o Preto","author":"noticiasribeiraopreto.com.br","date":"4 de April de 2026","format":false,"excerpt":"00:00 A+ A- Ler o resumo da not\u00edcia Passageiros enfrentam falta de energia no aeroporto de Ribeir\u00e3o Preto Ver essa foto no Instagram Um post compartilhado por acidade on Ribeir\u00e3o (@acidadeonribeirao) Os passageiros que aguardam o embarque no aeroporto Leite Lopes, em Ribeir\u00e3o Preto, neste s\u00e1bado (4), enfrentaram a falta\u2026","rel":"","context":"In &quot;Not\u00edcias de Ribeir\u00e3o Preto-SP e Regi\u00e3o&quot;","block_context":{"text":"Not\u00edcias de Ribeir\u00e3o Preto-SP e Regi\u00e3o","link":"https:\/\/noticiasribeiraopreto.com.br\/index.php\/category\/noticias-de-ribeirao-preto-sp-e-regiao-ismael-colosi\/"},"img":{"alt_text":"","src":"https:\/\/i0.wp.com\/noticiasribeiraopreto.com.br\/wp-content\/uploads\/2026\/04\/queda-energia-aeroporto_2026-04-04_19-43-33.webp.webp?fit=1200%2C674&ssl=1&resize=350%2C200","width":350,"height":200,"srcset":"https:\/\/i0.wp.com\/noticiasribeiraopreto.com.br\/wp-content\/uploads\/2026\/04\/queda-energia-aeroporto_2026-04-04_19-43-33.webp.webp?fit=1200%2C674&ssl=1&resize=350%2C200 1x, https:\/\/i0.wp.com\/noticiasribeiraopreto.com.br\/wp-content\/uploads\/2026\/04\/queda-energia-aeroporto_2026-04-04_19-43-33.webp.webp?fit=1200%2C674&ssl=1&resize=525%2C300 1.5x, https:\/\/i0.wp.com\/noticiasribeiraopreto.com.br\/wp-content\/uploads\/2026\/04\/queda-energia-aeroporto_2026-04-04_19-43-33.webp.webp?fit=1200%2C674&ssl=1&resize=700%2C400 2x, https:\/\/i0.wp.com\/noticiasribeiraopreto.com.br\/wp-content\/uploads\/2026\/04\/queda-energia-aeroporto_2026-04-04_19-43-33.webp.webp?fit=1200%2C674&ssl=1&resize=1050%2C600 3x"},"classes":[]},{"id":80069,"url":"https:\/\/noticiasribeiraopreto.com.br\/index.php\/2025\/11\/13\/cpfl-identifica-fraudes-de-energia-em-bares-e-restaurantes-de-ribeirao-preto\/","url_meta":{"origin":91162,"position":4},"title":"CPFL identifica fraudes de energia em bares e restaurantes de Ribeir\u00e3o Preto","author":"noticiasribeiraopreto.com.br","date":"13 de November de 2025","format":false,"excerpt":"Equipes da CPFL Paulista identificaram liga\u00e7\u00f5es irregulares de energia em bares e restaurantes de Ribeir\u00e3o Preto. As a\u00e7\u00f5es ocorreram entre o fim de outubro e o in\u00edcio de novembro e abrangeram os bairros Jardim Am\u00e9rica, Jardim Paulistano, Parque Ribeir\u00e3o Preto, Ribeir\u00e3o Verde e Simioni. Durante as vistorias, os t\u00e9cnicos encontraram\u2026","rel":"","context":"In &quot;Not\u00edcias de Ribeir\u00e3o Preto-SP e Regi\u00e3o&quot;","block_context":{"text":"Not\u00edcias de Ribeir\u00e3o Preto-SP e Regi\u00e3o","link":"https:\/\/noticiasribeiraopreto.com.br\/index.php\/category\/noticias-de-ribeirao-preto-sp-e-regiao-ismael-colosi\/"},"img":{"alt_text":"","src":"https:\/\/i0.wp.com\/noticiasribeiraopreto.com.br\/wp-content\/uploads\/2025\/11\/Copia-de-Copia-de-Copia-de-TAMANHO-EXATO-PARA-FOTOS-NO-SISTEMA-NOVO-2025-11-13T181523.749_2025-11-13_21-16-16.webp.webp?fit=1200%2C675&ssl=1&resize=350%2C200","width":350,"height":200,"srcset":"https:\/\/i0.wp.com\/noticiasribeiraopreto.com.br\/wp-content\/uploads\/2025\/11\/Copia-de-Copia-de-Copia-de-TAMANHO-EXATO-PARA-FOTOS-NO-SISTEMA-NOVO-2025-11-13T181523.749_2025-11-13_21-16-16.webp.webp?fit=1200%2C675&ssl=1&resize=350%2C200 1x, https:\/\/i0.wp.com\/noticiasribeiraopreto.com.br\/wp-content\/uploads\/2025\/11\/Copia-de-Copia-de-Copia-de-TAMANHO-EXATO-PARA-FOTOS-NO-SISTEMA-NOVO-2025-11-13T181523.749_2025-11-13_21-16-16.webp.webp?fit=1200%2C675&ssl=1&resize=525%2C300 1.5x, https:\/\/i0.wp.com\/noticiasribeiraopreto.com.br\/wp-content\/uploads\/2025\/11\/Copia-de-Copia-de-Copia-de-TAMANHO-EXATO-PARA-FOTOS-NO-SISTEMA-NOVO-2025-11-13T181523.749_2025-11-13_21-16-16.webp.webp?fit=1200%2C675&ssl=1&resize=700%2C400 2x, https:\/\/i0.wp.com\/noticiasribeiraopreto.com.br\/wp-content\/uploads\/2025\/11\/Copia-de-Copia-de-Copia-de-TAMANHO-EXATO-PARA-FOTOS-NO-SISTEMA-NOVO-2025-11-13T181523.749_2025-11-13_21-16-16.webp.webp?fit=1200%2C675&ssl=1&resize=1050%2C600 3x"},"classes":[]},{"id":57577,"url":"https:\/\/noticiasribeiraopreto.com.br\/index.php\/2024\/09\/04\/queimada-provoca-queda-de-energia-na-regiao-de-ribeirao\/","url_meta":{"origin":91162,"position":5},"title":"Queimada provoca queda de energia na regi\u00e3o de Ribeir\u00e3o","author":"noticiasribeiraopreto.com.br","date":"4 de September de 2024","format":false,"excerpt":"A CPFL Paulista informou que uma queimada registrada na regi\u00e3o provocou interrup\u00e7\u00f5es moment\u00e2neas de energia para alguns moradores das cidades de Ribeir\u00e3o Preto, Brodowski e Jardin\u00f3polis, na tarde desta quarta-feira (4). De acordo com a concession\u00e1ria, foi registrado um ponto de grande queimada em uma \u00e1rea de vegeta\u00e7\u00e3o pr\u00f3xima a\u2026","rel":"","context":"In &quot;Not\u00edcias de Ribeir\u00e3o Preto-SP e Regi\u00e3o&quot;","block_context":{"text":"Not\u00edcias de Ribeir\u00e3o Preto-SP e Regi\u00e3o","link":"https:\/\/noticiasribeiraopreto.com.br\/index.php\/category\/noticias-de-ribeirao-preto-sp-e-regiao-ismael-colosi\/"},"img":{"alt_text":"","src":"https:\/\/i0.wp.com\/noticiasribeiraopreto.com.br\/wp-content\/uploads\/2024\/08\/queimada-pitangueiras-sertaozinho_2024-08-22_16-55-50_jpeg_2024-08-22_16-55-50.webp.webp?fit=1200%2C675&ssl=1&resize=350%2C200","width":350,"height":200,"srcset":"https:\/\/i0.wp.com\/noticiasribeiraopreto.com.br\/wp-content\/uploads\/2024\/08\/queimada-pitangueiras-sertaozinho_2024-08-22_16-55-50_jpeg_2024-08-22_16-55-50.webp.webp?fit=1200%2C675&ssl=1&resize=350%2C200 1x, https:\/\/i0.wp.com\/noticiasribeiraopreto.com.br\/wp-content\/uploads\/2024\/08\/queimada-pitangueiras-sertaozinho_2024-08-22_16-55-50_jpeg_2024-08-22_16-55-50.webp.webp?fit=1200%2C675&ssl=1&resize=525%2C300 1.5x, https:\/\/i0.wp.com\/noticiasribeiraopreto.com.br\/wp-content\/uploads\/2024\/08\/queimada-pitangueiras-sertaozinho_2024-08-22_16-55-50_jpeg_2024-08-22_16-55-50.webp.webp?fit=1200%2C675&ssl=1&resize=700%2C400 2x, https:\/\/i0.wp.com\/noticiasribeiraopreto.com.br\/wp-content\/uploads\/2024\/08\/queimada-pitangueiras-sertaozinho_2024-08-22_16-55-50_jpeg_2024-08-22_16-55-50.webp.webp?fit=1200%2C675&ssl=1&resize=1050%2C600 3x"},"classes":[]}],"jetpack_sharing_enabled":true,"jetpack_shortlink":"https:\/\/wp.me\/peQAOb-nIm","jetpack_featured_media_url":"https:\/\/i0.wp.com\/noticiasribeiraopreto.com.br\/wp-content\/uploads\/2026\/09\/CPFL.jpg?fit=1200%2C675&ssl=1","_links":{"self":[{"href":"https:\/\/noticiasribeiraopreto.com.br\/index.php\/wp-json\/wp\/v2\/posts\/91162","targetHints":{"allow":["GET"]}}],"collection":[{"href":"https:\/\/noticiasribeiraopreto.com.br\/index.php\/wp-json\/wp\/v2\/posts"}],"about":[{"href":"https:\/\/noticiasribeiraopreto.com.br\/index.php\/wp-json\/wp\/v2\/types\/post"}],"author":[{"embeddable":true,"href":"https:\/\/noticiasribeiraopreto.com.br\/index.php\/wp-json\/wp\/v2\/users\/1"}],"replies":[{"embeddable":true,"href":"https:\/\/noticiasribeiraopreto.com.br\/index.php\/wp-json\/wp\/v2\/comments?post=91162"}],"version-history":[{"count":0,"href":"https:\/\/noticiasribeiraopreto.com.br\/index.php\/wp-json\/wp\/v2\/posts\/91162\/revisions"}],"wp:featuredmedia":[{"embeddable":true,"href":"https:\/\/noticiasribeiraopreto.com.br\/index.php\/wp-json\/wp\/v2\/media\/91163"}],"wp:attachment":[{"href":"https:\/\/noticiasribeiraopreto.com.br\/index.php\/wp-json\/wp\/v2\/media?parent=91162"}],"wp:term":[{"taxonomy":"category","embeddable":true,"href":"https:\/\/noticiasribeiraopreto.com.br\/index.php\/wp-json\/wp\/v2\/categories?post=91162"},{"taxonomy":"post_tag","embeddable":true,"href":"https:\/\/noticiasribeiraopreto.com.br\/index.php\/wp-json\/wp\/v2\/tags?post=91162"}],"curies":[{"name":"wp","href":"https:\/\/api.w.org\/{rel}","templated":true}]}}