{"id":91164,"date":"2026-09-05T15:14:50","date_gmt":"2026-09-05T18:14:50","guid":{"rendered":"https:\/\/noticiasribeiraopreto.com.br\/index.php\/2026\/09\/05\/ribeirao-recebe-espetaculo-gratuito-que-mistura-humor-e-elementos-circenses\/"},"modified":"2026-09-05T15:14:50","modified_gmt":"2026-09-05T18:14:50","slug":"ribeirao-recebe-espetaculo-gratuito-que-mistura-humor-e-elementos-circenses","status":"publish","type":"post","link":"https:\/\/noticiasribeiraopreto.com.br\/index.php\/2026\/09\/05\/ribeirao-recebe-espetaculo-gratuito-que-mistura-humor-e-elementos-circenses\/","title":{"rendered":"Ribeir\u00e3o recebe espet\u00e1culo gratuito que mistura humor e elementos circenses"},"content":{"rendered":"<div class='code-block code-block-1' style='margin: 8px 0 8px auto; text-align: right; display: block; clear: both;'>\n<p><a href=\"https:\/\/wa.link\/vpicfd\"><img data-recalc-dims=\"1\" class=\"wp-image-4922\" style=\"aspect-ratio: 2.0253164556962027; width: 561px; height: auto;\" src=\"https:\/\/i0.wp.com\/ismaelcolosi.com.br\/wp-content\/uploads\/2023\/11\/grupo-de-empregos-whatsapp-e-facebook-ismael-colosi-vagas.jpg?ssl=1\" alt=\"\" \/><\/a><\/p>\n<!-- \/wp:image -->\n<\/div>\n<p> <br \/>\n<\/p>\n<p>O <strong>Grupo Teatral Bagacena<\/strong>, de <strong>Ribeir\u00e3o Preto<\/strong>, estreia o espet\u00e1culo <strong>\u201cLargados e Fardados\u201d<\/strong>, com apresenta\u00e7\u00f5es gratuitas em diferentes locais da cidade nos dias <strong>11, 12 e 13 de setembro<\/strong> \u2013 veja logo abaixo.<\/p>\n<p>A obra combina elementos <strong>c\u00f4micos <\/strong>e <strong>circenses <\/strong>para retratar o <strong>cotidiano de tr\u00eas palha\u00e7os-soldados<\/strong> \u2014 Escopeta, Cartucho e Carni\u00e7a \u2014 presos em uma trincheira sob o comando de um capit\u00e3o.<\/p>\n<p>Perdidos em meio a tiros, granadas e ordens gen\u00e9ricas de combate, <mark class=\"has-inline-color\">os personagens questionam quem realmente \u00e9 o inimigo e fazem uma s\u00e1tira sobre como os interesses dos mais ricos acabam sendo resolvidos pelos mais pobres.<\/mark><\/p>\n<p>Al\u00e9m de reunir n\u00fameros de malabares, o espet\u00e1culo utiliza o humor para refletir sobre a \u201cguerra social\u201d presente no cotidiano, tra\u00e7ando paralelos entre os conflitos armados e as disputas di\u00e1rias nas rela\u00e7\u00f5es humanas. A montagem tem como foco levar produ\u00e7\u00f5es art\u00edsticas para regi\u00f5es perif\u00e9ricas da cidade.<\/p>\n<figure class=\"wp-block-image size-large\"><figcaption class=\"wp-element-caption\">Novo espet\u00e1culo \u201cLargados e Fardados\u201d \u2013 Imagem: divulga\u00e7\u00e3o<\/figcaption><\/figure>\n<p class=\"has-very-light-gray-to-cyan-bluish-gray-gradient-background has-background\"><em>Receba not\u00edcias do\u00a0<strong>acidade on Ribeir\u00e3o\u00a0<\/strong>no WhatsApp e fique por dentro de tudo! Basta acessar o link<a href=\"https:\/\/chat.whatsapp.com\/DfXwcjKVIddHUT3BvnQuPZ?mode=hqctshi\" target=\"_blank\" rel=\"noreferrer noopener\">\u00a0aqui<\/a>!<\/em><\/p>\n<h2 class=\"wp-block-heading\"><strong>Quais s\u00e3o os hor\u00e1rios das apresenta\u00e7\u00f5es do espet\u00e1culo?<\/strong><\/h2>\n<ul class=\"wp-block-list\">\n<li><strong>Sexta-feira (11), \u00e0s 19h: <\/strong>Centro Cultural Quintino II \u2013 rua Ernesto Petersen, 36 \u2013 Quintino Facci<br \/>II<\/li>\n<\/ul>\n<ul class=\"wp-block-list\">\n<li><strong>S\u00e1bado (12), \u00e0s 17h:<\/strong> Centro Cultural Campos El\u00edseos \u2013 rua Capit\u00e3o Salom\u00e3o, 250 \u2013<br \/>Campos El\u00edseos<\/li>\n<\/ul>\n<ul class=\"wp-block-list\">\n<li><strong>Domingo (13), \u00e0s 17h:<\/strong> CEU das Artes Florestan Fernandes \u2013 rua Benedito Jacinto de Souza,<br \/>330 \u2013 Jardim Florestan Fernandes \u2013 ACESS\u00cdVEL EM LIBRAS<\/li>\n<\/ul>\n<p><mark class=\"has-inline-color\">As apresenta\u00e7\u00f5es possuem dura\u00e7\u00e3o de 70 minutos e classifica\u00e7\u00e3o indicativa para maiores de 10 anos<\/mark>.<\/p>\n<h2 class=\"wp-block-heading\"><strong>Ficha T\u00e9cnica e Circula\u00e7\u00e3o<\/strong><\/h2>\n<p>Com cria\u00e7\u00e3o colaborativa do Grupo Bagacena e provoca\u00e7\u00e3o em palha\u00e7aria de Neto Doneg\u00e1 (Palha\u00e7o Bisgoio), a dramaturgia \u00e9 assinada por Gabriel Barizza. O elenco conta com Barizza, Isadora Aparecida, Lukas Cavalcante, Rafaela Pimentel e Gabriel Amaral.<\/p>\n<figure class=\"wp-block-gallery has-nested-images columns-default is-cropped wp-block-gallery-1 is-layout-flex wp-block-gallery-is-layout-flex\">\n<figure class=\"wp-block-image size-large\"><img data-recalc-dims=\"1\" loading=\"lazy\" decoding=\"async\" width=\"1024\" height=\"576\" data-id=\"173845\" src=\"https:\/\/i0.wp.com\/www.acidadeon.com\/ribeiraopreto\/wp-content\/uploads\/sites\/3\/2026\/09\/Grupo-Teatral-Bagacena-5-1024x576.jpeg?resize=1024%2C576&#038;ssl=1\" alt=\"Grupo Teatral Bagacena - Foto: @gabicubayachi\" class=\"wp-image-173845\" title=\"Ribeir\u00e3o recebe espet\u00e1culo gratuito que mistura humor e elementos circenses 2\"><figcaption class=\"wp-element-caption\">Grupo Teatral Bagacena \u2013 Foto: @gabicubayachi<\/figcaption><\/figure>\n<figure class=\"wp-block-image size-large\"><img data-recalc-dims=\"1\" loading=\"lazy\" decoding=\"async\" width=\"1024\" height=\"576\" data-id=\"173844\" src=\"https:\/\/i0.wp.com\/www.acidadeon.com\/ribeiraopreto\/wp-content\/uploads\/sites\/3\/2026\/09\/Grupo-Teatral-Bagacena-4-1024x576.jpeg?resize=1024%2C576&#038;ssl=1\" alt=\"Grupo Teatral Bagacena - Foto: @gabicubayachi\" class=\"wp-image-173844\" title=\"Ribeir\u00e3o recebe espet\u00e1culo gratuito que mistura humor e elementos circenses 3\"><figcaption class=\"wp-element-caption\">Grupo Teatral Bagacena \u2013 Foto: @gabicubayachi<\/figcaption><\/figure>\n<figure class=\"wp-block-image size-large\"><img data-recalc-dims=\"1\" loading=\"lazy\" decoding=\"async\" width=\"1024\" height=\"576\" data-id=\"173843\" src=\"https:\/\/i0.wp.com\/www.acidadeon.com\/ribeiraopreto\/wp-content\/uploads\/sites\/3\/2026\/09\/Grupo-Teatral-Bagacena-3-1024x576.jpeg?resize=1024%2C576&#038;ssl=1\" alt=\"Grupo Teatral Bagacena - Foto: @gabicubayachi\" class=\"wp-image-173843\" title=\"Ribeir\u00e3o recebe espet\u00e1culo gratuito que mistura humor e elementos circenses 4\"><figcaption class=\"wp-element-caption\">Grupo Teatral Bagacena \u2013 Foto: @gabicubayachi<\/figcaption><\/figure>\n<\/figure>\n<h2 class=\"wp-block-heading\"><strong>Servi\u00e7o<\/strong><\/h2>\n<p><strong>Estreia do espet\u00e1culo \u201cLargados e Fardados\u201d \u2013 Grupo Bagacena<\/strong><\/p>\n<p><strong>Datas: <\/strong>dias 11, 12 e 13 de setembro<br \/><strong>Loca<\/strong>i<strong>s:<\/strong><\/p>\n<ul class=\"wp-block-list\">\n<li>Sexta-feira: Centro Cultural Quintino II (Rua Ernesto Petersen, 36 \u2013 Quintino Facci II)<\/li>\n<\/ul>\n<ul class=\"wp-block-list\">\n<li>S\u00e1bado: Centro Cultural S\u00e1bado: Campos El\u00edseos (Rua Capit\u00e3o Salom\u00e3o, 250 \u2013 Campos El\u00edseos)<\/li>\n<\/ul>\n<ul class=\"wp-block-list\">\n<li>Domingo: CEU das Artes Florestan Fernandes (Rua Benedito Jacinto de Souza, 330 \u2013 Jardim Florestan Fernandes)<\/li>\n<\/ul>\n<p><strong>Classifica\u00e7\u00e3o:<\/strong> Acima de 10 anos.<br \/><strong>Entrada:<\/strong> Gratuita.<\/p>\n<p class=\"has-very-light-gray-to-cyan-bluish-gray-gradient-background has-background\"><em>Fa\u00e7a uma den\u00fancia ou sugira uma reportagem sobre\u00a0<strong>Ribeir\u00e3o Preto\u00a0<\/strong>e regi\u00e3o por meio do WhatsApp do\u00a0<strong>acidade on Ribeir\u00e3o<\/strong>: (16) 99117-7802.<\/em><\/p>\n<\/p>\n<p>O post Ribeir\u00e3o recebe espet\u00e1culo gratuito que mistura humor e elementos circenses apareceu primeiro em ACidade ON Ribeir\u00e3o Preto.<\/p>\n<p><br \/>\n<br \/><a href=\"https:\/\/www.acidadeon.com\/ribeiraopreto\/lazer-e-cultura\/ribeirao-recebe-espetaculo-gratuito-que-mistura-humor-e-elementos-circenses\/\">Link para o texto original aqui <\/a><\/p>\n<!-- CONTENT END 1 -->\n","protected":false},"excerpt":{"rendered":"<p>O Grupo Teatral Bagacena, de Ribeir\u00e3o Preto, estreia o espet\u00e1culo \u201cLargados e Fardados\u201d, com apresenta\u00e7\u00f5es gratuitas em diferentes locais da cidade nos dias 11, 12&#8230;<\/p>\n","protected":false},"author":1,"featured_media":91165,"comment_status":"","ping_status":"","sticky":false,"template":"","format":"standard","meta":{"advanced_seo_description":"","jetpack_seo_html_title":"","jetpack_seo_noindex":false,"jetpack_seo_schema_type":"","_jetpack_newsletter_access":"","_jetpack_dont_email_post_to_subs":false,"_jetpack_newsletter_tier_id":0,"_jetpack_memberships_contains_paywalled_content":false,"_jetpack_feature_clip_id":0,"_jetpack_memberships_contains_paid_content":false,"footnotes":"","jetpack_publicize_message":"","jetpack_publicize_feature_enabled":true,"jetpack_social_post_already_shared":true,"jetpack_social_options":{"image_generator_settings":{"template":"highway","default_image_id":0,"font":"","enabled":false},"version":2},"jetpack_post_was_ever_published":false},"categories":[11],"tags":[8957,8956,2021,361,7605,6177,407,26],"class_list":["post-91164","post","type-post","status-publish","format-standard","has-post-thumbnail","hentry","category-noticias-de-ribeirao-preto-sp-e-regiao-ismael-colosi","tag-circenses","tag-elementos","tag-espetaculo","tag-gratuito","tag-humor","tag-mistura","tag-recebe","tag-ribeirao"],"jetpack_publicize_connections":[],"jetpack-related-posts":[{"id":66731,"url":"https:\/\/noticiasribeiraopreto.com.br\/index.php\/2025\/04\/04\/praca-de-ribeirao-preto-recebe-espetaculo-circense-gratuito-neste-fim-de-semana\/","url_meta":{"origin":91164,"position":0},"title":"Pra\u00e7a de Ribeir\u00e3o Preto recebe espet\u00e1culo circense gratuito neste fim de semana","author":"noticiasribeiraopreto.com.br","date":"4 de April de 2025","format":false,"excerpt":"O projeto \u201cTem Circo na Pra\u00e7a\u201d acontecer\u00e1 neste domingo (6) na Pra\u00e7a do Canh\u00e3o, no Jardim Paulistano, zona Leste de Ribeir\u00e3o Preto. O evento \u00e9 gratuito e come\u00e7a \u00e0s 10h. A Cia. De Lucca Circus j\u00e1 passou pelos bairros Planalto Verde, Vila Tib\u00e9rio, Vila Albertina, Jardim Alexandre Balbo, Vila Abranches,\u2026","rel":"","context":"In &quot;Not\u00edcias de Ribeir\u00e3o Preto-SP e Regi\u00e3o&quot;","block_context":{"text":"Not\u00edcias de Ribeir\u00e3o Preto-SP e Regi\u00e3o","link":"https:\/\/noticiasribeiraopreto.com.br\/index.php\/category\/noticias-de-ribeirao-preto-sp-e-regiao-ismael-colosi\/"},"img":{"alt_text":"","src":"https:\/\/i0.wp.com\/noticiasribeiraopreto.com.br\/wp-content\/uploads\/2025\/04\/Copia-de-Copia-de-Copia-de-TAMANHO-EXATO-PARA-FOTOS-NO-SISTEMA-NOVO-2025-04-04T160942.301_2025-04-04_19-13-30_png_2025-04-04_19-13-30.webp.webp?fit=1200%2C675&ssl=1&resize=350%2C200","width":350,"height":200,"srcset":"https:\/\/i0.wp.com\/noticiasribeiraopreto.com.br\/wp-content\/uploads\/2025\/04\/Copia-de-Copia-de-Copia-de-TAMANHO-EXATO-PARA-FOTOS-NO-SISTEMA-NOVO-2025-04-04T160942.301_2025-04-04_19-13-30_png_2025-04-04_19-13-30.webp.webp?fit=1200%2C675&ssl=1&resize=350%2C200 1x, https:\/\/i0.wp.com\/noticiasribeiraopreto.com.br\/wp-content\/uploads\/2025\/04\/Copia-de-Copia-de-Copia-de-TAMANHO-EXATO-PARA-FOTOS-NO-SISTEMA-NOVO-2025-04-04T160942.301_2025-04-04_19-13-30_png_2025-04-04_19-13-30.webp.webp?fit=1200%2C675&ssl=1&resize=525%2C300 1.5x, https:\/\/i0.wp.com\/noticiasribeiraopreto.com.br\/wp-content\/uploads\/2025\/04\/Copia-de-Copia-de-Copia-de-TAMANHO-EXATO-PARA-FOTOS-NO-SISTEMA-NOVO-2025-04-04T160942.301_2025-04-04_19-13-30_png_2025-04-04_19-13-30.webp.webp?fit=1200%2C675&ssl=1&resize=700%2C400 2x, https:\/\/i0.wp.com\/noticiasribeiraopreto.com.br\/wp-content\/uploads\/2025\/04\/Copia-de-Copia-de-Copia-de-TAMANHO-EXATO-PARA-FOTOS-NO-SISTEMA-NOVO-2025-04-04T160942.301_2025-04-04_19-13-30_png_2025-04-04_19-13-30.webp.webp?fit=1200%2C675&ssl=1&resize=1050%2C600 3x"},"classes":[]},{"id":77647,"url":"https:\/\/noticiasribeiraopreto.com.br\/index.php\/2025\/09\/23\/ribeirao-preto-recebe-festival-circense-com-espetaculos-e-oficina-confira\/","url_meta":{"origin":91164,"position":1},"title":"Ribeir\u00e3o Preto recebe festival circense com espet\u00e1culos e oficina; confira","author":"noticiasribeiraopreto.com.br","date":"23 de September de 2025","format":false,"excerpt":"A companhia circense de\u00a0Piracicaba, MB Circo traz o festival circense gratuito \u201cInterioranos\u201d para Ribeir\u00e3o Preto com espet\u00e1culos e oficina. O evento acontece entre os dias 26 a 28 de setembro, em diversos pontos da cidade, entre os quais, a Central de Circo RP, a Biblioteca Sinh\u00e1 Junqueira e o Parque\u2026","rel":"","context":"In &quot;Not\u00edcias de Ribeir\u00e3o Preto-SP e Regi\u00e3o&quot;","block_context":{"text":"Not\u00edcias de Ribeir\u00e3o Preto-SP e Regi\u00e3o","link":"https:\/\/noticiasribeiraopreto.com.br\/index.php\/category\/noticias-de-ribeirao-preto-sp-e-regiao-ismael-colosi\/"},"img":{"alt_text":"","src":"https:\/\/i0.wp.com\/noticiasribeiraopreto.com.br\/wp-content\/uploads\/2025\/09\/Interioranos_Xinfrim_credito_Diego-Delariva_2025-09-23_13-49-27.webp.webp?fit=1200%2C801&ssl=1&resize=350%2C200","width":350,"height":200,"srcset":"https:\/\/i0.wp.com\/noticiasribeiraopreto.com.br\/wp-content\/uploads\/2025\/09\/Interioranos_Xinfrim_credito_Diego-Delariva_2025-09-23_13-49-27.webp.webp?fit=1200%2C801&ssl=1&resize=350%2C200 1x, https:\/\/i0.wp.com\/noticiasribeiraopreto.com.br\/wp-content\/uploads\/2025\/09\/Interioranos_Xinfrim_credito_Diego-Delariva_2025-09-23_13-49-27.webp.webp?fit=1200%2C801&ssl=1&resize=525%2C300 1.5x, https:\/\/i0.wp.com\/noticiasribeiraopreto.com.br\/wp-content\/uploads\/2025\/09\/Interioranos_Xinfrim_credito_Diego-Delariva_2025-09-23_13-49-27.webp.webp?fit=1200%2C801&ssl=1&resize=700%2C400 2x, https:\/\/i0.wp.com\/noticiasribeiraopreto.com.br\/wp-content\/uploads\/2025\/09\/Interioranos_Xinfrim_credito_Diego-Delariva_2025-09-23_13-49-27.webp.webp?fit=1200%2C801&ssl=1&resize=1050%2C600 3x"},"classes":[]},{"id":70752,"url":"https:\/\/noticiasribeiraopreto.com.br\/index.php\/2025\/05\/29\/cidades-da-regiao-de-ribeirao-preto-recebem-espetaculo-circense-gratuito-veja-locais\/","url_meta":{"origin":91164,"position":2},"title":"Cidades da regi\u00e3o de Ribeir\u00e3o Preto recebem espet\u00e1culo circense gratuito; veja locais","author":"noticiasribeiraopreto.com.br","date":"29 de May de 2025","format":false,"excerpt":"No pr\u00f3ximo dia 1\u00ba de junho, a Cia. De Lucca Circus inicia mais uma temporada com a estreia de \u201cLoopando 7 No Fio\u201d, que passa\u00a0por sete cidades da regi\u00e3o de Ribeir\u00e3o Preto. O espet\u00e1culo \u00e9 uma cria\u00e7\u00e3o autoral do artista De Lucca. \u201cLoopando 7 No Fio\u201d une elementos circenses como\u2026","rel":"","context":"In &quot;Not\u00edcias de Ribeir\u00e3o Preto-SP e Regi\u00e3o&quot;","block_context":{"text":"Not\u00edcias de Ribeir\u00e3o Preto-SP e Regi\u00e3o","link":"https:\/\/noticiasribeiraopreto.com.br\/index.php\/category\/noticias-de-ribeirao-preto-sp-e-regiao-ismael-colosi\/"},"img":{"alt_text":"","src":"https:\/\/i0.wp.com\/noticiasribeiraopreto.com.br\/wp-content\/uploads\/2025\/05\/de-lucca_2025-05-29_14-51-10.webp.webp?fit=1200%2C675&ssl=1&resize=350%2C200","width":350,"height":200,"srcset":"https:\/\/i0.wp.com\/noticiasribeiraopreto.com.br\/wp-content\/uploads\/2025\/05\/de-lucca_2025-05-29_14-51-10.webp.webp?fit=1200%2C675&ssl=1&resize=350%2C200 1x, https:\/\/i0.wp.com\/noticiasribeiraopreto.com.br\/wp-content\/uploads\/2025\/05\/de-lucca_2025-05-29_14-51-10.webp.webp?fit=1200%2C675&ssl=1&resize=525%2C300 1.5x, https:\/\/i0.wp.com\/noticiasribeiraopreto.com.br\/wp-content\/uploads\/2025\/05\/de-lucca_2025-05-29_14-51-10.webp.webp?fit=1200%2C675&ssl=1&resize=700%2C400 2x, https:\/\/i0.wp.com\/noticiasribeiraopreto.com.br\/wp-content\/uploads\/2025\/05\/de-lucca_2025-05-29_14-51-10.webp.webp?fit=1200%2C675&ssl=1&resize=1050%2C600 3x"},"classes":[]},{"id":69342,"url":"https:\/\/noticiasribeiraopreto.com.br\/index.php\/2025\/05\/05\/festival-internacional-de-circo-chega-a-ribeirao-seis-espetaculos-gratuitos-no-teatro-municipal\/","url_meta":{"origin":91164,"position":3},"title":"Festival Internacional de Circo chega a Ribeir\u00e3o: seis espet\u00e1culos gratuitos no Teatro Municipal","author":"noticiasribeiraopreto.com.br","date":"5 de May de 2025","format":false,"excerpt":"Entre os dias 8 e 9 de maio, Ribeir\u00e3o Preto recebe a primeira edi\u00e7\u00e3o do \u201cFestival Internacional de Circo\u201d. Ao todo, s\u00e3o seis espet\u00e1culos, com entrada gratuita. As apresenta\u00e7\u00f5es acontecem no Teatro Municipal de Ribeir\u00e3o Preto. Veja a programa\u00e7\u00e3o: Reciclow Circus Na quinta-feira (8), a programa\u00e7\u00e3o come\u00e7a \u00e0s 9h com\u2026","rel":"","context":"In &quot;Not\u00edcias de Ribeir\u00e3o Preto-SP e Regi\u00e3o&quot;","block_context":{"text":"Not\u00edcias de Ribeir\u00e3o Preto-SP e Regi\u00e3o","link":"https:\/\/noticiasribeiraopreto.com.br\/index.php\/category\/noticias-de-ribeirao-preto-sp-e-regiao-ismael-colosi\/"},"img":{"alt_text":"","src":"https:\/\/i0.wp.com\/noticiasribeiraopreto.com.br\/wp-content\/uploads\/2025\/05\/Foto-198_OK_2025-05-05_12-15-38.webp.webp?fit=1200%2C800&ssl=1&resize=350%2C200","width":350,"height":200,"srcset":"https:\/\/i0.wp.com\/noticiasribeiraopreto.com.br\/wp-content\/uploads\/2025\/05\/Foto-198_OK_2025-05-05_12-15-38.webp.webp?fit=1200%2C800&ssl=1&resize=350%2C200 1x, https:\/\/i0.wp.com\/noticiasribeiraopreto.com.br\/wp-content\/uploads\/2025\/05\/Foto-198_OK_2025-05-05_12-15-38.webp.webp?fit=1200%2C800&ssl=1&resize=525%2C300 1.5x, https:\/\/i0.wp.com\/noticiasribeiraopreto.com.br\/wp-content\/uploads\/2025\/05\/Foto-198_OK_2025-05-05_12-15-38.webp.webp?fit=1200%2C800&ssl=1&resize=700%2C400 2x, https:\/\/i0.wp.com\/noticiasribeiraopreto.com.br\/wp-content\/uploads\/2025\/05\/Foto-198_OK_2025-05-05_12-15-38.webp.webp?fit=1200%2C800&ssl=1&resize=1050%2C600 3x"},"classes":[]},{"id":75935,"url":"https:\/\/noticiasribeiraopreto.com.br\/index.php\/2025\/08\/18\/teatro-municipal-de-ribeirao-preto-apresenta-espetaculo-que-mistura-humor-e-critica-social\/","url_meta":{"origin":91164,"position":4},"title":"Teatro Municipal de Ribeir\u00e3o Preto apresenta espet\u00e1culo que mistura humor e cr\u00edtica social","author":"noticiasribeiraopreto.com.br","date":"18 de August de 2025","format":false,"excerpt":"Ribeir\u00e3o Preto recebe no dia 10 de outubro, \u00e0s 20h, a apresenta\u00e7\u00e3o da pe\u00e7a \u201cCh\u00e1 de Caridade\u201d, uma com\u00e9dia que re\u00fane humor, cr\u00edtica social e situa\u00e7\u00f5es do cotidiano. O espet\u00e1culo acontece no Teatro Municipal, e os ingressos est\u00e3o dispon\u00edveis para compra on-line (clique aqui). Os valores variam de R$ 40\u2026","rel":"","context":"In &quot;Not\u00edcias de Ribeir\u00e3o Preto-SP e Regi\u00e3o&quot;","block_context":{"text":"Not\u00edcias de Ribeir\u00e3o Preto-SP e Regi\u00e3o","link":"https:\/\/noticiasribeiraopreto.com.br\/index.php\/category\/noticias-de-ribeirao-preto-sp-e-regiao-ismael-colosi\/"},"img":{"alt_text":"","src":"https:\/\/i0.wp.com\/noticiasribeiraopreto.com.br\/wp-content\/uploads\/2025\/08\/cha-de-caridade-2_2025-08-18_21-38-26.webp.webp?fit=1011%2C833&ssl=1&resize=350%2C200","width":350,"height":200,"srcset":"https:\/\/i0.wp.com\/noticiasribeiraopreto.com.br\/wp-content\/uploads\/2025\/08\/cha-de-caridade-2_2025-08-18_21-38-26.webp.webp?fit=1011%2C833&ssl=1&resize=350%2C200 1x, https:\/\/i0.wp.com\/noticiasribeiraopreto.com.br\/wp-content\/uploads\/2025\/08\/cha-de-caridade-2_2025-08-18_21-38-26.webp.webp?fit=1011%2C833&ssl=1&resize=525%2C300 1.5x, https:\/\/i0.wp.com\/noticiasribeiraopreto.com.br\/wp-content\/uploads\/2025\/08\/cha-de-caridade-2_2025-08-18_21-38-26.webp.webp?fit=1011%2C833&ssl=1&resize=700%2C400 2x"},"classes":[]},{"id":76512,"url":"https:\/\/noticiasribeiraopreto.com.br\/index.php\/2025\/08\/30\/theatro-pedro-ii-apresenta-espetaculo-gratuito-um-conto-chamado-circo\/","url_meta":{"origin":91164,"position":5},"title":"Theatro Pedro II apresenta espet\u00e1culo gratuito &#8216;Um Conto Chamado Circo&#8217;","author":"noticiasribeiraopreto.com.br","date":"30 de August de 2025","format":false,"excerpt":"No dia 2 de setembro, \u00e0s 15h, a sala principal do Theatro Pedro II, no Centro de Ribeir\u00e3o Preto, recebe o espet\u00e1culo \u201cUm Conto Chamado Circo\u201d, do Projeto Palco. A apresenta\u00e7\u00e3o tem entrada gratuita e os ingressos devem ser retirados com 1 hora de anteced\u00eancia na bilheteria do teatro. A\u2026","rel":"","context":"In &quot;Not\u00edcias de Ribeir\u00e3o Preto-SP e Regi\u00e3o&quot;","block_context":{"text":"Not\u00edcias de Ribeir\u00e3o Preto-SP e Regi\u00e3o","link":"https:\/\/noticiasribeiraopreto.com.br\/index.php\/category\/noticias-de-ribeirao-preto-sp-e-regiao-ismael-colosi\/"},"img":{"alt_text":"","src":"https:\/\/i0.wp.com\/noticiasribeiraopreto.com.br\/wp-content\/uploads\/2025\/08\/limpeza_lustre_theatro_-_foto_fernando_gonzaga12_2025-02-24_20-18-04_jpg_2025-02-24_20-18-04.webp.webp?fit=1200%2C800&ssl=1&resize=350%2C200","width":350,"height":200,"srcset":"https:\/\/i0.wp.com\/noticiasribeiraopreto.com.br\/wp-content\/uploads\/2025\/08\/limpeza_lustre_theatro_-_foto_fernando_gonzaga12_2025-02-24_20-18-04_jpg_2025-02-24_20-18-04.webp.webp?fit=1200%2C800&ssl=1&resize=350%2C200 1x, https:\/\/i0.wp.com\/noticiasribeiraopreto.com.br\/wp-content\/uploads\/2025\/08\/limpeza_lustre_theatro_-_foto_fernando_gonzaga12_2025-02-24_20-18-04_jpg_2025-02-24_20-18-04.webp.webp?fit=1200%2C800&ssl=1&resize=525%2C300 1.5x, https:\/\/i0.wp.com\/noticiasribeiraopreto.com.br\/wp-content\/uploads\/2025\/08\/limpeza_lustre_theatro_-_foto_fernando_gonzaga12_2025-02-24_20-18-04_jpg_2025-02-24_20-18-04.webp.webp?fit=1200%2C800&ssl=1&resize=700%2C400 2x, https:\/\/i0.wp.com\/noticiasribeiraopreto.com.br\/wp-content\/uploads\/2025\/08\/limpeza_lustre_theatro_-_foto_fernando_gonzaga12_2025-02-24_20-18-04_jpg_2025-02-24_20-18-04.webp.webp?fit=1200%2C800&ssl=1&resize=1050%2C600 3x"},"classes":[]}],"jetpack_sharing_enabled":true,"jetpack_shortlink":"https:\/\/wp.me\/peQAOb-nIo","jetpack_featured_media_url":"https:\/\/i0.wp.com\/noticiasribeiraopreto.com.br\/wp-content\/uploads\/2026\/09\/Grupo-Teatral-Bagacena-2.jpeg?fit=1600%2C900&ssl=1","_links":{"self":[{"href":"https:\/\/noticiasribeiraopreto.com.br\/index.php\/wp-json\/wp\/v2\/posts\/91164","targetHints":{"allow":["GET"]}}],"collection":[{"href":"https:\/\/noticiasribeiraopreto.com.br\/index.php\/wp-json\/wp\/v2\/posts"}],"about":[{"href":"https:\/\/noticiasribeiraopreto.com.br\/index.php\/wp-json\/wp\/v2\/types\/post"}],"author":[{"embeddable":true,"href":"https:\/\/noticiasribeiraopreto.com.br\/index.php\/wp-json\/wp\/v2\/users\/1"}],"replies":[{"embeddable":true,"href":"https:\/\/noticiasribeiraopreto.com.br\/index.php\/wp-json\/wp\/v2\/comments?post=91164"}],"version-history":[{"count":0,"href":"https:\/\/noticiasribeiraopreto.com.br\/index.php\/wp-json\/wp\/v2\/posts\/91164\/revisions"}],"wp:featuredmedia":[{"embeddable":true,"href":"https:\/\/noticiasribeiraopreto.com.br\/index.php\/wp-json\/wp\/v2\/media\/91165"}],"wp:attachment":[{"href":"https:\/\/noticiasribeiraopreto.com.br\/index.php\/wp-json\/wp\/v2\/media?parent=91164"}],"wp:term":[{"taxonomy":"category","embeddable":true,"href":"https:\/\/noticiasribeiraopreto.com.br\/index.php\/wp-json\/wp\/v2\/categories?post=91164"},{"taxonomy":"post_tag","embeddable":true,"href":"https:\/\/noticiasribeiraopreto.com.br\/index.php\/wp-json\/wp\/v2\/tags?post=91164"}],"curies":[{"name":"wp","href":"https:\/\/api.w.org\/{rel}","templated":true}]}}