{"id":91166,"date":"2026-09-05T15:53:54","date_gmt":"2026-09-05T18:53:54","guid":{"rendered":"https:\/\/noticiasribeiraopreto.com.br\/index.php\/2026\/09\/05\/padre-fabio-de-melo-realiza-show-no-hallel-franca-confira-a-programacao-noturna-deste-sabado\/"},"modified":"2026-09-05T15:53:54","modified_gmt":"2026-09-05T18:53:54","slug":"padre-fabio-de-melo-realiza-show-no-hallel-franca-confira-a-programacao-noturna-deste-sabado","status":"publish","type":"post","link":"https:\/\/noticiasribeiraopreto.com.br\/index.php\/2026\/09\/05\/padre-fabio-de-melo-realiza-show-no-hallel-franca-confira-a-programacao-noturna-deste-sabado\/","title":{"rendered":"Padre F\u00e1bio De Melo realiza show no Hallel Franca; Confira a programa\u00e7\u00e3o noturna deste s\u00e1bado"},"content":{"rendered":"<div class='code-block code-block-1' style='margin: 8px 0 8px auto; text-align: right; display: block; clear: both;'>\n<p><a href=\"https:\/\/wa.link\/vpicfd\"><img data-recalc-dims=\"1\" class=\"wp-image-4922\" style=\"aspect-ratio: 2.0253164556962027; width: 561px; height: auto;\" src=\"https:\/\/i0.wp.com\/ismaelcolosi.com.br\/wp-content\/uploads\/2023\/11\/grupo-de-empregos-whatsapp-e-facebook-ismael-colosi-vagas.jpg?ssl=1\" alt=\"\" \/><\/a><\/p>\n<!-- \/wp:image -->\n<\/div>\n<p> <br \/>\n<\/p>\n<p>O <strong>Hallel 2026<\/strong>, considerado um dos maiores eventos de evangeliza\u00e7\u00e3o do pa\u00eds, realiza a <strong>39\u00aa edi\u00e7\u00e3o<\/strong> neste final de semana, no Parque de Exposi\u00e7\u00f5es Fernando Costa, em <strong>Franca<\/strong>, a cerca de 90 quil\u00f4metros de dist\u00e2ncia de Ribeir\u00e3o Preto.<strong> A entrada para o evento \u00e9 gratuita.<\/strong><\/p>\n<p><mark class=\"has-inline-color\"><strong>Entre os principais destaques confirmados para este s\u00e1bado (6) est\u00e3o o show do Padre F\u00e1bio de Melo, \u00e0s 21:30 no palco central, al\u00e9m do Instituto Hesed.<\/strong><\/mark><\/p>\n<p>Com o tema \u201cEu sou o caminho, a verdade e a vida\u201d, a programa\u00e7\u00e3o re\u00fane cerca de 80 atra\u00e7\u00f5es distribu\u00eddas entre shows, missas, prega\u00e7\u00f5es e momentos de ora\u00e7\u00e3o \u2013 <strong>confira abaixo a programa\u00e7\u00e3o deste s\u00e1bado (5).<\/strong><\/p>\n<figure class=\"wp-block-image size-full\"><figcaption class=\"wp-element-caption\">Padre F\u00e1bio De Melo realiza show neste s\u00e1bado no Hallel Franca \u2013 Foto: Reprodu\u00e7\u00e3o\/Can\u00e7\u00e3o Nova<\/p>\n<\/figcaption><\/figure>\n<p class=\"has-very-light-gray-to-cyan-bluish-gray-gradient-background has-background\"><em>Receba not\u00edcias do\u00a0<strong>acidade on Ribeir\u00e3o\u00a0<\/strong>no WhatsApp e fique por dentro de tudo! Basta acessar o link<a href=\"https:\/\/chat.whatsapp.com\/DfXwcjKVIddHUT3BvnQuPZ?mode=hqctshi\" target=\"_blank\" rel=\"noreferrer noopener\">\u00a0aqui<\/a>!<\/em><\/p>\n<h2 class=\"wp-block-heading\"><strong>Confira a programa\u00e7\u00e3o da noite deste s\u00e1bado (5)<\/strong><\/h2>\n<p><strong>Palco Central<\/strong><\/p>\n<p>18:00 \u2013 Instituto Hesed (show, prega\u00e7\u00e3o, imagem peregrina de S\u00e3o Miguel e ter\u00e7o de combate)<br \/>20:00 \u2013 Missa e consagra\u00e7\u00e3o da Diocese a S\u00e3o Miguel (Dom Paul)<br \/>21:30 \u2013 <mark class=\"has-inline-color\">Show Padre F\u00e1bio de Melo<\/mark><\/p>\n<p><strong>Capela<\/strong><\/p>\n<ul class=\"wp-block-list\">\n<li>18:30 \u2013 Mois\u00e9s Rocha (Banda Cana\u00e3)<\/li>\n<li>19:45 \u2013 Matheus Jovens Sarados (Banda Cana\u00e3)<\/li>\n<li>21:00 \u2013 Lucas Holy Place (Banda Holy Place)<\/li>\n<li>22:00 \u2013 Comunidade Cen\u00e1culo (Min. Cen\u00e1culo)<\/li>\n<li>23:00 \u2013 Comunidade Cen\u00e1culo (Min. Cen\u00e1culo)<\/li>\n<\/ul>\n<figure class=\"wp-block-gallery has-nested-images columns-default is-cropped wp-block-gallery-1 is-layout-flex wp-block-gallery-is-layout-flex\">\n<figure class=\"wp-block-image\"><img data-recalc-dims=\"1\" loading=\"lazy\" decoding=\"async\" width=\"2560\" height=\"1707\" data-id=\"173720\" src=\"https:\/\/i0.wp.com\/www.acidadeon.com\/ribeiraopreto\/wp-content\/uploads\/sites\/3\/2026\/09\/hallel-2026-4-1-scaled.jpg?resize=2560%2C1707&#038;ssl=1\" alt=\"hallel 2026\" class=\"wp-image-173720\" title=\"Padre F\u00e1bio De Melo realiza show no Hallel Franca; Confira a programa\u00e7\u00e3o noturna deste s\u00e1bado 2\"><figcaption class=\"wp-element-caption\">Foto: divulga\u00e7\u00e3o<\/figcaption><\/figure>\n<figure class=\"wp-block-image size-large\"><img data-recalc-dims=\"1\" loading=\"lazy\" decoding=\"async\" width=\"984\" height=\"554\" data-id=\"173857\" src=\"https:\/\/i0.wp.com\/www.acidadeon.com\/ribeiraopreto\/wp-content\/uploads\/sites\/3\/2026\/09\/Padre-Fabio-de-Melo-2.jpeg?resize=984%2C554&#038;ssl=1\" alt=\"Padre F\u00e1bio De Melo realiza show neste s\u00e1bado no Hallel Franca - Foto: Reprodu\u00e7\u00e3o\/Can\u00e7\u00e3o Nova\" class=\"wp-image-173857\" title=\"Padre F\u00e1bio De Melo realiza show no Hallel Franca; Confira a programa\u00e7\u00e3o noturna deste s\u00e1bado 3\"><figcaption class=\"wp-element-caption\">\n<p>Foto: Reprodu\u00e7\u00e3o\/Can\u00e7\u00e3o Nova<\/figcaption><\/figure>\n<figure class=\"wp-block-image size-large\"><img data-recalc-dims=\"1\" loading=\"lazy\" decoding=\"async\" width=\"1024\" height=\"576\" data-id=\"173858\" src=\"https:\/\/i0.wp.com\/www.acidadeon.com\/ribeiraopreto\/wp-content\/uploads\/sites\/3\/2026\/09\/Padre-Fabio-de-Melo-1024x576.jpeg?resize=1024%2C576&#038;ssl=1\" alt=\"Padre F\u00e1bio De Melo realiza show neste s\u00e1bado no Hallel Franca - Foto: Mariana Lazarin\/Can\u00e7\u00e3o Nova\" class=\"wp-image-173858\" title=\"Padre F\u00e1bio De Melo realiza show no Hallel Franca; Confira a programa\u00e7\u00e3o noturna deste s\u00e1bado 4\"><figcaption class=\"wp-element-caption\">Foto: Mariana Lazarin\/Can\u00e7\u00e3o Nova<\/figcaption><\/figure>\n<\/figure>\n<h2 class=\"wp-block-heading\"><strong>Servi\u00e7o<\/strong><\/h2>\n<p><strong>\u00a039\u00ba Hallel <\/strong><\/p>\n<p><strong>Tema:<\/strong> Eu sou o caminho, a verdade e a vida.<br \/><strong>Data: <\/strong>04 a 07 de setembro.<br \/><strong>Local: <\/strong>Franca, SP.<br \/><strong>Endere\u00e7o: <\/strong>Parque de Exposi\u00e7\u00f5es Fernando Costa.<br \/><strong>Entrada:<\/strong> Gratuita.<\/p>\n<p class=\"has-very-light-gray-to-cyan-bluish-gray-gradient-background has-background\"><em>Fa\u00e7a uma den\u00fancia ou sugira uma reportagem sobre\u00a0<strong>Ribeir\u00e3o Preto\u00a0<\/strong>e regi\u00e3o por meio do WhatsApp do\u00a0<strong>acidade on Ribeir\u00e3o<\/strong>: (16) 99117-7802.<\/em><\/p>\n<\/p>\n<p>O post Padre F\u00e1bio De Melo realiza show no Hallel Franca; Confira a programa\u00e7\u00e3o noturna deste s\u00e1bado apareceu primeiro em ACidade ON Ribeir\u00e3o Preto.<\/p>\n<p><br \/>\n<br \/><a href=\"https:\/\/www.acidadeon.com\/ribeiraopreto\/lazer-e-cultura\/padre-fabio-de-melo-realiza-show-no-hallel-franca-confira-a-programacao-noturna-deste-sabado\/\">Link para o texto original aqui <\/a><\/p>\n<!-- CONTENT END 1 -->\n","protected":false},"excerpt":{"rendered":"<p>O Hallel 2026, considerado um dos maiores eventos de evangeliza\u00e7\u00e3o do pa\u00eds, realiza a 39\u00aa edi\u00e7\u00e3o neste final de semana, no Parque de Exposi\u00e7\u00f5es Fernando&#8230;<\/p>\n","protected":false},"author":1,"featured_media":91167,"comment_status":"","ping_status":"","sticky":false,"template":"","format":"standard","meta":{"advanced_seo_description":"","jetpack_seo_html_title":"","jetpack_seo_noindex":false,"jetpack_seo_schema_type":"","_jetpack_newsletter_access":"","_jetpack_dont_email_post_to_subs":false,"_jetpack_newsletter_tier_id":0,"_jetpack_memberships_contains_paywalled_content":false,"_jetpack_feature_clip_id":0,"_jetpack_memberships_contains_paid_content":false,"footnotes":"","jetpack_publicize_message":"","jetpack_publicize_feature_enabled":true,"jetpack_social_post_already_shared":true,"jetpack_social_options":{"image_generator_settings":{"template":"highway","default_image_id":0,"font":"","enabled":false},"version":2},"jetpack_post_was_ever_published":false},"categories":[11],"tags":[269,337,1421,957,8936,8958,7068,3006,70,415,264,360],"class_list":["post-91166","post","type-post","status-publish","format-standard","has-post-thumbnail","hentry","category-noticias-de-ribeirao-preto-sp-e-regiao-ismael-colosi","tag-confira","tag-deste","tag-fabio","tag-franca","tag-hallel","tag-melo","tag-noturna","tag-padre","tag-programacao","tag-realiza","tag-sabado","tag-show"],"jetpack_publicize_connections":[],"jetpack-related-posts":[{"id":91107,"url":"https:\/\/noticiasribeiraopreto.com.br\/index.php\/2026\/09\/04\/com-padre-marcelo-rossi-festival-hallel-comeca-nesta-sexta-feira-em-franca-veja-a-programacao\/","url_meta":{"origin":91166,"position":0},"title":"Com Padre Marcelo Rossi, Festival Hallel come\u00e7a nesta sexta-feira em Franca; veja a programa\u00e7\u00e3o","author":"noticiasribeiraopreto.com.br","date":"4 de September de 2026","format":false,"excerpt":"O festival de m\u00fasica cat\u00f3lica Hallel come\u00e7a nesta sexta-feira (4) em Franca, no interior de S\u00e3o Paulo, e segue at\u00e9 a pr\u00f3xima segunda-feira (7). O evento \u00e9 realizado no Parque de Exposi\u00e7\u00f5es Fernando Costa e promete reunir 80 atra\u00e7\u00f5es, incluindo Padre Marcelo Rossi \u2013 veja a programa\u00e7\u00e3o abaixo.\u00a0 Receba not\u00edcias\u2026","rel":"","context":"In &quot;Not\u00edcias de Ribeir\u00e3o Preto-SP e Regi\u00e3o&quot;","block_context":{"text":"Not\u00edcias de Ribeir\u00e3o Preto-SP e Regi\u00e3o","link":"https:\/\/noticiasribeiraopreto.com.br\/index.php\/category\/noticias-de-ribeirao-preto-sp-e-regiao-ismael-colosi\/"},"img":{"alt_text":"","src":"https:\/\/i0.wp.com\/noticiasribeiraopreto.com.br\/wp-content\/uploads\/2026\/09\/hallel-2026-4-1-1024x683.jpg?fit=1024%2C683&ssl=1&resize=350%2C200","width":350,"height":200,"srcset":"https:\/\/i0.wp.com\/noticiasribeiraopreto.com.br\/wp-content\/uploads\/2026\/09\/hallel-2026-4-1-1024x683.jpg?fit=1024%2C683&ssl=1&resize=350%2C200 1x, https:\/\/i0.wp.com\/noticiasribeiraopreto.com.br\/wp-content\/uploads\/2026\/09\/hallel-2026-4-1-1024x683.jpg?fit=1024%2C683&ssl=1&resize=525%2C300 1.5x, https:\/\/i0.wp.com\/noticiasribeiraopreto.com.br\/wp-content\/uploads\/2026\/09\/hallel-2026-4-1-1024x683.jpg?fit=1024%2C683&ssl=1&resize=700%2C400 2x"},"classes":[]},{"id":77121,"url":"https:\/\/noticiasribeiraopreto.com.br\/index.php\/2025\/09\/11\/hallel-franca-2025-comeca-nesta-sexta-confira-a-programacao\/","url_meta":{"origin":91166,"position":1},"title":"Hallel Franca 2025 come\u00e7a nesta sexta; confira a programa\u00e7\u00e3o","author":"noticiasribeiraopreto.com.br","date":"11 de September de 2025","format":false,"excerpt":"O Hallel Franca 2025, um dos maiores festivais de m\u00fasica cat\u00f3lica da Am\u00e9rica Latina, tem in\u00edcio nesta sexta-feira (12) e segue at\u00e9 domingo (14), no Parque de Exposi\u00e7\u00f5es Fernando Costa, em Franca. A entrada \u00e9 gratuita, e o evento conta com shows, prega\u00e7\u00f5es, missas, confiss\u00f5es, capela e mais. O tema\u2026","rel":"","context":"In &quot;Not\u00edcias de Ribeir\u00e3o Preto-SP e Regi\u00e3o&quot;","block_context":{"text":"Not\u00edcias de Ribeir\u00e3o Preto-SP e Regi\u00e3o","link":"https:\/\/noticiasribeiraopreto.com.br\/index.php\/category\/noticias-de-ribeirao-preto-sp-e-regiao-ismael-colosi\/"},"img":{"alt_text":"","src":"https:\/\/i0.wp.com\/noticiasribeiraopreto.com.br\/wp-content\/uploads\/2025\/09\/WhatsApp-Image-2025-09-11-at-12.44.59_2025-09-11_15-45-49.webp.webp?fit=1200%2C774&ssl=1&resize=350%2C200","width":350,"height":200,"srcset":"https:\/\/i0.wp.com\/noticiasribeiraopreto.com.br\/wp-content\/uploads\/2025\/09\/WhatsApp-Image-2025-09-11-at-12.44.59_2025-09-11_15-45-49.webp.webp?fit=1200%2C774&ssl=1&resize=350%2C200 1x, https:\/\/i0.wp.com\/noticiasribeiraopreto.com.br\/wp-content\/uploads\/2025\/09\/WhatsApp-Image-2025-09-11-at-12.44.59_2025-09-11_15-45-49.webp.webp?fit=1200%2C774&ssl=1&resize=525%2C300 1.5x, https:\/\/i0.wp.com\/noticiasribeiraopreto.com.br\/wp-content\/uploads\/2025\/09\/WhatsApp-Image-2025-09-11-at-12.44.59_2025-09-11_15-45-49.webp.webp?fit=1200%2C774&ssl=1&resize=700%2C400 2x, https:\/\/i0.wp.com\/noticiasribeiraopreto.com.br\/wp-content\/uploads\/2025\/09\/WhatsApp-Image-2025-09-11-at-12.44.59_2025-09-11_15-45-49.webp.webp?fit=1200%2C774&ssl=1&resize=1050%2C600 3x"},"classes":[]},{"id":57652,"url":"https:\/\/noticiasribeiraopreto.com.br\/index.php\/2024\/09\/06\/padre-marcelo-rossi-realiza-missa-em-festival-catolico-na-regiao-de-ribeirao\/","url_meta":{"origin":91166,"position":2},"title":"Padre Marcelo Rossi realiza missa em festival cat\u00f3lico na regi\u00e3o de Ribeir\u00e3o","author":"noticiasribeiraopreto.com.br","date":"6 de September de 2024","format":false,"excerpt":"Com mais de 350 atra\u00e7\u00f5es entre padres, m\u00fasicos e pregadores, a 37\u00aa edi\u00e7\u00e3o do Hallel Franca, um dos maiores festivais cat\u00f3licos da Am\u00e9rica Latina come\u00e7a nesta sexta-feira (6) e segue at\u00e9 domingo (8), no Parque de Exposi\u00e7\u00f5es \u201cFernando Costa\u201d, em Franca, na regi\u00e3o de Ribeir\u00e3o Preto. O tema desta edi\u00e7\u00e3o\u2026","rel":"","context":"In &quot;Not\u00edcias de Ribeir\u00e3o Preto-SP e Regi\u00e3o&quot;","block_context":{"text":"Not\u00edcias de Ribeir\u00e3o Preto-SP e Regi\u00e3o","link":"https:\/\/noticiasribeiraopreto.com.br\/index.php\/category\/noticias-de-ribeirao-preto-sp-e-regiao-ismael-colosi\/"},"img":{"alt_text":"","src":"https:\/\/i0.wp.com\/noticiasribeiraopreto.com.br\/wp-content\/uploads\/2024\/09\/WhatsApp-Image-2024-09-06-at-09.37.29_2024-09-06_14-25-57_jpeg_2024-09-06_14-25-57.webp.webp?fit=800%2C533&ssl=1&resize=350%2C200","width":350,"height":200,"srcset":"https:\/\/i0.wp.com\/noticiasribeiraopreto.com.br\/wp-content\/uploads\/2024\/09\/WhatsApp-Image-2024-09-06-at-09.37.29_2024-09-06_14-25-57_jpeg_2024-09-06_14-25-57.webp.webp?fit=800%2C533&ssl=1&resize=350%2C200 1x, https:\/\/i0.wp.com\/noticiasribeiraopreto.com.br\/wp-content\/uploads\/2024\/09\/WhatsApp-Image-2024-09-06-at-09.37.29_2024-09-06_14-25-57_jpeg_2024-09-06_14-25-57.webp.webp?fit=800%2C533&ssl=1&resize=525%2C300 1.5x, https:\/\/i0.wp.com\/noticiasribeiraopreto.com.br\/wp-content\/uploads\/2024\/09\/WhatsApp-Image-2024-09-06-at-09.37.29_2024-09-06_14-25-57_jpeg_2024-09-06_14-25-57.webp.webp?fit=800%2C533&ssl=1&resize=700%2C400 2x"},"classes":[]},{"id":4669,"url":"https:\/\/noticiasribeiraopreto.com.br\/index.php\/2023\/11\/22\/padre-fabio-de-melo-expoe-o-motivo-de-ter-deixado-de-assinar-o-seu-novo-livro-como-padre-video\/","url_meta":{"origin":91166,"position":3},"title":"Padre F\u00e1bio de Melo exp\u00f5e o motivo de ter deixado de assinar o seu novo livro como &#8216;padre&#8217;; v\u00eddeo","author":"noticiasribeiraopreto.com.br","date":"22 de November de 2023","format":false,"excerpt":"Recentemente, diversos canais de comunica\u00e7\u00e3o noticiaram que o padre F\u00e1bio de Melo deixou de assinar o seu livro \u2018A Vida \u00c9 Cruel, Ana Maria\u2019, da editora Record, da maneira que costumava.Em todas as suas outras publica\u00e7\u00f5es, ele assinou como \u2018Padre F\u00e1bio de Melo\u2019. Contudo, no livro que conta a hist\u00f3ria\u2026","rel":"","context":"In &quot;Blog&quot;","block_context":{"text":"Blog","link":"https:\/\/noticiasribeiraopreto.com.br\/index.php\/category\/blog\/"},"img":{"alt_text":"","src":"https:\/\/i0.wp.com\/noticiasribeiraopreto.com.br\/wp-content\/uploads\/2023\/11\/postimg-655d88ec546af6587.jpg?fit=1200%2C628&ssl=1&resize=350%2C200","width":350,"height":200,"srcset":"https:\/\/i0.wp.com\/noticiasribeiraopreto.com.br\/wp-content\/uploads\/2023\/11\/postimg-655d88ec546af6587.jpg?fit=1200%2C628&ssl=1&resize=350%2C200 1x, https:\/\/i0.wp.com\/noticiasribeiraopreto.com.br\/wp-content\/uploads\/2023\/11\/postimg-655d88ec546af6587.jpg?fit=1200%2C628&ssl=1&resize=525%2C300 1.5x, https:\/\/i0.wp.com\/noticiasribeiraopreto.com.br\/wp-content\/uploads\/2023\/11\/postimg-655d88ec546af6587.jpg?fit=1200%2C628&ssl=1&resize=700%2C400 2x, https:\/\/i0.wp.com\/noticiasribeiraopreto.com.br\/wp-content\/uploads\/2023\/11\/postimg-655d88ec546af6587.jpg?fit=1200%2C628&ssl=1&resize=1050%2C600 3x"},"classes":[]},{"id":25065,"url":"https:\/\/noticiasribeiraopreto.com.br\/index.php\/2024\/01\/05\/padre-fabio-de-melo-quebra-o-silencio-e-abre-o-jogo-sobre-o-polemico-caso-do-padre-julio-lancellotti\/","url_meta":{"origin":91166,"position":4},"title":"Padre F\u00e1bio de Melo quebra o sil\u00eancio e abre o jogo sobre o pol\u00eamico caso do Padre J\u00falio Lancellotti","author":"noticiasribeiraopreto.com.br","date":"5 de January de 2024","format":false,"excerpt":"A \u00faltima quinta, dia 4 de janeiro, foi marcada por intensos debates nas redes sociais ap\u00f3s o padre F\u00e1bio de Melo ser alvo de cr\u00edticas por seu posicionamento sobre a poss\u00edvel instaura\u00e7\u00e3o de uma CPI contra o padre J\u00falio Lancellotti.Este \u00faltimo \u00e9 acusado de liderar uma suposta \u201cM\u00e1fia da Mis\u00e9ria\u201d,\u2026","rel":"","context":"In &quot;Blog&quot;","block_context":{"text":"Blog","link":"https:\/\/noticiasribeiraopreto.com.br\/index.php\/category\/blog\/"},"img":{"alt_text":"","src":"https:\/\/i0.wp.com\/noticiasribeiraopreto.com.br\/wp-content\/uploads\/2024\/01\/postimg-6598432f73ff49926.jpg?fit=1200%2C628&ssl=1&resize=350%2C200","width":350,"height":200,"srcset":"https:\/\/i0.wp.com\/noticiasribeiraopreto.com.br\/wp-content\/uploads\/2024\/01\/postimg-6598432f73ff49926.jpg?fit=1200%2C628&ssl=1&resize=350%2C200 1x, https:\/\/i0.wp.com\/noticiasribeiraopreto.com.br\/wp-content\/uploads\/2024\/01\/postimg-6598432f73ff49926.jpg?fit=1200%2C628&ssl=1&resize=525%2C300 1.5x, https:\/\/i0.wp.com\/noticiasribeiraopreto.com.br\/wp-content\/uploads\/2024\/01\/postimg-6598432f73ff49926.jpg?fit=1200%2C628&ssl=1&resize=700%2C400 2x, https:\/\/i0.wp.com\/noticiasribeiraopreto.com.br\/wp-content\/uploads\/2024\/01\/postimg-6598432f73ff49926.jpg?fit=1200%2C628&ssl=1&resize=1050%2C600 3x"},"classes":[]},{"id":31153,"url":"https:\/\/noticiasribeiraopreto.com.br\/index.php\/2024\/01\/21\/top-10-musicas-catolicas-mais-tocadas-do-brasil-em-2024\/","url_meta":{"origin":91166,"position":5},"title":"Top 10 m\u00fasicas Cat\u00f3licas mais tocadas do Brasil em 2024","author":"noticiasribeiraopreto.com.br","date":"21 de January de 2024","format":false,"excerpt":"Confira as top m\u00fasicas cat\u00f3licas mais tocadas. Ou\u00e7a as melhores m\u00fasicas cat\u00f3licas mais tocadas nas r\u00e1dios do Brasil e consequentemente no Youtube. S\u00e3o os maiores sucessos do g\u00eanero cat\u00f3lico que s\u00e3o mais ouvidas tanto nas r\u00e1dios, como nas missas, nas igrejas e na internet. Portanto, aproveite para ouvir o top\u2026","rel":"","context":"In &quot;Blog&quot;","block_context":{"text":"Blog","link":"https:\/\/noticiasribeiraopreto.com.br\/index.php\/category\/blog\/"},"img":{"alt_text":"","src":"https:\/\/i0.wp.com\/noticiasribeiraopreto.com.br\/wp-content\/uploads\/2024\/01\/Musicas-catolicas-mais-tocadas.jpg?fit=1200%2C799&ssl=1&resize=350%2C200","width":350,"height":200,"srcset":"https:\/\/i0.wp.com\/noticiasribeiraopreto.com.br\/wp-content\/uploads\/2024\/01\/Musicas-catolicas-mais-tocadas.jpg?fit=1200%2C799&ssl=1&resize=350%2C200 1x, https:\/\/i0.wp.com\/noticiasribeiraopreto.com.br\/wp-content\/uploads\/2024\/01\/Musicas-catolicas-mais-tocadas.jpg?fit=1200%2C799&ssl=1&resize=525%2C300 1.5x, https:\/\/i0.wp.com\/noticiasribeiraopreto.com.br\/wp-content\/uploads\/2024\/01\/Musicas-catolicas-mais-tocadas.jpg?fit=1200%2C799&ssl=1&resize=700%2C400 2x, https:\/\/i0.wp.com\/noticiasribeiraopreto.com.br\/wp-content\/uploads\/2024\/01\/Musicas-catolicas-mais-tocadas.jpg?fit=1200%2C799&ssl=1&resize=1050%2C600 3x"},"classes":[]}],"jetpack_sharing_enabled":true,"jetpack_shortlink":"https:\/\/wp.me\/peQAOb-nIq","jetpack_featured_media_url":"https:\/\/i0.wp.com\/noticiasribeiraopreto.com.br\/wp-content\/uploads\/2026\/09\/Padre-Fabio-de-Melo.jpeg?fit=1600%2C900&ssl=1","_links":{"self":[{"href":"https:\/\/noticiasribeiraopreto.com.br\/index.php\/wp-json\/wp\/v2\/posts\/91166","targetHints":{"allow":["GET"]}}],"collection":[{"href":"https:\/\/noticiasribeiraopreto.com.br\/index.php\/wp-json\/wp\/v2\/posts"}],"about":[{"href":"https:\/\/noticiasribeiraopreto.com.br\/index.php\/wp-json\/wp\/v2\/types\/post"}],"author":[{"embeddable":true,"href":"https:\/\/noticiasribeiraopreto.com.br\/index.php\/wp-json\/wp\/v2\/users\/1"}],"replies":[{"embeddable":true,"href":"https:\/\/noticiasribeiraopreto.com.br\/index.php\/wp-json\/wp\/v2\/comments?post=91166"}],"version-history":[{"count":0,"href":"https:\/\/noticiasribeiraopreto.com.br\/index.php\/wp-json\/wp\/v2\/posts\/91166\/revisions"}],"wp:featuredmedia":[{"embeddable":true,"href":"https:\/\/noticiasribeiraopreto.com.br\/index.php\/wp-json\/wp\/v2\/media\/91167"}],"wp:attachment":[{"href":"https:\/\/noticiasribeiraopreto.com.br\/index.php\/wp-json\/wp\/v2\/media?parent=91166"}],"wp:term":[{"taxonomy":"category","embeddable":true,"href":"https:\/\/noticiasribeiraopreto.com.br\/index.php\/wp-json\/wp\/v2\/categories?post=91166"},{"taxonomy":"post_tag","embeddable":true,"href":"https:\/\/noticiasribeiraopreto.com.br\/index.php\/wp-json\/wp\/v2\/tags?post=91166"}],"curies":[{"name":"wp","href":"https:\/\/api.w.org\/{rel}","templated":true}]}}