{"id":91168,"date":"2026-09-05T16:10:56","date_gmt":"2026-09-05T19:10:56","guid":{"rendered":"https:\/\/noticiasribeiraopreto.com.br\/index.php\/2026\/09\/05\/bosque-de-ribeirao-preto-segue-fechado-e-ainda-nao-tem-previsao-de-reabertura\/"},"modified":"2026-09-05T16:10:56","modified_gmt":"2026-09-05T19:10:56","slug":"bosque-de-ribeirao-preto-segue-fechado-e-ainda-nao-tem-previsao-de-reabertura","status":"publish","type":"post","link":"https:\/\/noticiasribeiraopreto.com.br\/index.php\/2026\/09\/05\/bosque-de-ribeirao-preto-segue-fechado-e-ainda-nao-tem-previsao-de-reabertura\/","title":{"rendered":"Bosque de Ribeir\u00e3o Preto segue fechado e ainda n\u00e3o tem previs\u00e3o de reabertura; Entenda"},"content":{"rendered":"<div class='code-block code-block-1' style='margin: 8px 0 8px auto; text-align: right; display: block; clear: both;'>\n<p><a href=\"https:\/\/wa.link\/vpicfd\"><img data-recalc-dims=\"1\" class=\"wp-image-4922\" style=\"aspect-ratio: 2.0253164556962027; width: 561px; height: auto;\" src=\"https:\/\/i0.wp.com\/ismaelcolosi.com.br\/wp-content\/uploads\/2023\/11\/grupo-de-empregos-whatsapp-e-facebook-ismael-colosi-vagas.jpg?ssl=1\" alt=\"\" \/><\/a><\/p>\n<!-- \/wp:image -->\n<\/div>\n<p> <br \/>\n<\/p>\n<p>O <strong>Bosque e Zool\u00f3gico Dr. F\u00e1bio Barreto<\/strong>, em<strong> Ribeir\u00e3o Preto<\/strong>, continua fechado ap\u00f3s os estragos provocados pelo <strong>temporal que atingiu a cidade no dia 24 de julho<\/strong>. <strong><mark class=\"has-inline-color\">De acordo com a Prefeitura, ainda n\u00e3o h\u00e1 previs\u00e3o para a reabertura do espa\u00e7o ao p\u00fablico.<\/mark><\/strong><\/p>\n<p>Segundo a Administra\u00e7\u00e3o, <strong>o parque foi atingido de forma severa pelo temporal<\/strong>, com a queda de mais <strong>de 50 \u00e1rvores nas \u00e1reas comuns<\/strong>, al\u00e9m de <strong>danos em pontos como o Jardim Japon\u00eas e a Trilha do Jequitib\u00e1<\/strong>.<\/p>\n<p>Por conta dos estragos, equipes seguem realizando servi\u00e7os de limpeza, manuten\u00e7\u00e3o e avalia\u00e7\u00e3o das condi\u00e7\u00f5es do local.<\/p>\n<p>Em 18 de agosto, a <strong>Administra\u00e7\u00e3o<\/strong> informou que o Bosque poderia voltar a receber visitantes em at\u00e9 10 dias. <strong>Na ocasi\u00e3o, uma for\u00e7a-tarefa j\u00e1 atuava na recupera\u00e7\u00e3o das \u00e1reas afetadas e na avalia\u00e7\u00e3o das condi\u00e7\u00f5es de seguran\u00e7a necess\u00e1rias para a retomada da visita\u00e7\u00e3o.<\/strong><\/p>\n<figure class=\"wp-block-image size-full\"><figcaption class=\"wp-element-caption\">Bosque Zool\u00f3gico F\u00e1bio Barreto \u2013 Foto: Reprodu\u00e7\u00e3o\/ Google Maps.<\/figcaption><\/figure>\n<p class=\"has-text-align-center has-cyan-bluish-gray-background-color has-background\"><em>Receba not\u00edcias do\u00a0<strong>acidade on Ribeir\u00e3o\u00a0<\/strong>no WhatsApp e fique por dentro de tudo! Basta acessar o link<a href=\"https:\/\/chat.whatsapp.com\/DfXwcjKVIddHUT3BvnQuPZ?mode=hqctshi\" target=\"_blank\" rel=\"noreferrer noopener\">\u00a0aqui<\/a>!<\/em><\/p>\n<h2 class=\"wp-block-heading\"><strong>Reabertura depende de servi\u00e7os e avalia\u00e7\u00e3o de seguran\u00e7a<\/strong><\/h2>\n<p>Al\u00e9m da retirada das \u00e1rvores que ca\u00edram, a Prefeitura informou anteriormente que <mark class=\"has-inline-color\">o trabalho envolve a avalia\u00e7\u00e3o dos exemplares que permanecem no parque, para identificar aqueles que precisam ser removidos e os que necessitam apenas de poda.<\/mark><\/p>\n<p>A medida \u00e9 necess\u00e1ria para garantir a<strong> seguran\u00e7a dos visitantes<\/strong> antes da reabertura do espa\u00e7o.<\/p>\n<p>O<strong> Jardim Japon\u00eas<\/strong>, que tamb\u00e9m sofreu danos, j\u00e1 tinha previs\u00e3o de permanecer interditado mesmo ap\u00f3s uma eventual reabertura do Bosque, devido \u00e0 necessidade de interven\u00e7\u00f5es espec\u00edficas na \u00e1rea.<\/p>\n<p>Apesar dos impactos, os recintos dos animais, o<strong> CETRAS (Centro de Triagem e Reabilita\u00e7\u00e3o de Animais Silvestres)<\/strong> e o <strong>Centro de Educa\u00e7\u00e3o Ambiental<\/strong> n\u00e3o sofreram danos estruturais, conforme informado anteriormente pela Prefeitura.<\/p>\n<figure class=\"wp-block-image size-large\"><img data-recalc-dims=\"1\" loading=\"lazy\" decoding=\"async\" width=\"1024\" height=\"576\" src=\"https:\/\/i0.wp.com\/www.acidadeon.com\/ribeiraopreto\/wp-content\/uploads\/sites\/3\/2026\/07\/messi-1024x576.png?resize=1024%2C576&#038;ssl=1\" alt=\"\u00c1rvore ca\u00edda em Ribeir\u00e3o Preto ap\u00f3s temporal no dia 24 de julho - Foto: Reprodu\u00e7\u00e3o\/ EPTV.\" class=\"wp-image-168016\" title=\"Bosque de Ribeir\u00e3o Preto segue fechado e ainda n\u00e3o tem previs\u00e3o de reabertura; Entenda 2\"><figcaption class=\"wp-element-caption\">\u00c1rvore ca\u00edda em Ribeir\u00e3o Preto ap\u00f3s temporal no dia 24 de julho \u2013 Foto: Reprodu\u00e7\u00e3o\/ EPTV.<\/figcaption><\/figure>\n<h2 class=\"wp-block-heading\"><strong>Limpeza continua em outras regi\u00f5es de Ribeir\u00e3o<\/strong><\/h2>\n<p>Enquanto os trabalhos no Bosque continuam, a Secretaria de Infraestrutura e Zeladoria ainda informou que mant\u00e9m frentes de trabalho para a limpeza de diferentes regi\u00f5es da cidade.<\/p>\n<p>O cronograma prev\u00ea a continuidade das a\u00e7\u00f5es principalmente nos bairros das regi\u00f5es Norte e Oeste, consideradas entre as mais afetadas pelo temporal, incluindo Planalto Verde, Vila Virg\u00ednia e Ipiranga.<\/p>\n<p>Vale lembrar que, neste s\u00e1bado (5), os parques Maur\u00edlio Biagi e Tom Jobim voltaram a receber visitantes, ap\u00f3s mais de um m\u00eas fechados por causa dos danos provocados pelo forte vendaval \u2013 clique aqui para saber mais.<\/p>\n<figure class=\"wp-block-gallery has-nested-images columns-default is-cropped wp-block-gallery-1 is-layout-flex wp-block-gallery-is-layout-flex\">\n<figure class=\"wp-block-image size-large\"><img data-recalc-dims=\"1\" loading=\"lazy\" decoding=\"async\" width=\"1024\" height=\"576\" data-id=\"173797\" src=\"https:\/\/i0.wp.com\/www.acidadeon.com\/ribeiraopreto\/wp-content\/uploads\/sites\/3\/2026\/09\/reabertura-parque-ribeirao-1024x576.jpg?resize=1024%2C576&#038;ssl=1\" alt=\"Parques Maur\u00edlio Biagi e Tom Jobim s\u00e3o reabertos neste s\u00e1bado (5) - Foto: Fernando Gonzaga.\" class=\"wp-image-173797\" title=\"Bosque de Ribeir\u00e3o Preto segue fechado e ainda n\u00e3o tem previs\u00e3o de reabertura; Entenda 3\"><figcaption class=\"wp-element-caption\">Parques Maur\u00edlio Biagi e Tom Jobim s\u00e3o reabertos neste s\u00e1bado (5) \u2013 Foto: Fernando Gonzaga.<\/figcaption><\/figure>\n<figure class=\"wp-block-image size-large\"><img data-recalc-dims=\"1\" loading=\"lazy\" decoding=\"async\" width=\"1024\" height=\"576\" data-id=\"173800\" src=\"https:\/\/i0.wp.com\/www.acidadeon.com\/ribeiraopreto\/wp-content\/uploads\/sites\/3\/2026\/09\/reabertura-parque-ribeirao-2-1024x576.jpg?resize=1024%2C576&#038;ssl=1\" alt=\"Parques Maur\u00edlio Biagi e Tom Jobim s\u00e3o reabertos neste s\u00e1bado (5) - Foto: Fernando Gonzaga.\" class=\"wp-image-173800\" title=\"Bosque de Ribeir\u00e3o Preto segue fechado e ainda n\u00e3o tem previs\u00e3o de reabertura; Entenda 4\"><figcaption class=\"wp-element-caption\">Parques Maur\u00edlio Biagi e Tom Jobim s\u00e3o reabertos neste s\u00e1bado (5) \u2013 Foto: Fernando Gonzaga.<\/figcaption><\/figure>\n<\/figure>\n<p class=\"has-text-align-center has-cyan-bluish-gray-background-color has-background\"><em>Fa\u00e7a uma den\u00fancia ou sugira uma reportagem sobre\u00a0<strong>Ribeir\u00e3o Preto\u00a0<\/strong>e regi\u00e3o por meio do WhatsApp do\u00a0<strong>acidade on Ribeir\u00e3o<\/strong>: (16) 99117-7802.<\/em><\/p>\n<\/p>\n<p>O post Bosque de Ribeir\u00e3o Preto segue fechado e ainda n\u00e3o tem previs\u00e3o de reabertura; Entenda apareceu primeiro em ACidade ON Ribeir\u00e3o Preto.<\/p>\n<p><br \/>\n<br \/><a href=\"https:\/\/www.acidadeon.com\/ribeiraopreto\/cotidiano\/bosque-de-ribeirao-preto-segue-fechado-e-ainda-nao-tem-previsao-de-reabertura\/\">Link para o texto original aqui <\/a><\/p>\n<!-- CONTENT END 1 -->\n","protected":false},"excerpt":{"rendered":"<p>O Bosque e Zool\u00f3gico Dr. F\u00e1bio Barreto, em Ribeir\u00e3o Preto, continua fechado ap\u00f3s os estragos provocados pelo temporal que atingiu a cidade no dia 24&#8230;<\/p>\n","protected":false},"author":1,"featured_media":91169,"comment_status":"","ping_status":"","sticky":false,"template":"","format":"standard","meta":{"advanced_seo_description":"","jetpack_seo_html_title":"","jetpack_seo_noindex":false,"jetpack_seo_schema_type":"","_jetpack_newsletter_access":"","_jetpack_dont_email_post_to_subs":false,"_jetpack_newsletter_tier_id":0,"_jetpack_memberships_contains_paywalled_content":false,"_jetpack_feature_clip_id":0,"_jetpack_memberships_contains_paid_content":false,"footnotes":"","jetpack_publicize_message":"","jetpack_publicize_feature_enabled":true,"jetpack_social_post_already_shared":true,"jetpack_social_options":{"image_generator_settings":{"template":"highway","default_image_id":0,"font":"","enabled":false},"version":2},"jetpack_post_was_ever_published":false},"categories":[11],"tags":[368,380,33,1472,678,27,350,7362,26,621,162],"class_list":["post-91168","post","type-post","status-publish","format-standard","has-post-thumbnail","hentry","category-noticias-de-ribeirao-preto-sp-e-regiao-ismael-colosi","tag-ainda","tag-bosque","tag-entenda","tag-fechado","tag-nao","tag-preto","tag-previsao","tag-reabertura","tag-ribeirao","tag-segue","tag-tem"],"jetpack_publicize_connections":[],"jetpack-related-posts":[{"id":60206,"url":"https:\/\/noticiasribeiraopreto.com.br\/index.php\/2024\/11\/08\/bosque-de-ribeirao-preto-segue-fechado-por-conta-das-chuvas\/","url_meta":{"origin":91168,"position":0},"title":"Bosque de Ribeir\u00e3o Preto segue fechado por conta das chuvas","author":"noticiasribeiraopreto.com.br","date":"8 de November de 2024","format":false,"excerpt":"O Bosque e Zool\u00f3gico F\u00e1bio Barreto, em Ribeir\u00e3o Preto, segue fechado ao p\u00fablico nesta sexta-feira (8), devido \u00e0s chuvas na cidade. A Secretaria Municipal do Meio Ambiente informou que as chuvas que atingiram o munic\u00edpio nos \u00faltimos tr\u00eas dias geraram um acumulado de 188 mil\u00edmetros. Ainda segundo a Pasta, conforme\u2026","rel":"","context":"In &quot;Not\u00edcias de Ribeir\u00e3o Preto-SP e Regi\u00e3o&quot;","block_context":{"text":"Not\u00edcias de Ribeir\u00e3o Preto-SP e Regi\u00e3o","link":"https:\/\/noticiasribeiraopreto.com.br\/index.php\/category\/noticias-de-ribeirao-preto-sp-e-regiao-ismael-colosi\/"},"img":{"alt_text":"","src":"https:\/\/i0.wp.com\/noticiasribeiraopreto.com.br\/wp-content\/uploads\/2024\/11\/ConfiraohorriodefuncionamentodoBosqueeZoolgicodeRibeiroPreto_Tamanho_2_image.jpg?fit=1200%2C900&ssl=1&resize=350%2C200","width":350,"height":200,"srcset":"https:\/\/i0.wp.com\/noticiasribeiraopreto.com.br\/wp-content\/uploads\/2024\/11\/ConfiraohorriodefuncionamentodoBosqueeZoolgicodeRibeiroPreto_Tamanho_2_image.jpg?fit=1200%2C900&ssl=1&resize=350%2C200 1x, https:\/\/i0.wp.com\/noticiasribeiraopreto.com.br\/wp-content\/uploads\/2024\/11\/ConfiraohorriodefuncionamentodoBosqueeZoolgicodeRibeiroPreto_Tamanho_2_image.jpg?fit=1200%2C900&ssl=1&resize=525%2C300 1.5x, https:\/\/i0.wp.com\/noticiasribeiraopreto.com.br\/wp-content\/uploads\/2024\/11\/ConfiraohorriodefuncionamentodoBosqueeZoolgicodeRibeiroPreto_Tamanho_2_image.jpg?fit=1200%2C900&ssl=1&resize=700%2C400 2x, https:\/\/i0.wp.com\/noticiasribeiraopreto.com.br\/wp-content\/uploads\/2024\/11\/ConfiraohorriodefuncionamentodoBosqueeZoolgicodeRibeiroPreto_Tamanho_2_image.jpg?fit=1200%2C900&ssl=1&resize=1050%2C600 3x"},"classes":[]},{"id":90549,"url":"https:\/\/noticiasribeiraopreto.com.br\/index.php\/2026\/08\/24\/um-mes-apos-temporal-ribeirao-preto-ainda-tem-limpeza-e-recuperacao-em-andamento\/","url_meta":{"origin":91168,"position":1},"title":"Um m\u00eas ap\u00f3s temporal, Ribeir\u00e3o Preto ainda tem limpeza e recupera\u00e7\u00e3o em andamento","author":"noticiasribeiraopreto.com.br","date":"24 de August de 2026","format":false,"excerpt":"Nesta segunda-feira (24), completa um m\u00eas desde o vendaval que atingiu Ribeir\u00e3o Preto em 24 de julho. Mesmo ap\u00f3s 30 dias, a cidade ainda tem pontos que passam por limpeza e recupera\u00e7\u00e3o ap\u00f3s os estragos provocados pelo temporal. A Prefeitura mant\u00e9m equipes mobilizadas para concluir a retirada dos res\u00edduos e\u2026","rel":"","context":"In &quot;Not\u00edcias de Ribeir\u00e3o Preto-SP e Regi\u00e3o&quot;","block_context":{"text":"Not\u00edcias de Ribeir\u00e3o Preto-SP e Regi\u00e3o","link":"https:\/\/noticiasribeiraopreto.com.br\/index.php\/category\/noticias-de-ribeirao-preto-sp-e-regiao-ismael-colosi\/"},"img":{"alt_text":"","src":"https:\/\/i0.wp.com\/noticiasribeiraopreto.com.br\/wp-content\/uploads\/2026\/08\/temporal-3-1.jpg?fit=1200%2C857&ssl=1&resize=350%2C200","width":350,"height":200,"srcset":"https:\/\/i0.wp.com\/noticiasribeiraopreto.com.br\/wp-content\/uploads\/2026\/08\/temporal-3-1.jpg?fit=1200%2C857&ssl=1&resize=350%2C200 1x, https:\/\/i0.wp.com\/noticiasribeiraopreto.com.br\/wp-content\/uploads\/2026\/08\/temporal-3-1.jpg?fit=1200%2C857&ssl=1&resize=525%2C300 1.5x, https:\/\/i0.wp.com\/noticiasribeiraopreto.com.br\/wp-content\/uploads\/2026\/08\/temporal-3-1.jpg?fit=1200%2C857&ssl=1&resize=700%2C400 2x, https:\/\/i0.wp.com\/noticiasribeiraopreto.com.br\/wp-content\/uploads\/2026\/08\/temporal-3-1.jpg?fit=1200%2C857&ssl=1&resize=1050%2C600 3x"},"classes":[]},{"id":83426,"url":"https:\/\/noticiasribeiraopreto.com.br\/index.php\/2026\/03\/18\/bosque-e-parque-sao-fechados-temporariamente-apos-fortes-chuvas-em-ribeirao-preto\/","url_meta":{"origin":91168,"position":2},"title":"Bosque e parque s\u00e3o fechados temporariamente ap\u00f3s fortes chuvas em Ribeir\u00e3o Preto","author":"noticiasribeiraopreto.com.br","date":"18 de March de 2026","format":false,"excerpt":"O Bosque Zool\u00f3gico F\u00e1bio Barreto e o Parque Curupira foram fechados temporariamente para visita\u00e7\u00e3o, depois do temporal que atingiu Ribeir\u00e3o Preto na tarde desta ter\u00e7a-feira (17). Segundo a Prefeitura de Ribeir\u00e3o Preto, equipes t\u00e9cnicas e de manuten\u00e7\u00e3o iniciaram uma for\u00e7a-tarefa para limpeza e reparos emergenciais nos dois espa\u00e7os p\u00fablicos, pois\u2026","rel":"","context":"In &quot;Not\u00edcias de Ribeir\u00e3o Preto-SP e Regi\u00e3o&quot;","block_context":{"text":"Not\u00edcias de Ribeir\u00e3o Preto-SP e Regi\u00e3o","link":"https:\/\/noticiasribeiraopreto.com.br\/index.php\/category\/noticias-de-ribeirao-preto-sp-e-regiao-ismael-colosi\/"},"img":{"alt_text":"","src":"https:\/\/i0.wp.com\/noticiasribeiraopreto.com.br\/wp-content\/uploads\/2026\/03\/WhatsApp-Image-2025-11-08-at-14.23.19_2025-11-08_17-24-00.webp.webp?fit=852%2C429&ssl=1&resize=350%2C200","width":350,"height":200,"srcset":"https:\/\/i0.wp.com\/noticiasribeiraopreto.com.br\/wp-content\/uploads\/2026\/03\/WhatsApp-Image-2025-11-08-at-14.23.19_2025-11-08_17-24-00.webp.webp?fit=852%2C429&ssl=1&resize=350%2C200 1x, https:\/\/i0.wp.com\/noticiasribeiraopreto.com.br\/wp-content\/uploads\/2026\/03\/WhatsApp-Image-2025-11-08-at-14.23.19_2025-11-08_17-24-00.webp.webp?fit=852%2C429&ssl=1&resize=525%2C300 1.5x, https:\/\/i0.wp.com\/noticiasribeiraopreto.com.br\/wp-content\/uploads\/2026\/03\/WhatsApp-Image-2025-11-08-at-14.23.19_2025-11-08_17-24-00.webp.webp?fit=852%2C429&ssl=1&resize=700%2C400 2x"},"classes":[]},{"id":91149,"url":"https:\/\/noticiasribeiraopreto.com.br\/index.php\/2026\/09\/05\/parques-de-ribeirao-preto-reabrem-neste-sabado-apos-mais-de-um-mes-fechados\/","url_meta":{"origin":91168,"position":3},"title":"Parques de Ribeir\u00e3o Preto reabrem neste s\u00e1bado ap\u00f3s mais de um m\u00eas fechados","author":"noticiasribeiraopreto.com.br","date":"5 de September de 2026","format":false,"excerpt":"Os parques Maur\u00edlio Biagi e Tom Jobim, em Ribeir\u00e3o Preto, voltam a receber visitantes neste s\u00e1bado (5), ap\u00f3s mais de um m\u00eas fechados por causa dos danos provocados pelo forte vendaval que atingiu a cidade em 24 de julho. De acordo com a Prefeitura, os dois parques foram os mais\u2026","rel":"","context":"In &quot;Not\u00edcias de Ribeir\u00e3o Preto-SP e Regi\u00e3o&quot;","block_context":{"text":"Not\u00edcias de Ribeir\u00e3o Preto-SP e Regi\u00e3o","link":"https:\/\/noticiasribeiraopreto.com.br\/index.php\/category\/noticias-de-ribeirao-preto-sp-e-regiao-ismael-colosi\/"},"img":{"alt_text":"","src":"https:\/\/i0.wp.com\/noticiasribeiraopreto.com.br\/wp-content\/uploads\/2026\/09\/reabertura-parque-ribeirao.jpg?fit=1200%2C675&ssl=1&resize=350%2C200","width":350,"height":200,"srcset":"https:\/\/i0.wp.com\/noticiasribeiraopreto.com.br\/wp-content\/uploads\/2026\/09\/reabertura-parque-ribeirao.jpg?fit=1200%2C675&ssl=1&resize=350%2C200 1x, https:\/\/i0.wp.com\/noticiasribeiraopreto.com.br\/wp-content\/uploads\/2026\/09\/reabertura-parque-ribeirao.jpg?fit=1200%2C675&ssl=1&resize=525%2C300 1.5x, https:\/\/i0.wp.com\/noticiasribeiraopreto.com.br\/wp-content\/uploads\/2026\/09\/reabertura-parque-ribeirao.jpg?fit=1200%2C675&ssl=1&resize=700%2C400 2x, https:\/\/i0.wp.com\/noticiasribeiraopreto.com.br\/wp-content\/uploads\/2026\/09\/reabertura-parque-ribeirao.jpg?fit=1200%2C675&ssl=1&resize=1050%2C600 3x"},"classes":[]},{"id":90180,"url":"https:\/\/noticiasribeiraopreto.com.br\/index.php\/2026\/08\/18\/quando-o-bosque-de-ribeirao-sera-reaberto-veja-o-que-diz-a-prefeitura\/","url_meta":{"origin":91168,"position":4},"title":"Quando o Bosque de Ribeir\u00e3o ser\u00e1 reaberto? Veja o que diz a Prefeitura","author":"noticiasribeiraopreto.com.br","date":"18 de August de 2026","format":false,"excerpt":"A Prefeitura de Ribeir\u00e3o Preto informou nesta ter\u00e7a-feira (18) que o Bosque e Zool\u00f3gico Dr. F\u00e1bio Barreto deve ser reaberto nos pr\u00f3ximos 10 dias. O espa\u00e7o est\u00e1 fechado desde o dia 24 de julho, quando um temporal atingiu a cidade e provocou danos em diferentes pontos do parque. Segundo a\u2026","rel":"","context":"In &quot;Not\u00edcias de Ribeir\u00e3o Preto-SP e Regi\u00e3o&quot;","block_context":{"text":"Not\u00edcias de Ribeir\u00e3o Preto-SP e Regi\u00e3o","link":"https:\/\/noticiasribeiraopreto.com.br\/index.php\/category\/noticias-de-ribeirao-preto-sp-e-regiao-ismael-colosi\/"},"img":{"alt_text":"","src":"https:\/\/i0.wp.com\/noticiasribeiraopreto.com.br\/wp-content\/uploads\/2026\/08\/bosque-zoo-de-ribeirao-.jpg?fit=1200%2C675&ssl=1&resize=350%2C200","width":350,"height":200,"srcset":"https:\/\/i0.wp.com\/noticiasribeiraopreto.com.br\/wp-content\/uploads\/2026\/08\/bosque-zoo-de-ribeirao-.jpg?fit=1200%2C675&ssl=1&resize=350%2C200 1x, https:\/\/i0.wp.com\/noticiasribeiraopreto.com.br\/wp-content\/uploads\/2026\/08\/bosque-zoo-de-ribeirao-.jpg?fit=1200%2C675&ssl=1&resize=525%2C300 1.5x, https:\/\/i0.wp.com\/noticiasribeiraopreto.com.br\/wp-content\/uploads\/2026\/08\/bosque-zoo-de-ribeirao-.jpg?fit=1200%2C675&ssl=1&resize=700%2C400 2x, https:\/\/i0.wp.com\/noticiasribeiraopreto.com.br\/wp-content\/uploads\/2026\/08\/bosque-zoo-de-ribeirao-.jpg?fit=1200%2C675&ssl=1&resize=1050%2C600 3x"},"classes":[]},{"id":90628,"url":"https:\/\/noticiasribeiraopreto.com.br\/index.php\/2026\/08\/26\/mp-sp-da-prazo-para-prefeitura-de-ribeirao-preto-limpar-pracas-apos-vendaval\/","url_meta":{"origin":91168,"position":5},"title":"MP-SP d\u00e1 prazo para Prefeitura de Ribeir\u00e3o Preto limpar pra\u00e7as ap\u00f3s vendaval","author":"noticiasribeiraopreto.com.br","date":"26 de August de 2026","format":false,"excerpt":"O MP-SP (Minist\u00e9rio P\u00fablico de S\u00e3o Paulo) estipulou o prazo de 20 dias para que a Prefeitura de Ribeir\u00e3o Preto fa\u00e7a a limpeza de pra\u00e7as que ainda acumulam galhos de \u00e1rvores do vendaval do \u00faltimo dia 24 de julho. Receba not\u00edcias do\u00a0acidade on Ribeir\u00e3o\u00a0no WhatsApp e fique por dentro de\u2026","rel":"","context":"In &quot;Not\u00edcias de Ribeir\u00e3o Preto-SP e Regi\u00e3o&quot;","block_context":{"text":"Not\u00edcias de Ribeir\u00e3o Preto-SP e Regi\u00e3o","link":"https:\/\/noticiasribeiraopreto.com.br\/index.php\/category\/noticias-de-ribeirao-preto-sp-e-regiao-ismael-colosi\/"},"img":{"alt_text":"","src":"https:\/\/i0.wp.com\/noticiasribeiraopreto.com.br\/wp-content\/uploads\/2026\/08\/promotara-claudia-habib.jpeg?fit=1200%2C675&ssl=1&resize=350%2C200","width":350,"height":200,"srcset":"https:\/\/i0.wp.com\/noticiasribeiraopreto.com.br\/wp-content\/uploads\/2026\/08\/promotara-claudia-habib.jpeg?fit=1200%2C675&ssl=1&resize=350%2C200 1x, https:\/\/i0.wp.com\/noticiasribeiraopreto.com.br\/wp-content\/uploads\/2026\/08\/promotara-claudia-habib.jpeg?fit=1200%2C675&ssl=1&resize=525%2C300 1.5x, https:\/\/i0.wp.com\/noticiasribeiraopreto.com.br\/wp-content\/uploads\/2026\/08\/promotara-claudia-habib.jpeg?fit=1200%2C675&ssl=1&resize=700%2C400 2x, https:\/\/i0.wp.com\/noticiasribeiraopreto.com.br\/wp-content\/uploads\/2026\/08\/promotara-claudia-habib.jpeg?fit=1200%2C675&ssl=1&resize=1050%2C600 3x"},"classes":[]}],"jetpack_sharing_enabled":true,"jetpack_shortlink":"https:\/\/wp.me\/peQAOb-nIs","jetpack_featured_media_url":"https:\/\/i0.wp.com\/noticiasribeiraopreto.com.br\/wp-content\/uploads\/2026\/09\/bosque-zoo-de-ribeirao-.jpg?fit=1200%2C675&ssl=1","_links":{"self":[{"href":"https:\/\/noticiasribeiraopreto.com.br\/index.php\/wp-json\/wp\/v2\/posts\/91168","targetHints":{"allow":["GET"]}}],"collection":[{"href":"https:\/\/noticiasribeiraopreto.com.br\/index.php\/wp-json\/wp\/v2\/posts"}],"about":[{"href":"https:\/\/noticiasribeiraopreto.com.br\/index.php\/wp-json\/wp\/v2\/types\/post"}],"author":[{"embeddable":true,"href":"https:\/\/noticiasribeiraopreto.com.br\/index.php\/wp-json\/wp\/v2\/users\/1"}],"replies":[{"embeddable":true,"href":"https:\/\/noticiasribeiraopreto.com.br\/index.php\/wp-json\/wp\/v2\/comments?post=91168"}],"version-history":[{"count":0,"href":"https:\/\/noticiasribeiraopreto.com.br\/index.php\/wp-json\/wp\/v2\/posts\/91168\/revisions"}],"wp:featuredmedia":[{"embeddable":true,"href":"https:\/\/noticiasribeiraopreto.com.br\/index.php\/wp-json\/wp\/v2\/media\/91169"}],"wp:attachment":[{"href":"https:\/\/noticiasribeiraopreto.com.br\/index.php\/wp-json\/wp\/v2\/media?parent=91168"}],"wp:term":[{"taxonomy":"category","embeddable":true,"href":"https:\/\/noticiasribeiraopreto.com.br\/index.php\/wp-json\/wp\/v2\/categories?post=91168"},{"taxonomy":"post_tag","embeddable":true,"href":"https:\/\/noticiasribeiraopreto.com.br\/index.php\/wp-json\/wp\/v2\/tags?post=91168"}],"curies":[{"name":"wp","href":"https:\/\/api.w.org\/{rel}","templated":true}]}}