{"id":91170,"date":"2026-09-05T17:29:25","date_gmt":"2026-09-05T20:29:25","guid":{"rendered":"https:\/\/noticiasribeiraopreto.com.br\/index.php\/2026\/09\/05\/rajadas-de-vento-de-65-km-h-sao-registradas-em-ribeirao-preto-veja-videos\/"},"modified":"2026-09-05T17:29:25","modified_gmt":"2026-09-05T20:29:25","slug":"rajadas-de-vento-de-65-km-h-sao-registradas-em-ribeirao-preto-veja-videos","status":"publish","type":"post","link":"https:\/\/noticiasribeiraopreto.com.br\/index.php\/2026\/09\/05\/rajadas-de-vento-de-65-km-h-sao-registradas-em-ribeirao-preto-veja-videos\/","title":{"rendered":"Rajadas de vento de 65 km\/h s\u00e3o registradas em Ribeir\u00e3o Preto; veja v\u00eddeos"},"content":{"rendered":"<div class='code-block code-block-1' style='margin: 8px 0 8px auto; text-align: right; display: block; clear: both;'>\n<p><a href=\"https:\/\/wa.link\/vpicfd\"><img data-recalc-dims=\"1\" class=\"wp-image-4922\" style=\"aspect-ratio: 2.0253164556962027; width: 561px; height: auto;\" src=\"https:\/\/i0.wp.com\/ismaelcolosi.com.br\/wp-content\/uploads\/2023\/11\/grupo-de-empregos-whatsapp-e-facebook-ismael-colosi-vagas.jpg?ssl=1\" alt=\"\" \/><\/a><\/p>\n<!-- \/wp:image -->\n<\/div>\n<p> <br \/>\n<\/p>\n<p>Uma <strong>forte rajada de vento<\/strong> atingiu <strong>Ribeir\u00e3o Preto<\/strong> na tarde deste s\u00e1bado (5) e provocou estragos em alguns pontos da cidade \u2013 veja abaixo.<\/p>\n<p><mark class=\"has-inline-color\">De acordo com a<strong> Defesa Civil do Estado de S\u00e3o Paulo<\/strong>, foram registradas <strong>rajadas de 65 km\/h<\/strong> no munic\u00edpio durante a tarde.<\/mark><\/p>\n<p>Entre os registros recebidos pela reportagem est\u00e1 uma<strong> tempestade de poeira na regi\u00e3o do Reserva Real<\/strong>, na zona Leste, onde a for\u00e7a do vento levantou uma grande quantidade de poeira e chamou a aten\u00e7\u00e3o de moradores.<\/p>\n<blockquote class=\"instagram-media\" data-instgrm-permalink=\"https:\/\/www.instagram.com\/reel\/Dc6xZifTeLP\/?utm_source=ig_embed&amp;utm_campaign=loading\" data-instgrm-version=\"14\">\n<div> <a href=\"https:\/\/www.instagram.com\/reel\/Dc6xZifTeLP\/?utm_source=ig_embed&amp;utm_campaign=loading\" target=\"_blank\" rel=\"noopener\"> <\/p>\n<div>\n<div><\/div>\n<div>\n<div><\/div>\n<div><\/div>\n<\/div>\n<\/div>\n<div><\/div>\n<div><\/div>\n<div>\n<div>Ver essa foto no Instagram<\/div>\n<\/div>\n<div><\/div>\n<div>\n<div>\n<div><\/div>\n<div><\/div>\n<div><\/div>\n<\/div>\n<div>\n<div><\/div>\n<div><\/div>\n<\/div>\n<div>\n<div><\/div>\n<div><\/div>\n<div><\/div>\n<\/div>\n<\/div>\n<div>\n<div><\/div>\n<div><\/div>\n<\/div>\n<p><\/a><\/p>\n<p><a href=\"https:\/\/www.instagram.com\/reel\/Dc6xZifTeLP\/?utm_source=ig_embed&amp;utm_campaign=loading\" target=\"_blank\" rel=\"noopener\">Um post compartilhado por acidade on Ribeir\u00e3o (@acidadeonribeirao)<\/a><\/p>\n<\/div>\n<\/blockquote>\n<p>No Sumarezinho, <strong>uma forte rajada de vento tamb\u00e9m provocou danos em estruturas de um im\u00f3vel <\/strong>na rua Amap\u00e1, esquina com a rua Esp\u00edrito Santo.<\/p>\n<p>Segundo o relato enviado \u00e0 <strong>EPTV<\/strong>, os rufos haviam sido instalados recentemente ap\u00f3s terem sido danificados pelo vendaval anterior e foram novamente arrancados com a for\u00e7a do vento.<\/p>\n<blockquote class=\"instagram-media\" data-instgrm-permalink=\"https:\/\/www.instagram.com\/reel\/Dc60xLCBUi9\/?utm_source=ig_embed&amp;utm_campaign=loading\" data-instgrm-version=\"14\">\n<div> <a href=\"https:\/\/www.instagram.com\/reel\/Dc60xLCBUi9\/?utm_source=ig_embed&amp;utm_campaign=loading\" target=\"_blank\" rel=\"noopener\"> <\/p>\n<div>\n<div><\/div>\n<div>\n<div><\/div>\n<div><\/div>\n<\/div>\n<\/div>\n<div><\/div>\n<div><\/div>\n<div>\n<div>Ver essa foto no Instagram<\/div>\n<\/div>\n<div><\/div>\n<div>\n<div>\n<div><\/div>\n<div><\/div>\n<div><\/div>\n<\/div>\n<div>\n<div><\/div>\n<div><\/div>\n<\/div>\n<div>\n<div><\/div>\n<div><\/div>\n<div><\/div>\n<\/div>\n<\/div>\n<div>\n<div><\/div>\n<div><\/div>\n<\/div>\n<p><\/a><\/p>\n<p><a href=\"https:\/\/www.instagram.com\/reel\/Dc60xLCBUi9\/?utm_source=ig_embed&amp;utm_campaign=loading\" target=\"_blank\" rel=\"noopener\">Um post compartilhado por acidade on Ribeir\u00e3o (@acidadeonribeirao)<\/a><\/p>\n<\/div>\n<\/blockquote>\n<p class=\"has-text-align-center has-cyan-bluish-gray-background-color has-background\"><em>Receba not\u00edcias do\u00a0<strong>acidade on Ribeir\u00e3o\u00a0<\/strong>no WhatsApp e fique por dentro de tudo! Basta acessar o link<a href=\"https:\/\/chat.whatsapp.com\/DfXwcjKVIddHUT3BvnQuPZ?mode=hqctshi\" target=\"_blank\" rel=\"noreferrer noopener\">\u00a0aqui<\/a>!<\/em><\/p>\n<h2 class=\"wp-block-heading\"><strong>Ribeir\u00e3o Preto est\u00e1 em alerta para tempestades<\/strong><\/h2>\n<p>Vale lembrar que o <strong>Instituto Nacional de Meteorologia (Inmet)<\/strong> emitiu um alerta de perigo potencial para o risco e tempestade no interior de S\u00e3o Paulo, inclusive em<strong> Ribeir\u00e3o Preto<\/strong>.<\/p>\n<p>De acordo com a<strong> Defesa Civil do estad<\/strong>o, <mark class=\"has-inline-color\">a instabilidade do clima \u00e9 causada por uma frente fria vinda do Rio Grande do Sul, que pode provocar elevados acumulados de chuva, com risco de alagamentos, inunda\u00e7\u00f5es e deslizamentos de terra.<\/mark><\/p>\n<p>Conforme o comunicado emitido pelo Inmet, existe previs\u00e3o de chuva de at\u00e9 50 mil\u00edmetros por dia, acompanhada de <strong>ventos intensos que variam entre 40 km\/h e 60 km\/h.<\/strong><\/p>\n<p>Apesar de baixo, o instituto tamb\u00e9m alerta para o risco de corte de energia el\u00e9trica, estragos em planta\u00e7\u00f5es, queda de galhos de \u00e1rvores e de alagamentos. <strong>O alerta \u00e9 v\u00e1lido at\u00e9 \u00e0s 23h59 deste s\u00e1bado.<\/strong><\/p>\n<figure class=\"wp-block-image size-large\"><figcaption class=\"wp-element-caption\">Inmet coloca estado de S\u00e3o Paulo em alerta para tempestade \u2013 Foto: reprodu\u00e7\u00e3o\/ Inmet.<\/figcaption><\/figure>\n<h2 class=\"wp-block-heading\"><strong>Defesa Civil de SP refor\u00e7a alerta de temporais<\/strong><\/h2>\n<p>Al\u00e9m do alerta emitido pelo\u00a0<strong>Instituto Nacional de Meteorologia (Inmet)<\/strong>, a\u00a0<strong>Defesa Civil de S\u00e3o Paulo<\/strong>\u00a0tamb\u00e9m\u00a0<strong>refor\u00e7ou a orienta\u00e7\u00e3o para o risco de temporais em todo o estado<\/strong>.<\/p>\n<p>Segundo o \u00f3rg\u00e3o, as equipes mant\u00eam o monitoramento das condi\u00e7\u00f5es meteorol\u00f3gicas ap\u00f3s as chuvas registradas no in\u00edcio da manh\u00e3 deste s\u00e1bado (5).\u00a0<strong><mark class=\"has-inline-color\">Ao longo do per\u00edodo, foram emitidos 18 alertas por SMS para a popula\u00e7\u00e3o.<\/mark><\/strong><\/p>\n<p>Para o domingo,\u00a0<strong>a previs\u00e3o \u00e9 de que as chuvas ganhem intensidade durante a madrugada<\/strong>. A passagem de uma<strong>\u00a0frente fria<\/strong>\u00a0pelo estado, combinada \u00e0 entrada de umidade vinda do oceano, deve manter o tempo inst\u00e1vel ao longo do dia.<\/p>\n<p><strong><mark class=\"has-inline-color\">No interior paulista, s\u00e3o esperadas pancadas de chuva isoladas, acompanhadas de raios.<\/mark><\/strong>\u00a0J\u00e1 no Litoral Paulista e na Baixada Santista, os acumulados podem superar 70 mil\u00edmetros, aumentando o risco de alagamentos e deslizamentos de terra.<\/p>\n<p>Ao longo do domingo,\u00a0<strong>a frente fria avan\u00e7a em dire\u00e7\u00e3o ao estado do Rio de Janeiro<\/strong>, mas ainda mant\u00e9m condi\u00e7\u00f5es favor\u00e1veis \u00e0 ocorr\u00eancia de chuva em diferentes regi\u00f5es de S\u00e3o Paulo.<\/p>\n<figure class=\"wp-block-image size-large\"><img data-recalc-dims=\"1\" loading=\"lazy\" decoding=\"async\" width=\"1024\" height=\"461\" src=\"https:\/\/i0.wp.com\/www.acidadeon.com\/ribeiraopreto\/wp-content\/uploads\/sites\/3\/2025\/06\/WhatsApp-Image-2025-06-23-at-13.53.17_2025-06-23_17-03-34-1024x461.webp?resize=1024%2C461&#038;ssl=1\" alt=\"Tempestade pode atingir diversas \u00e1reas do estado de SP - Foto: Ricardo Canaveze.\" class=\"wp-image-120619\" title=\"Rajadas de vento de 65 km\/h s\u00e3o registradas em Ribeir\u00e3o Preto; veja v\u00eddeos 2\"><figcaption class=\"wp-element-caption\">Tempestade pode atingir diversas \u00e1reas do estado de SP \u2013 Foto: Ricardo Canaveze.<\/figcaption><\/figure>\n<h3 class=\"wp-block-heading\"><strong>Confira as orienta\u00e7\u00f5es do \u00f3rg\u00e3o para esse per\u00edodo<\/strong><\/h3>\n<p>A\u00a0<strong>Defesa Civil<\/strong>\u00a0orienta a popula\u00e7\u00e3o a<strong>\u00a0n\u00e3o atravessar ruas alagadas ou trechos com enxurradas<\/strong>\u00a0e a\u00a0<strong>manter dist\u00e2ncia de \u00e1rvores e estruturas met\u00e1licas<\/strong>\u00a0que possam oferecer risco durante os temporais.<\/p>\n<p>No Litoral Paulista, a recomenda\u00e7\u00e3o \u00e9 evitar atividades n\u00e1uticas durante o fim de semana, devido \u00e0 previs\u00e3o de agita\u00e7\u00e3o mar\u00edtima.<\/p>\n<p><strong>Moradores de \u00e1reas de risco tamb\u00e9m devem ficar atentos a sinais que podem indicar o in\u00edcio de deslizamentos<\/strong>, como rachaduras em paredes, dificuldade para abrir ou fechar portas e janelas e a inclina\u00e7\u00e3o de postes e \u00e1rvores.<\/p>\n<p class=\"has-text-align-center has-cyan-bluish-gray-background-color has-background\"><em>Fa\u00e7a uma den\u00fancia ou sugira uma reportagem sobre\u00a0<strong>Ribeir\u00e3o Preto\u00a0<\/strong>e regi\u00e3o por meio do WhatsApp do\u00a0<strong>acidade on Ribeir\u00e3o<\/strong>: (16) 99117-7802.<\/em><\/p>\n<\/p>\n<p>O post Rajadas de vento de 65 km\/h s\u00e3o registradas em Ribeir\u00e3o Preto; veja v\u00eddeos apareceu primeiro em ACidade ON Ribeir\u00e3o Preto.<\/p>\n<p><script async src=\"\/\/www.instagram.com\/embed.js\"><\/script><br \/>\n<br \/><br \/>\n<br \/><a href=\"https:\/\/www.acidadeon.com\/ribeiraopreto\/cotidiano\/rajadas-de-vento-de-65-km-h-sao-registradas-em-ribeirao-preto-veja-videos\/\">Link para o texto original aqui <\/a><\/p>\n<!-- CONTENT END 1 -->\n","protected":false},"excerpt":{"rendered":"<p>Uma forte rajada de vento atingiu Ribeir\u00e3o Preto na tarde deste s\u00e1bado (5) e provocou estragos em alguns pontos da cidade \u2013 veja abaixo. De&#8230;<\/p>\n","protected":false},"author":1,"featured_media":91171,"comment_status":"","ping_status":"","sticky":false,"template":"","format":"standard","meta":{"advanced_seo_description":"","jetpack_seo_html_title":"","jetpack_seo_noindex":false,"jetpack_seo_schema_type":"","_jetpack_newsletter_access":"","_jetpack_dont_email_post_to_subs":false,"_jetpack_newsletter_tier_id":0,"_jetpack_memberships_contains_paywalled_content":false,"_jetpack_feature_clip_id":0,"_jetpack_memberships_contains_paid_content":false,"footnotes":"","jetpack_publicize_message":"","jetpack_publicize_feature_enabled":true,"jetpack_social_post_already_shared":true,"jetpack_social_options":{"image_generator_settings":{"template":"highway","default_image_id":0,"font":"","enabled":false},"version":2},"jetpack_post_was_ever_published":false},"categories":[11],"tags":[249,27,8234,7994,26,50,48,3181,1283],"class_list":["post-91170","post","type-post","status-publish","format-standard","has-post-thumbnail","hentry","category-noticias-de-ribeirao-preto-sp-e-regiao-ismael-colosi","tag-kmh","tag-preto","tag-rajadas","tag-registradas","tag-ribeirao","tag-sao","tag-veja","tag-vento","tag-videos"],"jetpack_publicize_connections":[],"jetpack-related-posts":[{"id":2995,"url":"https:\/\/noticiasribeiraopreto.com.br\/index.php\/2023\/11\/16\/apos-calorao-tempestade-de-terra-atinge-ribeirao-preto-sp-veja-video\/","url_meta":{"origin":91170,"position":0},"title":"Ap\u00f3s calor\u00e3o, tempestade de terra atinge Ribeir\u00e3o Preto (SP); veja v\u00eddeo","author":"noticiasribeiraopreto.com.br","date":"16 de November de 2023","format":false,"excerpt":"Uma tempestade de terra tomou a cidade de Ribeir\u00e3o Preto, no interior de S\u00e3o Paulo, na tarde de quarta-feira (15). Imagens registradas por moradores mostram o c\u00e9u coberto de uma poeira avermelhada.Segundo a Defesa Civil do munic\u00edpio, as fortes rajadas de vento ocasionaram quedas de \u00e1rvores e a tempestade de\u2026","rel":"","context":"In &quot;Not\u00edcias de Ribeir\u00e3o Preto-SP e Regi\u00e3o&quot;","block_context":{"text":"Not\u00edcias de Ribeir\u00e3o Preto-SP e Regi\u00e3o","link":"https:\/\/noticiasribeiraopreto.com.br\/index.php\/category\/noticias-de-ribeirao-preto-sp-e-regiao-ismael-colosi\/"},"img":{"alt_text":"","src":"https:\/\/i0.wp.com\/noticiasribeiraopreto.com.br\/wp-content\/uploads\/2023\/11\/TEMPESTADE-AREIA.jpg?fit=1200%2C673&ssl=1&resize=350%2C200","width":350,"height":200,"srcset":"https:\/\/i0.wp.com\/noticiasribeiraopreto.com.br\/wp-content\/uploads\/2023\/11\/TEMPESTADE-AREIA.jpg?fit=1200%2C673&ssl=1&resize=350%2C200 1x, https:\/\/i0.wp.com\/noticiasribeiraopreto.com.br\/wp-content\/uploads\/2023\/11\/TEMPESTADE-AREIA.jpg?fit=1200%2C673&ssl=1&resize=525%2C300 1.5x, https:\/\/i0.wp.com\/noticiasribeiraopreto.com.br\/wp-content\/uploads\/2023\/11\/TEMPESTADE-AREIA.jpg?fit=1200%2C673&ssl=1&resize=700%2C400 2x, https:\/\/i0.wp.com\/noticiasribeiraopreto.com.br\/wp-content\/uploads\/2023\/11\/TEMPESTADE-AREIA.jpg?fit=1200%2C673&ssl=1&resize=1050%2C600 3x"},"classes":[]},{"id":62771,"url":"https:\/\/noticiasribeiraopreto.com.br\/index.php\/2025\/01\/23\/ribeirao-preto-registra-rajadas-de-vento-de-74-km-h-durante-temporal-veja-video\/","url_meta":{"origin":91170,"position":1},"title":"Ribeir\u00e3o Preto registra rajadas de vento de 74 km\/h durante temporal; Veja v\u00eddeo","author":"noticiasribeiraopreto.com.br","date":"23 de January de 2025","format":false,"excerpt":"O temporal que atingiu Ribeir\u00e3o Preto no final da tarde desta quinta-feira (23) veio acompanhado de fortes rajadas de vento. De acordo com o monitoramento da esta\u00e7\u00e3o meteorol\u00f3gica do Inmet (Instituto Nacional de Meteorologia) do aeroporto Leite Lopes, a maior rajada de vento registrada em Ribeir\u00e3o Preto foi de 74\u2026","rel":"","context":"In &quot;Not\u00edcias de Ribeir\u00e3o Preto-SP e Regi\u00e3o&quot;","block_context":{"text":"Not\u00edcias de Ribeir\u00e3o Preto-SP e Regi\u00e3o","link":"https:\/\/noticiasribeiraopreto.com.br\/index.php\/category\/noticias-de-ribeirao-preto-sp-e-regiao-ismael-colosi\/"},"img":{"alt_text":"","src":"https:\/\/i0.wp.com\/noticiasribeiraopreto.com.br\/wp-content\/uploads\/2025\/01\/Copia-de-Copia-de-Copia-de-TAMANHO-EXATO-PARA-FOTOS-NO-SISTEMA-NOVO-2025-01-23T184605.213_2025-01-23_21-46-09_png_2025-01-23_21-46-09.webp.webp?fit=1200%2C675&ssl=1&resize=350%2C200","width":350,"height":200,"srcset":"https:\/\/i0.wp.com\/noticiasribeiraopreto.com.br\/wp-content\/uploads\/2025\/01\/Copia-de-Copia-de-Copia-de-TAMANHO-EXATO-PARA-FOTOS-NO-SISTEMA-NOVO-2025-01-23T184605.213_2025-01-23_21-46-09_png_2025-01-23_21-46-09.webp.webp?fit=1200%2C675&ssl=1&resize=350%2C200 1x, https:\/\/i0.wp.com\/noticiasribeiraopreto.com.br\/wp-content\/uploads\/2025\/01\/Copia-de-Copia-de-Copia-de-TAMANHO-EXATO-PARA-FOTOS-NO-SISTEMA-NOVO-2025-01-23T184605.213_2025-01-23_21-46-09_png_2025-01-23_21-46-09.webp.webp?fit=1200%2C675&ssl=1&resize=525%2C300 1.5x, https:\/\/i0.wp.com\/noticiasribeiraopreto.com.br\/wp-content\/uploads\/2025\/01\/Copia-de-Copia-de-Copia-de-TAMANHO-EXATO-PARA-FOTOS-NO-SISTEMA-NOVO-2025-01-23T184605.213_2025-01-23_21-46-09_png_2025-01-23_21-46-09.webp.webp?fit=1200%2C675&ssl=1&resize=700%2C400 2x, https:\/\/i0.wp.com\/noticiasribeiraopreto.com.br\/wp-content\/uploads\/2025\/01\/Copia-de-Copia-de-Copia-de-TAMANHO-EXATO-PARA-FOTOS-NO-SISTEMA-NOVO-2025-01-23T184605.213_2025-01-23_21-46-09_png_2025-01-23_21-46-09.webp.webp?fit=1200%2C675&ssl=1&resize=1050%2C600 3x"},"classes":[]},{"id":72987,"url":"https:\/\/noticiasribeiraopreto.com.br\/index.php\/2025\/06\/23\/ventania-e-nuvens-de-poeira-atingem-cidades-na-regiao-de-ribeirao-veja-video\/","url_meta":{"origin":91170,"position":2},"title":"Ventania e nuvens de poeira atingem cidades na regi\u00e3o de Ribeir\u00e3o; Veja v\u00eddeo","author":"noticiasribeiraopreto.com.br","date":"23 de June de 2025","format":false,"excerpt":"Moradores de cidades da regi\u00e3o de Ribeir\u00e3o Preto registraram uma forte ventania seguida por nuvens de poeira na tarde desta segunda-feira (23). A situa\u00e7\u00e3o foi registrada em Franca, Gua\u00edra, Restinga e S\u00e3o Joaquim da Barra. Em um dos v\u00eddeos ao qual o acidade on teve acesso \u00e9 poss\u00edvel ver que\u2026","rel":"","context":"In &quot;Not\u00edcias de Ribeir\u00e3o Preto-SP e Regi\u00e3o&quot;","block_context":{"text":"Not\u00edcias de Ribeir\u00e3o Preto-SP e Regi\u00e3o","link":"https:\/\/noticiasribeiraopreto.com.br\/index.php\/category\/noticias-de-ribeirao-preto-sp-e-regiao-ismael-colosi\/"},"img":{"alt_text":"","src":"https:\/\/i0.wp.com\/noticiasribeiraopreto.com.br\/wp-content\/uploads\/2025\/06\/Copia-de-Copia-de-Copia-de-TAMANHO-EXATO-PARA-FOTOS-NO-SISTEMA-NOVO-2025-06-23T153108.043_2025-06-23_18-37-05.webp.webp?fit=1200%2C675&ssl=1&resize=350%2C200","width":350,"height":200,"srcset":"https:\/\/i0.wp.com\/noticiasribeiraopreto.com.br\/wp-content\/uploads\/2025\/06\/Copia-de-Copia-de-Copia-de-TAMANHO-EXATO-PARA-FOTOS-NO-SISTEMA-NOVO-2025-06-23T153108.043_2025-06-23_18-37-05.webp.webp?fit=1200%2C675&ssl=1&resize=350%2C200 1x, https:\/\/i0.wp.com\/noticiasribeiraopreto.com.br\/wp-content\/uploads\/2025\/06\/Copia-de-Copia-de-Copia-de-TAMANHO-EXATO-PARA-FOTOS-NO-SISTEMA-NOVO-2025-06-23T153108.043_2025-06-23_18-37-05.webp.webp?fit=1200%2C675&ssl=1&resize=525%2C300 1.5x, https:\/\/i0.wp.com\/noticiasribeiraopreto.com.br\/wp-content\/uploads\/2025\/06\/Copia-de-Copia-de-Copia-de-TAMANHO-EXATO-PARA-FOTOS-NO-SISTEMA-NOVO-2025-06-23T153108.043_2025-06-23_18-37-05.webp.webp?fit=1200%2C675&ssl=1&resize=700%2C400 2x, https:\/\/i0.wp.com\/noticiasribeiraopreto.com.br\/wp-content\/uploads\/2025\/06\/Copia-de-Copia-de-Copia-de-TAMANHO-EXATO-PARA-FOTOS-NO-SISTEMA-NOVO-2025-06-23T153108.043_2025-06-23_18-37-05.webp.webp?fit=1200%2C675&ssl=1&resize=1050%2C600 3x"},"classes":[]},{"id":57929,"url":"https:\/\/noticiasribeiraopreto.com.br\/index.php\/2024\/09\/13\/rajadas-de-vento-de-ate-65-km-h-podem-atingir-o-interior-de-sp-veja-regioes\/","url_meta":{"origin":91170,"position":3},"title":"Rajadas de vento de at\u00e9 65 km\/h podem atingir o interior de SP; Veja regi\u00f5es","author":"noticiasribeiraopreto.com.br","date":"13 de September de 2024","format":false,"excerpt":"A Defesa Civil do Estado de S\u00e3o Paulo alertou para a possibilidade de rajadas de vento de at\u00e9 65 km\/h no interior paulista. O comunicado foi realizado no come\u00e7o da noite desta sexta-feira (13) e \u00e9 v\u00e1lido para todo o final de semana \u2013 veja abaixo as cidades afetadas pelas\u2026","rel":"","context":"In &quot;Not\u00edcias de Ribeir\u00e3o Preto-SP e Regi\u00e3o&quot;","block_context":{"text":"Not\u00edcias de Ribeir\u00e3o Preto-SP e Regi\u00e3o","link":"https:\/\/noticiasribeiraopreto.com.br\/index.php\/category\/noticias-de-ribeirao-preto-sp-e-regiao-ismael-colosi\/"},"img":{"alt_text":"","src":"https:\/\/i0.wp.com\/noticiasribeiraopreto.com.br\/wp-content\/uploads\/2024\/09\/NY_1764_2024-08-24_20-32-38_jpg_2024-08-24_20-32-39-1068x712-1_2024-09-13_21-37-09.webp.webp?fit=1068%2C712&ssl=1&resize=350%2C200","width":350,"height":200,"srcset":"https:\/\/i0.wp.com\/noticiasribeiraopreto.com.br\/wp-content\/uploads\/2024\/09\/NY_1764_2024-08-24_20-32-38_jpg_2024-08-24_20-32-39-1068x712-1_2024-09-13_21-37-09.webp.webp?fit=1068%2C712&ssl=1&resize=350%2C200 1x, https:\/\/i0.wp.com\/noticiasribeiraopreto.com.br\/wp-content\/uploads\/2024\/09\/NY_1764_2024-08-24_20-32-38_jpg_2024-08-24_20-32-39-1068x712-1_2024-09-13_21-37-09.webp.webp?fit=1068%2C712&ssl=1&resize=525%2C300 1.5x, https:\/\/i0.wp.com\/noticiasribeiraopreto.com.br\/wp-content\/uploads\/2024\/09\/NY_1764_2024-08-24_20-32-38_jpg_2024-08-24_20-32-39-1068x712-1_2024-09-13_21-37-09.webp.webp?fit=1068%2C712&ssl=1&resize=700%2C400 2x, https:\/\/i0.wp.com\/noticiasribeiraopreto.com.br\/wp-content\/uploads\/2024\/09\/NY_1764_2024-08-24_20-32-38_jpg_2024-08-24_20-32-39-1068x712-1_2024-09-13_21-37-09.webp.webp?fit=1068%2C712&ssl=1&resize=1050%2C600 3x"},"classes":[]},{"id":59500,"url":"https:\/\/noticiasribeiraopreto.com.br\/index.php\/2024\/10\/24\/ribeirao-preto-registra-rajadas-de-vento-de-80km-h-nesta-quinta-feira-veja-video\/","url_meta":{"origin":91170,"position":4},"title":"Ribeir\u00e3o Preto registra rajadas de vento de 80km\/h nesta quinta-feira; veja v\u00eddeo","author":"noticiasribeiraopreto.com.br","date":"24 de October de 2024","format":false,"excerpt":"A Defesa Civil divulgou o balan\u00e7o das chuvas desta quinta-feira (24). Segundo o \u00f3rg\u00e3o, Ribeir\u00e3o Preto registrou rajadas de vento de 80 quil\u00f4metros por hora. Durante a tarde, chuva e os ventos fortes que atingiram a cidade\u00a0ressultaram em danos e quedas de \u00e1rvores em alguns pontos da cidade. At\u00e9 o\u2026","rel":"","context":"In &quot;Not\u00edcias de Ribeir\u00e3o Preto-SP e Regi\u00e3o&quot;","block_context":{"text":"Not\u00edcias de Ribeir\u00e3o Preto-SP e Regi\u00e3o","link":"https:\/\/noticiasribeiraopreto.com.br\/index.php\/category\/noticias-de-ribeirao-preto-sp-e-regiao-ismael-colosi\/"},"img":{"alt_text":"","src":"https:\/\/i0.wp.com\/noticiasribeiraopreto.com.br\/wp-content\/uploads\/2024\/10\/Copia-de-Copia-de-Copia-de-TAMANHO-EXATO-PARA-FOTOS-NO-SISTEMA-NOVO-42_2024-10-24_23-16-57_png_2024-10-24_23-16-57.webp.webp?fit=1200%2C675&ssl=1&resize=350%2C200","width":350,"height":200,"srcset":"https:\/\/i0.wp.com\/noticiasribeiraopreto.com.br\/wp-content\/uploads\/2024\/10\/Copia-de-Copia-de-Copia-de-TAMANHO-EXATO-PARA-FOTOS-NO-SISTEMA-NOVO-42_2024-10-24_23-16-57_png_2024-10-24_23-16-57.webp.webp?fit=1200%2C675&ssl=1&resize=350%2C200 1x, https:\/\/i0.wp.com\/noticiasribeiraopreto.com.br\/wp-content\/uploads\/2024\/10\/Copia-de-Copia-de-Copia-de-TAMANHO-EXATO-PARA-FOTOS-NO-SISTEMA-NOVO-42_2024-10-24_23-16-57_png_2024-10-24_23-16-57.webp.webp?fit=1200%2C675&ssl=1&resize=525%2C300 1.5x, https:\/\/i0.wp.com\/noticiasribeiraopreto.com.br\/wp-content\/uploads\/2024\/10\/Copia-de-Copia-de-Copia-de-TAMANHO-EXATO-PARA-FOTOS-NO-SISTEMA-NOVO-42_2024-10-24_23-16-57_png_2024-10-24_23-16-57.webp.webp?fit=1200%2C675&ssl=1&resize=700%2C400 2x, https:\/\/i0.wp.com\/noticiasribeiraopreto.com.br\/wp-content\/uploads\/2024\/10\/Copia-de-Copia-de-Copia-de-TAMANHO-EXATO-PARA-FOTOS-NO-SISTEMA-NOVO-42_2024-10-24_23-16-57_png_2024-10-24_23-16-57.webp.webp?fit=1200%2C675&ssl=1&resize=1050%2C600 3x"},"classes":[]},{"id":77619,"url":"https:\/\/noticiasribeiraopreto.com.br\/index.php\/2025\/09\/22\/cidade-no-interior-de-sp-tem-ceu-tomado-por-areia-e-registra-rajadas-de-vento-video\/","url_meta":{"origin":91170,"position":5},"title":"Cidade no interior de SP tem c\u00e9u tomado por areia e registra rajadas de vento; V\u00eddeo","author":"noticiasribeiraopreto.com.br","date":"22 de September de 2025","format":false,"excerpt":"O interior de S\u00e3o Paulo est\u00e1 em alerta para temporais com rajadas de vento na tarde desta segunda-feira (23). Em Ara\u00e7atuba, uma das regi\u00f5es mais afetadas, o c\u00e9u da cidade foi tomado por areia, fuma\u00e7a e ventos fortes. Segundo a Defesa Civil, nas \u00faltimas 24h, os acumulados de chuva chegaram\u2026","rel":"","context":"In &quot;Not\u00edcias de Ribeir\u00e3o Preto-SP e Regi\u00e3o&quot;","block_context":{"text":"Not\u00edcias de Ribeir\u00e3o Preto-SP e Regi\u00e3o","link":"https:\/\/noticiasribeiraopreto.com.br\/index.php\/category\/noticias-de-ribeirao-preto-sp-e-regiao-ismael-colosi\/"},"img":{"alt_text":"","src":"https:\/\/i0.wp.com\/noticiasribeiraopreto.com.br\/wp-content\/uploads\/2025\/09\/tempestade-interior-sp_2025-09-22_18-35-45.webp.webp?fit=1200%2C674&ssl=1&resize=350%2C200","width":350,"height":200,"srcset":"https:\/\/i0.wp.com\/noticiasribeiraopreto.com.br\/wp-content\/uploads\/2025\/09\/tempestade-interior-sp_2025-09-22_18-35-45.webp.webp?fit=1200%2C674&ssl=1&resize=350%2C200 1x, https:\/\/i0.wp.com\/noticiasribeiraopreto.com.br\/wp-content\/uploads\/2025\/09\/tempestade-interior-sp_2025-09-22_18-35-45.webp.webp?fit=1200%2C674&ssl=1&resize=525%2C300 1.5x, https:\/\/i0.wp.com\/noticiasribeiraopreto.com.br\/wp-content\/uploads\/2025\/09\/tempestade-interior-sp_2025-09-22_18-35-45.webp.webp?fit=1200%2C674&ssl=1&resize=700%2C400 2x, https:\/\/i0.wp.com\/noticiasribeiraopreto.com.br\/wp-content\/uploads\/2025\/09\/tempestade-interior-sp_2025-09-22_18-35-45.webp.webp?fit=1200%2C674&ssl=1&resize=1050%2C600 3x"},"classes":[]}],"jetpack_sharing_enabled":true,"jetpack_shortlink":"https:\/\/wp.me\/peQAOb-nIu","jetpack_featured_media_url":"https:\/\/i0.wp.com\/noticiasribeiraopreto.com.br\/wp-content\/uploads\/2026\/09\/ventos-65-km-h.jpg?fit=1200%2C675&ssl=1","_links":{"self":[{"href":"https:\/\/noticiasribeiraopreto.com.br\/index.php\/wp-json\/wp\/v2\/posts\/91170","targetHints":{"allow":["GET"]}}],"collection":[{"href":"https:\/\/noticiasribeiraopreto.com.br\/index.php\/wp-json\/wp\/v2\/posts"}],"about":[{"href":"https:\/\/noticiasribeiraopreto.com.br\/index.php\/wp-json\/wp\/v2\/types\/post"}],"author":[{"embeddable":true,"href":"https:\/\/noticiasribeiraopreto.com.br\/index.php\/wp-json\/wp\/v2\/users\/1"}],"replies":[{"embeddable":true,"href":"https:\/\/noticiasribeiraopreto.com.br\/index.php\/wp-json\/wp\/v2\/comments?post=91170"}],"version-history":[{"count":0,"href":"https:\/\/noticiasribeiraopreto.com.br\/index.php\/wp-json\/wp\/v2\/posts\/91170\/revisions"}],"wp:featuredmedia":[{"embeddable":true,"href":"https:\/\/noticiasribeiraopreto.com.br\/index.php\/wp-json\/wp\/v2\/media\/91171"}],"wp:attachment":[{"href":"https:\/\/noticiasribeiraopreto.com.br\/index.php\/wp-json\/wp\/v2\/media?parent=91170"}],"wp:term":[{"taxonomy":"category","embeddable":true,"href":"https:\/\/noticiasribeiraopreto.com.br\/index.php\/wp-json\/wp\/v2\/categories?post=91170"},{"taxonomy":"post_tag","embeddable":true,"href":"https:\/\/noticiasribeiraopreto.com.br\/index.php\/wp-json\/wp\/v2\/tags?post=91170"}],"curies":[{"name":"wp","href":"https:\/\/api.w.org\/{rel}","templated":true}]}}