{"id":91172,"date":"2026-09-05T18:08:15","date_gmt":"2026-09-05T21:08:15","guid":{"rendered":"https:\/\/noticiasribeiraopreto.com.br\/index.php\/2026\/09\/05\/comercial-avanca-as-quartas-da-copa-paulista-apos-vencer-sao-bernardo-nos-penaltis\/"},"modified":"2026-09-05T18:08:15","modified_gmt":"2026-09-05T21:08:15","slug":"comercial-avanca-as-quartas-da-copa-paulista-apos-vencer-sao-bernardo-nos-penaltis","status":"publish","type":"post","link":"https:\/\/noticiasribeiraopreto.com.br\/index.php\/2026\/09\/05\/comercial-avanca-as-quartas-da-copa-paulista-apos-vencer-sao-bernardo-nos-penaltis\/","title":{"rendered":"Comercial avan\u00e7a \u00e0s quartas da Copa Paulista ap\u00f3s vencer S\u00e3o Bernardo nos p\u00eanaltis"},"content":{"rendered":"<div class='code-block code-block-1' style='margin: 8px 0 8px auto; text-align: right; display: block; clear: both;'>\n<p><a href=\"https:\/\/wa.link\/vpicfd\"><img data-recalc-dims=\"1\" class=\"wp-image-4922\" style=\"aspect-ratio: 2.0253164556962027; width: 561px; height: auto;\" src=\"https:\/\/i0.wp.com\/ismaelcolosi.com.br\/wp-content\/uploads\/2023\/11\/grupo-de-empregos-whatsapp-e-facebook-ismael-colosi-vagas.jpg?ssl=1\" alt=\"\" \/><\/a><\/p>\n<!-- \/wp:image -->\n<\/div>\n<p> <br \/>\n<\/p>\n<p>O <strong>Comercial <\/strong>est\u00e1 nas quartas de final da <strong>Copa Paulista<\/strong>. O <strong>time de Ribeir\u00e3o Preto<\/strong> perdeu por 2 a 0 para o S\u00e3o Bernardo no tempo normal, na tarde deste s\u00e1bado (5), no Distrital do Inamar, em Diadema, <strong>mas venceu a disputa de p\u00eanaltis e garantiu a classifica\u00e7\u00e3o.<\/strong><\/p>\n<p>O <strong>S\u00e3o Bernardo abriu o placar <\/strong>no segundo tempo da partida com Soldado e aumentou com Filipe Claudino.<\/p>\n<p>Como o <strong>Le\u00e3o do Norte<\/strong> havia vencido o primeiro jogo por 2 a 0, no Palma Travassos, os dois times ficaram iguais no confronto e a <strong>vaga precisou ser decidida nos p\u00eanaltis<\/strong>. <mark class=\"has-inline-color\">Na disputa, o <strong>time de Ribeir\u00e3o Preto <\/strong>levou a melhor por 3 a 1. <\/mark><\/p>\n<figure class=\"wp-block-image size-large\"><figcaption class=\"wp-element-caption\">Comercial venceu nos p\u00eanaltis \u2013 Foto: @luan04fotos.<\/figcaption><\/figure>\n<p class=\"has-text-align-center has-cyan-bluish-gray-background-color has-background\"><em>Receba not\u00edcias do\u00a0<strong>acidade on Ribeir\u00e3o\u00a0<\/strong>no WhatsApp e fique por dentro de tudo! Basta acessar o link<a href=\"https:\/\/chat.whatsapp.com\/DfXwcjKVIddHUT3BvnQuPZ?mode=hqctshi\" target=\"_blank\" rel=\"noreferrer noopener\">\u00a0aqui<\/a>!<\/em><\/p>\n<h2 class=\"wp-block-heading\">Comercial venceu nos p\u00eanaltis, e agora?<\/h2>\n<p>Com a classifica\u00e7\u00e3o, o <strong>Comercial <\/strong>vai disputar as quartas de final da Copa Paulista. O pr\u00f3ximo advers\u00e1rio ainda ser\u00e1 definido, assim como a data e o local da partida.<\/p>\n<figure class=\"wp-block-gallery has-nested-images columns-default is-cropped wp-block-gallery-1 is-layout-flex wp-block-gallery-is-layout-flex\">\n<figure class=\"wp-block-image size-large\"><img data-recalc-dims=\"1\" loading=\"lazy\" decoding=\"async\" width=\"1024\" height=\"576\" data-id=\"173876\" src=\"https:\/\/i0.wp.com\/www.acidadeon.com\/ribeiraopreto\/wp-content\/uploads\/sites\/3\/2026\/09\/comercial-copa-paulista-1-1024x576.jpg?resize=1024%2C576&#038;ssl=1\" alt=\"Comercial venceu nos p\u00eanaltis - Foto: @luan04fotos.\" class=\"wp-image-173876\" title=\"Comercial avan\u00e7a \u00e0s quartas da Copa Paulista ap\u00f3s vencer S\u00e3o Bernardo nos p\u00eanaltis 2\"><figcaption class=\"wp-element-caption\">Foto: @luan04fotos.<\/figcaption><\/figure>\n<figure class=\"wp-block-image size-large\"><img data-recalc-dims=\"1\" loading=\"lazy\" decoding=\"async\" width=\"1024\" height=\"576\" data-id=\"173875\" src=\"https:\/\/i0.wp.com\/www.acidadeon.com\/ribeiraopreto\/wp-content\/uploads\/sites\/3\/2026\/09\/comercial-copa-paulista-1024x576.jpg?resize=1024%2C576&#038;ssl=1\" alt=\"Comercial venceu nos p\u00eanaltis - Foto: @luan04fotos.\" class=\"wp-image-173875\" title=\"Comercial avan\u00e7a \u00e0s quartas da Copa Paulista ap\u00f3s vencer S\u00e3o Bernardo nos p\u00eanaltis 3\"><figcaption class=\"wp-element-caption\">Foto: @luan04fotos.<\/figcaption><\/figure>\n<\/figure>\n<p class=\"has-text-align-center has-cyan-bluish-gray-background-color has-background\"><em>Fa\u00e7a uma den\u00fancia ou sugira uma reportagem sobre\u00a0<strong>Ribeir\u00e3o Preto\u00a0<\/strong>e regi\u00e3o por meio do WhatsApp do\u00a0<strong>acidade on Ribeir\u00e3o<\/strong>: (16) 99117-7802.<\/em><\/p>\n<\/p>\n<p>O post Comercial avan\u00e7a \u00e0s quartas da Copa Paulista ap\u00f3s vencer S\u00e3o Bernardo nos p\u00eanaltis apareceu primeiro em ACidade ON Ribeir\u00e3o Preto.<\/p>\n<p><br \/>\n<br \/><a href=\"https:\/\/www.acidadeon.com\/ribeiraopreto\/esportes\/comercial-avanca-as-quartas-da-copa-paulista-apos-vencer-sao-bernardo-nos-penaltis\/\">Link para o texto original aqui <\/a><\/p>\n<!-- CONTENT END 1 -->\n","protected":false},"excerpt":{"rendered":"<p>O Comercial est\u00e1 nas quartas de final da Copa Paulista. O time de Ribeir\u00e3o Preto perdeu por 2 a 0 para o S\u00e3o Bernardo no&#8230;<\/p>\n","protected":false},"author":1,"featured_media":91173,"comment_status":"","ping_status":"","sticky":false,"template":"","format":"standard","meta":{"advanced_seo_description":"","jetpack_seo_html_title":"","jetpack_seo_noindex":false,"jetpack_seo_schema_type":"","_jetpack_newsletter_access":"","_jetpack_dont_email_post_to_subs":false,"_jetpack_newsletter_tier_id":0,"_jetpack_memberships_contains_paywalled_content":false,"_jetpack_feature_clip_id":0,"_jetpack_memberships_contains_paid_content":false,"footnotes":"","jetpack_publicize_message":"","jetpack_publicize_feature_enabled":true,"jetpack_social_post_already_shared":true,"jetpack_social_options":{"image_generator_settings":{"template":"highway","default_image_id":0,"font":"","enabled":false},"version":2},"jetpack_post_was_ever_published":false},"categories":[11],"tags":[37,2967,1316,8101,705,707,896,762,3581,3632,50,3164],"class_list":["post-91172","post","type-post","status-publish","format-standard","has-post-thumbnail","hentry","category-noticias-de-ribeirao-preto-sp-e-regiao-ismael-colosi","tag-apos","tag-as","tag-avanca","tag-bernardo","tag-comercial","tag-copa","tag-nos","tag-paulista","tag-penaltis","tag-quartas","tag-sao","tag-vencer"],"jetpack_publicize_connections":[],"jetpack-related-posts":[{"id":91174,"url":"https:\/\/noticiasribeiraopreto.com.br\/index.php\/2026\/09\/05\/comercial-vence-nos-penaltis-e-avanca-na-copa-paulista\/","url_meta":{"origin":91172,"position":0},"title":"Comercial vence nos p\u00eanaltis e avan\u00e7a na Copa Paulista","author":"noticiasribeiraopreto.com.br","date":"5 de September de 2026","format":false,"excerpt":"\r Bafo perde no tempo normal com p\u00eanalti pol\u00eamico no fim, mas goleiro salva o dia\r \r 5 de setembro de 2026 18:18 \r Compartilhar1 Por Hugo Luque O Comercial est\u00e1 classificado para as quartas de final da Copa Paulista. O time ribeir\u00e3o-pretano perdeu por 2 a 0 para o\u2026","rel":"","context":"In &quot;Not\u00edcias de Ribeir\u00e3o Preto-SP e Regi\u00e3o&quot;","block_context":{"text":"Not\u00edcias de Ribeir\u00e3o Preto-SP e Regi\u00e3o","link":"https:\/\/noticiasribeiraopreto.com.br\/index.php\/category\/noticias-de-ribeirao-preto-sp-e-regiao-ismael-colosi\/"},"img":{"alt_text":"","src":"https:\/\/i0.wp.com\/noticiasribeiraopreto.com.br\/wp-content\/uploads\/2026\/09\/EC-Sao-Bernardo-x-Comercial-luan04fotos.jpeg?fit=936%2C780&ssl=1&resize=350%2C200","width":350,"height":200,"srcset":"https:\/\/i0.wp.com\/noticiasribeiraopreto.com.br\/wp-content\/uploads\/2026\/09\/EC-Sao-Bernardo-x-Comercial-luan04fotos.jpeg?fit=936%2C780&ssl=1&resize=350%2C200 1x, https:\/\/i0.wp.com\/noticiasribeiraopreto.com.br\/wp-content\/uploads\/2026\/09\/EC-Sao-Bernardo-x-Comercial-luan04fotos.jpeg?fit=936%2C780&ssl=1&resize=525%2C300 1.5x, https:\/\/i0.wp.com\/noticiasribeiraopreto.com.br\/wp-content\/uploads\/2026\/09\/EC-Sao-Bernardo-x-Comercial-luan04fotos.jpeg?fit=936%2C780&ssl=1&resize=700%2C400 2x"},"classes":[]},{"id":90539,"url":"https:\/\/noticiasribeiraopreto.com.br\/index.php\/2026\/08\/24\/comercial-confirma-data-do-jogo-de-ida-contra-sao-bernardo-pelo-play-in-da-copa-paulista\/","url_meta":{"origin":91172,"position":1},"title":"Comercial confirma data do jogo de ida contra S\u00e3o Bernardo pelo \u2018play-in\u2019 da Copa Paulista","author":"noticiasribeiraopreto.com.br","date":"24 de August de 2026","format":false,"excerpt":"O Comercial Futebol Clube definiu a data e o hor\u00e1rio do primeiro jogo do \u201cplay-in\u201d contra o EC S\u00e3o Bernardo, pela Copa Paulista. A partida acontece na segunda-feira (31), \u00e0s 20h, no est\u00e1dio Palma Travassos, em Ribeir\u00e3o Preto. Palma Travassos \u2013 Foto: F\u00e1bio J\u00fanior \/ EPTV Receba not\u00edcias do\u00a0acidade on\u2026","rel":"","context":"In &quot;Not\u00edcias de Ribeir\u00e3o Preto-SP e Regi\u00e3o&quot;","block_context":{"text":"Not\u00edcias de Ribeir\u00e3o Preto-SP e Regi\u00e3o","link":"https:\/\/noticiasribeiraopreto.com.br\/index.php\/category\/noticias-de-ribeirao-preto-sp-e-regiao-ismael-colosi\/"},"img":{"alt_text":"","src":"https:\/\/i0.wp.com\/noticiasribeiraopreto.com.br\/wp-content\/uploads\/2026\/08\/Copia-de-Copia-de-Copia-de-TAMANHO-EXATO-PARA-FOTOS-NO-SISTEMA-NOVO-2024-12-23T124251.755_2024-12-23_15-42-58_png_2024-12-23_15-42-58-1024x576.webp.webp?fit=1024%2C576&ssl=1&resize=350%2C200","width":350,"height":200,"srcset":"https:\/\/i0.wp.com\/noticiasribeiraopreto.com.br\/wp-content\/uploads\/2026\/08\/Copia-de-Copia-de-Copia-de-TAMANHO-EXATO-PARA-FOTOS-NO-SISTEMA-NOVO-2024-12-23T124251.755_2024-12-23_15-42-58_png_2024-12-23_15-42-58-1024x576.webp.webp?fit=1024%2C576&ssl=1&resize=350%2C200 1x, https:\/\/i0.wp.com\/noticiasribeiraopreto.com.br\/wp-content\/uploads\/2026\/08\/Copia-de-Copia-de-Copia-de-TAMANHO-EXATO-PARA-FOTOS-NO-SISTEMA-NOVO-2024-12-23T124251.755_2024-12-23_15-42-58_png_2024-12-23_15-42-58-1024x576.webp.webp?fit=1024%2C576&ssl=1&resize=525%2C300 1.5x, https:\/\/i0.wp.com\/noticiasribeiraopreto.com.br\/wp-content\/uploads\/2026\/08\/Copia-de-Copia-de-Copia-de-TAMANHO-EXATO-PARA-FOTOS-NO-SISTEMA-NOVO-2024-12-23T124251.755_2024-12-23_15-42-58_png_2024-12-23_15-42-58-1024x576.webp.webp?fit=1024%2C576&ssl=1&resize=700%2C400 2x"},"classes":[]},{"id":76663,"url":"https:\/\/noticiasribeiraopreto.com.br\/index.php\/2025\/09\/02\/comercial-avanca-na-copa-paulista-com-gol-relampago-e-brilho-do-goleiro-nos-penaltis\/","url_meta":{"origin":91172,"position":2},"title":"Comercial avan\u00e7a na Copa Paulista com gol rel\u00e2mpago e brilho do goleiro nos p\u00eanaltis","author":"noticiasribeiraopreto.com.br","date":"2 de September de 2025","format":false,"excerpt":"O Comercial venceu a Inter de Limeira por 1 a 0 no tempo regulamentar, na noite desta ter\u00e7a-feira (2), no est\u00e1dio Palma Travassos, em Ribeir\u00e3o Preto, pelas oitavas de final da Copa Paulista. Gol rel\u00e2mpago e penalidades O \u00fanico gol da partida saiu aos 59 segundos do primeiro tempo. O\u2026","rel":"","context":"In &quot;Not\u00edcias de Ribeir\u00e3o Preto-SP e Regi\u00e3o&quot;","block_context":{"text":"Not\u00edcias de Ribeir\u00e3o Preto-SP e Regi\u00e3o","link":"https:\/\/noticiasribeiraopreto.com.br\/index.php\/category\/noticias-de-ribeirao-preto-sp-e-regiao-ismael-colosi\/"},"img":{"alt_text":"","src":"https:\/\/i0.wp.com\/noticiasribeiraopreto.com.br\/wp-content\/uploads\/2025\/09\/IMG_8815_2025-09-03_01-25-16.webp.webp?fit=1200%2C800&ssl=1&resize=350%2C200","width":350,"height":200,"srcset":"https:\/\/i0.wp.com\/noticiasribeiraopreto.com.br\/wp-content\/uploads\/2025\/09\/IMG_8815_2025-09-03_01-25-16.webp.webp?fit=1200%2C800&ssl=1&resize=350%2C200 1x, https:\/\/i0.wp.com\/noticiasribeiraopreto.com.br\/wp-content\/uploads\/2025\/09\/IMG_8815_2025-09-03_01-25-16.webp.webp?fit=1200%2C800&ssl=1&resize=525%2C300 1.5x, https:\/\/i0.wp.com\/noticiasribeiraopreto.com.br\/wp-content\/uploads\/2025\/09\/IMG_8815_2025-09-03_01-25-16.webp.webp?fit=1200%2C800&ssl=1&resize=700%2C400 2x, https:\/\/i0.wp.com\/noticiasribeiraopreto.com.br\/wp-content\/uploads\/2025\/09\/IMG_8815_2025-09-03_01-25-16.webp.webp?fit=1200%2C800&ssl=1&resize=1050%2C600 3x"},"classes":[]},{"id":90850,"url":"https:\/\/noticiasribeiraopreto.com.br\/index.php\/2026\/08\/31\/comercial-vence-ec-sao-bernardo-e-larga-na-frente-na-copa-paulista\/","url_meta":{"origin":91172,"position":3},"title":"Comercial vence EC S\u00e3o Bernardo e larga na frente na Copa Paulista","author":"noticiasribeiraopreto.com.br","date":"31 de August de 2026","format":false,"excerpt":"O Comercial venceu o Esporte Clube S\u00e3o Bernardo por 2 a 0 na noite desta segunda-feira (31) e largou na frente no \u2018play in\u2019 da Copa Paulista 2026. O confronto foi disputado no est\u00e1dio Palma Travassos, em Ribeir\u00e3o Preto. Receba not\u00edcias do\u00a0acidade on Ribeir\u00e3o\u00a0no WhatsApp e fique por dentro de\u2026","rel":"","context":"In &quot;Not\u00edcias de Ribeir\u00e3o Preto-SP e Regi\u00e3o&quot;","block_context":{"text":"Not\u00edcias de Ribeir\u00e3o Preto-SP e Regi\u00e3o","link":"https:\/\/noticiasribeiraopreto.com.br\/index.php\/category\/noticias-de-ribeirao-preto-sp-e-regiao-ismael-colosi\/"},"img":{"alt_text":"","src":"https:\/\/i0.wp.com\/noticiasribeiraopreto.com.br\/wp-content\/uploads\/2026\/08\/comercial-sao-bernardo-ec.jpeg?fit=1200%2C675&ssl=1&resize=350%2C200","width":350,"height":200,"srcset":"https:\/\/i0.wp.com\/noticiasribeiraopreto.com.br\/wp-content\/uploads\/2026\/08\/comercial-sao-bernardo-ec.jpeg?fit=1200%2C675&ssl=1&resize=350%2C200 1x, https:\/\/i0.wp.com\/noticiasribeiraopreto.com.br\/wp-content\/uploads\/2026\/08\/comercial-sao-bernardo-ec.jpeg?fit=1200%2C675&ssl=1&resize=525%2C300 1.5x, https:\/\/i0.wp.com\/noticiasribeiraopreto.com.br\/wp-content\/uploads\/2026\/08\/comercial-sao-bernardo-ec.jpeg?fit=1200%2C675&ssl=1&resize=700%2C400 2x, https:\/\/i0.wp.com\/noticiasribeiraopreto.com.br\/wp-content\/uploads\/2026\/08\/comercial-sao-bernardo-ec.jpeg?fit=1200%2C675&ssl=1&resize=1050%2C600 3x"},"classes":[]},{"id":57448,"url":"https:\/\/noticiasribeiraopreto.com.br\/index.php\/2024\/09\/01\/marcos-defende-dois-penaltis-e-classifica-comercial-na-copa-paulista\/","url_meta":{"origin":91172,"position":4},"title":"Marcos defende dois p\u00eanaltis e classifica Comercial na Copa Paulista","author":"noticiasribeiraopreto.com.br","date":"1 de September de 2024","format":false,"excerpt":"O Comercial avan\u00e7ou \u00e0s quartas de final da Copa Paulista ao vencer do Primavera nos p\u00eanaltis em jogo na manh\u00e3 deste domingo (1\u00ba), no Est\u00e1dio \u00cdtalo M\u00e1rio Limongi, em Indaiatuba (SP). O goleiro Marcos foi o her\u00f3i do Le\u00e3o ao defender duas cobran\u00e7as. O placar ficou em 5 a 4,\u2026","rel":"","context":"In &quot;Not\u00edcias de Ribeir\u00e3o Preto-SP e Regi\u00e3o&quot;","block_context":{"text":"Not\u00edcias de Ribeir\u00e3o Preto-SP e Regi\u00e3o","link":"https:\/\/noticiasribeiraopreto.com.br\/index.php\/category\/noticias-de-ribeirao-preto-sp-e-regiao-ismael-colosi\/"},"img":{"alt_text":"","src":"https:\/\/i0.wp.com\/noticiasribeiraopreto.com.br\/wp-content\/uploads\/2024\/09\/WhatsApp-Image-2024-09-01-at-12.29.36_2024-09-01_15-43-35_jpeg_2024-09-01_15-43-36.webp.webp?fit=1200%2C800&ssl=1&resize=350%2C200","width":350,"height":200,"srcset":"https:\/\/i0.wp.com\/noticiasribeiraopreto.com.br\/wp-content\/uploads\/2024\/09\/WhatsApp-Image-2024-09-01-at-12.29.36_2024-09-01_15-43-35_jpeg_2024-09-01_15-43-36.webp.webp?fit=1200%2C800&ssl=1&resize=350%2C200 1x, https:\/\/i0.wp.com\/noticiasribeiraopreto.com.br\/wp-content\/uploads\/2024\/09\/WhatsApp-Image-2024-09-01-at-12.29.36_2024-09-01_15-43-35_jpeg_2024-09-01_15-43-36.webp.webp?fit=1200%2C800&ssl=1&resize=525%2C300 1.5x, https:\/\/i0.wp.com\/noticiasribeiraopreto.com.br\/wp-content\/uploads\/2024\/09\/WhatsApp-Image-2024-09-01-at-12.29.36_2024-09-01_15-43-35_jpeg_2024-09-01_15-43-36.webp.webp?fit=1200%2C800&ssl=1&resize=700%2C400 2x, https:\/\/i0.wp.com\/noticiasribeiraopreto.com.br\/wp-content\/uploads\/2024\/09\/WhatsApp-Image-2024-09-01-at-12.29.36_2024-09-01_15-43-35_jpeg_2024-09-01_15-43-36.webp.webp?fit=1200%2C800&ssl=1&resize=1050%2C600 3x"},"classes":[]},{"id":76661,"url":"https:\/\/noticiasribeiraopreto.com.br\/index.php\/2025\/09\/02\/comercial-bate-inter-de-limeira-nos-penaltis-e-avanca-na-copa-paulista\/","url_meta":{"origin":91172,"position":5},"title":"Comercial bate Inter de Limeira nos p\u00eanaltis e avan\u00e7a na Copa Paulista","author":"noticiasribeiraopreto.com.br","date":"2 de September de 2025","format":false,"excerpt":"Le\u00e3o do Norte enfrenta S\u00e3o Jos\u00e9 na pr\u00f3xima fase 2 de setembro de 2025 22:251 Compartilhar0 Por Hugo Luque O Comercial fez a li\u00e7\u00e3o de casa, bateu a Inter de Limeira por 1 a 0 e avan\u00e7ou na Copa Paulista ap\u00f3s triunfar nos p\u00eanaltis, no Est\u00e1dio Palma Travassos, nesta ter\u00e7a-feira\u2026","rel":"","context":"In &quot;Not\u00edcias de Ribeir\u00e3o Preto-SP e Regi\u00e3o&quot;","block_context":{"text":"Not\u00edcias de Ribeir\u00e3o Preto-SP e Regi\u00e3o","link":"https:\/\/noticiasribeiraopreto.com.br\/index.php\/category\/noticias-de-ribeirao-preto-sp-e-regiao-ismael-colosi\/"},"img":{"alt_text":"","src":"https:\/\/i0.wp.com\/noticiasribeiraopreto.com.br\/wp-content\/uploads\/2025\/09\/Comercial-x-Inter-de-Limeira-oitavas-Raul-Ramos-scaled.jpg?fit=1200%2C800&ssl=1&resize=350%2C200","width":350,"height":200,"srcset":"https:\/\/i0.wp.com\/noticiasribeiraopreto.com.br\/wp-content\/uploads\/2025\/09\/Comercial-x-Inter-de-Limeira-oitavas-Raul-Ramos-scaled.jpg?fit=1200%2C800&ssl=1&resize=350%2C200 1x, https:\/\/i0.wp.com\/noticiasribeiraopreto.com.br\/wp-content\/uploads\/2025\/09\/Comercial-x-Inter-de-Limeira-oitavas-Raul-Ramos-scaled.jpg?fit=1200%2C800&ssl=1&resize=525%2C300 1.5x, https:\/\/i0.wp.com\/noticiasribeiraopreto.com.br\/wp-content\/uploads\/2025\/09\/Comercial-x-Inter-de-Limeira-oitavas-Raul-Ramos-scaled.jpg?fit=1200%2C800&ssl=1&resize=700%2C400 2x, https:\/\/i0.wp.com\/noticiasribeiraopreto.com.br\/wp-content\/uploads\/2025\/09\/Comercial-x-Inter-de-Limeira-oitavas-Raul-Ramos-scaled.jpg?fit=1200%2C800&ssl=1&resize=1050%2C600 3x"},"classes":[]}],"jetpack_sharing_enabled":true,"jetpack_shortlink":"https:\/\/wp.me\/peQAOb-nIw","jetpack_featured_media_url":"https:\/\/i0.wp.com\/noticiasribeiraopreto.com.br\/wp-content\/uploads\/2026\/09\/comercial-copa-paulista.jpg?fit=1200%2C675&ssl=1","_links":{"self":[{"href":"https:\/\/noticiasribeiraopreto.com.br\/index.php\/wp-json\/wp\/v2\/posts\/91172","targetHints":{"allow":["GET"]}}],"collection":[{"href":"https:\/\/noticiasribeiraopreto.com.br\/index.php\/wp-json\/wp\/v2\/posts"}],"about":[{"href":"https:\/\/noticiasribeiraopreto.com.br\/index.php\/wp-json\/wp\/v2\/types\/post"}],"author":[{"embeddable":true,"href":"https:\/\/noticiasribeiraopreto.com.br\/index.php\/wp-json\/wp\/v2\/users\/1"}],"replies":[{"embeddable":true,"href":"https:\/\/noticiasribeiraopreto.com.br\/index.php\/wp-json\/wp\/v2\/comments?post=91172"}],"version-history":[{"count":0,"href":"https:\/\/noticiasribeiraopreto.com.br\/index.php\/wp-json\/wp\/v2\/posts\/91172\/revisions"}],"wp:featuredmedia":[{"embeddable":true,"href":"https:\/\/noticiasribeiraopreto.com.br\/index.php\/wp-json\/wp\/v2\/media\/91173"}],"wp:attachment":[{"href":"https:\/\/noticiasribeiraopreto.com.br\/index.php\/wp-json\/wp\/v2\/media?parent=91172"}],"wp:term":[{"taxonomy":"category","embeddable":true,"href":"https:\/\/noticiasribeiraopreto.com.br\/index.php\/wp-json\/wp\/v2\/categories?post=91172"},{"taxonomy":"post_tag","embeddable":true,"href":"https:\/\/noticiasribeiraopreto.com.br\/index.php\/wp-json\/wp\/v2\/tags?post=91172"}],"curies":[{"name":"wp","href":"https:\/\/api.w.org\/{rel}","templated":true}]}}