{"id":91174,"date":"2026-09-05T18:21:47","date_gmt":"2026-09-05T21:21:47","guid":{"rendered":"https:\/\/noticiasribeiraopreto.com.br\/index.php\/2026\/09\/05\/comercial-vence-nos-penaltis-e-avanca-na-copa-paulista\/"},"modified":"2026-09-05T18:21:47","modified_gmt":"2026-09-05T21:21:47","slug":"comercial-vence-nos-penaltis-e-avanca-na-copa-paulista","status":"publish","type":"post","link":"https:\/\/noticiasribeiraopreto.com.br\/index.php\/2026\/09\/05\/comercial-vence-nos-penaltis-e-avanca-na-copa-paulista\/","title":{"rendered":"Comercial vence nos p\u00eanaltis e avan\u00e7a na Copa Paulista"},"content":{"rendered":"<div class='code-block code-block-1' style='margin: 8px 0 8px auto; text-align: right; display: block; clear: both;'>\n<p><a href=\"https:\/\/wa.link\/vpicfd\"><img data-recalc-dims=\"1\" class=\"wp-image-4922\" style=\"aspect-ratio: 2.0253164556962027; width: 561px; height: auto;\" src=\"https:\/\/i0.wp.com\/ismaelcolosi.com.br\/wp-content\/uploads\/2023\/11\/grupo-de-empregos-whatsapp-e-facebook-ismael-colosi-vagas.jpg?ssl=1\" alt=\"\" \/><\/a><\/p>\n<!-- \/wp:image -->\n<\/div>\n<p> <br \/>\n<\/p>\n<div id=\"\">&#13;<\/p>\n<h2 class=\"penci-post-subtitle\">Bafo perde no tempo normal com p\u00eanalti pol\u00eamico no fim, mas goleiro salva o dia<\/h2>\n<p>&#13;<\/p>\n<p>&#13;<br \/>\n\t\t\t\t\t\t\t\t\t<span class=\"entry-meta-item penci-posted-on\"><i class=\"fa fa-clock-o\"\/><time class=\"entry-date published updated\" datetime=\"2026-09-05T18:18:13-03:00\">5 de setembro de 2026 18:18<\/time><\/span><span class=\"entry-meta-item penci-post-countview\"\/>\t\t\t\t\t\t\t\t<\/p>\n<p><!-- .entry-meta -->&#13;<br \/>\n\t\t\t\t\t\t\t\t<span class=\"penci-social-buttons penci-social-share-footer\"><span class=\"penci-social-share-text\">Compartilhar<\/span><a href=\"#\" class=\"penci-post-like penci_post-meta_item  single-like-button penci-social-item like\" data-post_id=\"476233\" title=\"Like\" data-like=\"Like\" data-unlike=\"Unlike\"><i class=\"fa fa-thumbs-o-up\"\/><span class=\"penci-share-number\">1<\/span><\/a><i class=\"fa fa-facebook\"\/><a class=\"penci-social-item twitter\" target=\"_blank\" rel=\"noopener\" title=\"\" href=\"https:\/\/twitter.com\/intent\/tweet?text=Comercial%20vence%20nos%20p\u00eanaltis%20e%20avan\u00e7a%20na%20Copa%20Paulista%20-%20https:\/\/www.tribunaribeirao.com.br\/comercial-vence-nos-penaltis-e-avanca-na-copa-paulista\/\"><i class=\"fa fa-twitter\"\/><\/a><i class=\"fa fa-linkedin\"\/><i class=\"fa fa-whatsapp\"\/><i class=\"fa fa-telegram\"\/><i class=\"fa fa-envelope\"\/><\/span>\t\t\t\t\t\t\t<\/div>\n<div>\n<p><em><strong>Por Hugo Luque<\/strong><\/em><\/p>\n<p>O Comercial est\u00e1 classificado para as quartas de final da Copa Paulista. O time ribeir\u00e3o-pretano perdeu por 2 a 0 para o EC S\u00e3o Bernardo no tempo normal neste s\u00e1bado (5), na Arena Inamar, em Diadema (SP), mas passou nos p\u00eanaltis.<\/p>\n<p>N\u00e3o foi uma boa partida do Le\u00e3o do Norte, que contou tamb\u00e9m com uma decis\u00e3o pol\u00eamica do \u00e1rbitro praticamente no \u00faltimo lance. Ainda assim, a equipe manteve a cabe\u00e7a do lugar e, nas penalidades, o goleiro Lee Winston pegou duas cobran\u00e7as.<\/p>\n<p>Al\u00e9m do Bafo, o Uni\u00e3o S\u00e3o Jo\u00e3o tamb\u00e9m garantiu a classifica\u00e7\u00e3o neste s\u00e1bado. A fase de \u201cplay-in\u201d ter\u00e1 sequ\u00eancia neste s\u00e1bado e na segunda-feira com mais dois jogos.<\/p>\n<p>Depois disso, os comandados de Raphael Pereira conhecer\u00e3o o advers\u00e1rio na pr\u00f3xima fase. Tamb\u00e9m est\u00e3o nas quartas Linense, S\u00e3o Jos\u00e9, Juventus e Noroeste, l\u00edderes de seus grupos no primeiro est\u00e1gio, que n\u00e3o precisaram disputar a repescagem.<\/p>\n<p>Ap\u00f3s uma forte chuva atrasar o apito inicial, o jogo come\u00e7ou truncado e nervoso, sem muitas oportunidades claras. Ap\u00f3s fazer 2 a 0 na ida, o Comercial tinha a vantagem, mas, como revelou o treinador alvinegro durante a semana, n\u00e3o pretendia apenas administr\u00e1-la.<\/p>\n<p>A situa\u00e7\u00e3o, contudo, ficou mais complicada quando o centroavante Matheus Arcanjo deixou o campo lesionado logo aos 16 minutos. Soldado ainda acertou uma bola no travess\u00e3o para o Cachorr\u00e3o, mas o duelo foi para o intervalo empatado sem gols.<\/p>\n<p>Na etapa complementar, a chuva, ainda que n\u00e3o t\u00e3o intensa quanto antes, retornou e manteve o gramado\u00a0 pesado. O S\u00e3o Bernardo tentava partir para cima, mas faltava qualidade na conclus\u00e3o das jogadas.<\/p>\n<p>Eram muitos cruzamentos e pouca efetividade dos mandantes at\u00e9 que Soldado aproveitou bola rebatida na grande \u00e1rea e mandou para o gol. O Bern\u00f4 ganhou for\u00e7a para buscar o empate no placar agregado.<\/p>\n<p>Raphael Pereira, ent\u00e3o, decidiu utilizar os minutos finais do confronto para defender o resultado e sacou Filipinho, nome do jogo na ida, al\u00e9m de principal articulador de jogadas do time. No desespero, o S\u00e3o Bernardo insistiu no \u201cchuveirinho\u201d e nos desafios de v\u00eddeo.<\/p>\n<p>O primeiro foi pedido quando Samuel Balbino interceptou uma finaliza\u00e7\u00e3o de cabe\u00e7a. O \u00e1rbitro Murilo Tarrega Victor foi ao monitor do VAR, mas nada marcou.<\/p>\n<p>Nos acr\u00e9scimos, por\u00e9m, um dos atletas mandantes foi ao solo ap\u00f3s disputa na grande \u00e1rea e nova solicita\u00e7\u00e3o foi feita. Embora as imagens n\u00e3o tenham mostrado um toque n\u00edtido do jogador comercialino na dividida, Tarrega Victor assinalou a marca da cal. Filipe Claudino deslocou Lee Winston e levou a disputa aos p\u00eanaltis.<\/p>\n<p>O Comercial ficou em desvantagem quando Edgar perdeu sua cobran\u00e7a. Foi ent\u00e3o que Lee Winston apareceu. O arqueiro de 39 anos utilizou sua experi\u00eancia para pegar duas penalidades do Bern\u00f4, que ainda perdeu mais uma, a decisiva, em batida sobre a meta. Assim, o Le\u00e3o levou a melhor no desempate por 3 a 1 e est\u00e1 na pr\u00f3xima fase.<\/p>\n<div style=\"background-color: #f4f4f5; border: 1px solid #d4d4d8; padding: 15px; margin: 20px 0; border-radius: 6px; font-family: sans-serif; line-height: 1.5;\">\n    <span style=\"color: #27272a;\">Inscreva-se em nosso Canal no Whatsapp e fique por dentro de tudo que acontece na regi\u00e3o. <\/span><br \/>\n    <a href=\"https:\/\/whatsapp.com\/channel\/0029VanuE2o7z4kYjo0XVS3u\" target=\"_blank\" rel=\"noopener noreferrer\" style=\"color: #16a34a; font-weight: bold; text-decoration: underline;\">Clique Aqui!<\/a>\n<\/div>\n<\/div>\n<p><script async src=\"\/\/platform.twitter.com\/widgets.js\" charset=\"utf-8\"><\/script><br \/>\n<br \/><br \/>\n<br \/><a href=\"https:\/\/www.tribunaribeirao.com.br\/comercial-vence-nos-penaltis-e-avanca-na-copa-paulista\/\">Texto original daqui <\/a><\/p>\n<!-- CONTENT END 1 -->\n","protected":false},"excerpt":{"rendered":"<p>&#13; Bafo perde no tempo normal com p\u00eanalti pol\u00eamico no fim, mas goleiro salva o dia &#13; &#13; 5 de setembro de 2026 18:18 &#13;&#8230;<\/p>\n","protected":false},"author":1,"featured_media":91175,"comment_status":"","ping_status":"","sticky":false,"template":"","format":"standard","meta":{"advanced_seo_description":"","jetpack_seo_html_title":"","jetpack_seo_noindex":false,"jetpack_seo_schema_type":"","_jetpack_newsletter_access":"","_jetpack_dont_email_post_to_subs":false,"_jetpack_newsletter_tier_id":0,"_jetpack_memberships_contains_paywalled_content":false,"_jetpack_feature_clip_id":0,"_jetpack_memberships_contains_paid_content":false,"footnotes":"","jetpack_publicize_message":"","jetpack_publicize_feature_enabled":true,"jetpack_social_post_already_shared":true,"jetpack_social_options":{"image_generator_settings":{"template":"highway","default_image_id":0,"font":"","enabled":false},"version":2},"jetpack_post_was_ever_published":false},"categories":[11],"tags":[1316,705,707,896,762,3581,1612],"class_list":["post-91174","post","type-post","status-publish","format-standard","has-post-thumbnail","hentry","category-noticias-de-ribeirao-preto-sp-e-regiao-ismael-colosi","tag-avanca","tag-comercial","tag-copa","tag-nos","tag-paulista","tag-penaltis","tag-vence"],"jetpack_publicize_connections":[],"jetpack-related-posts":[{"id":91172,"url":"https:\/\/noticiasribeiraopreto.com.br\/index.php\/2026\/09\/05\/comercial-avanca-as-quartas-da-copa-paulista-apos-vencer-sao-bernardo-nos-penaltis\/","url_meta":{"origin":91174,"position":0},"title":"Comercial avan\u00e7a \u00e0s quartas da Copa Paulista ap\u00f3s vencer S\u00e3o Bernardo nos p\u00eanaltis","author":"noticiasribeiraopreto.com.br","date":"5 de September de 2026","format":false,"excerpt":"O Comercial est\u00e1 nas quartas de final da Copa Paulista. O time de Ribeir\u00e3o Preto perdeu por 2 a 0 para o S\u00e3o Bernardo no tempo normal, na tarde deste s\u00e1bado (5), no Distrital do Inamar, em Diadema, mas venceu a disputa de p\u00eanaltis e garantiu a classifica\u00e7\u00e3o. O S\u00e3o\u2026","rel":"","context":"In &quot;Not\u00edcias de Ribeir\u00e3o Preto-SP e Regi\u00e3o&quot;","block_context":{"text":"Not\u00edcias de Ribeir\u00e3o Preto-SP e Regi\u00e3o","link":"https:\/\/noticiasribeiraopreto.com.br\/index.php\/category\/noticias-de-ribeirao-preto-sp-e-regiao-ismael-colosi\/"},"img":{"alt_text":"","src":"https:\/\/i0.wp.com\/noticiasribeiraopreto.com.br\/wp-content\/uploads\/2026\/09\/comercial-copa-paulista.jpg?fit=1200%2C675&ssl=1&resize=350%2C200","width":350,"height":200,"srcset":"https:\/\/i0.wp.com\/noticiasribeiraopreto.com.br\/wp-content\/uploads\/2026\/09\/comercial-copa-paulista.jpg?fit=1200%2C675&ssl=1&resize=350%2C200 1x, https:\/\/i0.wp.com\/noticiasribeiraopreto.com.br\/wp-content\/uploads\/2026\/09\/comercial-copa-paulista.jpg?fit=1200%2C675&ssl=1&resize=525%2C300 1.5x, https:\/\/i0.wp.com\/noticiasribeiraopreto.com.br\/wp-content\/uploads\/2026\/09\/comercial-copa-paulista.jpg?fit=1200%2C675&ssl=1&resize=700%2C400 2x, https:\/\/i0.wp.com\/noticiasribeiraopreto.com.br\/wp-content\/uploads\/2026\/09\/comercial-copa-paulista.jpg?fit=1200%2C675&ssl=1&resize=1050%2C600 3x"},"classes":[]},{"id":76663,"url":"https:\/\/noticiasribeiraopreto.com.br\/index.php\/2025\/09\/02\/comercial-avanca-na-copa-paulista-com-gol-relampago-e-brilho-do-goleiro-nos-penaltis\/","url_meta":{"origin":91174,"position":1},"title":"Comercial avan\u00e7a na Copa Paulista com gol rel\u00e2mpago e brilho do goleiro nos p\u00eanaltis","author":"noticiasribeiraopreto.com.br","date":"2 de September de 2025","format":false,"excerpt":"O Comercial venceu a Inter de Limeira por 1 a 0 no tempo regulamentar, na noite desta ter\u00e7a-feira (2), no est\u00e1dio Palma Travassos, em Ribeir\u00e3o Preto, pelas oitavas de final da Copa Paulista. Gol rel\u00e2mpago e penalidades O \u00fanico gol da partida saiu aos 59 segundos do primeiro tempo. O\u2026","rel":"","context":"In &quot;Not\u00edcias de Ribeir\u00e3o Preto-SP e Regi\u00e3o&quot;","block_context":{"text":"Not\u00edcias de Ribeir\u00e3o Preto-SP e Regi\u00e3o","link":"https:\/\/noticiasribeiraopreto.com.br\/index.php\/category\/noticias-de-ribeirao-preto-sp-e-regiao-ismael-colosi\/"},"img":{"alt_text":"","src":"https:\/\/i0.wp.com\/noticiasribeiraopreto.com.br\/wp-content\/uploads\/2025\/09\/IMG_8815_2025-09-03_01-25-16.webp.webp?fit=1200%2C800&ssl=1&resize=350%2C200","width":350,"height":200,"srcset":"https:\/\/i0.wp.com\/noticiasribeiraopreto.com.br\/wp-content\/uploads\/2025\/09\/IMG_8815_2025-09-03_01-25-16.webp.webp?fit=1200%2C800&ssl=1&resize=350%2C200 1x, https:\/\/i0.wp.com\/noticiasribeiraopreto.com.br\/wp-content\/uploads\/2025\/09\/IMG_8815_2025-09-03_01-25-16.webp.webp?fit=1200%2C800&ssl=1&resize=525%2C300 1.5x, https:\/\/i0.wp.com\/noticiasribeiraopreto.com.br\/wp-content\/uploads\/2025\/09\/IMG_8815_2025-09-03_01-25-16.webp.webp?fit=1200%2C800&ssl=1&resize=700%2C400 2x, https:\/\/i0.wp.com\/noticiasribeiraopreto.com.br\/wp-content\/uploads\/2025\/09\/IMG_8815_2025-09-03_01-25-16.webp.webp?fit=1200%2C800&ssl=1&resize=1050%2C600 3x"},"classes":[]},{"id":76661,"url":"https:\/\/noticiasribeiraopreto.com.br\/index.php\/2025\/09\/02\/comercial-bate-inter-de-limeira-nos-penaltis-e-avanca-na-copa-paulista\/","url_meta":{"origin":91174,"position":2},"title":"Comercial bate Inter de Limeira nos p\u00eanaltis e avan\u00e7a na Copa Paulista","author":"noticiasribeiraopreto.com.br","date":"2 de September de 2025","format":false,"excerpt":"Le\u00e3o do Norte enfrenta S\u00e3o Jos\u00e9 na pr\u00f3xima fase 2 de setembro de 2025 22:251 Compartilhar0 Por Hugo Luque O Comercial fez a li\u00e7\u00e3o de casa, bateu a Inter de Limeira por 1 a 0 e avan\u00e7ou na Copa Paulista ap\u00f3s triunfar nos p\u00eanaltis, no Est\u00e1dio Palma Travassos, nesta ter\u00e7a-feira\u2026","rel":"","context":"In &quot;Not\u00edcias de Ribeir\u00e3o Preto-SP e Regi\u00e3o&quot;","block_context":{"text":"Not\u00edcias de Ribeir\u00e3o Preto-SP e Regi\u00e3o","link":"https:\/\/noticiasribeiraopreto.com.br\/index.php\/category\/noticias-de-ribeirao-preto-sp-e-regiao-ismael-colosi\/"},"img":{"alt_text":"","src":"https:\/\/i0.wp.com\/noticiasribeiraopreto.com.br\/wp-content\/uploads\/2025\/09\/Comercial-x-Inter-de-Limeira-oitavas-Raul-Ramos-scaled.jpg?fit=1200%2C800&ssl=1&resize=350%2C200","width":350,"height":200,"srcset":"https:\/\/i0.wp.com\/noticiasribeiraopreto.com.br\/wp-content\/uploads\/2025\/09\/Comercial-x-Inter-de-Limeira-oitavas-Raul-Ramos-scaled.jpg?fit=1200%2C800&ssl=1&resize=350%2C200 1x, https:\/\/i0.wp.com\/noticiasribeiraopreto.com.br\/wp-content\/uploads\/2025\/09\/Comercial-x-Inter-de-Limeira-oitavas-Raul-Ramos-scaled.jpg?fit=1200%2C800&ssl=1&resize=525%2C300 1.5x, https:\/\/i0.wp.com\/noticiasribeiraopreto.com.br\/wp-content\/uploads\/2025\/09\/Comercial-x-Inter-de-Limeira-oitavas-Raul-Ramos-scaled.jpg?fit=1200%2C800&ssl=1&resize=700%2C400 2x, https:\/\/i0.wp.com\/noticiasribeiraopreto.com.br\/wp-content\/uploads\/2025\/09\/Comercial-x-Inter-de-Limeira-oitavas-Raul-Ramos-scaled.jpg?fit=1200%2C800&ssl=1&resize=1050%2C600 3x"},"classes":[]},{"id":28437,"url":"https:\/\/noticiasribeiraopreto.com.br\/index.php\/2024\/01\/15\/botafogo-vence-o-sfera-e-avanca-para-as-oitavas-na-copa-sp\/","url_meta":{"origin":91174,"position":3},"title":"Botafogo vence o Sfera e avan\u00e7a para as oitavas na Copa SP","author":"noticiasribeiraopreto.com.br","date":"15 de January de 2024","format":false,"excerpt":"Pantera passou pelo advers\u00e1rio nos p\u00eanaltis 15 de janeiro de 2024 | 19:28 0O Botafogo est\u00e1 classificado para as oitavas de final da Copa S\u00e3o Paulo de Futebol J\u00fanior. Nesta segunda-feira (15), o Tricolor venceu o Sfera por 4 a 3, nos p\u00eanaltis, ap\u00f3s empate no tempo normal por 0\u2026","rel":"","context":"In &quot;Not\u00edcias de Ribeir\u00e3o Preto-SP e Regi\u00e3o&quot;","block_context":{"text":"Not\u00edcias de Ribeir\u00e3o Preto-SP e Regi\u00e3o","link":"https:\/\/noticiasribeiraopreto.com.br\/index.php\/category\/noticias-de-ribeirao-preto-sp-e-regiao-ismael-colosi\/"},"img":{"alt_text":"","src":"https:\/\/i0.wp.com\/noticiasribeiraopreto.com.br\/wp-content\/uploads\/2024\/01\/Botafogo-Copinha-2-scaled.jpg?fit=967%2C645&ssl=1&resize=350%2C200","width":350,"height":200,"srcset":"https:\/\/i0.wp.com\/noticiasribeiraopreto.com.br\/wp-content\/uploads\/2024\/01\/Botafogo-Copinha-2-scaled.jpg?fit=967%2C645&ssl=1&resize=350%2C200 1x, https:\/\/i0.wp.com\/noticiasribeiraopreto.com.br\/wp-content\/uploads\/2024\/01\/Botafogo-Copinha-2-scaled.jpg?fit=967%2C645&ssl=1&resize=525%2C300 1.5x, https:\/\/i0.wp.com\/noticiasribeiraopreto.com.br\/wp-content\/uploads\/2024\/01\/Botafogo-Copinha-2-scaled.jpg?fit=967%2C645&ssl=1&resize=700%2C400 2x"},"classes":[]},{"id":88394,"url":"https:\/\/noticiasribeiraopreto.com.br\/index.php\/2026\/07\/18\/comercial-vence-o-noroeste-e-estreia-com-vitoria-na-copa-paulista-2026\/","url_meta":{"origin":91174,"position":4},"title":"Comercial vence o Noroeste e estreia com vit\u00f3ria na Copa Paulista 2026","author":"noticiasribeiraopreto.com.br","date":"18 de July de 2026","format":false,"excerpt":"O Comercial venceu o Noroeste por 2 a 0 na tarde deste s\u00e1bado (18), no est\u00e1dio Palma Travassos, em Ribeir\u00e3o Preto, pela primeira rodada da Copa Paulista 2026. Os dois gols da equipe de Ribeir\u00e3o Preto sa\u00edram no segundo tempo. O atacante Paulo Vitor, camisa 9 do Bafo, balan\u00e7ou as\u2026","rel":"","context":"In &quot;Not\u00edcias de Ribeir\u00e3o Preto-SP e Regi\u00e3o&quot;","block_context":{"text":"Not\u00edcias de Ribeir\u00e3o Preto-SP e Regi\u00e3o","link":"https:\/\/noticiasribeiraopreto.com.br\/index.php\/category\/noticias-de-ribeirao-preto-sp-e-regiao-ismael-colosi\/"},"img":{"alt_text":"","src":"https:\/\/i0.wp.com\/noticiasribeiraopreto.com.br\/wp-content\/uploads\/2026\/07\/image-31.png?fit=984%2C891&ssl=1&resize=350%2C200","width":350,"height":200,"srcset":"https:\/\/i0.wp.com\/noticiasribeiraopreto.com.br\/wp-content\/uploads\/2026\/07\/image-31.png?fit=984%2C891&ssl=1&resize=350%2C200 1x, https:\/\/i0.wp.com\/noticiasribeiraopreto.com.br\/wp-content\/uploads\/2026\/07\/image-31.png?fit=984%2C891&ssl=1&resize=525%2C300 1.5x, https:\/\/i0.wp.com\/noticiasribeiraopreto.com.br\/wp-content\/uploads\/2026\/07\/image-31.png?fit=984%2C891&ssl=1&resize=700%2C400 2x"},"classes":[]},{"id":57448,"url":"https:\/\/noticiasribeiraopreto.com.br\/index.php\/2024\/09\/01\/marcos-defende-dois-penaltis-e-classifica-comercial-na-copa-paulista\/","url_meta":{"origin":91174,"position":5},"title":"Marcos defende dois p\u00eanaltis e classifica Comercial na Copa Paulista","author":"noticiasribeiraopreto.com.br","date":"1 de September de 2024","format":false,"excerpt":"O Comercial avan\u00e7ou \u00e0s quartas de final da Copa Paulista ao vencer do Primavera nos p\u00eanaltis em jogo na manh\u00e3 deste domingo (1\u00ba), no Est\u00e1dio \u00cdtalo M\u00e1rio Limongi, em Indaiatuba (SP). O goleiro Marcos foi o her\u00f3i do Le\u00e3o ao defender duas cobran\u00e7as. O placar ficou em 5 a 4,\u2026","rel":"","context":"In &quot;Not\u00edcias de Ribeir\u00e3o Preto-SP e Regi\u00e3o&quot;","block_context":{"text":"Not\u00edcias de Ribeir\u00e3o Preto-SP e Regi\u00e3o","link":"https:\/\/noticiasribeiraopreto.com.br\/index.php\/category\/noticias-de-ribeirao-preto-sp-e-regiao-ismael-colosi\/"},"img":{"alt_text":"","src":"https:\/\/i0.wp.com\/noticiasribeiraopreto.com.br\/wp-content\/uploads\/2024\/09\/WhatsApp-Image-2024-09-01-at-12.29.36_2024-09-01_15-43-35_jpeg_2024-09-01_15-43-36.webp.webp?fit=1200%2C800&ssl=1&resize=350%2C200","width":350,"height":200,"srcset":"https:\/\/i0.wp.com\/noticiasribeiraopreto.com.br\/wp-content\/uploads\/2024\/09\/WhatsApp-Image-2024-09-01-at-12.29.36_2024-09-01_15-43-35_jpeg_2024-09-01_15-43-36.webp.webp?fit=1200%2C800&ssl=1&resize=350%2C200 1x, https:\/\/i0.wp.com\/noticiasribeiraopreto.com.br\/wp-content\/uploads\/2024\/09\/WhatsApp-Image-2024-09-01-at-12.29.36_2024-09-01_15-43-35_jpeg_2024-09-01_15-43-36.webp.webp?fit=1200%2C800&ssl=1&resize=525%2C300 1.5x, https:\/\/i0.wp.com\/noticiasribeiraopreto.com.br\/wp-content\/uploads\/2024\/09\/WhatsApp-Image-2024-09-01-at-12.29.36_2024-09-01_15-43-35_jpeg_2024-09-01_15-43-36.webp.webp?fit=1200%2C800&ssl=1&resize=700%2C400 2x, https:\/\/i0.wp.com\/noticiasribeiraopreto.com.br\/wp-content\/uploads\/2024\/09\/WhatsApp-Image-2024-09-01-at-12.29.36_2024-09-01_15-43-35_jpeg_2024-09-01_15-43-36.webp.webp?fit=1200%2C800&ssl=1&resize=1050%2C600 3x"},"classes":[]}],"jetpack_sharing_enabled":true,"jetpack_shortlink":"https:\/\/wp.me\/peQAOb-nIy","jetpack_featured_media_url":"https:\/\/i0.wp.com\/noticiasribeiraopreto.com.br\/wp-content\/uploads\/2026\/09\/EC-Sao-Bernardo-x-Comercial-luan04fotos.jpeg?fit=936%2C780&ssl=1","_links":{"self":[{"href":"https:\/\/noticiasribeiraopreto.com.br\/index.php\/wp-json\/wp\/v2\/posts\/91174","targetHints":{"allow":["GET"]}}],"collection":[{"href":"https:\/\/noticiasribeiraopreto.com.br\/index.php\/wp-json\/wp\/v2\/posts"}],"about":[{"href":"https:\/\/noticiasribeiraopreto.com.br\/index.php\/wp-json\/wp\/v2\/types\/post"}],"author":[{"embeddable":true,"href":"https:\/\/noticiasribeiraopreto.com.br\/index.php\/wp-json\/wp\/v2\/users\/1"}],"replies":[{"embeddable":true,"href":"https:\/\/noticiasribeiraopreto.com.br\/index.php\/wp-json\/wp\/v2\/comments?post=91174"}],"version-history":[{"count":0,"href":"https:\/\/noticiasribeiraopreto.com.br\/index.php\/wp-json\/wp\/v2\/posts\/91174\/revisions"}],"wp:featuredmedia":[{"embeddable":true,"href":"https:\/\/noticiasribeiraopreto.com.br\/index.php\/wp-json\/wp\/v2\/media\/91175"}],"wp:attachment":[{"href":"https:\/\/noticiasribeiraopreto.com.br\/index.php\/wp-json\/wp\/v2\/media?parent=91174"}],"wp:term":[{"taxonomy":"category","embeddable":true,"href":"https:\/\/noticiasribeiraopreto.com.br\/index.php\/wp-json\/wp\/v2\/categories?post=91174"},{"taxonomy":"post_tag","embeddable":true,"href":"https:\/\/noticiasribeiraopreto.com.br\/index.php\/wp-json\/wp\/v2\/tags?post=91174"}],"curies":[{"name":"wp","href":"https:\/\/api.w.org\/{rel}","templated":true}]}}