{"id":91176,"date":"2026-09-05T19:08:34","date_gmt":"2026-09-05T22:08:34","guid":{"rendered":"https:\/\/noticiasribeiraopreto.com.br\/index.php\/2026\/09\/05\/homem-e-resgatado-apos-ser-sequestrado-e-mantido-em-carcere-privado-no-interior-de-sp\/"},"modified":"2026-09-05T19:08:34","modified_gmt":"2026-09-05T22:08:34","slug":"homem-e-resgatado-apos-ser-sequestrado-e-mantido-em-carcere-privado-no-interior-de-sp","status":"publish","type":"post","link":"https:\/\/noticiasribeiraopreto.com.br\/index.php\/2026\/09\/05\/homem-e-resgatado-apos-ser-sequestrado-e-mantido-em-carcere-privado-no-interior-de-sp\/","title":{"rendered":"Homem \u00e9 resgatado ap\u00f3s ser sequestrado e mantido em c\u00e1rcere privado no interior de SP"},"content":{"rendered":"<div class='code-block code-block-1' style='margin: 8px 0 8px auto; text-align: right; display: block; clear: both;'>\n<p><a href=\"https:\/\/wa.link\/vpicfd\"><img data-recalc-dims=\"1\" class=\"wp-image-4922\" style=\"aspect-ratio: 2.0253164556962027; width: 561px; height: auto;\" src=\"https:\/\/i0.wp.com\/ismaelcolosi.com.br\/wp-content\/uploads\/2023\/11\/grupo-de-empregos-whatsapp-e-facebook-ismael-colosi-vagas.jpg?ssl=1\" alt=\"\" \/><\/a><\/p>\n<!-- \/wp:image -->\n<\/div>\n<p> <br \/>\n<\/p>\n<p>Um homem foi resgatado pela <strong>Pol\u00edcia Militar (PM)<\/strong> ap\u00f3s ser <strong>sequestrado <\/strong>e <strong>mantido em c\u00e1rcere privado<\/strong> neste s\u00e1bado (5), em <strong>Taquaritinga<\/strong>, na <strong>regi\u00e3o de Ribeir\u00e3o Preto<\/strong>.<\/p>\n<p>A v\u00edtima foi encontrada <strong>amarrada<\/strong>, <strong>sedada <\/strong>e <strong>desorientada <\/strong>em um im\u00f3vel em <strong>Barrinha<\/strong>, tamb\u00e9m na regi\u00e3o. Segundo a PM, o sequestro foi comunicado por volta das 13h.<\/p>\n<p>A partir das informa\u00e7\u00f5es recebidas, um cerco foi montado na regi\u00e3o para tentar localizar os suspeitos e, principalmente, encontrar e resgatar a v\u00edtima. <strong>O \u00c1guia, helic\u00f3ptero da Pol\u00edcia Militar, tamb\u00e9m deu apoio \u00e0 opera\u00e7\u00e3o.<\/strong><\/p>\n<figure class=\"wp-block-image size-large\"><figcaption class=\"wp-element-caption\">Suspeito de cometer crime foi detido pela Pol\u00edcia Militar (PM) \u2013 Foto: redes sociais.<\/figcaption><\/figure>\n<p class=\"has-text-align-center has-cyan-bluish-gray-background-color has-background\"><em>Receba not\u00edcias do\u00a0<strong>acidade on Ribeir\u00e3o\u00a0<\/strong>no WhatsApp e fique por dentro de tudo! Basta acessar o link<a href=\"https:\/\/chat.whatsapp.com\/DfXwcjKVIddHUT3BvnQuPZ?mode=hqctshi\" target=\"_blank\" rel=\"noreferrer noopener\">\u00a0aqui<\/a>!<\/em><\/p>\n<h2 class=\"wp-block-heading\"><strong>Suspeitos estavam com carro do homem<\/strong><\/h2>\n<p>Por volta das 15h, policiais do <strong>Comando de For\u00e7a e Patrulha<\/strong> se depararam com os suspeitos circulando pelas ruas de Barrinha em uma <strong>Fiat Toro que pertencia ao homem sequestrado<\/strong>.<\/p>\n<p>Ao perceberem a presen\u00e7a dos policiais, os suspeitos fugiram. <mark class=\"has-inline-color\">Houve acompanhamento do ve\u00edculo at\u00e9 as margens da <strong>rodovia Carlos Tonani (SP-333)<\/strong>, onde os policiais conseguiram fazer a abordagem.<\/mark><\/p>\n<p><strong>Ainda de acordo com a PM, um dos suspeitos tentou fugir a p\u00e9, mas foi alcan\u00e7ado e detido.<\/strong> Durante a abordagem, segundo a <strong>Pol\u00edcia Militar<\/strong>, ele informou aos policiais o local onde a v\u00edtima estava sendo mantida \u2013 <mark class=\"has-inline-color\"><strong>a identidade do suspeito n\u00e3o foi divulgada at\u00e9 a publica\u00e7\u00e3o desse texto.<\/strong><\/mark><\/p>\n<p>Os outros <strong>dois suspeitos conseguiram fugir<\/strong> e j\u00e1 foram identificados. Equipes da PM realizam buscas para localizar os envolvidos.<\/p>\n<figure class=\"wp-block-image size-large\"><img data-recalc-dims=\"1\" loading=\"lazy\" decoding=\"async\" width=\"1024\" height=\"576\" src=\"https:\/\/i0.wp.com\/www.acidadeon.com\/ribeiraopreto\/wp-content\/uploads\/sites\/3\/2026\/09\/sequestro-regiao-ribeirao-preto-3-1024x576.jpg?resize=1024%2C576&#038;ssl=1\" alt=\"Suspeito de cometer crime foi detido pela Pol\u00edcia Militar (PM) - Foto: redes sociais.\" class=\"wp-image-173884\" title=\"Homem \u00e9 resgatado ap\u00f3s ser sequestrado e mantido em c\u00e1rcere privado no interior de SP 2\"><figcaption class=\"wp-element-caption\">Suspeito de cometer crime foi detido pela Pol\u00edcia Militar (PM) \u2013 Foto: redes sociais.<\/figcaption><\/figure>\n<h2 class=\"wp-block-heading\"><strong>V\u00edtima foi encontrada sedada e desorientada<\/strong><\/h2>\n<p>Com a informa\u00e7\u00e3o sobre o cativeiro, outras equipes da PM foram at\u00e9 o local indicado e encontraram a v\u00edtima. O homem estava amarrado, sedado e desorientado.<\/p>\n<p>No local tamb\u00e9m foram localizados celulares e outros pertences da v\u00edtima. <strong>O suspeito detido foi levado para a Delegacia de Sert\u00e3ozinho<\/strong>, onde a ocorr\u00eancia est\u00e1 sendo apresentada \u00e0 Pol\u00edcia Civil.<\/p>\n<p>Ainda segundo a <strong>Pol\u00edcia Militar<\/strong>, os suspeitos n\u00e3o conseguiram concretizar a extors\u00e3o da v\u00edtima, j\u00e1 que o sequestro foi interrompido enquanto ainda estava em andamento.<\/p>\n<p><em>*Com informa\u00e7\u00f5es da EPTV<\/em><\/p>\n<figure class=\"wp-block-gallery has-nested-images columns-default is-cropped wp-block-gallery-1 is-layout-flex wp-block-gallery-is-layout-flex\">\n<figure class=\"wp-block-image size-large\"><img data-recalc-dims=\"1\" loading=\"lazy\" decoding=\"async\" width=\"1024\" height=\"576\" data-id=\"173884\" src=\"https:\/\/i0.wp.com\/www.acidadeon.com\/ribeiraopreto\/wp-content\/uploads\/sites\/3\/2026\/09\/sequestro-regiao-ribeirao-preto-3-1024x576.jpg?resize=1024%2C576&#038;ssl=1\" alt=\"Suspeito de cometer crime foi detido pela Pol\u00edcia Militar (PM) - Foto: redes sociais.\" class=\"wp-image-173884\" title=\"Homem \u00e9 resgatado ap\u00f3s ser sequestrado e mantido em c\u00e1rcere privado no interior de SP 3\"><figcaption class=\"wp-element-caption\">Suspeito de cometer crime foi detido pela Pol\u00edcia Militar (PM) \u2013 Foto: redes sociais.<\/figcaption><\/figure>\n<figure class=\"wp-block-image size-large\"><img data-recalc-dims=\"1\" loading=\"lazy\" decoding=\"async\" width=\"1024\" height=\"576\" data-id=\"173883\" src=\"https:\/\/i0.wp.com\/www.acidadeon.com\/ribeiraopreto\/wp-content\/uploads\/sites\/3\/2026\/09\/sequestro-regiao-ribeirao-preto-2-1024x576.jpg?resize=1024%2C576&#038;ssl=1\" alt=\"Suspeito de cometer crime foi detido pela Pol\u00edcia Militar (PM) - Foto: redes sociais.\" class=\"wp-image-173883\" title=\"Homem \u00e9 resgatado ap\u00f3s ser sequestrado e mantido em c\u00e1rcere privado no interior de SP 4\"><figcaption class=\"wp-element-caption\">Suspeito de cometer crime foi detido pela Pol\u00edcia Militar (PM) \u2013 Foto: redes sociais.<\/figcaption><\/figure>\n<figure class=\"wp-block-image size-large\"><img data-recalc-dims=\"1\" loading=\"lazy\" decoding=\"async\" width=\"1024\" height=\"576\" data-id=\"173882\" src=\"https:\/\/i0.wp.com\/www.acidadeon.com\/ribeiraopreto\/wp-content\/uploads\/sites\/3\/2026\/09\/sequestro-regiao-ribeirao-preto-1-1024x576.jpg?resize=1024%2C576&#038;ssl=1\" alt=\"Homem sequestrado foi localizado em um im\u00f3vel em Barrinha - Foto: redes sociais.\" class=\"wp-image-173882\" title=\"Homem \u00e9 resgatado ap\u00f3s ser sequestrado e mantido em c\u00e1rcere privado no interior de SP 5\"><figcaption class=\"wp-element-caption\">Homem sequestrado foi localizado em um im\u00f3vel em Barrinha \u2013 Foto: redes sociais.<\/figcaption><\/figure>\n<\/figure>\n<p class=\"has-text-align-center has-cyan-bluish-gray-background-color has-background\"><em>Fa\u00e7a uma den\u00fancia ou sugira uma reportagem sobre\u00a0<strong>Ribeir\u00e3o Preto\u00a0<\/strong>e regi\u00e3o por meio do WhatsApp do\u00a0<strong>acidade on Ribeir\u00e3o<\/strong>: (16) 99117-7802.<\/em><\/p>\n<p>O post Homem \u00e9 resgatado ap\u00f3s ser sequestrado e mantido em c\u00e1rcere privado no interior de SP apareceu primeiro em ACidade ON Ribeir\u00e3o Preto.<\/p>\n<p><br \/>\n<br \/><a href=\"https:\/\/www.acidadeon.com\/ribeiraopreto\/cotidiano\/homem-e-resgatado-apos-ser-sequestrado-e-mantido-em-carcere-privado-no-interior-de-sp\/\">Link para o texto original aqui <\/a><\/p>\n<!-- CONTENT END 1 -->\n","protected":false},"excerpt":{"rendered":"<p>Um homem foi resgatado pela Pol\u00edcia Militar (PM) ap\u00f3s ser sequestrado e mantido em c\u00e1rcere privado neste s\u00e1bado (5), em Taquaritinga, na regi\u00e3o de Ribeir\u00e3o&#8230;<\/p>\n","protected":false},"author":1,"featured_media":91177,"comment_status":"","ping_status":"","sticky":false,"template":"","format":"standard","meta":{"advanced_seo_description":"","jetpack_seo_html_title":"","jetpack_seo_noindex":false,"jetpack_seo_schema_type":"","_jetpack_newsletter_access":"","_jetpack_dont_email_post_to_subs":false,"_jetpack_newsletter_tier_id":0,"_jetpack_memberships_contains_paywalled_content":false,"_jetpack_feature_clip_id":0,"_jetpack_memberships_contains_paid_content":false,"footnotes":"","jetpack_publicize_message":"","jetpack_publicize_feature_enabled":true,"jetpack_social_post_already_shared":true,"jetpack_social_options":{"image_generator_settings":{"template":"highway","default_image_id":0,"font":"","enabled":false},"version":2},"jetpack_post_was_ever_published":false},"categories":[11],"tags":[37,441,59,237,8959,7564,6864,7670,845],"class_list":["post-91176","post","type-post","status-publish","format-standard","has-post-thumbnail","hentry","category-noticias-de-ribeirao-preto-sp-e-regiao-ismael-colosi","tag-apos","tag-carcere","tag-homem","tag-interior","tag-mantido","tag-privado","tag-resgatado","tag-sequestrado","tag-ser"],"jetpack_publicize_connections":[],"jetpack-related-posts":[{"id":71715,"url":"https:\/\/noticiasribeiraopreto.com.br\/index.php\/2025\/06\/09\/empresario-e-agredido-ao-ser-mantido-em-carcere-em-motel-de-ribeirao-preto\/","url_meta":{"origin":91176,"position":0},"title":"Empres\u00e1rio \u00e9 agredido ao ser mantido em c\u00e1rcere em motel de Ribeir\u00e3o Preto","author":"noticiasribeiraopreto.com.br","date":"9 de June de 2025","format":false,"excerpt":"Um empres\u00e1rio de 47 anos foi agredido enquanto era mantido em c\u00e1rcere privado na madrugada desta nesta segunda-feira (9), no interior de um motel, na zona Norte de Ribeir\u00e3o Preto. Sete suspeitos \u2013 entre os quais cinco mulheres \u2013 foram detidos. Segundo a PM (Pol\u00edcia Militar), a v\u00edtima, que \u00e9\u2026","rel":"","context":"In &quot;Not\u00edcias de Ribeir\u00e3o Preto-SP e Regi\u00e3o&quot;","block_context":{"text":"Not\u00edcias de Ribeir\u00e3o Preto-SP e Regi\u00e3o","link":"https:\/\/noticiasribeiraopreto.com.br\/index.php\/category\/noticias-de-ribeirao-preto-sp-e-regiao-ismael-colosi\/"},"img":{"alt_text":"","src":"https:\/\/i0.wp.com\/noticiasribeiraopreto.com.br\/wp-content\/uploads\/2025\/06\/MOTEL_2025-06-09_15-46-15.webp.webp?fit=1200%2C701&ssl=1&resize=350%2C200","width":350,"height":200,"srcset":"https:\/\/i0.wp.com\/noticiasribeiraopreto.com.br\/wp-content\/uploads\/2025\/06\/MOTEL_2025-06-09_15-46-15.webp.webp?fit=1200%2C701&ssl=1&resize=350%2C200 1x, https:\/\/i0.wp.com\/noticiasribeiraopreto.com.br\/wp-content\/uploads\/2025\/06\/MOTEL_2025-06-09_15-46-15.webp.webp?fit=1200%2C701&ssl=1&resize=525%2C300 1.5x, https:\/\/i0.wp.com\/noticiasribeiraopreto.com.br\/wp-content\/uploads\/2025\/06\/MOTEL_2025-06-09_15-46-15.webp.webp?fit=1200%2C701&ssl=1&resize=700%2C400 2x, https:\/\/i0.wp.com\/noticiasribeiraopreto.com.br\/wp-content\/uploads\/2025\/06\/MOTEL_2025-06-09_15-46-15.webp.webp?fit=1200%2C701&ssl=1&resize=1050%2C600 3x"},"classes":[]},{"id":71705,"url":"https:\/\/noticiasribeiraopreto.com.br\/index.php\/2025\/06\/09\/pm-detem-cinco-suspeitos-de-manter-homem-em-carcere-em-motel-de-ribeirao-preto\/","url_meta":{"origin":91176,"position":1},"title":"PM det\u00e9m cinco suspeitos de manter homem em c\u00e1rcere em motel de Ribeir\u00e3o Preto","author":"noticiasribeiraopreto.com.br","date":"9 de June de 2025","format":false,"excerpt":"A PM (Pol\u00edcia Militar) deteve nesta segunda-feira (9) cinco suspeitos de manter um homem de 47 anos em c\u00e1rcere privado no interior de um motel, na zona Norte de Ribeir\u00e3o Preto. Segundo a pol\u00edcia, a v\u00edtima \u00e9 da cidade de Brodowski e foi mantida em um estabelecimento na regi\u00e3o da\u2026","rel":"","context":"In &quot;Not\u00edcias de Ribeir\u00e3o Preto-SP e Regi\u00e3o&quot;","block_context":{"text":"Not\u00edcias de Ribeir\u00e3o Preto-SP e Regi\u00e3o","link":"https:\/\/noticiasribeiraopreto.com.br\/index.php\/category\/noticias-de-ribeirao-preto-sp-e-regiao-ismael-colosi\/"},"img":{"alt_text":"","src":"https:\/\/i0.wp.com\/noticiasribeiraopreto.com.br\/wp-content\/uploads\/2025\/06\/MOTEL_2025-06-09_11-12-00.webp.webp?fit=1200%2C692&ssl=1&resize=350%2C200","width":350,"height":200,"srcset":"https:\/\/i0.wp.com\/noticiasribeiraopreto.com.br\/wp-content\/uploads\/2025\/06\/MOTEL_2025-06-09_11-12-00.webp.webp?fit=1200%2C692&ssl=1&resize=350%2C200 1x, https:\/\/i0.wp.com\/noticiasribeiraopreto.com.br\/wp-content\/uploads\/2025\/06\/MOTEL_2025-06-09_11-12-00.webp.webp?fit=1200%2C692&ssl=1&resize=525%2C300 1.5x, https:\/\/i0.wp.com\/noticiasribeiraopreto.com.br\/wp-content\/uploads\/2025\/06\/MOTEL_2025-06-09_11-12-00.webp.webp?fit=1200%2C692&ssl=1&resize=700%2C400 2x, https:\/\/i0.wp.com\/noticiasribeiraopreto.com.br\/wp-content\/uploads\/2025\/06\/MOTEL_2025-06-09_11-12-00.webp.webp?fit=1200%2C692&ssl=1&resize=1050%2C600 3x"},"classes":[]},{"id":71701,"url":"https:\/\/noticiasribeiraopreto.com.br\/index.php\/2025\/06\/09\/homem-e-resgatado-de-cativeiro\/","url_meta":{"origin":91176,"position":2},"title":"Homem \u00e9 resgatado de cativeiro","author":"noticiasribeiraopreto.com.br","date":"9 de June de 2025","format":false,"excerpt":"V\u00edtima teria sido levada de Brodowski e mantida ref\u00e9m em motel da zona Norte da cidade 9 de junho de 2025 10:269 de junho de 2025 10:263 Compartilhar1 Por: Alfredo Risk e Adalberto Luque Um homem foi resgatado, no final da madrugada desta segunda-feira (9), de um quarto de motel,\u2026","rel":"","context":"In &quot;Not\u00edcias de Ribeir\u00e3o Preto-SP e Regi\u00e3o&quot;","block_context":{"text":"Not\u00edcias de Ribeir\u00e3o Preto-SP e Regi\u00e3o","link":"https:\/\/noticiasribeiraopreto.com.br\/index.php\/category\/noticias-de-ribeirao-preto-sp-e-regiao-ismael-colosi\/"},"img":{"alt_text":"","src":"https:\/\/i0.wp.com\/noticiasribeiraopreto.com.br\/wp-content\/uploads\/2025\/06\/CPJ-Centro-Foto-Alfredo-Risk-scaled-1.jpg?fit=700%2C466&ssl=1&resize=350%2C200","width":350,"height":200,"srcset":"https:\/\/i0.wp.com\/noticiasribeiraopreto.com.br\/wp-content\/uploads\/2025\/06\/CPJ-Centro-Foto-Alfredo-Risk-scaled-1.jpg?fit=700%2C466&ssl=1&resize=350%2C200 1x, https:\/\/i0.wp.com\/noticiasribeiraopreto.com.br\/wp-content\/uploads\/2025\/06\/CPJ-Centro-Foto-Alfredo-Risk-scaled-1.jpg?fit=700%2C466&ssl=1&resize=525%2C300 1.5x, https:\/\/i0.wp.com\/noticiasribeiraopreto.com.br\/wp-content\/uploads\/2025\/06\/CPJ-Centro-Foto-Alfredo-Risk-scaled-1.jpg?fit=700%2C466&ssl=1&resize=700%2C400 2x"},"classes":[]},{"id":87755,"url":"https:\/\/noticiasribeiraopreto.com.br\/index.php\/2026\/07\/08\/video-tres-vitimas-sao-resgatadas-de-carcere-privado-em-area-rural-de-franca\/","url_meta":{"origin":91176,"position":3},"title":"Tr\u00eas v\u00edtimas s\u00e3o resgatadas de c\u00e1rcere privado em \u00e1rea rural de Franca","author":"noticiasribeiraopreto.com.br","date":"8 de July de 2026","format":false,"excerpt":"Tr\u00eas pessoas foram resgatadas ap\u00f3s serem mantidas em c\u00e1rcere privado na zona rural de Franca, no interior de S\u00e3o Paulo, na \u00faltima ter\u00e7a-feira (7). A a\u00e7\u00e3o foi realizada pela Pol\u00edcia Civil, que prendeu um homem de 43 anos apontado como respons\u00e1vel pelo crime.De acordo com as informa\u00e7\u00f5es da Secretaria da\u2026","rel":"","context":"In &quot;Not\u00edcias de Ribeir\u00e3o Preto-SP e Regi\u00e3o&quot;","block_context":{"text":"Not\u00edcias de Ribeir\u00e3o Preto-SP e Regi\u00e3o","link":"https:\/\/noticiasribeiraopreto.com.br\/index.php\/category\/noticias-de-ribeirao-preto-sp-e-regiao-ismael-colosi\/"},"img":{"alt_text":"","src":"https:\/\/i0.wp.com\/noticiasribeiraopreto.com.br\/wp-content\/uploads\/2026\/07\/carcere-privado-franca.jpg?fit=864%2C576&ssl=1&resize=350%2C200","width":350,"height":200,"srcset":"https:\/\/i0.wp.com\/noticiasribeiraopreto.com.br\/wp-content\/uploads\/2026\/07\/carcere-privado-franca.jpg?fit=864%2C576&ssl=1&resize=350%2C200 1x, https:\/\/i0.wp.com\/noticiasribeiraopreto.com.br\/wp-content\/uploads\/2026\/07\/carcere-privado-franca.jpg?fit=864%2C576&ssl=1&resize=525%2C300 1.5x, https:\/\/i0.wp.com\/noticiasribeiraopreto.com.br\/wp-content\/uploads\/2026\/07\/carcere-privado-franca.jpg?fit=864%2C576&ssl=1&resize=700%2C400 2x"},"classes":[]},{"id":56188,"url":"https:\/\/noticiasribeiraopreto.com.br\/index.php\/2024\/08\/10\/mulher-morre-apos-ser-agredida-e-mantida-em-carcere-privado-na-regiao-marido-e-suspeito\/","url_meta":{"origin":91176,"position":4},"title":"Mulher morre ap\u00f3s ser agredida e mantida em c\u00e1rcere privado na regi\u00e3o; marido \u00e9 suspeito","author":"noticiasribeiraopreto.com.br","date":"10 de August de 2024","format":false,"excerpt":"Uma mulher de 47 anos morreu na \u00faltima sexta-feira (9) ap\u00f3s ser agredida e mantida em c\u00e1rcere privado em uma fazenda em Aramina, na regi\u00e3o de Ribeir\u00e3o Preto. O marido da v\u00edtima \u00e9 o suspeito. De acordo com apura\u00e7\u00e3o da EPTV, Marlete Maria de Oliveira chegou a ser encaminhada para\u2026","rel":"","context":"In &quot;Not\u00edcias de Ribeir\u00e3o Preto-SP e Regi\u00e3o&quot;","block_context":{"text":"Not\u00edcias de Ribeir\u00e3o Preto-SP e Regi\u00e3o","link":"https:\/\/noticiasribeiraopreto.com.br\/index.php\/category\/noticias-de-ribeirao-preto-sp-e-regiao-ismael-colosi\/"},"img":{"alt_text":"","src":"https:\/\/i0.wp.com\/noticiasribeiraopreto.com.br\/wp-content\/uploads\/2024\/08\/marlete_2024-08-10_18-56-10_jpeg_2024-08-10_18-56-10.webp.webp?fit=1200%2C674&ssl=1&resize=350%2C200","width":350,"height":200,"srcset":"https:\/\/i0.wp.com\/noticiasribeiraopreto.com.br\/wp-content\/uploads\/2024\/08\/marlete_2024-08-10_18-56-10_jpeg_2024-08-10_18-56-10.webp.webp?fit=1200%2C674&ssl=1&resize=350%2C200 1x, https:\/\/i0.wp.com\/noticiasribeiraopreto.com.br\/wp-content\/uploads\/2024\/08\/marlete_2024-08-10_18-56-10_jpeg_2024-08-10_18-56-10.webp.webp?fit=1200%2C674&ssl=1&resize=525%2C300 1.5x, https:\/\/i0.wp.com\/noticiasribeiraopreto.com.br\/wp-content\/uploads\/2024\/08\/marlete_2024-08-10_18-56-10_jpeg_2024-08-10_18-56-10.webp.webp?fit=1200%2C674&ssl=1&resize=700%2C400 2x, https:\/\/i0.wp.com\/noticiasribeiraopreto.com.br\/wp-content\/uploads\/2024\/08\/marlete_2024-08-10_18-56-10_jpeg_2024-08-10_18-56-10.webp.webp?fit=1200%2C674&ssl=1&resize=1050%2C600 3x"},"classes":[]},{"id":60474,"url":"https:\/\/noticiasribeiraopreto.com.br\/index.php\/2024\/11\/14\/homem-e-preso-por-torturar-e-manter-esposa-e-filha-em-carcere-privado-em-ribeirao\/","url_meta":{"origin":91176,"position":5},"title":"Homem \u00e9 preso por torturar e manter esposa e filha em c\u00e1rcere privado em Ribeir\u00e3o","author":"noticiasribeiraopreto.com.br","date":"14 de November de 2024","format":false,"excerpt":"Na tarde de quarta-feira (13), um homem foi preso suspeito de torturar a mulher, gr\u00e1vida de 8 meses, e a filha de 7 anos. Elas viviam em c\u00e1rcere privado h\u00e1 tr\u00eas dias, na casa que morava com o suspeito, no bairro Ipiranga, zona Norte de Ribeir\u00e3o Preto. O boletim de\u2026","rel":"","context":"In &quot;Not\u00edcias de Ribeir\u00e3o Preto-SP e Regi\u00e3o&quot;","block_context":{"text":"Not\u00edcias de Ribeir\u00e3o Preto-SP e Regi\u00e3o","link":"https:\/\/noticiasribeiraopreto.com.br\/index.php\/category\/noticias-de-ribeirao-preto-sp-e-regiao-ismael-colosi\/"},"img":{"alt_text":"","src":"https:\/\/i0.wp.com\/noticiasribeiraopreto.com.br\/wp-content\/uploads\/2024\/11\/Copia-de-Copia-de-Copia-de-TAMANHO-EXATO-PARA-FOTOS-NO-SISTEMA-NOVO-96_2024-11-14_20-08-10_png_2024-11-14_20-08-10.webp.webp?fit=1200%2C675&ssl=1&resize=350%2C200","width":350,"height":200,"srcset":"https:\/\/i0.wp.com\/noticiasribeiraopreto.com.br\/wp-content\/uploads\/2024\/11\/Copia-de-Copia-de-Copia-de-TAMANHO-EXATO-PARA-FOTOS-NO-SISTEMA-NOVO-96_2024-11-14_20-08-10_png_2024-11-14_20-08-10.webp.webp?fit=1200%2C675&ssl=1&resize=350%2C200 1x, https:\/\/i0.wp.com\/noticiasribeiraopreto.com.br\/wp-content\/uploads\/2024\/11\/Copia-de-Copia-de-Copia-de-TAMANHO-EXATO-PARA-FOTOS-NO-SISTEMA-NOVO-96_2024-11-14_20-08-10_png_2024-11-14_20-08-10.webp.webp?fit=1200%2C675&ssl=1&resize=525%2C300 1.5x, https:\/\/i0.wp.com\/noticiasribeiraopreto.com.br\/wp-content\/uploads\/2024\/11\/Copia-de-Copia-de-Copia-de-TAMANHO-EXATO-PARA-FOTOS-NO-SISTEMA-NOVO-96_2024-11-14_20-08-10_png_2024-11-14_20-08-10.webp.webp?fit=1200%2C675&ssl=1&resize=700%2C400 2x, https:\/\/i0.wp.com\/noticiasribeiraopreto.com.br\/wp-content\/uploads\/2024\/11\/Copia-de-Copia-de-Copia-de-TAMANHO-EXATO-PARA-FOTOS-NO-SISTEMA-NOVO-96_2024-11-14_20-08-10_png_2024-11-14_20-08-10.webp.webp?fit=1200%2C675&ssl=1&resize=1050%2C600 3x"},"classes":[]}],"jetpack_sharing_enabled":true,"jetpack_shortlink":"https:\/\/wp.me\/peQAOb-nIA","jetpack_featured_media_url":"https:\/\/i0.wp.com\/noticiasribeiraopreto.com.br\/wp-content\/uploads\/2026\/09\/sequestro-regiao-ribeirao-preto-1.jpg?fit=1200%2C675&ssl=1","_links":{"self":[{"href":"https:\/\/noticiasribeiraopreto.com.br\/index.php\/wp-json\/wp\/v2\/posts\/91176","targetHints":{"allow":["GET"]}}],"collection":[{"href":"https:\/\/noticiasribeiraopreto.com.br\/index.php\/wp-json\/wp\/v2\/posts"}],"about":[{"href":"https:\/\/noticiasribeiraopreto.com.br\/index.php\/wp-json\/wp\/v2\/types\/post"}],"author":[{"embeddable":true,"href":"https:\/\/noticiasribeiraopreto.com.br\/index.php\/wp-json\/wp\/v2\/users\/1"}],"replies":[{"embeddable":true,"href":"https:\/\/noticiasribeiraopreto.com.br\/index.php\/wp-json\/wp\/v2\/comments?post=91176"}],"version-history":[{"count":0,"href":"https:\/\/noticiasribeiraopreto.com.br\/index.php\/wp-json\/wp\/v2\/posts\/91176\/revisions"}],"wp:featuredmedia":[{"embeddable":true,"href":"https:\/\/noticiasribeiraopreto.com.br\/index.php\/wp-json\/wp\/v2\/media\/91177"}],"wp:attachment":[{"href":"https:\/\/noticiasribeiraopreto.com.br\/index.php\/wp-json\/wp\/v2\/media?parent=91176"}],"wp:term":[{"taxonomy":"category","embeddable":true,"href":"https:\/\/noticiasribeiraopreto.com.br\/index.php\/wp-json\/wp\/v2\/categories?post=91176"},{"taxonomy":"post_tag","embeddable":true,"href":"https:\/\/noticiasribeiraopreto.com.br\/index.php\/wp-json\/wp\/v2\/tags?post=91176"}],"curies":[{"name":"wp","href":"https:\/\/api.w.org\/{rel}","templated":true}]}}