{"id":91188,"date":"2026-09-06T09:36:15","date_gmt":"2026-09-06T12:36:15","guid":{"rendered":"https:\/\/noticiasribeiraopreto.com.br\/index.php\/2026\/09\/06\/trabalhador-de-aplicativo-ganha-menos-por-hora-e-trabalha-mais\/"},"modified":"2026-09-06T09:36:15","modified_gmt":"2026-09-06T12:36:15","slug":"trabalhador-de-aplicativo-ganha-menos-por-hora-e-trabalha-mais","status":"publish","type":"post","link":"https:\/\/noticiasribeiraopreto.com.br\/index.php\/2026\/09\/06\/trabalhador-de-aplicativo-ganha-menos-por-hora-e-trabalha-mais\/","title":{"rendered":"Trabalhador de aplicativo ganha menos por hora e trabalha mais"},"content":{"rendered":"<div class='code-block code-block-1' style='margin: 8px 0 8px auto; text-align: right; display: block; clear: both;'>\n<p><a href=\"https:\/\/wa.link\/vpicfd\"><img data-recalc-dims=\"1\" class=\"wp-image-4922\" style=\"aspect-ratio: 2.0253164556962027; width: 561px; height: auto;\" src=\"https:\/\/i0.wp.com\/ismaelcolosi.com.br\/wp-content\/uploads\/2023\/11\/grupo-de-empregos-whatsapp-e-facebook-ismael-colosi-vagas.jpg?ssl=1\" alt=\"\" \/><\/a><\/p>\n<!-- \/wp:image -->\n<\/div>\n<p> <br \/>\n<\/p>\n<div>\n<p>O Brasil tinha 1 milh\u00e3o e 959 mil pessoas trabalhando por meio de aplicativos em 2025. O contingente representava 1,9% da popula\u00e7\u00e3o ocupada no pa\u00eds, segundo m\u00f3dulo especial da Pesquisa Nacional por Amostra de Domic\u00edlios (Pnad) Cont\u00ednua divulgado nesta sexta-feira (4) pelo Instituto Brasileiro de Geografia e Estat\u00edstica (IBGE).<\/p>\n<p>A pesquisa considerou pessoas com 14 anos ou mais que utilizavam plataformas digitais para realizar servi\u00e7os de transporte de passageiros, entregas ou atividades gerais e profissionais. O levantamento incluiu tanto quem tinha os aplicativos como ocupa\u00e7\u00e3o principal quanto aqueles que recorriam \u00e0s plataformas para complementar a renda.<\/p>\n<p>Os dados mostram que esses trabalhadores, classificados pelo IBGE como plataformizados, tinham jornada semanal mais longa, rendimento menor por hora, informalidade mais elevada e menor prote\u00e7\u00e3o previdenci\u00e1ria do que os demais ocupados no setor privado.<\/p>\n<p>Cerca de 1,2 milh\u00e3o de pessoas utilizavam aplicativos de transporte de passageiros, o equivalente a 58,9% dos trabalhadores por plataformas. Desse total, aproximadamente 1,1 milh\u00e3o atuava em servi\u00e7os como Uber e 99 e 232 mil trabalhavam exclusivamente com aplicativos de t\u00e1xi.<\/p>\n<p>O levantamento identificou ainda 376 mil pessoas cuja ocupa\u00e7\u00e3o era a entrega de alimentos, bebidas e outros produtos por aplicativos. Outros 313 mil trabalhadores utilizavam plataformas de presta\u00e7\u00e3o de servi\u00e7os gerais ou profissionais, grupo que inclui designers, tradutores e profissionais de sa\u00fade que captam clientes ou realizam atendimentos por meio digital.<\/p>\n<p>A atividade econ\u00f4mica de transporte, armazenagem e correios concentrava aproximadamente 75% dos trabalhadores plataformizados. O percentual n\u00e3o significa que tr\u00eas em cada quatro trabalhadores de todo esse setor utilizavam aplicativos, mas que a maioria das pessoas identificadas pela pesquisa estava vinculada a esse grupo de atividades.<\/p>\n<h2><strong>Compara\u00e7\u00e3o exige cuidado<\/strong><\/h2>\n<p>O m\u00f3dulo da Pnad sobre plataformas digitais \u00e9 classificado pelo IBGE como experimental, o que significa que a metodologia ainda est\u00e1 em fase de avalia\u00e7\u00e3o e aperfei\u00e7oamento.<\/p>\n<p>Nas edi\u00e7\u00f5es de 2022 e 2024, o instituto investigou apenas os trabalhadores que tinham os aplicativos como ocupa\u00e7\u00e3o principal. Em 2025, a pesquisa passou a incluir tamb\u00e9m aqueles que utilizavam as plataformas em uma atividade secund\u00e1ria.<\/p>\n<p>Por causa dessa altera\u00e7\u00e3o, o total de quase 2 milh\u00f5es de trabalhadores n\u00e3o pode ser comparado diretamente com os resultados anteriores.<\/p>\n<p>Quando s\u00e3o considerados somente aqueles que tinham os aplicativos como trabalho principal, o n\u00famero passou de 1,3 milh\u00e3o em 2022 para 1,7 milh\u00e3o em 2024 e 1,8 milh\u00e3o em 2025. Nessa base compar\u00e1vel, o crescimento foi de 9,1% em um ano e de 36,8% em tr\u00eas anos.<\/p>\n<p>Entre 2024 e 2025, o contingente de trabalhadores cuja ocupa\u00e7\u00e3o principal era a entrega por aplicativos aumentou 18,6%, a maior varia\u00e7\u00e3o entre as atividades pesquisadas.<\/p>\n<h3><strong>Homens s\u00e3o maioria<\/strong><\/h3>\n<p>Os homens representavam 84,4% das pessoas que tinham o trabalho por aplicativos como ocupa\u00e7\u00e3o principal. A faixa entre 25 e 39 anos concentrava 47% desses trabalhadores.<\/p>\n<p>Entre motoristas de transporte particular de passageiros e entregadores, a dificuldade de encontrar outro trabalho apareceu como uma das principais raz\u00f5es para ingressar nas plataformas. Tamb\u00e9m foram mencionadas a flexibilidade de hor\u00e1rios e a possibilidade de obter rendimento superior ao de outras ocupa\u00e7\u00f5es dispon\u00edveis.<\/p>\n<p>Os resultados mostram que o ingresso nesse mercado pode representar uma escolha pela autonomia para uma parcela dos trabalhadores. Para outra parte, por\u00e9m, os aplicativos funcionam como alternativa diante da falta de emprego ou da necessidade imediata de renda.<\/p>\n<h4><strong>Mais horas para alcan\u00e7ar a mesma renda<\/strong><\/h4>\n<p>O rendimento mensal m\u00e9dio do trabalho principal dos plataformizados foi de R$ 3.147 em 2025, praticamente o mesmo dos n\u00e3o plataformizados, que receberam R$ 3.148.<\/p>\n<p>A semelhan\u00e7a desaparece quando o tempo dedicado \u00e0 atividade \u00e9 considerado. Os trabalhadores por aplicativos cumpriam jornada m\u00e9dia de 44,7 horas por semana, enquanto os demais ocupados no setor privado trabalhavam 39,3 horas. A diferen\u00e7a era de 5,4 horas semanais.<\/p>\n<figure id=\"attachment_476243\" aria-describedby=\"caption-attachment-476243\" style=\"width: 470px\" class=\"wp-caption aligncenter\"><figcaption id=\"caption-attachment-476243\" class=\"wp-caption-text\">Trabalhadores de aplicativos cumpriam jornada m\u00e9dia de 44,7 horas por semana, 5,4 horas a mais que os demais ocupados no setor privado | Cr\u00e9dito: Paulo Pinto\/Ag\u00eancia Brasil<\/figcaption><\/figure>\n<p>Com isso, o rendimento m\u00e9dio por hora dos plataformizados ficou em R$ 16,20, valor 12% menor que os R$ 18,40 recebidos pelos n\u00e3o plataformizados.<\/p>\n<p>Segundo o IBGE, o rendimento informado pelos trabalhadores por conta pr\u00f3pria corresponde ao valor efetivamente retirado da atividade depois do pagamento de despesas necess\u00e1rias ao trabalho, como combust\u00edvel e manuten\u00e7\u00e3o do ve\u00edculo.<\/p>\n<p>Enquanto a renda dos n\u00e3o plataformizados apresentou crescimento real de 4,1% entre 2024 e 2025, o rendimento dos trabalhadores por aplicativos permaneceu praticamente est\u00e1vel.<\/p>\n<h5><strong>Informalidade chega a 72%<\/strong><\/h5>\n<p>A informalidade atingia 72,1% dos trabalhadores por plataformas digitais. Entre os n\u00e3o plataformizados, o percentual era de 42,7%.<\/p>\n<p>O IBGE considera informais, entre outros grupos, os empregados sem carteira assinada e os trabalhadores por conta pr\u00f3pria que n\u00e3o possuem Cadastro Nacional da Pessoa Jur\u00eddica (CNPJ).<\/p>\n<p>Aproximadamente 1,6 milh\u00e3o de trabalhadores de aplicativos se declararam por conta pr\u00f3pria, o equivalente a 86,8% do total. No conjunto do setor privado, essa forma de ocupa\u00e7\u00e3o representava 28,9% dos trabalhadores.<\/p>\n<p>Apesar dessa classifica\u00e7\u00e3o, o IBGE identificou elevado grau de depend\u00eancia em rela\u00e7\u00e3o \u00e0s plataformas.<\/p>\n<p>Entre aqueles que atuavam no transporte de passageiros, exceto t\u00e1xis, 80,2% disseram que o valor recebido por cada servi\u00e7o era totalmente determinado pelo aplicativo. Entre os entregadores, o percentual foi de 78,3%.<\/p>\n<p>Al\u00e9m disso, 65,9% dos entregadores afirmaram que o prazo para realizar o servi\u00e7o dependia da plataforma, enquanto 71,3% disseram que a forma de recebimento era definida pelo aplicativo.<\/p>\n<p>Para o analista da pesquisa Gustavo Geaquinto Fontes, esses profissionais est\u00e3o em uma situa\u00e7\u00e3o diferente daquela encontrada entre os trabalhadores por conta pr\u00f3pria tradicionais.<\/p>\n<p>\u201cApesar de essa pessoa n\u00e3o ter um v\u00ednculo formal com a plataforma, ela, na verdade, tem uma depend\u00eancia em v\u00e1rios aspectos em rela\u00e7\u00e3o \u00e0 empresa que controla a plataforma digital\u201d, afirma.<\/p>\n<h6><strong>Empresas contestam levantamento<\/strong><\/h6>\n<p>A Associa\u00e7\u00e3o Brasileira de Mobilidade e Tecnologia (Amobitec), que representa empresas como Uber, 99, iFood, Rappi, Amazon e Z\u00e9 Delivery, reconheceu a import\u00e2ncia da amplia\u00e7\u00e3o das pesquisas sobre o setor, mas afirmou que o levantamento do IBGE apresenta limita\u00e7\u00f5es metodol\u00f3gicas.<\/p>\n<p>Segundo a entidade, os resultados n\u00e3o representariam integralmente a diversidade das jornadas, dos rendimentos e das formas de utiliza\u00e7\u00e3o dos aplicativos. A associa\u00e7\u00e3o tamb\u00e9m questionou a propor\u00e7\u00e3o de trabalhadores que usam as plataformas como atividade secund\u00e1ria.<\/p>\n<p>A Amobitec afirmou utilizar estudos do Datafolha e do Centro Brasileiro de An\u00e1lise e Planejamento (Cebrap) para defender que o contingente de motoristas e entregadores seria maior. As pesquisas, entretanto, foram realizadas em per\u00edodos e com metodologias diferentes, o que impede a compara\u00e7\u00e3o direta com os resultados do IBGE.<\/p>\n<p>A entidade informou que est\u00e1 dispon\u00edvel para colaborar com o aperfei\u00e7oamento da pesquisa e defendeu uma regulamenta\u00e7\u00e3o que concilie prote\u00e7\u00e3o social e flexibilidade.<\/p>\n<h6><strong>V\u00ednculo trabalhista aguarda decis\u00e3o<\/strong><\/h6>\n<p>Os dados foram divulgados em meio ao debate sobre a regulamenta\u00e7\u00e3o das plataformas e o reconhecimento de eventual v\u00ednculo de emprego entre trabalhadores e empresas.<\/p>\n<p>O Supremo Tribunal Federal (STF) analisa dois processos apresentados por Uber e Rappi contra decis\u00f5es da Justi\u00e7a do Trabalho que reconheceram v\u00ednculo empregat\u00edcio com motoristas e entregadores.<\/p>\n<p>A decis\u00e3o do Supremo dever\u00e1 estabelecer um entendimento a ser seguido em milhares de processos semelhantes. A retomada do julgamento estava prevista para 27 de agosto, mas foi adiada e ainda n\u00e3o tem nova data.<\/p>\n<p>As plataformas defendem que atuam como empresas de tecnologia e que os trabalhadores possuem autonomia. Representantes das categorias argumentam que o controle de pre\u00e7os, prazos, distribui\u00e7\u00e3o dos servi\u00e7os, avalia\u00e7\u00f5es e bloqueios caracteriza uma rela\u00e7\u00e3o de depend\u00eancia e subordina\u00e7\u00e3o.<\/p>\n<div style=\"background-color: #f4f4f5; border: 1px solid #d4d4d8; padding: 15px; margin: 20px 0; border-radius: 6px; font-family: sans-serif; line-height: 1.5;\">\n    <span style=\"color: #27272a;\">Inscreva-se em nosso Canal no Whatsapp e fique por dentro de tudo que acontece na regi\u00e3o. <\/span><br \/>\n    <a href=\"https:\/\/whatsapp.com\/channel\/0029VanuE2o7z4kYjo0XVS3u\" target=\"_blank\" rel=\"noopener noreferrer\" style=\"color: #16a34a; font-weight: bold; text-decoration: underline;\">Clique Aqui!<\/a>\n<\/div>\n<\/div>\n<p><br \/>\n<br \/><a href=\"https:\/\/www.tribunaribeirao.com.br\/trabalhador-de-aplicativo-ganha-menos-por-hora-e-trabalha-mais\/\">Texto original daqui <\/a><\/p>\n<!-- CONTENT END 1 -->\n","protected":false},"excerpt":{"rendered":"<p>O Brasil tinha 1 milh\u00e3o e 959 mil pessoas trabalhando por meio de aplicativos em 2025. O contingente representava 1,9% da popula\u00e7\u00e3o ocupada no pa\u00eds,&#8230;<\/p>\n","protected":false},"author":1,"featured_media":91189,"comment_status":"","ping_status":"","sticky":false,"template":"","format":"standard","meta":{"advanced_seo_description":"","jetpack_seo_html_title":"","jetpack_seo_noindex":false,"jetpack_seo_schema_type":"","_jetpack_newsletter_access":"","_jetpack_dont_email_post_to_subs":false,"_jetpack_newsletter_tier_id":0,"_jetpack_memberships_contains_paywalled_content":false,"_jetpack_feature_clip_id":0,"_jetpack_memberships_contains_paid_content":false,"footnotes":"","jetpack_publicize_message":"","jetpack_publicize_feature_enabled":true,"jetpack_social_post_already_shared":true,"jetpack_social_options":{"image_generator_settings":{"template":"highway","default_image_id":0,"font":"","enabled":false},"version":2},"jetpack_post_was_ever_published":false},"categories":[11],"tags":[320,1565,2542,276,1451,134,5167,3198],"class_list":["post-91188","post","type-post","status-publish","format-standard","has-post-thumbnail","hentry","category-noticias-de-ribeirao-preto-sp-e-regiao-ismael-colosi","tag-aplicativo","tag-ganha","tag-hora","tag-mais","tag-menos","tag-por","tag-trabalha","tag-trabalhador"],"jetpack_publicize_connections":[],"jetpack-related-posts":[{"id":78791,"url":"https:\/\/noticiasribeiraopreto.com.br\/index.php\/2025\/10\/18\/numero-de-trabalhadores-por-app-cresce-25\/","url_meta":{"origin":91188,"position":0},"title":"N\u00famero de trabalhadores por app cresce 25%","author":"noticiasribeiraopreto.com.br","date":"18 de October de 2025","format":false,"excerpt":"Em 2022, os trabalhadores por meio de aplicativos eram 1,5% dos 85,6 milh\u00f5es de ocupados, propor\u00e7\u00e3o que alcan\u00e7ou 1,9% dos 88,5 milh\u00f5es de ocupados em 2024Bruno de Freitas MouraAg\u00eancia Brasil O n\u00famero de pessoas que trabalham por meio de aplicativos cresceu 25,4% em 2024, na compara\u00e7\u00e3o com 2022. Nesse intervalo,\u2026","rel":"","context":"In &quot;Not\u00edcias de Ribeir\u00e3o Preto-SP e Regi\u00e3o&quot;","block_context":{"text":"Not\u00edcias de Ribeir\u00e3o Preto-SP e Regi\u00e3o","link":"https:\/\/noticiasribeiraopreto.com.br\/index.php\/category\/noticias-de-ribeirao-preto-sp-e-regiao-ismael-colosi\/"},"img":{"alt_text":"","src":"https:\/\/i0.wp.com\/noticiasribeiraopreto.com.br\/wp-content\/uploads\/2025\/10\/Ifood-Fernando-Frazao-Ag.Br_.jpg?fit=1170%2C700&ssl=1&resize=350%2C200","width":350,"height":200,"srcset":"https:\/\/i0.wp.com\/noticiasribeiraopreto.com.br\/wp-content\/uploads\/2025\/10\/Ifood-Fernando-Frazao-Ag.Br_.jpg?fit=1170%2C700&ssl=1&resize=350%2C200 1x, https:\/\/i0.wp.com\/noticiasribeiraopreto.com.br\/wp-content\/uploads\/2025\/10\/Ifood-Fernando-Frazao-Ag.Br_.jpg?fit=1170%2C700&ssl=1&resize=525%2C300 1.5x, https:\/\/i0.wp.com\/noticiasribeiraopreto.com.br\/wp-content\/uploads\/2025\/10\/Ifood-Fernando-Frazao-Ag.Br_.jpg?fit=1170%2C700&ssl=1&resize=700%2C400 2x, https:\/\/i0.wp.com\/noticiasribeiraopreto.com.br\/wp-content\/uploads\/2025\/10\/Ifood-Fernando-Frazao-Ag.Br_.jpg?fit=1170%2C700&ssl=1&resize=1050%2C600 3x"},"classes":[]},{"id":40593,"url":"https:\/\/noticiasribeiraopreto.com.br\/index.php\/2024\/03\/04\/lula-assina-projeto-que-regula-atividade-de-motoristas-de-aplicativo\/","url_meta":{"origin":91188,"position":1},"title":"Lula assina projeto que regula atividade de motoristas de aplicativo","author":"noticiasribeiraopreto.com.br","date":"4 de March de 2024","format":false,"excerpt":"O presidente Luiz In\u00e1cio Lula da Silva assinou nesta segunda-feira (4) a proposta de projeto de lei que regulamenta o trabalho de motorista de aplicativo. O texto do projeto de lei complementar ser\u00e1 enviado para vota\u00e7\u00e3o no Congresso Nacional. Caso seja aprovada pelos parlamentares, passar\u00e1 a valer ap\u00f3s 90 dias.No\u2026","rel":"","context":"In &quot;Not\u00edcias de Ribeir\u00e3o Preto-SP e Regi\u00e3o&quot;","block_context":{"text":"Not\u00edcias de Ribeir\u00e3o Preto-SP e Regi\u00e3o","link":"https:\/\/noticiasribeiraopreto.com.br\/index.php\/category\/noticias-de-ribeirao-preto-sp-e-regiao-ismael-colosi\/"},"img":{"alt_text":"","src":"https:\/\/i0.wp.com\/noticiasribeiraopreto.com.br\/wp-content\/uploads\/2024\/03\/captura-de-tela-2024-03-03-141825.jpg?fit=800%2C551&ssl=1&resize=350%2C200","width":350,"height":200,"srcset":"https:\/\/i0.wp.com\/noticiasribeiraopreto.com.br\/wp-content\/uploads\/2024\/03\/captura-de-tela-2024-03-03-141825.jpg?fit=800%2C551&ssl=1&resize=350%2C200 1x, https:\/\/i0.wp.com\/noticiasribeiraopreto.com.br\/wp-content\/uploads\/2024\/03\/captura-de-tela-2024-03-03-141825.jpg?fit=800%2C551&ssl=1&resize=525%2C300 1.5x, https:\/\/i0.wp.com\/noticiasribeiraopreto.com.br\/wp-content\/uploads\/2024\/03\/captura-de-tela-2024-03-03-141825.jpg?fit=800%2C551&ssl=1&resize=700%2C400 2x"},"classes":[]},{"id":86872,"url":"https:\/\/noticiasribeiraopreto.com.br\/index.php\/2026\/06\/23\/motoristas-de-app-tem-maior-risco-de-endividamento-alerta-tst\/","url_meta":{"origin":91188,"position":2},"title":"Motoristas de app t\u00eam maior risco de endividamento, alerta TST","author":"noticiasribeiraopreto.com.br","date":"23 de June de 2026","format":false,"excerpt":"Do \u201cnada\u201d, um problema no motor e tamb\u00e9m vazamento de \u00f3leo. De repente, uma d\u00edvida de R$ 2,5 mil no mec\u00e2nico. Na \u00faltima semana, a motorista de aplicativo brasiliense B\u00e1rbara Sousa, de 28 anos, experimentou o que chama de \u201crotina\u201d e \u201cviv\u00eancia\u201d nesse of\u00edcio: quando o gasto fica maior que\u2026","rel":"","context":"In &quot;Not\u00edcias de Ribeir\u00e3o Preto-SP e Regi\u00e3o&quot;","block_context":{"text":"Not\u00edcias de Ribeir\u00e3o Preto-SP e Regi\u00e3o","link":"https:\/\/noticiasribeiraopreto.com.br\/index.php\/category\/noticias-de-ribeirao-preto-sp-e-regiao-ismael-colosi\/"},"img":{"alt_text":"","src":"https:\/\/i0.wp.com\/noticiasribeiraopreto.com.br\/wp-content\/uploads\/2026\/06\/uber.webp.webp?fit=1170%2C700&ssl=1&resize=350%2C200","width":350,"height":200,"srcset":"https:\/\/i0.wp.com\/noticiasribeiraopreto.com.br\/wp-content\/uploads\/2026\/06\/uber.webp.webp?fit=1170%2C700&ssl=1&resize=350%2C200 1x, https:\/\/i0.wp.com\/noticiasribeiraopreto.com.br\/wp-content\/uploads\/2026\/06\/uber.webp.webp?fit=1170%2C700&ssl=1&resize=525%2C300 1.5x, https:\/\/i0.wp.com\/noticiasribeiraopreto.com.br\/wp-content\/uploads\/2026\/06\/uber.webp.webp?fit=1170%2C700&ssl=1&resize=700%2C400 2x, https:\/\/i0.wp.com\/noticiasribeiraopreto.com.br\/wp-content\/uploads\/2026\/06\/uber.webp.webp?fit=1170%2C700&ssl=1&resize=1050%2C600 3x"},"classes":[]},{"id":87912,"url":"https:\/\/noticiasribeiraopreto.com.br\/index.php\/2026\/07\/11\/economia-dos-bicos-cresce-entre-jovens-e-muda-mercado-de-trabalho\/","url_meta":{"origin":91188,"position":3},"title":"Economia dos bicos cresce entre jovens e muda mercado de trabalho","author":"noticiasribeiraopreto.com.br","date":"11 de July de 2026","format":false,"excerpt":"Cada vez mais jovens brasileiros t\u00eam recorrido aos trabalhos informais, freelancers e aplicativos como alternativa de renda. Dados da Pesquisa Nacional por Amostra de Domic\u00edlios Cont\u00ednua (PNAD Cont\u00ednua) do IBGE mostram que, em 2024, 1,7 milh\u00e3o de pessoas trabalhavam por meio de plataformas digitais, um crescimento de 25,4% em rela\u00e7\u00e3o\u2026","rel":"","context":"In &quot;Not\u00edcias de Ribeir\u00e3o Preto-SP e Regi\u00e3o&quot;","block_context":{"text":"Not\u00edcias de Ribeir\u00e3o Preto-SP e Regi\u00e3o","link":"https:\/\/noticiasribeiraopreto.com.br\/index.php\/category\/noticias-de-ribeirao-preto-sp-e-regiao-ismael-colosi\/"},"img":{"alt_text":"","src":"https:\/\/i0.wp.com\/noticiasribeiraopreto.com.br\/wp-content\/uploads\/2026\/07\/Motoboy.jpg?fit=968%2C506&ssl=1&resize=350%2C200","width":350,"height":200,"srcset":"https:\/\/i0.wp.com\/noticiasribeiraopreto.com.br\/wp-content\/uploads\/2026\/07\/Motoboy.jpg?fit=968%2C506&ssl=1&resize=350%2C200 1x, https:\/\/i0.wp.com\/noticiasribeiraopreto.com.br\/wp-content\/uploads\/2026\/07\/Motoboy.jpg?fit=968%2C506&ssl=1&resize=525%2C300 1.5x, https:\/\/i0.wp.com\/noticiasribeiraopreto.com.br\/wp-content\/uploads\/2026\/07\/Motoboy.jpg?fit=968%2C506&ssl=1&resize=700%2C400 2x"},"classes":[]},{"id":22381,"url":"https:\/\/noticiasribeiraopreto.com.br\/index.php\/2023\/12\/29\/taxa-de-desemprego-surpreende-e-alcanca-melhor-patamar-historico-2\/","url_meta":{"origin":91188,"position":4},"title":"taxa de desemprego SURPREENDE e alcan\u00e7a melhor patamar hist\u00f3rico","author":"noticiasribeiraopreto.com.br","date":"29 de December de 2023","format":false,"excerpt":"O mercado de trabalho brasileiro surpreendeu positivamente no trimestre encerrado em novembro, com a taxa de desemprego caindo para 7,5%, o menor n\u00edvel desde fevereiro de 2015. Os dados fazem parte da Pesquisa Nacional por Amostra de Domic\u00edlios Cont\u00ednua (Pnad Cont\u00ednua), divulgada nesta sexta-feira (29) pelo Instituto Brasileiro de Geografia\u2026","rel":"","context":"In &quot;Vagas de Emprego em Ribeir\u00e3o Preto-SP&quot;","block_context":{"text":"Vagas de Emprego em Ribeir\u00e3o Preto-SP","link":"https:\/\/noticiasribeiraopreto.com.br\/index.php\/category\/empregos-classificados-vagas-trabalho\/vagas-de-empregos-em-ribeirao-preto-regiao-brasil\/"},"img":{"alt_text":"","src":"https:\/\/i0.wp.com\/noticiasribeiraopreto.com.br\/wp-content\/uploads\/2023\/12\/taxa-desemprego-carteira-trabalho.jpg?fit=1200%2C675&ssl=1&resize=350%2C200","width":350,"height":200,"srcset":"https:\/\/i0.wp.com\/noticiasribeiraopreto.com.br\/wp-content\/uploads\/2023\/12\/taxa-desemprego-carteira-trabalho.jpg?fit=1200%2C675&ssl=1&resize=350%2C200 1x, https:\/\/i0.wp.com\/noticiasribeiraopreto.com.br\/wp-content\/uploads\/2023\/12\/taxa-desemprego-carteira-trabalho.jpg?fit=1200%2C675&ssl=1&resize=525%2C300 1.5x, https:\/\/i0.wp.com\/noticiasribeiraopreto.com.br\/wp-content\/uploads\/2023\/12\/taxa-desemprego-carteira-trabalho.jpg?fit=1200%2C675&ssl=1&resize=700%2C400 2x, https:\/\/i0.wp.com\/noticiasribeiraopreto.com.br\/wp-content\/uploads\/2023\/12\/taxa-desemprego-carteira-trabalho.jpg?fit=1200%2C675&ssl=1&resize=1050%2C600 3x"},"classes":[]},{"id":20513,"url":"https:\/\/noticiasribeiraopreto.com.br\/index.php\/2023\/12\/25\/atencao-ifood-se-posiciona-contra-a-formalizacao-dos-motoboys-e-apresenta-argumentos-concretos\/","url_meta":{"origin":91188,"position":5},"title":"Aten\u00e7\u00e3o! iFood se posiciona CONTRA a formaliza\u00e7\u00e3o dos motoboys e apresenta argumentos concretos","author":"noticiasribeiraopreto.com.br","date":"25 de December de 2023","format":false,"excerpt":"Diego Barreto, vice-presidente de finan\u00e7as e estrat\u00e9gias do iFood, expressou sua posi\u00e7\u00e3o contr\u00e1ria \u00e0 regulamenta\u00e7\u00e3o dos entregadores nos moldes da CLT, conforme proposto pelo governo do presidente Luiz In\u00e1cio Lula da Silva (PT). Em uma entrevista ao Poder Empreendedor, Barreto destacou que, na vis\u00e3o da empresa, a formaliza\u00e7\u00e3o poderia resultar\u2026","rel":"","context":"In &quot;Vagas de Emprego em Ribeir\u00e3o Preto-SP&quot;","block_context":{"text":"Vagas de Emprego em Ribeir\u00e3o Preto-SP","link":"https:\/\/noticiasribeiraopreto.com.br\/index.php\/category\/empregos-classificados-vagas-trabalho\/vagas-de-empregos-em-ribeirao-preto-regiao-brasil\/"},"img":{"alt_text":"","src":"https:\/\/i0.wp.com\/noticiasribeiraopreto.com.br\/wp-content\/uploads\/2023\/12\/noticiasconcursos.com_.br-atencao-ifood-se-posiciona-contra-a-formalizacao-dos-motoboys-e-apresenta-argumentos-concretos-ifood.jpg?fit=748%2C519&ssl=1&resize=350%2C200","width":350,"height":200,"srcset":"https:\/\/i0.wp.com\/noticiasribeiraopreto.com.br\/wp-content\/uploads\/2023\/12\/noticiasconcursos.com_.br-atencao-ifood-se-posiciona-contra-a-formalizacao-dos-motoboys-e-apresenta-argumentos-concretos-ifood.jpg?fit=748%2C519&ssl=1&resize=350%2C200 1x, https:\/\/i0.wp.com\/noticiasribeiraopreto.com.br\/wp-content\/uploads\/2023\/12\/noticiasconcursos.com_.br-atencao-ifood-se-posiciona-contra-a-formalizacao-dos-motoboys-e-apresenta-argumentos-concretos-ifood.jpg?fit=748%2C519&ssl=1&resize=525%2C300 1.5x, https:\/\/i0.wp.com\/noticiasribeiraopreto.com.br\/wp-content\/uploads\/2023\/12\/noticiasconcursos.com_.br-atencao-ifood-se-posiciona-contra-a-formalizacao-dos-motoboys-e-apresenta-argumentos-concretos-ifood.jpg?fit=748%2C519&ssl=1&resize=700%2C400 2x"},"classes":[]}],"jetpack_sharing_enabled":true,"jetpack_shortlink":"https:\/\/wp.me\/peQAOb-nIM","jetpack_featured_media_url":"https:\/\/i0.wp.com\/noticiasribeiraopreto.com.br\/wp-content\/uploads\/2026\/09\/Foto-1-app.jpg?fit=754%2C503&ssl=1","_links":{"self":[{"href":"https:\/\/noticiasribeiraopreto.com.br\/index.php\/wp-json\/wp\/v2\/posts\/91188","targetHints":{"allow":["GET"]}}],"collection":[{"href":"https:\/\/noticiasribeiraopreto.com.br\/index.php\/wp-json\/wp\/v2\/posts"}],"about":[{"href":"https:\/\/noticiasribeiraopreto.com.br\/index.php\/wp-json\/wp\/v2\/types\/post"}],"author":[{"embeddable":true,"href":"https:\/\/noticiasribeiraopreto.com.br\/index.php\/wp-json\/wp\/v2\/users\/1"}],"replies":[{"embeddable":true,"href":"https:\/\/noticiasribeiraopreto.com.br\/index.php\/wp-json\/wp\/v2\/comments?post=91188"}],"version-history":[{"count":0,"href":"https:\/\/noticiasribeiraopreto.com.br\/index.php\/wp-json\/wp\/v2\/posts\/91188\/revisions"}],"wp:featuredmedia":[{"embeddable":true,"href":"https:\/\/noticiasribeiraopreto.com.br\/index.php\/wp-json\/wp\/v2\/media\/91189"}],"wp:attachment":[{"href":"https:\/\/noticiasribeiraopreto.com.br\/index.php\/wp-json\/wp\/v2\/media?parent=91188"}],"wp:term":[{"taxonomy":"category","embeddable":true,"href":"https:\/\/noticiasribeiraopreto.com.br\/index.php\/wp-json\/wp\/v2\/categories?post=91188"},{"taxonomy":"post_tag","embeddable":true,"href":"https:\/\/noticiasribeiraopreto.com.br\/index.php\/wp-json\/wp\/v2\/tags?post=91188"}],"curies":[{"name":"wp","href":"https:\/\/api.w.org\/{rel}","templated":true}]}}