{"id":91190,"date":"2026-09-06T09:44:25","date_gmt":"2026-09-06T12:44:25","guid":{"rendered":"https:\/\/noticiasribeiraopreto.com.br\/index.php\/2026\/09\/06\/domingo-de-frio-em-ribeirao-preto-minima-de-14c-e-previsao-de-chuva\/"},"modified":"2026-09-06T09:44:25","modified_gmt":"2026-09-06T12:44:25","slug":"domingo-de-frio-em-ribeirao-preto-minima-de-14c-e-previsao-de-chuva","status":"publish","type":"post","link":"https:\/\/noticiasribeiraopreto.com.br\/index.php\/2026\/09\/06\/domingo-de-frio-em-ribeirao-preto-minima-de-14c-e-previsao-de-chuva\/","title":{"rendered":"Domingo de frio em Ribeir\u00e3o Preto: m\u00ednima de 14\u00b0C e previs\u00e3o de chuva"},"content":{"rendered":"<div class='code-block code-block-1' style='margin: 8px 0 8px auto; text-align: right; display: block; clear: both;'>\n<p><a href=\"https:\/\/wa.link\/vpicfd\"><img data-recalc-dims=\"1\" class=\"wp-image-4922\" style=\"aspect-ratio: 2.0253164556962027; width: 561px; height: auto;\" src=\"https:\/\/i0.wp.com\/ismaelcolosi.com.br\/wp-content\/uploads\/2023\/11\/grupo-de-empregos-whatsapp-e-facebook-ismael-colosi-vagas.jpg?ssl=1\" alt=\"\" \/><\/a><\/p>\n<!-- \/wp:image -->\n<\/div>\n<p> <br \/>\n<\/p>\n<p>Ribeir\u00e3o Preto amanhece com c\u00e9u nublado neste domingo (6) e a sensa\u00e7\u00e3o de frio deve predominar ao longo do dia. Segundo os dados mais recentes, a temperatura m\u00ednima fica em torno de 14\u00b0C e a m\u00e1xima n\u00e3o deve passar de 21\u00b0C.<\/p>\n<div class=\"wp-block-image\">\n<figure class=\"aligncenter size-full\"><figcaption class=\"wp-element-caption\">Foto: Climatempo<\/figcaption><\/figure>\n<\/div>\n<p><em>Receba not\u00edcias do\u00a0<strong>acidade on Ribeir\u00e3o\u00a0<\/strong>no WhatsApp e fique por dentro de tudo! Basta acessar o link<a href=\"https:\/\/chat.whatsapp.com\/DfXwcjKVIddHUT3BvnQuPZ?mode=hqctshi\" target=\"_blank\" rel=\"noreferrer noopener\">\u00a0aqui<\/a>!<\/em><\/p>\n<h2 class=\"wp-block-heading\">Chance de chuva \u00e9 alta<\/h2>\n<p>Quem pretende sair de casa precisa ficar atento: a previs\u00e3o indica <strong>65% de chance de chuva<\/strong> durante o dia. O ideal \u00e9 levar um guarda-chuva e refor\u00e7ar o casaco, j\u00e1 que o tempo firme n\u00e3o deve dar tr\u00e9gua ao friozinho.<\/p>\n<div class=\"wp-block-image\">\n<figure class=\"aligncenter size-large\"><img data-recalc-dims=\"1\" loading=\"lazy\" decoding=\"async\" width=\"1024\" height=\"576\" src=\"https:\/\/i0.wp.com\/www.acidadeon.com\/ribeiraopreto\/wp-content\/uploads\/sites\/3\/2026\/09\/alerta-tempestade-inmet-1024x576.jpg?resize=1024%2C576&#038;ssl=1\" alt=\"Inmet emite alerta para o risco de tempestade no estado de SP - Foto: Marcello Casal Jr\/ Ag\u00eancia Brasil.\" class=\"wp-image-173182\" title=\"Domingo de frio em Ribeir\u00e3o Preto: m\u00ednima de 14\u00b0C e previs\u00e3o de chuva 2\"><figcaption class=\"wp-element-caption\">Frente fria traz chuva para o estado de SP \u2013 Foto: Marcello Casal Jr\/ Ag\u00eancia Brasil.<\/figcaption><\/figure>\n<\/div>\n<h2 class=\"wp-block-heading\">E nos pr\u00f3ximos dias?<\/h2>\n<p>A partir de segunda-feira (7), as temperaturas come\u00e7am a subir gradualmente, com m\u00e1ximas passando dos 25\u00b0C j\u00e1 na ter\u00e7a-feira (8). A chance de chuva cai bastante na segunda, mas volta a ficar alta na quarta (9), com 75% de probabilidade.<\/p>\n<figure class=\"wp-block-table\">\n<table class=\"has-fixed-layout\">\n<thead>\n<tr>\n<th>Dia<\/th>\n<th>M\u00ednima<\/th>\n<th>M\u00e1xima<\/th>\n<th>Chance de chuva<\/th>\n<\/tr>\n<\/thead>\n<tbody>\n<tr>\n<td>Domingo (06\/09)<\/td>\n<td>14\u00b0C<\/td>\n<td>21\u00b0C<\/td>\n<td>65%<\/td>\n<\/tr>\n<tr>\n<td>Segunda (07\/09)<\/td>\n<td>14\u00b0C<\/td>\n<td>22\u00b0C<\/td>\n<td>10%<\/td>\n<\/tr>\n<tr>\n<td>Ter\u00e7a (08\/09)<\/td>\n<td>17\u00b0C<\/td>\n<td>26\u00b0C<\/td>\n<td>30%<\/td>\n<\/tr>\n<tr>\n<td>Quarta (09\/09)<\/td>\n<td>20\u00b0C<\/td>\n<td>26\u00b0C<\/td>\n<td>75%<\/td>\n<\/tr>\n<\/tbody>\n<\/table>\n<\/figure>\n<figure class=\"wp-block-image size-large\"><img data-recalc-dims=\"1\" loading=\"lazy\" decoding=\"async\" width=\"1024\" height=\"768\" src=\"https:\/\/i0.wp.com\/www.acidadeon.com\/ribeiraopreto\/wp-content\/uploads\/sites\/3\/2026\/07\/tempo-3-1024x768.jpeg?resize=1024%2C768&#038;ssl=1\" alt=\"nuvens\" class=\"wp-image-167669\" title=\"Domingo de frio em Ribeir\u00e3o Preto: m\u00ednima de 14\u00b0C e previs\u00e3o de chuva 3\"><figcaption class=\"wp-element-caption\"> (Foto: Leonardo Santos)<\/figcaption><\/figure>\n<hr class=\"wp-block-separator has-alpha-channel-opacity\">\n<p><em>Fa\u00e7a uma den\u00fancia ou sugira uma reportagem sobre\u00a0<strong>Ribeir\u00e3o Preto\u00a0<\/strong>e regi\u00e3o por meio do WhatsApp do\u00a0<strong>acidade on Ribeir\u00e3o<\/strong>: (16) 99117-7802.<\/em><\/p>\n<p>O post Domingo de frio em Ribeir\u00e3o Preto: m\u00ednima de 14\u00b0C e previs\u00e3o de chuva apareceu primeiro em ACidade ON Ribeir\u00e3o Preto.<\/p>\n<p><br \/>\n<br \/><a href=\"https:\/\/www.acidadeon.com\/ribeiraopreto\/cotidiano\/domingo-de-frio-em-ribeirao-preto-minima-de-14c-e-previsao-de-chuva\/\">Link para o texto original aqui <\/a><\/p>\n<!-- CONTENT END 1 -->\n","protected":false},"excerpt":{"rendered":"<p>Ribeir\u00e3o Preto amanhece com c\u00e9u nublado neste domingo (6) e a sensa\u00e7\u00e3o de frio deve predominar ao longo do dia. Segundo os dados mais recentes,&#8230;<\/p>\n","protected":false},"author":1,"featured_media":91191,"comment_status":"","ping_status":"","sticky":false,"template":"","format":"standard","meta":{"advanced_seo_description":"","jetpack_seo_html_title":"","jetpack_seo_noindex":false,"jetpack_seo_schema_type":"","_jetpack_newsletter_access":"","_jetpack_dont_email_post_to_subs":false,"_jetpack_newsletter_tier_id":0,"_jetpack_memberships_contains_paywalled_content":false,"_jetpack_feature_clip_id":0,"_jetpack_memberships_contains_paid_content":false,"footnotes":"","jetpack_publicize_message":"","jetpack_publicize_feature_enabled":true,"jetpack_social_post_already_shared":true,"jetpack_social_options":{"image_generator_settings":{"template":"highway","default_image_id":0,"font":"","enabled":false},"version":2},"jetpack_post_was_ever_published":false},"categories":[11],"tags":[8961,224,338,3798,7013,27,350,26],"class_list":["post-91190","post","type-post","status-publish","format-standard","has-post-thumbnail","hentry","category-noticias-de-ribeirao-preto-sp-e-regiao-ismael-colosi","tag-14c","tag-chuva","tag-domingo","tag-frio","tag-minima","tag-preto","tag-previsao","tag-ribeirao"],"jetpack_publicize_connections":[],"jetpack-related-posts":[{"id":86483,"url":"https:\/\/noticiasribeiraopreto.com.br\/index.php\/2026\/06\/14\/frio-e-chuva-veja-a-previsao-do-tempo-para-ribeirao-preto-nos-proximos-sete-dias\/","url_meta":{"origin":91190,"position":0},"title":"Frio e chuva? Veja a previs\u00e3o do tempo para Ribeir\u00e3o Preto nos pr\u00f3ximos sete dias","author":"noticiasribeiraopreto.com.br","date":"14 de June de 2026","format":false,"excerpt":"Os moradores de Ribeir\u00e3o Preto devem enfrentar uma semana com frio e possibilidade de chuva. Segundo a Climatempo, a segunda-feira (15) j\u00e1 come\u00e7a com temperatura m\u00e1xima prevista de 22\u00b0C. Receba not\u00edcias do\u00a0acidade on Ribeir\u00e3o\u00a0no WhatsApp e fique por dentro de tudo! Basta acessar o link\u00a0aqui! A chegada de uma massa\u2026","rel":"","context":"In &quot;Not\u00edcias de Ribeir\u00e3o Preto-SP e Regi\u00e3o&quot;","block_context":{"text":"Not\u00edcias de Ribeir\u00e3o Preto-SP e Regi\u00e3o","link":"https:\/\/noticiasribeiraopreto.com.br\/index.php\/category\/noticias-de-ribeirao-preto-sp-e-regiao-ismael-colosi\/"},"img":{"alt_text":"","src":"https:\/\/i0.wp.com\/noticiasribeiraopreto.com.br\/wp-content\/uploads\/2026\/06\/frio_2026-05-17_18-11-15.webp.webp?fit=1200%2C800&ssl=1&resize=350%2C200","width":350,"height":200,"srcset":"https:\/\/i0.wp.com\/noticiasribeiraopreto.com.br\/wp-content\/uploads\/2026\/06\/frio_2026-05-17_18-11-15.webp.webp?fit=1200%2C800&ssl=1&resize=350%2C200 1x, https:\/\/i0.wp.com\/noticiasribeiraopreto.com.br\/wp-content\/uploads\/2026\/06\/frio_2026-05-17_18-11-15.webp.webp?fit=1200%2C800&ssl=1&resize=525%2C300 1.5x, https:\/\/i0.wp.com\/noticiasribeiraopreto.com.br\/wp-content\/uploads\/2026\/06\/frio_2026-05-17_18-11-15.webp.webp?fit=1200%2C800&ssl=1&resize=700%2C400 2x, https:\/\/i0.wp.com\/noticiasribeiraopreto.com.br\/wp-content\/uploads\/2026\/06\/frio_2026-05-17_18-11-15.webp.webp?fit=1200%2C800&ssl=1&resize=1050%2C600 3x"},"classes":[]},{"id":56156,"url":"https:\/\/noticiasribeiraopreto.com.br\/index.php\/2024\/08\/10\/veja-ate-quando-a-chuva-e-o-frio-continuam-no-interior-de-sp\/","url_meta":{"origin":91190,"position":1},"title":"Veja at\u00e9 quando a chuva e o frio continuam no interior de SP","author":"noticiasribeiraopreto.com.br","date":"10 de August de 2024","format":false,"excerpt":"O dia amanheceu gelado no interior de S\u00e3o Paulo e, de acordo com a Climatempo, as temperaturas devem seguir baixas at\u00e9 a pr\u00f3xima quarta-feira (14). Em Ribeir\u00e3o Preto, o s\u00e1bado (10) come\u00e7ou com chuva e os term\u00f4metros com temperaturas pr\u00f3ximas dos 10\u00b0C. Segundo os meteorologistas, Ribeir\u00e3o Preto deve ter pancadas\u2026","rel":"","context":"In &quot;Not\u00edcias de Ribeir\u00e3o Preto-SP e Regi\u00e3o&quot;","block_context":{"text":"Not\u00edcias de Ribeir\u00e3o Preto-SP e Regi\u00e3o","link":"https:\/\/noticiasribeiraopreto.com.br\/index.php\/category\/noticias-de-ribeirao-preto-sp-e-regiao-ismael-colosi\/"},"img":{"alt_text":"","src":"https:\/\/i0.wp.com\/noticiasribeiraopreto.com.br\/wp-content\/uploads\/2024\/08\/ceu-nublado_2024-08-10_12-38-56_jpeg_2024-08-10_12-38-56.webp.webp?fit=1200%2C903&ssl=1&resize=350%2C200","width":350,"height":200,"srcset":"https:\/\/i0.wp.com\/noticiasribeiraopreto.com.br\/wp-content\/uploads\/2024\/08\/ceu-nublado_2024-08-10_12-38-56_jpeg_2024-08-10_12-38-56.webp.webp?fit=1200%2C903&ssl=1&resize=350%2C200 1x, https:\/\/i0.wp.com\/noticiasribeiraopreto.com.br\/wp-content\/uploads\/2024\/08\/ceu-nublado_2024-08-10_12-38-56_jpeg_2024-08-10_12-38-56.webp.webp?fit=1200%2C903&ssl=1&resize=525%2C300 1.5x, https:\/\/i0.wp.com\/noticiasribeiraopreto.com.br\/wp-content\/uploads\/2024\/08\/ceu-nublado_2024-08-10_12-38-56_jpeg_2024-08-10_12-38-56.webp.webp?fit=1200%2C903&ssl=1&resize=700%2C400 2x, https:\/\/i0.wp.com\/noticiasribeiraopreto.com.br\/wp-content\/uploads\/2024\/08\/ceu-nublado_2024-08-10_12-38-56_jpeg_2024-08-10_12-38-56.webp.webp?fit=1200%2C903&ssl=1&resize=1050%2C600 3x"},"classes":[]},{"id":45793,"url":"https:\/\/noticiasribeiraopreto.com.br\/index.php\/2024\/04\/07\/chuva-calor-ou-frio-veja-a-previsao-do-tempo-para-10-dias-em-ribeirao-preto\/","url_meta":{"origin":91190,"position":2},"title":"Chuva, calor ou frio? Veja a previs\u00e3o do tempo para 10 dias em Ribeir\u00e3o Preto","author":"noticiasribeiraopreto.com.br","date":"7 de April de 2024","format":false,"excerpt":"A primeira onda de frio do ano deve atingir o Estado de S\u00e3o Paulo nos pr\u00f3ximos dias. Contudo, em Ribeir\u00e3o Preto a previs\u00e3o do tempo aponta para dias quentes e chuva, que deve ficar mais intensa no pr\u00f3ximo final de semana. Confira: Segunda-feira, 8 de abrilM\u00e1xima: 34\u00b0CM\u00ednima: 20\u00b0CSol com algumas\u2026","rel":"","context":"In &quot;Not\u00edcias de Ribeir\u00e3o Preto-SP e Regi\u00e3o&quot;","block_context":{"text":"Not\u00edcias de Ribeir\u00e3o Preto-SP e Regi\u00e3o","link":"https:\/\/noticiasribeiraopreto.com.br\/index.php\/category\/noticias-de-ribeirao-preto-sp-e-regiao-ismael-colosi\/"},"img":{"alt_text":"","src":"https:\/\/i0.wp.com\/noticiasribeiraopreto.com.br\/wp-content\/uploads\/2024\/04\/WhatsApp-Image-2023-10-16-at-09.45.38.jpeg?fit=1200%2C704&ssl=1&resize=350%2C200","width":350,"height":200,"srcset":"https:\/\/i0.wp.com\/noticiasribeiraopreto.com.br\/wp-content\/uploads\/2024\/04\/WhatsApp-Image-2023-10-16-at-09.45.38.jpeg?fit=1200%2C704&ssl=1&resize=350%2C200 1x, https:\/\/i0.wp.com\/noticiasribeiraopreto.com.br\/wp-content\/uploads\/2024\/04\/WhatsApp-Image-2023-10-16-at-09.45.38.jpeg?fit=1200%2C704&ssl=1&resize=525%2C300 1.5x, https:\/\/i0.wp.com\/noticiasribeiraopreto.com.br\/wp-content\/uploads\/2024\/04\/WhatsApp-Image-2023-10-16-at-09.45.38.jpeg?fit=1200%2C704&ssl=1&resize=700%2C400 2x, https:\/\/i0.wp.com\/noticiasribeiraopreto.com.br\/wp-content\/uploads\/2024\/04\/WhatsApp-Image-2023-10-16-at-09.45.38.jpeg?fit=1200%2C704&ssl=1&resize=1050%2C600 3x"},"classes":[]},{"id":86496,"url":"https:\/\/noticiasribeiraopreto.com.br\/index.php\/2026\/06\/15\/com-entrada-de-ar-frio-interior-de-sp-pode-registrar-minima-invertida-veja-previsao\/","url_meta":{"origin":91190,"position":3},"title":"Com entrada de ar frio, interior de SP pode registrar m\u00ednima invertida; Veja previs\u00e3o","author":"noticiasribeiraopreto.com.br","date":"15 de June de 2026","format":false,"excerpt":"O avan\u00e7o de uma nova frente fria sobre o oceano, a circula\u00e7\u00e3o de umidade e um cavado meteorol\u00f3gico devem manter as condi\u00e7\u00f5es para instabilidades sobre a regi\u00e3o de Ribeir\u00e3o Preto nesta segunda-feira (15). Ar frio Receba not\u00edcias do\u00a0acidade on Ribeir\u00e3o\u00a0no WhatsApp e fique por dentro de tudo! Basta acessar o\u2026","rel":"","context":"In &quot;Not\u00edcias de Ribeir\u00e3o Preto-SP e Regi\u00e3o&quot;","block_context":{"text":"Not\u00edcias de Ribeir\u00e3o Preto-SP e Regi\u00e3o","link":"https:\/\/noticiasribeiraopreto.com.br\/index.php\/category\/noticias-de-ribeirao-preto-sp-e-regiao-ismael-colosi\/"},"img":{"alt_text":"","src":"https:\/\/i0.wp.com\/noticiasribeiraopreto.com.br\/wp-content\/uploads\/2026\/06\/pint4266-e1781517364633.webp.webp?fit=887%2C700&ssl=1&resize=350%2C200","width":350,"height":200,"srcset":"https:\/\/i0.wp.com\/noticiasribeiraopreto.com.br\/wp-content\/uploads\/2026\/06\/pint4266-e1781517364633.webp.webp?fit=887%2C700&ssl=1&resize=350%2C200 1x, https:\/\/i0.wp.com\/noticiasribeiraopreto.com.br\/wp-content\/uploads\/2026\/06\/pint4266-e1781517364633.webp.webp?fit=887%2C700&ssl=1&resize=525%2C300 1.5x, https:\/\/i0.wp.com\/noticiasribeiraopreto.com.br\/wp-content\/uploads\/2026\/06\/pint4266-e1781517364633.webp.webp?fit=887%2C700&ssl=1&resize=700%2C400 2x"},"classes":[]},{"id":69569,"url":"https:\/\/noticiasribeiraopreto.com.br\/index.php\/2025\/05\/07\/frente-fria-avanca-e-semana-pode-terminar-com-chuva-e-frio-veja-previsao-no-estado-de-sp\/","url_meta":{"origin":91190,"position":4},"title":"Frente fria avan\u00e7a e semana pode terminar com chuva e frio; Veja previs\u00e3o no estado de SP","author":"noticiasribeiraopreto.com.br","date":"7 de May de 2025","format":false,"excerpt":"Uma frente fria est\u00e1 prevista para avan\u00e7ar pelo Sudeste e mudar o tempo no estado de S\u00e3o Paulo. Segundo a Meteored, esse sistema chega na manh\u00e3 do pr\u00f3ximo s\u00e1bado (10)\u00a0e come\u00e7a a afetar o litoral sul e as demais regi\u00f5es\u00a0ao longo da tarde. A meteorologia indica chuvas moderadas, que podem\u2026","rel":"","context":"In &quot;Not\u00edcias de Ribeir\u00e3o Preto-SP e Regi\u00e3o&quot;","block_context":{"text":"Not\u00edcias de Ribeir\u00e3o Preto-SP e Regi\u00e3o","link":"https:\/\/noticiasribeiraopreto.com.br\/index.php\/category\/noticias-de-ribeirao-preto-sp-e-regiao-ismael-colosi\/"},"img":{"alt_text":"","src":"https:\/\/i0.wp.com\/noticiasribeiraopreto.com.br\/wp-content\/uploads\/2024\/11\/chuva_sexta_06_2024-11-29_16-33-16.webp.webp?fit=1024%2C768&ssl=1&resize=350%2C200","width":350,"height":200,"srcset":"https:\/\/i0.wp.com\/noticiasribeiraopreto.com.br\/wp-content\/uploads\/2024\/11\/chuva_sexta_06_2024-11-29_16-33-16.webp.webp?fit=1024%2C768&ssl=1&resize=350%2C200 1x, https:\/\/i0.wp.com\/noticiasribeiraopreto.com.br\/wp-content\/uploads\/2024\/11\/chuva_sexta_06_2024-11-29_16-33-16.webp.webp?fit=1024%2C768&ssl=1&resize=525%2C300 1.5x, https:\/\/i0.wp.com\/noticiasribeiraopreto.com.br\/wp-content\/uploads\/2024\/11\/chuva_sexta_06_2024-11-29_16-33-16.webp.webp?fit=1024%2C768&ssl=1&resize=700%2C400 2x"},"classes":[]},{"id":56223,"url":"https:\/\/noticiasribeiraopreto.com.br\/index.php\/2024\/08\/11\/ate-quando-vai-o-frio-no-interior-de-sp-veja-a-previsao\/","url_meta":{"origin":91190,"position":5},"title":"At\u00e9 quando vai o frio no interior de SP? Veja a previs\u00e3o","author":"noticiasribeiraopreto.com.br","date":"11 de August de 2024","format":false,"excerpt":"Uma forte frente fria chegou ao interior do Estado de S\u00e3o Paulo e provocou mudan\u00e7as no tempo, como o registro de chuva e queda acentuada nas temperaturas de diversas regi\u00f5es. A not\u00edcia, no entanto, n\u00e3o \u00e9 t\u00e3o boa para aqueles que n\u00e3o gostam do frio. A semana deve come\u00e7ar com\u2026","rel":"","context":"In &quot;Not\u00edcias de Ribeir\u00e3o Preto-SP e Regi\u00e3o&quot;","block_context":{"text":"Not\u00edcias de Ribeir\u00e3o Preto-SP e Regi\u00e3o","link":"https:\/\/noticiasribeiraopreto.com.br\/index.php\/category\/noticias-de-ribeirao-preto-sp-e-regiao-ismael-colosi\/"},"img":{"alt_text":"","src":"https:\/\/i0.wp.com\/noticiasribeiraopreto.com.br\/wp-content\/uploads\/2024\/08\/AnyConv.com__onda-de-frio_2024-07-05_16-31-44.webp.webp?fit=1200%2C800&ssl=1&resize=350%2C200","width":350,"height":200,"srcset":"https:\/\/i0.wp.com\/noticiasribeiraopreto.com.br\/wp-content\/uploads\/2024\/08\/AnyConv.com__onda-de-frio_2024-07-05_16-31-44.webp.webp?fit=1200%2C800&ssl=1&resize=350%2C200 1x, https:\/\/i0.wp.com\/noticiasribeiraopreto.com.br\/wp-content\/uploads\/2024\/08\/AnyConv.com__onda-de-frio_2024-07-05_16-31-44.webp.webp?fit=1200%2C800&ssl=1&resize=525%2C300 1.5x, https:\/\/i0.wp.com\/noticiasribeiraopreto.com.br\/wp-content\/uploads\/2024\/08\/AnyConv.com__onda-de-frio_2024-07-05_16-31-44.webp.webp?fit=1200%2C800&ssl=1&resize=700%2C400 2x, https:\/\/i0.wp.com\/noticiasribeiraopreto.com.br\/wp-content\/uploads\/2024\/08\/AnyConv.com__onda-de-frio_2024-07-05_16-31-44.webp.webp?fit=1200%2C800&ssl=1&resize=1050%2C600 3x"},"classes":[]}],"jetpack_sharing_enabled":true,"jetpack_shortlink":"https:\/\/wp.me\/peQAOb-nIO","jetpack_featured_media_url":"https:\/\/i0.wp.com\/noticiasribeiraopreto.com.br\/wp-content\/uploads\/2026\/09\/previsao-ribeirao-preto-terca-1.jpg?fit=1200%2C675&ssl=1","_links":{"self":[{"href":"https:\/\/noticiasribeiraopreto.com.br\/index.php\/wp-json\/wp\/v2\/posts\/91190","targetHints":{"allow":["GET"]}}],"collection":[{"href":"https:\/\/noticiasribeiraopreto.com.br\/index.php\/wp-json\/wp\/v2\/posts"}],"about":[{"href":"https:\/\/noticiasribeiraopreto.com.br\/index.php\/wp-json\/wp\/v2\/types\/post"}],"author":[{"embeddable":true,"href":"https:\/\/noticiasribeiraopreto.com.br\/index.php\/wp-json\/wp\/v2\/users\/1"}],"replies":[{"embeddable":true,"href":"https:\/\/noticiasribeiraopreto.com.br\/index.php\/wp-json\/wp\/v2\/comments?post=91190"}],"version-history":[{"count":0,"href":"https:\/\/noticiasribeiraopreto.com.br\/index.php\/wp-json\/wp\/v2\/posts\/91190\/revisions"}],"wp:featuredmedia":[{"embeddable":true,"href":"https:\/\/noticiasribeiraopreto.com.br\/index.php\/wp-json\/wp\/v2\/media\/91191"}],"wp:attachment":[{"href":"https:\/\/noticiasribeiraopreto.com.br\/index.php\/wp-json\/wp\/v2\/media?parent=91190"}],"wp:term":[{"taxonomy":"category","embeddable":true,"href":"https:\/\/noticiasribeiraopreto.com.br\/index.php\/wp-json\/wp\/v2\/categories?post=91190"},{"taxonomy":"post_tag","embeddable":true,"href":"https:\/\/noticiasribeiraopreto.com.br\/index.php\/wp-json\/wp\/v2\/tags?post=91190"}],"curies":[{"name":"wp","href":"https:\/\/api.w.org\/{rel}","templated":true}]}}