{"id":91193,"date":"2026-09-06T10:07:07","date_gmt":"2026-09-06T13:07:07","guid":{"rendered":"https:\/\/noticiasribeiraopreto.com.br\/index.php\/2026\/09\/06\/violencia-nas-escolas-de-rp-e-preocupante\/"},"modified":"2026-09-06T10:07:07","modified_gmt":"2026-09-06T13:07:07","slug":"violencia-nas-escolas-de-rp-e-preocupante","status":"publish","type":"post","link":"https:\/\/noticiasribeiraopreto.com.br\/index.php\/2026\/09\/06\/violencia-nas-escolas-de-rp-e-preocupante\/","title":{"rendered":"Viol\u00eancia nas escolas de RP \u00e9 preocupante"},"content":{"rendered":"<div class='code-block code-block-1' style='margin: 8px 0 8px auto; text-align: right; display: block; clear: both;'>\n<p><a href=\"https:\/\/wa.link\/vpicfd\"><img data-recalc-dims=\"1\" class=\"wp-image-4922\" style=\"aspect-ratio: 2.0253164556962027; width: 561px; height: auto;\" src=\"https:\/\/i0.wp.com\/ismaelcolosi.com.br\/wp-content\/uploads\/2023\/11\/grupo-de-empregos-whatsapp-e-facebook-ismael-colosi-vagas.jpg?ssl=1\" alt=\"\" \/><\/a><\/p>\n<!-- \/wp:image -->\n<\/div>\n<p> <br \/>\n<\/p>\n<div>\n<p>Por: Adalberto Luque<\/p>\n<p>\u00a0<\/p>\n<p>Em menos de um m\u00eas, quatro ocorr\u00eancias envolvendo viol\u00eancia entre estudantes dentro ou nas proximidades de escolas foram registradas em Ribeir\u00e3o Preto. Os epis\u00f3dios, que envolveram arma branca, explosivo e agress\u00f5es f\u00edsicas, ocorreram entre os dias 5 e 24 de agosto e colocaram novamente a viol\u00eancia no ambiente escolar no centro das aten\u00e7\u00f5es.<\/p>\n<p>O n\u00famero de casos em um per\u00edodo t\u00e3o curto chama a aten\u00e7\u00e3o das autoridades que acompanham as ocorr\u00eancias. A avalia\u00e7\u00e3o \u00e9 de que os epis\u00f3dios registrados nas escolas tamb\u00e9m podem refletir um cen\u00e1rio de viol\u00eancia presente fora delas, nas ruas e nas rela\u00e7\u00f5es entre adolescentes.<\/p>\n<p>A preocupa\u00e7\u00e3o n\u00e3o \u00e9 restrita a Ribeir\u00e3o Preto. Dados da 20\u00aa edi\u00e7\u00e3o do Anu\u00e1rio Brasileiro de Seguran\u00e7a P\u00fablica, divulgados em julho com n\u00fameros referentes a 2025, mostram que os registros de bullying e cyberbullying contra crian\u00e7as e adolescentes cresceram 67,3% no pa\u00eds em rela\u00e7\u00e3o ao ano anterior. Foram 5.226 ocorr\u00eancias, sendo 4.549 de bullying e 677 de cyberbullying.<\/p>\n<p>Os epis\u00f3dios mais graves de viol\u00eancia em escolas brasileiras tamb\u00e9m j\u00e1 deixaram marcas. Em 2011, um homem matou 12 estudantes na Escola Municipal Tasso da Silveira, em Realengo, no Rio de Janeiro. Em 2019, uma escola de Suzano, na Grande S\u00e3o Paulo, foi alvo de um ataque que matou estudantes e funcion\u00e1rios.<\/p>\n<p>Em Ribeir\u00e3o Preto, os quatro epis\u00f3dios de agosto tiveram caracter\u00edsticas diferentes e ocorreram em tr\u00eas escolas estaduais e uma particular.<\/p>\n<h2><strong>5 de agosto<\/strong><\/h2>\n<p>A sequ\u00eancia come\u00e7ou na sa\u00edda da Escola Estadual Dom Alberto Jos\u00e9 Gon\u00e7alves, na rua Fl\u00e1vio Uch\u00f4a, nos Campos El\u00edseos, zona Norte. Uma adolescente de 14 anos ficou ferida depois de tentar impedir uma agress\u00e3o contra uma amiga.<\/p>\n<p>Segundo o relato da v\u00edtima, uma colega estava prestes a ser agredida pela m\u00e3e de outra aluna. Ao tentar intervir, a adolescente acabou sendo atacada pela filha da mulher, tamb\u00e9m de 14 anos, que utilizou uma arma branca.<\/p>\n<p>A jovem sofreu um ferimento profundo em um dos bra\u00e7os. Testemunhas n\u00e3o souberam informar se o objeto usado era uma faca ou uma tesoura.<\/p>\n<p>A adolescente foi socorrida por um funcion\u00e1rio da escola, que acionou o Servi\u00e7o de Atendimento M\u00f3vel de Urg\u00eancia (SAMU). Ela foi levada para uma Unidade de Pronto Atendimento (UPA), onde permaneceu internada at\u00e9 receber alta.<\/p>\n<h3><strong>11 de agosto<\/strong><\/h3>\n<p>Seis dias depois, uma explos\u00e3o feriu tr\u00eas estudantes durante o intervalo na Escola Estadual Alcides Corr\u00eaa, na rua Moreira de Oliveira, no Alto da Boa Vista, zona Sul.<\/p>\n<p>O p\u00e1tio estava cheio de alunos quando um artefato explosivo, colocado dentro de uma lata de refrigerante, foi lan\u00e7ado de uma escada em dire\u00e7\u00e3o ao local onde estavam os estudantes.<\/p>\n<p>Quatro adolescentes, com idades entre 16 e 18 anos, s\u00e3o apontados como respons\u00e1veis por terem encontrado o artefato, colocado o objeto dentro da lata, acendido e depois arremessado.<\/p>\n<p>Tr\u00eas estudantes de 15 anos foram atingidos por estilha\u00e7os nos bra\u00e7os, pernas e m\u00e3os. Um deles precisou levar pontos em um ferimento na perna.<\/p>\n<p>Os quatro adolescentes apontados como respons\u00e1veis foram levados para a Central de Pol\u00edcia Judici\u00e1ria (CPJ), ouvidos e liberados ap\u00f3s os pais assinarem um termo de ci\u00eancia. Inicialmente, eles foram suspensos pela escola.<\/p>\n<h4><strong>21 de agosto<\/strong><\/h4>\n<p>O terceiro epis\u00f3dio ocorreu no Col\u00e9gio Itamarati, na rua Abr\u00e3o Caixe, no Jardim Iraj\u00e1, zona Sul. Um adolescente de 13 anos foi atingido nas costas por uma faca durante uma agress\u00e3o ocorrida dentro da unidade.<\/p>\n<p>Segundo a Pol\u00edcia Militar, o aluno que desferiu o golpe disse ter retirado a faca da cozinha da escola. O objeto, com l\u00e2mina de 11 cent\u00edmetros, ficou cravado nas costas da v\u00edtima e atingiu parcialmente um dos pulm\u00f5es.<\/p>\n<p>O adolescente ferido foi atendido inicialmente na pr\u00f3pria escola e depois levado para um hospital particular. Na ocasi\u00e3o, estava consciente e est\u00e1vel. Posteriormente, permaneceu internado em uma Unidade de Terapia Intensiva (UTI). Segundo a assessoria da fam\u00edlia, o aluno teve alta hospitalar e est\u00e1 na sua resid\u00eancia, ainda sob cuidados m\u00e9dicos.<\/p>\n<p>O adolescente apontado como autor da agress\u00e3o, de 14 anos, prestou depoimento na Delegacia da Inf\u00e2ncia e Juventude (DIJU) e foi liberado. A escola informou que ele foi desligado definitivamente da institui\u00e7\u00e3o.<\/p>\n<p>A agress\u00e3o foi precedida por conflitos entre estudantes. A defesa do adolescente que desferiu a facada afirma que ele vinha sofrendo bullying e que a fam\u00edlia havia procurado a escola dias antes para relatar situa\u00e7\u00f5es envolvendo o garoto. A fam\u00edlia do adolescente ferido, por outro lado, afirma que n\u00e3o houve briga ou enfrentamento antes do ataque.<\/p>\n<p>O advogado do adolescente apontado como autor da agress\u00e3o afirmou que o aluno \u00e9 autista e vinha sendo alvo de bullying. Segundo ele, a situa\u00e7\u00e3o j\u00e1 havia sido apresentada \u00e0 escola pelos pais dias antes e tamb\u00e9m foi relatada \u00e0 pol\u00edcia, com a apresenta\u00e7\u00e3o de prints de redes sociais que, de acordo com a defesa, registrariam as provoca\u00e7\u00f5es sofridas pelo adolescente. O advogado tamb\u00e9m considerou arbitr\u00e1rio o afastamento definitivo do aluno da escola.<\/p>\n<h5><strong>24 de agosto<\/strong><\/h5>\n<p>O quarto caso ocorreu na Escola Estadual C\u00f4nego Barros, na avenida Doutor Francisco Junqueira, na regi\u00e3o central. Um adolescente de 15 anos agrediu um colega utilizando um soco ingl\u00eas.<\/p>\n<p>Segundo o registro da ocorr\u00eancia, depois de atingir o estudante no rosto com o objeto, o adolescente continuou as agress\u00f5es com diversos socos. A v\u00edtima foi levada para uma UPA, onde foi constatada uma poss\u00edvel fratura na face, sendo posteriormente encaminhada para atendimento hospitalar especializado.<\/p>\n<figure id=\"attachment_476247\" aria-describedby=\"caption-attachment-476247\" style=\"width: 491px\" class=\"wp-caption aligncenter\"><figcaption id=\"caption-attachment-476247\" class=\"wp-caption-text\">De 15 jovens envolvidos nos casos de viol\u00eancia escolar, seis sofreram ferimentos entre moderados e graves, incluindo pulm\u00e3o perfurado e fratura na face | Redes sociais<\/figcaption><\/figure>\n<p>A diretora da escola tentou separar os dois estudantes. Eles permaneceram na unidade at\u00e9 a chegada do socorro e dos respons\u00e1veis.<\/p>\n<p>O adolescente apontado como autor foi apreendido pela Pol\u00edcia Civil, mas acabou sendo liberado para responder ao Ato Infracional em liberdade. O caso encerrou um m\u00eas marcado por quatro ocorr\u00eancias distintas de viol\u00eancia envolvendo estudantes em escolas ou nas proximidades de unidades de ensino de Ribeir\u00e3o Preto.<\/p>\n<h2><strong>SSP informa que houve reuni\u00e3o com pais<\/strong><\/h2>\n<p>A Secretaria da Educa\u00e7\u00e3o do Estado de S\u00e3o Paulo (Seduc-SP) informou que todos os casos citados tiveram boletim de ocorr\u00eancia registrado e que houve reuni\u00f5es com pais e estudantes. Em pelo menos dois dos tr\u00eas epis\u00f3dios, segundo a pasta, foram adotados afastamentos por medida cautelar e os casos encaminhados aos Conselhos Escolares.<\/p>\n<p>Nos epis\u00f3dios envolvendo as escolas estaduais Dom Alberto Jos\u00e9 Gon\u00e7alvez e Alcides Corr\u00eaa, todos os alunos envolvidos foram transferidos ap\u00f3s decis\u00e3o dos Conselhos. Segundo a Unidade Regional de Ensino de Ribeir\u00e3o Preto, a medida teve como objetivo preservar a seguran\u00e7a dos estudantes e dos demais matriculados.<\/p>\n<p>A Seduc afirmou ainda que as escolas contam com protocolos espec\u00edficos para situa\u00e7\u00f5es de viol\u00eancia, al\u00e9m de professores orientadores de conviv\u00eancia e profissionais do Programa Psic\u00f3logos nas Escolas. \u201cA qualquer momento, as escolas podem solicitar refor\u00e7o da Ronda Escolar\u201d, informou a secretaria.<\/p>\n<p>As unidades tamb\u00e9m disp\u00f5em do Bot\u00e3o do P\u00e2nico, que permite contato direto com o Centro de Opera\u00e7\u00f5es Policiais Militares (Copom), e podem compartilhar imagens de c\u00e2meras com o Centro Integrado de Comando e Controle da Pol\u00edcia Militar (CICC).<\/p>\n<h3><strong>Itamarati<\/strong><\/h3>\n<p>O Col\u00e9gio Itamarati informou que fez uma apura\u00e7\u00e3o interna e adotou medidas para garantir a seguran\u00e7a e o acolhimento dos alunos. A escola tamb\u00e9m reuniu a equipe para definir as a\u00e7\u00f5es de apoio aos estudantes e \u00e0s fam\u00edlias e preparar o retorno \u00e0 rotina escolar.<\/p>\n<p>A institui\u00e7\u00e3o afirmou manter a\u00e7\u00f5es permanentes contra bullying e cyberbullying, mas disse que, neste caso, identificou apenas \u201cuma conversa pontual entre alunos em ambiente virtual, fora do hor\u00e1rio e ambiente escolar\u201d, o que, segundo o col\u00e9gio, n\u00e3o configura pr\u00e1tica sistem\u00e1tica e reiterada de bullying.<\/p>\n<p>O objeto usado na agress\u00e3o, ainda de acordo com o Itamarati, \u201cn\u00e3o possui compatibilidade com o acervo de materiais da escola\u201d. O aluno apontado como respons\u00e1vel pela agress\u00e3o foi desligado definitivamente da institui\u00e7\u00e3o, conforme o Regimento Interno.<\/p>\n<p>\u201cA apura\u00e7\u00e3o dos fatos segue sob condu\u00e7\u00e3o das autoridades competentes, com as quais o Col\u00e9gio Itamarati colabora integralmente\u201d, informou a escola.<\/p>\n<h2><strong>Atos infracionais mais sens\u00edveis<\/strong><\/h2>\n<p>O delegado Haroldo Chaud, titular da Delegacia da Inf\u00e2ncia e Juventude (DIJU) de Ribeir\u00e3o Preto, fez um alerta a pais, respons\u00e1veis, escolas e ao poder p\u00fablico diante da sequ\u00eancia de atos infracionais registrados nas \u00faltimas semanas na cidade. Segundo ele, nas \u00faltimas semanas, a cidade foi assolada por uma s\u00e9rie de atos infracionais mais sens\u00edveis, mais delicados e at\u00e9 mais graves, com o emprego de armas brancas, como facas, soco ingl\u00eas, e causados, \u00e0s vezes, at\u00e9 sem motiva\u00e7\u00e3o ou por motiva\u00e7\u00e3o f\u00fatil.<\/p>\n<p>Chaud afirmou que conflitos iniciados presencialmente podem ganhar propor\u00e7\u00f5es maiores quando levados para a internet, principalmente para as redes sociais. Segundo ele, uma pequena discuss\u00e3o ou desentendimento em sala de aula pode ser alimentado posteriormente por ofensas e provoca\u00e7\u00f5es feitas virtualmente.<\/p>\n<p>\u201cE a\u00ed \u00e9 o momento em que o jovem, que n\u00e3o est\u00e1 presencialmente na frente do seu suposto desafeto, encontra coragem, na frente de um celular ou de um computador, \u00e0s vezes de madrugada. E, como s\u00e3o grupos, muitas vezes h\u00e1 o efeito manada.\u201d<\/p>\n<figure id=\"attachment_476248\" aria-describedby=\"caption-attachment-476248\" style=\"width: 405px\" class=\"wp-caption aligncenter\"><img data-recalc-dims=\"1\" loading=\"lazy\" decoding=\"async\" class=\"wp-image-476248 lazyload\" src=\"https:\/\/i0.wp.com\/www.tribunaribeirao.com.br\/wp-content\/uploads\/2026\/09\/FOTO-03-BOX-02-Haroldo-Chaud-Foto-Alfredo-Risk-300x200.jpg?resize=405%2C270&#038;ssl=1\" alt=\"\" width=\"405\" height=\"270\" srcset=\"https:\/\/www.tribunaribeirao.com.br\/wp-content\/uploads\/2026\/09\/FOTO-03-BOX-02-Haroldo-Chaud-Foto-Alfredo-Risk-300x200.jpg 300w, https:\/\/www.tribunaribeirao.com.br\/wp-content\/uploads\/2026\/09\/FOTO-03-BOX-02-Haroldo-Chaud-Foto-Alfredo-Risk-1024x683.jpg 1024w, https:\/\/www.tribunaribeirao.com.br\/wp-content\/uploads\/2026\/09\/FOTO-03-BOX-02-Haroldo-Chaud-Foto-Alfredo-Risk-768x512.jpg 768w, https:\/\/www.tribunaribeirao.com.br\/wp-content\/uploads\/2026\/09\/FOTO-03-BOX-02-Haroldo-Chaud-Foto-Alfredo-Risk-1536x1024.jpg 1536w, https:\/\/www.tribunaribeirao.com.br\/wp-content\/uploads\/2026\/09\/FOTO-03-BOX-02-Haroldo-Chaud-Foto-Alfredo-Risk-480x320.jpg 480w, https:\/\/www.tribunaribeirao.com.br\/wp-content\/uploads\/2026\/09\/FOTO-03-BOX-02-Haroldo-Chaud-Foto-Alfredo-Risk-280x186.jpg 280w, https:\/\/www.tribunaribeirao.com.br\/wp-content\/uploads\/2026\/09\/FOTO-03-BOX-02-Haroldo-Chaud-Foto-Alfredo-Risk-960x640.jpg 960w, https:\/\/www.tribunaribeirao.com.br\/wp-content\/uploads\/2026\/09\/FOTO-03-BOX-02-Haroldo-Chaud-Foto-Alfredo-Risk-600x400.jpg 600w, https:\/\/www.tribunaribeirao.com.br\/wp-content\/uploads\/2026\/09\/FOTO-03-BOX-02-Haroldo-Chaud-Foto-Alfredo-Risk-585x390.jpg 585w, https:\/\/www.tribunaribeirao.com.br\/wp-content\/uploads\/2026\/09\/FOTO-03-BOX-02-Haroldo-Chaud-Foto-Alfredo-Risk-scaled.jpg 1170w\" data-sizes=\"(max-width: 405px) 100vw, 405px\" style=\"--smush-placeholder-width: 405px; --smush-placeholder-aspect-ratio: 405\/270;\"\/><figcaption id=\"caption-attachment-476248\" class=\"wp-caption-text\">Haroldo Chaud alerta para os riscos da internet e das redes sociais na escalada de conflitos entre adolescentes | Foto: Alfredo Risk<\/figcaption><\/figure>\n<p>O delegado explicou que, em grupos virtuais, uma ofensa ou ironia contra determinado estudante pode receber o apoio de outros integrantes, ampliando o conflito. Na avalia\u00e7\u00e3o de Chaud, esse ambiente pode contribuir para que o adolescente chegue a um novo encontro presencial j\u00e1 disposto a agredir, sem inten\u00e7\u00e3o de conversar ou resolver o desentendimento.<\/p>\n<p>Para o delegado, os pais e respons\u00e1veis devem acompanhar a atividade dos filhos na internet, especialmente nas redes sociais, observando com quem eles conversam e o conte\u00fado dessas intera\u00e7\u00f5es. Chaud tamb\u00e9m orientou que seja dada aten\u00e7\u00e3o ao que os adolescentes assistem de maneira geral na internet.<\/p>\n<p>\u201cNosso alerta, sobretudo aos pais e respons\u00e1veis, \u00e9 que observem o que os seus filhos est\u00e3o fazendo na internet, principalmente em redes sociais. Com quem conversam, o conte\u00fado dessas conversas e tamb\u00e9m o que eles assistem de forma geral na internet.\u201d<\/p>\n<p>Chaud destacou que, embora represente um avan\u00e7o tecnol\u00f3gico, a internet \u00e9 um ambiente aberto para circula\u00e7\u00e3o de informa\u00e7\u00f5es e tamb\u00e9m de \u2018fake news\u2019. Segundo ele, o acompanhamento dos adolescentes \u00e9 uma forma de preven\u00e7\u00e3o para evitar que situa\u00e7\u00f5es inicialmente pequenas evoluam para atos que posteriormente exijam atua\u00e7\u00e3o repressiva.<\/p>\n<p>O delegado tamb\u00e9m explicou que h\u00e1 casos em que adultos e adolescentes aparecem envolvidos na mesma ocorr\u00eancia. Nessas situa\u00e7\u00f5es, os distritos policiais respons\u00e1veis pelas respectivas \u00e1reas ficam encarregados da investiga\u00e7\u00e3o envolvendo os maiores de idade, enquanto o ato praticado pelo adolescente \u00e9 encaminhado \u00e0 DIJU e, posteriormente, ao Juizado Especial da Inf\u00e2ncia e da Juventude.<\/p>\n<p>\u201cOs procedimentos s\u00e3o diferentes porque adultos e adolescentes est\u00e3o sujeitos a consequ\u00eancias distintas. Enquanto o maior de idade responde por crime e est\u00e1 sujeito a penas, o adolescente pode receber medidas socioeducativas, que, nos casos mais graves, podem resultar em apreens\u00e3o e encaminhamento \u00e0 Funda\u00e7\u00e3o Casa\u201d, conclui.<\/p>\n<h2><strong>N\u00e3o h\u00e1 impunidade, garante juiz<\/strong><\/h2>\n<p>Conflitos escolares fazem parte da rotina das escolas e est\u00e3o relacionados, entre outros fatores, \u00e0 imaturidade dos jovens e \u00e0 falta de experi\u00eancia para lidar com rela\u00e7\u00f5es interpessoais. A avalia\u00e7\u00e3o \u00e9 do juiz da Vara da Inf\u00e2ncia e Juventude de Ribeir\u00e3o Preto, Paulo C\u00e9sar Gentile.<\/p>\n<p>\u201cConflitos no ambiente da escola s\u00e3o rotineiros. Acontecem sempre, n\u00e3o pela falta propriamente de uma estrutura ou de aten\u00e7\u00e3o do Estado ou da escola ou dos professores, mas porque conflitos dessa natureza s\u00e3o pr\u00f3prios at\u00e9 dessa fase da juventude\u201d, afirmou.<\/p>\n<p>Segundo Gentile, adolescentes envolvidos em atos infracionais respondem a processos na Justi\u00e7a, com acusa\u00e7\u00e3o do Minist\u00e9rio P\u00fablico, defesa e julgamento. Nos casos mais graves, podem receber medidas socioeducativas, inclusive interna\u00e7\u00e3o.<\/p>\n<p>O juiz afirma que cerca de dez adolescentes s\u00e3o apreendidos diariamente pela pol\u00edcia em Ribeir\u00e3o Preto. Aproximadamente tr\u00eas s\u00e3o internados provisoriamente na Funda\u00e7\u00e3o Casa. Atualmente, h\u00e1 cerca de 450 adolescentes internados nas unidades da institui\u00e7\u00e3o na cidade e 6 mil em todo o Estado. Outros 600 cumprem medida de liberdade assistida em Ribeir\u00e3o Preto.<\/p>\n<p>Para Gentile, a ideia de que adolescentes n\u00e3o s\u00e3o punidos n\u00e3o corresponde \u00e0 realidade. Nos atos praticados com viol\u00eancia ou grave amea\u00e7a, a interna\u00e7\u00e3o \u00e9 aplicada em regra, considerando tamb\u00e9m o perfil psicol\u00f3gico e social do adolescente.<\/p>\n<p>O magistrado afirma ainda que o envolvimento de adolescentes com a criminalidade vem diminuindo nos \u00faltimos dez anos. Segundo ele, S\u00e3o Paulo j\u00e1 chegou a ter 12 mil adolescentes internados simultaneamente. Hoje, s\u00e3o cerca de 6 mil.<\/p>\n<p>Para Gentile, a resposta \u00e0 viol\u00eancia nas escolas n\u00e3o deve ser a presen\u00e7a permanente da pol\u00edcia. \u201cA escola deveria ser toda ela receptiva, acolhedora, formadora, educadora, sem essa preocupa\u00e7\u00e3o da viol\u00eancia latente.\u201d<\/p>\n<figure id=\"attachment_476249\" aria-describedby=\"caption-attachment-476249\" style=\"width: 443px\" class=\"wp-caption aligncenter\"><img data-recalc-dims=\"1\" loading=\"lazy\" decoding=\"async\" class=\"wp-image-476249 lazyload\" src=\"https:\/\/i0.wp.com\/www.tribunaribeirao.com.br\/wp-content\/uploads\/2026\/09\/FOTO-04-BOX-3-Paulo-Cesar-Gentile-00-Foto-Alfredo-Risk-300x200.jpg?resize=443%2C295&#038;ssl=1\" alt=\"\" width=\"443\" height=\"295\" srcset=\"https:\/\/www.tribunaribeirao.com.br\/wp-content\/uploads\/2026\/09\/FOTO-04-BOX-3-Paulo-Cesar-Gentile-00-Foto-Alfredo-Risk-300x200.jpg 300w, https:\/\/www.tribunaribeirao.com.br\/wp-content\/uploads\/2026\/09\/FOTO-04-BOX-3-Paulo-Cesar-Gentile-00-Foto-Alfredo-Risk-1024x682.jpg 1024w, https:\/\/www.tribunaribeirao.com.br\/wp-content\/uploads\/2026\/09\/FOTO-04-BOX-3-Paulo-Cesar-Gentile-00-Foto-Alfredo-Risk-768x512.jpg 768w, https:\/\/www.tribunaribeirao.com.br\/wp-content\/uploads\/2026\/09\/FOTO-04-BOX-3-Paulo-Cesar-Gentile-00-Foto-Alfredo-Risk-1536x1023.jpg 1536w, https:\/\/www.tribunaribeirao.com.br\/wp-content\/uploads\/2026\/09\/FOTO-04-BOX-3-Paulo-Cesar-Gentile-00-Foto-Alfredo-Risk-480x320.jpg 480w, https:\/\/www.tribunaribeirao.com.br\/wp-content\/uploads\/2026\/09\/FOTO-04-BOX-3-Paulo-Cesar-Gentile-00-Foto-Alfredo-Risk-280x186.jpg 280w, https:\/\/www.tribunaribeirao.com.br\/wp-content\/uploads\/2026\/09\/FOTO-04-BOX-3-Paulo-Cesar-Gentile-00-Foto-Alfredo-Risk-960x640.jpg 960w, https:\/\/www.tribunaribeirao.com.br\/wp-content\/uploads\/2026\/09\/FOTO-04-BOX-3-Paulo-Cesar-Gentile-00-Foto-Alfredo-Risk-600x400.jpg 600w, https:\/\/www.tribunaribeirao.com.br\/wp-content\/uploads\/2026\/09\/FOTO-04-BOX-3-Paulo-Cesar-Gentile-00-Foto-Alfredo-Risk-585x390.jpg 585w, https:\/\/www.tribunaribeirao.com.br\/wp-content\/uploads\/2026\/09\/FOTO-04-BOX-3-Paulo-Cesar-Gentile-00-Foto-Alfredo-Risk-scaled.jpg 1170w\" data-sizes=\"(max-width: 443px) 100vw, 443px\" style=\"--smush-placeholder-width: 443px; --smush-placeholder-aspect-ratio: 443\/295;\"\/><figcaption id=\"caption-attachment-476249\" class=\"wp-caption-text\">Paulo C\u00e9sar Gentile, juiz da Vara da Inf\u00e2ncia e Juventude: \u201ccerca de dez adolescentes s\u00e3o apreendidos diariamente em Ribeir\u00e3o Preto; nos casos mais graves, a medida socioeducativa pode incluir interna\u00e7\u00e3o\u201d | Foto: Alfredo Risk<\/figcaption><\/figure>\n<p>O juiz defende investimentos na forma\u00e7\u00e3o dos jovens para que aprendam a resolver conflitos sem viol\u00eancia e cita uma experi\u00eancia anterior de implanta\u00e7\u00e3o de um programa de pacifica\u00e7\u00e3o e cultura de paz nas escolas de Ribeir\u00e3o Preto.<\/p>\n<p>A participa\u00e7\u00e3o dos pais tamb\u00e9m \u00e9 considerada fundamental. Segundo Gentile, quando a escola identifica condutas inadequadas e os respons\u00e1veis n\u00e3o aderem \u00e0s orienta\u00e7\u00f5es, o caso pode chegar ao Conselho Tutelar e \u00e0 Justi\u00e7a. Entre as medidas est\u00e3o orienta\u00e7\u00e3o, encaminhamento a servi\u00e7os municipais, multa de tr\u00eas a 20 sal\u00e1rios m\u00ednimos, processo criminal por abandono intelectual e at\u00e9 suspens\u00e3o ou destitui\u00e7\u00e3o do poder familiar.<\/p>\n<p>Filho de dois professores da rede p\u00fablica, Gentile defende a recupera\u00e7\u00e3o da escola p\u00fablica como prioridade das administra\u00e7\u00f5es. Toda sua trajet\u00f3ria escolar, da primeira s\u00e9rie ao curso superior, foi realizada em institui\u00e7\u00f5es p\u00fablicas.<\/p>\n<p>Para ele, a reconstru\u00e7\u00e3o depende de uma pol\u00edtica de Estado. \u201cEu remuneraria os professores 10 vezes mais do que eles recebem\u201d, afirmou. Gentile considera a escola p\u00fablica o maior patrim\u00f4nio da comunidade e entende que o fortalecimento da educa\u00e7\u00e3o pode reduzir, no futuro, a necessidade de unidades da Funda\u00e7\u00e3o Casa e de penitenci\u00e1rias.<\/p>\n<h2><strong>MP investiga caso<\/strong><\/h2>\n<p>O Minist\u00e9rio P\u00fablico de S\u00e3o Paulo instaurou inqu\u00e9rito civil para apurar se houve omiss\u00e3o ou neglig\u00eancia de uma escola particular no caso do adolescente de 13 anos esfaqueado por um colega de 14 anos dentro da institui\u00e7\u00e3o.<\/p>\n<p>A Promotoria da Inf\u00e2ncia e Juventude quer saber se a escola havia sido alertada sobre epis\u00f3dios de bullying envolvendo o adolescente apontado como autor da agress\u00e3o e se deixou de adotar provid\u00eancias. Tamb\u00e9m ser\u00e1 investigado como ele teve acesso \u00e0 faca usada no ataque.<\/p>\n<figure id=\"attachment_476250\" aria-describedby=\"caption-attachment-476250\" style=\"width: 405px\" class=\"wp-caption aligncenter\"><img data-recalc-dims=\"1\" loading=\"lazy\" decoding=\"async\" class=\"wp-image-476250 lazyload\" src=\"https:\/\/i0.wp.com\/www.tribunaribeirao.com.br\/wp-content\/uploads\/2026\/09\/FOTO-05-BOX-4-Moacir-Tonani-Junior-Foto-Alfredo-Risk-300x200.jpg?resize=405%2C270&#038;ssl=1\" alt=\"\" width=\"405\" height=\"270\" srcset=\"https:\/\/www.tribunaribeirao.com.br\/wp-content\/uploads\/2026\/09\/FOTO-05-BOX-4-Moacir-Tonani-Junior-Foto-Alfredo-Risk-300x200.jpg 300w, https:\/\/www.tribunaribeirao.com.br\/wp-content\/uploads\/2026\/09\/FOTO-05-BOX-4-Moacir-Tonani-Junior-Foto-Alfredo-Risk-1024x682.jpg 1024w, https:\/\/www.tribunaribeirao.com.br\/wp-content\/uploads\/2026\/09\/FOTO-05-BOX-4-Moacir-Tonani-Junior-Foto-Alfredo-Risk-768x512.jpg 768w, https:\/\/www.tribunaribeirao.com.br\/wp-content\/uploads\/2026\/09\/FOTO-05-BOX-4-Moacir-Tonani-Junior-Foto-Alfredo-Risk-1536x1023.jpg 1536w, https:\/\/www.tribunaribeirao.com.br\/wp-content\/uploads\/2026\/09\/FOTO-05-BOX-4-Moacir-Tonani-Junior-Foto-Alfredo-Risk-480x320.jpg 480w, https:\/\/www.tribunaribeirao.com.br\/wp-content\/uploads\/2026\/09\/FOTO-05-BOX-4-Moacir-Tonani-Junior-Foto-Alfredo-Risk-280x186.jpg 280w, https:\/\/www.tribunaribeirao.com.br\/wp-content\/uploads\/2026\/09\/FOTO-05-BOX-4-Moacir-Tonani-Junior-Foto-Alfredo-Risk-960x640.jpg 960w, https:\/\/www.tribunaribeirao.com.br\/wp-content\/uploads\/2026\/09\/FOTO-05-BOX-4-Moacir-Tonani-Junior-Foto-Alfredo-Risk-600x400.jpg 600w, https:\/\/www.tribunaribeirao.com.br\/wp-content\/uploads\/2026\/09\/FOTO-05-BOX-4-Moacir-Tonani-Junior-Foto-Alfredo-Risk-585x390.jpg 585w, https:\/\/www.tribunaribeirao.com.br\/wp-content\/uploads\/2026\/09\/FOTO-05-BOX-4-Moacir-Tonani-Junior-Foto-Alfredo-Risk-scaled.jpg 1170w\" data-sizes=\"(max-width: 405px) 100vw, 405px\" style=\"--smush-placeholder-width: 405px; --smush-placeholder-aspect-ratio: 405\/270;\"\/><figcaption id=\"caption-attachment-476250\" class=\"wp-caption-text\">O promotor Moacir Tonani J\u00fanior abriu inqu\u00e9rito para apurar poss\u00edvel omiss\u00e3o de escola em caso de adolescente esfaqueado | Foto: Alfredo Risk<\/figcaption><\/figure>\n<p>A apura\u00e7\u00e3o foi motivada por relatos da m\u00e3e do adolescente, que afirmou ter procurado a escola antes da agress\u00e3o para comunicar os epis\u00f3dios de bullying e o desejo do filho de n\u00e3o frequentar mais as aulas.<\/p>\n<p>O promotor da Promotor da Inf\u00e2ncia e Juventude de Ribeir\u00e3o Preto, Moacir Tonani J\u00fanior, solicitou informa\u00e7\u00f5es \u00e0 dire\u00e7\u00e3o da escola e c\u00f3pia integral do procedimento policial. Tamb\u00e9m foram acionados a Secretaria Municipal de Educa\u00e7\u00e3o, o Conselho Tutelar e o Minist\u00e9rio da Educa\u00e7\u00e3o.<\/p>\n<h2><strong>Somente omiss\u00e3o \u00e9 crime<\/strong><\/h2>\n<p>A omiss\u00e3o de uma escola diante de casos reiterados de bullying pode, em situa\u00e7\u00f5es excepcionais, levar \u00e0 responsabiliza\u00e7\u00e3o criminal de diretores e mantenedores. Para isso, \u00e9 preciso demonstrar que o gestor sabia do problema, tinha condi\u00e7\u00f5es de intervir e decidiu n\u00e3o agir.<\/p>\n<p>A avalia\u00e7\u00e3o \u00e9 da advogada, soci\u00f3loga e pesquisadora Ana Paula Siqueira Lazzareschi de Mesquita, mestre e doutora pela PUC\/SP e presidente da Associa\u00e7\u00e3o SOS Bullying. Segundo ela, a responsabilidade penal n\u00e3o decorre simplesmente do cargo, mas de uma omiss\u00e3o juridicamente relevante.<\/p>\n<p>A Lei n\u00ba 13.185\/2015, que instituiu o programa de combate \u00e0 intimida\u00e7\u00e3o sistem\u00e1tica, e a inclus\u00e3o do artigo 146-A no C\u00f3digo Penal pela Lei n\u00ba 14.811\/2024 estabeleceram deveres de preven\u00e7\u00e3o, identifica\u00e7\u00e3o e interven\u00e7\u00e3o para as institui\u00e7\u00f5es de ensino.<\/p>\n<figure id=\"attachment_476251\" aria-describedby=\"caption-attachment-476251\" style=\"width: 300px\" class=\"wp-caption alignleft\"><img data-recalc-dims=\"1\" loading=\"lazy\" decoding=\"async\" class=\"size-medium wp-image-476251 lazyload\" src=\"https:\/\/i0.wp.com\/www.tribunaribeirao.com.br\/wp-content\/uploads\/2026\/09\/FOTO-06-BOX-5-Ana-Paula-Siqueira-Foto-Alfredo-Risk-300x300.jpg?resize=300%2C300&#038;ssl=1\" alt=\"\" width=\"300\" height=\"300\" srcset=\"https:\/\/www.tribunaribeirao.com.br\/wp-content\/uploads\/2026\/09\/FOTO-06-BOX-5-Ana-Paula-Siqueira-Foto-Alfredo-Risk-300x300.jpg 300w, https:\/\/www.tribunaribeirao.com.br\/wp-content\/uploads\/2026\/09\/FOTO-06-BOX-5-Ana-Paula-Siqueira-Foto-Alfredo-Risk-1024x1024.jpg 1024w, https:\/\/www.tribunaribeirao.com.br\/wp-content\/uploads\/2026\/09\/FOTO-06-BOX-5-Ana-Paula-Siqueira-Foto-Alfredo-Risk-150x150.jpg 150w, https:\/\/www.tribunaribeirao.com.br\/wp-content\/uploads\/2026\/09\/FOTO-06-BOX-5-Ana-Paula-Siqueira-Foto-Alfredo-Risk-768x768.jpg 768w, https:\/\/www.tribunaribeirao.com.br\/wp-content\/uploads\/2026\/09\/FOTO-06-BOX-5-Ana-Paula-Siqueira-Foto-Alfredo-Risk-480x480.jpg 480w, https:\/\/www.tribunaribeirao.com.br\/wp-content\/uploads\/2026\/09\/FOTO-06-BOX-5-Ana-Paula-Siqueira-Foto-Alfredo-Risk-280x280.jpg 280w, https:\/\/www.tribunaribeirao.com.br\/wp-content\/uploads\/2026\/09\/FOTO-06-BOX-5-Ana-Paula-Siqueira-Foto-Alfredo-Risk-960x960.jpg 960w, https:\/\/www.tribunaribeirao.com.br\/wp-content\/uploads\/2026\/09\/FOTO-06-BOX-5-Ana-Paula-Siqueira-Foto-Alfredo-Risk-400x400.jpg 400w, https:\/\/www.tribunaribeirao.com.br\/wp-content\/uploads\/2026\/09\/FOTO-06-BOX-5-Ana-Paula-Siqueira-Foto-Alfredo-Risk-585x585.jpg 585w, https:\/\/www.tribunaribeirao.com.br\/wp-content\/uploads\/2026\/09\/FOTO-06-BOX-5-Ana-Paula-Siqueira-Foto-Alfredo-Risk.jpg 780w\" data-sizes=\"(max-width: 300px) 100vw, 300px\" style=\"--smush-placeholder-width: 300px; --smush-placeholder-aspect-ratio: 300\/300;\"\/><figcaption id=\"caption-attachment-476251\" class=\"wp-caption-text\">\u201cN\u00e3o basta ser diretor para responder criminalmente; \u00e9 preciso demonstrar que ele podia intervir e n\u00e3o o fez\u201d, afirma a advogada Ana Paula Siqueira, especialista em bullying e cyberbullying | Divulga\u00e7\u00e3o<\/figcaption><\/figure>\n<p>Isso, por\u00e9m, n\u00e3o transforma toda falha escolar em crime. \u00c9 necess\u00e1rio comprovar que o gestor tinha dever espec\u00edfico de agir, possibilidade concreta de interven\u00e7\u00e3o e que sua in\u00e9rcia contribuiu para a continuidade da viol\u00eancia.<\/p>\n<p>\u201cN\u00e3o basta ser diretor para responder criminalmente; \u00e9 preciso demonstrar que ele realmente podia intervir e n\u00e3o o fez\u201d, afirma Ana Paula.<\/p>\n<p>A situa\u00e7\u00e3o pode ser analisada quando a escola recebe reclama\u00e7\u00f5es sobre agress\u00f5es e humilha\u00e7\u00f5es repetidas, mas trata os epis\u00f3dios como brincadeiras, n\u00e3o registra ocorr\u00eancias ou n\u00e3o adota medidas para interromper a situa\u00e7\u00e3o. O mesmo vale para o cyberbullying, quando a institui\u00e7\u00e3o \u00e9 informada sobre grupos ou redes sociais usados para humilhar um estudante e n\u00e3o toma provid\u00eancias.<\/p>\n<p>Para a responsabiliza\u00e7\u00e3o criminal, tamb\u00e9m \u00e9 necess\u00e1rio demonstrar dolo. A simples neglig\u00eancia n\u00e3o basta: o gestor precisa ter ci\u00eancia da situa\u00e7\u00e3o, compreender o risco e, conscientemente, optar por n\u00e3o agir.<\/p>\n<p>Registros de ocorr\u00eancias, e-mails, reuni\u00f5es com pais e medidas adotadas ou n\u00e3o podem ser analisados em um processo. \u201cO que transforma a omiss\u00e3o em crime n\u00e3o \u00e9 a imperfei\u00e7\u00e3o da escola\u201d, afirma Ana Paula. A responsabiliza\u00e7\u00e3o depende do conhecimento do problema, da capacidade de interven\u00e7\u00e3o e da decis\u00e3o consciente de permanecer inerte.<\/p>\n<div style=\"background-color: #f4f4f5; border: 1px solid #d4d4d8; padding: 15px; margin: 20px 0; border-radius: 6px; font-family: sans-serif; line-height: 1.5;\">\n    <span style=\"color: #27272a;\">Inscreva-se em nosso Canal no Whatsapp e fique por dentro de tudo que acontece na regi\u00e3o. <\/span><br \/>\n    <a href=\"https:\/\/whatsapp.com\/channel\/0029VanuE2o7z4kYjo0XVS3u\" target=\"_blank\" rel=\"noopener noreferrer\" style=\"color: #16a34a; font-weight: bold; text-decoration: underline;\">Clique Aqui!<\/a>\n<\/div>\n<\/div>\n<p><br \/>\n<br \/><a href=\"https:\/\/www.tribunaribeirao.com.br\/violencia-nas-escolas-de-rp-e-preocupante\/\">Texto original daqui <\/a><\/p>\n<!-- CONTENT END 1 -->\n","protected":false},"excerpt":{"rendered":"<p>Por: Adalberto Luque \u00a0 Em menos de um m\u00eas, quatro ocorr\u00eancias envolvendo viol\u00eancia entre estudantes dentro ou nas proximidades de escolas foram registradas em Ribeir\u00e3o&#8230;<\/p>\n","protected":false},"author":1,"featured_media":91194,"comment_status":"","ping_status":"","sticky":false,"template":"","format":"standard","meta":{"advanced_seo_description":"","jetpack_seo_html_title":"","jetpack_seo_noindex":false,"jetpack_seo_schema_type":"","_jetpack_newsletter_access":"","_jetpack_dont_email_post_to_subs":false,"_jetpack_newsletter_tier_id":0,"_jetpack_memberships_contains_paywalled_content":false,"_jetpack_feature_clip_id":0,"_jetpack_memberships_contains_paid_content":false,"footnotes":"","jetpack_publicize_message":"","jetpack_publicize_feature_enabled":true,"jetpack_social_post_already_shared":true,"jetpack_social_options":{"image_generator_settings":{"template":"highway","default_image_id":0,"font":"","enabled":false},"version":2},"jetpack_post_was_ever_published":false},"categories":[11],"tags":[590,104,8962,1587],"class_list":["post-91193","post","type-post","status-publish","format-standard","has-post-thumbnail","hentry","category-noticias-de-ribeirao-preto-sp-e-regiao-ismael-colosi","tag-escolas","tag-nas","tag-preocupante","tag-violencia"],"jetpack_publicize_connections":[],"jetpack-related-posts":[{"id":90485,"url":"https:\/\/noticiasribeiraopreto.com.br\/index.php\/2026\/08\/23\/aluno-de-13-anos-e-ferido-com-faca-em-escola-de-ribeirao-preto\/","url_meta":{"origin":91193,"position":0},"title":"Aluno de 13 anos \u00e9 ferido com faca em escola de Ribeir\u00e3o Preto","author":"noticiasribeiraopreto.com.br","date":"23 de August de 2026","format":false,"excerpt":"Um aluno de 13 anos foi ferido com uma faca dentro de um col\u00e9gio em Ribeir\u00e3o Preto, no interior de S\u00e3o Paulo. O caso aconteceu no ambiente escolar e mobilizou autoridades, enquanto a Pol\u00edcia Civil passou a investigar as circunst\u00e2ncias do ataque e a poss\u00edvel rela\u00e7\u00e3o com relatos de bullying.As\u2026","rel":"","context":"In &quot;Not\u00edcias de Ribeir\u00e3o Preto-SP e Regi\u00e3o&quot;","block_context":{"text":"Not\u00edcias de Ribeir\u00e3o Preto-SP e Regi\u00e3o","link":"https:\/\/noticiasribeiraopreto.com.br\/index.php\/category\/noticias-de-ribeirao-preto-sp-e-regiao-ismael-colosi\/"},"img":{"alt_text":"","src":"https:\/\/i0.wp.com\/noticiasribeiraopreto.com.br\/wp-content\/uploads\/2026\/08\/TH-PORTAL-IMAGEM-32-1.jpg?fit=1200%2C675&ssl=1&resize=350%2C200","width":350,"height":200,"srcset":"https:\/\/i0.wp.com\/noticiasribeiraopreto.com.br\/wp-content\/uploads\/2026\/08\/TH-PORTAL-IMAGEM-32-1.jpg?fit=1200%2C675&ssl=1&resize=350%2C200 1x, https:\/\/i0.wp.com\/noticiasribeiraopreto.com.br\/wp-content\/uploads\/2026\/08\/TH-PORTAL-IMAGEM-32-1.jpg?fit=1200%2C675&ssl=1&resize=525%2C300 1.5x, https:\/\/i0.wp.com\/noticiasribeiraopreto.com.br\/wp-content\/uploads\/2026\/08\/TH-PORTAL-IMAGEM-32-1.jpg?fit=1200%2C675&ssl=1&resize=700%2C400 2x, https:\/\/i0.wp.com\/noticiasribeiraopreto.com.br\/wp-content\/uploads\/2026\/08\/TH-PORTAL-IMAGEM-32-1.jpg?fit=1200%2C675&ssl=1&resize=1050%2C600 3x"},"classes":[]},{"id":68624,"url":"https:\/\/noticiasribeiraopreto.com.br\/index.php\/2025\/04\/27\/violencia-escolar-triplica-em-10-anos\/","url_meta":{"origin":91193,"position":1},"title":"Viol\u00eancia escolar triplica em 10 anos\u00a0\u00a0","author":"noticiasribeiraopreto.com.br","date":"27 de April de 2025","format":false,"excerpt":"Os casos de viol\u00eancia no ambiente escolar mais do que triplicou em dez anos, atingindo o \u00e1pice em 2023, mostra uma an\u00e1lise dos dados nacionais pela Funda\u00e7\u00e3o de Amparo \u00e0 Pesquisa do Estado de S\u00e3o Paulo (Fapesp), divulgado na semana passada. A Funda\u00e7\u00e3o \u00e9 uma institui\u00e7\u00e3o p\u00fablica de fomento \u00e0\u2026","rel":"","context":"In &quot;Not\u00edcias de Ribeir\u00e3o Preto-SP e Regi\u00e3o&quot;","block_context":{"text":"Not\u00edcias de Ribeir\u00e3o Preto-SP e Regi\u00e3o","link":"https:\/\/noticiasribeiraopreto.com.br\/index.php\/category\/noticias-de-ribeirao-preto-sp-e-regiao-ismael-colosi\/"},"img":{"alt_text":"","src":"https:\/\/i0.wp.com\/noticiasribeiraopreto.com.br\/wp-content\/uploads\/2025\/04\/violencia-2.png?fit=800%2C500&ssl=1&resize=350%2C200","width":350,"height":200,"srcset":"https:\/\/i0.wp.com\/noticiasribeiraopreto.com.br\/wp-content\/uploads\/2025\/04\/violencia-2.png?fit=800%2C500&ssl=1&resize=350%2C200 1x, https:\/\/i0.wp.com\/noticiasribeiraopreto.com.br\/wp-content\/uploads\/2025\/04\/violencia-2.png?fit=800%2C500&ssl=1&resize=525%2C300 1.5x, https:\/\/i0.wp.com\/noticiasribeiraopreto.com.br\/wp-content\/uploads\/2025\/04\/violencia-2.png?fit=800%2C500&ssl=1&resize=700%2C400 2x"},"classes":[]},{"id":64016,"url":"https:\/\/noticiasribeiraopreto.com.br\/index.php\/2025\/02\/27\/seguranca-escolar-em-xeque-adolescente-e-detido-com-faca-e-replica-de-arma-proximo-a-escola-em-ribeirao-preto\/","url_meta":{"origin":91193,"position":2},"title":"Seguran\u00e7a Escolar em Xeque: Adolescente \u00e9 Detido com Faca e R\u00e9plica de Arma Pr\u00f3ximo a Escola em Ribeir\u00e3o Preto","author":"noticiasribeiraopreto.com.br","date":"27 de February de 2025","format":false,"excerpt":"Na manh\u00e3 de [data n\u00e3o informada], um incidente ocorrido em Ribeir\u00e3o Preto chamou a aten\u00e7\u00e3o das autoridades e da comunidade escolar. Durante uma patrulha de rotina nas imedia\u00e7\u00f5es de uma escola, agentes de seguran\u00e7a identificaram um comportamento suspeito: um adolescente portava uma faca e uma r\u00e9plica de arma de fogo.\u2026","rel":"","context":"In &quot;Not\u00edcias de Ribeir\u00e3o Preto-SP e Regi\u00e3o&quot;","block_context":{"text":"Not\u00edcias de Ribeir\u00e3o Preto-SP e Regi\u00e3o","link":"https:\/\/noticiasribeiraopreto.com.br\/index.php\/category\/noticias-de-ribeirao-preto-sp-e-regiao-ismael-colosi\/"},"img":{"alt_text":"","src":"https:\/\/i0.wp.com\/noticiasribeiraopreto.com.br\/wp-content\/uploads\/2025\/02\/290620221656541218capturar.jpg?fit=1200%2C608&ssl=1&resize=350%2C200","width":350,"height":200,"srcset":"https:\/\/i0.wp.com\/noticiasribeiraopreto.com.br\/wp-content\/uploads\/2025\/02\/290620221656541218capturar.jpg?fit=1200%2C608&ssl=1&resize=350%2C200 1x, https:\/\/i0.wp.com\/noticiasribeiraopreto.com.br\/wp-content\/uploads\/2025\/02\/290620221656541218capturar.jpg?fit=1200%2C608&ssl=1&resize=525%2C300 1.5x, https:\/\/i0.wp.com\/noticiasribeiraopreto.com.br\/wp-content\/uploads\/2025\/02\/290620221656541218capturar.jpg?fit=1200%2C608&ssl=1&resize=700%2C400 2x, https:\/\/i0.wp.com\/noticiasribeiraopreto.com.br\/wp-content\/uploads\/2025\/02\/290620221656541218capturar.jpg?fit=1200%2C608&ssl=1&resize=1050%2C600 3x"},"classes":[]},{"id":86670,"url":"https:\/\/noticiasribeiraopreto.com.br\/index.php\/2026\/06\/18\/mulheres-de-idade-entre-20-e-29-anos-sao-as-principais-vitimas-de-violencia-em-ribeirao-preto-2\/","url_meta":{"origin":91193,"position":3},"title":"Mulheres de idade entre 20 e 29 anos s\u00e3o as principais v\u00edtimas de viol\u00eancia em Ribeir\u00e3o Preto &#8211; THMais","author":"noticiasribeiraopreto.com.br","date":"18 de June de 2026","format":false,"excerpt":"Dados contabilizados durante os primeiros seis meses de 2026 indicam que, em Ribeir\u00e3o Preto, mulheres de idade entre 20 e 29 anos s\u00e3o as principais v\u00edtimas da viol\u00eancia na cidade.A faixa et\u00e1ria est\u00e1 relacionada a 146 (79,45% contra o sexo feminino) dos 609 registros formalizados durante o per\u00edodo, conforme publica\u00e7\u00e3o\u2026","rel":"","context":"In &quot;Not\u00edcias de Ribeir\u00e3o Preto-SP e Regi\u00e3o&quot;","block_context":{"text":"Not\u00edcias de Ribeir\u00e3o Preto-SP e Regi\u00e3o","link":"https:\/\/noticiasribeiraopreto.com.br\/index.php\/category\/noticias-de-ribeirao-preto-sp-e-regiao-ismael-colosi\/"},"img":{"alt_text":"","src":"https:\/\/i0.wp.com\/noticiasribeiraopreto.com.br\/wp-content\/uploads\/2026\/06\/sirene-pm.jpg?fit=1000%2C667&ssl=1&resize=350%2C200","width":350,"height":200,"srcset":"https:\/\/i0.wp.com\/noticiasribeiraopreto.com.br\/wp-content\/uploads\/2026\/06\/sirene-pm.jpg?fit=1000%2C667&ssl=1&resize=350%2C200 1x, https:\/\/i0.wp.com\/noticiasribeiraopreto.com.br\/wp-content\/uploads\/2026\/06\/sirene-pm.jpg?fit=1000%2C667&ssl=1&resize=525%2C300 1.5x, https:\/\/i0.wp.com\/noticiasribeiraopreto.com.br\/wp-content\/uploads\/2026\/06\/sirene-pm.jpg?fit=1000%2C667&ssl=1&resize=700%2C400 2x"},"classes":[]},{"id":59505,"url":"https:\/\/noticiasribeiraopreto.com.br\/index.php\/2024\/10\/25\/adolescente-agressor-e-encaminhado-a-fundacao-casa-apos-ataque-em-escola-de-pitangueiras-sp\/","url_meta":{"origin":91193,"position":4},"title":"Adolescente Agressor \u00e9 Encaminhado \u00e0 Funda\u00e7\u00e3o Casa ap\u00f3s Ataque em Escola de Pitangueiras, SP","author":"noticiasribeiraopreto.com.br","date":"25 de October de 2024","format":false,"excerpt":"Em Pitangueiras, SP, um incidente de viol\u00eancia escolar resultou no encaminhamento de um adolescente de 16 anos \u00e0 Funda\u00e7\u00e3o Casa, ap\u00f3s ele ter esfaqueado um colega dentro de uma escola. O epis\u00f3dio, que deixou a comunidade alarmada, reacendeu debates sobre a seguran\u00e7a escolar e a import\u00e2ncia de medidas preventivas para\u2026","rel":"","context":"In &quot;Not\u00edcias de Ribeir\u00e3o Preto-SP e Regi\u00e3o&quot;","block_context":{"text":"Not\u00edcias de Ribeir\u00e3o Preto-SP e Regi\u00e3o","link":"https:\/\/noticiasribeiraopreto.com.br\/index.php\/category\/noticias-de-ribeirao-preto-sp-e-regiao-ismael-colosi\/"},"img":{"alt_text":"","src":"https:\/\/i0.wp.com\/noticiasribeiraopreto.com.br\/wp-content\/uploads\/2024\/09\/Policia-Militar-e1717532645165.webp.webp?fit=800%2C450&ssl=1&resize=350%2C200","width":350,"height":200,"srcset":"https:\/\/i0.wp.com\/noticiasribeiraopreto.com.br\/wp-content\/uploads\/2024\/09\/Policia-Militar-e1717532645165.webp.webp?fit=800%2C450&ssl=1&resize=350%2C200 1x, https:\/\/i0.wp.com\/noticiasribeiraopreto.com.br\/wp-content\/uploads\/2024\/09\/Policia-Militar-e1717532645165.webp.webp?fit=800%2C450&ssl=1&resize=525%2C300 1.5x, https:\/\/i0.wp.com\/noticiasribeiraopreto.com.br\/wp-content\/uploads\/2024\/09\/Policia-Militar-e1717532645165.webp.webp?fit=800%2C450&ssl=1&resize=700%2C400 2x"},"classes":[]},{"id":90704,"url":"https:\/\/noticiasribeiraopreto.com.br\/index.php\/2026\/08\/27\/delegado-atualiza-apuracao-casos-de-violencia-escolar\/","url_meta":{"origin":91193,"position":5},"title":"Delegado atualiza apura\u00e7\u00e3o casos de viol\u00eancia escolar","author":"noticiasribeiraopreto.com.br","date":"27 de August de 2026","format":false,"excerpt":"| Por: Adalberto Luque | A Delegacia da Inf\u00e2ncia e da Juventude (DIJU) de Ribeir\u00e3o Preto acompanha as apura\u00e7\u00f5es de quatro ocorr\u00eancias de viol\u00eancia envolvendo estudantes, registradas em escolas da cidade nas \u00faltimas semanas. O delegado Haroldo Chaud convocou, na manh\u00e3 desta quinta-feira (27), uma entrevista coletiva para atualizar o\u2026","rel":"","context":"In &quot;Not\u00edcias de Ribeir\u00e3o Preto-SP e Regi\u00e3o&quot;","block_context":{"text":"Not\u00edcias de Ribeir\u00e3o Preto-SP e Regi\u00e3o","link":"https:\/\/noticiasribeiraopreto.com.br\/index.php\/category\/noticias-de-ribeirao-preto-sp-e-regiao-ismael-colosi\/"},"img":{"alt_text":"","src":"https:\/\/i0.wp.com\/noticiasribeiraopreto.com.br\/wp-content\/uploads\/2026\/08\/27-ago-2026-haroldochaud-scaled.jpg?fit=1170%2C780&ssl=1&resize=350%2C200","width":350,"height":200,"srcset":"https:\/\/i0.wp.com\/noticiasribeiraopreto.com.br\/wp-content\/uploads\/2026\/08\/27-ago-2026-haroldochaud-scaled.jpg?fit=1170%2C780&ssl=1&resize=350%2C200 1x, https:\/\/i0.wp.com\/noticiasribeiraopreto.com.br\/wp-content\/uploads\/2026\/08\/27-ago-2026-haroldochaud-scaled.jpg?fit=1170%2C780&ssl=1&resize=525%2C300 1.5x, https:\/\/i0.wp.com\/noticiasribeiraopreto.com.br\/wp-content\/uploads\/2026\/08\/27-ago-2026-haroldochaud-scaled.jpg?fit=1170%2C780&ssl=1&resize=700%2C400 2x, https:\/\/i0.wp.com\/noticiasribeiraopreto.com.br\/wp-content\/uploads\/2026\/08\/27-ago-2026-haroldochaud-scaled.jpg?fit=1170%2C780&ssl=1&resize=1050%2C600 3x"},"classes":[]}],"jetpack_sharing_enabled":true,"jetpack_shortlink":"https:\/\/wp.me\/peQAOb-nIR","jetpack_featured_media_url":"https:\/\/i0.wp.com\/noticiasribeiraopreto.com.br\/wp-content\/uploads\/2026\/09\/FOTO-01-Fotos-Alfredo-Risk.jpg?fit=1013%2C753&ssl=1","_links":{"self":[{"href":"https:\/\/noticiasribeiraopreto.com.br\/index.php\/wp-json\/wp\/v2\/posts\/91193","targetHints":{"allow":["GET"]}}],"collection":[{"href":"https:\/\/noticiasribeiraopreto.com.br\/index.php\/wp-json\/wp\/v2\/posts"}],"about":[{"href":"https:\/\/noticiasribeiraopreto.com.br\/index.php\/wp-json\/wp\/v2\/types\/post"}],"author":[{"embeddable":true,"href":"https:\/\/noticiasribeiraopreto.com.br\/index.php\/wp-json\/wp\/v2\/users\/1"}],"replies":[{"embeddable":true,"href":"https:\/\/noticiasribeiraopreto.com.br\/index.php\/wp-json\/wp\/v2\/comments?post=91193"}],"version-history":[{"count":0,"href":"https:\/\/noticiasribeiraopreto.com.br\/index.php\/wp-json\/wp\/v2\/posts\/91193\/revisions"}],"wp:featuredmedia":[{"embeddable":true,"href":"https:\/\/noticiasribeiraopreto.com.br\/index.php\/wp-json\/wp\/v2\/media\/91194"}],"wp:attachment":[{"href":"https:\/\/noticiasribeiraopreto.com.br\/index.php\/wp-json\/wp\/v2\/media?parent=91193"}],"wp:term":[{"taxonomy":"category","embeddable":true,"href":"https:\/\/noticiasribeiraopreto.com.br\/index.php\/wp-json\/wp\/v2\/categories?post=91193"},{"taxonomy":"post_tag","embeddable":true,"href":"https:\/\/noticiasribeiraopreto.com.br\/index.php\/wp-json\/wp\/v2\/tags?post=91193"}],"curies":[{"name":"wp","href":"https:\/\/api.w.org\/{rel}","templated":true}]}}