{"id":91195,"date":"2026-09-06T10:38:36","date_gmt":"2026-09-06T13:38:36","guid":{"rendered":"https:\/\/noticiasribeiraopreto.com.br\/index.php\/2026\/09\/06\/atleta-da-regiao-conquista-o-titulo-da-liga-diamante-pela-3a-vez\/"},"modified":"2026-09-06T10:38:36","modified_gmt":"2026-09-06T13:38:36","slug":"atleta-da-regiao-conquista-o-titulo-da-liga-diamante-pela-3a-vez","status":"publish","type":"post","link":"https:\/\/noticiasribeiraopreto.com.br\/index.php\/2026\/09\/06\/atleta-da-regiao-conquista-o-titulo-da-liga-diamante-pela-3a-vez\/","title":{"rendered":"Atleta da regi\u00e3o conquista o t\u00edtulo da Liga Diamante pela 3\u00aa vez"},"content":{"rendered":"<div class='code-block code-block-1' style='margin: 8px 0 8px auto; text-align: right; display: block; clear: both;'>\n<p><a href=\"https:\/\/wa.link\/vpicfd\"><img data-recalc-dims=\"1\" class=\"wp-image-4922\" style=\"aspect-ratio: 2.0253164556962027; width: 561px; height: auto;\" src=\"https:\/\/i0.wp.com\/ismaelcolosi.com.br\/wp-content\/uploads\/2023\/11\/grupo-de-empregos-whatsapp-e-facebook-ismael-colosi-vagas.jpg?ssl=1\" alt=\"\" \/><\/a><\/p>\n<!-- \/wp:image -->\n<\/div>\n<p> <br \/>\n<\/p>\n<p>O atleta<strong> Alison dos Santos<\/strong>, o Piu, natural de S\u00e3o Joaquim da Barra, na regi\u00e3o de Ribeir\u00e3o Preto, conquistou pela terceira vez na carreira o t\u00edtulo da Liga Diamante, principal circuito do atletismo mundial, nos 400 metros com barreiras. O brasileiro venceu a etapa de Bruxelas, na B\u00e9lgica, neste s\u00e1bado (5), com o tempo de 46s70.<\/p>\n<blockquote class=\"instagram-media\" data-instgrm-permalink=\"https:\/\/www.instagram.com\/reel\/Dc8o95UlY2N\/?utm_source=ig_embed&amp;utm_campaign=loading\" data-instgrm-version=\"14\">\n<div> <a href=\"https:\/\/www.instagram.com\/reel\/Dc8o95UlY2N\/?utm_source=ig_embed&amp;utm_campaign=loading\" target=\"_blank\" rel=\"noopener\"> <\/p>\n<div>\n<div><\/div>\n<div>\n<div><\/div>\n<div><\/div>\n<\/div>\n<\/div>\n<div><\/div>\n<div><\/div>\n<div>\n<div>Ver essa foto no Instagram<\/div>\n<\/div>\n<div><\/div>\n<div>\n<div>\n<div><\/div>\n<div><\/div>\n<div><\/div>\n<\/div>\n<div>\n<div><\/div>\n<div><\/div>\n<\/div>\n<div>\n<div><\/div>\n<div><\/div>\n<div><\/div>\n<\/div>\n<\/div>\n<div>\n<div><\/div>\n<div><\/div>\n<\/div>\n<p><\/a><\/p>\n<p><a href=\"https:\/\/www.instagram.com\/reel\/Dc8o95UlY2N\/?utm_source=ig_embed&amp;utm_campaign=loading\" target=\"_blank\" rel=\"noopener\">Um post compartilhado por acidade on Ribeir\u00e3o (@acidadeonribeirao)<\/a><\/p>\n<\/div>\n<\/blockquote>\n<p><em>Receba not\u00edcias do\u00a0<strong>acidade on Ribeir\u00e3o\u00a0<\/strong>no WhatsApp e fique por dentro de tudo! Basta acessar o link<a href=\"https:\/\/chat.whatsapp.com\/DfXwcjKVIddHUT3BvnQuPZ?mode=hqctshi\" target=\"_blank\" rel=\"noreferrer noopener\">\u00a0aqui<\/a>!<\/em><\/p>\n<h2 class=\"wp-block-heading\">Piu fecha temporada invicto na Liga Diamante<\/h2>\n<p>Piu venceu a prova com vantagem sobre os advers\u00e1rios e encerrou a temporada da competi\u00e7\u00e3o com 100% de aproveitamento nas seis provas dos 400 metros com barreiras que disputou em 2026.<\/p>\n<p>O p\u00f3dio em Bruxelas ainda teve outro brasileiro. O cearense Matheus Lima terminou na terceira posi\u00e7\u00e3o, com 48s18. O norte-americano Trevor Bassitt ficou com a prata, com 48s03.<\/p>\n<p>Foi a terceira vez na temporada que Piu e Matheus dividiram o p\u00f3dio. Os brasileiros tamb\u00e9m terminaram entre os tr\u00eas primeiros nas etapas de Estocolmo, na Su\u00e9cia, em junho, e Slask, na Pol\u00f4nia, no m\u00eas passado.<\/p>\n<div class=\"wp-block-image\">\n<figure class=\"aligncenter size-full\"><figcaption class=\"wp-element-caption\">Foto: Reprodu\u00e7\u00e3o\/Instagram<\/figcaption><\/figure>\n<\/div>\n<h2 class=\"wp-block-heading\">Temporada<\/h2>\n<p>Alison dos Santos tamb\u00e9m venceu as etapas de Xiamen, na China, Oslo, na Noruega, Estocolmo e Slask. O brasileiro n\u00e3o participou apenas da etapa de Londres, em julho.<\/p>\n<p>Em agosto, na etapa de Zurique, na Su\u00ed\u00e7a, Piu superou o ent\u00e3o recordista mundial Karsten Warholm na prova dos 400 metros com barreiras.<\/p>\n<p>Warholm e o norte-americano Rai Benjamin, atual campe\u00e3o ol\u00edmpico, n\u00e3o participaram da etapa de Bruxelas.<\/p>\n<div class=\"wp-block-image\">\n<figure class=\"aligncenter size-large\"><img data-recalc-dims=\"1\" loading=\"lazy\" decoding=\"async\" width=\"1024\" height=\"680\" src=\"https:\/\/i0.wp.com\/www.acidadeon.com\/ribeiraopreto\/wp-content\/uploads\/sites\/3\/2024\/08\/alison-dos-santos-piu_2024-08-08_19-02-19_jpg_2024-08-08_19-02-19-1024x680.webp?resize=1024%2C680&#038;ssl=1\" alt=\"alison dos santos\" class=\"wp-image-89987\" title=\"Atleta da regi\u00e3o conquista o t\u00edtulo da Liga Diamante pela 3\u00aa vez 2\"><figcaption class=\"wp-element-caption\">Alison dos Santos, o Piu (Foto: Wander Roberto\/COB)<\/figcaption><\/figure>\n<\/div>\n<p>Com o t\u00edtulo deste s\u00e1bado, Piu chegou ao terceiro trof\u00e9u da Liga Diamante. Ele j\u00e1 havia vencido a competi\u00e7\u00e3o em 2022 e 2024.<\/p>\n<p>O brasileiro tamb\u00e9m conquistou duas medalhas ol\u00edmpicas de bronze, em T\u00f3quio, no Jap\u00e3o, e Paris, na Fran\u00e7a. Em 2022, foi campe\u00e3o mundial em Eugene, nos Estados Unidos. Tr\u00eas anos depois, ficou com a medalha de prata no Mundial de T\u00f3quio.<\/p>\n<div class=\"wp-block-image\">\n<figure class=\"aligncenter size-large\"><img data-recalc-dims=\"1\" loading=\"lazy\" decoding=\"async\" width=\"819\" height=\"1024\" src=\"https:\/\/i0.wp.com\/www.acidadeon.com\/ribeiraopreto\/wp-content\/uploads\/sites\/3\/2026\/05\/alison-dos-santos-2_2026-05-17_15-10-36-819x1024.webp?resize=819%2C1024&#038;ssl=1\" alt=\"ribeir\u00e3o\" class=\"wp-image-156582\" title=\"Atleta da regi\u00e3o conquista o t\u00edtulo da Liga Diamante pela 3\u00aa vez 3\"><figcaption class=\"wp-element-caption\">Foto: divulga\u00e7\u00e3o\/Diamond League<\/figcaption><\/figure>\n<\/div>\n<p><em>Fa\u00e7a uma den\u00fancia ou sugira uma reportagem sobre\u00a0<strong>Ribeir\u00e3o Preto\u00a0<\/strong>e regi\u00e3o por meio do WhatsApp do\u00a0<strong>acidade on Ribeir\u00e3o<\/strong>: (16) 99117-7802.<\/em><\/p>\n<p>O post Atleta da regi\u00e3o conquista o t\u00edtulo da Liga Diamante pela 3\u00aa vez apareceu primeiro em ACidade ON Ribeir\u00e3o Preto.<\/p>\n<p><script async src=\"\/\/www.instagram.com\/embed.js\"><\/script><br \/>\n<br \/><br \/>\n<br \/><a href=\"https:\/\/www.acidadeon.com\/ribeiraopreto\/esportes\/atleta-da-regiao-conquista-o-titulo-da-liga-diamante-pela-3a-vez\/\">Link para o texto original aqui <\/a><\/p>\n<!-- CONTENT END 1 -->\n","protected":false},"excerpt":{"rendered":"<p>O atleta Alison dos Santos, o Piu, natural de S\u00e3o Joaquim da Barra, na regi\u00e3o de Ribeir\u00e3o Preto, conquistou pela terceira vez na carreira o&#8230;<\/p>\n","protected":false},"author":1,"featured_media":91196,"comment_status":"","ping_status":"","sticky":false,"template":"","format":"standard","meta":{"advanced_seo_description":"","jetpack_seo_html_title":"","jetpack_seo_noindex":false,"jetpack_seo_schema_type":"","_jetpack_newsletter_access":"","_jetpack_dont_email_post_to_subs":false,"_jetpack_newsletter_tier_id":0,"_jetpack_memberships_contains_paywalled_content":false,"_jetpack_feature_clip_id":0,"_jetpack_memberships_contains_paid_content":false,"footnotes":"","jetpack_publicize_message":"","jetpack_publicize_feature_enabled":true,"jetpack_social_post_already_shared":true,"jetpack_social_options":{"image_generator_settings":{"template":"highway","default_image_id":0,"font":"","enabled":false},"version":2},"jetpack_post_was_ever_published":false},"categories":[11],"tags":[7301,775,317,4587,605,188,277,26,1318,190],"class_list":["post-91195","post","type-post","status-publish","format-standard","has-post-thumbnail","hentry","category-noticias-de-ribeirao-preto-sp-e-regiao-ismael-colosi","tag-3a","tag-atleta","tag-conquista","tag-diamante","tag-liga","tag-pela","tag-regiao","tag-ribeirao","tag-titulo","tag-vez"],"jetpack_publicize_connections":[],"jetpack-related-posts":[{"id":57972,"url":"https:\/\/noticiasribeiraopreto.com.br\/index.php\/2024\/09\/15\/atleta-da-regiao-de-ribeirao-conquista-o-bicampeonato-de-diamond-league\/","url_meta":{"origin":91195,"position":0},"title":"Atleta da regi\u00e3o de Ribeir\u00e3o conquista o bicampeonato de Diamond League","author":"noticiasribeiraopreto.com.br","date":"15 de September de 2024","format":false,"excerpt":"Neste s\u00e1bado (14), Alison dos Santos, natural de S\u00e3o Joaquim da Barra na regi\u00e3o de Ribeir\u00e3o Preto, venceu a Diamond League de Atletismo, realizada na B\u00e9lgica. Com o t\u00edtulo, Piu se tornou bicampe\u00e3o da competi\u00e7\u00e3o \u2013 que \u00e9 a principal liga de atletismo do mundo.\u00a0 O primeiro t\u00edtulo do brasileiro\u2026","rel":"","context":"In &quot;Not\u00edcias de Ribeir\u00e3o Preto-SP e Regi\u00e3o&quot;","block_context":{"text":"Not\u00edcias de Ribeir\u00e3o Preto-SP e Regi\u00e3o","link":"https:\/\/noticiasribeiraopreto.com.br\/index.php\/category\/noticias-de-ribeirao-preto-sp-e-regiao-ismael-colosi\/"},"img":{"alt_text":"","src":"https:\/\/i0.wp.com\/noticiasribeiraopreto.com.br\/wp-content\/uploads\/2024\/09\/Copia-de-Copia-de-Copia-de-TAMANHO-EXATO-PARA-FOTOS-NO-SISTEMA-NOVO-20_2024-09-15_19-36-53_png_2024-09-15_19-36-53.webp.webp?fit=1200%2C675&ssl=1&resize=350%2C200","width":350,"height":200,"srcset":"https:\/\/i0.wp.com\/noticiasribeiraopreto.com.br\/wp-content\/uploads\/2024\/09\/Copia-de-Copia-de-Copia-de-TAMANHO-EXATO-PARA-FOTOS-NO-SISTEMA-NOVO-20_2024-09-15_19-36-53_png_2024-09-15_19-36-53.webp.webp?fit=1200%2C675&ssl=1&resize=350%2C200 1x, https:\/\/i0.wp.com\/noticiasribeiraopreto.com.br\/wp-content\/uploads\/2024\/09\/Copia-de-Copia-de-Copia-de-TAMANHO-EXATO-PARA-FOTOS-NO-SISTEMA-NOVO-20_2024-09-15_19-36-53_png_2024-09-15_19-36-53.webp.webp?fit=1200%2C675&ssl=1&resize=525%2C300 1.5x, https:\/\/i0.wp.com\/noticiasribeiraopreto.com.br\/wp-content\/uploads\/2024\/09\/Copia-de-Copia-de-Copia-de-TAMANHO-EXATO-PARA-FOTOS-NO-SISTEMA-NOVO-20_2024-09-15_19-36-53_png_2024-09-15_19-36-53.webp.webp?fit=1200%2C675&ssl=1&resize=700%2C400 2x, https:\/\/i0.wp.com\/noticiasribeiraopreto.com.br\/wp-content\/uploads\/2024\/09\/Copia-de-Copia-de-Copia-de-TAMANHO-EXATO-PARA-FOTOS-NO-SISTEMA-NOVO-20_2024-09-15_19-36-53_png_2024-09-15_19-36-53.webp.webp?fit=1200%2C675&ssl=1&resize=1050%2C600 3x"},"classes":[]},{"id":65715,"url":"https:\/\/noticiasribeiraopreto.com.br\/index.php\/2025\/03\/23\/jornal-da-franca-time-jhonatan-conquista-o-titulo-do-jogo-das-estrelas-2025-sobre-jovens-atletas\/","url_meta":{"origin":91195,"position":1},"title":"Jornal da Franca &#8211; Time Jhonatan conquista o t\u00edtulo do Jogo das Estrelas 2025 sobre jovens atletas\u00a0","author":"noticiasribeiraopreto.com.br","date":"23 de March de 2025","format":false,"excerpt":"compartilhar no whatsapp compartilhar no telegram compartilhar no facebook compartilhar no linkedin Veteranos superam o Time Reynan e levam o trof\u00e9u do Jogo das Estrelas do NBB O Time Jhonatan, liderado pelo capit\u00e3o Jhonatan Luz, conquistou o t\u00edtulo do Jogo das Estrelas 2025, realizado neste s\u00e1bado (22\/03), na Arena UniBH,\u2026","rel":"","context":"In &quot;Not\u00edcias de Franca-SP&quot;","block_context":{"text":"Not\u00edcias de Franca-SP","link":"https:\/\/noticiasribeiraopreto.com.br\/index.php\/category\/noticias-de-ribeirao-preto-sp-e-regiao-ismael-colosi\/noticias-franca-sp\/"},"img":{"alt_text":"","src":"https:\/\/i0.wp.com\/noticiasribeiraopreto.com.br\/wp-content\/uploads\/2025\/03\/DM_4594-1200x800-1.jpg?fit=1200%2C800&ssl=1&resize=350%2C200","width":350,"height":200,"srcset":"https:\/\/i0.wp.com\/noticiasribeiraopreto.com.br\/wp-content\/uploads\/2025\/03\/DM_4594-1200x800-1.jpg?fit=1200%2C800&ssl=1&resize=350%2C200 1x, https:\/\/i0.wp.com\/noticiasribeiraopreto.com.br\/wp-content\/uploads\/2025\/03\/DM_4594-1200x800-1.jpg?fit=1200%2C800&ssl=1&resize=525%2C300 1.5x, https:\/\/i0.wp.com\/noticiasribeiraopreto.com.br\/wp-content\/uploads\/2025\/03\/DM_4594-1200x800-1.jpg?fit=1200%2C800&ssl=1&resize=700%2C400 2x, https:\/\/i0.wp.com\/noticiasribeiraopreto.com.br\/wp-content\/uploads\/2025\/03\/DM_4594-1200x800-1.jpg?fit=1200%2C800&ssl=1&resize=1050%2C600 3x"},"classes":[]},{"id":17746,"url":"https:\/\/noticiasribeiraopreto.com.br\/index.php\/2023\/12\/19\/volei-sub19-feminino-de-rp-conquista-mais-uma-medalha-de-ouro\/","url_meta":{"origin":91195,"position":2},"title":"V\u00f4lei sub19 feminino de RP conquista mais uma medalha de ouro","author":"noticiasribeiraopreto.com.br","date":"19 de December de 2023","format":false,"excerpt":"18 de dezembro de 2023 | 15:0018 de dezembro de 2023 | 14:02 0A equipe feminina de v\u00f4lei sub19 conquistou a Liga APV da categoria de maneira invicta. Foram quatorze vit\u00f3rias em quatorze partidas disputadas, com apenas dois sets perdidos. A grande final foi realizada na quadra da AABB, em\u2026","rel":"","context":"In &quot;Not\u00edcias de Ribeir\u00e3o Preto-SP e Regi\u00e3o&quot;","block_context":{"text":"Not\u00edcias de Ribeir\u00e3o Preto-SP e Regi\u00e3o","link":"https:\/\/noticiasribeiraopreto.com.br\/index.php\/category\/noticias-de-ribeirao-preto-sp-e-regiao-ismael-colosi\/"},"img":{"alt_text":"","src":"https:\/\/i0.wp.com\/noticiasribeiraopreto.com.br\/wp-content\/uploads\/2023\/12\/volei_sub19_1-scaled.jpeg?fit=860%2C645&ssl=1&resize=350%2C200","width":350,"height":200,"srcset":"https:\/\/i0.wp.com\/noticiasribeiraopreto.com.br\/wp-content\/uploads\/2023\/12\/volei_sub19_1-scaled.jpeg?fit=860%2C645&ssl=1&resize=350%2C200 1x, https:\/\/i0.wp.com\/noticiasribeiraopreto.com.br\/wp-content\/uploads\/2023\/12\/volei_sub19_1-scaled.jpeg?fit=860%2C645&ssl=1&resize=525%2C300 1.5x, https:\/\/i0.wp.com\/noticiasribeiraopreto.com.br\/wp-content\/uploads\/2023\/12\/volei_sub19_1-scaled.jpeg?fit=860%2C645&ssl=1&resize=700%2C400 2x"},"classes":[]},{"id":74386,"url":"https:\/\/noticiasribeiraopreto.com.br\/index.php\/2025\/07\/21\/equipe-de-polo-aquatico-de-ribeirao-conquista-titulo-internacional-e-mira-na-selecao-brasileira\/","url_meta":{"origin":91195,"position":3},"title":"Equipe de polo aqu\u00e1tico de Ribeir\u00e3o conquista t\u00edtulo internacional e mira na Sele\u00e7\u00e3o Brasileira","author":"noticiasribeiraopreto.com.br","date":"21 de July de 2025","format":false,"excerpt":"Recentemente, a equipe de polo aqu\u00e1tico de Ribeir\u00e3o Preto, o Sesi Ribeir\u00e3o, conquistou, pela primeira vez, o t\u00edtulo do Campeonato Internacional Sub-15 ao derrotar a ABDA nos p\u00eanaltis, em Bauru. A conquista representa um marco para o polo aqu\u00e1tico local, que, h\u00e1 17 anos, forma atletas e abastece tanto equipes\u2026","rel":"","context":"In &quot;Not\u00edcias de Ribeir\u00e3o Preto-SP e Regi\u00e3o&quot;","block_context":{"text":"Not\u00edcias de Ribeir\u00e3o Preto-SP e Regi\u00e3o","link":"https:\/\/noticiasribeiraopreto.com.br\/index.php\/category\/noticias-de-ribeirao-preto-sp-e-regiao-ismael-colosi\/"},"img":{"alt_text":"","src":"https:\/\/i0.wp.com\/noticiasribeiraopreto.com.br\/wp-content\/uploads\/2025\/07\/Copia-de-Copia-de-Copia-de-TAMANHO-EXATO-PARA-FOTOS-NO-SISTEMA-NOVO-2025-07-21T153011.052_2025-07-21_18-30-19.webp.webp?fit=1200%2C675&ssl=1&resize=350%2C200","width":350,"height":200,"srcset":"https:\/\/i0.wp.com\/noticiasribeiraopreto.com.br\/wp-content\/uploads\/2025\/07\/Copia-de-Copia-de-Copia-de-TAMANHO-EXATO-PARA-FOTOS-NO-SISTEMA-NOVO-2025-07-21T153011.052_2025-07-21_18-30-19.webp.webp?fit=1200%2C675&ssl=1&resize=350%2C200 1x, https:\/\/i0.wp.com\/noticiasribeiraopreto.com.br\/wp-content\/uploads\/2025\/07\/Copia-de-Copia-de-Copia-de-TAMANHO-EXATO-PARA-FOTOS-NO-SISTEMA-NOVO-2025-07-21T153011.052_2025-07-21_18-30-19.webp.webp?fit=1200%2C675&ssl=1&resize=525%2C300 1.5x, https:\/\/i0.wp.com\/noticiasribeiraopreto.com.br\/wp-content\/uploads\/2025\/07\/Copia-de-Copia-de-Copia-de-TAMANHO-EXATO-PARA-FOTOS-NO-SISTEMA-NOVO-2025-07-21T153011.052_2025-07-21_18-30-19.webp.webp?fit=1200%2C675&ssl=1&resize=700%2C400 2x, https:\/\/i0.wp.com\/noticiasribeiraopreto.com.br\/wp-content\/uploads\/2025\/07\/Copia-de-Copia-de-Copia-de-TAMANHO-EXATO-PARA-FOTOS-NO-SISTEMA-NOVO-2025-07-21T153011.052_2025-07-21_18-30-19.webp.webp?fit=1200%2C675&ssl=1&resize=1050%2C600 3x"},"classes":[]},{"id":90176,"url":"https:\/\/noticiasribeiraopreto.com.br\/index.php\/2026\/08\/18\/atleta-ribeirao-pretana-zileide-cassiano-salta-603m-conquista-ouro-e-supera-marca-do-ultimo-titulo-mundial\/","url_meta":{"origin":91195,"position":4},"title":"Atleta ribeir\u00e3o-pretana Zileide Cassiano salta 6,03m, conquista ouro e supera marca do \u00faltimo t\u00edtulo mundial","author":"noticiasribeiraopreto.com.br","date":"18 de August de 2026","format":false,"excerpt":"A atleta Zileide Cassiano Silva, natural de Ribeir\u00e3o Preto e integrante do Time S\u00e3o Paulo, conquistou a medalha de ouro na prova de salto em dist\u00e2ncia (classe T20) do Circuito Paral\u00edmpico Loterias Caixa de atletismo \u2013 fase internacional. A competi\u00e7\u00e3o foi realizada entre os dias 13 e 14 de agosto\u2026","rel":"","context":"In &quot;Not\u00edcias de Ribeir\u00e3o Preto-SP e Regi\u00e3o&quot;","block_context":{"text":"Not\u00edcias de Ribeir\u00e3o Preto-SP e Regi\u00e3o","link":"https:\/\/noticiasribeiraopreto.com.br\/index.php\/category\/noticias-de-ribeirao-preto-sp-e-regiao-ismael-colosi\/"},"img":{"alt_text":"","src":"https:\/\/i0.wp.com\/noticiasribeiraopreto.com.br\/wp-content\/uploads\/2026\/08\/Zileide-Cassiano-salta-603m-conquista-ouro-e-supera-marca-do-ultimo-titulo-mundial.jpeg?fit=1200%2C603&ssl=1&resize=350%2C200","width":350,"height":200,"srcset":"https:\/\/i0.wp.com\/noticiasribeiraopreto.com.br\/wp-content\/uploads\/2026\/08\/Zileide-Cassiano-salta-603m-conquista-ouro-e-supera-marca-do-ultimo-titulo-mundial.jpeg?fit=1200%2C603&ssl=1&resize=350%2C200 1x, https:\/\/i0.wp.com\/noticiasribeiraopreto.com.br\/wp-content\/uploads\/2026\/08\/Zileide-Cassiano-salta-603m-conquista-ouro-e-supera-marca-do-ultimo-titulo-mundial.jpeg?fit=1200%2C603&ssl=1&resize=525%2C300 1.5x, https:\/\/i0.wp.com\/noticiasribeiraopreto.com.br\/wp-content\/uploads\/2026\/08\/Zileide-Cassiano-salta-603m-conquista-ouro-e-supera-marca-do-ultimo-titulo-mundial.jpeg?fit=1200%2C603&ssl=1&resize=700%2C400 2x, https:\/\/i0.wp.com\/noticiasribeiraopreto.com.br\/wp-content\/uploads\/2026\/08\/Zileide-Cassiano-salta-603m-conquista-ouro-e-supera-marca-do-ultimo-titulo-mundial.jpeg?fit=1200%2C603&ssl=1&resize=1050%2C600 3x"},"classes":[]},{"id":61626,"url":"https:\/\/noticiasribeiraopreto.com.br\/index.php\/2024\/12\/17\/atleta-de-ribeirao-preto-conquista-a-copa-sao-paulo-de-ciclismo\/","url_meta":{"origin":91195,"position":5},"title":"Atleta de Ribeir\u00e3o Preto conquista a Copa S\u00e3o Paulo de Ciclismo","author":"noticiasribeiraopreto.com.br","date":"17 de December de 2024","format":false,"excerpt":"O ciclista Yuri Fontanesi, de 18 anos, que compete pela equipe de Ribeir\u00e3o Preto, conquistou o t\u00edtulo da categoria J\u00fanior da Copa S\u00e3o Paulo de Ciclismo, no \u00faltimo domingo (15). O atleta levou o t\u00edtulo ap\u00f3s completar a oitava e \u00faltima etapa, realizada em Buritizal, na segunda coloca\u00e7\u00e3o. Yuri totalizou\u2026","rel":"","context":"In &quot;Not\u00edcias de Ribeir\u00e3o Preto-SP e Regi\u00e3o&quot;","block_context":{"text":"Not\u00edcias de Ribeir\u00e3o Preto-SP e Regi\u00e3o","link":"https:\/\/noticiasribeiraopreto.com.br\/index.php\/category\/noticias-de-ribeirao-preto-sp-e-regiao-ismael-colosi\/"},"img":{"alt_text":"","src":"https:\/\/i0.wp.com\/noticiasribeiraopreto.com.br\/wp-content\/uploads\/2024\/12\/yuri_2024-12-17_20-51-35_jpg_2024-12-17_20-51-35.webp.webp?fit=1024%2C683&ssl=1&resize=350%2C200","width":350,"height":200,"srcset":"https:\/\/i0.wp.com\/noticiasribeiraopreto.com.br\/wp-content\/uploads\/2024\/12\/yuri_2024-12-17_20-51-35_jpg_2024-12-17_20-51-35.webp.webp?fit=1024%2C683&ssl=1&resize=350%2C200 1x, https:\/\/i0.wp.com\/noticiasribeiraopreto.com.br\/wp-content\/uploads\/2024\/12\/yuri_2024-12-17_20-51-35_jpg_2024-12-17_20-51-35.webp.webp?fit=1024%2C683&ssl=1&resize=525%2C300 1.5x, https:\/\/i0.wp.com\/noticiasribeiraopreto.com.br\/wp-content\/uploads\/2024\/12\/yuri_2024-12-17_20-51-35_jpg_2024-12-17_20-51-35.webp.webp?fit=1024%2C683&ssl=1&resize=700%2C400 2x"},"classes":[]}],"jetpack_sharing_enabled":true,"jetpack_shortlink":"https:\/\/wp.me\/peQAOb-nIT","jetpack_featured_media_url":"https:\/\/i0.wp.com\/noticiasribeiraopreto.com.br\/wp-content\/uploads\/2026\/09\/alison-piu.jpg?fit=1200%2C675&ssl=1","_links":{"self":[{"href":"https:\/\/noticiasribeiraopreto.com.br\/index.php\/wp-json\/wp\/v2\/posts\/91195","targetHints":{"allow":["GET"]}}],"collection":[{"href":"https:\/\/noticiasribeiraopreto.com.br\/index.php\/wp-json\/wp\/v2\/posts"}],"about":[{"href":"https:\/\/noticiasribeiraopreto.com.br\/index.php\/wp-json\/wp\/v2\/types\/post"}],"author":[{"embeddable":true,"href":"https:\/\/noticiasribeiraopreto.com.br\/index.php\/wp-json\/wp\/v2\/users\/1"}],"replies":[{"embeddable":true,"href":"https:\/\/noticiasribeiraopreto.com.br\/index.php\/wp-json\/wp\/v2\/comments?post=91195"}],"version-history":[{"count":0,"href":"https:\/\/noticiasribeiraopreto.com.br\/index.php\/wp-json\/wp\/v2\/posts\/91195\/revisions"}],"wp:featuredmedia":[{"embeddable":true,"href":"https:\/\/noticiasribeiraopreto.com.br\/index.php\/wp-json\/wp\/v2\/media\/91196"}],"wp:attachment":[{"href":"https:\/\/noticiasribeiraopreto.com.br\/index.php\/wp-json\/wp\/v2\/media?parent=91195"}],"wp:term":[{"taxonomy":"category","embeddable":true,"href":"https:\/\/noticiasribeiraopreto.com.br\/index.php\/wp-json\/wp\/v2\/categories?post=91195"},{"taxonomy":"post_tag","embeddable":true,"href":"https:\/\/noticiasribeiraopreto.com.br\/index.php\/wp-json\/wp\/v2\/tags?post=91195"}],"curies":[{"name":"wp","href":"https:\/\/api.w.org\/{rel}","templated":true}]}}