{"id":91197,"date":"2026-09-06T11:35:49","date_gmt":"2026-09-06T14:35:49","guid":{"rendered":"https:\/\/noticiasribeiraopreto.com.br\/index.php\/2026\/09\/06\/saiba-tudo-sobre-o-desfile-de-7-de-setembro-em-ribeirao-preto\/"},"modified":"2026-09-06T11:35:49","modified_gmt":"2026-09-06T14:35:49","slug":"saiba-tudo-sobre-o-desfile-de-7-de-setembro-em-ribeirao-preto","status":"publish","type":"post","link":"https:\/\/noticiasribeiraopreto.com.br\/index.php\/2026\/09\/06\/saiba-tudo-sobre-o-desfile-de-7-de-setembro-em-ribeirao-preto\/","title":{"rendered":"Saiba tudo sobre o desfile de 7 de Setembro em Ribeir\u00e3o Preto"},"content":{"rendered":"<div class='code-block code-block-1' style='margin: 8px 0 8px auto; text-align: right; display: block; clear: both;'>\n<p><a href=\"https:\/\/wa.link\/vpicfd\"><img data-recalc-dims=\"1\" class=\"wp-image-4922\" style=\"aspect-ratio: 2.0253164556962027; width: 561px; height: auto;\" src=\"https:\/\/i0.wp.com\/ismaelcolosi.com.br\/wp-content\/uploads\/2023\/11\/grupo-de-empregos-whatsapp-e-facebook-ismael-colosi-vagas.jpg?ssl=1\" alt=\"\" \/><\/a><\/p>\n<!-- \/wp:image -->\n<\/div>\n<p> <br \/>\n<\/p>\n<p>Ribeir\u00e3o Preto realiza nesta segunda-feira (7) o desfile c\u00edvico em comemora\u00e7\u00e3o aos 204 anos da Independ\u00eancia do Brasil. O evento come\u00e7a \u00e0s 8h, na avenida Paschoal Innecchi, no Jardim Independ\u00eancia, e re\u00fane for\u00e7as de seguran\u00e7a, escolas, entidades, grupos comunit\u00e1rios e ve\u00edculos.<\/p>\n<div class=\"wp-block-rank-math-toc-block\" id=\"rank-math-toc\">\n<h2>Desfile de 7 de Setembro<\/h2>\n<nav>\n<ul>\n<li class=\"\">Tr\u00e2nsito ser\u00e1 interditado a partir das 6h<\/li>\n<li class=\"\">Quais s\u00e3o as rotas alternativas?<\/li>\n<li class=\"\">\u00d4nibus ter\u00e3o refor\u00e7o<\/li>\n<li class=\"\">Quem participa do desfile?<\/li>\n<\/ul>\n<\/nav>\n<\/div>\n<p>Para facilitar o acesso do p\u00fablico e orientar os motoristas, a opera\u00e7\u00e3o ter\u00e1 altera\u00e7\u00f5es no tr\u00e2nsito e refor\u00e7o no transporte coletivo. Os bloqueios come\u00e7am \u00e0s 6h e seguem at\u00e9 o encerramento do desfile.<\/p>\n<h2 class=\"wp-block-heading\" id=\"transito-sera-interditado-a-partir-das-6-h\">Tr\u00e2nsito ser\u00e1 interditado a partir das 6h<\/h2>\n<p>Motoristas que circularem pela regi\u00e3o devem ficar atentos \u00e0s mudan\u00e7as.<\/p>\n<p>A avenida Cavalheiro Paschoal Innecchi ser\u00e1 interditada nos dois sentidos. Tamb\u00e9m haver\u00e1 bloqueios em vias paralelas \u00e0 avenida, no trecho entre a avenida Paris e a rua M\u00e9xico.<\/p>\n<div class=\"wp-block-image\">\n<figure class=\"aligncenter size-large\"><\/figure>\n<\/div>\n<p>Outro ponto interditado ser\u00e1 o cruzamento da avenida Coronel Quito Junqueira com a avenida Cavalheiro Paschoal Innecchi.<\/p>\n<p>Os bloqueios come\u00e7am \u00e0s 6h e permanecem at\u00e9 o encerramento do desfile. A RP Mobi orienta os motoristas que n\u00e3o v\u00e3o acompanhar o evento a evitar a regi\u00e3o.<\/p>\n<h2 class=\"wp-block-heading\" id=\"quais-sao-as-rotas-alternativas\">Quais s\u00e3o as rotas alternativas?<\/h2>\n<p>Quem estiver vindo da regi\u00e3o Central poder\u00e1 acessar o Jardim Independ\u00eancia pela rua Capit\u00e3o Os\u00f3rio Junqueira.<\/p>\n<p>Para os motoristas que chegam da regi\u00e3o Norte, a alternativa ser\u00e1 utilizar a rua M\u00e9xico.<\/p>\n<p>J\u00e1 o acesso \u00e0 avenida Meira J\u00fanior poder\u00e1 ser feito pela avenida Coronel Quito Junqueira, na regi\u00e3o do Educand\u00e1rio.<\/p>\n<p><em>Receba not\u00edcias do\u00a0<strong>acidade on Ribeir\u00e3o\u00a0<\/strong>no WhatsApp e fique por dentro de tudo! Basta acessar o link<a href=\"https:\/\/chat.whatsapp.com\/DfXwcjKVIddHUT3BvnQuPZ?mode=hqctshi\" target=\"_blank\" rel=\"noreferrer noopener\">\u00a0aqui<\/a>!<\/em><\/p>\n<h2 class=\"wp-block-heading\" id=\"onibus-terao-reforco\">\u00d4nibus ter\u00e3o refor\u00e7o<\/h2>\n<p>O transporte coletivo tamb\u00e9m ter\u00e1 opera\u00e7\u00e3o especial durante o desfile.<\/p>\n<p>As linhas que poder\u00e3o receber ve\u00edculos extras entre <strong>6h e 12h<\/strong>, conforme a demanda, s\u00e3o:<\/p>\n<figure class=\"wp-block-table\">\n<table class=\"has-fixed-layout\">\n<tbody>\n<tr>\n<th>Linha<\/th>\n<th>Itiner\u00e1rio<\/th>\n<\/tr>\n<tr>\n<td>102<\/td>\n<td>Jardim Independ\u00eancia<\/td>\n<\/tr>\n<tr>\n<td>202<\/td>\n<td>Jardim Iara<\/td>\n<\/tr>\n<tr>\n<td>220<\/td>\n<td>Parque de Exposi\u00e7\u00f5es<\/td>\n<\/tr>\n<tr>\n<td>199<\/td>\n<td>Circular 1<\/td>\n<\/tr>\n<tr>\n<td>299<\/td>\n<td>Circular 2<\/td>\n<\/tr>\n<tr>\n<td>399<\/td>\n<td>Circular 3<\/td>\n<\/tr>\n<tr>\n<td>902<\/td>\n<td>Norte-Sul 2<\/td>\n<\/tr>\n<\/tbody>\n<\/table>\n<\/figure>\n<p>Os \u00f4nibus tamb\u00e9m seguir\u00e3o os desvios definidos para o tr\u00e2nsito durante o per\u00edodo de interdi\u00e7\u00f5es.<\/p>\n<div class=\"wp-block-image\">\n<figure class=\"aligncenter size-large\"><img data-recalc-dims=\"1\" loading=\"lazy\" decoding=\"async\" width=\"1024\" height=\"682\" src=\"https:\/\/i0.wp.com\/www.acidadeon.com\/ribeiraopreto\/wp-content\/uploads\/sites\/3\/2026\/04\/mudancaslinhas_01_2026-04-02_18-33-17-1024x682.webp?resize=1024%2C682&#038;ssl=1\" alt=\"Linhas de \u00f4nibus ter\u00e3o mudan\u00e7as na pr\u00f3xima segunda-feira (6) - Foto: Divulga\u00e7\u00e3o\" class=\"wp-image-151055\" title=\"Saiba tudo sobre o desfile de 7 de Setembro em Ribeir\u00e3o Preto 2\"><figcaption class=\"wp-element-caption\">(Foto: Divulga\u00e7\u00e3o)<\/figcaption><\/figure>\n<\/div>\n<h2 class=\"wp-block-heading\" id=\"quem-participa-do-desfile\">Quem participa do desfile?<\/h2>\n<p>A programa\u00e7\u00e3o re\u00fane representantes das for\u00e7as de seguran\u00e7a, institui\u00e7\u00f5es de ensino, entidades sociais, grupos culturais e comunit\u00e1rios.<\/p>\n<p>Entre os participantes est\u00e3o o Tiro de Guerra de Ribeir\u00e3o Preto, com a Banda Duque de Caxias, al\u00e9m da Pol\u00edcia Militar, Pol\u00edcia Civil, Pol\u00edcia Penal, Corpo de Bombeiros, Guarda Civil Metropolitana (GCM), Defesa Civil e SAMU.<\/p>\n<p>A programa\u00e7\u00e3o tamb\u00e9m ter\u00e1 a participa\u00e7\u00e3o da cavalaria e de viaturas da Pol\u00edcia Militar, ve\u00edculos da GCM e do SAMU, incluindo o Samuzinho e o Samuz\u00e3o.<\/p>\n<div class=\"wp-block-image\">\n<figure class=\"aligncenter size-large\"><img data-recalc-dims=\"1\" loading=\"lazy\" decoding=\"async\" width=\"1024\" height=\"682\" src=\"https:\/\/i0.wp.com\/www.acidadeon.com\/ribeiraopreto\/wp-content\/uploads\/sites\/3\/2026\/09\/desfile-7-de-setembro-1-1024x682.jpeg?resize=1024%2C682&#038;ssl=1\" alt=\"desfile c\u00edvico\" class=\"wp-image-173427\" title=\"Saiba tudo sobre o desfile de 7 de Setembro em Ribeir\u00e3o Preto 3\"><figcaption class=\"wp-element-caption\"> (Foto: Guilherme Sircili\/Prefeitura de Ribeir\u00e3o Preto)<\/figcaption><\/figure>\n<\/div>\n<p>O desfile tamb\u00e9m contar\u00e1 com a reencena\u00e7\u00e3o hist\u00f3rica do Velho Sexto e apresenta\u00e7\u00f5es das bandas da Pol\u00edcia Militar e da APAE.<\/p>\n<p>Entre os grupos e institui\u00e7\u00f5es participantes est\u00e3o:<\/p>\n<ul class=\"wp-block-list\">\n<li>Pelot\u00e3o Infantil da GCM;<\/li>\n<li>Basquete em Cadeira de Rodas;<\/li>\n<li>V\u00f4lei Sentado;<\/li>\n<li>Gide\u00f5es Mirins;<\/li>\n<li>Bombeiro Infantil;<\/li>\n<li>Funda\u00e7\u00e3o Educand\u00e1rio;<\/li>\n<li>Grupo de Escoteiros Aimor\u00e9s;<\/li>\n<li>Grupo de Escoteiros Ribeir\u00e3o Preto;<\/li>\n<li>Grupo de Escoteiros Baob\u00e1;<\/li>\n<li>Legi\u00e3o da Boa Vontade (LBV);<\/li>\n<li>Ordem DeMolay;<\/li>\n<li>Narc\u00f3ticos An\u00f4nimos;<\/li>\n<li>Tica Escola de Samba;<\/li>\n<li>Taiyo Ongakutai;<\/li>\n<li>Asas Paz;<\/li>\n<li>Taiga;<\/li>\n<li>Patins Clube \u2013 Rock Shop Skate.<\/li>\n<\/ul>\n<p>Tamb\u00e9m participam institui\u00e7\u00f5es de ensino, como a EMEF Eduardo Romualdo de Souza, a EMEF Alfeu Gasparini, o Col\u00e9gio Independ\u00eancia, al\u00e9m de Aventureiros e Desbravadores.<\/p>\n<div class=\"wp-block-image\">\n<figure class=\"aligncenter size-large\"><img data-recalc-dims=\"1\" loading=\"lazy\" decoding=\"async\" width=\"1024\" height=\"576\" src=\"https:\/\/i0.wp.com\/www.acidadeon.com\/ribeiraopreto\/wp-content\/uploads\/sites\/3\/2026\/09\/desfile-setembro-1-1024x576.jpg?resize=1024%2C576&#038;ssl=1\" alt=\"Interdi\u00e7\u00e3o come\u00e7a \u00e0s 6h da manh\u00e3, na pr\u00f3xima segunda-feira (7) - Foto: Guilherme Sircili\" class=\"wp-image-173722\" title=\"Saiba tudo sobre o desfile de 7 de Setembro em Ribeir\u00e3o Preto 4\"><figcaption class=\"wp-element-caption\"> Foto: Guilherme Sircili<\/figcaption><\/figure>\n<\/div>\n<hr class=\"wp-block-separator has-alpha-channel-opacity\">\n<p><em>Fa\u00e7a uma den\u00fancia ou sugira uma reportagem sobre\u00a0<strong>Ribeir\u00e3o Preto\u00a0<\/strong>e regi\u00e3o por meio do WhatsApp do\u00a0<strong>acidade on Ribeir\u00e3o<\/strong>: (16) 99117-7802.<\/em><\/p>\n<p>O post Saiba tudo sobre o desfile de 7 de Setembro em Ribeir\u00e3o Preto apareceu primeiro em ACidade ON Ribeir\u00e3o Preto.<\/p>\n<p><br \/>\n<br \/><a href=\"https:\/\/www.acidadeon.com\/ribeiraopreto\/cotidiano\/saiba-tudo-sobre-o-desfile-de-7-de-setembro-em-ribeirao-preto\/\">Link para o texto original aqui <\/a><\/p>\n<!-- CONTENT END 1 -->\n","protected":false},"excerpt":{"rendered":"<p>Ribeir\u00e3o Preto realiza nesta segunda-feira (7) o desfile c\u00edvico em comemora\u00e7\u00e3o aos 204 anos da Independ\u00eancia do Brasil. O evento come\u00e7a \u00e0s 8h, na avenida&#8230;<\/p>\n","protected":false},"author":1,"featured_media":91198,"comment_status":"","ping_status":"","sticky":false,"template":"","format":"standard","meta":{"advanced_seo_description":"","jetpack_seo_html_title":"","jetpack_seo_noindex":false,"jetpack_seo_schema_type":"","_jetpack_newsletter_access":"","_jetpack_dont_email_post_to_subs":false,"_jetpack_newsletter_tier_id":0,"_jetpack_memberships_contains_paywalled_content":false,"_jetpack_feature_clip_id":0,"_jetpack_memberships_contains_paid_content":false,"footnotes":"","jetpack_publicize_message":"","jetpack_publicize_feature_enabled":true,"jetpack_social_post_already_shared":true,"jetpack_social_options":{"image_generator_settings":{"template":"highway","default_image_id":0,"font":"","enabled":false},"version":2},"jetpack_post_was_ever_published":false},"categories":[11],"tags":[3429,27,26,123,3398,468,43],"class_list":["post-91197","post","type-post","status-publish","format-standard","has-post-thumbnail","hentry","category-noticias-de-ribeirao-preto-sp-e-regiao-ismael-colosi","tag-desfile","tag-preto","tag-ribeirao","tag-saiba","tag-setembro","tag-sobre","tag-tudo"],"jetpack_publicize_connections":[],"jetpack-related-posts":[{"id":91109,"url":"https:\/\/noticiasribeiraopreto.com.br\/index.php\/2026\/09\/04\/desfile-de-7-desetembro-altera-transito-em-ribeirao-preto-veja-interdicoes\/","url_meta":{"origin":91197,"position":0},"title":"Desfile de 7 de Setembro altera tr\u00e2nsito em Ribeir\u00e3o Preto; veja interdi\u00e7\u00f5es","author":"noticiasribeiraopreto.com.br","date":"4 de September de 2026","format":false,"excerpt":"O desfile c\u00edvico de 7 de Setembro vai provocar mudan\u00e7as no tr\u00e2nsito de Ribeir\u00e3o Preto na pr\u00f3xima segunda-feira (7). A RP Mobi vai interditar a avenida Cavalheiro Paschoal Innechi, nos dois sentidos, e vias pr\u00f3ximas ao local do evento, no Jardim Independ\u00eancia. Veja tamb\u00e9mComo acessar o Jardim Independ\u00eancia?\u00d4nibus ter\u00e3o ve\u00edculos\u2026","rel":"","context":"In &quot;Not\u00edcias de Ribeir\u00e3o Preto-SP e Regi\u00e3o&quot;","block_context":{"text":"Not\u00edcias de Ribeir\u00e3o Preto-SP e Regi\u00e3o","link":"https:\/\/noticiasribeiraopreto.com.br\/index.php\/category\/noticias-de-ribeirao-preto-sp-e-regiao-ismael-colosi\/"},"img":{"alt_text":"","src":"https:\/\/i0.wp.com\/noticiasribeiraopreto.com.br\/wp-content\/uploads\/2026\/09\/desfile-setembro-1.jpg?fit=1200%2C675&ssl=1&resize=350%2C200","width":350,"height":200,"srcset":"https:\/\/i0.wp.com\/noticiasribeiraopreto.com.br\/wp-content\/uploads\/2026\/09\/desfile-setembro-1.jpg?fit=1200%2C675&ssl=1&resize=350%2C200 1x, https:\/\/i0.wp.com\/noticiasribeiraopreto.com.br\/wp-content\/uploads\/2026\/09\/desfile-setembro-1.jpg?fit=1200%2C675&ssl=1&resize=525%2C300 1.5x, https:\/\/i0.wp.com\/noticiasribeiraopreto.com.br\/wp-content\/uploads\/2026\/09\/desfile-setembro-1.jpg?fit=1200%2C675&ssl=1&resize=700%2C400 2x, https:\/\/i0.wp.com\/noticiasribeiraopreto.com.br\/wp-content\/uploads\/2026\/09\/desfile-setembro-1.jpg?fit=1200%2C675&ssl=1&resize=1050%2C600 3x"},"classes":[]},{"id":76832,"url":"https:\/\/noticiasribeiraopreto.com.br\/index.php\/2025\/09\/06\/veja-quais-ruas-de-ribeirao-preto-estarao-interditadas-para-o-desfile-de-7-de-setembro\/","url_meta":{"origin":91197,"position":1},"title":"Veja quais ruas de Ribeir\u00e3o Preto estar\u00e3o interditadas para o desfile de 7 de Setembro","author":"noticiasribeiraopreto.com.br","date":"6 de September de 2025","format":false,"excerpt":"A avenida Cavalheiro Paschoal Innechi, em Ribeir\u00e3o Preto, ser\u00e1 interditada nos dois sentidos neste domingo (7), juntamente com as vias paralelas, em raz\u00e3o do desfile c\u00edvico do Dia da Independ\u00eancia do Brasil. De acordo com a RP Mobi, todas as vias paralelas \u00e0 avenida, entre a avenida Paris e a\u2026","rel":"","context":"In &quot;Not\u00edcias de Ribeir\u00e3o Preto-SP e Regi\u00e3o&quot;","block_context":{"text":"Not\u00edcias de Ribeir\u00e3o Preto-SP e Regi\u00e3o","link":"https:\/\/noticiasribeiraopreto.com.br\/index.php\/category\/noticias-de-ribeirao-preto-sp-e-regiao-ismael-colosi\/"},"img":{"alt_text":"","src":"https:\/\/i0.wp.com\/noticiasribeiraopreto.com.br\/wp-content\/uploads\/2025\/09\/7-de-setembro_2024-09-07_12-22-06_jpeg_2024-09-07_12-22-06.webp.webp?fit=1200%2C900&ssl=1&resize=350%2C200","width":350,"height":200,"srcset":"https:\/\/i0.wp.com\/noticiasribeiraopreto.com.br\/wp-content\/uploads\/2025\/09\/7-de-setembro_2024-09-07_12-22-06_jpeg_2024-09-07_12-22-06.webp.webp?fit=1200%2C900&ssl=1&resize=350%2C200 1x, https:\/\/i0.wp.com\/noticiasribeiraopreto.com.br\/wp-content\/uploads\/2025\/09\/7-de-setembro_2024-09-07_12-22-06_jpeg_2024-09-07_12-22-06.webp.webp?fit=1200%2C900&ssl=1&resize=525%2C300 1.5x, https:\/\/i0.wp.com\/noticiasribeiraopreto.com.br\/wp-content\/uploads\/2025\/09\/7-de-setembro_2024-09-07_12-22-06_jpeg_2024-09-07_12-22-06.webp.webp?fit=1200%2C900&ssl=1&resize=700%2C400 2x, https:\/\/i0.wp.com\/noticiasribeiraopreto.com.br\/wp-content\/uploads\/2025\/09\/7-de-setembro_2024-09-07_12-22-06_jpeg_2024-09-07_12-22-06.webp.webp?fit=1200%2C900&ssl=1&resize=1050%2C600 3x"},"classes":[]},{"id":90989,"url":"https:\/\/noticiasribeiraopreto.com.br\/index.php\/2026\/09\/02\/desfile-7-de-setembro-ribeirao-preto-horario-local-programacao-completa\/","url_meta":{"origin":91197,"position":2},"title":"Desfile de 7 de Setembro em Ribeir\u00e3o Preto: veja hor\u00e1rio, local e programa\u00e7\u00e3o completa","author":"noticiasribeiraopreto.com.br","date":"2 de September de 2026","format":false,"excerpt":"Ribeir\u00e3o Preto se prepara para celebrar os 204 anos de Independ\u00eancia do Brasil na pr\u00f3xima segunda-feira, 7 de setembro, com a realiza\u00e7\u00e3o do tradicional Desfile C\u00edvico. O evento, aberto ao p\u00fablico, come\u00e7a a partir das 8h, na avenida Paschoal Innecchi, reunindo as for\u00e7as de seguran\u00e7a, escolas, entidades sociais, grupos comunit\u00e1rios\u2026","rel":"","context":"In &quot;Not\u00edcias de Ribeir\u00e3o Preto-SP e Regi\u00e3o&quot;","block_context":{"text":"Not\u00edcias de Ribeir\u00e3o Preto-SP e Regi\u00e3o","link":"https:\/\/noticiasribeiraopreto.com.br\/index.php\/category\/noticias-de-ribeirao-preto-sp-e-regiao-ismael-colosi\/"},"img":{"alt_text":"","src":"https:\/\/i0.wp.com\/noticiasribeiraopreto.com.br\/wp-content\/uploads\/2026\/09\/desfile-7-de-setembro-1.jpeg?fit=1200%2C800&ssl=1&resize=350%2C200","width":350,"height":200,"srcset":"https:\/\/i0.wp.com\/noticiasribeiraopreto.com.br\/wp-content\/uploads\/2026\/09\/desfile-7-de-setembro-1.jpeg?fit=1200%2C800&ssl=1&resize=350%2C200 1x, https:\/\/i0.wp.com\/noticiasribeiraopreto.com.br\/wp-content\/uploads\/2026\/09\/desfile-7-de-setembro-1.jpeg?fit=1200%2C800&ssl=1&resize=525%2C300 1.5x, https:\/\/i0.wp.com\/noticiasribeiraopreto.com.br\/wp-content\/uploads\/2026\/09\/desfile-7-de-setembro-1.jpeg?fit=1200%2C800&ssl=1&resize=700%2C400 2x, https:\/\/i0.wp.com\/noticiasribeiraopreto.com.br\/wp-content\/uploads\/2026\/09\/desfile-7-de-setembro-1.jpeg?fit=1200%2C800&ssl=1&resize=1050%2C600 3x"},"classes":[]},{"id":57682,"url":"https:\/\/noticiasribeiraopreto.com.br\/index.php\/2024\/09\/07\/ribeirao-preto-realiza-desfile-em-comemoracao-aos-202-anos-da-independencia-do-brasil\/","url_meta":{"origin":91197,"position":3},"title":"Ribeir\u00e3o Preto realiza desfile em comemora\u00e7\u00e3o aos 202 anos da Independ\u00eancia do Brasil","author":"noticiasribeiraopreto.com.br","date":"7 de September de 2024","format":false,"excerpt":"Foi realizado em Ribeir\u00e3o Preto na manh\u00e3 deste s\u00e1bado, o desfile de 7 de Setembro, em comemora\u00e7\u00e3o aos 202 anos da Independ\u00eancia do Brasil. O desfile come\u00e7ou por volta das 7h e aconteceu na avenida Cavalheiro Paschoal Innechi, no Jardim Independ\u00eancia. VEJA O V\u00cdDEO Ver essa foto no Instagram Uma\u2026","rel":"","context":"In &quot;Not\u00edcias de Ribeir\u00e3o Preto-SP e Regi\u00e3o&quot;","block_context":{"text":"Not\u00edcias de Ribeir\u00e3o Preto-SP e Regi\u00e3o","link":"https:\/\/noticiasribeiraopreto.com.br\/index.php\/category\/noticias-de-ribeirao-preto-sp-e-regiao-ismael-colosi\/"},"img":{"alt_text":"","src":"https:\/\/i0.wp.com\/noticiasribeiraopreto.com.br\/wp-content\/uploads\/2024\/09\/7-de-setembro_2024-09-07_12-22-06_jpeg_2024-09-07_12-22-06.webp.webp?fit=1200%2C900&ssl=1&resize=350%2C200","width":350,"height":200,"srcset":"https:\/\/i0.wp.com\/noticiasribeiraopreto.com.br\/wp-content\/uploads\/2024\/09\/7-de-setembro_2024-09-07_12-22-06_jpeg_2024-09-07_12-22-06.webp.webp?fit=1200%2C900&ssl=1&resize=350%2C200 1x, https:\/\/i0.wp.com\/noticiasribeiraopreto.com.br\/wp-content\/uploads\/2024\/09\/7-de-setembro_2024-09-07_12-22-06_jpeg_2024-09-07_12-22-06.webp.webp?fit=1200%2C900&ssl=1&resize=525%2C300 1.5x, https:\/\/i0.wp.com\/noticiasribeiraopreto.com.br\/wp-content\/uploads\/2024\/09\/7-de-setembro_2024-09-07_12-22-06_jpeg_2024-09-07_12-22-06.webp.webp?fit=1200%2C900&ssl=1&resize=700%2C400 2x, https:\/\/i0.wp.com\/noticiasribeiraopreto.com.br\/wp-content\/uploads\/2024\/09\/7-de-setembro_2024-09-07_12-22-06_jpeg_2024-09-07_12-22-06.webp.webp?fit=1200%2C900&ssl=1&resize=1050%2C600 3x"},"classes":[]},{"id":76577,"url":"https:\/\/noticiasribeiraopreto.com.br\/index.php\/2025\/09\/01\/ribeirao-preto-celebra-7-de-setembro-com-desfile-civico-e-mais-de-40-grupos-participantes\/","url_meta":{"origin":91197,"position":4},"title":"Ribeir\u00e3o Preto celebra 7 de Setembro com desfile c\u00edvico e mais de 40 grupos participantes","author":"noticiasribeiraopreto.com.br","date":"1 de September de 2025","format":false,"excerpt":"O tradicional desfile c\u00edvico de 7 de setembro, em Ribeir\u00e3o Preto, acontece no domingo (7) a partir das 8h, na avenida Cavalheiro Paschoal Inecchi, no Jardim Independ\u00eancia, zona Norte da cidade. O evento celebra os 203 anos da Independ\u00eancia do Brasil e deve reunir cerca de 2 mil participantes, al\u00e9m\u2026","rel":"","context":"In &quot;Not\u00edcias de Ribeir\u00e3o Preto-SP e Regi\u00e3o&quot;","block_context":{"text":"Not\u00edcias de Ribeir\u00e3o Preto-SP e Regi\u00e3o","link":"https:\/\/noticiasribeiraopreto.com.br\/index.php\/category\/noticias-de-ribeirao-preto-sp-e-regiao-ismael-colosi\/"},"img":{"alt_text":"","src":"https:\/\/i0.wp.com\/noticiasribeiraopreto.com.br\/wp-content\/uploads\/2025\/09\/7_de_setembro_fernando_gonzaga_3.jpeg?fit=1200%2C800&ssl=1&resize=350%2C200","width":350,"height":200,"srcset":"https:\/\/i0.wp.com\/noticiasribeiraopreto.com.br\/wp-content\/uploads\/2025\/09\/7_de_setembro_fernando_gonzaga_3.jpeg?fit=1200%2C800&ssl=1&resize=350%2C200 1x, https:\/\/i0.wp.com\/noticiasribeiraopreto.com.br\/wp-content\/uploads\/2025\/09\/7_de_setembro_fernando_gonzaga_3.jpeg?fit=1200%2C800&ssl=1&resize=525%2C300 1.5x, https:\/\/i0.wp.com\/noticiasribeiraopreto.com.br\/wp-content\/uploads\/2025\/09\/7_de_setembro_fernando_gonzaga_3.jpeg?fit=1200%2C800&ssl=1&resize=700%2C400 2x, https:\/\/i0.wp.com\/noticiasribeiraopreto.com.br\/wp-content\/uploads\/2025\/09\/7_de_setembro_fernando_gonzaga_3.jpeg?fit=1200%2C800&ssl=1&resize=1050%2C600 3x"},"classes":[]},{"id":57623,"url":"https:\/\/noticiasribeiraopreto.com.br\/index.php\/2024\/09\/05\/ribeirao-tera-desfile-civico-de-7-de-setembro-neste-sabado-veja-detalhes\/","url_meta":{"origin":91197,"position":5},"title":"Ribeir\u00e3o ter\u00e1 desfile c\u00edvico de 7 de setembro neste s\u00e1bado; veja detalhes","author":"noticiasribeiraopreto.com.br","date":"5 de September de 2024","format":false,"excerpt":"O tradicional desfile c\u00edvico de 7 de setembro, em Ribeir\u00e3o Preto, acontece neste s\u00e1bado (7) a partir das 7h, na avenida Cavalheiro Paschoal Inecchi, no Jardim Independ\u00eancia, zona Norte da cidade. Devido as condi\u00e7\u00f5es clim\u00e1ticas, o evento que sempre aconteceu \u00e0s 8h foi adiantado em uma hora e acontecer\u00e1 \u00e0s\u2026","rel":"","context":"In &quot;Not\u00edcias de Ribeir\u00e3o Preto-SP e Regi\u00e3o&quot;","block_context":{"text":"Not\u00edcias de Ribeir\u00e3o Preto-SP e Regi\u00e3o","link":"https:\/\/noticiasribeiraopreto.com.br\/index.php\/category\/noticias-de-ribeirao-preto-sp-e-regiao-ismael-colosi\/"},"img":{"alt_text":"","src":"https:\/\/i0.wp.com\/noticiasribeiraopreto.com.br\/wp-content\/uploads\/2024\/09\/WhatsApp-Image-2023-09-07-at-09.39.45_2024-09-05_19-27-19_jpeg_2024-09-05_19-27-19.webp.webp?fit=1200%2C675&ssl=1&resize=350%2C200","width":350,"height":200,"srcset":"https:\/\/i0.wp.com\/noticiasribeiraopreto.com.br\/wp-content\/uploads\/2024\/09\/WhatsApp-Image-2023-09-07-at-09.39.45_2024-09-05_19-27-19_jpeg_2024-09-05_19-27-19.webp.webp?fit=1200%2C675&ssl=1&resize=350%2C200 1x, https:\/\/i0.wp.com\/noticiasribeiraopreto.com.br\/wp-content\/uploads\/2024\/09\/WhatsApp-Image-2023-09-07-at-09.39.45_2024-09-05_19-27-19_jpeg_2024-09-05_19-27-19.webp.webp?fit=1200%2C675&ssl=1&resize=525%2C300 1.5x, https:\/\/i0.wp.com\/noticiasribeiraopreto.com.br\/wp-content\/uploads\/2024\/09\/WhatsApp-Image-2023-09-07-at-09.39.45_2024-09-05_19-27-19_jpeg_2024-09-05_19-27-19.webp.webp?fit=1200%2C675&ssl=1&resize=700%2C400 2x, https:\/\/i0.wp.com\/noticiasribeiraopreto.com.br\/wp-content\/uploads\/2024\/09\/WhatsApp-Image-2023-09-07-at-09.39.45_2024-09-05_19-27-19_jpeg_2024-09-05_19-27-19.webp.webp?fit=1200%2C675&ssl=1&resize=1050%2C600 3x"},"classes":[]}],"jetpack_sharing_enabled":true,"jetpack_shortlink":"https:\/\/wp.me\/peQAOb-nIV","jetpack_featured_media_url":"https:\/\/i0.wp.com\/noticiasribeiraopreto.com.br\/wp-content\/uploads\/2026\/09\/desfile-7-de-setembro.jpg?fit=1200%2C675&ssl=1","_links":{"self":[{"href":"https:\/\/noticiasribeiraopreto.com.br\/index.php\/wp-json\/wp\/v2\/posts\/91197","targetHints":{"allow":["GET"]}}],"collection":[{"href":"https:\/\/noticiasribeiraopreto.com.br\/index.php\/wp-json\/wp\/v2\/posts"}],"about":[{"href":"https:\/\/noticiasribeiraopreto.com.br\/index.php\/wp-json\/wp\/v2\/types\/post"}],"author":[{"embeddable":true,"href":"https:\/\/noticiasribeiraopreto.com.br\/index.php\/wp-json\/wp\/v2\/users\/1"}],"replies":[{"embeddable":true,"href":"https:\/\/noticiasribeiraopreto.com.br\/index.php\/wp-json\/wp\/v2\/comments?post=91197"}],"version-history":[{"count":0,"href":"https:\/\/noticiasribeiraopreto.com.br\/index.php\/wp-json\/wp\/v2\/posts\/91197\/revisions"}],"wp:featuredmedia":[{"embeddable":true,"href":"https:\/\/noticiasribeiraopreto.com.br\/index.php\/wp-json\/wp\/v2\/media\/91198"}],"wp:attachment":[{"href":"https:\/\/noticiasribeiraopreto.com.br\/index.php\/wp-json\/wp\/v2\/media?parent=91197"}],"wp:term":[{"taxonomy":"category","embeddable":true,"href":"https:\/\/noticiasribeiraopreto.com.br\/index.php\/wp-json\/wp\/v2\/categories?post=91197"},{"taxonomy":"post_tag","embeddable":true,"href":"https:\/\/noticiasribeiraopreto.com.br\/index.php\/wp-json\/wp\/v2\/tags?post=91197"}],"curies":[{"name":"wp","href":"https:\/\/api.w.org\/{rel}","templated":true}]}}