{"id":91199,"date":"2026-09-06T12:00:16","date_gmt":"2026-09-06T15:00:16","guid":{"rendered":"https:\/\/noticiasribeiraopreto.com.br\/index.php\/2026\/09\/06\/moradores-da-zona-norte-de-ribeirao-preto-relatam-falta-de-agua-ha-5-dias\/"},"modified":"2026-09-06T12:00:16","modified_gmt":"2026-09-06T15:00:16","slug":"moradores-da-zona-norte-de-ribeirao-preto-relatam-falta-de-agua-ha-5-dias","status":"publish","type":"post","link":"https:\/\/noticiasribeiraopreto.com.br\/index.php\/2026\/09\/06\/moradores-da-zona-norte-de-ribeirao-preto-relatam-falta-de-agua-ha-5-dias\/","title":{"rendered":"Moradores da zona Norte de Ribeir\u00e3o Preto relatam falta de \u00e1gua h\u00e1 5 dias"},"content":{"rendered":"<div class='code-block code-block-1' style='margin: 8px 0 8px auto; text-align: right; display: block; clear: both;'>\n<p><a href=\"https:\/\/wa.link\/vpicfd\"><img data-recalc-dims=\"1\" class=\"wp-image-4922\" style=\"aspect-ratio: 2.0253164556962027; width: 561px; height: auto;\" src=\"https:\/\/i0.wp.com\/ismaelcolosi.com.br\/wp-content\/uploads\/2023\/11\/grupo-de-empregos-whatsapp-e-facebook-ismael-colosi-vagas.jpg?ssl=1\" alt=\"\" \/><\/a><\/p>\n<!-- \/wp:image -->\n<\/div>\n<p> <br \/>\n<\/p>\n<p>Moradores da zona Norte de Ribeir\u00e3o Preto relatam falta de \u00e1gua h\u00e1 cinco dias. Segundo eles, o problema come\u00e7ou na \u00faltima ter\u00e7a-feira (1\u00ba) e afeta im\u00f3veis de diferentes ruas do Alto do Ipiranga.<\/p>\n<p>Entre os locais citados pelos moradores est\u00e3o as ruas Javari, Tapetininga, Rio Pardo, Juazeiro e Rond\u00f4nia. Eles afirmam que a situa\u00e7\u00e3o tem prejudicado atividades do dia a dia.<\/p>\n<blockquote class=\"wp-block-quote is-layout-flow wp-block-quote-is-layout-flow\">\n<p><em>\u201cEstamos indo em outros lugares para buscar \u00e1gua. N\u00e3o tem nem para as necessidades b\u00e1sicas, n\u00e3o tem \u00e1gua pra cozinhar, pra beber, nem tomar banho\u201d, <\/em>afirma uma moradora. <\/p>\n<\/blockquote>\n<figure class=\"wp-block-gallery has-nested-images columns-default is-cropped wp-block-gallery-1 is-layout-flex wp-block-gallery-is-layout-flex\">\n<figure class=\"wp-block-image size-large\"><figcaption class=\"wp-element-caption\">Foto: Arquivo pessoal <\/figcaption><\/figure>\n<figure class=\"wp-block-image size-large\"><img data-recalc-dims=\"1\" loading=\"lazy\" decoding=\"async\" width=\"505\" height=\"810\" data-id=\"173906\" src=\"https:\/\/i0.wp.com\/www.acidadeon.com\/ribeiraopreto\/wp-content\/uploads\/sites\/3\/2026\/09\/Captura-de-tela-2026-09-06-114450.png?resize=505%2C810&#038;ssl=1\" alt=\"Captura de tela 2026 09 06 114450\" class=\"wp-image-173906\" title=\"Moradores da zona Norte de Ribeir\u00e3o Preto relatam falta de \u00e1gua h\u00e1 5 dias 2\"><figcaption class=\"wp-element-caption\">Foto: Arquivo pessoal <\/figcaption><\/figure>\n<\/figure>\n<p>A reportagem procurou a Saerp (Secretaria de \u00c1gua e Esgoto de Ribeir\u00e3o Preto) para saber o motivo da falta de \u00e1gua e quando o fornecimento deve ser normalizado.<\/p>\n<p class=\"has-text-align-center has-small-font-size\"><em>Receba not\u00edcias do\u00a0<strong>acidade on Ribeir\u00e3o\u00a0<\/strong>no WhatsApp e fique por dentro de tudo! Basta acessar o link<a href=\"https:\/\/chat.whatsapp.com\/DfXwcjKVIddHUT3BvnQuPZ?mode=hqctshi\" target=\"_blank\" rel=\"noreferrer noopener\">\u00a0aqui<\/a>!<\/em><\/p>\n<h2 class=\"wp-block-heading\">O que diz a Saerp?<\/h2>\n<p>A Saerp informou que mant\u00e9m uma equipe na regi\u00e3o para realizar a <strong>setoriza\u00e7\u00e3o do sistema de abastecimento<\/strong>. Segundo a autarquia, o trabalho tem como objetivo melhorar o fornecimento de \u00e1gua nos bairros Ipiranga, Alto do Ipiranga e Sumarezinho.<\/p>\n<p>A secretaria explicou que, durante a execu\u00e7\u00e3o do servi\u00e7o, podem ocorrer per\u00edodos de intermit\u00eancia no abastecimento.<\/p>\n<div class=\"wp-block-image\">\n<figure class=\"aligncenter size-large\"><img data-recalc-dims=\"1\" loading=\"lazy\" decoding=\"async\" width=\"1024\" height=\"683\" src=\"https:\/\/i0.wp.com\/www.acidadeon.com\/ribeiraopreto\/wp-content\/uploads\/sites\/3\/2026\/09\/image-56-1024x683.png?resize=1024%2C683&#038;ssl=1\" alt=\"image 56\" class=\"wp-image-173903\" title=\"Moradores da zona Norte de Ribeir\u00e3o Preto relatam falta de \u00e1gua h\u00e1 5 dias 3\"><figcaption class=\"wp-element-caption\">Divulga\u00e7\u00e3o\/Saerp<\/figcaption><\/figure>\n<\/div>\n<p>Segundo a Saerp, a regi\u00e3o n\u00e3o est\u00e1 totalmente sem \u00e1gua. A autarquia afirma que, durante uma interven\u00e7\u00e3o em determinado ponto do sistema, o abastecimento pode ser interrompido e retomado posteriormente.<\/p>\n<p>A Saerp tamb\u00e9m informou que o trabalho \u00e9 considerado complexo e in\u00e9dito na regi\u00e3o, que enfrenta problemas de abastecimento h\u00e1 anos.<\/p>\n<h2 class=\"wp-block-heading\">Servi\u00e7o ainda n\u00e3o tem prazo definido<\/h2>\n<p>De acordo com a autarquia, as equipes continuar\u00e3o trabalhando na regi\u00e3o at\u00e9 que todos os im\u00f3veis estejam com o abastecimento normalizado.<\/p>\n<p>A Saerp n\u00e3o informou uma data espec\u00edfica para a conclus\u00e3o da interven\u00e7\u00e3o.<\/p>\n<hr class=\"wp-block-separator has-alpha-channel-opacity\">\n<p class=\"has-small-font-size\"><em>Fa\u00e7a uma den\u00fancia ou sugira uma reportagem sobre\u00a0<strong>Ribeir\u00e3o Preto\u00a0<\/strong>e regi\u00e3o por meio do WhatsApp do\u00a0<strong>acidade on Ribeir\u00e3o<\/strong>: (16) 99117-7802.<\/em><\/p>\n<h2 class=\"wp-block-heading\"><mark class=\"has-inline-color has-white-color\">Morador <\/mark><\/h2>\n<\/p>\n<p>O post Moradores da zona Norte de Ribeir\u00e3o Preto relatam falta de \u00e1gua h\u00e1 5 dias apareceu primeiro em ACidade ON Ribeir\u00e3o Preto.<\/p>\n<p><br \/>\n<br \/><a href=\"https:\/\/www.acidadeon.com\/ribeiraopreto\/cotidiano\/moradores-da-zona-norte-de-ribeirao-preto-relatam-falta-de-agua-ha-5-dias\/\">Link para o texto original aqui <\/a><\/p>\n<!-- CONTENT END 1 -->\n","protected":false},"excerpt":{"rendered":"<p>Moradores da zona Norte de Ribeir\u00e3o Preto relatam falta de \u00e1gua h\u00e1 cinco dias. Segundo eles, o problema come\u00e7ou na \u00faltima ter\u00e7a-feira (1\u00ba) e afeta&#8230;<\/p>\n","protected":false},"author":1,"featured_media":91200,"comment_status":"","ping_status":"","sticky":false,"template":"","format":"standard","meta":{"advanced_seo_description":"","jetpack_seo_html_title":"","jetpack_seo_noindex":false,"jetpack_seo_schema_type":"","_jetpack_newsletter_access":"","_jetpack_dont_email_post_to_subs":false,"_jetpack_newsletter_tier_id":0,"_jetpack_memberships_contains_paywalled_content":false,"_jetpack_feature_clip_id":0,"_jetpack_memberships_contains_paid_content":false,"footnotes":"","jetpack_publicize_message":"","jetpack_publicize_feature_enabled":true,"jetpack_social_post_already_shared":true,"jetpack_social_options":{"image_generator_settings":{"template":"highway","default_image_id":0,"font":"","enabled":false},"version":2},"jetpack_post_was_ever_published":false},"categories":[11],"tags":[32,493,251,369,401,307,397,27,6061,26,340],"class_list":["post-91199","post","type-post","status-publish","format-standard","has-post-thumbnail","hentry","category-noticias-de-ribeirao-preto-sp-e-regiao-ismael-colosi","tag-agua","tag-dias","tag-falta","tag-ha","tag-morador","tag-moradores","tag-norte","tag-preto","tag-relatam","tag-ribeirao","tag-zona"],"jetpack_publicize_connections":[],"jetpack-related-posts":[{"id":64194,"url":"https:\/\/noticiasribeiraopreto.com.br\/index.php\/2025\/03\/04\/moradores-do-jardim-progresso-denunciam-falta-de-agua-ha-uma-semana-em-ribeirao-preto\/","url_meta":{"origin":91199,"position":0},"title":"Moradores do Jardim Progresso Denunciam Falta de \u00c1gua H\u00e1 Uma Semana em Ribeir\u00e3o Preto","author":"noticiasribeiraopreto.com.br","date":"4 de March de 2025","format":false,"excerpt":"Moradores do Jardim Progresso, localizado na zona oeste de Ribeir\u00e3o Preto, est\u00e3o enfrentando uma situa\u00e7\u00e3o cr\u00edtica: a falta de \u00e1gua j\u00e1 dura uma semana. A interrup\u00e7\u00e3o no abastecimento vem afetando o dia a dia dos residentes, que relatam dificuldades para realizar atividades b\u00e1sicas, como higiene pessoal, preparo de alimentos e\u2026","rel":"","context":"In &quot;Not\u00edcias de Ribeir\u00e3o Preto-SP e Regi\u00e3o&quot;","block_context":{"text":"Not\u00edcias de Ribeir\u00e3o Preto-SP e Regi\u00e3o","link":"https:\/\/noticiasribeiraopreto.com.br\/index.php\/category\/noticias-de-ribeirao-preto-sp-e-regiao-ismael-colosi\/"},"img":{"alt_text":"","src":"https:\/\/i0.wp.com\/noticiasribeiraopreto.com.br\/wp-content\/uploads\/2025\/03\/torneira_de_agua.webp.webp?fit=1170%2C700&ssl=1&resize=350%2C200","width":350,"height":200,"srcset":"https:\/\/i0.wp.com\/noticiasribeiraopreto.com.br\/wp-content\/uploads\/2025\/03\/torneira_de_agua.webp.webp?fit=1170%2C700&ssl=1&resize=350%2C200 1x, https:\/\/i0.wp.com\/noticiasribeiraopreto.com.br\/wp-content\/uploads\/2025\/03\/torneira_de_agua.webp.webp?fit=1170%2C700&ssl=1&resize=525%2C300 1.5x, https:\/\/i0.wp.com\/noticiasribeiraopreto.com.br\/wp-content\/uploads\/2025\/03\/torneira_de_agua.webp.webp?fit=1170%2C700&ssl=1&resize=700%2C400 2x, https:\/\/i0.wp.com\/noticiasribeiraopreto.com.br\/wp-content\/uploads\/2025\/03\/torneira_de_agua.webp.webp?fit=1170%2C700&ssl=1&resize=1050%2C600 3x"},"classes":[]},{"id":73893,"url":"https:\/\/noticiasribeiraopreto.com.br\/index.php\/2025\/07\/11\/moradores-de-ribeirao-pretendem-acionar-o-mp-devido-a-falta-dagua-em-bairro-da-zona-norte\/","url_meta":{"origin":91199,"position":1},"title":"Moradores de Ribeir\u00e3o pretendem acionar o MP devido \u00e0 falta d&#8217;\u00e1gua em bairro\u00a0da\u00a0zona\u00a0Norte","author":"noticiasribeiraopreto.com.br","date":"11 de July de 2025","format":false,"excerpt":"Moradores e comerciantes do bairro Campos El\u00edseos, na zona Norte de Ribeir\u00e3o Preto, registram reclama\u00e7\u00f5es sobre a falta de \u00e1gua na regi\u00e3o. Segundo relatos, o abastecimento costuma acabar por volta das 9h da manh\u00e3 e retorna somente durante a madrugada. Em muitos casos, a \u00e1gua volta com pouca press\u00e3o, o\u2026","rel":"","context":"In &quot;Not\u00edcias de Ribeir\u00e3o Preto-SP e Regi\u00e3o&quot;","block_context":{"text":"Not\u00edcias de Ribeir\u00e3o Preto-SP e Regi\u00e3o","link":"https:\/\/noticiasribeiraopreto.com.br\/index.php\/category\/noticias-de-ribeirao-preto-sp-e-regiao-ismael-colosi\/"},"img":{"alt_text":"","src":"https:\/\/i0.wp.com\/noticiasribeiraopreto.com.br\/wp-content\/uploads\/2025\/07\/TORNEIRA-SEM-AGUA_2025-07-11_19-10-25.webp.webp?fit=1024%2C575&ssl=1&resize=350%2C200","width":350,"height":200,"srcset":"https:\/\/i0.wp.com\/noticiasribeiraopreto.com.br\/wp-content\/uploads\/2025\/07\/TORNEIRA-SEM-AGUA_2025-07-11_19-10-25.webp.webp?fit=1024%2C575&ssl=1&resize=350%2C200 1x, https:\/\/i0.wp.com\/noticiasribeiraopreto.com.br\/wp-content\/uploads\/2025\/07\/TORNEIRA-SEM-AGUA_2025-07-11_19-10-25.webp.webp?fit=1024%2C575&ssl=1&resize=525%2C300 1.5x, https:\/\/i0.wp.com\/noticiasribeiraopreto.com.br\/wp-content\/uploads\/2025\/07\/TORNEIRA-SEM-AGUA_2025-07-11_19-10-25.webp.webp?fit=1024%2C575&ssl=1&resize=700%2C400 2x"},"classes":[]},{"id":29420,"url":"https:\/\/noticiasribeiraopreto.com.br\/index.php\/2024\/01\/18\/com-falta-dagua-moradores-de-ribeirao-denunciam-vazamento-de-agua-limpa\/","url_meta":{"origin":91199,"position":2},"title":"Moradores de Ribeir\u00e3o denunciam vazamento de \u00e1gua limpa","author":"noticiasribeiraopreto.com.br","date":"18 de January de 2024","format":false,"excerpt":"Um vazamento de \u00e1gua limpa na rua Ant\u00f4nia Pimentel da Silva, no Paulo Gomes Romeo, na zona Oeste de Ribeir\u00e3o Preto, preocupa os moradores do bairro, em raz\u00e3o da falta d\u2019\u00e1gua nas resid\u00eancias. \u00a0 Os moradores relata que o vazamento de \u00e1gua limpa acontece h\u00e1 mais de 30 dias. Por\u2026","rel":"","context":"In &quot;Not\u00edcias de Ribeir\u00e3o Preto-SP e Regi\u00e3o&quot;","block_context":{"text":"Not\u00edcias de Ribeir\u00e3o Preto-SP e Regi\u00e3o","link":"https:\/\/noticiasribeiraopreto.com.br\/index.php\/category\/noticias-de-ribeirao-preto-sp-e-regiao-ismael-colosi\/"},"img":{"alt_text":"","src":"https:\/\/i0.wp.com\/noticiasribeiraopreto.com.br\/wp-content\/uploads\/2024\/01\/FOTO-CARDS.jpg?fit=640%2C500&ssl=1&resize=350%2C200","width":350,"height":200,"srcset":"https:\/\/i0.wp.com\/noticiasribeiraopreto.com.br\/wp-content\/uploads\/2024\/01\/FOTO-CARDS.jpg?fit=640%2C500&ssl=1&resize=350%2C200 1x, https:\/\/i0.wp.com\/noticiasribeiraopreto.com.br\/wp-content\/uploads\/2024\/01\/FOTO-CARDS.jpg?fit=640%2C500&ssl=1&resize=525%2C300 1.5x"},"classes":[]},{"id":76256,"url":"https:\/\/noticiasribeiraopreto.com.br\/index.php\/2025\/08\/25\/nao-posso-fechar-as-portas-nove-meses-sem-agua-afetam-comerciantes-da-zona-oeste-de-ribeirao-preto\/","url_meta":{"origin":91199,"position":3},"title":"&#8216;N\u00e3o posso fechar as portas&#8217;: nove meses sem \u00e1gua afetam comerciantes da zona Oeste de Ribeir\u00e3o Preto","author":"noticiasribeiraopreto.com.br","date":"25 de August de 2025","format":false,"excerpt":"A falta de \u00e1gua h\u00e1 nove meses no bairro Jardim Progresso, na zona Oeste de Ribeir\u00e3o Preto, tem prejudicado moradores e comerciantes. Sem solu\u00e7\u00e3o definitiva, alguns propriet\u00e1rios de estabelecimentos precisam improvisar, como lavar lou\u00e7a em casa, para manter as portas abertas. Todo dia, quando acaba o expediente, eu preciso levar\u2026","rel":"","context":"In &quot;Not\u00edcias de Ribeir\u00e3o Preto-SP e Regi\u00e3o&quot;","block_context":{"text":"Not\u00edcias de Ribeir\u00e3o Preto-SP e Regi\u00e3o","link":"https:\/\/noticiasribeiraopreto.com.br\/index.php\/category\/noticias-de-ribeirao-preto-sp-e-regiao-ismael-colosi\/"},"img":{"alt_text":"","src":"https:\/\/i0.wp.com\/noticiasribeiraopreto.com.br\/wp-content\/uploads\/2025\/08\/Copia-de-Copia-de-Copia-de-TAMANHO-EXATO-PARA-FOTOS-NO-SISTEMA-NOVO-2025-08-25T175609.473_2025-08-25_20-57-48.webp.webp?fit=1200%2C675&ssl=1&resize=350%2C200","width":350,"height":200,"srcset":"https:\/\/i0.wp.com\/noticiasribeiraopreto.com.br\/wp-content\/uploads\/2025\/08\/Copia-de-Copia-de-Copia-de-TAMANHO-EXATO-PARA-FOTOS-NO-SISTEMA-NOVO-2025-08-25T175609.473_2025-08-25_20-57-48.webp.webp?fit=1200%2C675&ssl=1&resize=350%2C200 1x, https:\/\/i0.wp.com\/noticiasribeiraopreto.com.br\/wp-content\/uploads\/2025\/08\/Copia-de-Copia-de-Copia-de-TAMANHO-EXATO-PARA-FOTOS-NO-SISTEMA-NOVO-2025-08-25T175609.473_2025-08-25_20-57-48.webp.webp?fit=1200%2C675&ssl=1&resize=525%2C300 1.5x, https:\/\/i0.wp.com\/noticiasribeiraopreto.com.br\/wp-content\/uploads\/2025\/08\/Copia-de-Copia-de-Copia-de-TAMANHO-EXATO-PARA-FOTOS-NO-SISTEMA-NOVO-2025-08-25T175609.473_2025-08-25_20-57-48.webp.webp?fit=1200%2C675&ssl=1&resize=700%2C400 2x, https:\/\/i0.wp.com\/noticiasribeiraopreto.com.br\/wp-content\/uploads\/2025\/08\/Copia-de-Copia-de-Copia-de-TAMANHO-EXATO-PARA-FOTOS-NO-SISTEMA-NOVO-2025-08-25T175609.473_2025-08-25_20-57-48.webp.webp?fit=1200%2C675&ssl=1&resize=1050%2C600 3x"},"classes":[]},{"id":81759,"url":"https:\/\/noticiasribeiraopreto.com.br\/index.php\/2026\/01\/16\/moradores-da-zona-norte-de-ribeirao-preto-reclamam-de-falhas-na-coleta-de-lixo\/","url_meta":{"origin":91199,"position":4},"title":"Moradores da zona Norte de Ribeir\u00e3o Preto reclamam de falhas na coleta de lixo","author":"noticiasribeiraopreto.com.br","date":"16 de January de 2026","format":false,"excerpt":"Moradores da zona Norte de Ribeir\u00e3o Preto relatam falhas recorrentes na coleta de lixo em bairros da regi\u00e3o, como Presidente Dutra II, conhecido como Silvio Passalacqua, al\u00e9m de Jardim Jandaia e F\u00e1bio Barreto. Nesta semana, moradores informaram que a coleta n\u00e3o foi realizada em um dos dias previstos. Embora o\u2026","rel":"","context":"In &quot;Not\u00edcias de Ribeir\u00e3o Preto-SP e Regi\u00e3o&quot;","block_context":{"text":"Not\u00edcias de Ribeir\u00e3o Preto-SP e Regi\u00e3o","link":"https:\/\/noticiasribeiraopreto.com.br\/index.php\/category\/noticias-de-ribeirao-preto-sp-e-regiao-ismael-colosi\/"},"img":{"alt_text":"","src":"https:\/\/i0.wp.com\/noticiasribeiraopreto.com.br\/wp-content\/uploads\/2026\/01\/domingo-51_2026-01-15_23-48-59.webp.webp?fit=1200%2C675&ssl=1&resize=350%2C200","width":350,"height":200,"srcset":"https:\/\/i0.wp.com\/noticiasribeiraopreto.com.br\/wp-content\/uploads\/2026\/01\/domingo-51_2026-01-15_23-48-59.webp.webp?fit=1200%2C675&ssl=1&resize=350%2C200 1x, https:\/\/i0.wp.com\/noticiasribeiraopreto.com.br\/wp-content\/uploads\/2026\/01\/domingo-51_2026-01-15_23-48-59.webp.webp?fit=1200%2C675&ssl=1&resize=525%2C300 1.5x, https:\/\/i0.wp.com\/noticiasribeiraopreto.com.br\/wp-content\/uploads\/2026\/01\/domingo-51_2026-01-15_23-48-59.webp.webp?fit=1200%2C675&ssl=1&resize=700%2C400 2x, https:\/\/i0.wp.com\/noticiasribeiraopreto.com.br\/wp-content\/uploads\/2026\/01\/domingo-51_2026-01-15_23-48-59.webp.webp?fit=1200%2C675&ssl=1&resize=1050%2C600 3x"},"classes":[]},{"id":63473,"url":"https:\/\/noticiasribeiraopreto.com.br\/index.php\/2025\/02\/14\/homem-cai-em-buraco-de-obras-na-rua-sao-jose-em-ribeirao-preto-moradores-relatam-transtornos\/","url_meta":{"origin":91199,"position":5},"title":"Homem Cai em Buraco de Obras na Rua S\u00e3o Jos\u00e9 em Ribeir\u00e3o Preto: Moradores Relatam Transtornos","author":"noticiasribeiraopreto.com.br","date":"14 de February de 2025","format":false,"excerpt":"Um incidente na Rua S\u00e3o Jos\u00e9, em Ribeir\u00e3o Preto, levantou preocupa\u00e7\u00f5es sobre a seguran\u00e7a das obras inacabadas na regi\u00e3o. Na \u00faltima quarta-feira, um homem caiu em um buraco aberto por equipes de obras municipais, o que gerou indigna\u00e7\u00e3o e revolta entre os moradores do local. De acordo com testemunhas, a\u2026","rel":"","context":"In &quot;Not\u00edcias de Ribeir\u00e3o Preto-SP e Regi\u00e3o&quot;","block_context":{"text":"Not\u00edcias de Ribeir\u00e3o Preto-SP e Regi\u00e3o","link":"https:\/\/noticiasribeiraopreto.com.br\/index.php\/category\/noticias-de-ribeirao-preto-sp-e-regiao-ismael-colosi\/"},"img":{"alt_text":"","src":"https:\/\/i0.wp.com\/noticiasribeiraopreto.com.br\/wp-content\/uploads\/2025\/02\/bloqueio_barao_do_amazonas_-_foto_fernando_gonzaga.jpg?fit=1000%2C667&ssl=1&resize=350%2C200","width":350,"height":200,"srcset":"https:\/\/i0.wp.com\/noticiasribeiraopreto.com.br\/wp-content\/uploads\/2025\/02\/bloqueio_barao_do_amazonas_-_foto_fernando_gonzaga.jpg?fit=1000%2C667&ssl=1&resize=350%2C200 1x, https:\/\/i0.wp.com\/noticiasribeiraopreto.com.br\/wp-content\/uploads\/2025\/02\/bloqueio_barao_do_amazonas_-_foto_fernando_gonzaga.jpg?fit=1000%2C667&ssl=1&resize=525%2C300 1.5x, https:\/\/i0.wp.com\/noticiasribeiraopreto.com.br\/wp-content\/uploads\/2025\/02\/bloqueio_barao_do_amazonas_-_foto_fernando_gonzaga.jpg?fit=1000%2C667&ssl=1&resize=700%2C400 2x"},"classes":[]}],"jetpack_sharing_enabled":true,"jetpack_shortlink":"https:\/\/wp.me\/peQAOb-nIX","jetpack_featured_media_url":"https:\/\/i0.wp.com\/noticiasribeiraopreto.com.br\/wp-content\/uploads\/2026\/09\/agua-ipiranga-2.jpg?fit=1200%2C675&ssl=1","_links":{"self":[{"href":"https:\/\/noticiasribeiraopreto.com.br\/index.php\/wp-json\/wp\/v2\/posts\/91199","targetHints":{"allow":["GET"]}}],"collection":[{"href":"https:\/\/noticiasribeiraopreto.com.br\/index.php\/wp-json\/wp\/v2\/posts"}],"about":[{"href":"https:\/\/noticiasribeiraopreto.com.br\/index.php\/wp-json\/wp\/v2\/types\/post"}],"author":[{"embeddable":true,"href":"https:\/\/noticiasribeiraopreto.com.br\/index.php\/wp-json\/wp\/v2\/users\/1"}],"replies":[{"embeddable":true,"href":"https:\/\/noticiasribeiraopreto.com.br\/index.php\/wp-json\/wp\/v2\/comments?post=91199"}],"version-history":[{"count":0,"href":"https:\/\/noticiasribeiraopreto.com.br\/index.php\/wp-json\/wp\/v2\/posts\/91199\/revisions"}],"wp:featuredmedia":[{"embeddable":true,"href":"https:\/\/noticiasribeiraopreto.com.br\/index.php\/wp-json\/wp\/v2\/media\/91200"}],"wp:attachment":[{"href":"https:\/\/noticiasribeiraopreto.com.br\/index.php\/wp-json\/wp\/v2\/media?parent=91199"}],"wp:term":[{"taxonomy":"category","embeddable":true,"href":"https:\/\/noticiasribeiraopreto.com.br\/index.php\/wp-json\/wp\/v2\/categories?post=91199"},{"taxonomy":"post_tag","embeddable":true,"href":"https:\/\/noticiasribeiraopreto.com.br\/index.php\/wp-json\/wp\/v2\/tags?post=91199"}],"curies":[{"name":"wp","href":"https:\/\/api.w.org\/{rel}","templated":true}]}}