{"id":91201,"date":"2026-09-06T12:48:43","date_gmt":"2026-09-06T15:48:43","guid":{"rendered":"https:\/\/noticiasribeiraopreto.com.br\/index.php\/2026\/09\/06\/homem-morre-apos-embarcacao-virar-em-rio-do-interior-de-sp\/"},"modified":"2026-09-06T12:48:43","modified_gmt":"2026-09-06T15:48:43","slug":"homem-morre-apos-embarcacao-virar-em-rio-do-interior-de-sp","status":"publish","type":"post","link":"https:\/\/noticiasribeiraopreto.com.br\/index.php\/2026\/09\/06\/homem-morre-apos-embarcacao-virar-em-rio-do-interior-de-sp\/","title":{"rendered":"Homem morre ap\u00f3s embarca\u00e7\u00e3o virar em rio do interior de SP"},"content":{"rendered":"<div class='code-block code-block-1' style='margin: 8px 0 8px auto; text-align: right; display: block; clear: both;'>\n<p><a href=\"https:\/\/wa.link\/vpicfd\"><img data-recalc-dims=\"1\" class=\"wp-image-4922\" style=\"aspect-ratio: 2.0253164556962027; width: 561px; height: auto;\" src=\"https:\/\/i0.wp.com\/ismaelcolosi.com.br\/wp-content\/uploads\/2023\/11\/grupo-de-empregos-whatsapp-e-facebook-ismael-colosi-vagas.jpg?ssl=1\" alt=\"\" \/><\/a><\/p>\n<!-- \/wp:image -->\n<\/div>\n<p> <br \/>\n<\/p>\n<p>Paulo S\u00e9rgio Gon\u00e7alves Beirigo, de 56 anos, <strong>morreu ap\u00f3s a embarca\u00e7\u00e3o em que estava virar no Rio Sapuca\u00ed<\/strong>, na regi\u00e3o de S\u00e3o Joaquim da Barra, no interior de S\u00e3o Paulo, na noite deste s\u00e1bado (5). Ele morava no distrito de Pioneiros, em Guar\u00e1. <\/p>\n<div class=\"wp-block-image\">\n<figure class=\"aligncenter size-large\"><figcaption class=\"wp-element-caption\">Foto: GCM de Rifaina<\/figcaption><\/figure>\n<\/div>\n<p class=\"has-text-align-center has-small-font-size\"><em>Receba not\u00edcias do\u00a0<strong>acidade on Ribeir\u00e3o\u00a0<\/strong>no WhatsApp e fique por dentro de tudo! Basta acessar o link<a href=\"https:\/\/chat.whatsapp.com\/DfXwcjKVIddHUT3BvnQuPZ?mode=hqctshi\" target=\"_blank\" rel=\"noreferrer noopener\">\u00a0aqui<\/a>!<\/em><\/p>\n<h2 class=\"wp-block-heading\">Embarca\u00e7\u00e3o virou durante chuva<\/h2>\n<p>O acidente aconteceu por volta das 19h, pr\u00f3ximo \u00e0 ponte da rodovia Anhanguera. Tr\u00eas homens estavam na embarca\u00e7\u00e3o quando ela virou.<\/p>\n<p>Segundo a Pol\u00edcia Civil de S\u00e3o Joaquim da Barra, dois ocupantes conseguiram nadar at\u00e9 a margem. Paulo S\u00e9rgio, por\u00e9m, desapareceu nas \u00e1guas do rio.<\/p>\n<p>No momento do acidente, chovia forte e havia ventos intensos na regi\u00e3o.<\/p>\n<div class=\"wp-block-image\">\n<figure class=\"aligncenter size-large\"><img data-recalc-dims=\"1\" loading=\"lazy\" decoding=\"async\" width=\"1024\" height=\"768\" src=\"https:\/\/i0.wp.com\/www.acidadeon.com\/ribeiraopreto\/wp-content\/uploads\/sites\/3\/2026\/09\/WhatsApp-Image-2026-09-05-at-22.14.02-1024x768.jpeg?resize=1024%2C768&#038;ssl=1\" alt=\"WhatsApp Image 2026 09 05 at 22.14.02\" class=\"wp-image-173912\" title=\"Homem morre ap\u00f3s embarca\u00e7\u00e3o virar em rio do interior de SP 2\"><figcaption class=\"wp-element-caption\">Foto: GCM de Rifaina<\/figcaption><\/figure>\n<\/div>\n<h2 class=\"wp-block-heading\">Corpo foi localizado por pescadores<\/h2>\n<p>Equipes do Corpo de Bombeiros de Orl\u00e2ndia iniciaram as buscas pelo homem. Por volta das 21h, pescadores de S\u00e3o Joaquim da Barra, com a ajuda de amigos e conhecidos da fam\u00edlia, localizaram o corpo a poucos metros do local onde a embarca\u00e7\u00e3o havia virado.<\/p>\n<p>O corpo foi encaminhado ao Instituto M\u00e9dico-Legal (IML).<\/p>\n<div class=\"wp-block-image\">\n<figure class=\"aligncenter size-large\"><img data-recalc-dims=\"1\" loading=\"lazy\" decoding=\"async\" width=\"1024\" height=\"768\" src=\"https:\/\/i0.wp.com\/www.acidadeon.com\/ribeiraopreto\/wp-content\/uploads\/sites\/3\/2026\/09\/WhatsApp-Image-2026-09-05-at-22.14.01-1024x768.jpeg?resize=1024%2C768&#038;ssl=1\" alt=\"embarca\u00e7\u00e3o\" class=\"wp-image-173915\" title=\"Homem morre ap\u00f3s embarca\u00e7\u00e3o virar em rio do interior de SP 3\"><figcaption class=\"wp-element-caption\">Foto: GCM de Rifaina<\/figcaption><\/figure>\n<\/div>\n<p class=\"has-text-align-center has-small-font-size\"><em>Fa\u00e7a uma den\u00fancia ou sugira uma reportagem sobre\u00a0<strong>Ribeir\u00e3o Preto\u00a0<\/strong>e regi\u00e3o por meio do WhatsApp do\u00a0<strong>acidade on Ribeir\u00e3o<\/strong>: (16) 99117-7802.<\/em><\/p>\n<hr class=\"wp-block-separator has-alpha-channel-opacity\">\n<p>O post Homem morre ap\u00f3s embarca\u00e7\u00e3o virar em rio do interior de SP apareceu primeiro em ACidade ON Ribeir\u00e3o Preto.<\/p>\n<p><br \/>\n<br \/><a href=\"https:\/\/www.acidadeon.com\/ribeiraopreto\/cotidiano\/homem-morre-apos-embarcacao-virar-em-rio-do-interior-de-sp\/\">Link para o texto original aqui <\/a><\/p>\n<!-- CONTENT END 1 -->\n","protected":false},"excerpt":{"rendered":"<p>Paulo S\u00e9rgio Gon\u00e7alves Beirigo, de 56 anos, morreu ap\u00f3s a embarca\u00e7\u00e3o em que estava virar no Rio Sapuca\u00ed, na regi\u00e3o de S\u00e3o Joaquim da Barra,&#8230;<\/p>\n","protected":false},"author":1,"featured_media":91202,"comment_status":"","ping_status":"","sticky":false,"template":"","format":"standard","meta":{"advanced_seo_description":"","jetpack_seo_html_title":"","jetpack_seo_noindex":false,"jetpack_seo_schema_type":"","_jetpack_newsletter_access":"","_jetpack_dont_email_post_to_subs":false,"_jetpack_newsletter_tier_id":0,"_jetpack_memberships_contains_paywalled_content":false,"_jetpack_feature_clip_id":0,"_jetpack_memberships_contains_paid_content":false,"footnotes":"","jetpack_publicize_message":"","jetpack_publicize_feature_enabled":true,"jetpack_social_post_already_shared":true,"jetpack_social_options":{"image_generator_settings":{"template":"highway","default_image_id":0,"font":"","enabled":false},"version":2},"jetpack_post_was_ever_published":false},"categories":[11],"tags":[37,8963,8964,59,237,271,1181,3882],"class_list":["post-91201","post","type-post","status-publish","format-standard","has-post-thumbnail","hentry","category-noticias-de-ribeirao-preto-sp-e-regiao-ismael-colosi","tag-apos","tag-embarca","tag-embarcacao","tag-homem","tag-interior","tag-morre","tag-rio","tag-virar"],"jetpack_publicize_connections":[],"jetpack-related-posts":[{"id":58521,"url":"https:\/\/noticiasribeiraopreto.com.br\/index.php\/2024\/09\/29\/moradora-da-regiao-de-ribeirao-desaparece-apos-embarcacao-virar-no-rio-grande\/","url_meta":{"origin":91201,"position":0},"title":"Moradora da regi\u00e3o de Ribeir\u00e3o desaparece ap\u00f3s embarca\u00e7\u00e3o virar no rio Grande","author":"noticiasribeiraopreto.com.br","date":"29 de September de 2024","format":false,"excerpt":"Uma moradora de Franca, cidade na regi\u00e3o de Ribeir\u00e3o Preto, desapareceu ap\u00f3s a embarca\u00e7\u00e3o em que ela estava virar no rio Grande, entre os munic\u00edpios de Claraval e Ibiraci, em Minas Gerais, na tarde deste s\u00e1bado (28). De acordo com as informa\u00e7\u00f5es do Corpo de Bombeiros de Sacramento-MG, a mulher\u2026","rel":"","context":"In &quot;Not\u00edcias de Ribeir\u00e3o Preto-SP e Regi\u00e3o&quot;","block_context":{"text":"Not\u00edcias de Ribeir\u00e3o Preto-SP e Regi\u00e3o","link":"https:\/\/noticiasribeiraopreto.com.br\/index.php\/category\/noticias-de-ribeirao-preto-sp-e-regiao-ismael-colosi\/"},"img":{"alt_text":"","src":"https:\/\/i0.wp.com\/noticiasribeiraopreto.com.br\/wp-content\/uploads\/2024\/09\/Copia-de-Copia-de-Copia-de-TAMANHO-EXATO-PARA-FOTOS-NO-SISTEMA-NOVO-81_2024-09-29_20-50-40_png_2024-09-29_20-50-41.webp.webp?fit=1200%2C675&ssl=1&resize=350%2C200","width":350,"height":200,"srcset":"https:\/\/i0.wp.com\/noticiasribeiraopreto.com.br\/wp-content\/uploads\/2024\/09\/Copia-de-Copia-de-Copia-de-TAMANHO-EXATO-PARA-FOTOS-NO-SISTEMA-NOVO-81_2024-09-29_20-50-40_png_2024-09-29_20-50-41.webp.webp?fit=1200%2C675&ssl=1&resize=350%2C200 1x, https:\/\/i0.wp.com\/noticiasribeiraopreto.com.br\/wp-content\/uploads\/2024\/09\/Copia-de-Copia-de-Copia-de-TAMANHO-EXATO-PARA-FOTOS-NO-SISTEMA-NOVO-81_2024-09-29_20-50-40_png_2024-09-29_20-50-41.webp.webp?fit=1200%2C675&ssl=1&resize=525%2C300 1.5x, https:\/\/i0.wp.com\/noticiasribeiraopreto.com.br\/wp-content\/uploads\/2024\/09\/Copia-de-Copia-de-Copia-de-TAMANHO-EXATO-PARA-FOTOS-NO-SISTEMA-NOVO-81_2024-09-29_20-50-40_png_2024-09-29_20-50-41.webp.webp?fit=1200%2C675&ssl=1&resize=700%2C400 2x, https:\/\/i0.wp.com\/noticiasribeiraopreto.com.br\/wp-content\/uploads\/2024\/09\/Copia-de-Copia-de-Copia-de-TAMANHO-EXATO-PARA-FOTOS-NO-SISTEMA-NOVO-81_2024-09-29_20-50-40_png_2024-09-29_20-50-41.webp.webp?fit=1200%2C675&ssl=1&resize=1050%2C600 3x"},"classes":[]},{"id":64470,"url":"https:\/\/noticiasribeiraopreto.com.br\/index.php\/2025\/03\/08\/corpo-de-pescador-que-caiu-em-rio-apos-barco-virar-e-encontrado-no-interior-de-sp\/","url_meta":{"origin":91201,"position":1},"title":"Corpo de pescador que caiu em rio ap\u00f3s barco virar \u00e9 encontrado no interior de SP","author":"noticiasribeiraopreto.com.br","date":"8 de March de 2025","format":false,"excerpt":"O corpo de um pescador que caiu no rio Mogi-Gua\u00e7u, ap\u00f3s um barco virar na \u00faltima ter\u00e7a-feira (4), em Rinc\u00e3o (SP), na regi\u00e3o de S\u00e3o Carlos, foi localizado a 15 quil\u00f4metros do local, na noite desta sexta-feira (7). Renan Fiochi Lima era morador de S\u00e3o Carlos e pescava com um\u2026","rel":"","context":"In &quot;Not\u00edcias de Ribeir\u00e3o Preto-SP e Regi\u00e3o&quot;","block_context":{"text":"Not\u00edcias de Ribeir\u00e3o Preto-SP e Regi\u00e3o","link":"https:\/\/noticiasribeiraopreto.com.br\/index.php\/category\/noticias-de-ribeirao-preto-sp-e-regiao-ismael-colosi\/"},"img":{"alt_text":"","src":"https:\/\/i0.wp.com\/noticiasribeiraopreto.com.br\/wp-content\/uploads\/2025\/03\/PESCADOR_2025-03-08_17-58-47_jpg_2025-03-08_17-58-48.webp.webp?fit=1200%2C727&ssl=1&resize=350%2C200","width":350,"height":200,"srcset":"https:\/\/i0.wp.com\/noticiasribeiraopreto.com.br\/wp-content\/uploads\/2025\/03\/PESCADOR_2025-03-08_17-58-47_jpg_2025-03-08_17-58-48.webp.webp?fit=1200%2C727&ssl=1&resize=350%2C200 1x, https:\/\/i0.wp.com\/noticiasribeiraopreto.com.br\/wp-content\/uploads\/2025\/03\/PESCADOR_2025-03-08_17-58-47_jpg_2025-03-08_17-58-48.webp.webp?fit=1200%2C727&ssl=1&resize=525%2C300 1.5x, https:\/\/i0.wp.com\/noticiasribeiraopreto.com.br\/wp-content\/uploads\/2025\/03\/PESCADOR_2025-03-08_17-58-47_jpg_2025-03-08_17-58-48.webp.webp?fit=1200%2C727&ssl=1&resize=700%2C400 2x, https:\/\/i0.wp.com\/noticiasribeiraopreto.com.br\/wp-content\/uploads\/2025\/03\/PESCADOR_2025-03-08_17-58-47_jpg_2025-03-08_17-58-48.webp.webp?fit=1200%2C727&ssl=1&resize=1050%2C600 3x"},"classes":[]},{"id":25598,"url":"https:\/\/noticiasribeiraopreto.com.br\/index.php\/2024\/01\/07\/quem-era-a-mulher-que-perdeu-a-vida-apos-onda-virar-bote-com-turistas-no-litoral-de-sp\/","url_meta":{"origin":91201,"position":2},"title":"Quem era a mulher que perdeu a vida ap\u00f3s onda virar bote com turistas no litoral de SP","author":"noticiasribeiraopreto.com.br","date":"7 de January de 2024","format":false,"excerpt":"Uma mulher de 30 anos perdeu a vida por afogamento quando o barco em que ela estava com dois homens virou nas \u00e1guas pr\u00f3ximas \u00e0 entrada da Praia da Boca da Barra, na cidade de Itanha\u00e9m, localizado no litoral do estado de S\u00e3o Paulo.De acordo com informa\u00e7\u00f5es do Grupamento de\u2026","rel":"","context":"In &quot;Blog&quot;","block_context":{"text":"Blog","link":"https:\/\/noticiasribeiraopreto.com.br\/index.php\/category\/blog\/"},"img":{"alt_text":"","src":"https:\/\/i0.wp.com\/noticiasribeiraopreto.com.br\/wp-content\/uploads\/2024\/01\/postimg-659b4146e1e7e7540.jpg?fit=1200%2C628&ssl=1&resize=350%2C200","width":350,"height":200,"srcset":"https:\/\/i0.wp.com\/noticiasribeiraopreto.com.br\/wp-content\/uploads\/2024\/01\/postimg-659b4146e1e7e7540.jpg?fit=1200%2C628&ssl=1&resize=350%2C200 1x, https:\/\/i0.wp.com\/noticiasribeiraopreto.com.br\/wp-content\/uploads\/2024\/01\/postimg-659b4146e1e7e7540.jpg?fit=1200%2C628&ssl=1&resize=525%2C300 1.5x, https:\/\/i0.wp.com\/noticiasribeiraopreto.com.br\/wp-content\/uploads\/2024\/01\/postimg-659b4146e1e7e7540.jpg?fit=1200%2C628&ssl=1&resize=700%2C400 2x, https:\/\/i0.wp.com\/noticiasribeiraopreto.com.br\/wp-content\/uploads\/2024\/01\/postimg-659b4146e1e7e7540.jpg?fit=1200%2C628&ssl=1&resize=1050%2C600 3x"},"classes":[]},{"id":82691,"url":"https:\/\/noticiasribeiraopreto.com.br\/index.php\/2026\/02\/23\/video-mostra-resgate-das-vitimas-de-acidente-com-lancha-no-rio-grande\/","url_meta":{"origin":91201,"position":3},"title":"V\u00eddeo mostra resgate das v\u00edtimas de acidente com lancha no rio Grande","author":"noticiasribeiraopreto.com.br","date":"23 de February de 2026","format":false,"excerpt":"O momento do resgate das v\u00edtimas da lancha que se envolveu em um acidente na represa do rio Grande, entre Rifaina, no interior de S\u00e3o Paulo, e Sacramento-MG, foi registrado por uma pessoa que estava no local. O acidente aconteceu na noite de s\u00e1bado (21), sendo que seis pessoas perderam\u2026","rel":"","context":"In &quot;Not\u00edcias de Ribeir\u00e3o Preto-SP e Regi\u00e3o&quot;","block_context":{"text":"Not\u00edcias de Ribeir\u00e3o Preto-SP e Regi\u00e3o","link":"https:\/\/noticiasribeiraopreto.com.br\/index.php\/category\/noticias-de-ribeirao-preto-sp-e-regiao-ismael-colosi\/"},"img":{"alt_text":"","src":"https:\/\/i0.wp.com\/noticiasribeiraopreto.com.br\/wp-content\/uploads\/2026\/02\/resgate_2026-02-22_14-17-20.webp.webp?fit=1200%2C674&ssl=1&resize=350%2C200","width":350,"height":200,"srcset":"https:\/\/i0.wp.com\/noticiasribeiraopreto.com.br\/wp-content\/uploads\/2026\/02\/resgate_2026-02-22_14-17-20.webp.webp?fit=1200%2C674&ssl=1&resize=350%2C200 1x, https:\/\/i0.wp.com\/noticiasribeiraopreto.com.br\/wp-content\/uploads\/2026\/02\/resgate_2026-02-22_14-17-20.webp.webp?fit=1200%2C674&ssl=1&resize=525%2C300 1.5x, https:\/\/i0.wp.com\/noticiasribeiraopreto.com.br\/wp-content\/uploads\/2026\/02\/resgate_2026-02-22_14-17-20.webp.webp?fit=1200%2C674&ssl=1&resize=700%2C400 2x, https:\/\/i0.wp.com\/noticiasribeiraopreto.com.br\/wp-content\/uploads\/2026\/02\/resgate_2026-02-22_14-17-20.webp.webp?fit=1200%2C674&ssl=1&resize=1050%2C600 3x"},"classes":[]},{"id":84890,"url":"https:\/\/noticiasribeiraopreto.com.br\/index.php\/2026\/04\/17\/veja-o-que-a-policia-civil-concluiu-na-investigacao-do-acidente-com-lancha-que-deixou-seis-mortos\/","url_meta":{"origin":91201,"position":4},"title":"Veja o que a Pol\u00edcia Civil concluiu na investiga\u00e7\u00e3o do acidente com lancha que deixou seis mortos","author":"noticiasribeiraopreto.com.br","date":"17 de April de 2026","format":false,"excerpt":"Ler o resumo da not\u00edcia A Pol\u00edcia Civil de Minas Gerais encerrou o inqu\u00e9rito sobre a lancha que tombou na represa do rio Grande na noite de 21\/02, entre Rifaina (SP) e Sacramento (MG). O piloto, Wesley Carlos da Silva, 45, conduzia a embarca\u00e7\u00e3o sem habilita\u00e7\u00e3o e com documenta\u00e7\u00e3o irregular,\u2026","rel":"","context":"In &quot;Not\u00edcias de Ribeir\u00e3o Preto-SP e Regi\u00e3o&quot;","block_context":{"text":"Not\u00edcias de Ribeir\u00e3o Preto-SP e Regi\u00e3o","link":"https:\/\/noticiasribeiraopreto.com.br\/index.php\/category\/noticias-de-ribeirao-preto-sp-e-regiao-ismael-colosi\/"},"img":{"alt_text":"","src":"https:\/\/i0.wp.com\/noticiasribeiraopreto.com.br\/wp-content\/uploads\/2026\/04\/acidente-rifaina_2026-02-22_12-20-48.webp.webp?fit=1200%2C670&ssl=1&resize=350%2C200","width":350,"height":200,"srcset":"https:\/\/i0.wp.com\/noticiasribeiraopreto.com.br\/wp-content\/uploads\/2026\/04\/acidente-rifaina_2026-02-22_12-20-48.webp.webp?fit=1200%2C670&ssl=1&resize=350%2C200 1x, https:\/\/i0.wp.com\/noticiasribeiraopreto.com.br\/wp-content\/uploads\/2026\/04\/acidente-rifaina_2026-02-22_12-20-48.webp.webp?fit=1200%2C670&ssl=1&resize=525%2C300 1.5x, https:\/\/i0.wp.com\/noticiasribeiraopreto.com.br\/wp-content\/uploads\/2026\/04\/acidente-rifaina_2026-02-22_12-20-48.webp.webp?fit=1200%2C670&ssl=1&resize=700%2C400 2x, https:\/\/i0.wp.com\/noticiasribeiraopreto.com.br\/wp-content\/uploads\/2026\/04\/acidente-rifaina_2026-02-22_12-20-48.webp.webp?fit=1200%2C670&ssl=1&resize=1050%2C600 3x"},"classes":[]},{"id":58523,"url":"https:\/\/noticiasribeiraopreto.com.br\/index.php\/2024\/09\/29\/interior-de-sp-tem-alerta-para-nova-onda-de-calor-veja-previsao\/","url_meta":{"origin":91201,"position":5},"title":"Interior de SP tem alerta para nova onda de calor; Veja previs\u00e3o","author":"noticiasribeiraopreto.com.br","date":"29 de September de 2024","format":false,"excerpt":"O ar quente e seco volta a ganhar for\u00e7a no interior de S\u00e3o Paulo a partir deste domingo (29), dando in\u00edcio a oitava onda de calor na regi\u00e3o, de acordo com a Climatempo. Conforme a previs\u00e3o do servi\u00e7o de meteorologia, nos pr\u00f3ximos dias podemos esperar qualidade do ar comprometida, potencial\u2026","rel":"","context":"In &quot;Not\u00edcias de Ribeir\u00e3o Preto-SP e Regi\u00e3o&quot;","block_context":{"text":"Not\u00edcias de Ribeir\u00e3o Preto-SP e Regi\u00e3o","link":"https:\/\/noticiasribeiraopreto.com.br\/index.php\/category\/noticias-de-ribeirao-preto-sp-e-regiao-ismael-colosi\/"},"img":{"alt_text":"","src":"https:\/\/i0.wp.com\/noticiasribeiraopreto.com.br\/wp-content\/uploads\/2024\/09\/20230916_171444.jpg?fit=1200%2C716&ssl=1&resize=350%2C200","width":350,"height":200,"srcset":"https:\/\/i0.wp.com\/noticiasribeiraopreto.com.br\/wp-content\/uploads\/2024\/09\/20230916_171444.jpg?fit=1200%2C716&ssl=1&resize=350%2C200 1x, https:\/\/i0.wp.com\/noticiasribeiraopreto.com.br\/wp-content\/uploads\/2024\/09\/20230916_171444.jpg?fit=1200%2C716&ssl=1&resize=525%2C300 1.5x, https:\/\/i0.wp.com\/noticiasribeiraopreto.com.br\/wp-content\/uploads\/2024\/09\/20230916_171444.jpg?fit=1200%2C716&ssl=1&resize=700%2C400 2x, https:\/\/i0.wp.com\/noticiasribeiraopreto.com.br\/wp-content\/uploads\/2024\/09\/20230916_171444.jpg?fit=1200%2C716&ssl=1&resize=1050%2C600 3x"},"classes":[]}],"jetpack_sharing_enabled":true,"jetpack_shortlink":"https:\/\/wp.me\/peQAOb-nIZ","jetpack_featured_media_url":"https:\/\/i0.wp.com\/noticiasribeiraopreto.com.br\/wp-content\/uploads\/2026\/09\/WhatsApp-Image-2026-09-05-at-22.14.00-1024x768.jpeg?fit=1024%2C768&ssl=1","_links":{"self":[{"href":"https:\/\/noticiasribeiraopreto.com.br\/index.php\/wp-json\/wp\/v2\/posts\/91201","targetHints":{"allow":["GET"]}}],"collection":[{"href":"https:\/\/noticiasribeiraopreto.com.br\/index.php\/wp-json\/wp\/v2\/posts"}],"about":[{"href":"https:\/\/noticiasribeiraopreto.com.br\/index.php\/wp-json\/wp\/v2\/types\/post"}],"author":[{"embeddable":true,"href":"https:\/\/noticiasribeiraopreto.com.br\/index.php\/wp-json\/wp\/v2\/users\/1"}],"replies":[{"embeddable":true,"href":"https:\/\/noticiasribeiraopreto.com.br\/index.php\/wp-json\/wp\/v2\/comments?post=91201"}],"version-history":[{"count":0,"href":"https:\/\/noticiasribeiraopreto.com.br\/index.php\/wp-json\/wp\/v2\/posts\/91201\/revisions"}],"wp:featuredmedia":[{"embeddable":true,"href":"https:\/\/noticiasribeiraopreto.com.br\/index.php\/wp-json\/wp\/v2\/media\/91202"}],"wp:attachment":[{"href":"https:\/\/noticiasribeiraopreto.com.br\/index.php\/wp-json\/wp\/v2\/media?parent=91201"}],"wp:term":[{"taxonomy":"category","embeddable":true,"href":"https:\/\/noticiasribeiraopreto.com.br\/index.php\/wp-json\/wp\/v2\/categories?post=91201"},{"taxonomy":"post_tag","embeddable":true,"href":"https:\/\/noticiasribeiraopreto.com.br\/index.php\/wp-json\/wp\/v2\/tags?post=91201"}],"curies":[{"name":"wp","href":"https:\/\/api.w.org\/{rel}","templated":true}]}}