{"id":91205,"date":"2026-09-06T15:23:15","date_gmt":"2026-09-06T18:23:15","guid":{"rendered":"https:\/\/noticiasribeiraopreto.com.br\/index.php\/2026\/09\/06\/inscricoes-para-creches-e-pre-escolas-de-ribeirao-preto-sao-prorrogadas-veja-ate-quando\/"},"modified":"2026-09-06T15:23:15","modified_gmt":"2026-09-06T18:23:15","slug":"inscricoes-para-creches-e-pre-escolas-de-ribeirao-preto-sao-prorrogadas-veja-ate-quando","status":"publish","type":"post","link":"https:\/\/noticiasribeiraopreto.com.br\/index.php\/2026\/09\/06\/inscricoes-para-creches-e-pre-escolas-de-ribeirao-preto-sao-prorrogadas-veja-ate-quando\/","title":{"rendered":"Inscri\u00e7\u00f5es para creches e pr\u00e9-escolas de Ribeir\u00e3o Preto s\u00e3o prorrogadas; veja at\u00e9 quando"},"content":{"rendered":"<div class='code-block code-block-1' style='margin: 8px 0 8px auto; text-align: right; display: block; clear: both;'>\n<p><a href=\"https:\/\/wa.link\/vpicfd\"><img data-recalc-dims=\"1\" class=\"wp-image-4922\" style=\"aspect-ratio: 2.0253164556962027; width: 561px; height: auto;\" src=\"https:\/\/i0.wp.com\/ismaelcolosi.com.br\/wp-content\/uploads\/2023\/11\/grupo-de-empregos-whatsapp-e-facebook-ismael-colosi-vagas.jpg?ssl=1\" alt=\"\" \/><\/a><\/p>\n<!-- \/wp:image -->\n<\/div>\n<p> <br \/>\n<\/p>\n<p>A <strong>Secretaria da Educa\u00e7\u00e3o de Ribeir\u00e3o Preto<\/strong> prorrogou at\u00e9 a pr\u00f3xima quarta-feira (9) o prazo para inscri\u00e7\u00f5es e renova\u00e7\u00f5es de <strong>cadastro para creches e pr\u00e9-escolas da rede municipal de ensino para o ano letivo de 2027.<\/strong> O procedimento \u00e9 destinado a crian\u00e7as de 0 a 5 anos.<\/p>\n<p>As fam\u00edlias que fizeram o cadastro neste ano, mas ainda n\u00e3o conseguiram uma vaga, tamb\u00e9m precisam renovar a inscri\u00e7\u00e3o dentro do novo prazo. A atualiza\u00e7\u00e3o \u00e9 necess\u00e1ria para manter a crian\u00e7a na fila de espera.<\/p>\n<div class=\"wp-block-image\">\n<figure class=\"aligncenter size-large\"><figcaption class=\"wp-element-caption\"> Foto: Alexandre Azevedo\/ Prefeitura de Ribeir\u00e3o Preto.<\/figcaption><\/figure>\n<\/div>\n<p class=\"has-text-align-center has-small-font-size\"><em>Receba not\u00edcias do\u00a0<strong>acidade on Ribeir\u00e3o\u00a0<\/strong>no WhatsApp e fique por dentro de tudo! Basta acessar o link<a href=\"https:\/\/chat.whatsapp.com\/DfXwcjKVIddHUT3BvnQuPZ?mode=hqctshi\" target=\"_blank\" rel=\"noreferrer noopener\">\u00a0aqui<\/a>!<\/em><\/p>\n<h2 class=\"wp-block-heading\">Como fazer a inscri\u00e7\u00e3o?<\/h2>\n<p>O cadastro pode ser realizado presencialmente em qualquer escola municipal, no Poupatempo ou pela internet, por meio do portal da Secretaria da Educa\u00e7\u00e3o.<\/p>\n<p>Para fazer a solicita\u00e7\u00e3o, os pais ou respons\u00e1veis legais devem apresentar:<\/p>\n<ul class=\"wp-block-list\">\n<li>certid\u00e3o de nascimento da crian\u00e7a;<\/li>\n<li>comprovante de endere\u00e7o atualizado;<\/li>\n<li>telefone para contato.<\/li>\n<\/ul>\n<div class=\"wp-block-image\">\n<figure class=\"aligncenter size-large\"><img data-recalc-dims=\"1\" loading=\"lazy\" decoding=\"async\" width=\"1024\" height=\"682\" src=\"https:\/\/i0.wp.com\/www.acidadeon.com\/ribeiraopreto\/wp-content\/uploads\/sites\/3\/2026\/01\/creche-1_2026-01-08_20-29-40-1024x682.webp?resize=1024%2C682&#038;ssl=1\" alt=\"Inscri\u00e7\u00f5es para Educa\u00e7\u00e3o Infantil de 2027 come\u00e7am na quarta-feira - Foto: Alexandre Azevedo\/ Prefeitura de Ribeir\u00e3o Preto.\" class=\"wp-image-141615\" title=\"Inscri\u00e7\u00f5es para creches e pr\u00e9-escolas de Ribeir\u00e3o Preto s\u00e3o prorrogadas; veja at\u00e9 quando 2\"><figcaption class=\"wp-element-caption\"> Foto: Alexandre Azevedo\/ Prefeitura de Ribeir\u00e3o Preto.<\/figcaption><\/figure>\n<\/div>\n<h2 class=\"wp-block-heading\">Sistema indica escolas pr\u00f3ximas da resid\u00eancia<\/h2>\n<p>O sistema de inscri\u00e7\u00e3o \u00e9 informatizado e utiliza a geolocaliza\u00e7\u00e3o para indicar automaticamente at\u00e9 tr\u00eas escolas pr\u00f3ximas ao endere\u00e7o informado pela fam\u00edlia.<\/p>\n<p>Al\u00e9m das unidades indicadas pelo sistema, os respons\u00e1veis podem incluir outras escolas localizadas em um raio de at\u00e9 2 quil\u00f4metros da resid\u00eancia.<\/p>\n<div class=\"wp-block-image\">\n<figure class=\"aligncenter size-large\"><img data-recalc-dims=\"1\" loading=\"lazy\" decoding=\"async\" width=\"1024\" height=\"682\" src=\"https:\/\/i0.wp.com\/www.acidadeon.com\/ribeiraopreto\/wp-content\/uploads\/sites\/3\/2025\/07\/a.ok_.educacao_volta_as_aulas_2025_-_foto_guilherme_sircili_18_2025-07-27_20-59-52-1024x682.webp?resize=1024%2C682&#038;ssl=1\" alt=\"alunos\" class=\"wp-image-123992\" title=\"Inscri\u00e7\u00f5es para creches e pr\u00e9-escolas de Ribeir\u00e3o Preto s\u00e3o prorrogadas; veja at\u00e9 quando 3\"><figcaption class=\"wp-element-caption\">Foto: Guilherme Sircili<\/figcaption><\/figure>\n<\/div>\n<p>Segundo a Prefeitura de Ribeir\u00e3o Preto, o modelo amplia as possibilidades de atendimento em unidades pr\u00f3ximas \u00e0 casa da fam\u00edlia.<\/p>\n<hr class=\"wp-block-separator has-alpha-channel-opacity\">\n<p class=\"has-text-align-center has-small-font-size\"><em>Fa\u00e7a uma den\u00fancia ou sugira uma reportagem sobre\u00a0<strong>Ribeir\u00e3o Preto\u00a0<\/strong>e regi\u00e3o por meio do WhatsApp do\u00a0<strong>acidade on Ribeir\u00e3o<\/strong>: (16) 99117-7802.<\/em><\/p>\n<p>O post Inscri\u00e7\u00f5es para creches e pr\u00e9-escolas de Ribeir\u00e3o Preto s\u00e3o prorrogadas; veja at\u00e9 quando apareceu primeiro em ACidade ON Ribeir\u00e3o Preto.<\/p>\n<p><br \/>\n<br \/><a href=\"https:\/\/www.acidadeon.com\/ribeiraopreto\/cotidiano\/inscricoes-para-creches-e-pre-escolas-de-ribeirao-preto-sao-prorrogadas-veja-ate-quando\/\">Link para o texto original aqui <\/a><\/p>\n<!-- CONTENT END 1 -->\n","protected":false},"excerpt":{"rendered":"<p>A Secretaria da Educa\u00e7\u00e3o de Ribeir\u00e3o Preto prorrogou at\u00e9 a pr\u00f3xima quarta-feira (9) o prazo para inscri\u00e7\u00f5es e renova\u00e7\u00f5es de cadastro para creches e pr\u00e9-escolas&#8230;<\/p>\n","protected":false},"author":1,"featured_media":91206,"comment_status":"","ping_status":"","sticky":false,"template":"","format":"standard","meta":{"advanced_seo_description":"","jetpack_seo_html_title":"","jetpack_seo_noindex":false,"jetpack_seo_schema_type":"","_jetpack_newsletter_access":"","_jetpack_dont_email_post_to_subs":false,"_jetpack_newsletter_tier_id":0,"_jetpack_memberships_contains_paywalled_content":false,"_jetpack_feature_clip_id":0,"_jetpack_memberships_contains_paid_content":false,"footnotes":"","jetpack_publicize_message":"","jetpack_publicize_feature_enabled":true,"jetpack_social_post_already_shared":true,"jetpack_social_options":{"image_generator_settings":{"template":"highway","default_image_id":0,"font":"","enabled":false},"version":2},"jetpack_post_was_ever_published":false},"categories":[11],"tags":[103,6830,8965,566,71,8966,27,6771,620,26,50,48],"class_list":["post-91205","post","type-post","status-publish","format-standard","has-post-thumbnail","hentry","category-noticias-de-ribeirao-preto-sp-e-regiao-ismael-colosi","tag-ate","tag-creches","tag-inscri","tag-inscricoes","tag-para","tag-preescolas","tag-preto","tag-prorrogadas","tag-quando","tag-ribeirao","tag-sao","tag-veja"],"jetpack_publicize_connections":[],"jetpack-related-posts":[{"id":89720,"url":"https:\/\/noticiasribeiraopreto.com.br\/index.php\/2026\/08\/10\/inscricoes-para-creches-comecam-nesta-semana-em-ribeirao-veja-como-fazer\/","url_meta":{"origin":91205,"position":0},"title":"Inscri\u00e7\u00f5es para creches come\u00e7am nesta semana em Ribeir\u00e3o; Veja como fazer","author":"noticiasribeiraopreto.com.br","date":"10 de August de 2026","format":false,"excerpt":"A Prefeitura de Ribeir\u00e3o Preto informou que come\u00e7a nesta quarta-feira (12) o per\u00edodo de inscri\u00e7\u00f5es para vagas em creches e pr\u00e9-escolas da rede municipal de ensino para o ano letivo de 2027. O prazo segue at\u00e9 4 de setembro e \u00e9 destinado a crian\u00e7as de 0 a 5 anos. O\u2026","rel":"","context":"In &quot;Not\u00edcias de Ribeir\u00e3o Preto-SP e Regi\u00e3o&quot;","block_context":{"text":"Not\u00edcias de Ribeir\u00e3o Preto-SP e Regi\u00e3o","link":"https:\/\/noticiasribeiraopreto.com.br\/index.php\/category\/noticias-de-ribeirao-preto-sp-e-regiao-ismael-colosi\/"},"img":{"alt_text":"","src":"https:\/\/i0.wp.com\/noticiasribeiraopreto.com.br\/wp-content\/uploads\/2026\/08\/m-1.jpg?fit=1200%2C675&ssl=1&resize=350%2C200","width":350,"height":200,"srcset":"https:\/\/i0.wp.com\/noticiasribeiraopreto.com.br\/wp-content\/uploads\/2026\/08\/m-1.jpg?fit=1200%2C675&ssl=1&resize=350%2C200 1x, https:\/\/i0.wp.com\/noticiasribeiraopreto.com.br\/wp-content\/uploads\/2026\/08\/m-1.jpg?fit=1200%2C675&ssl=1&resize=525%2C300 1.5x, https:\/\/i0.wp.com\/noticiasribeiraopreto.com.br\/wp-content\/uploads\/2026\/08\/m-1.jpg?fit=1200%2C675&ssl=1&resize=700%2C400 2x, https:\/\/i0.wp.com\/noticiasribeiraopreto.com.br\/wp-content\/uploads\/2026\/08\/m-1.jpg?fit=1200%2C675&ssl=1&resize=1050%2C600 3x"},"classes":[]},{"id":76145,"url":"https:\/\/noticiasribeiraopreto.com.br\/index.php\/2025\/08\/22\/ribeirao-preto-comeca-periodo-de-inscricoes-para-vagas-na-educacao-infantil\/","url_meta":{"origin":91205,"position":1},"title":"Ribeir\u00e3o Preto come\u00e7a per\u00edodo de inscri\u00e7\u00f5es para vagas na educa\u00e7\u00e3o infantil","author":"noticiasribeiraopreto.com.br","date":"22 de August de 2025","format":false,"excerpt":"A rede municipal de Educa\u00e7\u00e3o de Ribeir\u00e3o Preto come\u00e7a na pr\u00f3xima segunda-feira (25) o per\u00edodo de inscri\u00e7\u00f5es para vagas na educa\u00e7\u00e3o infantil, que segue at\u00e9 25 de setembro de 2025. \u00a0Segundo a Secretaria da Educa\u00e7\u00e3o, o processo contempla tanto novos cadastros quanto a renova\u00e7\u00e3o obrigat\u00f3ria para quem j\u00e1 fez o\u2026","rel":"","context":"In &quot;Not\u00edcias de Ribeir\u00e3o Preto-SP e Regi\u00e3o&quot;","block_context":{"text":"Not\u00edcias de Ribeir\u00e3o Preto-SP e Regi\u00e3o","link":"https:\/\/noticiasribeiraopreto.com.br\/index.php\/category\/noticias-de-ribeirao-preto-sp-e-regiao-ismael-colosi\/"},"img":{"alt_text":"","src":"https:\/\/i0.wp.com\/noticiasribeiraopreto.com.br\/wp-content\/uploads\/2025\/08\/escola_2025-08-22_19-43-04.webp.webp?fit=1198%2C673&ssl=1&resize=350%2C200","width":350,"height":200,"srcset":"https:\/\/i0.wp.com\/noticiasribeiraopreto.com.br\/wp-content\/uploads\/2025\/08\/escola_2025-08-22_19-43-04.webp.webp?fit=1198%2C673&ssl=1&resize=350%2C200 1x, https:\/\/i0.wp.com\/noticiasribeiraopreto.com.br\/wp-content\/uploads\/2025\/08\/escola_2025-08-22_19-43-04.webp.webp?fit=1198%2C673&ssl=1&resize=525%2C300 1.5x, https:\/\/i0.wp.com\/noticiasribeiraopreto.com.br\/wp-content\/uploads\/2025\/08\/escola_2025-08-22_19-43-04.webp.webp?fit=1198%2C673&ssl=1&resize=700%2C400 2x, https:\/\/i0.wp.com\/noticiasribeiraopreto.com.br\/wp-content\/uploads\/2025\/08\/escola_2025-08-22_19-43-04.webp.webp?fit=1198%2C673&ssl=1&resize=1050%2C600 3x"},"classes":[]},{"id":77751,"url":"https:\/\/noticiasribeiraopreto.com.br\/index.php\/2025\/09\/25\/educacao-de-rp-encerra-inscricoes\/","url_meta":{"origin":91205,"position":2},"title":"Educa\u00e7\u00e3o de RP \u2028encerra inscri\u00e7\u00f5es","author":"noticiasribeiraopreto.com.br","date":"25 de September de 2025","format":false,"excerpt":"25 de setembro de 2025 09:3525 de setembro de 2025 09:077 Compartilhar0 Per\u00edodo de inscri\u00e7\u00f5es termina nesta quinta-feira, 25 de setembro, para crian\u00e7as de 0 a 5 anos; quem j\u00e1 se cadastrou neste ano tamb\u00e9m precisa renovar\u2028 A prefeitura de Ribeir\u00e3o Preto encerra nesta quinta-feira, 25 de setembro, o per\u00edodo\u2026","rel":"","context":"In &quot;Not\u00edcias de Ribeir\u00e3o Preto-SP e Regi\u00e3o&quot;","block_context":{"text":"Not\u00edcias de Ribeir\u00e3o Preto-SP e Regi\u00e3o","link":"https:\/\/noticiasribeiraopreto.com.br\/index.php\/category\/noticias-de-ribeirao-preto-sp-e-regiao-ismael-colosi\/"},"img":{"alt_text":"","src":"https:\/\/i0.wp.com\/noticiasribeiraopreto.com.br\/wp-content\/uploads\/2025\/09\/AulaRP-Guilherme-Sircili-scaled.jpeg?fit=1170%2C780&ssl=1&resize=350%2C200","width":350,"height":200,"srcset":"https:\/\/i0.wp.com\/noticiasribeiraopreto.com.br\/wp-content\/uploads\/2025\/09\/AulaRP-Guilherme-Sircili-scaled.jpeg?fit=1170%2C780&ssl=1&resize=350%2C200 1x, https:\/\/i0.wp.com\/noticiasribeiraopreto.com.br\/wp-content\/uploads\/2025\/09\/AulaRP-Guilherme-Sircili-scaled.jpeg?fit=1170%2C780&ssl=1&resize=525%2C300 1.5x, https:\/\/i0.wp.com\/noticiasribeiraopreto.com.br\/wp-content\/uploads\/2025\/09\/AulaRP-Guilherme-Sircili-scaled.jpeg?fit=1170%2C780&ssl=1&resize=700%2C400 2x, https:\/\/i0.wp.com\/noticiasribeiraopreto.com.br\/wp-content\/uploads\/2025\/09\/AulaRP-Guilherme-Sircili-scaled.jpeg?fit=1170%2C780&ssl=1&resize=1050%2C600 3x"},"classes":[]},{"id":934,"url":"https:\/\/noticiasribeiraopreto.com.br\/index.php\/2023\/11\/09\/escolas-de-ribeirao-abrem-cadastro-para-atender-criancas-nas-ferias-de-janeiro-veja-como-participar\/","url_meta":{"origin":91205,"position":3},"title":"Escolas de Ribeir\u00e3o abrem cadastro para atender crian\u00e7as nas f\u00e9rias de janeiro; Veja como participar","author":"noticiasribeiraopreto.com.br","date":"9 de November de 2023","format":false,"excerpt":"A Secretaria da Educa\u00e7\u00e3o de Ribeir\u00e3o Preto anunciou, nesta quinta-feira (9), que abriu o cadastro para as escolas de educa\u00e7\u00e3o infantil que atender\u00e3o os estudantes durante as f\u00e9rias de janeiro de 2024. Ser\u00e3o 22 polos municipais, em todas as regi\u00f5es da cidade e 28 escolas conveniadas, que funcionar\u00e3o no per\u00edodo\u2026","rel":"","context":"In &quot;Not\u00edcias de Ribeir\u00e3o Preto-SP e Regi\u00e3o&quot;","block_context":{"text":"Not\u00edcias de Ribeir\u00e3o Preto-SP e Regi\u00e3o","link":"https:\/\/noticiasribeiraopreto.com.br\/index.php\/category\/noticias-de-ribeirao-preto-sp-e-regiao-ismael-colosi\/"},"img":{"alt_text":"","src":"https:\/\/i0.wp.com\/noticiasribeiraopreto.com.br\/wp-content\/uploads\/2023\/11\/escola_de_1200x675_10052022145824.jpg?fit=1200%2C675&ssl=1&resize=350%2C200","width":350,"height":200,"srcset":"https:\/\/i0.wp.com\/noticiasribeiraopreto.com.br\/wp-content\/uploads\/2023\/11\/escola_de_1200x675_10052022145824.jpg?fit=1200%2C675&ssl=1&resize=350%2C200 1x, https:\/\/i0.wp.com\/noticiasribeiraopreto.com.br\/wp-content\/uploads\/2023\/11\/escola_de_1200x675_10052022145824.jpg?fit=1200%2C675&ssl=1&resize=525%2C300 1.5x, https:\/\/i0.wp.com\/noticiasribeiraopreto.com.br\/wp-content\/uploads\/2023\/11\/escola_de_1200x675_10052022145824.jpg?fit=1200%2C675&ssl=1&resize=700%2C400 2x, https:\/\/i0.wp.com\/noticiasribeiraopreto.com.br\/wp-content\/uploads\/2023\/11\/escola_de_1200x675_10052022145824.jpg?fit=1200%2C675&ssl=1&resize=1050%2C600 3x"},"classes":[]},{"id":51357,"url":"https:\/\/noticiasribeiraopreto.com.br\/index.php\/2024\/05\/25\/escolas-abrem-cadastro-para-pais-que-precisam-de-auxilio-durante-ferias-em-ribeirao-preto\/","url_meta":{"origin":91205,"position":4},"title":"Escolas abrem cadastro para pais que precisam de aux\u00edlio durante f\u00e9rias em Ribeir\u00e3o Preto","author":"noticiasribeiraopreto.com.br","date":"25 de May de 2024","format":false,"excerpt":"A Prefeitura de Ribeir\u00e3o Preto abrir\u00e1, na segunda-feira (27), o cadastro para as escolas de educa\u00e7\u00e3o infantil que atender\u00e3o os estudantes durante o recesso escolar, que ocorrer\u00e1 de 4 a 19 de julho. Ser\u00e3o oferecidas vagas em 22 polos municipais e 28 escolas conveniadas para auxiliar os pais e respons\u00e1veis\u2026","rel":"","context":"In &quot;Not\u00edcias de Ribeir\u00e3o Preto-SP e Regi\u00e3o&quot;","block_context":{"text":"Not\u00edcias de Ribeir\u00e3o Preto-SP e Regi\u00e3o","link":"https:\/\/noticiasribeiraopreto.com.br\/index.php\/category\/noticias-de-ribeirao-preto-sp-e-regiao-ismael-colosi\/"},"img":{"alt_text":"","src":"https:\/\/i0.wp.com\/noticiasribeiraopreto.com.br\/wp-content\/uploads\/2024\/05\/poloseducacaoinfantil_2405_capa_2024-05-25_15-33-14_jpg_2024-05-25_15-33-14.webp.webp?fit=1000%2C666&ssl=1&resize=350%2C200","width":350,"height":200,"srcset":"https:\/\/i0.wp.com\/noticiasribeiraopreto.com.br\/wp-content\/uploads\/2024\/05\/poloseducacaoinfantil_2405_capa_2024-05-25_15-33-14_jpg_2024-05-25_15-33-14.webp.webp?fit=1000%2C666&ssl=1&resize=350%2C200 1x, https:\/\/i0.wp.com\/noticiasribeiraopreto.com.br\/wp-content\/uploads\/2024\/05\/poloseducacaoinfantil_2405_capa_2024-05-25_15-33-14_jpg_2024-05-25_15-33-14.webp.webp?fit=1000%2C666&ssl=1&resize=525%2C300 1.5x, https:\/\/i0.wp.com\/noticiasribeiraopreto.com.br\/wp-content\/uploads\/2024\/05\/poloseducacaoinfantil_2405_capa_2024-05-25_15-33-14_jpg_2024-05-25_15-33-14.webp.webp?fit=1000%2C666&ssl=1&resize=700%2C400 2x"},"classes":[]},{"id":86137,"url":"https:\/\/noticiasribeiraopreto.com.br\/index.php\/2026\/06\/02\/ferias-22-creches-atenderao-em-ribeirao\/","url_meta":{"origin":91205,"position":5},"title":"F\u00e9rias: 22 creches \u2028atender\u00e3o em Ribeir\u00e3o","author":"noticiasribeiraopreto.com.br","date":"2 de June de 2026","format":false,"excerpt":"A Secretaria de Educa\u00e7\u00e3o de Ribeir\u00e3o Preto abrir\u00e1 nesta quarta-feira, 3 de junho, inscri\u00e7\u00f5es para o atendimento de alunos do ensino infantil durante o recesso escolar de julho. O cadastro poder\u00e1 ser feito at\u00e9 dia 17 pelo portal da pasta no site da prefeitura (https:\/\/www.ribeiraopreto.sp.gov.br\/portal\/educacao\/recesso-escolar-2026) ou presencialmente na escola onde\u2026","rel":"","context":"In &quot;Not\u00edcias de Ribeir\u00e3o Preto-SP e Regi\u00e3o&quot;","block_context":{"text":"Not\u00edcias de Ribeir\u00e3o Preto-SP e Regi\u00e3o","link":"https:\/\/noticiasribeiraopreto.com.br\/index.php\/category\/noticias-de-ribeirao-preto-sp-e-regiao-ismael-colosi\/"},"img":{"alt_text":"","src":"https:\/\/i0.wp.com\/noticiasribeiraopreto.com.br\/wp-content\/uploads\/2026\/06\/CrecheRP-Divulgacao-scaled.jpg?fit=1170%2C780&ssl=1&resize=350%2C200","width":350,"height":200,"srcset":"https:\/\/i0.wp.com\/noticiasribeiraopreto.com.br\/wp-content\/uploads\/2026\/06\/CrecheRP-Divulgacao-scaled.jpg?fit=1170%2C780&ssl=1&resize=350%2C200 1x, https:\/\/i0.wp.com\/noticiasribeiraopreto.com.br\/wp-content\/uploads\/2026\/06\/CrecheRP-Divulgacao-scaled.jpg?fit=1170%2C780&ssl=1&resize=525%2C300 1.5x, https:\/\/i0.wp.com\/noticiasribeiraopreto.com.br\/wp-content\/uploads\/2026\/06\/CrecheRP-Divulgacao-scaled.jpg?fit=1170%2C780&ssl=1&resize=700%2C400 2x, https:\/\/i0.wp.com\/noticiasribeiraopreto.com.br\/wp-content\/uploads\/2026\/06\/CrecheRP-Divulgacao-scaled.jpg?fit=1170%2C780&ssl=1&resize=1050%2C600 3x"},"classes":[]}],"jetpack_sharing_enabled":true,"jetpack_shortlink":"https:\/\/wp.me\/peQAOb-nJ3","jetpack_featured_media_url":"https:\/\/i0.wp.com\/noticiasribeiraopreto.com.br\/wp-content\/uploads\/2026\/09\/escola-publica.jpg?fit=1200%2C675&ssl=1","_links":{"self":[{"href":"https:\/\/noticiasribeiraopreto.com.br\/index.php\/wp-json\/wp\/v2\/posts\/91205","targetHints":{"allow":["GET"]}}],"collection":[{"href":"https:\/\/noticiasribeiraopreto.com.br\/index.php\/wp-json\/wp\/v2\/posts"}],"about":[{"href":"https:\/\/noticiasribeiraopreto.com.br\/index.php\/wp-json\/wp\/v2\/types\/post"}],"author":[{"embeddable":true,"href":"https:\/\/noticiasribeiraopreto.com.br\/index.php\/wp-json\/wp\/v2\/users\/1"}],"replies":[{"embeddable":true,"href":"https:\/\/noticiasribeiraopreto.com.br\/index.php\/wp-json\/wp\/v2\/comments?post=91205"}],"version-history":[{"count":0,"href":"https:\/\/noticiasribeiraopreto.com.br\/index.php\/wp-json\/wp\/v2\/posts\/91205\/revisions"}],"wp:featuredmedia":[{"embeddable":true,"href":"https:\/\/noticiasribeiraopreto.com.br\/index.php\/wp-json\/wp\/v2\/media\/91206"}],"wp:attachment":[{"href":"https:\/\/noticiasribeiraopreto.com.br\/index.php\/wp-json\/wp\/v2\/media?parent=91205"}],"wp:term":[{"taxonomy":"category","embeddable":true,"href":"https:\/\/noticiasribeiraopreto.com.br\/index.php\/wp-json\/wp\/v2\/categories?post=91205"},{"taxonomy":"post_tag","embeddable":true,"href":"https:\/\/noticiasribeiraopreto.com.br\/index.php\/wp-json\/wp\/v2\/tags?post=91205"}],"curies":[{"name":"wp","href":"https:\/\/api.w.org\/{rel}","templated":true}]}}