{"id":91207,"date":"2026-09-06T15:52:05","date_gmt":"2026-09-06T18:52:05","guid":{"rendered":"https:\/\/noticiasribeiraopreto.com.br\/index.php\/2026\/09\/06\/caminhao-desgovernado-invade-casa-e-atinge-carros-em-ribeirao-preto\/"},"modified":"2026-09-06T15:52:05","modified_gmt":"2026-09-06T18:52:05","slug":"caminhao-desgovernado-invade-casa-e-atinge-carros-em-ribeirao-preto","status":"publish","type":"post","link":"https:\/\/noticiasribeiraopreto.com.br\/index.php\/2026\/09\/06\/caminhao-desgovernado-invade-casa-e-atinge-carros-em-ribeirao-preto\/","title":{"rendered":"Caminh\u00e3o desgovernado invade casa e atinge carros em Ribeir\u00e3o Preto"},"content":{"rendered":"<div class='code-block code-block-1' style='margin: 8px 0 8px auto; text-align: right; display: block; clear: both;'>\n<p><a href=\"https:\/\/wa.link\/vpicfd\"><img data-recalc-dims=\"1\" class=\"wp-image-4922\" style=\"aspect-ratio: 2.0253164556962027; width: 561px; height: auto;\" src=\"https:\/\/i0.wp.com\/ismaelcolosi.com.br\/wp-content\/uploads\/2023\/11\/grupo-de-empregos-whatsapp-e-facebook-ismael-colosi-vagas.jpg?ssl=1\" alt=\"\" \/><\/a><\/p>\n<!-- \/wp:image -->\n<\/div>\n<p> <br \/>\n<\/p>\n<p>Um <strong>caminh\u00e3o desgovernado invadiu uma casa na madrugada deste domingo (6)<\/strong>, no cruzamento das ruas Rio Xingu e Porto Seguro, na Vila Albertina, em Ribeir\u00e3o Preto.<\/p>\n<p>Segundo vizinhos e testemunhas, o acidente aconteceu por volta das 4h. O caminh\u00e3o seguia pela rua Porto Seguro quando, ao chegar ao cruzamento, o motorista teria perdido o controle da dire\u00e7\u00e3o e atingido o im\u00f3vel.<\/p>\n<p>No momento da batida, n\u00e3o havia ningu\u00e9m dentro da casa. O motorista e o passageiro do caminh\u00e3o tiveram ferimentos leves.<\/p>\n<p class=\"has-text-align-center\"><em>Receba not\u00edcias do\u00a0<strong>acidade on Ribeir\u00e3o\u00a0<\/strong>no WhatsApp e fique por dentro de tudo! Basta acessar o link<a href=\"https:\/\/chat.whatsapp.com\/DfXwcjKVIddHUT3BvnQuPZ?mode=hqctshi\" target=\"_blank\" rel=\"noreferrer noopener\">\u00a0aqui<\/a>!<\/em><\/p>\n<figure class=\"wp-block-gallery has-nested-images columns-default is-cropped wp-block-gallery-1 is-layout-flex wp-block-gallery-is-layout-flex\">\n<figure class=\"wp-block-image size-large\"><\/figure>\n<figure class=\"wp-block-image size-large\"><img data-recalc-dims=\"1\" loading=\"lazy\" decoding=\"async\" width=\"768\" height=\"1024\" data-id=\"173926\" src=\"https:\/\/i0.wp.com\/www.acidadeon.com\/ribeiraopreto\/wp-content\/uploads\/sites\/3\/2026\/09\/WhatsApp-Image-2026-09-06-at-15.37.15-768x1024.jpeg?resize=768%2C1024&#038;ssl=1\" alt=\"caminh\u00e3o\" class=\"wp-image-173926\" title=\"Caminh\u00e3o desgovernado invade casa e atinge carros em Ribeir\u00e3o Preto 2\"><\/figure>\n<\/figure>\n<h2 class=\"wp-block-heading\">Caminh\u00e3o destruiu casa e carro <\/h2>\n<p>O impacto causou danos \u00e0 estrutura da resid\u00eancia. Dois carros que estavam estacionados em frente ao im\u00f3vel tamb\u00e9m foram atingidos.<\/p>\n<p>A Pol\u00edcia Militar foi acionada e esteve no local. Um boletim de ocorr\u00eancia foi registrado.<\/p>\n<div class=\"wp-block-image\">\n<figure class=\"aligncenter size-large\"><img data-recalc-dims=\"1\" loading=\"lazy\" decoding=\"async\" width=\"768\" height=\"1024\" src=\"https:\/\/i0.wp.com\/www.acidadeon.com\/ribeiraopreto\/wp-content\/uploads\/sites\/3\/2026\/09\/WhatsApp-Image-2026-09-06-at-15.37.16-768x1024.jpeg?resize=768%2C1024&#038;ssl=1\" alt=\"WhatsApp Image 2026 09 06 at 15.37.16\" class=\"wp-image-173927\" title=\"Caminh\u00e3o desgovernado invade casa e atinge carros em Ribeir\u00e3o Preto 3\"><\/figure>\n<\/div>\n<hr class=\"wp-block-separator has-alpha-channel-opacity\">\n<p class=\"has-text-align-center\"><em>Fa\u00e7a uma den\u00fancia ou sugira uma reportagem sobre\u00a0<strong>Ribeir\u00e3o Preto\u00a0<\/strong>e regi\u00e3o por meio do WhatsApp do\u00a0<strong>acidade on Ribeir\u00e3o<\/strong>: (16) 99117-7802.<\/em><\/p>\n<p>O post Caminh\u00e3o desgovernado invade casa e atinge carros em Ribeir\u00e3o Preto apareceu primeiro em ACidade ON Ribeir\u00e3o Preto.<\/p>\n<p><br \/>\n<br \/><a href=\"https:\/\/www.acidadeon.com\/ribeiraopreto\/cotidiano\/caminhao-desgovernado-invade-casa-e-atinge-carros-em-ribeirao-preto\/\">Link para o texto original aqui <\/a><\/p>\n<!-- CONTENT END 1 -->\n","protected":false},"excerpt":{"rendered":"<p>Um caminh\u00e3o desgovernado invadiu uma casa na madrugada deste domingo (6), no cruzamento das ruas Rio Xingu e Porto Seguro, na Vila Albertina, em Ribeir\u00e3o&#8230;<\/p>\n","protected":false},"author":1,"featured_media":91208,"comment_status":"","ping_status":"","sticky":false,"template":"","format":"standard","meta":{"advanced_seo_description":"","jetpack_seo_html_title":"","jetpack_seo_noindex":false,"jetpack_seo_schema_type":"","_jetpack_newsletter_access":"","_jetpack_dont_email_post_to_subs":false,"_jetpack_newsletter_tier_id":0,"_jetpack_memberships_contains_paywalled_content":false,"_jetpack_feature_clip_id":0,"_jetpack_memberships_contains_paid_content":false,"footnotes":"","jetpack_publicize_message":"","jetpack_publicize_feature_enabled":true,"jetpack_social_post_already_shared":true,"jetpack_social_options":{"image_generator_settings":{"template":"highway","default_image_id":0,"font":"","enabled":false},"version":2},"jetpack_post_was_ever_published":false},"categories":[11],"tags":[66,1971,1091,289,6778,6486,27,26],"class_list":["post-91207","post","type-post","status-publish","format-standard","has-post-thumbnail","hentry","category-noticias-de-ribeirao-preto-sp-e-regiao-ismael-colosi","tag-atinge","tag-caminhao","tag-carros","tag-casa","tag-desgovernado","tag-invade","tag-preto","tag-ribeirao"],"jetpack_publicize_connections":[],"jetpack-related-posts":[{"id":79510,"url":"https:\/\/noticiasribeiraopreto.com.br\/index.php\/2025\/11\/03\/caminhao-desgovernado-invade-casa-assista-ao-video\/","url_meta":{"origin":91207,"position":0},"title":"Caminh\u00e3o desgovernado invade casa; Assista ao v\u00eddeo","author":"noticiasribeiraopreto.com.br","date":"3 de November de 2025","format":false,"excerpt":"Um caminh\u00e3o invadiu uma casa na manh\u00e3 desta segunda-feira (3), no Jardim S\u00e3o Luiz, em Franca, a 80 quil\u00f4metros de Ribeir\u00e3o Preto. Assista ao v\u00eddeo abaixo. Uma mulher e duas crian\u00e7as estavam no im\u00f3vel no momento do acidente, mas ningu\u00e9m ficou ferido. O ve\u00edculo passava por uma troca de \u00f3leo\u2026","rel":"","context":"In &quot;Not\u00edcias de Ribeir\u00e3o Preto-SP e Regi\u00e3o&quot;","block_context":{"text":"Not\u00edcias de Ribeir\u00e3o Preto-SP e Regi\u00e3o","link":"https:\/\/noticiasribeiraopreto.com.br\/index.php\/category\/noticias-de-ribeirao-preto-sp-e-regiao-ismael-colosi\/"},"img":{"alt_text":"","src":"https:\/\/i0.wp.com\/noticiasribeiraopreto.com.br\/wp-content\/uploads\/2025\/11\/caminhao_2025-11-03_15-23-51.webp.webp?fit=1200%2C963&ssl=1&resize=350%2C200","width":350,"height":200,"srcset":"https:\/\/i0.wp.com\/noticiasribeiraopreto.com.br\/wp-content\/uploads\/2025\/11\/caminhao_2025-11-03_15-23-51.webp.webp?fit=1200%2C963&ssl=1&resize=350%2C200 1x, https:\/\/i0.wp.com\/noticiasribeiraopreto.com.br\/wp-content\/uploads\/2025\/11\/caminhao_2025-11-03_15-23-51.webp.webp?fit=1200%2C963&ssl=1&resize=525%2C300 1.5x, https:\/\/i0.wp.com\/noticiasribeiraopreto.com.br\/wp-content\/uploads\/2025\/11\/caminhao_2025-11-03_15-23-51.webp.webp?fit=1200%2C963&ssl=1&resize=700%2C400 2x, https:\/\/i0.wp.com\/noticiasribeiraopreto.com.br\/wp-content\/uploads\/2025\/11\/caminhao_2025-11-03_15-23-51.webp.webp?fit=1200%2C963&ssl=1&resize=1050%2C600 3x"},"classes":[]},{"id":79522,"url":"https:\/\/noticiasribeiraopreto.com.br\/index.php\/2025\/11\/03\/video-caminhao-desgovernado-invade-casa-em-franca\/","url_meta":{"origin":91207,"position":1},"title":"V\u00cdDEO: Caminh\u00e3o desgovernado invade casa em Franca","author":"noticiasribeiraopreto.com.br","date":"3 de November de 2025","format":false,"excerpt":"3 de novembro de 2025 13:524 Compartilhar0 \u00a0 Um caminh\u00e3o invadiu uma casa na manh\u00e3 desta segunda-feira (3), no bairro Jardim S\u00e3o Luiz, em Franca (SP), na regi\u00e3o de Ribeir\u00e3o Preto (SP). Dois v\u00eddeos de c\u00e2meras de seguran\u00e7a mostram o ve\u00edculo sendo consertado por dois homens e em determinado momento\u2026","rel":"","context":"In &quot;Not\u00edcias de Ribeir\u00e3o Preto-SP e Regi\u00e3o&quot;","block_context":{"text":"Not\u00edcias de Ribeir\u00e3o Preto-SP e Regi\u00e3o","link":"https:\/\/noticiasribeiraopreto.com.br\/index.php\/category\/noticias-de-ribeirao-preto-sp-e-regiao-ismael-colosi\/"},"img":{"alt_text":"","src":"https:\/\/i0.wp.com\/noticiasribeiraopreto.com.br\/wp-content\/uploads\/2025\/11\/cam_franca.jpeg?fit=741%2C423&ssl=1&resize=350%2C200","width":350,"height":200,"srcset":"https:\/\/i0.wp.com\/noticiasribeiraopreto.com.br\/wp-content\/uploads\/2025\/11\/cam_franca.jpeg?fit=741%2C423&ssl=1&resize=350%2C200 1x, https:\/\/i0.wp.com\/noticiasribeiraopreto.com.br\/wp-content\/uploads\/2025\/11\/cam_franca.jpeg?fit=741%2C423&ssl=1&resize=525%2C300 1.5x, https:\/\/i0.wp.com\/noticiasribeiraopreto.com.br\/wp-content\/uploads\/2025\/11\/cam_franca.jpeg?fit=741%2C423&ssl=1&resize=700%2C400 2x"},"classes":[]},{"id":61700,"url":"https:\/\/noticiasribeiraopreto.com.br\/index.php\/2024\/12\/19\/carro-desgovernado-invade-a-calcada-e-atinge-muro-de-loja-em-ribeirao-preto\/","url_meta":{"origin":91207,"position":2},"title":"Carro desgovernado invade a cal\u00e7ada e atinge muro de loja em Ribeir\u00e3o Preto","author":"noticiasribeiraopreto.com.br","date":"19 de December de 2024","format":false,"excerpt":"Na tarde desta quinta-feira (19), um carro desgovernado invadiu a cal\u00e7ada e colidiu contra o muro de uma loja na esquina da avenida Saudade com a rua Padre Euclides, em Ribeir\u00e3o Preto. Segundo informa\u00e7\u00f5es da RP Mobi, o motorista do ve\u00edculo n\u00e3o possu\u00eda a Carteira Nacional de Habilita\u00e7\u00e3o (CNH) e\u2026","rel":"","context":"In &quot;Not\u00edcias de Ribeir\u00e3o Preto-SP e Regi\u00e3o&quot;","block_context":{"text":"Not\u00edcias de Ribeir\u00e3o Preto-SP e Regi\u00e3o","link":"https:\/\/noticiasribeiraopreto.com.br\/index.php\/category\/noticias-de-ribeirao-preto-sp-e-regiao-ismael-colosi\/"},"img":{"alt_text":"","src":"https:\/\/i0.wp.com\/noticiasribeiraopreto.com.br\/wp-content\/uploads\/2024\/12\/Copia-de-Copia-de-Copia-de-TAMANHO-EXATO-PARA-FOTOS-NO-SISTEMA-NOVO-2024-12-19T151853.827_2024-12-19_18-19-03_png_2024-12-19_18-19-03.webp.webp?fit=1200%2C675&ssl=1&resize=350%2C200","width":350,"height":200,"srcset":"https:\/\/i0.wp.com\/noticiasribeiraopreto.com.br\/wp-content\/uploads\/2024\/12\/Copia-de-Copia-de-Copia-de-TAMANHO-EXATO-PARA-FOTOS-NO-SISTEMA-NOVO-2024-12-19T151853.827_2024-12-19_18-19-03_png_2024-12-19_18-19-03.webp.webp?fit=1200%2C675&ssl=1&resize=350%2C200 1x, https:\/\/i0.wp.com\/noticiasribeiraopreto.com.br\/wp-content\/uploads\/2024\/12\/Copia-de-Copia-de-Copia-de-TAMANHO-EXATO-PARA-FOTOS-NO-SISTEMA-NOVO-2024-12-19T151853.827_2024-12-19_18-19-03_png_2024-12-19_18-19-03.webp.webp?fit=1200%2C675&ssl=1&resize=525%2C300 1.5x, https:\/\/i0.wp.com\/noticiasribeiraopreto.com.br\/wp-content\/uploads\/2024\/12\/Copia-de-Copia-de-Copia-de-TAMANHO-EXATO-PARA-FOTOS-NO-SISTEMA-NOVO-2024-12-19T151853.827_2024-12-19_18-19-03_png_2024-12-19_18-19-03.webp.webp?fit=1200%2C675&ssl=1&resize=700%2C400 2x, https:\/\/i0.wp.com\/noticiasribeiraopreto.com.br\/wp-content\/uploads\/2024\/12\/Copia-de-Copia-de-Copia-de-TAMANHO-EXATO-PARA-FOTOS-NO-SISTEMA-NOVO-2024-12-19T151853.827_2024-12-19_18-19-03_png_2024-12-19_18-19-03.webp.webp?fit=1200%2C675&ssl=1&resize=1050%2C600 3x"},"classes":[]},{"id":70843,"url":"https:\/\/noticiasribeiraopreto.com.br\/index.php\/2025\/05\/30\/caminhao-desgovernado-bate-em-carro-e-vai-parar-em-acesso-da-anhanguera\/","url_meta":{"origin":91207,"position":3},"title":"Caminh\u00e3o desgovernado bate em carro e vai parar em acesso da Anhanguera","author":"noticiasribeiraopreto.com.br","date":"30 de May de 2025","format":false,"excerpt":"Um caminh\u00e3o estacionado em um posto de combust\u00edveis desceu desgovernado na manh\u00e3 desta sexta-feira (30), bateu em um carro e uma cerca, e foi parar na al\u00e7a de acesso pelo km 368 da rodovia Anhanguera (SP-330), em Orl\u00e2ndia, a aproximadamente 50 quil\u00f4metros de Ribeir\u00e3o Preto. Segundo a Artesp (Ag\u00eancia de\u2026","rel":"","context":"In &quot;Not\u00edcias de Ribeir\u00e3o Preto-SP e Regi\u00e3o&quot;","block_context":{"text":"Not\u00edcias de Ribeir\u00e3o Preto-SP e Regi\u00e3o","link":"https:\/\/noticiasribeiraopreto.com.br\/index.php\/category\/noticias-de-ribeirao-preto-sp-e-regiao-ismael-colosi\/"},"img":{"alt_text":"","src":"https:\/\/i0.wp.com\/noticiasribeiraopreto.com.br\/wp-content\/uploads\/2025\/05\/WhatsApp-Image-2025-05-30-at-10.01.06_2025-05-30_13-20-52.webp.webp?fit=1200%2C867&ssl=1&resize=350%2C200","width":350,"height":200,"srcset":"https:\/\/i0.wp.com\/noticiasribeiraopreto.com.br\/wp-content\/uploads\/2025\/05\/WhatsApp-Image-2025-05-30-at-10.01.06_2025-05-30_13-20-52.webp.webp?fit=1200%2C867&ssl=1&resize=350%2C200 1x, https:\/\/i0.wp.com\/noticiasribeiraopreto.com.br\/wp-content\/uploads\/2025\/05\/WhatsApp-Image-2025-05-30-at-10.01.06_2025-05-30_13-20-52.webp.webp?fit=1200%2C867&ssl=1&resize=525%2C300 1.5x, https:\/\/i0.wp.com\/noticiasribeiraopreto.com.br\/wp-content\/uploads\/2025\/05\/WhatsApp-Image-2025-05-30-at-10.01.06_2025-05-30_13-20-52.webp.webp?fit=1200%2C867&ssl=1&resize=700%2C400 2x, https:\/\/i0.wp.com\/noticiasribeiraopreto.com.br\/wp-content\/uploads\/2025\/05\/WhatsApp-Image-2025-05-30-at-10.01.06_2025-05-30_13-20-52.webp.webp?fit=1200%2C867&ssl=1&resize=1050%2C600 3x"},"classes":[]},{"id":46872,"url":"https:\/\/noticiasribeiraopreto.com.br\/index.php\/2024\/04\/15\/caminhao-desgovernado-atropela-e-mata-homem-que-trabalhava-em-rodovia-na-regiao-de-ribeirao\/","url_meta":{"origin":91207,"position":4},"title":"Caminh\u00e3o desgovernado atropela e mata homem que trabalhava em rodovia na regi\u00e3o de Ribeir\u00e3o","author":"noticiasribeiraopreto.com.br","date":"15 de April de 2024","format":false,"excerpt":"Um homem que prestava servi\u00e7os de manuten\u00e7\u00e3o na rodovia C\u00e2ndido Portinari (SP-334) morreu ao ser atropelado por um caminh\u00e3o nesta segunda-feira (15), na serra de Rifaina, na regi\u00e3o de Ribeir\u00e3o Preto. A via foi parcialmente interditada. Segundo informa\u00e7\u00f5es da Prefeitura de Rifaina, o motorista perdeu o controle da dire\u00e7\u00e3o do\u2026","rel":"","context":"In &quot;Not\u00edcias de Ribeir\u00e3o Preto-SP e Regi\u00e3o&quot;","block_context":{"text":"Not\u00edcias de Ribeir\u00e3o Preto-SP e Regi\u00e3o","link":"https:\/\/noticiasribeiraopreto.com.br\/index.php\/category\/noticias-de-ribeirao-preto-sp-e-regiao-ismael-colosi\/"},"img":{"alt_text":"","src":"https:\/\/i0.wp.com\/noticiasribeiraopreto.com.br\/wp-content\/uploads\/2024\/04\/WhatsApp-Image-2024-04-15-at-14.06.57.webp.webp?fit=1200%2C900&ssl=1&resize=350%2C200","width":350,"height":200,"srcset":"https:\/\/i0.wp.com\/noticiasribeiraopreto.com.br\/wp-content\/uploads\/2024\/04\/WhatsApp-Image-2024-04-15-at-14.06.57.webp.webp?fit=1200%2C900&ssl=1&resize=350%2C200 1x, https:\/\/i0.wp.com\/noticiasribeiraopreto.com.br\/wp-content\/uploads\/2024\/04\/WhatsApp-Image-2024-04-15-at-14.06.57.webp.webp?fit=1200%2C900&ssl=1&resize=525%2C300 1.5x, https:\/\/i0.wp.com\/noticiasribeiraopreto.com.br\/wp-content\/uploads\/2024\/04\/WhatsApp-Image-2024-04-15-at-14.06.57.webp.webp?fit=1200%2C900&ssl=1&resize=700%2C400 2x, https:\/\/i0.wp.com\/noticiasribeiraopreto.com.br\/wp-content\/uploads\/2024\/04\/WhatsApp-Image-2024-04-15-at-14.06.57.webp.webp?fit=1200%2C900&ssl=1&resize=1050%2C600 3x"},"classes":[]},{"id":80976,"url":"https:\/\/noticiasribeiraopreto.com.br\/index.php\/2025\/12\/19\/video-carro-desgovernado-atropela-motociclista-e-atinge-7-veiculos\/","url_meta":{"origin":91207,"position":5},"title":"V\u00cdDEO &#8211; Carro desgovernado atropela motociclista e atinge 7 ve\u00edculos","author":"noticiasribeiraopreto.com.br","date":"19 de December de 2025","format":false,"excerpt":"\r Motorista, que \u00e9 m\u00e9dico aposentado, sofreu ferimentos leves e motociclista foi levado para UPA, al\u00e9m de ter moto apreendida\r \r 19 de dezembro de 2025 10:52 \r Compartilhar1 Por: Adalberto Luque Um carro desgovernado causou um acidente impressionante, envolvendo pelo menos seis carros e duas motos, na tarde desta\u2026","rel":"","context":"In &quot;Not\u00edcias de Ribeir\u00e3o Preto-SP e Regi\u00e3o&quot;","block_context":{"text":"Not\u00edcias de Ribeir\u00e3o Preto-SP e Regi\u00e3o","link":"https:\/\/noticiasribeiraopreto.com.br\/index.php\/category\/noticias-de-ribeirao-preto-sp-e-regiao-ismael-colosi\/"},"img":{"alt_text":"","src":"https:\/\/i0.wp.com\/noticiasribeiraopreto.com.br\/wp-content\/uploads\/2025\/12\/19-dez-2025-acidentenove2-scaled.jpg?fit=1200%2C723&ssl=1&resize=350%2C200","width":350,"height":200,"srcset":"https:\/\/i0.wp.com\/noticiasribeiraopreto.com.br\/wp-content\/uploads\/2025\/12\/19-dez-2025-acidentenove2-scaled.jpg?fit=1200%2C723&ssl=1&resize=350%2C200 1x, https:\/\/i0.wp.com\/noticiasribeiraopreto.com.br\/wp-content\/uploads\/2025\/12\/19-dez-2025-acidentenove2-scaled.jpg?fit=1200%2C723&ssl=1&resize=525%2C300 1.5x, https:\/\/i0.wp.com\/noticiasribeiraopreto.com.br\/wp-content\/uploads\/2025\/12\/19-dez-2025-acidentenove2-scaled.jpg?fit=1200%2C723&ssl=1&resize=700%2C400 2x, https:\/\/i0.wp.com\/noticiasribeiraopreto.com.br\/wp-content\/uploads\/2025\/12\/19-dez-2025-acidentenove2-scaled.jpg?fit=1200%2C723&ssl=1&resize=1050%2C600 3x"},"classes":[]}],"jetpack_sharing_enabled":true,"jetpack_shortlink":"https:\/\/wp.me\/peQAOb-nJ5","jetpack_featured_media_url":"https:\/\/i0.wp.com\/noticiasribeiraopreto.com.br\/wp-content\/uploads\/2026\/09\/desfile-7-de-setembro-1.jpg?fit=1200%2C675&ssl=1","_links":{"self":[{"href":"https:\/\/noticiasribeiraopreto.com.br\/index.php\/wp-json\/wp\/v2\/posts\/91207","targetHints":{"allow":["GET"]}}],"collection":[{"href":"https:\/\/noticiasribeiraopreto.com.br\/index.php\/wp-json\/wp\/v2\/posts"}],"about":[{"href":"https:\/\/noticiasribeiraopreto.com.br\/index.php\/wp-json\/wp\/v2\/types\/post"}],"author":[{"embeddable":true,"href":"https:\/\/noticiasribeiraopreto.com.br\/index.php\/wp-json\/wp\/v2\/users\/1"}],"replies":[{"embeddable":true,"href":"https:\/\/noticiasribeiraopreto.com.br\/index.php\/wp-json\/wp\/v2\/comments?post=91207"}],"version-history":[{"count":0,"href":"https:\/\/noticiasribeiraopreto.com.br\/index.php\/wp-json\/wp\/v2\/posts\/91207\/revisions"}],"wp:featuredmedia":[{"embeddable":true,"href":"https:\/\/noticiasribeiraopreto.com.br\/index.php\/wp-json\/wp\/v2\/media\/91208"}],"wp:attachment":[{"href":"https:\/\/noticiasribeiraopreto.com.br\/index.php\/wp-json\/wp\/v2\/media?parent=91207"}],"wp:term":[{"taxonomy":"category","embeddable":true,"href":"https:\/\/noticiasribeiraopreto.com.br\/index.php\/wp-json\/wp\/v2\/categories?post=91207"},{"taxonomy":"post_tag","embeddable":true,"href":"https:\/\/noticiasribeiraopreto.com.br\/index.php\/wp-json\/wp\/v2\/tags?post=91207"}],"curies":[{"name":"wp","href":"https:\/\/api.w.org\/{rel}","templated":true}]}}