{"id":91210,"date":"2026-09-06T18:08:55","date_gmt":"2026-09-06T21:08:55","guid":{"rendered":"https:\/\/noticiasribeiraopreto.com.br\/index.php\/2026\/09\/06\/alison-dos-santos-de-ribeirao-preto-conquista-pela-3a-vez-a-liga-diamante\/"},"modified":"2026-09-06T18:08:55","modified_gmt":"2026-09-06T21:08:55","slug":"alison-dos-santos-de-ribeirao-preto-conquista-pela-3a-vez-a-liga-diamante","status":"publish","type":"post","link":"https:\/\/noticiasribeiraopreto.com.br\/index.php\/2026\/09\/06\/alison-dos-santos-de-ribeirao-preto-conquista-pela-3a-vez-a-liga-diamante\/","title":{"rendered":"Alison dos Santos de Ribeir\u00e3o Preto conquista pela 3\u00aa vez a Liga Diamante"},"content":{"rendered":"<div class='code-block code-block-1' style='margin: 8px 0 8px auto; text-align: right; display: block; clear: both;'>\n<p><a href=\"https:\/\/wa.link\/vpicfd\"><img data-recalc-dims=\"1\" class=\"wp-image-4922\" style=\"aspect-ratio: 2.0253164556962027; width: 561px; height: auto;\" src=\"https:\/\/i0.wp.com\/ismaelcolosi.com.br\/wp-content\/uploads\/2023\/11\/grupo-de-empregos-whatsapp-e-facebook-ismael-colosi-vagas.jpg?ssl=1\" alt=\"\" \/><\/a><\/p>\n<!-- \/wp:image -->\n<\/div>\n<p> <br \/>\n<\/p>\n<div>\n<h2 class=\"wp-block-heading\"\/>\n<p class=\"wp-block-paragraph\">O atleta paulista <strong><a href=\"https:\/\/www.google.com\/goto?url=CAESyQEB6zswFai5hMqvqIEWTwbXJX5jM6RgELIeuUhDleXCOdeqVZfUlblpLNZvhbdovyXQFXGDtft_tNxK15f_DkYwYO7x7zkbGFgz-DCHXyCvkJvY-rpsZluCiZS9v7D7j-No56elmnngRrIcrSRa-WZshdb3MqCKE9V5Wom85rOi8ZaVuvVRAGPU3AOfZjlujpE80x-RSoewQRJRd97dSMXOkVXjhZHCMCWcay8rD8V2A255N9OF2gKQg0LiF7bNPv23QRenTz3A-Fw\">Alison dos Santos<\/a><\/strong>, conhecido como Piu, conquistou pela terceira vez o t\u00edtulo da <strong>Liga Diamante<\/strong>, principal circuito internacional do atletismo, a confirma\u00e7\u00e3o veio no s\u00e1bado (5), durante a etapa final da temporada, realizada em Bruxelas, na B\u00e9lgica.<\/p>\n<p class=\"wp-block-paragraph\">Na decis\u00e3o dos 400 metros com barreiras, o brasileiro venceu com o tempo de <strong>46s70<\/strong> e garantiu mais um trof\u00e9u para a carreira. Al\u00e9m disso, o resultado consolidou uma temporada de alto n\u00edvel do atleta.<\/p>\n<h2 class=\"wp-block-heading\">Alison dos Santos domina os 400 metros com barreiras<\/h2>\n<p class=\"wp-block-paragraph\">Piu chegou \u00e0 etapa decisiva em posi\u00e7\u00e3o de destaque e confirmou o favoritismo na prova, dessa forma, terminou a competi\u00e7\u00e3o \u00e0 frente do norte-americano Trevor Bassitt, que ficou com a medalha de prata, com 48s03.<\/p>\n<p class=\"wp-block-paragraph\">O brasileiro <strong>Matheus Lima<\/strong> completou o p\u00f3dio na terceira coloca\u00e7\u00e3o, com 48s18. Assim, a disputa em Bruxelas terminou com dois brasileiros entre os tr\u00eas primeiros colocados.<\/p>\n<p class=\"wp-block-paragraph\">Al\u00e9m disso, foi a terceira vez na temporada que atletas brasileiros dividiram o p\u00f3dio em uma etapa da Liga Diamante. Os resultados anteriores ocorreram em Estocolmo, na Su\u00e9cia, e Slask, na Pol\u00f4nia.<\/p>\n<h3 class=\"wp-block-heading\">Piu teve aproveitamento perfeito nas provas disputadas<\/h3>\n<p class=\"wp-block-paragraph\">A conquista tamb\u00e9m ganhou relev\u00e2ncia pelo desempenho de Alison dos Santos ao longo de 2026 e o atleta venceu as seis provas dos 400 metros com barreiras que disputou no circuito.<\/p>\n<p class=\"wp-block-paragraph\">Entre as vit\u00f3rias est\u00e3o as etapas de <strong>Xiamen, na China; Oslo, na Noruega; e Slask, na Pol\u00f4nia<\/strong>. Entretanto, Piu n\u00e3o participou da etapa realizada em Londres, na Inglaterra.<\/p>\n<p class=\"wp-block-paragraph\">Por consequ\u00eancia, o brasileiro encerrou a temporada com uma campanha consistente e mais um t\u00edtulo internacional de peso.<\/p>\n<h2 class=\"wp-block-heading\">Terceiro t\u00edtulo da Liga Diamante<\/h2>\n<p class=\"wp-block-paragraph\">O campeonato conquistado em Bruxelas representa o <strong>terceiro t\u00edtulo de <a href=\"https:\/\/www.google.com\/goto?url=CAESyQEB6zswFai5hMqvqIEWTwbXJX5jM6RgELIeuUhDleXCOdeqVZfUlblpLNZvhbdovyXQFXGDtft_tNxK15f_DkYwYO7x7zkbGFgz-DCHXyCvkJvY-rpsZluCiZS9v7D7j-No56elmnngRrIcrSRa-WZshdb3MqCKE9V5Wom85rOi8ZaVuvVRAGPU3AOfZjlujpE80x-RSoewQRJRd97dSMXOkVXjhZHCMCWcay8rD8V2A255N9OF2gKQg0LiF7bNPv23QRenTz3A-Fw\">Alison dos Santos<\/a> na Liga Diamante<\/strong>. Antes disso, o atleta havia terminado no topo do circuito em <strong>2022 e 2024<\/strong>. Portanto, a conquista de 2026 amplia a presen\u00e7a do paulista entre os principais nomes da hist\u00f3ria recente dos 400 metros com barreiras.<\/p>\n<p class=\"wp-block-paragraph\">Piu tamb\u00e9m acumula duas medalhas ol\u00edmpicas de bronze, conquistadas nos Jogos de T\u00f3quio, em 2021, e Paris, em 2024.<\/p>\n<h3 class=\"wp-block-heading\">Brasileiro tamb\u00e9m fez hist\u00f3ria no Mundial<\/h3>\n<p class=\"wp-block-paragraph\">Al\u00e9m dos <strong>resultados ol\u00edmpicos e da Liga Diamante<\/strong>, <a href=\"https:\/\/www.google.com\/goto?url=CAESyQEB6zswFai5hMqvqIEWTwbXJX5jM6RgELIeuUhDleXCOdeqVZfUlblpLNZvhbdovyXQFXGDtft_tNxK15f_DkYwYO7x7zkbGFgz-DCHXyCvkJvY-rpsZluCiZS9v7D7j-No56elmnngRrIcrSRa-WZshdb3MqCKE9V5Wom85rOi8ZaVuvVRAGPU3AOfZjlujpE80x-RSoewQRJRd97dSMXOkVXjhZHCMCWcay8rD8V2A255N9OF2gKQg0LiF7bNPv23QRenTz3A-Fw\">Alison dos Santos<\/a> possui uma trajet\u00f3ria relevante em campeonatos mundiais. Em 2022, o brasileiro conquistou o t\u00edtulo mundial dos 400 metros com barreiras em Eugene, nos Estados Unidos. Posteriormente, ficou com a medalha de prata na edi\u00e7\u00e3o seguinte, realizada em T\u00f3quio.<\/p>\n<p class=\"wp-block-paragraph\">Ao mesmo tempo, o atleta tamb\u00e9m ganhou destaque internacional ao superar o ent\u00e3o recorde mundial da prova durante a etapa de Zurique da Liga Diamante.<\/p>\n<h2 class=\"wp-block-heading\">Rivais importantes ficaram fora da final<\/h2>\n<p class=\"wp-block-paragraph\">A decis\u00e3o em Bruxelas n\u00e3o contou com dois dos principais advers\u00e1rios de Piu nos 400 metros com barreiras.<\/p>\n<p class=\"wp-block-paragraph\">O norte-americano <strong>Rai Benjamin<\/strong>, atual campe\u00e3o ol\u00edmpico, n\u00e3o participou da prova. O mesmo ocorreu com o noruegu\u00eas <strong>Karsten Warholm<\/strong>, antigo recordista mundial da especialidade.<\/p>\n<p class=\"wp-block-paragraph\">Diante disso, Alison dos Santos aproveitou a oportunidade para fechar sua participa\u00e7\u00e3o no circuito com uma vit\u00f3ria expressiva e confirmar mais um t\u00edtulo para o Brasil.<\/p>\n<h2 class=\"wp-block-heading\">T\u00edtulo refor\u00e7a protagonismo brasileiro no atletismo<\/h2>\n<p class=\"wp-block-paragraph\">A conquista de Alison dos Santos mant\u00e9m o Brasil em evid\u00eancia no atletismo internacional. Al\u00e9m disso, o desempenho do paulista ao longo da temporada demonstra a evolu\u00e7\u00e3o do pa\u00eds em uma das provas mais tradicionais do esporte.<\/p>\n<p class=\"wp-block-paragraph\">O tricampeonato da Liga Diamante acrescenta mais um cap\u00edtulo \u00e0 trajet\u00f3ria de Piu, que segue entre os principais especialistas mundiais dos 400 metros com barreiras.<\/p>\n<figure class=\"wp-block-image size-full\"><\/figure>\n<figure class=\"wp-block-image size-full is-style-default\"><a href=\"https:\/\/whatsapp.com\/channel\/0029VaMvyGt6LwHpMsKAea0f\"><img data-recalc-dims=\"1\" loading=\"lazy\" data-lazyloaded=\"1\" decoding=\"async\" width=\"600\" height=\"90\" src=\"https:\/\/i0.wp.com\/static1.thmais.com.br\/wp-content\/uploads\/2026\/08\/CANAL-WHATS-PORTAL.jpg?resize=600%2C90&#038;ssl=1\" alt=\"\" class=\"wp-image-662392\" srcset=\"https:\/\/thmais.com.br\/wp-content\/uploads\/2026\/08\/CANAL-WHATS-PORTAL.jpg 600w, https:\/\/thmais.com.br\/wp-content\/uploads\/2026\/08\/CANAL-WHATS-PORTAL-300x45.jpg 300w, https:\/\/thmais.com.br\/wp-content\/uploads\/2026\/08\/CANAL-WHATS-PORTAL-150x23.jpg 150w\" data-sizes=\"(max-width: 600px) 100vw, 600px\"\/><\/a><\/figure>\n<figure class=\"wp-block-image size-full is-style-default\"><a href=\"https:\/\/www.instagram.com\/thmaisnews\/\"><img data-recalc-dims=\"1\" loading=\"lazy\" data-lazyloaded=\"1\" decoding=\"async\" width=\"600\" height=\"90\" src=\"https:\/\/i0.wp.com\/static1.thmais.com.br\/wp-content\/uploads\/2026\/08\/INSTAGRAM.jpg?resize=600%2C90&#038;ssl=1\" alt=\"\" class=\"wp-image-662396\" srcset=\"https:\/\/thmais.com.br\/wp-content\/uploads\/2026\/08\/INSTAGRAM.jpg 600w, https:\/\/thmais.com.br\/wp-content\/uploads\/2026\/08\/INSTAGRAM-300x45.jpg 300w, https:\/\/thmais.com.br\/wp-content\/uploads\/2026\/08\/INSTAGRAM-150x23.jpg 150w\" data-sizes=\"(max-width: 600px) 100vw, 600px\"\/><\/a><\/figure>\n<\/div>\n<p><script async src=\"\/\/www.instagram.com\/embed.js\"><\/script><br \/>\n<br \/><br \/>\n<br \/><a href=\"https:\/\/thmais.com.br\/cidades\/ribeirao-preto\/alison-dos-santos-de-ribeirao-preto-conquista-pela-3a-vez-a-liga-diamante\/\">Link para o texto original aqui <\/a><\/p>\n<!-- CONTENT END 1 -->\n","protected":false},"excerpt":{"rendered":"<p>O atleta paulista Alison dos Santos, conhecido como Piu, conquistou pela terceira vez o t\u00edtulo da Liga Diamante, principal circuito internacional do atletismo, a confirma\u00e7\u00e3o&#8230;<\/p>\n","protected":false},"author":1,"featured_media":91211,"comment_status":"","ping_status":"","sticky":false,"template":"","format":"standard","meta":{"advanced_seo_description":"","jetpack_seo_html_title":"","jetpack_seo_noindex":false,"jetpack_seo_schema_type":"","_jetpack_newsletter_access":"","_jetpack_dont_email_post_to_subs":false,"_jetpack_newsletter_tier_id":0,"_jetpack_memberships_contains_paywalled_content":false,"_jetpack_feature_clip_id":0,"_jetpack_memberships_contains_paid_content":false,"footnotes":"","jetpack_publicize_message":"","jetpack_publicize_feature_enabled":true,"jetpack_social_post_already_shared":true,"jetpack_social_options":{"image_generator_settings":{"template":"highway","default_image_id":0,"font":"","enabled":false},"version":2},"jetpack_post_was_ever_published":false},"categories":[11],"tags":[7301,8039,317,4587,470,3203,605,188,27,26,6456,1349,190],"class_list":["post-91210","post","type-post","status-publish","format-standard","has-post-thumbnail","hentry","category-noticias-de-ribeirao-preto-sp-e-regiao-ismael-colosi","tag-3a","tag-alison","tag-conquista","tag-diamante","tag-dos","tag-esporte","tag-liga","tag-pela","tag-preto","tag-ribeirao","tag-ribeirao-preto","tag-santos","tag-vez"],"jetpack_publicize_connections":[],"jetpack-related-posts":[{"id":91195,"url":"https:\/\/noticiasribeiraopreto.com.br\/index.php\/2026\/09\/06\/atleta-da-regiao-conquista-o-titulo-da-liga-diamante-pela-3a-vez\/","url_meta":{"origin":91210,"position":0},"title":"Atleta da regi\u00e3o conquista o t\u00edtulo da Liga Diamante pela 3\u00aa vez","author":"noticiasribeiraopreto.com.br","date":"6 de September de 2026","format":false,"excerpt":"O atleta Alison dos Santos, o Piu, natural de S\u00e3o Joaquim da Barra, na regi\u00e3o de Ribeir\u00e3o Preto, conquistou pela terceira vez na carreira o t\u00edtulo da Liga Diamante, principal circuito do atletismo mundial, nos 400 metros com barreiras. O brasileiro venceu a etapa de Bruxelas, na B\u00e9lgica, neste s\u00e1bado\u2026","rel":"","context":"In &quot;Not\u00edcias de Ribeir\u00e3o Preto-SP e Regi\u00e3o&quot;","block_context":{"text":"Not\u00edcias de Ribeir\u00e3o Preto-SP e Regi\u00e3o","link":"https:\/\/noticiasribeiraopreto.com.br\/index.php\/category\/noticias-de-ribeirao-preto-sp-e-regiao-ismael-colosi\/"},"img":{"alt_text":"","src":"https:\/\/i0.wp.com\/noticiasribeiraopreto.com.br\/wp-content\/uploads\/2026\/09\/alison-piu.jpg?fit=1200%2C675&ssl=1&resize=350%2C200","width":350,"height":200,"srcset":"https:\/\/i0.wp.com\/noticiasribeiraopreto.com.br\/wp-content\/uploads\/2026\/09\/alison-piu.jpg?fit=1200%2C675&ssl=1&resize=350%2C200 1x, https:\/\/i0.wp.com\/noticiasribeiraopreto.com.br\/wp-content\/uploads\/2026\/09\/alison-piu.jpg?fit=1200%2C675&ssl=1&resize=525%2C300 1.5x, https:\/\/i0.wp.com\/noticiasribeiraopreto.com.br\/wp-content\/uploads\/2026\/09\/alison-piu.jpg?fit=1200%2C675&ssl=1&resize=700%2C400 2x, https:\/\/i0.wp.com\/noticiasribeiraopreto.com.br\/wp-content\/uploads\/2026\/09\/alison-piu.jpg?fit=1200%2C675&ssl=1&resize=1050%2C600 3x"},"classes":[]},{"id":56098,"url":"https:\/\/noticiasribeiraopreto.com.br\/index.php\/2024\/08\/09\/alison-dos-santos-e-bronze-nos-400-metros-com-barreiras-nas-olimpiadas-de-paris\/","url_meta":{"origin":91210,"position":1},"title":"Alison dos Santos \u00e9 bronze nos 400 metros com barreiras nas Olimp\u00edadas de Paris","author":"noticiasribeiraopreto.com.br","date":"9 de August de 2024","format":false,"excerpt":"Alison dos Santos, o Piu, ficou em terceiro lugar e garantiu medalha de bronze na final dos 400 metros com barreiras, nos Jogos Ol\u00edmpicos de Paris 2024, nesta sexta-feira (9). O atleta \u00e9 nascido em S\u00e3o Joaquim da Barra, na regi\u00e3o de Ribeir\u00e3o Preto e era um dos favoritos na\u2026","rel":"","context":"In &quot;Not\u00edcias de Ribeir\u00e3o Preto-SP e Regi\u00e3o&quot;","block_context":{"text":"Not\u00edcias de Ribeir\u00e3o Preto-SP e Regi\u00e3o","link":"https:\/\/noticiasribeiraopreto.com.br\/index.php\/category\/noticias-de-ribeirao-preto-sp-e-regiao-ismael-colosi\/"},"img":{"alt_text":"","src":"https:\/\/i0.wp.com\/noticiasribeiraopreto.com.br\/wp-content\/uploads\/2024\/08\/alison-dos-santos-piu_2024-08-08_19-02-19_jpg_2024-08-08_19-02-19.webp.webp?fit=1080%2C717&ssl=1&resize=350%2C200","width":350,"height":200,"srcset":"https:\/\/i0.wp.com\/noticiasribeiraopreto.com.br\/wp-content\/uploads\/2024\/08\/alison-dos-santos-piu_2024-08-08_19-02-19_jpg_2024-08-08_19-02-19.webp.webp?fit=1080%2C717&ssl=1&resize=350%2C200 1x, https:\/\/i0.wp.com\/noticiasribeiraopreto.com.br\/wp-content\/uploads\/2024\/08\/alison-dos-santos-piu_2024-08-08_19-02-19_jpg_2024-08-08_19-02-19.webp.webp?fit=1080%2C717&ssl=1&resize=525%2C300 1.5x, https:\/\/i0.wp.com\/noticiasribeiraopreto.com.br\/wp-content\/uploads\/2024\/08\/alison-dos-santos-piu_2024-08-08_19-02-19_jpg_2024-08-08_19-02-19.webp.webp?fit=1080%2C717&ssl=1&resize=700%2C400 2x, https:\/\/i0.wp.com\/noticiasribeiraopreto.com.br\/wp-content\/uploads\/2024\/08\/alison-dos-santos-piu_2024-08-08_19-02-19_jpg_2024-08-08_19-02-19.webp.webp?fit=1080%2C717&ssl=1&resize=1050%2C600 3x"},"classes":[]},{"id":57972,"url":"https:\/\/noticiasribeiraopreto.com.br\/index.php\/2024\/09\/15\/atleta-da-regiao-de-ribeirao-conquista-o-bicampeonato-de-diamond-league\/","url_meta":{"origin":91210,"position":2},"title":"Atleta da regi\u00e3o de Ribeir\u00e3o conquista o bicampeonato de Diamond League","author":"noticiasribeiraopreto.com.br","date":"15 de September de 2024","format":false,"excerpt":"Neste s\u00e1bado (14), Alison dos Santos, natural de S\u00e3o Joaquim da Barra na regi\u00e3o de Ribeir\u00e3o Preto, venceu a Diamond League de Atletismo, realizada na B\u00e9lgica. Com o t\u00edtulo, Piu se tornou bicampe\u00e3o da competi\u00e7\u00e3o \u2013 que \u00e9 a principal liga de atletismo do mundo.\u00a0 O primeiro t\u00edtulo do brasileiro\u2026","rel":"","context":"In &quot;Not\u00edcias de Ribeir\u00e3o Preto-SP e Regi\u00e3o&quot;","block_context":{"text":"Not\u00edcias de Ribeir\u00e3o Preto-SP e Regi\u00e3o","link":"https:\/\/noticiasribeiraopreto.com.br\/index.php\/category\/noticias-de-ribeirao-preto-sp-e-regiao-ismael-colosi\/"},"img":{"alt_text":"","src":"https:\/\/i0.wp.com\/noticiasribeiraopreto.com.br\/wp-content\/uploads\/2024\/09\/Copia-de-Copia-de-Copia-de-TAMANHO-EXATO-PARA-FOTOS-NO-SISTEMA-NOVO-20_2024-09-15_19-36-53_png_2024-09-15_19-36-53.webp.webp?fit=1200%2C675&ssl=1&resize=350%2C200","width":350,"height":200,"srcset":"https:\/\/i0.wp.com\/noticiasribeiraopreto.com.br\/wp-content\/uploads\/2024\/09\/Copia-de-Copia-de-Copia-de-TAMANHO-EXATO-PARA-FOTOS-NO-SISTEMA-NOVO-20_2024-09-15_19-36-53_png_2024-09-15_19-36-53.webp.webp?fit=1200%2C675&ssl=1&resize=350%2C200 1x, https:\/\/i0.wp.com\/noticiasribeiraopreto.com.br\/wp-content\/uploads\/2024\/09\/Copia-de-Copia-de-Copia-de-TAMANHO-EXATO-PARA-FOTOS-NO-SISTEMA-NOVO-20_2024-09-15_19-36-53_png_2024-09-15_19-36-53.webp.webp?fit=1200%2C675&ssl=1&resize=525%2C300 1.5x, https:\/\/i0.wp.com\/noticiasribeiraopreto.com.br\/wp-content\/uploads\/2024\/09\/Copia-de-Copia-de-Copia-de-TAMANHO-EXATO-PARA-FOTOS-NO-SISTEMA-NOVO-20_2024-09-15_19-36-53_png_2024-09-15_19-36-53.webp.webp?fit=1200%2C675&ssl=1&resize=700%2C400 2x, https:\/\/i0.wp.com\/noticiasribeiraopreto.com.br\/wp-content\/uploads\/2024\/09\/Copia-de-Copia-de-Copia-de-TAMANHO-EXATO-PARA-FOTOS-NO-SISTEMA-NOVO-20_2024-09-15_19-36-53_png_2024-09-15_19-36-53.webp.webp?fit=1200%2C675&ssl=1&resize=1050%2C600 3x"},"classes":[]},{"id":69368,"url":"https:\/\/noticiasribeiraopreto.com.br\/index.php\/2025\/05\/05\/alison-dos-santos-natural-da-regiao-de-ribeirao-brilha-em-miami-com-novo-recorde\/","url_meta":{"origin":91210,"position":3},"title":"Alison dos Santos, natural da regi\u00e3o de Ribeir\u00e3o, brilha em Miami com novo recorde","author":"noticiasribeiraopreto.com.br","date":"5 de May de 2025","format":false,"excerpt":"O corredor Alison dos Santos, natural de S\u00e3o Joaquim da Barra, na regi\u00e3o de Ribeir\u00e3o Preto, fez a sua melhor marca pessoal nos 400 metros rasos, no \u00faltimo domingo (4). Alison fez o tempo de 44s53 para vencer a segunda etapa do Grand Slam Track 2025, em Miami, nos Estados\u2026","rel":"","context":"In &quot;Not\u00edcias de Ribeir\u00e3o Preto-SP e Regi\u00e3o&quot;","block_context":{"text":"Not\u00edcias de Ribeir\u00e3o Preto-SP e Regi\u00e3o","link":"https:\/\/noticiasribeiraopreto.com.br\/index.php\/category\/noticias-de-ribeirao-preto-sp-e-regiao-ismael-colosi\/"},"img":{"alt_text":"","src":"https:\/\/i0.wp.com\/noticiasribeiraopreto.com.br\/wp-content\/uploads\/2025\/05\/alison-dos-santos_2025-05-05_13-48-59.webp.webp?fit=1024%2C640&ssl=1&resize=350%2C200","width":350,"height":200,"srcset":"https:\/\/i0.wp.com\/noticiasribeiraopreto.com.br\/wp-content\/uploads\/2025\/05\/alison-dos-santos_2025-05-05_13-48-59.webp.webp?fit=1024%2C640&ssl=1&resize=350%2C200 1x, https:\/\/i0.wp.com\/noticiasribeiraopreto.com.br\/wp-content\/uploads\/2025\/05\/alison-dos-santos_2025-05-05_13-48-59.webp.webp?fit=1024%2C640&ssl=1&resize=525%2C300 1.5x, https:\/\/i0.wp.com\/noticiasribeiraopreto.com.br\/wp-content\/uploads\/2025\/05\/alison-dos-santos_2025-05-05_13-48-59.webp.webp?fit=1024%2C640&ssl=1&resize=700%2C400 2x"},"classes":[]},{"id":90731,"url":"https:\/\/noticiasribeiraopreto.com.br\/index.php\/2026\/08\/28\/alison-dos-santos-bate-recorde-mundial-dos-400m-com-barreiras\/","url_meta":{"origin":91210,"position":4},"title":"Alison dos Santos bate recorde mundial dos 400m com barreiras","author":"noticiasribeiraopreto.com.br","date":"28 de August de 2026","format":false,"excerpt":"\r \r \r 28 de agosto de 2026 07:3528 de agosto de 2026 00:05 \r Compartilhar0 Brasileiro alcan\u00e7a marca de 45s80 e conquista mais um t\u00edtulo na Diamond League Alison dos Santos, o Piu, superou o tempo do noruegu\u00eas Karsten Warholm nos 400 metros com barreiras e bateu o recorde\u2026","rel":"","context":"In &quot;Not\u00edcias de Ribeir\u00e3o Preto-SP e Regi\u00e3o&quot;","block_context":{"text":"Not\u00edcias de Ribeir\u00e3o Preto-SP e Regi\u00e3o","link":"https:\/\/noticiasribeiraopreto.com.br\/index.php\/category\/noticias-de-ribeirao-preto-sp-e-regiao-ismael-colosi\/"},"img":{"alt_text":"","src":"https:\/\/i0.wp.com\/noticiasribeiraopreto.com.br\/wp-content\/uploads\/2026\/08\/1-Alison-dos-Santos-AFP.jpeg?fit=984%2C656&ssl=1&resize=350%2C200","width":350,"height":200,"srcset":"https:\/\/i0.wp.com\/noticiasribeiraopreto.com.br\/wp-content\/uploads\/2026\/08\/1-Alison-dos-Santos-AFP.jpeg?fit=984%2C656&ssl=1&resize=350%2C200 1x, https:\/\/i0.wp.com\/noticiasribeiraopreto.com.br\/wp-content\/uploads\/2026\/08\/1-Alison-dos-Santos-AFP.jpeg?fit=984%2C656&ssl=1&resize=525%2C300 1.5x, https:\/\/i0.wp.com\/noticiasribeiraopreto.com.br\/wp-content\/uploads\/2026\/08\/1-Alison-dos-Santos-AFP.jpeg?fit=984%2C656&ssl=1&resize=700%2C400 2x"},"classes":[]},{"id":56004,"url":"https:\/\/noticiasribeiraopreto.com.br\/index.php\/2024\/08\/08\/conheca-alison-dos-santos-o-piu-atleta-que-disputa-final-olimpica-em-paris\/","url_meta":{"origin":91210,"position":5},"title":"Conhe\u00e7a Alison dos Santos, o Piu, atleta que disputa final ol\u00edmpica em Paris","author":"noticiasribeiraopreto.com.br","date":"8 de August de 2024","format":false,"excerpt":"Nesta sexta-feira (9), o atleta Alison dos Santos, o Piu, disputa a final dos 400 metros com barreiras, nos Jogos Ol\u00edmpicos de Paris 2024. O corredor, que \u00e9 nascido em S\u00e3o Joaquim da Barra, na regi\u00e3o de Ribeir\u00e3o Preto, \u00e9 um dos cotados ao p\u00f3dio na prova, que acontece \u00e0s\u2026","rel":"","context":"In &quot;Not\u00edcias de Ribeir\u00e3o Preto-SP e Regi\u00e3o&quot;","block_context":{"text":"Not\u00edcias de Ribeir\u00e3o Preto-SP e Regi\u00e3o","link":"https:\/\/noticiasribeiraopreto.com.br\/index.php\/category\/noticias-de-ribeirao-preto-sp-e-regiao-ismael-colosi\/"},"img":{"alt_text":"","src":"https:\/\/i0.wp.com\/noticiasribeiraopreto.com.br\/wp-content\/uploads\/2024\/08\/alison-dos-santos-piu_2024-08-08_19-02-19_jpg_2024-08-08_19-02-19.webp.webp?fit=1080%2C717&ssl=1&resize=350%2C200","width":350,"height":200,"srcset":"https:\/\/i0.wp.com\/noticiasribeiraopreto.com.br\/wp-content\/uploads\/2024\/08\/alison-dos-santos-piu_2024-08-08_19-02-19_jpg_2024-08-08_19-02-19.webp.webp?fit=1080%2C717&ssl=1&resize=350%2C200 1x, https:\/\/i0.wp.com\/noticiasribeiraopreto.com.br\/wp-content\/uploads\/2024\/08\/alison-dos-santos-piu_2024-08-08_19-02-19_jpg_2024-08-08_19-02-19.webp.webp?fit=1080%2C717&ssl=1&resize=525%2C300 1.5x, https:\/\/i0.wp.com\/noticiasribeiraopreto.com.br\/wp-content\/uploads\/2024\/08\/alison-dos-santos-piu_2024-08-08_19-02-19_jpg_2024-08-08_19-02-19.webp.webp?fit=1080%2C717&ssl=1&resize=700%2C400 2x, https:\/\/i0.wp.com\/noticiasribeiraopreto.com.br\/wp-content\/uploads\/2024\/08\/alison-dos-santos-piu_2024-08-08_19-02-19_jpg_2024-08-08_19-02-19.webp.webp?fit=1080%2C717&ssl=1&resize=1050%2C600 3x"},"classes":[]}],"jetpack_sharing_enabled":true,"jetpack_shortlink":"https:\/\/wp.me\/peQAOb-nJ8","jetpack_featured_media_url":"https:\/\/i0.wp.com\/noticiasribeiraopreto.com.br\/wp-content\/uploads\/2026\/09\/alisson-dos-santos-piu.jpeg?fit=1580%2C1032&ssl=1","_links":{"self":[{"href":"https:\/\/noticiasribeiraopreto.com.br\/index.php\/wp-json\/wp\/v2\/posts\/91210","targetHints":{"allow":["GET"]}}],"collection":[{"href":"https:\/\/noticiasribeiraopreto.com.br\/index.php\/wp-json\/wp\/v2\/posts"}],"about":[{"href":"https:\/\/noticiasribeiraopreto.com.br\/index.php\/wp-json\/wp\/v2\/types\/post"}],"author":[{"embeddable":true,"href":"https:\/\/noticiasribeiraopreto.com.br\/index.php\/wp-json\/wp\/v2\/users\/1"}],"replies":[{"embeddable":true,"href":"https:\/\/noticiasribeiraopreto.com.br\/index.php\/wp-json\/wp\/v2\/comments?post=91210"}],"version-history":[{"count":0,"href":"https:\/\/noticiasribeiraopreto.com.br\/index.php\/wp-json\/wp\/v2\/posts\/91210\/revisions"}],"wp:featuredmedia":[{"embeddable":true,"href":"https:\/\/noticiasribeiraopreto.com.br\/index.php\/wp-json\/wp\/v2\/media\/91211"}],"wp:attachment":[{"href":"https:\/\/noticiasribeiraopreto.com.br\/index.php\/wp-json\/wp\/v2\/media?parent=91210"}],"wp:term":[{"taxonomy":"category","embeddable":true,"href":"https:\/\/noticiasribeiraopreto.com.br\/index.php\/wp-json\/wp\/v2\/categories?post=91210"},{"taxonomy":"post_tag","embeddable":true,"href":"https:\/\/noticiasribeiraopreto.com.br\/index.php\/wp-json\/wp\/v2\/tags?post=91210"}],"curies":[{"name":"wp","href":"https:\/\/api.w.org\/{rel}","templated":true}]}}