{"id":9153,"date":"2023-12-01T15:57:34","date_gmt":"2023-12-01T18:57:34","guid":{"rendered":"https:\/\/noticiasribeiraopreto.com.br\/index.php\/2023\/12\/01\/ifal-seleciona-estudantes-para-cursos-tecnicos-gratuitos\/"},"modified":"2023-12-01T15:57:34","modified_gmt":"2023-12-01T18:57:34","slug":"ifal-seleciona-estudantes-para-cursos-tecnicos-gratuitos","status":"publish","type":"post","link":"https:\/\/noticiasribeiraopreto.com.br\/index.php\/2023\/12\/01\/ifal-seleciona-estudantes-para-cursos-tecnicos-gratuitos\/","title":{"rendered":"IFAL seleciona estudantes para cursos t\u00e9cnicos gratuitos"},"content":{"rendered":"<div class='code-block code-block-1' style='margin: 8px 0 8px auto; text-align: right; display: block; clear: both;'>\n<p><a href=\"https:\/\/wa.link\/vpicfd\"><img data-recalc-dims=\"1\" class=\"wp-image-4922\" style=\"aspect-ratio: 2.0253164556962027; width: 561px; height: auto;\" src=\"https:\/\/i0.wp.com\/ismaelcolosi.com.br\/wp-content\/uploads\/2023\/11\/grupo-de-empregos-whatsapp-e-facebook-ismael-colosi-vagas.jpg?ssl=1\" alt=\"\" \/><\/a><\/p>\n<!-- \/wp:image -->\n<\/div>\n<p> <br \/>\n<\/p>\n<div>\n<p>O <a href=\"https:\/\/www2.ifal.edu.br\/\" target=\"_blank\" rel=\"noopener\">Instituto Federal de Alagoas<\/a> (IFAL) est\u00e1 com inscri\u00e7\u00f5es abertas para a sele\u00e7\u00e3o de alunos para cursos t\u00e9cnicos gratuitos com in\u00edcio no <a href=\"https:\/\/catracalivre.com.br\/educacao\/usp-abre-inscricoes-para-mais-de-30-cursos-gratuitos-e-com-certificacao\/\">1\u00ba semestre de 2024<\/a>.<\/p>\n<p>As vagas s\u00e3o para cursos subsequentes e na modalidade Educa\u00e7\u00e3o de Jovens e Adultos (EJA) nos campi de Penedo, Piranhas e Maragogi.<\/p>\n<div id=\"attachment_2315801\" class=\"wp-caption aligncenter\">\n<div class=\"d-flex justify-content-center\" data-attachment-id=\"2315801\">\n<div class=\"position-relative d-inline-block\"><img data-recalc-dims=\"1\" data-portal-copyright=\"Divulga\u00e7\u00e3o\/IFAL\" fetchpriority=\"high\" decoding=\"async\" class=\"wp-image-2315801 size-large\" src=\"https:\/\/i0.wp.com\/catracalivre.com.br\/wp-content\/uploads\/2023\/11\/ifal-cursos-gratuitos-910x607.jpg?resize=910%2C607&#038;ssl=1\" alt=\"IFAL seleciona estudantes para cursos t\u00e9cnicos gratuitos\" width=\"910\" height=\"607\" srcset=\"https:\/\/catracalivre.com.br\/wp-content\/uploads\/2023\/11\/ifal-cursos-gratuitos-910x607.jpg 910w, https:\/\/catracalivre.com.br\/wp-content\/uploads\/2023\/11\/ifal-cursos-gratuitos-450x300.jpg 450w, https:\/\/catracalivre.com.br\/wp-content\/uploads\/2023\/11\/ifal-cursos-gratuitos-768x512.jpg 768w\" sizes=\"(max-width: 910px) 100vw, 910px\"\/><\/p>\n<p>Cr\u00e9ditos: Divulga\u00e7\u00e3o\/IFAL<\/p>\n<\/div>\n<\/div>\n<p><span class=\"post-imagem__legenda\">IFAL seleciona estudantes para cursos t\u00e9cnicos gratuitos<\/span><\/p>\n<\/div>\n<p>Cada unidade tem seus cursos, per\u00edodo de inscri\u00e7\u00f5es e cronograma separados. Confira abaixo:<\/p>\n<h2>Prazo de inscri\u00e7\u00f5es nos cursos t\u00e9cnicos gratuitos<\/h2>\n<h3>Penedo<\/h3>\n<p>No IFAL Campus Penedo, est\u00e3o sendo ofertados 40 vagas no curso subsequente de Qu\u00edmica. Para concorrer, \u00e9 necess\u00e1rio ter conclu\u00eddo o ensino m\u00e9dio. As inscri\u00e7\u00f5es, que s\u00e3o gratuitas, seguem at\u00e9 12 de janeiro e devem ser feitas de forma online (acesse <a href=\"https:\/\/exame-api.ifal.edu.br\/api\/selecoes\/3331923\/documentos\/3331948\/download\" target=\"_blank\" rel=\"noopener\">aqui<\/a>).<\/p>\n<p>O curso, com dura\u00e7\u00e3o de dois anos, ser\u00e1 ministrado no per\u00edodo noturno. Os requisitos para inscri\u00e7\u00e3o incluem a conclus\u00e3o do ensino m\u00e9dio ou equivalente at\u00e9 a data da matr\u00edcula.<\/p>\n<p>O resultado final dos classificados e o edital de matr\u00edcula ser\u00e3o divulgados em 29 de janeiro. O per\u00edodo de matr\u00edcula est\u00e1 previsto para ocorrer de 30 de janeiro a 2 de fevereiro.<\/p>\n<h3>Piranhas<\/h3>\n<p>J\u00e1 no sert\u00e3o alagoano, as vagas s\u00e3o para o curso integrado ao ensino m\u00e9dio de Alimentos, na modalidade Educa\u00e7\u00e3o de Jovens e Adultos (EJA) e as <a href=\"https:\/\/exame-api.ifal.edu.br\/api\/selecoes\/3331915\/documentos\/3333340\/download\" target=\"_blank\" rel=\"noopener\">inscri\u00e7\u00f5es v\u00e3o at\u00e9 29 de dezembro<\/a>, de forma presencial. \u00c9 necess\u00e1rio ter conclu\u00eddo o ensino fundamental para concorrer a uma vaga, al\u00e9m de ter no m\u00ednimo 18 anos de idade.<\/p>\n<h3>Maragogi<\/h3>\n<p>A unidade do IFAL em Maragogi tamb\u00e9m est\u00e1 ofertando 40 vagas para o curso de Servi\u00e7os de Restaurante e Bar na modalidade EJA. Nesse caso, as <a href=\"https:\/\/exame-api.ifal.edu.br\/api\/selecoes\/3331919\/documentos\/3333350\/download\" target=\"_blank\" rel=\"noopener\">inscri\u00e7\u00f5es se estendem at\u00e9 24 de janeiro<\/a>, de forma presencial, e os pr\u00e9-requisitos s\u00e3o ter conclu\u00eddo o ensino fundamental e ter no m\u00ednimo 18 anos de idade.<\/p>\n<\/div>\n<p><script>\n\t\t! function(f, b, e, v, n, t, s) {\n\t\t\tif (f.fbq) return;\n\t\t\tn = f.fbq = function() {\n\t\t\t\tn.callMethod ?\n\t\t\t\t\tn.callMethod.apply(n, arguments) : n.queue.push(arguments)\n\t\t\t};\n\t\t\tif (!f._fbq) f._fbq = n;\n\t\t\tn.push = n;\n\t\t\tn.loaded = !0;\n\t\t\tn.version = '2.0';\n\t\t\tn.queue = [];\n\t\t\tt = b.createElement(e);\n\t\t\tt.async = !0;\n\t\t\tt.src = v;\n\t\t\ts = b.getElementsByTagName(e)[0];\n\t\t\ts.parentNode.insertBefore(t, s)\n\t\t}(window, document, 'script',\n\t\t\t'https:\/\/connect.facebook.net\/en_US\/fbevents.js');\n\t\tfbq('init', '338315473262380');\n\t\tfbq('track', 'PageView');\n\t<\/script><br \/>\n<br \/><br \/>\n<br \/><a href=\"https:\/\/catracalivre.com.br\/educacao\/ifal-seleciona-estudantes-para-cursos-tecnicos-gratuitos\/\">Source link <\/a><\/p>\n<!-- CONTENT END 1 -->\n","protected":false},"excerpt":{"rendered":"<p>O Instituto Federal de Alagoas (IFAL) est\u00e1 com inscri\u00e7\u00f5es abertas para a sele\u00e7\u00e3o de alunos para cursos t\u00e9cnicos gratuitos com in\u00edcio no 1\u00ba semestre de&#8230;<\/p>\n","protected":false},"author":1,"featured_media":9154,"comment_status":"open","ping_status":"open","sticky":false,"template":"","format":"standard","meta":{"advanced_seo_description":"","jetpack_seo_html_title":"","jetpack_seo_noindex":false,"jetpack_post_was_ever_published":false,"_jetpack_newsletter_access":"","_jetpack_dont_email_post_to_subs":false,"_jetpack_newsletter_tier_id":0,"_jetpack_memberships_contains_paywalled_content":false,"_jetpack_memberships_contains_paid_content":false,"footnotes":"","jetpack_publicize_message":"","jetpack_publicize_feature_enabled":true,"jetpack_social_post_already_shared":true,"jetpack_social_options":{"image_generator_settings":{"template":"highway","default_image_id":0,"font":"","enabled":false},"version":2}},"categories":[19],"tags":[],"class_list":["post-9153","post","type-post","status-publish","format-standard","has-post-thumbnail","hentry","category-variedades"],"jetpack_publicize_connections":[],"jetpack_featured_media_url":"https:\/\/i0.wp.com\/noticiasribeiraopreto.com.br\/wp-content\/uploads\/2023\/12\/ifal-cursos-gratuitos.jpg?fit=1200%2C638&ssl=1","jetpack-related-posts":[{"id":22214,"url":"https:\/\/noticiasribeiraopreto.com.br\/index.php\/2023\/12\/29\/instituto-federal-oferece-mais-de-5600-vagas-em-cursos-tecnicos-gratuitos-ead-com-inicio-em-2024\/","url_meta":{"origin":9153,"position":0},"title":"Instituto Federal oferece mais de 5600 vagas em cursos t\u00e9cnicos GRATUITOS EAD com in\u00edcio em 2024","author":"noticiasribeiraopreto.com.br","date":"29 de December de 2023","format":false,"excerpt":"Foto: Canva As 5600 vagas ofertadas pelo Instituto Federal s\u00e3o distribu\u00eddas em 11 op\u00e7\u00f5es de cursos t\u00e9cnicos gratuitos, para estudar EAD. O Instituto Federal de Educa\u00e7\u00e3o, Ci\u00eancia e Tecnologia do Sul de Minas Gerais (IFSULDEMINAS) anunciou a abertura das inscri\u00e7\u00f5es para o processo seletivo de cursos t\u00e9cnicos gratuitos na modalidade\u2026","rel":"","context":"In &quot;Vagas de Emprego em Ribeir\u00e3o Preto-SP&quot;","block_context":{"text":"Vagas de Emprego em Ribeir\u00e3o Preto-SP","link":"https:\/\/noticiasribeiraopreto.com.br\/index.php\/category\/empregos-classificados-vagas-trabalho\/vagas-de-empregos-em-ribeirao-preto-regiao-brasil\/"},"img":{"alt_text":"","src":"https:\/\/i0.wp.com\/noticiasribeiraopreto.com.br\/wp-content\/uploads\/2023\/12\/instituto-federal-oferece-mais-de-5600-vagas-em-cursos-tecnicos-gratuitos-ead-com-inicio-em-2024-830x450.png?fit=830%2C450&ssl=1&resize=350%2C200","width":350,"height":200,"srcset":"https:\/\/i0.wp.com\/noticiasribeiraopreto.com.br\/wp-content\/uploads\/2023\/12\/instituto-federal-oferece-mais-de-5600-vagas-em-cursos-tecnicos-gratuitos-ead-com-inicio-em-2024-830x450.png?fit=830%2C450&ssl=1&resize=350%2C200 1x, https:\/\/i0.wp.com\/noticiasribeiraopreto.com.br\/wp-content\/uploads\/2023\/12\/instituto-federal-oferece-mais-de-5600-vagas-em-cursos-tecnicos-gratuitos-ead-com-inicio-em-2024-830x450.png?fit=830%2C450&ssl=1&resize=525%2C300 1.5x, https:\/\/i0.wp.com\/noticiasribeiraopreto.com.br\/wp-content\/uploads\/2023\/12\/instituto-federal-oferece-mais-de-5600-vagas-em-cursos-tecnicos-gratuitos-ead-com-inicio-em-2024-830x450.png?fit=830%2C450&ssl=1&resize=700%2C400 2x"},"classes":[]},{"id":6579,"url":"https:\/\/noticiasribeiraopreto.com.br\/index.php\/2023\/11\/26\/ifpe-oferece-5-414-vagas-em-132-cursos-gratuitos-confira\/","url_meta":{"origin":9153,"position":1},"title":"IFPE oferece 5.414 vagas em 132 cursos gratuitos; confira","author":"noticiasribeiraopreto.com.br","date":"26 de November de 2023","format":false,"excerpt":"O Instituto Federal de Educa\u00e7\u00e3o, Ci\u00eancia e Tecnologia de Pernambuco (IFPE) est\u00e1 com inscri\u00e7\u00f5es abertas cursos gratuitos nas modalidades presencial e a dist\u00e2ncia (EaD). S\u00e3o oferecidas ao todo 5.414 vagas. Do total de vagas disponibilizadas, 1.435 s\u00e3o para cursos de gradua\u00e7\u00e3o; 1.885 para cursos t\u00e9cnicos integrados ao ensino m\u00e9dio; 2.059\u2026","rel":"","context":"In &quot;Variedades&quot;","block_context":{"text":"Variedades","link":"https:\/\/noticiasribeiraopreto.com.br\/index.php\/category\/variedades\/"},"img":{"alt_text":"","src":"https:\/\/i0.wp.com\/noticiasribeiraopreto.com.br\/wp-content\/uploads\/2023\/11\/cursos-tecnicos-gratuitos-if-sertao-pe.png?fit=1200%2C638&ssl=1&resize=350%2C200","width":350,"height":200,"srcset":"https:\/\/i0.wp.com\/noticiasribeiraopreto.com.br\/wp-content\/uploads\/2023\/11\/cursos-tecnicos-gratuitos-if-sertao-pe.png?fit=1200%2C638&ssl=1&resize=350%2C200 1x, https:\/\/i0.wp.com\/noticiasribeiraopreto.com.br\/wp-content\/uploads\/2023\/11\/cursos-tecnicos-gratuitos-if-sertao-pe.png?fit=1200%2C638&ssl=1&resize=525%2C300 1.5x, https:\/\/i0.wp.com\/noticiasribeiraopreto.com.br\/wp-content\/uploads\/2023\/11\/cursos-tecnicos-gratuitos-if-sertao-pe.png?fit=1200%2C638&ssl=1&resize=700%2C400 2x, https:\/\/i0.wp.com\/noticiasribeiraopreto.com.br\/wp-content\/uploads\/2023\/11\/cursos-tecnicos-gratuitos-if-sertao-pe.png?fit=1200%2C638&ssl=1&resize=1050%2C600 3x"},"classes":[]},{"id":35890,"url":"https:\/\/noticiasribeiraopreto.com.br\/index.php\/2024\/02\/07\/senac-abre-inscricoes-com-vagas-para-curso-tecnico-gratuito-em-enfermagem-saiba-como-participar\/","url_meta":{"origin":9153,"position":2},"title":"Senac abre inscri\u00e7\u00f5es com vagas para curso T\u00e9cnico gratuito em Enfermagem. Saiba como participar","author":"noticiasribeiraopreto.com.br","date":"7 de February de 2024","format":false,"excerpt":"No Senac-MT, est\u00e3o abertas as inscri\u00e7\u00f5es para os cursos t\u00e9cnicos de enfermagem. S\u00e3o 22 vagas para quem tem mais de 17 anos e concluiu o ensino m\u00e9dio, ou est\u00e1 em andamento. O curso gratuito tem dura\u00e7\u00e3o de 2 anos e forma especialistas qualificados para atuar na \u00e1rea da sa\u00fade. Tem\u2026","rel":"","context":"In &quot;Empregos - Classificados&quot;","block_context":{"text":"Empregos - Classificados","link":"https:\/\/noticiasribeiraopreto.com.br\/index.php\/category\/empregos-classificados-vagas-trabalho\/"},"img":{"alt_text":"","src":"https:\/\/i0.wp.com\/noticiasribeiraopreto.com.br\/wp-content\/uploads\/2024\/02\/Curso.png?fit=1200%2C630&ssl=1&resize=350%2C200","width":350,"height":200,"srcset":"https:\/\/i0.wp.com\/noticiasribeiraopreto.com.br\/wp-content\/uploads\/2024\/02\/Curso.png?fit=1200%2C630&ssl=1&resize=350%2C200 1x, https:\/\/i0.wp.com\/noticiasribeiraopreto.com.br\/wp-content\/uploads\/2024\/02\/Curso.png?fit=1200%2C630&ssl=1&resize=525%2C300 1.5x, https:\/\/i0.wp.com\/noticiasribeiraopreto.com.br\/wp-content\/uploads\/2024\/02\/Curso.png?fit=1200%2C630&ssl=1&resize=700%2C400 2x, https:\/\/i0.wp.com\/noticiasribeiraopreto.com.br\/wp-content\/uploads\/2024\/02\/Curso.png?fit=1200%2C630&ssl=1&resize=1050%2C600 3x"},"classes":[]},{"id":10848,"url":"https:\/\/noticiasribeiraopreto.com.br\/index.php\/2023\/12\/05\/centro-de-educacao-profissional-de-campinas-abre-vagas-em-cursos-tecnicos-gratuitos\/","url_meta":{"origin":9153,"position":3},"title":"Centro de Educa\u00e7\u00e3o Profissional de Campinas abre vagas em cursos t\u00e9cnicos gratuitos","author":"noticiasribeiraopreto.com.br","date":"5 de December de 2023","format":false,"excerpt":"O Centro de Educa\u00e7\u00e3o Profissional de Campinas (Ceprocamp), vinculado \u00e0 Funda\u00e7\u00e3o Municipal para a Educa\u00e7\u00e3o Comunit\u00e1ria (Fumec), abre 150 vagas para cursos t\u00e9cnicos gratuitos em n\u00edvel m\u00e9dio para o primeiro semestre de 2024. As inscri\u00e7\u00f5es come\u00e7am nesta segunda-feira, 4, \u00e0s 9h, e podem ser feitas, exclusivamente, pela internet (fumec.sp.gov.br\/ceprocamp), at\u00e9\u2026","rel":"","context":"In &quot;Variedades&quot;","block_context":{"text":"Variedades","link":"https:\/\/noticiasribeiraopreto.com.br\/index.php\/category\/variedades\/"},"img":{"alt_text":"","src":"https:\/\/i0.wp.com\/noticiasribeiraopreto.com.br\/wp-content\/uploads\/2023\/12\/curso-gratuito-ceprocamp.jpg?fit=1200%2C638&ssl=1&resize=350%2C200","width":350,"height":200,"srcset":"https:\/\/i0.wp.com\/noticiasribeiraopreto.com.br\/wp-content\/uploads\/2023\/12\/curso-gratuito-ceprocamp.jpg?fit=1200%2C638&ssl=1&resize=350%2C200 1x, https:\/\/i0.wp.com\/noticiasribeiraopreto.com.br\/wp-content\/uploads\/2023\/12\/curso-gratuito-ceprocamp.jpg?fit=1200%2C638&ssl=1&resize=525%2C300 1.5x, https:\/\/i0.wp.com\/noticiasribeiraopreto.com.br\/wp-content\/uploads\/2023\/12\/curso-gratuito-ceprocamp.jpg?fit=1200%2C638&ssl=1&resize=700%2C400 2x, https:\/\/i0.wp.com\/noticiasribeiraopreto.com.br\/wp-content\/uploads\/2023\/12\/curso-gratuito-ceprocamp.jpg?fit=1200%2C638&ssl=1&resize=1050%2C600 3x"},"classes":[]},{"id":13100,"url":"https:\/\/noticiasribeiraopreto.com.br\/index.php\/2023\/12\/09\/senai-abre-vagas-em-cursos-tecnicos-gratuitos-no-interior-de-sp\/","url_meta":{"origin":9153,"position":4},"title":"Senai abre vagas em cursos t\u00e9cnicos gratuitos no interior de SP","author":"noticiasribeiraopreto.com.br","date":"9 de December de 2023","format":false,"excerpt":"O Servi\u00e7o Nacional de Aprendizagem Industrial em S\u00e3o Paulo (Senai-SP) est\u00e1 com inscri\u00e7\u00f5es abertas para mais de 40 cursos t\u00e9cnicos gratuitos de curta dura\u00e7\u00e3o no interior do estado. As vagas s\u00e3o para cursos presencial e na modalidade de ensino a dist\u00e2ncia (EaD). Cr\u00e9ditos: Divulga\u00e7\u00e3oSenai est\u00e1 com inscri\u00e7\u00f5es abertas para cursos\u2026","rel":"","context":"In &quot;Variedades&quot;","block_context":{"text":"Variedades","link":"https:\/\/noticiasribeiraopreto.com.br\/index.php\/category\/variedades\/"},"img":{"alt_text":"","src":"https:\/\/i0.wp.com\/noticiasribeiraopreto.com.br\/wp-content\/uploads\/2023\/12\/cursos-gratuitos-senai-botucatu.jpg?fit=1200%2C638&ssl=1&resize=350%2C200","width":350,"height":200,"srcset":"https:\/\/i0.wp.com\/noticiasribeiraopreto.com.br\/wp-content\/uploads\/2023\/12\/cursos-gratuitos-senai-botucatu.jpg?fit=1200%2C638&ssl=1&resize=350%2C200 1x, https:\/\/i0.wp.com\/noticiasribeiraopreto.com.br\/wp-content\/uploads\/2023\/12\/cursos-gratuitos-senai-botucatu.jpg?fit=1200%2C638&ssl=1&resize=525%2C300 1.5x, https:\/\/i0.wp.com\/noticiasribeiraopreto.com.br\/wp-content\/uploads\/2023\/12\/cursos-gratuitos-senai-botucatu.jpg?fit=1200%2C638&ssl=1&resize=700%2C400 2x, https:\/\/i0.wp.com\/noticiasribeiraopreto.com.br\/wp-content\/uploads\/2023\/12\/cursos-gratuitos-senai-botucatu.jpg?fit=1200%2C638&ssl=1&resize=1050%2C600 3x"},"classes":[]},{"id":71881,"url":"https:\/\/noticiasribeiraopreto.com.br\/index.php\/2025\/06\/11\/jornal-da-franca-uab-abre-vagas-para-cursos-tecnicos-gratuitos-e-on-line-em-franca\/","url_meta":{"origin":9153,"position":5},"title":"Jornal da Franca &#8211; UAB abre vagas para cursos t\u00e9cnicos gratuitos e on-line em Franca","author":"noticiasribeiraopreto.com.br","date":"11 de June de 2025","format":false,"excerpt":"compartilhar no whatsapp compartilhar no telegram compartilhar no facebook compartilhar no linkedin Sele\u00e7\u00e3o ser\u00e1 feita por sorteio eletr\u00f4nico; taxa simb\u00f3lica de R$ 10 \u00e9 exigida na inscri\u00e7\u00e3o S\u00e3o 35 oportunidades gratuitas para quem j\u00e1 concluiu o Ensino M\u00e9dio; inscri\u00e7\u00f5es v\u00e3o at\u00e9 18 de junho \u00a0 A Universidade Aberta do Brasil\u2026","rel":"","context":"In &quot;Not\u00edcias de Franca-SP&quot;","block_context":{"text":"Not\u00edcias de Franca-SP","link":"https:\/\/noticiasribeiraopreto.com.br\/index.php\/category\/noticias-de-ribeirao-preto-sp-e-regiao-ismael-colosi\/noticias-franca-sp\/"},"img":{"alt_text":"","src":"https:\/\/i0.wp.com\/noticiasribeiraopreto.com.br\/wp-content\/uploads\/2025\/06\/aluna-ead.jpg?fit=1200%2C705&ssl=1&resize=350%2C200","width":350,"height":200,"srcset":"https:\/\/i0.wp.com\/noticiasribeiraopreto.com.br\/wp-content\/uploads\/2025\/06\/aluna-ead.jpg?fit=1200%2C705&ssl=1&resize=350%2C200 1x, https:\/\/i0.wp.com\/noticiasribeiraopreto.com.br\/wp-content\/uploads\/2025\/06\/aluna-ead.jpg?fit=1200%2C705&ssl=1&resize=525%2C300 1.5x, https:\/\/i0.wp.com\/noticiasribeiraopreto.com.br\/wp-content\/uploads\/2025\/06\/aluna-ead.jpg?fit=1200%2C705&ssl=1&resize=700%2C400 2x, https:\/\/i0.wp.com\/noticiasribeiraopreto.com.br\/wp-content\/uploads\/2025\/06\/aluna-ead.jpg?fit=1200%2C705&ssl=1&resize=1050%2C600 3x"},"classes":[]}],"jetpack_sharing_enabled":true,"jetpack_shortlink":"https:\/\/wp.me\/peQAOb-2nD","_links":{"self":[{"href":"https:\/\/noticiasribeiraopreto.com.br\/index.php\/wp-json\/wp\/v2\/posts\/9153","targetHints":{"allow":["GET"]}}],"collection":[{"href":"https:\/\/noticiasribeiraopreto.com.br\/index.php\/wp-json\/wp\/v2\/posts"}],"about":[{"href":"https:\/\/noticiasribeiraopreto.com.br\/index.php\/wp-json\/wp\/v2\/types\/post"}],"author":[{"embeddable":true,"href":"https:\/\/noticiasribeiraopreto.com.br\/index.php\/wp-json\/wp\/v2\/users\/1"}],"replies":[{"embeddable":true,"href":"https:\/\/noticiasribeiraopreto.com.br\/index.php\/wp-json\/wp\/v2\/comments?post=9153"}],"version-history":[{"count":0,"href":"https:\/\/noticiasribeiraopreto.com.br\/index.php\/wp-json\/wp\/v2\/posts\/9153\/revisions"}],"wp:featuredmedia":[{"embeddable":true,"href":"https:\/\/noticiasribeiraopreto.com.br\/index.php\/wp-json\/wp\/v2\/media\/9154"}],"wp:attachment":[{"href":"https:\/\/noticiasribeiraopreto.com.br\/index.php\/wp-json\/wp\/v2\/media?parent=9153"}],"wp:term":[{"taxonomy":"category","embeddable":true,"href":"https:\/\/noticiasribeiraopreto.com.br\/index.php\/wp-json\/wp\/v2\/categories?post=9153"},{"taxonomy":"post_tag","embeddable":true,"href":"https:\/\/noticiasribeiraopreto.com.br\/index.php\/wp-json\/wp\/v2\/tags?post=9153"}],"curies":[{"name":"wp","href":"https:\/\/api.w.org\/{rel}","templated":true}]}}