{"id":9157,"date":"2023-12-01T16:00:16","date_gmt":"2023-12-01T19:00:16","guid":{"rendered":"https:\/\/noticiasribeiraopreto.com.br\/index.php\/2023\/12\/01\/feira-de-adocao-de-caes-e-gatos-acontece-neste-sabado-2\/"},"modified":"2023-12-01T16:00:16","modified_gmt":"2023-12-01T19:00:16","slug":"feira-de-adocao-de-caes-e-gatos-acontece-neste-sabado-2","status":"publish","type":"post","link":"https:\/\/noticiasribeiraopreto.com.br\/index.php\/2023\/12\/01\/feira-de-adocao-de-caes-e-gatos-acontece-neste-sabado-2\/","title":{"rendered":"Feira de ado\u00e7\u00e3o de c\u00e3es e gatos acontece neste s\u00e1bado (2)"},"content":{"rendered":"<div class='code-block code-block-1' style='margin: 8px 0 8px auto; text-align: right; display: block; clear: both;'>\n<p><a href=\"https:\/\/wa.link\/vpicfd\"><img data-recalc-dims=\"1\" class=\"wp-image-4922\" style=\"aspect-ratio: 2.0253164556962027; width: 561px; height: auto;\" src=\"https:\/\/i0.wp.com\/ismaelcolosi.com.br\/wp-content\/uploads\/2023\/11\/grupo-de-empregos-whatsapp-e-facebook-ismael-colosi-vagas.jpg?ssl=1\" alt=\"\" \/><\/a><\/p>\n<!-- \/wp:image -->\n<\/div>\n<p> <br \/>\n<\/p>\n<div id=\"\">\n<p> <span class=\"entry-meta-item penci-posted-on\"><i class=\"fa fa-clock-o\"\/><time class=\"entry-date published\" datetime=\"2023-12-01T16:00:16-03:00\">1 de dezembro de 2023 | 16:00<\/time><time class=\"updated\" datetime=\"2023-11-30T08:25:03-03:00\">30 de novembro de 2023 | 8:25<\/time><\/span><\/p>\n<p> <span class=\"penci-social-buttons penci-social-share-footer\"><a href=\"#\" class=\"penci-post-like penci_post-meta_item  single-like-button penci-social-item like\" data-post_id=\"365741\" title=\"Like\" data-like=\"Like\" data-unlike=\"Unlike\"><i class=\"fa fa-thumbs-o-up\"\/><span class=\"penci-share-number\">0<\/span><\/a><i class=\"fa fa-facebook\"\/><a class=\"penci-social-item twitter\" target=\"_blank\" rel=\"noopener\" title=\"\" href=\"https:\/\/twitter.com\/intent\/tweet?text=Feira%20de%20ado\u00e7\u00e3o%20de%20c\u00e3es%20e%20gatos%20acontece%20neste%20s\u00e1bado%20(2)%20-%20https:\/\/www.tribunaribeirao.com.br\/site\/feira-de-adocao-de-caes-e-gatos-acontece-neste-sabado-2\/\"><i class=\"fa fa-twitter\"\/><\/a><i class=\"fa fa-whatsapp\"\/><\/span><\/div>\n<div>\n<p>A Divis\u00e3o de Bem-Estar Animal, ligada a Secretaria de Meio Ambiente realiza neste s\u00e1bado, 2 de dezembro, das 9h \u00e0s 14h, um evento de ado\u00e7\u00e3o. S\u00e3o mais de 100 c\u00e3es de todas as idades e portes aguardando uma nova fam\u00edlia. Todos os animais est\u00e3o vacinados e vermifugados. J\u00e1 os animais adultos tamb\u00e9m est\u00e3o castrados e microchipados.<\/p>\n<p>No momento da ado\u00e7\u00e3o os interessados passam por uma entrevista para avaliar as condi\u00e7\u00f5es de guarda do cachorro ou gato e assinam um termo de responsabilidade sobre o animal. Orienta\u00e7\u00e3o quanto a ado\u00e7\u00e3o respons\u00e1vel tamb\u00e9m \u00e9 passada aos novos tutores.<\/p>\n<p>De acordo com o chefe da Divis\u00e3o de Bem-Estar Animal (DBEA), Guilherme Caniceiro, alguns pontos s\u00e3o levados em conta para a ado\u00e7\u00e3o. \u201cAdotar um animal de estima\u00e7\u00e3o n\u00e3o \u00e9 uma decis\u00e3o que deva ser tomada de \u00e2nimo leve. Quando escolhemos trazer um c\u00e3o ou gato para nossas vidas, estamos assumindo uma responsabilidade que vai al\u00e9m do amor e carinho que podemos oferecer. Estamos comprometidos a cuidar, alimentar, proteger e amar esses seres indefesos durante toda a sua vida\u201d, explica.<\/p>\n<p>\u201c\u00c9 preciso considerar a capacidade financeira, disponibilidade de tempo e espa\u00e7o em nossa casa. Precisamos estar prontos para fornecer cuidados veterin\u00e1rios, alimenta\u00e7\u00e3o de qualidade, exerc\u00edcio, treinamento e aten\u00e7\u00e3o constante. Al\u00e9m disso, adotar um animal de um abrigo ou centro de resgate \u00e9 uma maneira de dar uma segunda chance a um ser que j\u00e1 passou por dificuldades\u201d, diz Guilherme.<\/p>\n<p><strong>O que \u00e9 necess\u00e1rio? \u2013<\/strong>\u00a0Para adotar um animal, \u00e9 necess\u00e1rio a apresenta\u00e7\u00e3o de documento com foto e comprovante de resid\u00eancia. Tamb\u00e9m \u00e9 orientado aos adotantes levarem guias, para quem tem interesse por um c\u00e3ozinho, e caixa de transporte, para quem quer aumentar a fam\u00edlia com um gatinho. Para mais informa\u00e7\u00f5es, o telefone da DBEA \u00e9 (16) 3628-2778.<\/p>\n<p><strong>Servi\u00e7o<\/strong><\/p>\n<p><strong>Feira de Ado\u00e7\u00e3o<\/strong><\/p>\n<p>Data: S\u00e1bado, 2 de dezembro<\/p>\n<p>Hora: 9 \u00e0s 14h<\/p>\n<p>Local: Divis\u00e3o de Bem-Estar Animal<\/p>\n<p>Endere\u00e7o: avenida Eduardo Andrea Matarazzo (Via Norte), n\u00ba4255<\/p>\n<\/div>\n<p><script async src=\"\/\/platform.twitter.com\/widgets.js\" charset=\"utf-8\"><\/script><br \/>\n<br \/><br \/>\n<br \/><a href=\"https:\/\/www.tribunaribeirao.com.br\/site\/feira-de-adocao-de-caes-e-gatos-acontece-neste-sabado-2\/\">Source link <\/a><\/p>\n<!-- CONTENT END 1 -->\n","protected":false},"excerpt":{"rendered":"<p>1 de dezembro de 2023 | 16:0030 de novembro de 2023 | 8:25 0 A Divis\u00e3o de Bem-Estar Animal, ligada a Secretaria de Meio Ambiente&#8230;<\/p>\n","protected":false},"author":1,"featured_media":9158,"comment_status":"open","ping_status":"open","sticky":false,"template":"","format":"standard","meta":{"advanced_seo_description":"","jetpack_seo_html_title":"","jetpack_seo_noindex":false,"jetpack_post_was_ever_published":false,"_jetpack_newsletter_access":"","_jetpack_dont_email_post_to_subs":false,"_jetpack_newsletter_tier_id":0,"_jetpack_memberships_contains_paywalled_content":false,"_jetpack_memberships_contains_paid_content":false,"footnotes":"","jetpack_publicize_message":"","jetpack_publicize_feature_enabled":true,"jetpack_social_post_already_shared":true,"jetpack_social_options":{"image_generator_settings":{"template":"highway","default_image_id":0,"font":"","enabled":false},"version":2}},"categories":[11],"tags":[124,1247,1248,202,1249,263,264],"class_list":["post-9157","post","type-post","status-publish","format-standard","has-post-thumbnail","hentry","category-noticias-de-ribeirao-preto-sp-e-regiao-ismael-colosi","tag-acontece","tag-adocao","tag-caes","tag-feira","tag-gatos","tag-neste","tag-sabado"],"jetpack_publicize_connections":[],"jetpack_featured_media_url":"https:\/\/i0.wp.com\/noticiasribeiraopreto.com.br\/wp-content\/uploads\/2023\/12\/cachorro-scaled.jpg?fit=1000%2C563&ssl=1","jetpack-related-posts":[{"id":80057,"url":"https:\/\/noticiasribeiraopreto.com.br\/index.php\/2025\/11\/13\/ribeirao-tem-feira-de-adocao-com-190-caes-e-gatos-veja-quando\/","url_meta":{"origin":9157,"position":0},"title":"Ribeir\u00e3o tem feira de ado\u00e7\u00e3o com 190 c\u00e3es e gatos; Veja quando","author":"noticiasribeiraopreto.com.br","date":"13 de November de 2025","format":false,"excerpt":"Ribeir\u00e3o Preto recebe neste s\u00e1bado (15) mais uma feira de ado\u00e7\u00e3o de c\u00e3es e gatos na Unidade de Bem-Estar Animal (antiga DBEA), localizada na avenida Eduardo Andrea Matarazzo, n\u00ba 4.255, das 9h \u00e0s 14h. Ao todo, 190 animais estar\u00e3o dispon\u00edveis para ado\u00e7\u00e3o, entre c\u00e3es e gatos, todos vacinados, vermifugados, microchipados\u2026","rel":"","context":"In &quot;Not\u00edcias de Ribeir\u00e3o Preto-SP e Regi\u00e3o&quot;","block_context":{"text":"Not\u00edcias de Ribeir\u00e3o Preto-SP e Regi\u00e3o","link":"https:\/\/noticiasribeiraopreto.com.br\/index.php\/category\/noticias-de-ribeirao-preto-sp-e-regiao-ismael-colosi\/"},"img":{"alt_text":"","src":"https:\/\/i0.wp.com\/noticiasribeiraopreto.com.br\/wp-content\/uploads\/2025\/11\/dbea_doguinhos_adocao_-_foto_guilherme_sircili_313.jpg?fit=1200%2C800&ssl=1&resize=350%2C200","width":350,"height":200,"srcset":"https:\/\/i0.wp.com\/noticiasribeiraopreto.com.br\/wp-content\/uploads\/2025\/11\/dbea_doguinhos_adocao_-_foto_guilherme_sircili_313.jpg?fit=1200%2C800&ssl=1&resize=350%2C200 1x, https:\/\/i0.wp.com\/noticiasribeiraopreto.com.br\/wp-content\/uploads\/2025\/11\/dbea_doguinhos_adocao_-_foto_guilherme_sircili_313.jpg?fit=1200%2C800&ssl=1&resize=525%2C300 1.5x, https:\/\/i0.wp.com\/noticiasribeiraopreto.com.br\/wp-content\/uploads\/2025\/11\/dbea_doguinhos_adocao_-_foto_guilherme_sircili_313.jpg?fit=1200%2C800&ssl=1&resize=700%2C400 2x, https:\/\/i0.wp.com\/noticiasribeiraopreto.com.br\/wp-content\/uploads\/2025\/11\/dbea_doguinhos_adocao_-_foto_guilherme_sircili_313.jpg?fit=1200%2C800&ssl=1&resize=1050%2C600 3x"},"classes":[]},{"id":80904,"url":"https:\/\/noticiasribeiraopreto.com.br\/index.php\/2025\/12\/18\/feira-de-adocao-reune-mais-de-150-caes-e-gatos-em-ribeirao-preto\/","url_meta":{"origin":9157,"position":1},"title":"Feira de ado\u00e7\u00e3o re\u00fane mais de 150 c\u00e3es e gatos em Ribeir\u00e3o Preto","author":"noticiasribeiraopreto.com.br","date":"18 de December de 2025","format":false,"excerpt":"A Prefeitura de Ribeir\u00e3o Preto realiza neste s\u00e1bado (20) mais uma edi\u00e7\u00e3o da feira de ado\u00e7\u00e3o de c\u00e3es e gatos, das 9h \u00e0s 14h, na unidade de Bem-Estar Animal, localizada na avenida Eduardo Andrea Matarazzo, n\u00ba 4.255. De acordo com o \u00f3rg\u00e3o, atualmente s\u00e3o mais de 150 c\u00e3es e gatos\u2026","rel":"","context":"In &quot;Not\u00edcias de Ribeir\u00e3o Preto-SP e Regi\u00e3o&quot;","block_context":{"text":"Not\u00edcias de Ribeir\u00e3o Preto-SP e Regi\u00e3o","link":"https:\/\/noticiasribeiraopreto.com.br\/index.php\/category\/noticias-de-ribeirao-preto-sp-e-regiao-ismael-colosi\/"},"img":{"alt_text":"","src":"https:\/\/i0.wp.com\/noticiasribeiraopreto.com.br\/wp-content\/uploads\/2025\/12\/feiraadocao_001_2025-12-17_20-19-34.webp.webp?fit=1200%2C800&ssl=1&resize=350%2C200","width":350,"height":200,"srcset":"https:\/\/i0.wp.com\/noticiasribeiraopreto.com.br\/wp-content\/uploads\/2025\/12\/feiraadocao_001_2025-12-17_20-19-34.webp.webp?fit=1200%2C800&ssl=1&resize=350%2C200 1x, https:\/\/i0.wp.com\/noticiasribeiraopreto.com.br\/wp-content\/uploads\/2025\/12\/feiraadocao_001_2025-12-17_20-19-34.webp.webp?fit=1200%2C800&ssl=1&resize=525%2C300 1.5x, https:\/\/i0.wp.com\/noticiasribeiraopreto.com.br\/wp-content\/uploads\/2025\/12\/feiraadocao_001_2025-12-17_20-19-34.webp.webp?fit=1200%2C800&ssl=1&resize=700%2C400 2x, https:\/\/i0.wp.com\/noticiasribeiraopreto.com.br\/wp-content\/uploads\/2025\/12\/feiraadocao_001_2025-12-17_20-19-34.webp.webp?fit=1200%2C800&ssl=1&resize=1050%2C600 3x"},"classes":[]},{"id":15965,"url":"https:\/\/noticiasribeiraopreto.com.br\/index.php\/2023\/12\/14\/ribeirao-preto-tem-feirao-para-adocao-de-caes-e-gatos-neste-sabado-veja-como-adotar\/","url_meta":{"origin":9157,"position":2},"title":"Ribeir\u00e3o Preto tem feira para ado\u00e7\u00e3o de c\u00e3es e gatos neste s\u00e1bado; Veja como adotar","author":"noticiasribeiraopreto.com.br","date":"14 de December de 2023","format":false,"excerpt":"A Divis\u00e3o de Bem-Estar Animal (DBEA) de Ribeir\u00e3o Preto realiza, neste s\u00e1bado (16), das 9h \u00e0s 14h, na sede da divis\u00e3o, um feir\u00e3o para ado\u00e7\u00e3o de c\u00e3es e gatos de todas as idades. A conviv\u00eancia com animais de estima\u00e7\u00e3o proporciona momentos de alegria no dia a dia, al\u00e9m de in\u00fameros\u2026","rel":"","context":"In &quot;Not\u00edcias de Ribeir\u00e3o Preto-SP e Regi\u00e3o&quot;","block_context":{"text":"Not\u00edcias de Ribeir\u00e3o Preto-SP e Regi\u00e3o","link":"https:\/\/noticiasribeiraopreto.com.br\/index.php\/category\/noticias-de-ribeirao-preto-sp-e-regiao-ismael-colosi\/"},"img":{"alt_text":"","src":"https:\/\/i0.wp.com\/noticiasribeiraopreto.com.br\/wp-content\/uploads\/2023\/12\/Copia-de-Copia-de-TAMANHO-EXATO-PARA-FOTOS-NO-SISTEMA-NOVO-24.png?fit=1200%2C675&ssl=1&resize=350%2C200","width":350,"height":200,"srcset":"https:\/\/i0.wp.com\/noticiasribeiraopreto.com.br\/wp-content\/uploads\/2023\/12\/Copia-de-Copia-de-TAMANHO-EXATO-PARA-FOTOS-NO-SISTEMA-NOVO-24.png?fit=1200%2C675&ssl=1&resize=350%2C200 1x, https:\/\/i0.wp.com\/noticiasribeiraopreto.com.br\/wp-content\/uploads\/2023\/12\/Copia-de-Copia-de-TAMANHO-EXATO-PARA-FOTOS-NO-SISTEMA-NOVO-24.png?fit=1200%2C675&ssl=1&resize=525%2C300 1.5x, https:\/\/i0.wp.com\/noticiasribeiraopreto.com.br\/wp-content\/uploads\/2023\/12\/Copia-de-Copia-de-TAMANHO-EXATO-PARA-FOTOS-NO-SISTEMA-NOVO-24.png?fit=1200%2C675&ssl=1&resize=700%2C400 2x, https:\/\/i0.wp.com\/noticiasribeiraopreto.com.br\/wp-content\/uploads\/2023\/12\/Copia-de-Copia-de-TAMANHO-EXATO-PARA-FOTOS-NO-SISTEMA-NOVO-24.png?fit=1200%2C675&ssl=1&resize=1050%2C600 3x"},"classes":[]},{"id":37272,"url":"https:\/\/noticiasribeiraopreto.com.br\/index.php\/2024\/02\/15\/feira-tem-mais-de-50-filhotes-de-caes-e-gatos-para-adocao-em-ribeirao\/","url_meta":{"origin":9157,"position":3},"title":"Feira tem mais de 50 filhotes de c\u00e3es e gatos para ado\u00e7\u00e3o em Ribeir\u00e3o","author":"noticiasribeiraopreto.com.br","date":"15 de February de 2024","format":false,"excerpt":"Neste s\u00e1bado (17) e domingo (18), Ribeir\u00e3o Preto recebe uma feira de ado\u00e7\u00e3o com mais de 50 filhotes de c\u00e3es e gatos. O evento acontece das 9h \u00e0s 14h, na Divis\u00e3o de Bem-Estar Animal (DBEA), na avenida Eduardo Andrea Matarazzo (Via Norte), 4.255. Os animais dispon\u00edveis para ado\u00e7\u00e3o s\u00e3o vacinados\u2026","rel":"","context":"In &quot;Not\u00edcias de Ribeir\u00e3o Preto-SP e Regi\u00e3o&quot;","block_context":{"text":"Not\u00edcias de Ribeir\u00e3o Preto-SP e Regi\u00e3o","link":"https:\/\/noticiasribeiraopreto.com.br\/index.php\/category\/noticias-de-ribeirao-preto-sp-e-regiao-ismael-colosi\/"},"img":{"alt_text":"","src":"https:\/\/i0.wp.com\/noticiasribeiraopreto.com.br\/wp-content\/uploads\/2024\/02\/animais_dbea_-_foto_guilherme_sircili_117.jpg?fit=1200%2C800&ssl=1&resize=350%2C200","width":350,"height":200,"srcset":"https:\/\/i0.wp.com\/noticiasribeiraopreto.com.br\/wp-content\/uploads\/2024\/02\/animais_dbea_-_foto_guilherme_sircili_117.jpg?fit=1200%2C800&ssl=1&resize=350%2C200 1x, https:\/\/i0.wp.com\/noticiasribeiraopreto.com.br\/wp-content\/uploads\/2024\/02\/animais_dbea_-_foto_guilherme_sircili_117.jpg?fit=1200%2C800&ssl=1&resize=525%2C300 1.5x, https:\/\/i0.wp.com\/noticiasribeiraopreto.com.br\/wp-content\/uploads\/2024\/02\/animais_dbea_-_foto_guilherme_sircili_117.jpg?fit=1200%2C800&ssl=1&resize=700%2C400 2x, https:\/\/i0.wp.com\/noticiasribeiraopreto.com.br\/wp-content\/uploads\/2024\/02\/animais_dbea_-_foto_guilherme_sircili_117.jpg?fit=1200%2C800&ssl=1&resize=1050%2C600 3x"},"classes":[]},{"id":82829,"url":"https:\/\/noticiasribeiraopreto.com.br\/index.php\/2026\/02\/28\/mais-de-150-caes-e-gatos-esperam-por-um-lar-em-ribeirao-preto-saiba-como-adotar\/","url_meta":{"origin":9157,"position":4},"title":"Mais de 150 c\u00e3es e gatos esperam por um lar em Ribeir\u00e3o Preto; Saiba como adotar","author":"noticiasribeiraopreto.com.br","date":"28 de February de 2026","format":false,"excerpt":"Ribeir\u00e3o Preto recebe mais uma edi\u00e7\u00e3o da feira de ado\u00e7\u00e3o de c\u00e3es e gatos neste s\u00e1bado (28), na unidade de Bem-Estar Animal, localizada na avenida Eduardo Andrea Matarazzo (Via Norte), n\u00ba 4.255. O evento ser\u00e1 realizado das 9h \u00e0s 14h, e tem o objetivo de garantir um lar seguro, saud\u00e1vel\u2026","rel":"","context":"In &quot;Not\u00edcias de Ribeir\u00e3o Preto-SP e Regi\u00e3o&quot;","block_context":{"text":"Not\u00edcias de Ribeir\u00e3o Preto-SP e Regi\u00e3o","link":"https:\/\/noticiasribeiraopreto.com.br\/index.php\/category\/noticias-de-ribeirao-preto-sp-e-regiao-ismael-colosi\/"},"img":{"alt_text":"","src":"https:\/\/i0.wp.com\/noticiasribeiraopreto.com.br\/wp-content\/uploads\/2026\/02\/a.ok_.feiraadocao_guilhermesircili_2025-11-13_19-10-53.webp.webp?fit=1200%2C800&ssl=1&resize=350%2C200","width":350,"height":200,"srcset":"https:\/\/i0.wp.com\/noticiasribeiraopreto.com.br\/wp-content\/uploads\/2026\/02\/a.ok_.feiraadocao_guilhermesircili_2025-11-13_19-10-53.webp.webp?fit=1200%2C800&ssl=1&resize=350%2C200 1x, https:\/\/i0.wp.com\/noticiasribeiraopreto.com.br\/wp-content\/uploads\/2026\/02\/a.ok_.feiraadocao_guilhermesircili_2025-11-13_19-10-53.webp.webp?fit=1200%2C800&ssl=1&resize=525%2C300 1.5x, https:\/\/i0.wp.com\/noticiasribeiraopreto.com.br\/wp-content\/uploads\/2026\/02\/a.ok_.feiraadocao_guilhermesircili_2025-11-13_19-10-53.webp.webp?fit=1200%2C800&ssl=1&resize=700%2C400 2x, https:\/\/i0.wp.com\/noticiasribeiraopreto.com.br\/wp-content\/uploads\/2026\/02\/a.ok_.feiraadocao_guilhermesircili_2025-11-13_19-10-53.webp.webp?fit=1200%2C800&ssl=1&resize=1050%2C600 3x"},"classes":[]},{"id":46836,"url":"https:\/\/noticiasribeiraopreto.com.br\/index.php\/2024\/04\/15\/ribeirao-preto-tem-feira-de-adocao-de-caes-e-gatos-saiba-mais\/","url_meta":{"origin":9157,"position":5},"title":"Ribeir\u00e3o Preto tem feira de ado\u00e7\u00e3o de c\u00e3es e gatos; Saiba mais","author":"noticiasribeiraopreto.com.br","date":"15 de April de 2024","format":false,"excerpt":"Mais de 100 animais, entre c\u00e3es e gatos, est\u00e3o dispon\u00edveis para ado\u00e7\u00e3o durante feira que ser\u00e1 realizada pela Divis\u00e3o de Bem-Estar Animal de Ribeir\u00e3o Preto. O evento ser\u00e1 no s\u00e1bado (20), das 9h \u00e0s 14h, na sede do \u00f3rg\u00e3o, que fica na avenida Eduardo Andrea Matarazzo (Via Norte), 4.255. O\u2026","rel":"","context":"In &quot;Not\u00edcias de Ribeir\u00e3o Preto-SP e Regi\u00e3o&quot;","block_context":{"text":"Not\u00edcias de Ribeir\u00e3o Preto-SP e Regi\u00e3o","link":"https:\/\/noticiasribeiraopreto.com.br\/index.php\/category\/noticias-de-ribeirao-preto-sp-e-regiao-ismael-colosi\/"},"img":{"alt_text":"","src":"https:\/\/i0.wp.com\/noticiasribeiraopreto.com.br\/wp-content\/uploads\/2024\/04\/Copia-de-Copia-de-TAMANHO-EXATO-PARA-FOTOS-NO-SISTEMA-NOVO-39.webp.webp?fit=1200%2C675&ssl=1&resize=350%2C200","width":350,"height":200,"srcset":"https:\/\/i0.wp.com\/noticiasribeiraopreto.com.br\/wp-content\/uploads\/2024\/04\/Copia-de-Copia-de-TAMANHO-EXATO-PARA-FOTOS-NO-SISTEMA-NOVO-39.webp.webp?fit=1200%2C675&ssl=1&resize=350%2C200 1x, https:\/\/i0.wp.com\/noticiasribeiraopreto.com.br\/wp-content\/uploads\/2024\/04\/Copia-de-Copia-de-TAMANHO-EXATO-PARA-FOTOS-NO-SISTEMA-NOVO-39.webp.webp?fit=1200%2C675&ssl=1&resize=525%2C300 1.5x, https:\/\/i0.wp.com\/noticiasribeiraopreto.com.br\/wp-content\/uploads\/2024\/04\/Copia-de-Copia-de-TAMANHO-EXATO-PARA-FOTOS-NO-SISTEMA-NOVO-39.webp.webp?fit=1200%2C675&ssl=1&resize=700%2C400 2x, https:\/\/i0.wp.com\/noticiasribeiraopreto.com.br\/wp-content\/uploads\/2024\/04\/Copia-de-Copia-de-TAMANHO-EXATO-PARA-FOTOS-NO-SISTEMA-NOVO-39.webp.webp?fit=1200%2C675&ssl=1&resize=1050%2C600 3x"},"classes":[]}],"jetpack_sharing_enabled":true,"jetpack_shortlink":"https:\/\/wp.me\/peQAOb-2nH","_links":{"self":[{"href":"https:\/\/noticiasribeiraopreto.com.br\/index.php\/wp-json\/wp\/v2\/posts\/9157","targetHints":{"allow":["GET"]}}],"collection":[{"href":"https:\/\/noticiasribeiraopreto.com.br\/index.php\/wp-json\/wp\/v2\/posts"}],"about":[{"href":"https:\/\/noticiasribeiraopreto.com.br\/index.php\/wp-json\/wp\/v2\/types\/post"}],"author":[{"embeddable":true,"href":"https:\/\/noticiasribeiraopreto.com.br\/index.php\/wp-json\/wp\/v2\/users\/1"}],"replies":[{"embeddable":true,"href":"https:\/\/noticiasribeiraopreto.com.br\/index.php\/wp-json\/wp\/v2\/comments?post=9157"}],"version-history":[{"count":0,"href":"https:\/\/noticiasribeiraopreto.com.br\/index.php\/wp-json\/wp\/v2\/posts\/9157\/revisions"}],"wp:featuredmedia":[{"embeddable":true,"href":"https:\/\/noticiasribeiraopreto.com.br\/index.php\/wp-json\/wp\/v2\/media\/9158"}],"wp:attachment":[{"href":"https:\/\/noticiasribeiraopreto.com.br\/index.php\/wp-json\/wp\/v2\/media?parent=9157"}],"wp:term":[{"taxonomy":"category","embeddable":true,"href":"https:\/\/noticiasribeiraopreto.com.br\/index.php\/wp-json\/wp\/v2\/categories?post=9157"},{"taxonomy":"post_tag","embeddable":true,"href":"https:\/\/noticiasribeiraopreto.com.br\/index.php\/wp-json\/wp\/v2\/tags?post=9157"}],"curies":[{"name":"wp","href":"https:\/\/api.w.org\/{rel}","templated":true}]}}