{"id":9195,"date":"2023-12-01T17:00:23","date_gmt":"2023-12-01T20:00:23","guid":{"rendered":"https:\/\/noticiasribeiraopreto.com.br\/index.php\/2023\/12\/01\/sambistas-vao-ganhar-um-canal-especial-em-varias-plataformas-digitais\/"},"modified":"2023-12-01T17:00:23","modified_gmt":"2023-12-01T20:00:23","slug":"sambistas-vao-ganhar-um-canal-especial-em-varias-plataformas-digitais","status":"publish","type":"post","link":"https:\/\/noticiasribeiraopreto.com.br\/index.php\/2023\/12\/01\/sambistas-vao-ganhar-um-canal-especial-em-varias-plataformas-digitais\/","title":{"rendered":"Sambistas v\u00e3o ganhar um canal especial em v\u00e1rias plataformas digitais"},"content":{"rendered":"<div class='code-block code-block-1' style='margin: 8px 0 8px auto; text-align: right; display: block; clear: both;'>\n<p><a href=\"https:\/\/wa.link\/vpicfd\"><img data-recalc-dims=\"1\" class=\"wp-image-4922\" style=\"aspect-ratio: 2.0253164556962027; width: 561px; height: auto;\" src=\"https:\/\/i0.wp.com\/ismaelcolosi.com.br\/wp-content\/uploads\/2023\/11\/grupo-de-empregos-whatsapp-e-facebook-ismael-colosi-vagas.jpg?ssl=1\" alt=\"\" \/><\/a><\/p>\n<!-- \/wp:image -->\n<\/div>\n<p> <br \/>\n<\/p>\n<div id=\"\">\n<p> <span class=\"entry-meta-item penci-posted-on\"><i class=\"fa fa-clock-o\"\/><time class=\"entry-date published\" datetime=\"2023-12-01T17:00:23-03:00\">1 de dezembro de 2023 | 17:00<\/time><time class=\"updated\" datetime=\"2023-11-30T19:22:55-03:00\">30 de novembro de 2023 | 19:22<\/time><\/span><\/p>\n<p> <span class=\"penci-social-buttons penci-social-share-footer\"><a href=\"#\" class=\"penci-post-like penci_post-meta_item  single-like-button penci-social-item like\" data-post_id=\"365836\" title=\"Like\" data-like=\"Like\" data-unlike=\"Unlike\"><i class=\"fa fa-thumbs-o-up\"\/><span class=\"penci-share-number\">0<\/span><\/a><i class=\"fa fa-facebook\"\/><a class=\"penci-social-item twitter\" target=\"_blank\" rel=\"noopener\" title=\"\" href=\"https:\/\/twitter.com\/intent\/tweet?text=Sambistas%20v\u00e3o%20ganhar%20um%20canal%20especial%20em%20v\u00e1rias%20plataformas%20digitais%20-%20https:\/\/www.tribunaribeirao.com.br\/site\/sambistas-vao-ganhar-um-canal-especial-em-varias-plataformas-digitais\/\"><i class=\"fa fa-twitter\"\/><\/a><i class=\"fa fa-whatsapp\"\/><\/span><\/div>\n<div>\n<p>A R\u00e1dio Samba idealizada por Dudu Pagodinho e Maur\u00edcio Barzilai chega com a miss\u00e3o de ser o canal do sambista brasileiro e, por isso, todos os seus conte\u00fados\/programas s\u00e3o ligados ao ritmo mais popular e mais conhecido internacionalmente: o samba.<\/p>\n<p>Durante a programa\u00e7\u00e3o, todos os componentes ser\u00e3o envolvidos, tais como cantores, compositores, escritores, produtores, m\u00fasicos, dan\u00e7arinos, historiadores, cen\u00f3grafos, entre outros. Ela contar\u00e1 com 10 programas, com 10 epis\u00f3dios por cada temporada. Os temas s\u00e3o para l\u00e1 de variados, passeando pela gastronomia, indo \u00e0 literatura, por\u00e9m eles sempre estar\u00e3o conectados com o samba.<\/p>\n<p>Sua inaugura\u00e7\u00e3o ser\u00e1 em 2 de dezembro, Dia Nacional do Samba, a partir das 12h. Ela \u00e9 completamente gratuita e poder\u00e1 ser acessada nacionalmente e internacionalmente por meio do link: (radiosambaoficial.com.br), que tamb\u00e9m estar\u00e1 dispon\u00edvel nas plataformas digitais WebR\u00e1dio, YouTube, Instagram Spotify e Facebook.<\/p>\n<p>Segundo Dudu Pagodinho, que tamb\u00e9m assina a dire\u00e7\u00e3o art\u00edstica da R\u00e1dio Samba, o primeiro programa ser\u00e1 chamado de \u201cDiz que fui por a\u00ed\u201d.\u00a0 \u201cEsse programa ser\u00e1 um passeio pelas rodas de samba tradicionais do Rio de Janeiro. N\u00f3s tamb\u00e9m vamos postar no Spotify o nosso primeiro podcast com uma entrevista com Nelson Rufino, Abel Luiz e Carlinhos 7 Cordas na banda. Lan\u00e7aremos ainda p\u00edlulas para Instagram e Tiktok. Seremos o canal de perpetua\u00e7\u00e3o do samba\u201d, afirma Dudu, filho do ilustre sambista Zeca Pagodinho.<\/p>\n<p>Para Mauricio Barzilai, diretor executivo, parceiro de Dudu nesta empreitada, a R\u00e1dio Samba tem como objetivo construir conte\u00fado e hist\u00f3rias preservando assim o samba, patrim\u00f4nio imaterial da Humanidade. \u201cNa primeira conversa que tive com o Dudu, ficou claro que as novas m\u00eddias poderiam devolver ao samba o seu lugar de protagonismo na cultura nacional. Desde ent\u00e3o unimos for\u00e7as e trabalhamos incessantemente para que a R\u00e1dio Samba se concretizasse\u201d.<\/p>\n<p>Todos os conte\u00fados e todas as produ\u00e7\u00f5es audiovisuais est\u00e3o sendo realizados pelos alunos dos cursos de cinema, jornalismo, publicidade, fotografia e produ\u00e7\u00e3o de audiovisual da Est\u00e1cio. \u201cQuando conheci o projeto fiquei totalmente entusiasmada e, juntos, fechamos uma parceria bem bacana para R\u00e1dio Samba. Conseguimos fazer com que os nossos alunos criassem textos\/artes diferenciados\u201d, orgulha-se Gisele Barreto, diretora acad\u00eamica de conte\u00fado da R\u00e1dio Samba e coordenadora da Est\u00e1cio.<\/p>\n<p><strong>0Um pouquinho da Hist\u00f3ria do Samba\u00a0<\/strong><\/p>\n<p>Comemoramos o Dia Nacional do Samba, em 2 de dezembro e esse estilo musical \u00e9 uma das maiores manifesta\u00e7\u00f5es da cultura popular de nosso pa\u00eds. O samba surgiu no Rio de Janeiro e recebeu a influ\u00eancia dos batuques advindos da \u00c1frica por meio dos escravos que foram trazidos para o Brasil.<\/p>\n<p>No s\u00e9culo XX, o samba ganhou for\u00e7a e tornou-se dominante em diversos bairros dos sub\u00farbios cariocas e tamb\u00e9m em seus morros. Jo\u00e3o da Baiana, filho da baiana Tia Perciliana, gravou \u201cBatuque na Cozinha\u201d e Donga, chamado Joaquim Maria dos Santos, lan\u00e7ou \u201cPelo Telefone\u201d.<\/p>\n<p>Tia Ciata, Clementina de Jesus e Dona Ivone Lara foram as vozes femininas que mais ganharam destaques no cen\u00e1rio do samba do Rio de Janeiro. Elas inspiraram diversas mulheres e, hoje em dia, o samba conta com dezenas de nomes expressivos.<\/p>\n<p>\u00a0<\/p>\n<\/div>\n<p><script async src=\"\/\/platform.twitter.com\/widgets.js\" charset=\"utf-8\"><\/script><br \/>\n<br \/><br \/>\n<br \/><a href=\"https:\/\/www.tribunaribeirao.com.br\/site\/sambistas-vao-ganhar-um-canal-especial-em-varias-plataformas-digitais\/\">Source link <\/a><\/p>\n<!-- CONTENT END 1 -->\n","protected":false},"excerpt":{"rendered":"<p>1 de dezembro de 2023 | 17:0030 de novembro de 2023 | 19:22 0 A R\u00e1dio Samba idealizada por Dudu Pagodinho e Maur\u00edcio Barzilai chega&#8230;<\/p>\n","protected":false},"author":1,"featured_media":9196,"comment_status":"open","ping_status":"open","sticky":false,"template":"","format":"standard","meta":{"advanced_seo_description":"","jetpack_seo_html_title":"","jetpack_seo_noindex":false,"jetpack_post_was_ever_published":false,"_jetpack_newsletter_access":"","_jetpack_dont_email_post_to_subs":false,"_jetpack_newsletter_tier_id":0,"_jetpack_memberships_contains_paywalled_content":false,"_jetpack_memberships_contains_paid_content":false,"footnotes":"","jetpack_publicize_message":"","jetpack_publicize_feature_enabled":true,"jetpack_social_post_already_shared":true,"jetpack_social_options":{"image_generator_settings":{"template":"highway","default_image_id":0,"font":"","enabled":false},"version":2}},"categories":[11],"tags":[1259,1262,923,797,1261,1257,1258,1260],"class_list":["post-9195","post","type-post","status-publish","format-standard","has-post-thumbnail","hentry","category-noticias-de-ribeirao-preto-sp-e-regiao-ismael-colosi","tag-canal","tag-digitais","tag-especial","tag-ganhar","tag-plataformas","tag-sambistas","tag-vao","tag-varias"],"jetpack_publicize_connections":[],"jetpack_featured_media_url":"https:\/\/i0.wp.com\/noticiasribeiraopreto.com.br\/wp-content\/uploads\/2023\/12\/samba.jpg?fit=658%2C616&ssl=1","jetpack-related-posts":[{"id":11495,"url":"https:\/\/noticiasribeiraopreto.com.br\/index.php\/2023\/12\/06\/7-maneiras-honestas-de-ganhar-muito-dinheiro-com-a-internet-meu-valor-digital\/","url_meta":{"origin":9195,"position":0},"title":"7 maneiras honestas de ganhar muito dinheiro com a internet &#8211; Meu Valor Digital","author":"noticiasribeiraopreto.com.br","date":"6 de December de 2023","format":false,"excerpt":"Em um mundo repleto de promessas duvidosas sobre ganhar dinheiro online, \u00e9 compreens\u00edvel que muitos se sintam c\u00e9ticos. Afinal, a internet \u00e9 um terreno f\u00e9rtil para oportunidades, mas tamb\u00e9m para esquemas enganosos. Como algu\u00e9m que enfrentou as lutas da vida, especialmente na busca por escapar da pobreza, estou aqui para\u2026","rel":"","context":"In &quot;Vagas de Emprego em Ribeir\u00e3o Preto-SP&quot;","block_context":{"text":"Vagas de Emprego em Ribeir\u00e3o Preto-SP","link":"https:\/\/noticiasribeiraopreto.com.br\/index.php\/category\/empregos-classificados-vagas-trabalho\/vagas-de-empregos-em-ribeirao-preto-regiao-brasil\/"},"img":{"alt_text":"","src":"https:\/\/i0.wp.com\/noticiasribeiraopreto.com.br\/wp-content\/uploads\/2023\/12\/jovem-feliz-trabalhando.jpg?fit=1200%2C801&ssl=1&resize=350%2C200","width":350,"height":200,"srcset":"https:\/\/i0.wp.com\/noticiasribeiraopreto.com.br\/wp-content\/uploads\/2023\/12\/jovem-feliz-trabalhando.jpg?fit=1200%2C801&ssl=1&resize=350%2C200 1x, https:\/\/i0.wp.com\/noticiasribeiraopreto.com.br\/wp-content\/uploads\/2023\/12\/jovem-feliz-trabalhando.jpg?fit=1200%2C801&ssl=1&resize=525%2C300 1.5x, https:\/\/i0.wp.com\/noticiasribeiraopreto.com.br\/wp-content\/uploads\/2023\/12\/jovem-feliz-trabalhando.jpg?fit=1200%2C801&ssl=1&resize=700%2C400 2x, https:\/\/i0.wp.com\/noticiasribeiraopreto.com.br\/wp-content\/uploads\/2023\/12\/jovem-feliz-trabalhando.jpg?fit=1200%2C801&ssl=1&resize=1050%2C600 3x"},"classes":[]},{"id":28745,"url":"https:\/\/noticiasribeiraopreto.com.br\/index.php\/2024\/01\/16\/ribeirao-preto-vai-ganhar-unidade-do-bar-do-zeca-pagodinho-veja-o-local\/","url_meta":{"origin":9195,"position":1},"title":"Ribeir\u00e3o Preto vai ganhar unidade do Bar do Zeca Pagodinho; Veja o local","author":"noticiasribeiraopreto.com.br","date":"16 de January de 2024","format":false,"excerpt":"Ribeir\u00e3o Preto vai ganhar uma unidade do Bar do Zeca Pagodinho, que dever\u00e1 ser instalado na Arena Nicnet Eurobike, o est\u00e1dio do Botafogo, onde ficava o Seo Tib\u00e9rio, que encerrou as atividades no final de 2023. A informa\u00e7\u00e3o foi confirmada pela assessoria do cantor Zeca Pagodinho ao acidade on Ribeir\u00e3o,\u2026","rel":"","context":"In &quot;Not\u00edcias de Ribeir\u00e3o Preto-SP e Regi\u00e3o&quot;","block_context":{"text":"Not\u00edcias de Ribeir\u00e3o Preto-SP e Regi\u00e3o","link":"https:\/\/noticiasribeiraopreto.com.br\/index.php\/category\/noticias-de-ribeirao-preto-sp-e-regiao-ismael-colosi\/"},"img":{"alt_text":"","src":"https:\/\/i0.wp.com\/noticiasribeiraopreto.com.br\/wp-content\/uploads\/2024\/01\/bar-do-zeca-pagodinho.jpg?fit=940%2C798&ssl=1&resize=350%2C200","width":350,"height":200,"srcset":"https:\/\/i0.wp.com\/noticiasribeiraopreto.com.br\/wp-content\/uploads\/2024\/01\/bar-do-zeca-pagodinho.jpg?fit=940%2C798&ssl=1&resize=350%2C200 1x, https:\/\/i0.wp.com\/noticiasribeiraopreto.com.br\/wp-content\/uploads\/2024\/01\/bar-do-zeca-pagodinho.jpg?fit=940%2C798&ssl=1&resize=525%2C300 1.5x, https:\/\/i0.wp.com\/noticiasribeiraopreto.com.br\/wp-content\/uploads\/2024\/01\/bar-do-zeca-pagodinho.jpg?fit=940%2C798&ssl=1&resize=700%2C400 2x"},"classes":[]},{"id":24137,"url":"https:\/\/noticiasribeiraopreto.com.br\/index.php\/2024\/01\/03\/3-formas-de-ganhar-dinheiro-com-a-inteligencia-artificial-meu-valor-digital\/","url_meta":{"origin":9195,"position":2},"title":"3 formas de ganhar dinheiro com a Intelig\u00eancia Artificial &#8211; Meu Valor Digital","author":"noticiasribeiraopreto.com.br","date":"3 de January de 2024","format":false,"excerpt":"A intelig\u00eancia artificial (IA) veio para facilitar o mundo, muitas coisas que antes s\u00f3 poderiam ser feitas por profissionais qualificados, hoje ficaram mais acess\u00edveis. Qualquer pessoa pode escrever um texto ou at\u00e9 mesmo criar uma imagem com qualidade profissional, tudo isso com ajuda de uma IA. J\u00e1 citamos em outros\u2026","rel":"","context":"In &quot;Vagas de Emprego em Ribeir\u00e3o Preto-SP&quot;","block_context":{"text":"Vagas de Emprego em Ribeir\u00e3o Preto-SP","link":"https:\/\/noticiasribeiraopreto.com.br\/index.php\/category\/empregos-classificados-vagas-trabalho\/vagas-de-empregos-em-ribeirao-preto-regiao-brasil\/"},"img":{"alt_text":"","src":"https:\/\/i0.wp.com\/noticiasribeiraopreto.com.br\/wp-content\/uploads\/2024\/01\/homens-e-robos-no-futuro.jpg?fit=1200%2C800&ssl=1&resize=350%2C200","width":350,"height":200,"srcset":"https:\/\/i0.wp.com\/noticiasribeiraopreto.com.br\/wp-content\/uploads\/2024\/01\/homens-e-robos-no-futuro.jpg?fit=1200%2C800&ssl=1&resize=350%2C200 1x, https:\/\/i0.wp.com\/noticiasribeiraopreto.com.br\/wp-content\/uploads\/2024\/01\/homens-e-robos-no-futuro.jpg?fit=1200%2C800&ssl=1&resize=525%2C300 1.5x, https:\/\/i0.wp.com\/noticiasribeiraopreto.com.br\/wp-content\/uploads\/2024\/01\/homens-e-robos-no-futuro.jpg?fit=1200%2C800&ssl=1&resize=700%2C400 2x, https:\/\/i0.wp.com\/noticiasribeiraopreto.com.br\/wp-content\/uploads\/2024\/01\/homens-e-robos-no-futuro.jpg?fit=1200%2C800&ssl=1&resize=1050%2C600 3x"},"classes":[]},{"id":946,"url":"https:\/\/noticiasribeiraopreto.com.br\/index.php\/2023\/11\/09\/pericles-e-zeze-di-camargo-vao-se-apresentar-juntos-em-ribeirao-preto\/","url_meta":{"origin":9195,"position":3},"title":"P\u00e9ricles e Zez\u00e9 Di Camargo v\u00e3o se apresentar juntos em Ribeir\u00e3o Preto","author":"noticiasribeiraopreto.com.br","date":"9 de November de 2023","format":false,"excerpt":"O sambista P\u00e9ricles e o cantor sertanejo Zez\u00e9 Di Camargo v\u00e3o se apresentar juntos em Ribeir\u00e3o Preto. O show \u201cDo Sert\u00e3o ao Samba\u201d est\u00e1 marcado para o dia 29 de mar\u00e7o de 2024, no Centro de Eventos Quinta Linda. Os organizadores do evento n\u00e3o divulgaram informa\u00e7\u00f5es sobre a venda de\u2026","rel":"","context":"In &quot;Not\u00edcias de Ribeir\u00e3o Preto-SP e Regi\u00e3o&quot;","block_context":{"text":"Not\u00edcias de Ribeir\u00e3o Preto-SP e Regi\u00e3o","link":"https:\/\/noticiasribeiraopreto.com.br\/index.php\/category\/noticias-de-ribeirao-preto-sp-e-regiao-ismael-colosi\/"},"img":{"alt_text":"","src":"https:\/\/i0.wp.com\/noticiasribeiraopreto.com.br\/wp-content\/uploads\/2023\/11\/pericles-e-zeze-di-camargo.jpeg?fit=1200%2C675&ssl=1&resize=350%2C200","width":350,"height":200,"srcset":"https:\/\/i0.wp.com\/noticiasribeiraopreto.com.br\/wp-content\/uploads\/2023\/11\/pericles-e-zeze-di-camargo.jpeg?fit=1200%2C675&ssl=1&resize=350%2C200 1x, https:\/\/i0.wp.com\/noticiasribeiraopreto.com.br\/wp-content\/uploads\/2023\/11\/pericles-e-zeze-di-camargo.jpeg?fit=1200%2C675&ssl=1&resize=525%2C300 1.5x, https:\/\/i0.wp.com\/noticiasribeiraopreto.com.br\/wp-content\/uploads\/2023\/11\/pericles-e-zeze-di-camargo.jpeg?fit=1200%2C675&ssl=1&resize=700%2C400 2x, https:\/\/i0.wp.com\/noticiasribeiraopreto.com.br\/wp-content\/uploads\/2023\/11\/pericles-e-zeze-di-camargo.jpeg?fit=1200%2C675&ssl=1&resize=1050%2C600 3x"},"classes":[]},{"id":11473,"url":"https:\/\/noticiasribeiraopreto.com.br\/index.php\/2023\/12\/06\/66-profissoes-que-vao-ganhar-os-maiores-salarios-do-brasil-em-2024-meu-valor-digital\/","url_meta":{"origin":9195,"position":4},"title":"66 profiss\u00f5es que v\u00e3o ganhar os maiores sal\u00e1rios do Brasil em 2024 &#8211; Meu Valor Digital","author":"noticiasribeiraopreto.com.br","date":"6 de December de 2023","format":false,"excerpt":"66 profiss\u00f5es que v\u00e3o ganhar os maiores sal\u00e1rios do Brasil em 2024 - Meu Valor Digital - Not\u00edcias atualizadas In\u00edcioChamadas66 profiss\u00f5es que v\u00e3o ganhar os maiores sal\u00e1rios do Brasil em 2024 Source link","rel":"","context":"In &quot;Vagas de Emprego em Ribeir\u00e3o Preto-SP&quot;","block_context":{"text":"Vagas de Emprego em Ribeir\u00e3o Preto-SP","link":"https:\/\/noticiasribeiraopreto.com.br\/index.php\/category\/empregos-classificados-vagas-trabalho\/vagas-de-empregos-em-ribeirao-preto-regiao-brasil\/"},"img":{"alt_text":"","src":"https:\/\/i0.wp.com\/noticiasribeiraopreto.com.br\/wp-content\/uploads\/2023\/12\/profissional-de-alto-escalao.jpg?fit=1200%2C800&ssl=1&resize=350%2C200","width":350,"height":200,"srcset":"https:\/\/i0.wp.com\/noticiasribeiraopreto.com.br\/wp-content\/uploads\/2023\/12\/profissional-de-alto-escalao.jpg?fit=1200%2C800&ssl=1&resize=350%2C200 1x, https:\/\/i0.wp.com\/noticiasribeiraopreto.com.br\/wp-content\/uploads\/2023\/12\/profissional-de-alto-escalao.jpg?fit=1200%2C800&ssl=1&resize=525%2C300 1.5x, https:\/\/i0.wp.com\/noticiasribeiraopreto.com.br\/wp-content\/uploads\/2023\/12\/profissional-de-alto-escalao.jpg?fit=1200%2C800&ssl=1&resize=700%2C400 2x, https:\/\/i0.wp.com\/noticiasribeiraopreto.com.br\/wp-content\/uploads\/2023\/12\/profissional-de-alto-escalao.jpg?fit=1200%2C800&ssl=1&resize=1050%2C600 3x"},"classes":[]},{"id":13115,"url":"https:\/\/noticiasribeiraopreto.com.br\/index.php\/2023\/12\/09\/15-maneiras-legais-de-ganhar-dinheiro-sem-fazer-quase-nada-meu-valor-digital\/","url_meta":{"origin":9195,"position":5},"title":"15 maneiras legais de ganhar dinheiro sem fazer quase nada &#8211; Meu Valor Digital","author":"noticiasribeiraopreto.com.br","date":"9 de December de 2023","format":false,"excerpt":"Ganhar dinheiro \u00e9 o sonho de muita gente, agora j\u00e1 pensou em ganhar dinheiro sem precisar fazer muito esfor\u00e7o? Parece algo fantasioso demais, ou at\u00e9 mesmo para enganar os outros, mas a ideia \u00e9 um pouco diferente\u2026 Isso porque, felizmente existem sim algumas op\u00e7\u00f5es muito c\u00f4modas de se ganhar dinheiro\u2026","rel":"","context":"In &quot;Vagas de Emprego em Ribeir\u00e3o Preto-SP&quot;","block_context":{"text":"Vagas de Emprego em Ribeir\u00e3o Preto-SP","link":"https:\/\/noticiasribeiraopreto.com.br\/index.php\/category\/empregos-classificados-vagas-trabalho\/vagas-de-empregos-em-ribeirao-preto-regiao-brasil\/"},"img":{"alt_text":"","src":"https:\/\/i0.wp.com\/noticiasribeiraopreto.com.br\/wp-content\/uploads\/2023\/12\/1702123148_mv1200x675.png?fit=1200%2C675&ssl=1&resize=350%2C200","width":350,"height":200,"srcset":"https:\/\/i0.wp.com\/noticiasribeiraopreto.com.br\/wp-content\/uploads\/2023\/12\/1702123148_mv1200x675.png?fit=1200%2C675&ssl=1&resize=350%2C200 1x, https:\/\/i0.wp.com\/noticiasribeiraopreto.com.br\/wp-content\/uploads\/2023\/12\/1702123148_mv1200x675.png?fit=1200%2C675&ssl=1&resize=525%2C300 1.5x, https:\/\/i0.wp.com\/noticiasribeiraopreto.com.br\/wp-content\/uploads\/2023\/12\/1702123148_mv1200x675.png?fit=1200%2C675&ssl=1&resize=700%2C400 2x, https:\/\/i0.wp.com\/noticiasribeiraopreto.com.br\/wp-content\/uploads\/2023\/12\/1702123148_mv1200x675.png?fit=1200%2C675&ssl=1&resize=1050%2C600 3x"},"classes":[]}],"jetpack_sharing_enabled":true,"jetpack_shortlink":"https:\/\/wp.me\/peQAOb-2oj","_links":{"self":[{"href":"https:\/\/noticiasribeiraopreto.com.br\/index.php\/wp-json\/wp\/v2\/posts\/9195","targetHints":{"allow":["GET"]}}],"collection":[{"href":"https:\/\/noticiasribeiraopreto.com.br\/index.php\/wp-json\/wp\/v2\/posts"}],"about":[{"href":"https:\/\/noticiasribeiraopreto.com.br\/index.php\/wp-json\/wp\/v2\/types\/post"}],"author":[{"embeddable":true,"href":"https:\/\/noticiasribeiraopreto.com.br\/index.php\/wp-json\/wp\/v2\/users\/1"}],"replies":[{"embeddable":true,"href":"https:\/\/noticiasribeiraopreto.com.br\/index.php\/wp-json\/wp\/v2\/comments?post=9195"}],"version-history":[{"count":0,"href":"https:\/\/noticiasribeiraopreto.com.br\/index.php\/wp-json\/wp\/v2\/posts\/9195\/revisions"}],"wp:featuredmedia":[{"embeddable":true,"href":"https:\/\/noticiasribeiraopreto.com.br\/index.php\/wp-json\/wp\/v2\/media\/9196"}],"wp:attachment":[{"href":"https:\/\/noticiasribeiraopreto.com.br\/index.php\/wp-json\/wp\/v2\/media?parent=9195"}],"wp:term":[{"taxonomy":"category","embeddable":true,"href":"https:\/\/noticiasribeiraopreto.com.br\/index.php\/wp-json\/wp\/v2\/categories?post=9195"},{"taxonomy":"post_tag","embeddable":true,"href":"https:\/\/noticiasribeiraopreto.com.br\/index.php\/wp-json\/wp\/v2\/tags?post=9195"}],"curies":[{"name":"wp","href":"https:\/\/api.w.org\/{rel}","templated":true}]}}