{"id":9225,"date":"2023-12-01T18:26:10","date_gmt":"2023-12-01T21:26:10","guid":{"rendered":"https:\/\/noticiasribeiraopreto.com.br\/index.php\/2023\/12\/01\/pfizer-descontinua-pilula-para-perda-de-peso-apos-fortes-efeitos-colaterais\/"},"modified":"2023-12-01T18:26:10","modified_gmt":"2023-12-01T21:26:10","slug":"pfizer-descontinua-pilula-para-perda-de-peso-apos-fortes-efeitos-colaterais","status":"publish","type":"post","link":"https:\/\/noticiasribeiraopreto.com.br\/index.php\/2023\/12\/01\/pfizer-descontinua-pilula-para-perda-de-peso-apos-fortes-efeitos-colaterais\/","title":{"rendered":"Pfizer descontinua p\u00edlula para perda de peso ap\u00f3s fortes efeitos colaterais"},"content":{"rendered":"<div class='code-block code-block-1' style='margin: 8px 0 8px auto; text-align: right; display: block; clear: both;'>\n<p><a href=\"https:\/\/wa.link\/vpicfd\"><img data-recalc-dims=\"1\" class=\"wp-image-4922\" style=\"aspect-ratio: 2.0253164556962027; width: 561px; height: auto;\" src=\"https:\/\/i0.wp.com\/ismaelcolosi.com.br\/wp-content\/uploads\/2023\/11\/grupo-de-empregos-whatsapp-e-facebook-ismael-colosi-vagas.jpg?ssl=1\" alt=\"\" \/><\/a><\/p>\n<!-- \/wp:image -->\n<\/div>\n<p> <br \/>\n<\/p>\n<div>\n<p>A <a href=\"https:\/\/catracalivre.com.br\/saude-bem-estar\/medicamento-da-pfizer-causa-perda-de-peso-semelhante-a-do-ozempic\/\">Pfizer<\/a> anunciou nesta sexta-feira, 1\u00ba, que n\u00e3o avan\u00e7ar\u00e1 com uma vers\u00e3o do medicamento oral para perda de peso, <a href=\"https:\/\/catracalivre.com.br\/saude-bem-estar\/medicamento-da-pfizer-causa-perda-de-peso-semelhante-a-do-ozempic\/\">danuglipron<\/a>, duas vezes ao dia, devido \u00e0s altas taxas de efeitos colaterais adversos.<\/p>\n<p>A maioria dos pacientes desistiu de continuar com um ensaio cl\u00ednico com o medicamento ap\u00f3s problemas de toler\u00e2ncia \u00e0 p\u00edlula. Houve relatos de<a href=\"https:\/\/catracalivre.com.br\/saude-bem-estar\/qual-a-relacao-entre-o-estresse-e-a-saude-gastrointestinal\/\"> problemas gastrointestinais<\/a>, incluindo n\u00e1useas e v\u00f4mitos.<\/p>\n<div id=\"attachment_2316046\" class=\"wp-caption alignnone\">\n<div class=\"d-flex justify-content-center\" data-attachment-id=\"2316046\">\n<div class=\"position-relative d-inline-block\"><img data-recalc-dims=\"1\" data-portal-copyright=\"Dusan Stankovic\/istock\" fetchpriority=\"high\" decoding=\"async\" class=\"wp-image-2316046 size-large\" src=\"https:\/\/i0.wp.com\/catracalivre.com.br\/wp-content\/uploads\/2023\/12\/istock-1424263565-910x607.jpg?resize=910%2C607&#038;ssl=1\" alt=\"Pfizer descontinua p\u00edlula para perda de peso ap\u00f3s fortes efeitos colaterais\" width=\"910\" height=\"607\" srcset=\"https:\/\/catracalivre.com.br\/wp-content\/uploads\/2023\/12\/istock-1424263565-910x607.jpg 910w, https:\/\/catracalivre.com.br\/wp-content\/uploads\/2023\/12\/istock-1424263565-450x300.jpg 450w, https:\/\/catracalivre.com.br\/wp-content\/uploads\/2023\/12\/istock-1424263565-768x512.jpg 768w\" sizes=\"(max-width: 910px) 100vw, 910px\"\/><\/p>\n<p>Cr\u00e9ditos: Dusan Stankovic\/istock<\/p>\n<\/div>\n<\/div>\n<p><span class=\"post-imagem__legenda\">Pfizer descontinua p\u00edlula para perda de peso ap\u00f3s fortes efeitos colaterais<\/span><\/p>\n<\/div>\n<p>Cerca de 73% das pessoas sentiram n\u00e1useas, at\u00e9 47% vomitaram e at\u00e9 25% tiveram diarreia.<\/p>\n<p>O ensaio de fase dois da Pfizer sobre a p\u00edlula analisou cerca de 600 adultos obesos sem <a href=\"https:\/\/catracalivre.com.br\/saude-bem-estar\/este-cha-e-um-forte-aliado-no-controle-de-diabetes-tipo-2\/\">diabetes tipo 2<\/a>.<\/p>\n<h2>Resultado na perda de peso<\/h2>\n<p>A pesquisa examinou o efeito da droga na perda de peso ap\u00f3s 26 ou 32 semanas, em diferentes doses variando de 40 miligramas a 200 miligramas.<\/p>\n<p>A Pfizer informou que o medicamento reduziu o peso em at\u00e9 13% em 32 semanas.<\/p>\n<p>Danuglipron pertence \u00e0 mesma classe de tratamentos para diabetes e obesidade que Wegovy e <a href=\"https:\/\/catracalivre.com.br\/saude-bem-estar\/jovem-vai-parar-na-uti-por-uso-de-ozempic\/\">Ozempic<\/a> da Novo Nordisk.<\/p>\n<p>Eles funcionam imitando um horm\u00f4nio produzido no intestino chamado GLP-1. Isso sinaliza ao c\u00e9rebro quando uma pessoa est\u00e1 saciada.<\/p>\n<p>A Pfizer disse que n\u00e3o foram observados novos problemas de seguran\u00e7a e que o danuglipron n\u00e3o estava ligado ao aumento das enzimas hep\u00e1ticas, como sua outra p\u00edlula para perda de peso descontinuada.<\/p>\n<p>A empresa farmac\u00eautica comunicou ainda que agora se concentraria em uma vers\u00e3o modificada do danuglipron, uma vez ao dia.<\/p>\n<\/div>\n<p><script>\n\t\t! function(f, b, e, v, n, t, s) {\n\t\t\tif (f.fbq) return;\n\t\t\tn = f.fbq = function() {\n\t\t\t\tn.callMethod ?\n\t\t\t\t\tn.callMethod.apply(n, arguments) : n.queue.push(arguments)\n\t\t\t};\n\t\t\tif (!f._fbq) f._fbq = n;\n\t\t\tn.push = n;\n\t\t\tn.loaded = !0;\n\t\t\tn.version = '2.0';\n\t\t\tn.queue = [];\n\t\t\tt = b.createElement(e);\n\t\t\tt.async = !0;\n\t\t\tt.src = v;\n\t\t\ts = b.getElementsByTagName(e)[0];\n\t\t\ts.parentNode.insertBefore(t, s)\n\t\t}(window, document, 'script',\n\t\t\t'https:\/\/connect.facebook.net\/en_US\/fbevents.js');\n\t\tfbq('init', '338315473262380');\n\t\tfbq('track', 'PageView');\n\t<\/script><br \/>\n<br \/><br \/>\n<br \/><a href=\"https:\/\/catracalivre.com.br\/saude-bem-estar\/pfizer-descontinua-pilula-para-perda-de-peso-apos-fortes-efeitos-colaterais\/\">Source link <\/a><\/p>\n<!-- CONTENT END 1 -->\n","protected":false},"excerpt":{"rendered":"<p>A Pfizer anunciou nesta sexta-feira, 1\u00ba, que n\u00e3o avan\u00e7ar\u00e1 com uma vers\u00e3o do medicamento oral para perda de peso, danuglipron, duas vezes ao dia, devido&#8230;<\/p>\n","protected":false},"author":1,"featured_media":9226,"comment_status":"open","ping_status":"open","sticky":false,"template":"","format":"standard","meta":{"advanced_seo_description":"","jetpack_seo_html_title":"","jetpack_seo_noindex":false,"jetpack_post_was_ever_published":false,"_jetpack_newsletter_access":"","_jetpack_dont_email_post_to_subs":false,"_jetpack_newsletter_tier_id":0,"_jetpack_memberships_contains_paywalled_content":false,"_jetpack_memberships_contains_paid_content":false,"footnotes":"","jetpack_publicize_message":"","jetpack_publicize_feature_enabled":true,"jetpack_social_post_already_shared":true,"jetpack_social_options":{"image_generator_settings":{"template":"highway","default_image_id":0,"font":"","enabled":false},"version":2}},"categories":[19],"tags":[],"class_list":["post-9225","post","type-post","status-publish","format-standard","has-post-thumbnail","hentry","category-variedades"],"jetpack_publicize_connections":[],"jetpack_featured_media_url":"https:\/\/i0.wp.com\/noticiasribeiraopreto.com.br\/wp-content\/uploads\/2023\/12\/istock-1424263565.jpg?fit=1200%2C638&ssl=1","jetpack-related-posts":[{"id":67697,"url":"https:\/\/noticiasribeiraopreto.com.br\/index.php\/2025\/04\/17\/rival-do-ozempic-pilula-pode-ser-nova-opcao-para-diabetes-e-perda-de-peso-saiba-mais\/","url_meta":{"origin":9225,"position":0},"title":"Rival do Ozempic? P\u00edlula pode ser nova op\u00e7\u00e3o para diabetes e perda de peso; saiba mais","author":"noticiasribeiraopreto.com.br","date":"17 de April de 2025","format":false,"excerpt":"A farmac\u00eautica Eli Lilly anunciou que a primeira p\u00edlula com o receptor GLP-1 \u2013 o mesmo encontrado no Ozempic e no Wegovy \u2013 utilizado para perda de peso est\u00e1 um passo mais perto de chegar ao mercado. A Eli Lilly informou que seu comprimido experimental atingiu os objetivos em um\u2026","rel":"","context":"In &quot;Not\u00edcias de Ribeir\u00e3o Preto-SP e Regi\u00e3o&quot;","block_context":{"text":"Not\u00edcias de Ribeir\u00e3o Preto-SP e Regi\u00e3o","link":"https:\/\/noticiasribeiraopreto.com.br\/index.php\/category\/noticias-de-ribeirao-preto-sp-e-regiao-ismael-colosi\/"},"img":{"alt_text":"","src":"https:\/\/i0.wp.com\/noticiasribeiraopreto.com.br\/wp-content\/uploads\/2025\/04\/pilula_2025-04-17_15-45-13.webp.webp?fit=1200%2C800&ssl=1&resize=350%2C200","width":350,"height":200,"srcset":"https:\/\/i0.wp.com\/noticiasribeiraopreto.com.br\/wp-content\/uploads\/2025\/04\/pilula_2025-04-17_15-45-13.webp.webp?fit=1200%2C800&ssl=1&resize=350%2C200 1x, https:\/\/i0.wp.com\/noticiasribeiraopreto.com.br\/wp-content\/uploads\/2025\/04\/pilula_2025-04-17_15-45-13.webp.webp?fit=1200%2C800&ssl=1&resize=525%2C300 1.5x, https:\/\/i0.wp.com\/noticiasribeiraopreto.com.br\/wp-content\/uploads\/2025\/04\/pilula_2025-04-17_15-45-13.webp.webp?fit=1200%2C800&ssl=1&resize=700%2C400 2x, https:\/\/i0.wp.com\/noticiasribeiraopreto.com.br\/wp-content\/uploads\/2025\/04\/pilula_2025-04-17_15-45-13.webp.webp?fit=1200%2C800&ssl=1&resize=1050%2C600 3x"},"classes":[]},{"id":68209,"url":"https:\/\/noticiasribeiraopreto.com.br\/index.php\/2025\/04\/23\/avanca-comprimido-para-diabetes-e-perda-de-peso\/","url_meta":{"origin":9225,"position":1},"title":"Avan\u00e7a comprimido para diabetes e perda de peso\u00a0","author":"noticiasribeiraopreto.com.br","date":"23 de April de 2025","format":false,"excerpt":"23 de abril de 2025 12:3023 de abril de 2025 08:367 Compartilhar0 O primeiro comprimido de GLP-1 para perda de peso est\u00e1 um passo mais perto de chegar ao mercado. A Eli Lilly afirmou que seu comprimido experimental atingiu seus objetivos em um estudo crucial, ajudando pacientes com diabetes a\u2026","rel":"","context":"In &quot;Not\u00edcias de Ribeir\u00e3o Preto-SP e Regi\u00e3o&quot;","block_context":{"text":"Not\u00edcias de Ribeir\u00e3o Preto-SP e Regi\u00e3o","link":"https:\/\/noticiasribeiraopreto.com.br\/index.php\/category\/noticias-de-ribeirao-preto-sp-e-regiao-ismael-colosi\/"},"img":{"alt_text":"","src":"https:\/\/i0.wp.com\/noticiasribeiraopreto.com.br\/wp-content\/uploads\/2025\/04\/antidiabetes-678x678-1.jpg?fit=678%2C678&ssl=1&resize=350%2C200","width":350,"height":200,"srcset":"https:\/\/i0.wp.com\/noticiasribeiraopreto.com.br\/wp-content\/uploads\/2025\/04\/antidiabetes-678x678-1.jpg?fit=678%2C678&ssl=1&resize=350%2C200 1x, https:\/\/i0.wp.com\/noticiasribeiraopreto.com.br\/wp-content\/uploads\/2025\/04\/antidiabetes-678x678-1.jpg?fit=678%2C678&ssl=1&resize=525%2C300 1.5x"},"classes":[]},{"id":72270,"url":"https:\/\/noticiasribeiraopreto.com.br\/index.php\/2025\/06\/15\/jornal-da-franca-tomar-cafe-pode-atrapalhar-a-eficacia-destes-medicamentos-veja-quais\/","url_meta":{"origin":9225,"position":2},"title":"Jornal da Franca &#8211; Tomar caf\u00e9 pode atrapalhar a efic\u00e1cia destes medicamentos; veja quais!","author":"noticiasribeiraopreto.com.br","date":"15 de June de 2025","format":false,"excerpt":"compartilhar no whatsapp compartilhar no telegram compartilhar no facebook compartilhar no linkedin A cafe\u00edna pode se ligar a medicamentos antidepressivos e antipsic\u00f3ticos no est\u00f4mago, diminuindo sua absor\u00e7\u00e3o e sua efic\u00e1cia Caf\u00e9 pode interagir com certos medicamentos, de comprimidos para resfriado a antidepressivos \u2013 foto Arquivo \u00a0 Para muitos pessoas, o\u2026","rel":"","context":"In &quot;Not\u00edcias de Franca-SP&quot;","block_context":{"text":"Not\u00edcias de Franca-SP","link":"https:\/\/noticiasribeiraopreto.com.br\/index.php\/category\/noticias-de-ribeirao-preto-sp-e-regiao-ismael-colosi\/noticias-franca-sp\/"},"img":{"alt_text":"","src":"https:\/\/i0.wp.com\/noticiasribeiraopreto.com.br\/wp-content\/uploads\/2025\/06\/medicamentosblogsaude-scaled.jpg?fit=1200%2C642&ssl=1&resize=350%2C200","width":350,"height":200,"srcset":"https:\/\/i0.wp.com\/noticiasribeiraopreto.com.br\/wp-content\/uploads\/2025\/06\/medicamentosblogsaude-scaled.jpg?fit=1200%2C642&ssl=1&resize=350%2C200 1x, https:\/\/i0.wp.com\/noticiasribeiraopreto.com.br\/wp-content\/uploads\/2025\/06\/medicamentosblogsaude-scaled.jpg?fit=1200%2C642&ssl=1&resize=525%2C300 1.5x, https:\/\/i0.wp.com\/noticiasribeiraopreto.com.br\/wp-content\/uploads\/2025\/06\/medicamentosblogsaude-scaled.jpg?fit=1200%2C642&ssl=1&resize=700%2C400 2x, https:\/\/i0.wp.com\/noticiasribeiraopreto.com.br\/wp-content\/uploads\/2025\/06\/medicamentosblogsaude-scaled.jpg?fit=1200%2C642&ssl=1&resize=1050%2C600 3x"},"classes":[]},{"id":11949,"url":"https:\/\/noticiasribeiraopreto.com.br\/index.php\/2023\/12\/07\/alimentos-que-devem-ser-evitados-se-voce-toma-ozempic\/","url_meta":{"origin":9225,"position":3},"title":"Alimentos que devem ser evitados se voc\u00ea toma Ozempic","author":"noticiasribeiraopreto.com.br","date":"7 de December de 2023","format":false,"excerpt":"Medicamentos como Ozempic e Wegovy s\u00e3o utilizados no tratamento da obesidade e do diabetes. Embora muitas pessoas observem melhorias em sua sa\u00fade como resultado desses medicamentos, algumas tamb\u00e9m apresentam efeitos colaterais gastrointestinais. Como funcionam esses medicamentos? Ozempic e o Wegovy s\u00e3o agonistas do receptor do pept\u00eddeo 1 semelhante ao glucagon\u2026","rel":"","context":"In &quot;Variedades&quot;","block_context":{"text":"Variedades","link":"https:\/\/noticiasribeiraopreto.com.br\/index.php\/category\/variedades\/"},"img":{"alt_text":"","src":"https:\/\/i0.wp.com\/noticiasribeiraopreto.com.br\/wp-content\/uploads\/2023\/12\/istock-1151492050.jpg?fit=1200%2C638&ssl=1&resize=350%2C200","width":350,"height":200,"srcset":"https:\/\/i0.wp.com\/noticiasribeiraopreto.com.br\/wp-content\/uploads\/2023\/12\/istock-1151492050.jpg?fit=1200%2C638&ssl=1&resize=350%2C200 1x, https:\/\/i0.wp.com\/noticiasribeiraopreto.com.br\/wp-content\/uploads\/2023\/12\/istock-1151492050.jpg?fit=1200%2C638&ssl=1&resize=525%2C300 1.5x, https:\/\/i0.wp.com\/noticiasribeiraopreto.com.br\/wp-content\/uploads\/2023\/12\/istock-1151492050.jpg?fit=1200%2C638&ssl=1&resize=700%2C400 2x, https:\/\/i0.wp.com\/noticiasribeiraopreto.com.br\/wp-content\/uploads\/2023\/12\/istock-1151492050.jpg?fit=1200%2C638&ssl=1&resize=1050%2C600 3x"},"classes":[]},{"id":8201,"url":"https:\/\/noticiasribeiraopreto.com.br\/index.php\/2023\/11\/29\/morte-de-jovens-apos-tomarem-anticoncepcional-chama-atencao\/","url_meta":{"origin":9225,"position":4},"title":"Morte de jovens ap\u00f3s tomarem anticoncepcional chama aten\u00e7\u00e3o","author":"noticiasribeiraopreto.com.br","date":"29 de November de 2023","format":false,"excerpt":"Duas mulheres jovens que tomaram a p\u00edlula anticoncepcional morreram com apenas 10 dias de diferen\u00e7a. Ambas eram da Nova Zel\u00e2ndia. Georgia O\u2019Neill, 24 anos, foi encontrada morta em seu quarto, em setembro de 2021. E Isabella Rangiamohia Alexander, 17, morreu no mesmo m\u00eas ap\u00f3s desmaiar enquanto caminhava com o pai.\u2026","rel":"","context":"In &quot;Variedades&quot;","block_context":{"text":"Variedades","link":"https:\/\/noticiasribeiraopreto.com.br\/index.php\/category\/variedades\/"},"img":{"alt_text":"","src":"https:\/\/i0.wp.com\/noticiasribeiraopreto.com.br\/wp-content\/uploads\/2023\/11\/istock-593310062.jpg?fit=1200%2C638&ssl=1&resize=350%2C200","width":350,"height":200,"srcset":"https:\/\/i0.wp.com\/noticiasribeiraopreto.com.br\/wp-content\/uploads\/2023\/11\/istock-593310062.jpg?fit=1200%2C638&ssl=1&resize=350%2C200 1x, https:\/\/i0.wp.com\/noticiasribeiraopreto.com.br\/wp-content\/uploads\/2023\/11\/istock-593310062.jpg?fit=1200%2C638&ssl=1&resize=525%2C300 1.5x, https:\/\/i0.wp.com\/noticiasribeiraopreto.com.br\/wp-content\/uploads\/2023\/11\/istock-593310062.jpg?fit=1200%2C638&ssl=1&resize=700%2C400 2x, https:\/\/i0.wp.com\/noticiasribeiraopreto.com.br\/wp-content\/uploads\/2023\/11\/istock-593310062.jpg?fit=1200%2C638&ssl=1&resize=1050%2C600 3x"},"classes":[]},{"id":69412,"url":"https:\/\/noticiasribeiraopreto.com.br\/index.php\/2025\/05\/06\/jornal-da-franca-canetas-para-emagrecer-entenda-o-risco-do-uso-sem-acompanhamento\/","url_meta":{"origin":9225,"position":5},"title":"Jornal da Franca &#8211; \u201cCanetas para emagrecer\u201d: entenda o risco do uso sem acompanhamento","author":"noticiasribeiraopreto.com.br","date":"6 de May de 2025","format":false,"excerpt":"compartilhar no whatsapp compartilhar no telegram compartilhar no facebook compartilhar no linkedin A Anvisa vai come\u00e7ar a obrigar a reten\u00e7\u00e3o de receitas m\u00e9dicas para as chamadas \u201ccanetas para emagrecer\u201d; entenda os riscos delas Medicamentos como o Ozempic prometem emagrecimento r\u00e1pido, mas seu uso n\u00e3o deve ser indiscriminado \u2013 foto Shutterstock\u2026","rel":"","context":"In &quot;Not\u00edcias de Franca-SP&quot;","block_context":{"text":"Not\u00edcias de Franca-SP","link":"https:\/\/noticiasribeiraopreto.com.br\/index.php\/category\/noticias-de-ribeirao-preto-sp-e-regiao-ismael-colosi\/noticias-franca-sp\/"},"img":{"alt_text":"","src":"https:\/\/i0.wp.com\/noticiasribeiraopreto.com.br\/wp-content\/uploads\/2025\/05\/canetas-para-emagrecer-ozempic-shutterstock.jpg?fit=1200%2C675&ssl=1&resize=350%2C200","width":350,"height":200,"srcset":"https:\/\/i0.wp.com\/noticiasribeiraopreto.com.br\/wp-content\/uploads\/2025\/05\/canetas-para-emagrecer-ozempic-shutterstock.jpg?fit=1200%2C675&ssl=1&resize=350%2C200 1x, https:\/\/i0.wp.com\/noticiasribeiraopreto.com.br\/wp-content\/uploads\/2025\/05\/canetas-para-emagrecer-ozempic-shutterstock.jpg?fit=1200%2C675&ssl=1&resize=525%2C300 1.5x, https:\/\/i0.wp.com\/noticiasribeiraopreto.com.br\/wp-content\/uploads\/2025\/05\/canetas-para-emagrecer-ozempic-shutterstock.jpg?fit=1200%2C675&ssl=1&resize=700%2C400 2x, https:\/\/i0.wp.com\/noticiasribeiraopreto.com.br\/wp-content\/uploads\/2025\/05\/canetas-para-emagrecer-ozempic-shutterstock.jpg?fit=1200%2C675&ssl=1&resize=1050%2C600 3x"},"classes":[]}],"jetpack_sharing_enabled":true,"jetpack_shortlink":"https:\/\/wp.me\/peQAOb-2oN","_links":{"self":[{"href":"https:\/\/noticiasribeiraopreto.com.br\/index.php\/wp-json\/wp\/v2\/posts\/9225","targetHints":{"allow":["GET"]}}],"collection":[{"href":"https:\/\/noticiasribeiraopreto.com.br\/index.php\/wp-json\/wp\/v2\/posts"}],"about":[{"href":"https:\/\/noticiasribeiraopreto.com.br\/index.php\/wp-json\/wp\/v2\/types\/post"}],"author":[{"embeddable":true,"href":"https:\/\/noticiasribeiraopreto.com.br\/index.php\/wp-json\/wp\/v2\/users\/1"}],"replies":[{"embeddable":true,"href":"https:\/\/noticiasribeiraopreto.com.br\/index.php\/wp-json\/wp\/v2\/comments?post=9225"}],"version-history":[{"count":0,"href":"https:\/\/noticiasribeiraopreto.com.br\/index.php\/wp-json\/wp\/v2\/posts\/9225\/revisions"}],"wp:featuredmedia":[{"embeddable":true,"href":"https:\/\/noticiasribeiraopreto.com.br\/index.php\/wp-json\/wp\/v2\/media\/9226"}],"wp:attachment":[{"href":"https:\/\/noticiasribeiraopreto.com.br\/index.php\/wp-json\/wp\/v2\/media?parent=9225"}],"wp:term":[{"taxonomy":"category","embeddable":true,"href":"https:\/\/noticiasribeiraopreto.com.br\/index.php\/wp-json\/wp\/v2\/categories?post=9225"},{"taxonomy":"post_tag","embeddable":true,"href":"https:\/\/noticiasribeiraopreto.com.br\/index.php\/wp-json\/wp\/v2\/tags?post=9225"}],"curies":[{"name":"wp","href":"https:\/\/api.w.org\/{rel}","templated":true}]}}