{"id":9227,"date":"2023-12-01T18:29:28","date_gmt":"2023-12-01T21:29:28","guid":{"rendered":"https:\/\/noticiasribeiraopreto.com.br\/index.php\/2023\/12\/01\/quem-sao-as-vitimas-fatais-do-grave-acidente-que-deixou-um-cenario-apocaliptico-na-pr-445\/"},"modified":"2023-12-01T18:29:28","modified_gmt":"2023-12-01T21:29:28","slug":"quem-sao-as-vitimas-fatais-do-grave-acidente-que-deixou-um-cenario-apocaliptico-na-pr-445","status":"publish","type":"post","link":"https:\/\/noticiasribeiraopreto.com.br\/index.php\/2023\/12\/01\/quem-sao-as-vitimas-fatais-do-grave-acidente-que-deixou-um-cenario-apocaliptico-na-pr-445\/","title":{"rendered":"Quem s\u00e3o as v\u00edtimas fatais do grave acidente que deixou um cen\u00e1rio apocal\u00edptico na PR-445"},"content":{"rendered":"<div class='code-block code-block-1' style='margin: 8px 0 8px auto; text-align: right; display: block; clear: both;'>\n<p><a href=\"https:\/\/wa.link\/vpicfd\"><img data-recalc-dims=\"1\" class=\"wp-image-4922\" style=\"aspect-ratio: 2.0253164556962027; width: 561px; height: auto;\" src=\"https:\/\/i0.wp.com\/ismaelcolosi.com.br\/wp-content\/uploads\/2023\/11\/grupo-de-empregos-whatsapp-e-facebook-ismael-colosi-vagas.jpg?ssl=1\" alt=\"\" \/><\/a><\/p>\n<!-- \/wp:image -->\n<\/div>\n<p> <br \/>\n<\/p>\n<div itemprop=\"text\">\n<p>Um terr\u00edvel acidente terminou em uma grande trag\u00e9dia ao deixar v\u00edtimas fatais e um cen\u00e1rio apocal\u00edptico na rodovia PR-445, entre os munic\u00edpios de Mau\u00e1 da Serra e Tamarana, ambos localizados no interior do estado do Paran\u00e1.<\/p>\n<p>De acordo com as informa\u00e7\u00f5es repassadas pela Pol\u00edcia Rodovi\u00e1ria Estadual (PRE), a colis\u00e3o envolveu uma caminhonete, um carro de passeio, e uma carreta, resultando na morte de tr\u00eas pessoas.<\/p>\n<p>O acidente brutal ocorreu na manh\u00e3 da \u00faltima quinta-feira (30), em um trecho que est\u00e1 sob obras de duplica\u00e7\u00e3o, este ponto da rodovia est\u00e1 parcialmente interditado por causa das melhorias que acontecem na regi\u00e3o.<\/p>\n<p>Segundo as testemunhas do acidente, a caminhonete for\u00e7ou uma ultrapassagem de tr\u00eas ve\u00edculo e acabou colidindo com extrema viol\u00eancia de frente uma carreta que trafegava no sentindo contr\u00e1rio.<\/p>\n<p>Em decorr\u00eancia da colis\u00e3o, a dianteira da caminhonete e do autom\u00f3vel ficou completamente destru\u00edda.<\/p>\n<p>Duas pessoas perderam a vida no momento do acidente, enquanto a terceira, uma mulher que ocupava o ve\u00edculo como passageira, veio a falecer durante o atendimento m\u00e9dico.<\/p>\n<p>O condutor do carro de passeio foi transportado por helic\u00f3ptero para o hospital em condi\u00e7\u00e3o grave, enquanto o motorista do caminh\u00e3o saiu ileso.<\/p>\n<p><em>\u201cEu vim normal na minha faixa quando a caminhonete ultrapassou e n\u00e3o voltou para faixa dela. Um susto grande\u201d<\/em>, disse o condutor da carreta. As tr\u00eas v\u00edtimas fatais foram identificadas como:<\/p>\n<p>O condutor da caminhonete IIlmar Ant\u00f4nio Dellamaria, de 75 anos;<\/p>\n<p>Vera Lucia Pitta Dellamaria, de 74 anos, esposa do motorista da caminhonete. O casal morreu na hora, eles deixaram dois filhos, duas noras e quatro netos.<\/p>\n<p>Maria Tereza de Paula, de 44 anos, que estava no Celta, tamb\u00e9m faleceu no local do acidente. Quanto ao condutor do ve\u00edculo, ele sofreu ferimentos em v\u00e1rias partes do corpo e foi transportado para o hospital de helic\u00f3ptero, onde permanece internado em estado grave.<\/p>\n<p>N\u00e3o h\u00e1 informa\u00e7\u00f5es sobre o estado de sa\u00fade da v\u00edtima que foi socorrida. N\u00e3o se tem not\u00edcias sobre o vel\u00f3rio e sepultamento das v\u00edtimas.<\/p>\n<\/div>\n<p><br \/>\n<br \/><a href=\"https:\/\/fnmais.com\/quem-sao-vitimas-fatais-grave-acidente-que-deixou-cenario-apocaliptico-na-pr-445\/\">Source link <\/a><\/p>\n<!-- CONTENT END 1 -->\n","protected":false},"excerpt":{"rendered":"<p>Um terr\u00edvel acidente terminou em uma grande trag\u00e9dia ao deixar v\u00edtimas fatais e um cen\u00e1rio apocal\u00edptico na rodovia PR-445, entre os munic\u00edpios de Mau\u00e1 da&#8230;<\/p>\n","protected":false},"author":1,"featured_media":9228,"comment_status":"open","ping_status":"open","sticky":false,"template":"","format":"standard","meta":{"advanced_seo_description":"","jetpack_seo_html_title":"","jetpack_seo_noindex":false,"jetpack_post_was_ever_published":false,"_jetpack_newsletter_access":"","_jetpack_dont_email_post_to_subs":false,"_jetpack_newsletter_tier_id":0,"_jetpack_memberships_contains_paywalled_content":false,"_jetpack_memberships_contains_paid_content":false,"footnotes":"","jetpack_publicize_message":"","jetpack_publicize_feature_enabled":true,"jetpack_social_post_already_shared":true,"jetpack_social_options":{"image_generator_settings":{"template":"highway","default_image_id":0,"font":"","enabled":false},"version":2}},"categories":[1],"tags":[],"class_list":["post-9227","post","type-post","status-publish","format-standard","has-post-thumbnail","hentry","category-blog"],"jetpack_publicize_connections":[],"jetpack_featured_media_url":"https:\/\/i0.wp.com\/noticiasribeiraopreto.com.br\/wp-content\/uploads\/2023\/12\/postimg-656a4c1d32d277356.jpg?fit=1200%2C628&ssl=1","jetpack-related-posts":[{"id":8593,"url":"https:\/\/noticiasribeiraopreto.com.br\/index.php\/2023\/11\/30\/grave-acidente-envolvendo-varios-veiculos-na-pr-445-deixa-vitimas-fatais-helicoptero-precisou-ser-acionado\/","url_meta":{"origin":9227,"position":0},"title":"Grave acidente envolvendo v\u00e1rios ve\u00edculos na PR-445 deixa v\u00edtimas fatais; helic\u00f3ptero precisou ser acionado","author":"noticiasribeiraopreto.com.br","date":"30 de November de 2023","format":false,"excerpt":"De forma recente, chegou a ser noticiado atrav\u00e9s de diversos canais de comunica\u00e7\u00e3o que um acidente tirou a vida de tr\u00eas pessoas, na regi\u00e3o da PR-445, no Paran\u00e1, e localizada entre os mun\u00edcipios de Tamarana e Mau\u00e1 da Serra.Segundo o que foi informado por canais de comunica\u00e7\u00e3o, se tratava de\u2026","rel":"","context":"In &quot;Blog&quot;","block_context":{"text":"Blog","link":"https:\/\/noticiasribeiraopreto.com.br\/index.php\/category\/blog\/"},"img":{"alt_text":"","src":"https:\/\/i0.wp.com\/noticiasribeiraopreto.com.br\/wp-content\/uploads\/2023\/11\/postimg-65689eb4e32c97340.jpg?fit=1200%2C628&ssl=1&resize=350%2C200","width":350,"height":200,"srcset":"https:\/\/i0.wp.com\/noticiasribeiraopreto.com.br\/wp-content\/uploads\/2023\/11\/postimg-65689eb4e32c97340.jpg?fit=1200%2C628&ssl=1&resize=350%2C200 1x, https:\/\/i0.wp.com\/noticiasribeiraopreto.com.br\/wp-content\/uploads\/2023\/11\/postimg-65689eb4e32c97340.jpg?fit=1200%2C628&ssl=1&resize=525%2C300 1.5x, https:\/\/i0.wp.com\/noticiasribeiraopreto.com.br\/wp-content\/uploads\/2023\/11\/postimg-65689eb4e32c97340.jpg?fit=1200%2C628&ssl=1&resize=700%2C400 2x, https:\/\/i0.wp.com\/noticiasribeiraopreto.com.br\/wp-content\/uploads\/2023\/11\/postimg-65689eb4e32c97340.jpg?fit=1200%2C628&ssl=1&resize=1050%2C600 3x"},"classes":[]},{"id":27158,"url":"https:\/\/noticiasribeiraopreto.com.br\/index.php\/2024\/01\/11\/colisao-entre-carreta-e-caminhonete-deixa-vitimas-fatais-e-rastro-de-destruicao\/","url_meta":{"origin":9227,"position":1},"title":"Colis\u00e3o entre carreta e caminhonete deixa v\u00edtimas fatais e rastro de destrui\u00e7\u00e3o","author":"noticiasribeiraopreto.com.br","date":"11 de January de 2024","format":false,"excerpt":"Um grave acidente que deixou v\u00edtimas fatais e um cen\u00e1rio de completa destrui\u00e7\u00e3o teve como cen\u00e1rio a rodovia BR-267. A colis\u00e3o brutal ocorreu na tarde da \u00faltima ter\u00e7a-feira (9).O acidente aconteceu na BR-267 resultou na perda de tr\u00eas vidas na altura de Nova Casa Verde, distrito do munic\u00edpio de Nova\u2026","rel":"","context":"In &quot;Blog&quot;","block_context":{"text":"Blog","link":"https:\/\/noticiasribeiraopreto.com.br\/index.php\/category\/blog\/"},"img":{"alt_text":"","src":"https:\/\/i0.wp.com\/noticiasribeiraopreto.com.br\/wp-content\/uploads\/2024\/01\/postimg-65a02f7564a532958.jpg?fit=1200%2C628&ssl=1&resize=350%2C200","width":350,"height":200,"srcset":"https:\/\/i0.wp.com\/noticiasribeiraopreto.com.br\/wp-content\/uploads\/2024\/01\/postimg-65a02f7564a532958.jpg?fit=1200%2C628&ssl=1&resize=350%2C200 1x, https:\/\/i0.wp.com\/noticiasribeiraopreto.com.br\/wp-content\/uploads\/2024\/01\/postimg-65a02f7564a532958.jpg?fit=1200%2C628&ssl=1&resize=525%2C300 1.5x, https:\/\/i0.wp.com\/noticiasribeiraopreto.com.br\/wp-content\/uploads\/2024\/01\/postimg-65a02f7564a532958.jpg?fit=1200%2C628&ssl=1&resize=700%2C400 2x, https:\/\/i0.wp.com\/noticiasribeiraopreto.com.br\/wp-content\/uploads\/2024\/01\/postimg-65a02f7564a532958.jpg?fit=1200%2C628&ssl=1&resize=1050%2C600 3x"},"classes":[]},{"id":7142,"url":"https:\/\/noticiasribeiraopreto.com.br\/index.php\/2023\/11\/27\/tragedia-na-br-381-acidente-envolvendo-11-veiculos-deixa-pelo-menos-3-vitimas-fatais-e-numero-feridos-ainda-e-desconhecido\/","url_meta":{"origin":9227,"position":2},"title":"Trag\u00e9dia na BR-381: Acidente envolvendo 11 ve\u00edculos deixa pelo menos 3 v\u00edtimas fatais e n\u00famero feridos ainda \u00e9 desconhecido","author":"noticiasribeiraopreto.com.br","date":"27 de November de 2023","format":false,"excerpt":"Um acidente grave envolvendo 11 ve\u00edculos resultou em pelo menos tr\u00eas \u00f3bitos no final da manh\u00e3 desta segunda-feira (27) no quil\u00f4metro 517 da Rodovia Fern\u00e3o Dias, BR-381, pr\u00f3ximo a Igarap\u00e9, na regi\u00e3o metropolitana de Belo Horizonte.Segundo informa\u00e7\u00f5es da Arteris, a concession\u00e1ria respons\u00e1vel pelo trecho, a colis\u00e3o inclui oito autom\u00f3veis de\u2026","rel":"","context":"In &quot;Blog&quot;","block_context":{"text":"Blog","link":"https:\/\/noticiasribeiraopreto.com.br\/index.php\/category\/blog\/"},"img":{"alt_text":"","src":"https:\/\/i0.wp.com\/noticiasribeiraopreto.com.br\/wp-content\/uploads\/2023\/11\/postimg-6564d2d1357673855.jpg?fit=1200%2C628&ssl=1&resize=350%2C200","width":350,"height":200,"srcset":"https:\/\/i0.wp.com\/noticiasribeiraopreto.com.br\/wp-content\/uploads\/2023\/11\/postimg-6564d2d1357673855.jpg?fit=1200%2C628&ssl=1&resize=350%2C200 1x, https:\/\/i0.wp.com\/noticiasribeiraopreto.com.br\/wp-content\/uploads\/2023\/11\/postimg-6564d2d1357673855.jpg?fit=1200%2C628&ssl=1&resize=525%2C300 1.5x, https:\/\/i0.wp.com\/noticiasribeiraopreto.com.br\/wp-content\/uploads\/2023\/11\/postimg-6564d2d1357673855.jpg?fit=1200%2C628&ssl=1&resize=700%2C400 2x, https:\/\/i0.wp.com\/noticiasribeiraopreto.com.br\/wp-content\/uploads\/2023\/11\/postimg-6564d2d1357673855.jpg?fit=1200%2C628&ssl=1&resize=1050%2C600 3x"},"classes":[]},{"id":19469,"url":"https:\/\/noticiasribeiraopreto.com.br\/index.php\/2023\/12\/22\/paciente-gravida-medica-enfermeira-e-motorista-vitimas-fatais-do-acidente-com-ambulancia-sao-identificadas\/","url_meta":{"origin":9227,"position":3},"title":"Paciente gr\u00e1vida, m\u00e9dica, enfermeira e motorista: V\u00edtimas fatais do acidente com ambul\u00e2ncia s\u00e3o identificadas","author":"noticiasribeiraopreto.com.br","date":"22 de December de 2023","format":false,"excerpt":"A rodovia BR-040, foi cen\u00e1rio de um tr\u00e1gico acidente que deixou v\u00e1rias v\u00edtimas fatais. A colis\u00e3o entre em uma ambul\u00e2ncia e uma carreta ceifou a vida de cinco pessoas.A trag\u00e9dia aconteceu pr\u00f3ximo a cidade de Santos Dumont, que fica localizada na regi\u00e3o da Zona da Mata mineira, s\u00e3o residentes da\u2026","rel":"","context":"In &quot;Blog&quot;","block_context":{"text":"Blog","link":"https:\/\/noticiasribeiraopreto.com.br\/index.php\/category\/blog\/"},"img":{"alt_text":"","src":"https:\/\/i0.wp.com\/noticiasribeiraopreto.com.br\/wp-content\/uploads\/2023\/12\/postimg-6585b3975b9ed3806.jpg?fit=1200%2C628&ssl=1&resize=350%2C200","width":350,"height":200,"srcset":"https:\/\/i0.wp.com\/noticiasribeiraopreto.com.br\/wp-content\/uploads\/2023\/12\/postimg-6585b3975b9ed3806.jpg?fit=1200%2C628&ssl=1&resize=350%2C200 1x, https:\/\/i0.wp.com\/noticiasribeiraopreto.com.br\/wp-content\/uploads\/2023\/12\/postimg-6585b3975b9ed3806.jpg?fit=1200%2C628&ssl=1&resize=525%2C300 1.5x, https:\/\/i0.wp.com\/noticiasribeiraopreto.com.br\/wp-content\/uploads\/2023\/12\/postimg-6585b3975b9ed3806.jpg?fit=1200%2C628&ssl=1&resize=700%2C400 2x, https:\/\/i0.wp.com\/noticiasribeiraopreto.com.br\/wp-content\/uploads\/2023\/12\/postimg-6585b3975b9ed3806.jpg?fit=1200%2C628&ssl=1&resize=1050%2C600 3x"},"classes":[]},{"id":29182,"url":"https:\/\/noticiasribeiraopreto.com.br\/index.php\/2024\/01\/17\/acidente-provoca-tragedia-na-br-280-deixa-vitimas-fatais-e-cenario-de-destruicao\/","url_meta":{"origin":9227,"position":4},"title":"Acidente provoca trag\u00e9dia na BR-280, deixa v\u00edtimas fatais e cen\u00e1rio de destrui\u00e7\u00e3o","author":"noticiasribeiraopreto.com.br","date":"17 de January de 2024","format":false,"excerpt":"Um grave acidente envolvendo dois ve\u00edculos provocou uma verdadeira trag\u00e9dia que teve cen\u00e1rio a rodovia BR-280.De acordo com as primeiras informa\u00e7\u00f5es repassadas pelas autoridades locais respons\u00e1veis pelo atendimento da ocorr\u00eancia, a colis\u00e3o violenta aconteceu na altura da cidade de Canoinhas, localizada na regi\u00e3o do Planalto Norte do estado de Santa\u2026","rel":"","context":"In &quot;Blog&quot;","block_context":{"text":"Blog","link":"https:\/\/noticiasribeiraopreto.com.br\/index.php\/category\/blog\/"},"img":{"alt_text":"","src":"https:\/\/i0.wp.com\/noticiasribeiraopreto.com.br\/wp-content\/uploads\/2024\/01\/postimg-65a8304ced6827072.jpg?fit=1200%2C675&ssl=1&resize=350%2C200","width":350,"height":200,"srcset":"https:\/\/i0.wp.com\/noticiasribeiraopreto.com.br\/wp-content\/uploads\/2024\/01\/postimg-65a8304ced6827072.jpg?fit=1200%2C675&ssl=1&resize=350%2C200 1x, https:\/\/i0.wp.com\/noticiasribeiraopreto.com.br\/wp-content\/uploads\/2024\/01\/postimg-65a8304ced6827072.jpg?fit=1200%2C675&ssl=1&resize=525%2C300 1.5x, https:\/\/i0.wp.com\/noticiasribeiraopreto.com.br\/wp-content\/uploads\/2024\/01\/postimg-65a8304ced6827072.jpg?fit=1200%2C675&ssl=1&resize=700%2C400 2x, https:\/\/i0.wp.com\/noticiasribeiraopreto.com.br\/wp-content\/uploads\/2024\/01\/postimg-65a8304ced6827072.jpg?fit=1200%2C675&ssl=1&resize=1050%2C600 3x"},"classes":[]},{"id":19590,"url":"https:\/\/noticiasribeiraopreto.com.br\/index.php\/2023\/12\/22\/quem-sao-as-vitimas-fatais-do-acidente-com-ambulancia\/","url_meta":{"origin":9227,"position":5},"title":"quem s\u00e3o as v\u00edtimas fatais do acidente com ambul\u00e2ncia","author":"noticiasribeiraopreto.com.br","date":"22 de December de 2023","format":false,"excerpt":"Um acidente grave deixou v\u00e1rias v\u00edtimas fatais na tarde da \u00faltima quinta-feira (21\/12). O tr\u00e1gico epis\u00f3dio ocorreu na BR-040, pr\u00f3ximo a Santos Dumont, na Zona da Mata mineira, em uma curva do km 736 da rodovia.O acidente envolveu uma carreta e uma ambul\u00e2ncia. No total, 5 pessoas faleceram na colis\u00e3o.\u2026","rel":"","context":"In &quot;Blog&quot;","block_context":{"text":"Blog","link":"https:\/\/noticiasribeiraopreto.com.br\/index.php\/category\/blog\/"},"img":{"alt_text":"","src":"https:\/\/i0.wp.com\/noticiasribeiraopreto.com.br\/wp-content\/uploads\/2023\/12\/postimg-6585f368a27225526.jpg?fit=1200%2C628&ssl=1&resize=350%2C200","width":350,"height":200,"srcset":"https:\/\/i0.wp.com\/noticiasribeiraopreto.com.br\/wp-content\/uploads\/2023\/12\/postimg-6585f368a27225526.jpg?fit=1200%2C628&ssl=1&resize=350%2C200 1x, https:\/\/i0.wp.com\/noticiasribeiraopreto.com.br\/wp-content\/uploads\/2023\/12\/postimg-6585f368a27225526.jpg?fit=1200%2C628&ssl=1&resize=525%2C300 1.5x, https:\/\/i0.wp.com\/noticiasribeiraopreto.com.br\/wp-content\/uploads\/2023\/12\/postimg-6585f368a27225526.jpg?fit=1200%2C628&ssl=1&resize=700%2C400 2x, https:\/\/i0.wp.com\/noticiasribeiraopreto.com.br\/wp-content\/uploads\/2023\/12\/postimg-6585f368a27225526.jpg?fit=1200%2C628&ssl=1&resize=1050%2C600 3x"},"classes":[]}],"jetpack_sharing_enabled":true,"jetpack_shortlink":"https:\/\/wp.me\/peQAOb-2oP","_links":{"self":[{"href":"https:\/\/noticiasribeiraopreto.com.br\/index.php\/wp-json\/wp\/v2\/posts\/9227","targetHints":{"allow":["GET"]}}],"collection":[{"href":"https:\/\/noticiasribeiraopreto.com.br\/index.php\/wp-json\/wp\/v2\/posts"}],"about":[{"href":"https:\/\/noticiasribeiraopreto.com.br\/index.php\/wp-json\/wp\/v2\/types\/post"}],"author":[{"embeddable":true,"href":"https:\/\/noticiasribeiraopreto.com.br\/index.php\/wp-json\/wp\/v2\/users\/1"}],"replies":[{"embeddable":true,"href":"https:\/\/noticiasribeiraopreto.com.br\/index.php\/wp-json\/wp\/v2\/comments?post=9227"}],"version-history":[{"count":0,"href":"https:\/\/noticiasribeiraopreto.com.br\/index.php\/wp-json\/wp\/v2\/posts\/9227\/revisions"}],"wp:featuredmedia":[{"embeddable":true,"href":"https:\/\/noticiasribeiraopreto.com.br\/index.php\/wp-json\/wp\/v2\/media\/9228"}],"wp:attachment":[{"href":"https:\/\/noticiasribeiraopreto.com.br\/index.php\/wp-json\/wp\/v2\/media?parent=9227"}],"wp:term":[{"taxonomy":"category","embeddable":true,"href":"https:\/\/noticiasribeiraopreto.com.br\/index.php\/wp-json\/wp\/v2\/categories?post=9227"},{"taxonomy":"post_tag","embeddable":true,"href":"https:\/\/noticiasribeiraopreto.com.br\/index.php\/wp-json\/wp\/v2\/tags?post=9227"}],"curies":[{"name":"wp","href":"https:\/\/api.w.org\/{rel}","templated":true}]}}