{"id":9235,"date":"2023-12-01T18:37:57","date_gmt":"2023-12-01T21:37:57","guid":{"rendered":"https:\/\/noticiasribeiraopreto.com.br\/index.php\/2023\/12\/01\/segue-o-lider-o-que-brasil-vai-propor-no-comando-do-clube-que-representa-85-da-economia-mundial\/"},"modified":"2023-12-01T18:37:57","modified_gmt":"2023-12-01T21:37:57","slug":"segue-o-lider-o-que-brasil-vai-propor-no-comando-do-clube-que-representa-85-da-economia-mundial","status":"publish","type":"post","link":"https:\/\/noticiasribeiraopreto.com.br\/index.php\/2023\/12\/01\/segue-o-lider-o-que-brasil-vai-propor-no-comando-do-clube-que-representa-85-da-economia-mundial\/","title":{"rendered":"Segue o l\u00edder: o que Brasil vai propor no comando do clube que representa 85% da economia mundial"},"content":{"rendered":"<div class='code-block code-block-1' style='margin: 8px 0 8px auto; text-align: right; display: block; clear: both;'>\n<p><a href=\"https:\/\/wa.link\/vpicfd\"><img data-recalc-dims=\"1\" class=\"wp-image-4922\" style=\"aspect-ratio: 2.0253164556962027; width: 561px; height: auto;\" src=\"https:\/\/i0.wp.com\/ismaelcolosi.com.br\/wp-content\/uploads\/2023\/11\/grupo-de-empregos-whatsapp-e-facebook-ismael-colosi-vagas.jpg?ssl=1\" alt=\"\" \/><\/a><\/p>\n<!-- \/wp:image -->\n<\/div>\n<p> <br \/>\n<\/p>\n<div id=\"js-first-letter\">\n<p>O <strong>Brasil <\/strong>assumiu nesta sexta-feira (1) o comando de um clube que representa <strong>85% da economia mundial<\/strong>: o <strong>G20<\/strong>. E mesmo antes sentar na cadeira da presid\u00eancia do grupo, o Pa\u00eds j\u00e1 havia tra\u00e7ado um plano para o mandato de um ano, que vai se basear em tr\u00eas eixos.<\/p>\n<ul>\n<li>Inclus\u00e3o social e a luta contra a desigualdade, a fome e a pobreza;\u00a0<\/li>\n<li>Enfrentamento das mudan\u00e7as clim\u00e1ticas e a promo\u00e7\u00e3o do desenvolvimento sustent\u00e1vel em suas dimens\u00f5es econ\u00f4mica, social e ambiental;\u00a0<\/li>\n<li>Defesa da reforma das institui\u00e7\u00f5es de governan\u00e7a global, que reflita a geopol\u00edtica do presente.<\/li>\n<\/ul>\n<p>Em v\u00eddeo publicado nas redes sociais do G20, Lula refor\u00e7ou essas prioridades. \u201cN\u00e3o \u00e9 poss\u00edvel que tanto dinheiro continue na m\u00e3o de t\u00e3o poucas pessoas e tantas pessoas n\u00e3o tenham dinheiro para comer o m\u00ednimo necess\u00e1rio\u201d, disse o presidente, sobre a fome.<\/p>\n<p>\u201cCompromisso de convencer os pa\u00edses ricos que n\u00e3o existem dois planetas Terra, que \u00e9 urgente enfrentar com determina\u00e7\u00e3o a crise clim\u00e1tica\u201d, acrescentou Lula.\u00a0<\/p>\n<p>Ele voltou a defender a compensa\u00e7\u00e3o financeira para os pa\u00edses mais pobres, que poluem menos \u2014 <a href=\"https:\/\/www.seudinheiro.com\/2023\/economia\/a-carta-na-manga-do-brasil-para-encarar-as-maiores-economias-do-mundo-e-sair-da-cupula-de-dubai-como-protagonista-ccgg\/\">uma proposta que faz parte do plano do Brasil na COP28<\/a>.\u00a0<\/p>\n<p>\u201cNosso terceiro compromisso \u00e9 engajar o G20 na luta do Brasil por uma nova governan\u00e7a global\u201d, afirmou. \u201cN\u00e3o \u00e9 poss\u00edvel que organiza\u00e7\u00f5es financeiras criadas h\u00e1 quase 80 anos continuem funcionando com os mesmos paradigmas, sem levar em conta as altera\u00e7\u00f5es estruturais do s\u00e9culo 21\u201d.<\/p>\n<div class=\"banner banner-inArticle banner-inArticle--mobile\">\n<div>\n<p>Publicidade<\/p>\n<div class=\"banner-side\">\n<p class=\"borderAD\" style=\"display: none;\">CONTINUA DEPOIS DA PUBLICIDADE<\/p>\n<\/div>\n<\/div>\n<\/div>\n<div class=\"banner banner-inArticle banner-inArticle--desktop\">\n<div>\n<div class=\"banner-side\">\n<p class=\"borderAD\" style=\"display: none;\">CONTINUA DEPOIS DA PUBLICIDADE<\/p>\n<\/div>\n<\/div>\n<\/div>\n<figure class=\"wp-block-embed is-type-rich is-provider-twitter wp-block-embed-twitter\">\n<div class=\"wp-block-embed__wrapper\">\n<blockquote class=\"twitter-tweet\" data-width=\"500\" data-dnt=\"true\">\n<p lang=\"en\" dir=\"ltr\">Combating inequality; promoting sustainable development; and working towards a new global governance model will all be at the center of world discussions in 2024. This is because Brazil will take on the G20 presidency this Friday (1) and these are our biggest commitments. Let us\u2026 <a href=\"https:\/\/t.co\/fAbvoKA7FL\">pic.twitter.com\/fAbvoKA7FL<\/a><\/p>\n<p>\u2014 G20 Brasil (@g20org) <a href=\"https:\/\/twitter.com\/g20org\/status\/1730542269789266351?ref_src=twsrc%5Etfw\">December 1, 2023<\/a><\/p><\/blockquote>\n<\/div>\n<\/figure>\n<h2 class=\"wp-block-heading\" id=\"h-os-desafios-do-brasil\"><strong>Os desafios do Brasil<\/strong><\/h2>\n<p>\u00c0 frente do G20, o Brasil ter\u00e1 desafios de ordem pol\u00edtica e log\u00edstica. Isso porque entre dezembro de 2023 e novembro de 2024, o pa\u00eds dever\u00e1 organizar mais de 100 reuni\u00f5es oficiais em v\u00e1rias cidades, que incluem cerca de 20 reuni\u00f5es ministeriais, 50 reuni\u00f5es de alto n\u00edvel e eventos paralelos.\u00a0<\/p>\n<p>O ponto alto ser\u00e1 a 19\u00aa C\u00fapula de chefes de Estado e governo do G20, nos dias 18 e 19 de novembro de 2024, no Rio de Janeiro.<\/p>\n<p>Lula orientou a diplomacia a aproximar as duas trilhas que norteiam os trabalhos do G20 \u2014\u00a0 a Trilha dos Sherpas, que re\u00fane emiss\u00e1rios dos executivos de cada pa\u00eds e tem o papel de elaborar pol\u00edticas, e a Trilha das Finan\u00e7as, com representantes das equipes econ\u00f4micas e na qual se discute o financiamento a essas pol\u00edticas e temas macroecon\u00f4micos mundiais.\u00a0<\/p>\n<p>Para liderar a trilha dos sherpa, o indicado pelo governo brasileiro \u00e9 o embaixador Maur\u00edcio Lyrio, secret\u00e1rio de Assuntos Econ\u00f4micos e Financeiros do Itamaraty.\u00a0<\/p>\n<div class=\"banner banner-inArticle banner-inArticle--mobile\">\n<div>\n<p>Publicidade<\/p>\n<div class=\"banner-side\">\n<p class=\"borderAD\" style=\"display: none;\">CONTINUA DEPOIS DA PUBLICIDADE<\/p>\n<\/div>\n<\/div>\n<\/div>\n<div class=\"banner banner-inArticle banner-inArticle--desktop\">\n<div>\n<div class=\"banner-side\">\n<p class=\"borderAD\" style=\"display: none;\">CONTINUA DEPOIS DA PUBLICIDADE<\/p>\n<\/div>\n<\/div>\n<\/div>\n<p>J\u00e1 a Trilha das Finan\u00e7as ser\u00e1 coordenada pela economista e diplomata Tatiana Rosito, secret\u00e1ria de Assuntos Internacionais do Minist\u00e9rio da Fazenda.<\/p>\n<p>Uma primeira reuni\u00e3o entre representantes de cada trilha deve ocorrer em 11 de dezembro.\u00a0<\/p>\n<p><em>*Com informa\u00e7\u00f5es da Ag\u00eancia Brasil<\/em><\/p>\n<\/div>\n<p><script async src=\"\/\/platform.twitter.com\/widgets.js\" charset=\"utf-8\"><\/script><br \/>\n<br \/><br \/>\n<br \/><a href=\"https:\/\/www.seudinheiro.com\/2023\/economia\/segue-o-lider-o-que-brasil-vai-propor-no-comando-do-clube-que-representa-85-da-economia-mundial-ccgg\/\">Source link <\/a><\/p>\n<!-- CONTENT END 1 -->\n","protected":false},"excerpt":{"rendered":"<p>O Brasil assumiu nesta sexta-feira (1) o comando de um clube que representa 85% da economia mundial: o G20. E mesmo antes sentar na cadeira&#8230;<\/p>\n","protected":false},"author":1,"featured_media":9236,"comment_status":"open","ping_status":"open","sticky":false,"template":"","format":"standard","meta":{"advanced_seo_description":"","jetpack_seo_html_title":"","jetpack_seo_noindex":false,"jetpack_post_was_ever_published":false,"_jetpack_newsletter_access":"","_jetpack_dont_email_post_to_subs":false,"_jetpack_newsletter_tier_id":0,"_jetpack_memberships_contains_paywalled_content":false,"_jetpack_memberships_contains_paid_content":false,"footnotes":"","jetpack_publicize_message":"","jetpack_publicize_feature_enabled":true,"jetpack_social_post_already_shared":true,"jetpack_social_options":{"image_generator_settings":{"template":"highway","default_image_id":0,"font":"","enabled":false},"version":2}},"categories":[1235],"tags":[],"class_list":["post-9235","post","type-post","status-publish","format-standard","has-post-thumbnail","hentry","category-dinheiro-e-investimento-como-fazer-como-ganhar"],"jetpack_publicize_connections":[],"jetpack_featured_media_url":"https:\/\/i0.wp.com\/noticiasribeiraopreto.com.br\/wp-content\/uploads\/2023\/12\/Brasil-G20-Lula-715x402.jpg?fit=715%2C402&ssl=1","jetpack-related-posts":[{"id":33044,"url":"https:\/\/noticiasribeiraopreto.com.br\/index.php\/2024\/01\/27\/elon-musk-diz-que-chinesas-vao-demolir-concorrentes-a-pessoa-que-errou-todos-os-numeros-da-loteria-e-vai-levar-uma-bolada-e-mais-confira-o-que-foi-destaque-no-seu-dinheiro\/","url_meta":{"origin":9235,"position":0},"title":"Elon Musk diz que chinesas v\u00e3o demolir concorrentes, a pessoa que errou todos os n\u00fameros da loteria e vai levar uma bolada e mais \u2014 confira o que foi destaque no Seu Dinheiro","author":"noticiasribeiraopreto.com.br","date":"27 de January de 2024","format":false,"excerpt":"Elon Musk voltou a ser not\u00edcia na \u00faltima semana, mas n\u00e3o pelos seus bilh\u00f5es e sim por uma declara\u00e7\u00e3o pol\u00eamica dada pelo bilion\u00e1rio sobre concorrentes da Tesla, sua fabricante de carros el\u00e9tricos.\u00a0 Musk reconheceu que a disputa no mercado de ve\u00edculos el\u00e9tricos est\u00e1 aquecida e disse que as fabricantes chinesas\u2026","rel":"","context":"In &quot;Dinheiro e Investimento&quot;","block_context":{"text":"Dinheiro e Investimento","link":"https:\/\/noticiasribeiraopreto.com.br\/index.php\/category\/dinheiro-e-investimento-como-fazer-como-ganhar\/"},"img":{"alt_text":"","src":"https:\/\/i0.wp.com\/noticiasribeiraopreto.com.br\/wp-content\/uploads\/2024\/01\/elon-musk-china-bitcoin-CAPA-SD-1-715x402.jpg?fit=715%2C402&ssl=1&resize=350%2C200","width":350,"height":200,"srcset":"https:\/\/i0.wp.com\/noticiasribeiraopreto.com.br\/wp-content\/uploads\/2024\/01\/elon-musk-china-bitcoin-CAPA-SD-1-715x402.jpg?fit=715%2C402&ssl=1&resize=350%2C200 1x, https:\/\/i0.wp.com\/noticiasribeiraopreto.com.br\/wp-content\/uploads\/2024\/01\/elon-musk-china-bitcoin-CAPA-SD-1-715x402.jpg?fit=715%2C402&ssl=1&resize=525%2C300 1.5x, https:\/\/i0.wp.com\/noticiasribeiraopreto.com.br\/wp-content\/uploads\/2024\/01\/elon-musk-china-bitcoin-CAPA-SD-1-715x402.jpg?fit=715%2C402&ssl=1&resize=700%2C400 2x"},"classes":[]},{"id":72350,"url":"https:\/\/noticiasribeiraopreto.com.br\/index.php\/2025\/06\/16\/sao-paulo-anuncia-saida-de-luis-zubeldia\/","url_meta":{"origin":9235,"position":1},"title":"S\u00e3o Paulo anuncia sa\u00edda de Luis Zubeld\u00eda","author":"noticiasribeiraopreto.com.br","date":"16 de June de 2025","format":false,"excerpt":"Por Hugo Luque O S\u00e3o Paulo anunciou, no fim da manh\u00e3 desta segunda-feira (16), a sa\u00edda de Luis Zubeld\u00eda do comando t\u00e9cnico. Segundo o clube, a sa\u00edda foi definida em comum acordo e de forma amig\u00e1vel. O substituto deve ser Hern\u00e1n Crespo. Diversos ve\u00edculos relataram que, desde a derrota para\u2026","rel":"","context":"In &quot;Not\u00edcias de Ribeir\u00e3o Preto-SP e Regi\u00e3o&quot;","block_context":{"text":"Not\u00edcias de Ribeir\u00e3o Preto-SP e Regi\u00e3o","link":"https:\/\/noticiasribeiraopreto.com.br\/index.php\/category\/noticias-de-ribeirao-preto-sp-e-regiao-ismael-colosi\/"},"img":{"alt_text":"","src":"https:\/\/i0.wp.com\/noticiasribeiraopreto.com.br\/wp-content\/uploads\/2025\/06\/1-TEC-Luis-Zubeldia-Ricardo-Moreira_Getty-Images.jpeg?fit=700%2C467&ssl=1&resize=350%2C200","width":350,"height":200,"srcset":"https:\/\/i0.wp.com\/noticiasribeiraopreto.com.br\/wp-content\/uploads\/2025\/06\/1-TEC-Luis-Zubeldia-Ricardo-Moreira_Getty-Images.jpeg?fit=700%2C467&ssl=1&resize=350%2C200 1x, https:\/\/i0.wp.com\/noticiasribeiraopreto.com.br\/wp-content\/uploads\/2025\/06\/1-TEC-Luis-Zubeldia-Ricardo-Moreira_Getty-Images.jpeg?fit=700%2C467&ssl=1&resize=525%2C300 1.5x, https:\/\/i0.wp.com\/noticiasribeiraopreto.com.br\/wp-content\/uploads\/2025\/06\/1-TEC-Luis-Zubeldia-Ricardo-Moreira_Getty-Images.jpeg?fit=700%2C467&ssl=1&resize=700%2C400 2x"},"classes":[]},{"id":10766,"url":"https:\/\/noticiasribeiraopreto.com.br\/index.php\/2023\/12\/05\/quanto-vale-cada-posicao-descubra-quanto-seu-time-vai-ganhar-em-r-pela-tabela-do-brasileirao-2023\/","url_meta":{"origin":9235,"position":2},"title":"Quanto vale cada posi\u00e7\u00e3o? Descubra quanto seu time vai ganhar em R$ pela tabela do Brasileir\u00e3o 2023","author":"noticiasribeiraopreto.com.br","date":"5 de December de 2023","format":false,"excerpt":"O Campeonato Brasileiro de 2023 chega ao fim no pr\u00f3ximo dia 6 de dezembro, ou seja, na pr\u00f3xima quarta-feira. Para quem acompanha a competi\u00e7\u00e3o, trata-se de mais um ano de sucesso.O campeonato \u00e9 reconhecidamente como o mais disputado do mundo e, neste ano, demostrou mais uma vez provas disso. Na\u2026","rel":"","context":"In &quot;Blog&quot;","block_context":{"text":"Blog","link":"https:\/\/noticiasribeiraopreto.com.br\/index.php\/category\/blog\/"},"img":{"alt_text":"","src":"https:\/\/i0.wp.com\/noticiasribeiraopreto.com.br\/wp-content\/uploads\/2023\/12\/postimg-656ea924af7a53178.jpg?fit=1200%2C628&ssl=1&resize=350%2C200","width":350,"height":200,"srcset":"https:\/\/i0.wp.com\/noticiasribeiraopreto.com.br\/wp-content\/uploads\/2023\/12\/postimg-656ea924af7a53178.jpg?fit=1200%2C628&ssl=1&resize=350%2C200 1x, https:\/\/i0.wp.com\/noticiasribeiraopreto.com.br\/wp-content\/uploads\/2023\/12\/postimg-656ea924af7a53178.jpg?fit=1200%2C628&ssl=1&resize=525%2C300 1.5x, https:\/\/i0.wp.com\/noticiasribeiraopreto.com.br\/wp-content\/uploads\/2023\/12\/postimg-656ea924af7a53178.jpg?fit=1200%2C628&ssl=1&resize=700%2C400 2x, https:\/\/i0.wp.com\/noticiasribeiraopreto.com.br\/wp-content\/uploads\/2023\/12\/postimg-656ea924af7a53178.jpg?fit=1200%2C628&ssl=1&resize=1050%2C600 3x"},"classes":[]},{"id":12312,"url":"https:\/\/noticiasribeiraopreto.com.br\/index.php\/2023\/12\/07\/banco-central-do-brasil-propoe-regras-e-taxas-para-pagamentos-internacionais-2\/","url_meta":{"origin":9235,"position":3},"title":"Banco Central do Brasil prop\u00f5e regras e taxas para pagamentos internacionais","author":"noticiasribeiraopreto.com.br","date":"7 de December de 2023","format":false,"excerpt":"O presidente do Banco Central (BC) do Brasil, Roberto Campos Neto, anunciou que a autarquia trabalhar\u00e1 na cria\u00e7\u00e3o de regras para pagamentos internacionais, no \u00e2mbito da presid\u00eancia do Brasil no G20, que re\u00fane as 20 maiores economias globais. Campos Neto destacou que, embora quest\u00f5es tecnol\u00f3gicas e de liquida\u00e7\u00e3o j\u00e1 tenham\u2026","rel":"","context":"In &quot;Vagas de Emprego em Ribeir\u00e3o Preto-SP&quot;","block_context":{"text":"Vagas de Emprego em Ribeir\u00e3o Preto-SP","link":"https:\/\/noticiasribeiraopreto.com.br\/index.php\/category\/empregos-classificados-vagas-trabalho\/vagas-de-empregos-em-ribeirao-preto-regiao-brasil\/"},"img":{"alt_text":"","src":"https:\/\/i0.wp.com\/noticiasribeiraopreto.com.br\/wp-content\/uploads\/2023\/12\/real-novo-65-1.jpg?fit=1200%2C675&ssl=1&resize=350%2C200","width":350,"height":200,"srcset":"https:\/\/i0.wp.com\/noticiasribeiraopreto.com.br\/wp-content\/uploads\/2023\/12\/real-novo-65-1.jpg?fit=1200%2C675&ssl=1&resize=350%2C200 1x, https:\/\/i0.wp.com\/noticiasribeiraopreto.com.br\/wp-content\/uploads\/2023\/12\/real-novo-65-1.jpg?fit=1200%2C675&ssl=1&resize=525%2C300 1.5x, https:\/\/i0.wp.com\/noticiasribeiraopreto.com.br\/wp-content\/uploads\/2023\/12\/real-novo-65-1.jpg?fit=1200%2C675&ssl=1&resize=700%2C400 2x, https:\/\/i0.wp.com\/noticiasribeiraopreto.com.br\/wp-content\/uploads\/2023\/12\/real-novo-65-1.jpg?fit=1200%2C675&ssl=1&resize=1050%2C600 3x"},"classes":[]},{"id":33987,"url":"https:\/\/noticiasribeiraopreto.com.br\/index.php\/2024\/01\/31\/a-nova-ordem-mundial-vem-ai-os-cincos-paises-que-se-juntam-ao-clube-que-ja-tem-brasil-china-e-russia\/","url_meta":{"origin":9235,"position":4},"title":"A nova ordem mundial vem a\u00ed? Os cincos pa\u00edses que se juntam ao clube que j\u00e1 tem Brasil, China e R\u00fassia","author":"noticiasribeiraopreto.com.br","date":"31 de January de 2024","format":false,"excerpt":"O Brics come\u00e7a 2024 em novo formato: Egito, Eti\u00f3pia, Ir\u00e3, Ar\u00e1bia Saudita e Emirados \u00c1rabes Unidos confirmaram que est\u00e3o se juntando ao bloco depois de terem sido convidados no ano passado.\u00a0 Os cinco pa\u00edses receberam convites, juntamente com a Argentina, em uma c\u00fapula realizada em agosto do ano passado, em\u2026","rel":"","context":"In &quot;Dinheiro e Investimento&quot;","block_context":{"text":"Dinheiro e Investimento","link":"https:\/\/noticiasribeiraopreto.com.br\/index.php\/category\/dinheiro-e-investimento-como-fazer-como-ganhar\/"},"img":{"alt_text":"","src":"https:\/\/i0.wp.com\/noticiasribeiraopreto.com.br\/wp-content\/uploads\/2024\/01\/BRICS-em-foco-plano-da-China-de-desbancar-o-dolar-americano1-715x402.png?fit=715%2C402&ssl=1&resize=350%2C200","width":350,"height":200,"srcset":"https:\/\/i0.wp.com\/noticiasribeiraopreto.com.br\/wp-content\/uploads\/2024\/01\/BRICS-em-foco-plano-da-China-de-desbancar-o-dolar-americano1-715x402.png?fit=715%2C402&ssl=1&resize=350%2C200 1x, https:\/\/i0.wp.com\/noticiasribeiraopreto.com.br\/wp-content\/uploads\/2024\/01\/BRICS-em-foco-plano-da-China-de-desbancar-o-dolar-americano1-715x402.png?fit=715%2C402&ssl=1&resize=525%2C300 1.5x, https:\/\/i0.wp.com\/noticiasribeiraopreto.com.br\/wp-content\/uploads\/2024\/01\/BRICS-em-foco-plano-da-China-de-desbancar-o-dolar-americano1-715x402.png?fit=715%2C402&ssl=1&resize=700%2C400 2x"},"classes":[]},{"id":36084,"url":"https:\/\/noticiasribeiraopreto.com.br\/index.php\/2024\/02\/08\/atencao-trabalhadores-novo-salario-minimo-de-r-1-320-comeca-a-valer-confira\/","url_meta":{"origin":9235,"position":5},"title":"Aten\u00e7\u00e3o trabalhadores! Novo sal\u00e1rio m\u00ednimo de R$ 1.320 come\u00e7a a valer; Confira","author":"noticiasribeiraopreto.com.br","date":"8 de February de 2024","format":false,"excerpt":"Imagem: Google O novo sal\u00e1rio m\u00ednimo de R$ 1.320 entrar\u00e1 em vigor na segunda-feira, 1\u00ba de maio. Esse valor representa o segundo aumento do sal\u00e1rio m\u00ednimo em 2023, ap\u00f3s ser reajustado de R$ 1.212 para R$ 1.302 em Janeiro. O novo valor, aprovado pela Assembleia Nacional no final de dezembro\u2026","rel":"","context":"In &quot;Dinheiro e Investimento&quot;","block_context":{"text":"Dinheiro e Investimento","link":"https:\/\/noticiasribeiraopreto.com.br\/index.php\/category\/dinheiro-e-investimento-como-fazer-como-ganhar\/"},"img":{"alt_text":"","src":"https:\/\/i0.wp.com\/noticiasribeiraopreto.com.br\/wp-content\/uploads\/2024\/02\/Qual-sera-o-valor-do-novo-salario-minimo-e-quando-comeca-a-valer.jpg?fit=1200%2C750&ssl=1&resize=350%2C200","width":350,"height":200,"srcset":"https:\/\/i0.wp.com\/noticiasribeiraopreto.com.br\/wp-content\/uploads\/2024\/02\/Qual-sera-o-valor-do-novo-salario-minimo-e-quando-comeca-a-valer.jpg?fit=1200%2C750&ssl=1&resize=350%2C200 1x, https:\/\/i0.wp.com\/noticiasribeiraopreto.com.br\/wp-content\/uploads\/2024\/02\/Qual-sera-o-valor-do-novo-salario-minimo-e-quando-comeca-a-valer.jpg?fit=1200%2C750&ssl=1&resize=525%2C300 1.5x, https:\/\/i0.wp.com\/noticiasribeiraopreto.com.br\/wp-content\/uploads\/2024\/02\/Qual-sera-o-valor-do-novo-salario-minimo-e-quando-comeca-a-valer.jpg?fit=1200%2C750&ssl=1&resize=700%2C400 2x, https:\/\/i0.wp.com\/noticiasribeiraopreto.com.br\/wp-content\/uploads\/2024\/02\/Qual-sera-o-valor-do-novo-salario-minimo-e-quando-comeca-a-valer.jpg?fit=1200%2C750&ssl=1&resize=1050%2C600 3x"},"classes":[]}],"jetpack_sharing_enabled":true,"jetpack_shortlink":"https:\/\/wp.me\/peQAOb-2oX","_links":{"self":[{"href":"https:\/\/noticiasribeiraopreto.com.br\/index.php\/wp-json\/wp\/v2\/posts\/9235","targetHints":{"allow":["GET"]}}],"collection":[{"href":"https:\/\/noticiasribeiraopreto.com.br\/index.php\/wp-json\/wp\/v2\/posts"}],"about":[{"href":"https:\/\/noticiasribeiraopreto.com.br\/index.php\/wp-json\/wp\/v2\/types\/post"}],"author":[{"embeddable":true,"href":"https:\/\/noticiasribeiraopreto.com.br\/index.php\/wp-json\/wp\/v2\/users\/1"}],"replies":[{"embeddable":true,"href":"https:\/\/noticiasribeiraopreto.com.br\/index.php\/wp-json\/wp\/v2\/comments?post=9235"}],"version-history":[{"count":0,"href":"https:\/\/noticiasribeiraopreto.com.br\/index.php\/wp-json\/wp\/v2\/posts\/9235\/revisions"}],"wp:featuredmedia":[{"embeddable":true,"href":"https:\/\/noticiasribeiraopreto.com.br\/index.php\/wp-json\/wp\/v2\/media\/9236"}],"wp:attachment":[{"href":"https:\/\/noticiasribeiraopreto.com.br\/index.php\/wp-json\/wp\/v2\/media?parent=9235"}],"wp:term":[{"taxonomy":"category","embeddable":true,"href":"https:\/\/noticiasribeiraopreto.com.br\/index.php\/wp-json\/wp\/v2\/categories?post=9235"},{"taxonomy":"post_tag","embeddable":true,"href":"https:\/\/noticiasribeiraopreto.com.br\/index.php\/wp-json\/wp\/v2\/tags?post=9235"}],"curies":[{"name":"wp","href":"https:\/\/api.w.org\/{rel}","templated":true}]}}