{"id":9239,"date":"2023-12-01T18:39:52","date_gmt":"2023-12-01T21:39:52","guid":{"rendered":"https:\/\/noticiasribeiraopreto.com.br\/index.php\/2023\/12\/01\/saiba-o-valor-do-pis-pasep-ano-base-2022-e-quando-voce-vai-receber\/"},"modified":"2023-12-01T18:39:52","modified_gmt":"2023-12-01T21:39:52","slug":"saiba-o-valor-do-pis-pasep-ano-base-2022-e-quando-voce-vai-receber","status":"publish","type":"post","link":"https:\/\/noticiasribeiraopreto.com.br\/index.php\/2023\/12\/01\/saiba-o-valor-do-pis-pasep-ano-base-2022-e-quando-voce-vai-receber\/","title":{"rendered":"Saiba o valor do PIS\/Pasep ano-base 2022 e quando voc\u00ea vai receber"},"content":{"rendered":"<div class='code-block code-block-1' style='margin: 8px 0 8px auto; text-align: right; display: block; clear: both;'>\n<p><a href=\"https:\/\/wa.link\/vpicfd\"><img data-recalc-dims=\"1\" class=\"wp-image-4922\" style=\"aspect-ratio: 2.0253164556962027; width: 561px; height: auto;\" src=\"https:\/\/i0.wp.com\/ismaelcolosi.com.br\/wp-content\/uploads\/2023\/11\/grupo-de-empregos-whatsapp-e-facebook-ismael-colosi-vagas.jpg?ssl=1\" alt=\"\" \/><\/a><\/p>\n<!-- \/wp:image -->\n<\/div>\n<p> <br \/>\n<\/p>\n<div>\n<p>A programa\u00e7\u00e3o do PIS\/Pasep 2024, relativo ao ano-base 2022, est\u00e1 passando por um atraso por causa da pandemia. O que era normalmente um breve intervalo entre o ano-base e o <a href=\"https:\/\/catracalivre.com.br\/cidadania\/pis-pasep-2024-estao-confirmadas-as-datas-de-pagamento\/\" target=\"_blank\" rel=\"noopener\">per\u00edodo de pagamento<\/a> se estendeu para agora abranger dois anos.<\/p>\n<p class=\"bullet\" dir=\"ltr\" data-v-16434e43=\"\">Em condi\u00e7\u00f5es normais, o <a href=\"https:\/\/catracalivre.com.br\/cidadania\/pis-pasep-quando-cai-o-abono-salarial-deste-mes-saiba-se-voce-vai-receber\/\" target=\"_blank\" rel=\"noopener\">calend\u00e1rio PIS<\/a> para o pr\u00f3ximo ano acaba divulgado no final de dezembro. No entanto, at\u00e9 o momento, os valores das parcelas e as datas de pagamento do PIS ano-base 2022 n\u00e3o est\u00e3o confirmados.<\/p>\n<div id=\"attachment_2316045\" class=\"wp-caption alignnone\">\n<div class=\"d-flex justify-content-center\" data-attachment-id=\"2316045\">\n<div class=\"position-relative d-inline-block\"><img data-recalc-dims=\"1\" data-portal-copyright=\"Depositphotos\/rafapress\" fetchpriority=\"high\" decoding=\"async\" class=\"size-full wp-image-2316045\" src=\"https:\/\/i0.wp.com\/catracalivre.com.br\/wp-content\/uploads\/2023\/12\/depositphotos-360181776-xl-scaled-e1701445629624.jpg?resize=2560%2C1476&#038;ssl=1\" alt=\"Veja o que se sabe sobre o PIS\/Pasep 2022\" width=\"2560\" height=\"1476\" srcset=\"https:\/\/catracalivre.com.br\/wp-content\/uploads\/2023\/12\/depositphotos-360181776-xl-scaled-e1701445629624.jpg 2560w, https:\/\/catracalivre.com.br\/wp-content\/uploads\/2023\/12\/depositphotos-360181776-xl-scaled-e1701445629624-450x259.jpg 450w, https:\/\/catracalivre.com.br\/wp-content\/uploads\/2023\/12\/depositphotos-360181776-xl-scaled-e1701445629624-768x443.jpg 768w\" sizes=\"(max-width: 2560px) 100vw, 2560px\"\/><\/p>\n<p>Cr\u00e9ditos: Depositphotos\/rafapress<\/p>\n<\/div>\n<\/div>\n<p><span class=\"post-imagem__legenda\">Veja o que se sabe sobre o PIS\/Pasep 2022<\/span><\/p>\n<\/div>\n<h2>O que esperar do valor do PIS\/Pasep 2024?<\/h2>\n<p>O c\u00e1lculo do valor do PIS\/Pasep leva em considera\u00e7\u00e3o o sal\u00e1rio m\u00ednimo do ano de pagamento. Isso significa que s\u00f3 poderemos saber qual ser\u00e1 o montante do PIS 2024 quando o governo do Presidente Lula divulgar o sal\u00e1rio m\u00ednimo de 2024.<\/p>\n<p class=\"bullet mt-0\" dir=\"ltr\" data-v-16434e43=\"\">Vale lembrar que a maior parcela do PIS 2022 estar\u00e1 destinada aos trabalhadores que exerceram atividades com carteira assinada ao longo dos 12 meses do ano-base.<\/p>\n<p>A divulga\u00e7\u00e3o das datas e valores de pagamento do PIS sempre \u00e9 uma informa\u00e7\u00e3o muito aguardada pelos trabalhadores brasileiros. O PIS \u00e9 um direito do trabalhador e a libera\u00e7\u00e3o do calend\u00e1rio traz um al\u00edvio financeiro para muitas fam\u00edlias.<\/p>\n<p>Agora, com o atraso no cronograma, a expectativa aumenta. Ainda n\u00e3o sabemos quando esses dados acabar\u00e3o liberados pelo governo.<\/p>\n<h2>Crit\u00e9rios para receber o benef\u00edcio<\/h2>\n<p>Tem direito ao benef\u00edcio, referente ao ano-base 2022, o trabalhador que recebeu at\u00e9 dois sal\u00e1rios m\u00ednimos mensais em 2022. Al\u00e9m disso, ele n\u00e3o pode ter trabalhado para pessoa f\u00edsica.<\/p>\n<p>O trabalho tamb\u00e9m precisa ter cadastro no sistema PIS\/Pasep por pelo menos cinco anos. Atendendo aos requisitos, basta ficar atento \u00e0s informa\u00e7\u00f5es oficiais divulgadas pelo governo e no site\u00a0<a href=\"https:\/\/www.gov.br\/pt-br\/servicos\/receber-o-abono-salarial\" target=\"_blank\" rel=\"noopener\">gov.br\/pt-br\/servicos\/sacar-o-abono-salarial<\/a>.<\/p>\n<\/div>\n<p><script>\n\t\t! function(f, b, e, v, n, t, s) {\n\t\t\tif (f.fbq) return;\n\t\t\tn = f.fbq = function() {\n\t\t\t\tn.callMethod ?\n\t\t\t\t\tn.callMethod.apply(n, arguments) : n.queue.push(arguments)\n\t\t\t};\n\t\t\tif (!f._fbq) f._fbq = n;\n\t\t\tn.push = n;\n\t\t\tn.loaded = !0;\n\t\t\tn.version = '2.0';\n\t\t\tn.queue = [];\n\t\t\tt = b.createElement(e);\n\t\t\tt.async = !0;\n\t\t\tt.src = v;\n\t\t\ts = b.getElementsByTagName(e)[0];\n\t\t\ts.parentNode.insertBefore(t, s)\n\t\t}(window, document, 'script',\n\t\t\t'https:\/\/connect.facebook.net\/en_US\/fbevents.js');\n\t\tfbq('init', '338315473262380');\n\t\tfbq('track', 'PageView');\n\t<\/script><br \/>\n<br \/><br \/>\n<br \/><a href=\"https:\/\/catracalivre.com.br\/cidadania\/afinal-qual-o-valor-do-pis-pasep-ano-base-2022-veja-o-que-se-sabe\/\">Source link <\/a><\/p>\n<!-- CONTENT END 1 -->\n","protected":false},"excerpt":{"rendered":"<p>A programa\u00e7\u00e3o do PIS\/Pasep 2024, relativo ao ano-base 2022, est\u00e1 passando por um atraso por causa da pandemia. O que era normalmente um breve intervalo&#8230;<\/p>\n","protected":false},"author":1,"featured_media":9240,"comment_status":"open","ping_status":"open","sticky":false,"template":"","format":"standard","meta":{"advanced_seo_description":"","jetpack_seo_html_title":"","jetpack_seo_noindex":false,"jetpack_post_was_ever_published":false,"_jetpack_newsletter_access":"","_jetpack_dont_email_post_to_subs":false,"_jetpack_newsletter_tier_id":0,"_jetpack_memberships_contains_paywalled_content":false,"_jetpack_memberships_contains_paid_content":false,"footnotes":"","jetpack_publicize_message":"","jetpack_publicize_feature_enabled":true,"jetpack_social_post_already_shared":true,"jetpack_social_options":{"image_generator_settings":{"template":"highway","default_image_id":0,"font":"","enabled":false},"version":2}},"categories":[19],"tags":[],"class_list":["post-9239","post","type-post","status-publish","format-standard","has-post-thumbnail","hentry","category-variedades"],"jetpack_publicize_connections":[],"jetpack_featured_media_url":"https:\/\/i0.wp.com\/noticiasribeiraopreto.com.br\/wp-content\/uploads\/2023\/12\/depositphotos-360181776-xl-scaled-e1701445629624.jpg?fit=1200%2C638&ssl=1","jetpack-related-posts":[{"id":18475,"url":"https:\/\/noticiasribeiraopreto.com.br\/index.php\/2023\/12\/20\/confira-valor-calendario-e-quem-tem-direito-ao-abono\/","url_meta":{"origin":9239,"position":0},"title":"Confira valor, calend\u00e1rio e quem tem direito ao abono","author":"noticiasribeiraopreto.com.br","date":"20 de December de 2023","format":false,"excerpt":"Os trabalhadores do pa\u00eds aguardam a chegada de 2024 para come\u00e7arem a receber o pagamento do PIS\/Pasep. A expectativa cresce entre os profissionais, que estavam acostumados at\u00e9 pouco tempo atr\u00e1s com o repasse do abono salarial no ano seguinte ao trabalhado. Contudo, nos \u00faltimos anos, houve um atraso no calend\u00e1rio\u2026","rel":"","context":"In &quot;Vagas de Emprego em Ribeir\u00e3o Preto-SP&quot;","block_context":{"text":"Vagas de Emprego em Ribeir\u00e3o Preto-SP","link":"https:\/\/noticiasribeiraopreto.com.br\/index.php\/category\/empregos-classificados-vagas-trabalho\/vagas-de-empregos-em-ribeirao-preto-regiao-brasil\/"},"img":{"alt_text":"","src":"https:\/\/i0.wp.com\/noticiasribeiraopreto.com.br\/wp-content\/uploads\/2023\/12\/noticiasconcursos.com_.br-pispasep-2024-veja-novidades-do-abono-e-quando-sera-pago-no-brasil-pis-pasep-divulgacao-750x430.jpg?fit=750%2C430&ssl=1&resize=350%2C200","width":350,"height":200,"srcset":"https:\/\/i0.wp.com\/noticiasribeiraopreto.com.br\/wp-content\/uploads\/2023\/12\/noticiasconcursos.com_.br-pispasep-2024-veja-novidades-do-abono-e-quando-sera-pago-no-brasil-pis-pasep-divulgacao-750x430.jpg?fit=750%2C430&ssl=1&resize=350%2C200 1x, https:\/\/i0.wp.com\/noticiasribeiraopreto.com.br\/wp-content\/uploads\/2023\/12\/noticiasconcursos.com_.br-pispasep-2024-veja-novidades-do-abono-e-quando-sera-pago-no-brasil-pis-pasep-divulgacao-750x430.jpg?fit=750%2C430&ssl=1&resize=525%2C300 1.5x, https:\/\/i0.wp.com\/noticiasribeiraopreto.com.br\/wp-content\/uploads\/2023\/12\/noticiasconcursos.com_.br-pispasep-2024-veja-novidades-do-abono-e-quando-sera-pago-no-brasil-pis-pasep-divulgacao-750x430.jpg?fit=750%2C430&ssl=1&resize=700%2C400 2x"},"classes":[]},{"id":8231,"url":"https:\/\/noticiasribeiraopreto.com.br\/index.php\/2023\/11\/29\/pis-pasep-ano-base-2022-ja-tem-data-de-pagamento-veja-tambem-valores\/","url_meta":{"origin":9239,"position":1},"title":"PIS\/Pasep ano-base 2022 j\u00e1 tem data de pagamento? Veja tamb\u00e9m valores","author":"noticiasribeiraopreto.com.br","date":"29 de November de 2023","format":false,"excerpt":"Muitas pessoas t\u00eam questionado sobre o pagamento do abono salarial do PIS\/Pasep para aqueles que trabalharam em 2022, especialmente agora, que o governo finalizou os pagamentos referentes ao ano-base 2021. Uma coisa j\u00e1 \u00e9 certa, vai ter pagamento em 2024, referente ao ano base 2022. Cr\u00e9ditos: Istock\/Brenda Rocha BlossomPIS\/Pasep ano-base\u2026","rel":"","context":"In &quot;Variedades&quot;","block_context":{"text":"Variedades","link":"https:\/\/noticiasribeiraopreto.com.br\/index.php\/category\/variedades\/"},"img":{"alt_text":"","src":"https:\/\/i0.wp.com\/noticiasribeiraopreto.com.br\/wp-content\/uploads\/2023\/11\/istock-1313355286-e1686576580356.jpg?fit=1200%2C638&ssl=1&resize=350%2C200","width":350,"height":200,"srcset":"https:\/\/i0.wp.com\/noticiasribeiraopreto.com.br\/wp-content\/uploads\/2023\/11\/istock-1313355286-e1686576580356.jpg?fit=1200%2C638&ssl=1&resize=350%2C200 1x, https:\/\/i0.wp.com\/noticiasribeiraopreto.com.br\/wp-content\/uploads\/2023\/11\/istock-1313355286-e1686576580356.jpg?fit=1200%2C638&ssl=1&resize=525%2C300 1.5x, https:\/\/i0.wp.com\/noticiasribeiraopreto.com.br\/wp-content\/uploads\/2023\/11\/istock-1313355286-e1686576580356.jpg?fit=1200%2C638&ssl=1&resize=700%2C400 2x, https:\/\/i0.wp.com\/noticiasribeiraopreto.com.br\/wp-content\/uploads\/2023\/11\/istock-1313355286-e1686576580356.jpg?fit=1200%2C638&ssl=1&resize=1050%2C600 3x"},"classes":[]},{"id":16138,"url":"https:\/\/noticiasribeiraopreto.com.br\/index.php\/2023\/12\/15\/pagamento-do-pis-pasep-ano-base-2022-tera-novo-valor-confira\/","url_meta":{"origin":9239,"position":2},"title":"Pagamento do PIS\/Pasep ano-base 2022 ter\u00e1 novo valor; confira","author":"noticiasribeiraopreto.com.br","date":"15 de December de 2023","format":false,"excerpt":"Muitas pessoas t\u00eam questionado sobre o pagamento do abono salarial do PIS\/Pasep para aqueles que trabalharam em 2022, especialmente agora, que o governo finalizou os pagamentos referentes ao ano-base 2021. Uma coisa j\u00e1 \u00e9 certa, vai ter pagamento em 2024, referente ao ano base 2022. Cr\u00e9ditos: Istock\/Joa_SouzaPagamento do PIS\/Pasep ano-base\u2026","rel":"","context":"In &quot;Variedades&quot;","block_context":{"text":"Variedades","link":"https:\/\/noticiasribeiraopreto.com.br\/index.php\/category\/variedades\/"},"img":{"alt_text":"","src":"https:\/\/i0.wp.com\/noticiasribeiraopreto.com.br\/wp-content\/uploads\/2023\/12\/1702613344_istock-1264766692-1.jpg?fit=1200%2C638&ssl=1&resize=350%2C200","width":350,"height":200,"srcset":"https:\/\/i0.wp.com\/noticiasribeiraopreto.com.br\/wp-content\/uploads\/2023\/12\/1702613344_istock-1264766692-1.jpg?fit=1200%2C638&ssl=1&resize=350%2C200 1x, https:\/\/i0.wp.com\/noticiasribeiraopreto.com.br\/wp-content\/uploads\/2023\/12\/1702613344_istock-1264766692-1.jpg?fit=1200%2C638&ssl=1&resize=525%2C300 1.5x, https:\/\/i0.wp.com\/noticiasribeiraopreto.com.br\/wp-content\/uploads\/2023\/12\/1702613344_istock-1264766692-1.jpg?fit=1200%2C638&ssl=1&resize=700%2C400 2x, https:\/\/i0.wp.com\/noticiasribeiraopreto.com.br\/wp-content\/uploads\/2023\/12\/1702613344_istock-1264766692-1.jpg?fit=1200%2C638&ssl=1&resize=1050%2C600 3x"},"classes":[]},{"id":14772,"url":"https:\/\/noticiasribeiraopreto.com.br\/index.php\/2023\/12\/12\/calendario-do-pis-pasep-2024-veja-quando-sai-seu-pagamento\/","url_meta":{"origin":9239,"position":3},"title":"Calend\u00e1rio do PIS\/PASEP 2024; veja quando sai seu pagamento!","author":"noticiasribeiraopreto.com.br","date":"12 de December de 2023","format":false,"excerpt":"Ainda gera muitas d\u00favidas o pagamento do abono salarial do\u00a0PIS\/Pasep\u00a0para aqueles que trabalharam em 2022, principalmente ap\u00f3s o fim dos pagamentos referentes ao ano-base 2021. A garantia apresentada, no entanto, \u00e9 de que haver\u00e1 pagamento em 2024, decorrente ao ano de 2022. Cr\u00e9ditos: iSTockCalend\u00e1rio do PIS\/PASEP 2024; veja quando sai\u2026","rel":"","context":"In &quot;Variedades&quot;","block_context":{"text":"Variedades","link":"https:\/\/noticiasribeiraopreto.com.br\/index.php\/category\/variedades\/"},"img":{"alt_text":"","src":"https:\/\/i0.wp.com\/noticiasribeiraopreto.com.br\/wp-content\/uploads\/2023\/12\/1702399455_istock-1491612792.jpg?fit=1200%2C638&ssl=1&resize=350%2C200","width":350,"height":200,"srcset":"https:\/\/i0.wp.com\/noticiasribeiraopreto.com.br\/wp-content\/uploads\/2023\/12\/1702399455_istock-1491612792.jpg?fit=1200%2C638&ssl=1&resize=350%2C200 1x, https:\/\/i0.wp.com\/noticiasribeiraopreto.com.br\/wp-content\/uploads\/2023\/12\/1702399455_istock-1491612792.jpg?fit=1200%2C638&ssl=1&resize=525%2C300 1.5x, https:\/\/i0.wp.com\/noticiasribeiraopreto.com.br\/wp-content\/uploads\/2023\/12\/1702399455_istock-1491612792.jpg?fit=1200%2C638&ssl=1&resize=700%2C400 2x, https:\/\/i0.wp.com\/noticiasribeiraopreto.com.br\/wp-content\/uploads\/2023\/12\/1702399455_istock-1491612792.jpg?fit=1200%2C638&ssl=1&resize=1050%2C600 3x"},"classes":[]},{"id":14400,"url":"https:\/\/noticiasribeiraopreto.com.br\/index.php\/2023\/12\/12\/valores-e-datas-do-pis-pasep-ano-base-2022-liberados-confira\/","url_meta":{"origin":9239,"position":4},"title":"Valores e datas do PIS\/Pasep ano-base 2022 LIBERADOS? Confira","author":"noticiasribeiraopreto.com.br","date":"12 de December de 2023","format":false,"excerpt":"Muitas pessoas t\u00eam questionado sobre o pagamento do abono salarial do PIS\/Pasep para aqueles que trabalharam em 2022, especialmente agora, que o governo finalizou os pagamentos referentes ao ano-base 2021. Uma coisa j\u00e1 \u00e9 certa, vai ter pagamento em 2024, referente ao ano base 2022. Cr\u00e9ditos: Istock\/gustavomellossaValores e datas do\u2026","rel":"","context":"In &quot;Variedades&quot;","block_context":{"text":"Variedades","link":"https:\/\/noticiasribeiraopreto.com.br\/index.php\/category\/variedades\/"},"img":{"alt_text":"","src":"https:\/\/i0.wp.com\/noticiasribeiraopreto.com.br\/wp-content\/uploads\/2023\/12\/1702354179_istock-1359193421.jpg?fit=1200%2C638&ssl=1&resize=350%2C200","width":350,"height":200,"srcset":"https:\/\/i0.wp.com\/noticiasribeiraopreto.com.br\/wp-content\/uploads\/2023\/12\/1702354179_istock-1359193421.jpg?fit=1200%2C638&ssl=1&resize=350%2C200 1x, https:\/\/i0.wp.com\/noticiasribeiraopreto.com.br\/wp-content\/uploads\/2023\/12\/1702354179_istock-1359193421.jpg?fit=1200%2C638&ssl=1&resize=525%2C300 1.5x, https:\/\/i0.wp.com\/noticiasribeiraopreto.com.br\/wp-content\/uploads\/2023\/12\/1702354179_istock-1359193421.jpg?fit=1200%2C638&ssl=1&resize=700%2C400 2x, https:\/\/i0.wp.com\/noticiasribeiraopreto.com.br\/wp-content\/uploads\/2023\/12\/1702354179_istock-1359193421.jpg?fit=1200%2C638&ssl=1&resize=1050%2C600 3x"},"classes":[]},{"id":12851,"url":"https:\/\/noticiasribeiraopreto.com.br\/index.php\/2023\/12\/08\/pis-pasep-ano-base-2022-sera-pago-com-valor-impressionante\/","url_meta":{"origin":9239,"position":5},"title":"PIS\/Pasep ano-base 2022 ser\u00e1 pago com valor IMPRESSIONANTE","author":"noticiasribeiraopreto.com.br","date":"8 de December de 2023","format":false,"excerpt":"Muitas pessoas t\u00eam questionado sobre o pagamento do abono salarial do PIS\/Pasep para aqueles que trabalharam em 2022, especialmente agora, que o governo finalizou os pagamentos referentes ao ano-base 2021. Uma coisa j\u00e1 \u00e9 certa, vai ter pagamento em 2024, referente ao ano base 2022. Cr\u00e9ditos: Ag\u00eancia Brasil\/Jos\u00e9 CruzPIS\/Pasep ano-base\u2026","rel":"","context":"In &quot;Variedades&quot;","block_context":{"text":"Variedades","link":"https:\/\/noticiasribeiraopreto.com.br\/index.php\/category\/variedades\/"},"img":{"alt_text":"","src":"https:\/\/i0.wp.com\/noticiasribeiraopreto.com.br\/wp-content\/uploads\/2023\/12\/pis-pasep-abono-salarial-e-pago-hoje-veja-calendario-e-quem-recebe.png?fit=1200%2C638&ssl=1&resize=350%2C200","width":350,"height":200,"srcset":"https:\/\/i0.wp.com\/noticiasribeiraopreto.com.br\/wp-content\/uploads\/2023\/12\/pis-pasep-abono-salarial-e-pago-hoje-veja-calendario-e-quem-recebe.png?fit=1200%2C638&ssl=1&resize=350%2C200 1x, https:\/\/i0.wp.com\/noticiasribeiraopreto.com.br\/wp-content\/uploads\/2023\/12\/pis-pasep-abono-salarial-e-pago-hoje-veja-calendario-e-quem-recebe.png?fit=1200%2C638&ssl=1&resize=525%2C300 1.5x, https:\/\/i0.wp.com\/noticiasribeiraopreto.com.br\/wp-content\/uploads\/2023\/12\/pis-pasep-abono-salarial-e-pago-hoje-veja-calendario-e-quem-recebe.png?fit=1200%2C638&ssl=1&resize=700%2C400 2x, https:\/\/i0.wp.com\/noticiasribeiraopreto.com.br\/wp-content\/uploads\/2023\/12\/pis-pasep-abono-salarial-e-pago-hoje-veja-calendario-e-quem-recebe.png?fit=1200%2C638&ssl=1&resize=1050%2C600 3x"},"classes":[]}],"jetpack_sharing_enabled":true,"jetpack_shortlink":"https:\/\/wp.me\/peQAOb-2p1","_links":{"self":[{"href":"https:\/\/noticiasribeiraopreto.com.br\/index.php\/wp-json\/wp\/v2\/posts\/9239","targetHints":{"allow":["GET"]}}],"collection":[{"href":"https:\/\/noticiasribeiraopreto.com.br\/index.php\/wp-json\/wp\/v2\/posts"}],"about":[{"href":"https:\/\/noticiasribeiraopreto.com.br\/index.php\/wp-json\/wp\/v2\/types\/post"}],"author":[{"embeddable":true,"href":"https:\/\/noticiasribeiraopreto.com.br\/index.php\/wp-json\/wp\/v2\/users\/1"}],"replies":[{"embeddable":true,"href":"https:\/\/noticiasribeiraopreto.com.br\/index.php\/wp-json\/wp\/v2\/comments?post=9239"}],"version-history":[{"count":0,"href":"https:\/\/noticiasribeiraopreto.com.br\/index.php\/wp-json\/wp\/v2\/posts\/9239\/revisions"}],"wp:featuredmedia":[{"embeddable":true,"href":"https:\/\/noticiasribeiraopreto.com.br\/index.php\/wp-json\/wp\/v2\/media\/9240"}],"wp:attachment":[{"href":"https:\/\/noticiasribeiraopreto.com.br\/index.php\/wp-json\/wp\/v2\/media?parent=9239"}],"wp:term":[{"taxonomy":"category","embeddable":true,"href":"https:\/\/noticiasribeiraopreto.com.br\/index.php\/wp-json\/wp\/v2\/categories?post=9239"},{"taxonomy":"post_tag","embeddable":true,"href":"https:\/\/noticiasribeiraopreto.com.br\/index.php\/wp-json\/wp\/v2\/tags?post=9239"}],"curies":[{"name":"wp","href":"https:\/\/api.w.org\/{rel}","templated":true}]}}