{"id":9278,"date":"2023-12-01T19:50:49","date_gmt":"2023-12-01T22:50:49","guid":{"rendered":"https:\/\/noticiasribeiraopreto.com.br\/index.php\/2023\/12\/01\/como-fica-o-tempo-em-dezembro-veja-a-previsao-para-o-interior-de-sp\/"},"modified":"2023-12-01T19:50:49","modified_gmt":"2023-12-01T22:50:49","slug":"como-fica-o-tempo-em-dezembro-veja-a-previsao-para-o-interior-de-sp","status":"publish","type":"post","link":"https:\/\/noticiasribeiraopreto.com.br\/index.php\/2023\/12\/01\/como-fica-o-tempo-em-dezembro-veja-a-previsao-para-o-interior-de-sp\/","title":{"rendered":"Como fica o tempo em dezembro? Veja a previs\u00e3o para o interior de SP"},"content":{"rendered":"<div class='code-block code-block-1' style='margin: 8px 0 8px auto; text-align: right; display: block; clear: both;'>\n<p><a href=\"https:\/\/wa.link\/vpicfd\"><img data-recalc-dims=\"1\" class=\"wp-image-4922\" style=\"aspect-ratio: 2.0253164556962027; width: 561px; height: auto;\" src=\"https:\/\/i0.wp.com\/ismaelcolosi.com.br\/wp-content\/uploads\/2023\/11\/grupo-de-empregos-whatsapp-e-facebook-ismael-colosi-vagas.jpg?ssl=1\" alt=\"\" \/><\/a><\/p>\n<!-- \/wp:image -->\n<\/div>\n<p> <br \/>\n<\/p>\n<div data-td-block-uid=\"tdi_104\">\n<div class=\"tdb-block-inner td-fix-index\">\n<p>O m\u00eas de dezembro dever\u00e1 ser de <strong>chuva <\/strong>com <strong>temperaturas acima da m\u00e9dia<\/strong> em <strong>todo o estado de S\u00e3o Paulo<\/strong>, de acordo com o <strong>Inmet <\/strong>(Instituto Nacional de Meteorologia).<\/p>\n<p>Os dias devem ser de <strong>sol com aumento de nuvens e pancadas de chuva \u00e0 tarde e \u00e0 noite<\/strong>. Essas instabilidades est\u00e3o associadas ao <strong>calor <\/strong>e <strong>alta umidade<\/strong>. Segundo a plataforma <strong>Climatempo<\/strong>, as temperaturas elevadas acontecem devido \u00e0 influ\u00eancia do <strong>El Ni\u00f1o<\/strong>.<\/p>\n<blockquote class=\"wp-block-quote\">\n<p class=\"has-text-align-left\">\u201cPrevis\u00f5es de m\u00e9dio e longo prazo de diversos centros globais de previs\u00e3o indicam o pico de intensidade do El Ni\u00f1o entre os meses de dezembro e janeiro, com uma for\u00e7a n\u00e3o muito acima do que est\u00e1 sendo observado agora\u201d, disse a Climatempo.<\/p>\n<\/blockquote>\n<h4 class=\"wp-block-heading\"><strong>Como fica o tempo em Ribeir\u00e3o Preto?<\/strong><\/h4>\n<p>A regi\u00e3o de <strong>Ribeir\u00e3o Preto<\/strong> tem previs\u00e3o <strong>pancadas de chuva durante o fim de semana<\/strong>, contudo, a temperatura segue <strong>acima dos 30\u00b0C<\/strong> e pode atingir os <strong>36\u00b0C na cidade de Ribeir\u00e3o<\/strong>.<\/p>\n<p>De acordo com a <strong>Climatempo<\/strong>, neste s\u00e1bado (2) e domingo (3), a previs\u00e3o indica sol, mas s\u00e3o esperadas pancadas de chuva t\u00edpicas de primavera, com raios e trovoadas a partir da tarde.<\/p>\n<h4 class=\"wp-block-heading\"><strong>Veja a previs\u00e3o para os pr\u00f3ximos 10 dias:<\/strong><\/h4>\n<ul>\n<li><strong>S\u00e1bado (2)<\/strong>: temperaturas entre 22\u00baC e 36\u00baC. Sol e aumento de nuvens de manh\u00e3, com pancadas de chuva \u00e0 tarde e \u00e0 noite;<\/li>\n<\/ul>\n<ul>\n<li><strong>Domingo (3)<\/strong>: temperaturas entre 22\u00baC e 35\u00baC. Sol e aumento de nuvens de manh\u00e3, com pancadas de chuva \u00e0 tarde e \u00e0 noite;<\/li>\n<\/ul>\n<ul>\n<li><strong>Segunda-feira (4)<\/strong>: temperaturas entre 21\u00baC e 33\u00baC. Sol com algumas nuvens. Chove r\u00e1pido durante o dia e \u00e0 noite<\/li>\n<\/ul>\n<ul>\n<li><strong>Ter\u00e7a-feira (5)<\/strong>: temperaturas entre 22\u00baC e 31\u00baC. Sol com algumas nuvens. Chove r\u00e1pido durante o dia e \u00e0 noite<\/li>\n<\/ul>\n<ul>\n<li><strong>Quarta-feira (6)<\/strong>: temperaturas entre 20\u00baC e 31\u00baC. Sol com muitas nuvens. Pancadas de chuva \u00e0 tarde e \u00e0 noite.<\/li>\n<\/ul>\n<ul>\n<li><strong>Quinta-feira (7)<\/strong>: temperaturas entre 21\u00baC e 34\u00baC. Sol e aumento de nuvens de manh\u00e3, com pancadas de chuva \u00e0 tarde e \u00e0 noite;<\/li>\n<\/ul>\n<ul>\n<li><strong>Sexta-feira (8)<\/strong>: temperaturas entre 21\u00baC e 34\u00baC. Sol e aumento de nuvens de manh\u00e3, com pancadas de chuva \u00e0 tarde e \u00e0 noite;<\/li>\n<\/ul>\n<ul>\n<li><strong>S\u00e1bado (9)<\/strong>: temperaturas entre 22\u00baC e 35\u00baC. Sol e aumento de nuvens de manh\u00e3, com pancadas de chuva \u00e0 tarde e \u00e0 noite;<\/li>\n<\/ul>\n<ul>\n<li><strong>Domingo (10)<\/strong>: temperaturas entre 22\u00baC e 35\u00baC. Sol e aumento de nuvens de manh\u00e3, com pancadas de chuva \u00e0 tarde e \u00e0 noite;<\/li>\n<\/ul>\n<ul>\n<li><strong>Segunda-feira (11)<\/strong>: temperaturas entre 22\u00baC e 36\u00baC. Sol e aumento de nuvens de manh\u00e3, com pancadas de chuva \u00e0 tarde e \u00e0 noite;<\/li>\n<\/ul>\n<p>VEJA TAMB\u00c9M<\/p>\n<p>Com cl\u00e1ssicos do cinema e da TV, Ribeir\u00e3o recebe 2\u00ba leil\u00e3o de ve\u00edculos antigos<\/p>\n<h4 class=\"wp-block-heading\"><strong><mark style=\"background-color:#fcb900\" class=\"has-inline-color\">FIQUE ON<\/mark><\/strong><\/h4>\n<p>Fique ligado em tudo que acontece em Ribeir\u00e3o Preto e regi\u00e3o. Siga os perfis do\u00a0<strong>acidade on\u00a0<\/strong>no\u00a0<a href=\"https:\/\/www.instagram.com\/acidadeonribeirao\" target=\"_blank\" rel=\"noreferrer noopener\">Instagram\u00a0<\/a>e no\u00a0<a href=\"https:\/\/www.facebook.com\/acidadeonribeirao\" target=\"_blank\" rel=\"noreferrer noopener\">Facebook.<\/a><\/p>\n<p>Receba not\u00edcias do\u00a0<strong>acidade on\u00a0<\/strong>no WhatsApp.<a href=\"https:\/\/chat.whatsapp.com\/Bnv2w66ZT4VDyZW3oiZ69n\" target=\"_blank\" rel=\"noreferrer noopener\">\u00a0Para entrar no grupo, basta clicar aqui.<\/a><\/p>\n<p>Fa\u00e7a uma den\u00fancia ou sugira uma reportagem sobre a Ribeir\u00e3o Preto e regi\u00e3o pelo WhatsApp: (16) 99117 7802.<\/p>\n<p>LEIA MAIS<\/p>\n<p><a href=\"https:\/\/www.tudoep.com\/tudo-receitas\/NOT,0,0,1868342,bolo-de-maca-fit-confira-sobremesa-com-uva-passa-e-especiarias.aspx\" target=\"_blank\" rel=\"noreferrer noopener\">Bolo de ma\u00e7\u00e3 fit: confira sobremesa com uva passa e especiarias<\/a><\/p>\n<p><!-- AI CONTENT END 1 -->\n<\/div>\n<\/div>\n<p><script async src=\"\/\/www.instagram.com\/embed.js\"><\/script><br \/>\n<br \/><br \/>\n<br \/><a href=\"https:\/\/www.acidadeon.com\/ribeiraopreto\/cotidiano\/como-fica-o-tempo-em-dezembro-veja-a-previsao-para-o-interior-de-sp\/\">Source link <\/a><\/p>\n<!-- CONTENT END 1 -->\n","protected":false},"excerpt":{"rendered":"<p>O m\u00eas de dezembro dever\u00e1 ser de chuva com temperaturas acima da m\u00e9dia em todo o estado de S\u00e3o Paulo, de acordo com o Inmet&#8230;<\/p>\n","protected":false},"author":1,"featured_media":9279,"comment_status":"open","ping_status":"open","sticky":false,"template":"","format":"standard","meta":{"advanced_seo_description":"","jetpack_seo_html_title":"","jetpack_seo_noindex":false,"jetpack_post_was_ever_published":false,"_jetpack_newsletter_access":"","_jetpack_dont_email_post_to_subs":false,"_jetpack_newsletter_tier_id":0,"_jetpack_memberships_contains_paywalled_content":false,"_jetpack_memberships_contains_paid_content":false,"footnotes":"","jetpack_publicize_message":"","jetpack_publicize_feature_enabled":true,"jetpack_social_post_already_shared":true,"jetpack_social_options":{"image_generator_settings":{"template":"highway","default_image_id":0,"font":"","enabled":false},"version":2}},"categories":[11],"tags":[265,1082,398,237,71,350,351,48],"class_list":["post-9278","post","type-post","status-publish","format-standard","has-post-thumbnail","hentry","category-noticias-de-ribeirao-preto-sp-e-regiao-ismael-colosi","tag-como","tag-dezembro","tag-fica","tag-interior","tag-para","tag-previsao","tag-tempo","tag-veja"],"jetpack_publicize_connections":[],"jetpack_featured_media_url":"https:\/\/i0.wp.com\/noticiasribeiraopreto.com.br\/wp-content\/uploads\/2023\/12\/WhatsApp-Image-2023-11-24-at-11.08.54.jpeg?fit=1599%2C697&ssl=1","jetpack-related-posts":[{"id":20254,"url":"https:\/\/noticiasribeiraopreto.com.br\/index.php\/2023\/12\/24\/previsao-saiba-como-fica-o-tempo-no-dia-de-natal-em-ribeirao-preto\/","url_meta":{"origin":9278,"position":0},"title":"Previs\u00e3o: Saiba como fica o tempo no Dia de Natal em Ribeir\u00e3o Preto","author":"noticiasribeiraopreto.com.br","date":"24 de December de 2023","format":false,"excerpt":"A \u00faltima segunda-feira de 2023, dia 25 de dezembro, marcada pelo Natal, deve ser de muito calor, aponta a previs\u00e3o do tempo da plataforma Climatempo. A temperatura deve ficar entre 21\u00b0C e 35\u00b0C. Ainda segundo a Climatempo, a possibilidade de pancadas de chuva aumenta no final da tarde. A previs\u00e3o\u2026","rel":"","context":"In &quot;Not\u00edcias de Ribeir\u00e3o Preto-SP e Regi\u00e3o&quot;","block_context":{"text":"Not\u00edcias de Ribeir\u00e3o Preto-SP e Regi\u00e3o","link":"https:\/\/noticiasribeiraopreto.com.br\/index.php\/category\/noticias-de-ribeirao-preto-sp-e-regiao-ismael-colosi\/"},"img":{"alt_text":"","src":"https:\/\/i0.wp.com\/noticiasribeiraopreto.com.br\/wp-content\/uploads\/2023\/12\/WhatsApp-Image-2023-12-24-at-17.23.43.jpeg?fit=1200%2C890&ssl=1&resize=350%2C200","width":350,"height":200,"srcset":"https:\/\/i0.wp.com\/noticiasribeiraopreto.com.br\/wp-content\/uploads\/2023\/12\/WhatsApp-Image-2023-12-24-at-17.23.43.jpeg?fit=1200%2C890&ssl=1&resize=350%2C200 1x, https:\/\/i0.wp.com\/noticiasribeiraopreto.com.br\/wp-content\/uploads\/2023\/12\/WhatsApp-Image-2023-12-24-at-17.23.43.jpeg?fit=1200%2C890&ssl=1&resize=525%2C300 1.5x, https:\/\/i0.wp.com\/noticiasribeiraopreto.com.br\/wp-content\/uploads\/2023\/12\/WhatsApp-Image-2023-12-24-at-17.23.43.jpeg?fit=1200%2C890&ssl=1&resize=700%2C400 2x, https:\/\/i0.wp.com\/noticiasribeiraopreto.com.br\/wp-content\/uploads\/2023\/12\/WhatsApp-Image-2023-12-24-at-17.23.43.jpeg?fit=1200%2C890&ssl=1&resize=1050%2C600 3x"},"classes":[]},{"id":6727,"url":"https:\/\/noticiasribeiraopreto.com.br\/index.php\/2023\/11\/26\/chuva-ou-calor-veja-a-previsao-do-tempo-para-os-proximos-cinco-dias\/","url_meta":{"origin":9278,"position":1},"title":"Chuva ou calor? Veja a previs\u00e3o do tempo para os pr\u00f3ximos cinco dias","author":"noticiasribeiraopreto.com.br","date":"26 de November de 2023","format":false,"excerpt":"Ribeir\u00e3o Preto deve ter uma semana t\u00edpica de Ver\u00e3o, aponta a previs\u00e3o da plataforma Climatempo. As temperaturas m\u00e1ximas v\u00e3o estar girando pouco acima dos 30\u00b0C e h\u00e1 boa possibilidade de pancadas de chuva \u00e0 tarde. Nesta segunda-feira (27), a temperatura em Ribeir\u00e3o Preto fica entre 21\u00baC e 31\u00baC, com boa\u2026","rel":"","context":"In &quot;Not\u00edcias de Ribeir\u00e3o Preto-SP e Regi\u00e3o&quot;","block_context":{"text":"Not\u00edcias de Ribeir\u00e3o Preto-SP e Regi\u00e3o","link":"https:\/\/noticiasribeiraopreto.com.br\/index.php\/category\/noticias-de-ribeirao-preto-sp-e-regiao-ismael-colosi\/"},"img":{"alt_text":"","src":"https:\/\/i0.wp.com\/noticiasribeiraopreto.com.br\/wp-content\/uploads\/2023\/11\/WhatsApp-Image-2023-11-26-at-17.35.53.jpeg?fit=1200%2C675&ssl=1&resize=350%2C200","width":350,"height":200,"srcset":"https:\/\/i0.wp.com\/noticiasribeiraopreto.com.br\/wp-content\/uploads\/2023\/11\/WhatsApp-Image-2023-11-26-at-17.35.53.jpeg?fit=1200%2C675&ssl=1&resize=350%2C200 1x, https:\/\/i0.wp.com\/noticiasribeiraopreto.com.br\/wp-content\/uploads\/2023\/11\/WhatsApp-Image-2023-11-26-at-17.35.53.jpeg?fit=1200%2C675&ssl=1&resize=525%2C300 1.5x, https:\/\/i0.wp.com\/noticiasribeiraopreto.com.br\/wp-content\/uploads\/2023\/11\/WhatsApp-Image-2023-11-26-at-17.35.53.jpeg?fit=1200%2C675&ssl=1&resize=700%2C400 2x, https:\/\/i0.wp.com\/noticiasribeiraopreto.com.br\/wp-content\/uploads\/2023\/11\/WhatsApp-Image-2023-11-26-at-17.35.53.jpeg?fit=1200%2C675&ssl=1&resize=1050%2C600 3x"},"classes":[]},{"id":58181,"url":"https:\/\/noticiasribeiraopreto.com.br\/index.php\/2024\/09\/20\/chuva-e-nova-onda-de-calor-veja-a-previsao-do-tempo-para-o-interior-de-sp\/","url_meta":{"origin":9278,"position":2},"title":"Chuva e nova onda de calor? Veja a previs\u00e3o do tempo para o interior de SP","author":"noticiasribeiraopreto.com.br","date":"20 de September de 2024","format":false,"excerpt":"A primavera de 2024 come\u00e7a \u00e0s 9h44 de 22 de setembro. Segundo a Climatempo, a nova esta\u00e7\u00e3o deve ter uma onda de calor logo na primeira quinzena do m\u00eas de outubro no interior de S\u00e3o Paulo. Al\u00e9m disso, a primavera deve registrar chuvas acima da m\u00e9dia, principalmente na regi\u00e3o de\u2026","rel":"","context":"In &quot;Not\u00edcias de Ribeir\u00e3o Preto-SP e Regi\u00e3o&quot;","block_context":{"text":"Not\u00edcias de Ribeir\u00e3o Preto-SP e Regi\u00e3o","link":"https:\/\/noticiasribeiraopreto.com.br\/index.php\/category\/noticias-de-ribeirao-preto-sp-e-regiao-ismael-colosi\/"},"img":{"alt_text":"","src":"https:\/\/i0.wp.com\/noticiasribeiraopreto.com.br\/wp-content\/uploads\/2024\/09\/WhatsApp-Image-2024-04-17-at-18.09.43.webp.webp?fit=1200%2C675&ssl=1&resize=350%2C200","width":350,"height":200,"srcset":"https:\/\/i0.wp.com\/noticiasribeiraopreto.com.br\/wp-content\/uploads\/2024\/09\/WhatsApp-Image-2024-04-17-at-18.09.43.webp.webp?fit=1200%2C675&ssl=1&resize=350%2C200 1x, https:\/\/i0.wp.com\/noticiasribeiraopreto.com.br\/wp-content\/uploads\/2024\/09\/WhatsApp-Image-2024-04-17-at-18.09.43.webp.webp?fit=1200%2C675&ssl=1&resize=525%2C300 1.5x, https:\/\/i0.wp.com\/noticiasribeiraopreto.com.br\/wp-content\/uploads\/2024\/09\/WhatsApp-Image-2024-04-17-at-18.09.43.webp.webp?fit=1200%2C675&ssl=1&resize=700%2C400 2x, https:\/\/i0.wp.com\/noticiasribeiraopreto.com.br\/wp-content\/uploads\/2024\/09\/WhatsApp-Image-2024-04-17-at-18.09.43.webp.webp?fit=1200%2C675&ssl=1&resize=1050%2C600 3x"},"classes":[]},{"id":58561,"url":"https:\/\/noticiasribeiraopreto.com.br\/index.php\/2024\/09\/30\/como-fica-o-tempo-em-outubro-chuva-deve-chegar-ao-estado-de-sp\/","url_meta":{"origin":9278,"position":3},"title":"Como fica o tempo em outubro? Chuva deve chegar ao estado de SP","author":"noticiasribeiraopreto.com.br","date":"30 de September de 2024","format":false,"excerpt":"Marcado por temperaturas elevadas e pouca ocorr\u00eancia de chuva no estado de S\u00e3o Paulo, o m\u00eas se setembro se encerra nesta segunda-feira (30) e traz diversos questionamentos sobre como ser\u00e1 o tempo em outubro. Conforme previs\u00e3o dos meteorologistas, o novo per\u00edodo continua indicando um cen\u00e1rio de temperaturas acima da m\u00e9dia,\u2026","rel":"","context":"In &quot;Not\u00edcias de Ribeir\u00e3o Preto-SP e Regi\u00e3o&quot;","block_context":{"text":"Not\u00edcias de Ribeir\u00e3o Preto-SP e Regi\u00e3o","link":"https:\/\/noticiasribeiraopreto.com.br\/index.php\/category\/noticias-de-ribeirao-preto-sp-e-regiao-ismael-colosi\/"},"img":{"alt_text":"","src":"https:\/\/i0.wp.com\/noticiasribeiraopreto.com.br\/wp-content\/uploads\/2024\/09\/Copia-de-Copia-de-Copia-de-TAMANHO-EXATO-PARA-FOTOS-NO-SISTEMA-NOVO-51_2024-09-16_20-04-40_png_2024-09-16_20-04-40.webp.webp?fit=1200%2C675&ssl=1&resize=350%2C200","width":350,"height":200,"srcset":"https:\/\/i0.wp.com\/noticiasribeiraopreto.com.br\/wp-content\/uploads\/2024\/09\/Copia-de-Copia-de-Copia-de-TAMANHO-EXATO-PARA-FOTOS-NO-SISTEMA-NOVO-51_2024-09-16_20-04-40_png_2024-09-16_20-04-40.webp.webp?fit=1200%2C675&ssl=1&resize=350%2C200 1x, https:\/\/i0.wp.com\/noticiasribeiraopreto.com.br\/wp-content\/uploads\/2024\/09\/Copia-de-Copia-de-Copia-de-TAMANHO-EXATO-PARA-FOTOS-NO-SISTEMA-NOVO-51_2024-09-16_20-04-40_png_2024-09-16_20-04-40.webp.webp?fit=1200%2C675&ssl=1&resize=525%2C300 1.5x, https:\/\/i0.wp.com\/noticiasribeiraopreto.com.br\/wp-content\/uploads\/2024\/09\/Copia-de-Copia-de-Copia-de-TAMANHO-EXATO-PARA-FOTOS-NO-SISTEMA-NOVO-51_2024-09-16_20-04-40_png_2024-09-16_20-04-40.webp.webp?fit=1200%2C675&ssl=1&resize=700%2C400 2x, https:\/\/i0.wp.com\/noticiasribeiraopreto.com.br\/wp-content\/uploads\/2024\/09\/Copia-de-Copia-de-Copia-de-TAMANHO-EXATO-PARA-FOTOS-NO-SISTEMA-NOVO-51_2024-09-16_20-04-40_png_2024-09-16_20-04-40.webp.webp?fit=1200%2C675&ssl=1&resize=1050%2C600 3x"},"classes":[]},{"id":62607,"url":"https:\/\/noticiasribeiraopreto.com.br\/index.php\/2025\/01\/19\/como-fica-o-tempo-em-ribeirao-preto-neste-domingo-veja-previsao\/","url_meta":{"origin":9278,"position":4},"title":"Como fica o tempo em Ribeir\u00e3o Preto neste domingo? Veja previs\u00e3o","author":"noticiasribeiraopreto.com.br","date":"19 de January de 2025","format":false,"excerpt":"O domingo (19) come\u00e7ou com sol e nuvens em Ribeir\u00e3o Preto. De acordo com a Climatempo, os term\u00f4metros devem atingir os 31\u00baC durante o dia e a m\u00ednima fica na casa dos 21\u00baC. H\u00e1 previs\u00e3o para chuva r\u00e1pida durante o dia e \u00e0 noite. Conforme os meteorologistas, o acumulado previsto\u2026","rel":"","context":"In &quot;Not\u00edcias de Ribeir\u00e3o Preto-SP e Regi\u00e3o&quot;","block_context":{"text":"Not\u00edcias de Ribeir\u00e3o Preto-SP e Regi\u00e3o","link":"https:\/\/noticiasribeiraopreto.com.br\/index.php\/category\/noticias-de-ribeirao-preto-sp-e-regiao-ismael-colosi\/"},"img":{"alt_text":"","src":"https:\/\/i0.wp.com\/noticiasribeiraopreto.com.br\/wp-content\/uploads\/2025\/01\/veja_a_1200x675_13022022151246.jpg?fit=1200%2C675&ssl=1&resize=350%2C200","width":350,"height":200,"srcset":"https:\/\/i0.wp.com\/noticiasribeiraopreto.com.br\/wp-content\/uploads\/2025\/01\/veja_a_1200x675_13022022151246.jpg?fit=1200%2C675&ssl=1&resize=350%2C200 1x, https:\/\/i0.wp.com\/noticiasribeiraopreto.com.br\/wp-content\/uploads\/2025\/01\/veja_a_1200x675_13022022151246.jpg?fit=1200%2C675&ssl=1&resize=525%2C300 1.5x, https:\/\/i0.wp.com\/noticiasribeiraopreto.com.br\/wp-content\/uploads\/2025\/01\/veja_a_1200x675_13022022151246.jpg?fit=1200%2C675&ssl=1&resize=700%2C400 2x, https:\/\/i0.wp.com\/noticiasribeiraopreto.com.br\/wp-content\/uploads\/2025\/01\/veja_a_1200x675_13022022151246.jpg?fit=1200%2C675&ssl=1&resize=1050%2C600 3x"},"classes":[]},{"id":78156,"url":"https:\/\/noticiasribeiraopreto.com.br\/index.php\/2025\/10\/03\/veja-como-fica-o-tempo-no-fim-de-semana-em-ribeirao-preto-2\/","url_meta":{"origin":9278,"position":5},"title":"Veja como fica o tempo no fim de semana em Ribeir\u00e3o Preto","author":"noticiasribeiraopreto.com.br","date":"3 de October de 2025","format":false,"excerpt":"Ribeir\u00e3o Preto segue com previs\u00e3o de calor e n\u00edveis baixos de umidade relativa do ar. A\u00a0Defesa Civil publicou um alerta de\u00a0calor intenso, baixa umidade e risco de inc\u00eandios para o\u00a0interior de S\u00e3o Paulo\u00a0at\u00e9 o pr\u00f3ximo domingo (5). Vem chuva? Nesta sexta-feira (3), um cavado meteorol\u00f3gico \u2013 \u00e1rea de instabilidade que\u2026","rel":"","context":"In &quot;Not\u00edcias de Ribeir\u00e3o Preto-SP e Regi\u00e3o&quot;","block_context":{"text":"Not\u00edcias de Ribeir\u00e3o Preto-SP e Regi\u00e3o","link":"https:\/\/noticiasribeiraopreto.com.br\/index.php\/category\/noticias-de-ribeirao-preto-sp-e-regiao-ismael-colosi\/"},"img":{"alt_text":"","src":"https:\/\/i0.wp.com\/noticiasribeiraopreto.com.br\/wp-content\/uploads\/2025\/06\/WhatsApp-Image-2025-06-17-at-14.27.19_2025-06-17_17-29-48.webp.webp?fit=1200%2C540&ssl=1&resize=350%2C200","width":350,"height":200,"srcset":"https:\/\/i0.wp.com\/noticiasribeiraopreto.com.br\/wp-content\/uploads\/2025\/06\/WhatsApp-Image-2025-06-17-at-14.27.19_2025-06-17_17-29-48.webp.webp?fit=1200%2C540&ssl=1&resize=350%2C200 1x, https:\/\/i0.wp.com\/noticiasribeiraopreto.com.br\/wp-content\/uploads\/2025\/06\/WhatsApp-Image-2025-06-17-at-14.27.19_2025-06-17_17-29-48.webp.webp?fit=1200%2C540&ssl=1&resize=525%2C300 1.5x, https:\/\/i0.wp.com\/noticiasribeiraopreto.com.br\/wp-content\/uploads\/2025\/06\/WhatsApp-Image-2025-06-17-at-14.27.19_2025-06-17_17-29-48.webp.webp?fit=1200%2C540&ssl=1&resize=700%2C400 2x, https:\/\/i0.wp.com\/noticiasribeiraopreto.com.br\/wp-content\/uploads\/2025\/06\/WhatsApp-Image-2025-06-17-at-14.27.19_2025-06-17_17-29-48.webp.webp?fit=1200%2C540&ssl=1&resize=1050%2C600 3x"},"classes":[]}],"jetpack_sharing_enabled":true,"jetpack_shortlink":"https:\/\/wp.me\/peQAOb-2pE","_links":{"self":[{"href":"https:\/\/noticiasribeiraopreto.com.br\/index.php\/wp-json\/wp\/v2\/posts\/9278","targetHints":{"allow":["GET"]}}],"collection":[{"href":"https:\/\/noticiasribeiraopreto.com.br\/index.php\/wp-json\/wp\/v2\/posts"}],"about":[{"href":"https:\/\/noticiasribeiraopreto.com.br\/index.php\/wp-json\/wp\/v2\/types\/post"}],"author":[{"embeddable":true,"href":"https:\/\/noticiasribeiraopreto.com.br\/index.php\/wp-json\/wp\/v2\/users\/1"}],"replies":[{"embeddable":true,"href":"https:\/\/noticiasribeiraopreto.com.br\/index.php\/wp-json\/wp\/v2\/comments?post=9278"}],"version-history":[{"count":0,"href":"https:\/\/noticiasribeiraopreto.com.br\/index.php\/wp-json\/wp\/v2\/posts\/9278\/revisions"}],"wp:featuredmedia":[{"embeddable":true,"href":"https:\/\/noticiasribeiraopreto.com.br\/index.php\/wp-json\/wp\/v2\/media\/9279"}],"wp:attachment":[{"href":"https:\/\/noticiasribeiraopreto.com.br\/index.php\/wp-json\/wp\/v2\/media?parent=9278"}],"wp:term":[{"taxonomy":"category","embeddable":true,"href":"https:\/\/noticiasribeiraopreto.com.br\/index.php\/wp-json\/wp\/v2\/categories?post=9278"},{"taxonomy":"post_tag","embeddable":true,"href":"https:\/\/noticiasribeiraopreto.com.br\/index.php\/wp-json\/wp\/v2\/tags?post=9278"}],"curies":[{"name":"wp","href":"https:\/\/api.w.org\/{rel}","templated":true}]}}