{"id":9280,"date":"2023-12-01T19:58:12","date_gmt":"2023-12-01T22:58:12","guid":{"rendered":"https:\/\/noticiasribeiraopreto.com.br\/index.php\/2023\/12\/01\/salario-de-pelo-menos-r-20-mil-ipea-volta-com-concurso-publico-apos-15-anos-saiba-como-se-inscrever-para-a-prova\/"},"modified":"2023-12-01T19:58:12","modified_gmt":"2023-12-01T22:58:12","slug":"salario-de-pelo-menos-r-20-mil-ipea-volta-com-concurso-publico-apos-15-anos-saiba-como-se-inscrever-para-a-prova","status":"publish","type":"post","link":"https:\/\/noticiasribeiraopreto.com.br\/index.php\/2023\/12\/01\/salario-de-pelo-menos-r-20-mil-ipea-volta-com-concurso-publico-apos-15-anos-saiba-como-se-inscrever-para-a-prova\/","title":{"rendered":"Sal\u00e1rio de pelo menos R$ 20 mil: Ipea volta com concurso p\u00fablico ap\u00f3s 15 anos. Saiba como se inscrever para a prova\u00a0"},"content":{"rendered":"<div class='code-block code-block-1' style='margin: 8px 0 8px auto; text-align: right; display: block; clear: both;'>\n<p><a href=\"https:\/\/wa.link\/vpicfd\"><img data-recalc-dims=\"1\" class=\"wp-image-4922\" style=\"aspect-ratio: 2.0253164556962027; width: 561px; height: auto;\" src=\"https:\/\/i0.wp.com\/ismaelcolosi.com.br\/wp-content\/uploads\/2023\/11\/grupo-de-empregos-whatsapp-e-facebook-ismael-colosi-vagas.jpg?ssl=1\" alt=\"\" \/><\/a><\/p>\n<!-- \/wp:image -->\n<\/div>\n<p> <br \/>\n<\/p>\n<div id=\"js-first-letter\">\n<p>Ap\u00f3s 15 anos sem novos <strong>concursos<\/strong>, o <strong>Ipea <\/strong>(Instituto de Pesquisa Econ\u00f4mica Aplicada) agraciou os concurseiros de plant\u00e3o com o an\u00fancio de uma nova prova p\u00fablica para 2024 \u2014 com oportunidades de sal\u00e1rio inicial de <strong>R$ 20.924,80<\/strong>.<\/p>\n<p>De acordo com o edital, o concurso determinar\u00e1 quem ser\u00e3o os 80 novos servidores federais para a funda\u00e7\u00e3o p\u00fablica vinculada ao Minist\u00e9rio do Planejamento e Or\u00e7amento.<\/p>\n<p>Vale destacar que todos os candidatos aprovados assumir\u00e3o o cargo de t\u00e9cnico de planejamento e pesquisa.<\/p>\n<p>A prova acontecer\u00e1 no dia 25 de fevereiro de 2024, mas o resultado final s\u00f3 deve ser divulgado em 27 de maio.\u00a0<\/p>\n<p>Eu conto abaixo como se inscrever para o concurso e todas as informa\u00e7\u00f5es que voc\u00ea precisa para n\u00e3o perder a oportunidade. \u00c9 s\u00f3 continuar a leitura.<\/p>\n<div class=\"banner banner-inArticle banner-inArticle--mobile\">\n<div>\n<p>Publicidade<\/p>\n<div class=\"banner-side\">\n<p class=\"borderAD\" style=\"display: none;\">CONTINUA DEPOIS DA PUBLICIDADE<\/p>\n<\/div>\n<\/div>\n<\/div>\n<div class=\"banner banner-inArticle banner-inArticle--desktop\">\n<div>\n<div class=\"banner-side\">\n<p class=\"borderAD\" style=\"display: none;\">CONTINUA DEPOIS DA PUBLICIDADE<\/p>\n<\/div>\n<\/div>\n<\/div>\n<h2 class=\"wp-block-heading\" id=\"h-confira-os-detalhes-do-concurso-do-ipea\">Confira os detalhes do concurso do Ipea<\/h2>\n<p>Para se inscrever, \u00e9 preciso ter a idade m\u00ednima de 18 anos completos na data de admiss\u00e3o do concurso, nacionalidade brasileira ou portuguesa e possuir n\u00edvel superior completo, sem requisito de curso.\u00a0<\/p>\n<p>Al\u00e9m disso, \u00e9 necess\u00e1rio estar em dia com as obriga\u00e7\u00f5es eleitorais e, no caso de candidatos homens, tamb\u00e9m as militares.<\/p>\n<p>O concurso contar\u00e1 com provas de conhecimentos gerais e espec\u00edficos com, ao todo, 100 quest\u00f5es de m\u00faltipla escolha, al\u00e9m de uma prova discursiva.<\/p>\n<p>Ainda que todos os aprovados assumam o cargo de T\u00e9cnico de Planejamento e Pesquisa, o concurso do Ipea segmenta as vagas por perfil e especialidades.\u00a0<\/p>\n<p>A prova de conhecimentos gerais ser\u00e1 a mesma para todas as especialidades, com 30 quest\u00f5es de m\u00faltipla escolha sobre l\u00edngua portuguesa, ingl\u00eas, realidade brasileira atual e Estado e pol\u00edticas p\u00fablicas.\u00a0<\/p>\n<div class=\"banner banner-inArticle banner-inArticle--mobile\">\n<div>\n<p>Publicidade<\/p>\n<div class=\"banner-side\">\n<p class=\"borderAD\" style=\"display: none;\">CONTINUA DEPOIS DA PUBLICIDADE<\/p>\n<\/div>\n<\/div>\n<\/div>\n<div class=\"banner banner-inArticle banner-inArticle--desktop\">\n<div>\n<div class=\"banner-side\">\n<p class=\"borderAD\" style=\"display: none;\">CONTINUA DEPOIS DA PUBLICIDADE<\/p>\n<\/div>\n<\/div>\n<\/div>\n<p>J\u00e1 as provas discursiva e de conhecimentos espec\u00edficos cobrar\u00e3o conte\u00fados direcionados a cada perfil e especialidade. No caso da prova objetiva de conhecimentos espec\u00edficos, o teste contar\u00e1 com 70 quest\u00f5es.<\/p>\n<p>J\u00e1 a prova discursiva contar\u00e1 com duas quest\u00f5es, que poder\u00e3o ser respondidas na forma de textos dissertativos, de elabora\u00e7\u00e3o de estrat\u00e9gia de avalia\u00e7\u00e3o ou de divulga\u00e7\u00e3o em m\u00eddias sociais, de mat\u00e9ria jornal\u00edstica ou de pr\u00e1tica de revis\u00e3o textual, a depender do perfil e da especialidade.<\/p>\n<p>Os testes de conhecimentos gerais e discursivos ser\u00e3o feitos na parte da manh\u00e3 do dia 25 de fevereiro. Enquanto isso, a prova de conhecimentos espec\u00edficos ser\u00e1 realizada no per\u00edodo da tarde do mesmo dia.<\/p>\n<h2 class=\"wp-block-heading\" id=\"h-como-se-inscrever-para-as-provas\">Como se inscrever para as provas<\/h2>\n<p>As inscri\u00e7\u00f5es para o concurso do Ipea de 2024 come\u00e7ar\u00e3o \u00e0s 10h de 5 de dezembro de 2023, com prazo final de inscri\u00e7\u00e3o marcado para \u00e0s 16h de 10 de janeiro de 2024.\u00a0<\/p>\n<p>Para se cadastrar, os candidatos dever\u00e3o acessar o site da Funda\u00e7\u00e3o Cesgranrio. <a href=\"http:\/\/www.cesgranrio.org.br\">\u00c9 s\u00f3 clicar aqui<\/a>.<\/p>\n<div class=\"banner banner-inArticle banner-inArticle--mobile\">\n<div>\n<p>Publicidade<\/p>\n<div class=\"banner-side\">\n<p class=\"borderAD\" style=\"display: none;\">CONTINUA DEPOIS DA PUBLICIDADE<\/p>\n<\/div>\n<\/div>\n<\/div>\n<div class=\"banner banner-inArticle banner-inArticle--desktop\">\n<div>\n<div class=\"banner-side\">\n<p class=\"borderAD\" style=\"display: none;\">CONTINUA DEPOIS DA PUBLICIDADE<\/p>\n<\/div>\n<\/div>\n<\/div>\n<p>O valor da taxa de inscri\u00e7\u00e3o \u00e9 de R$ 180. \u00c9 importante destacar que a inscri\u00e7\u00e3o s\u00f3 ser\u00e1 v\u00e1lida ap\u00f3s a confirma\u00e7\u00e3o do pagamento at\u00e9 a data do vencimento.<\/p>\n<p>A etapa final do concurso ser\u00e1 a prova de t\u00edtulos, que acontecer\u00e1 entre os dias 21 e 23 de mar\u00e7o de 2024, com o envio de documentos comprobat\u00f3rios pelo portal da Cesgranrio. Essa fase, por\u00e9m, n\u00e3o \u00e9 eliminat\u00f3ria, mas sim classificat\u00f3ria.<\/p>\n<p>Os candidatos que forem aprovados como servidores p\u00fablicos dever\u00e3o trabalhar inicialmente na sede do Ipea, em Bras\u00edlia, no Distrito Federal, durante 12 meses.\u00a0<\/p>\n<p>Depois desse per\u00edodo, os novos t\u00e9cnicos de planejamento e pesquisa poder\u00e3o ser alocados na sede ou na unidade do Ipea no Rio de Janeiro, a depender das necessidades administrativas e pol\u00edticas de remo\u00e7\u00e3o do Ipea.<\/p>\n<h2 class=\"wp-block-heading\" id=\"h-as-vagas-do-concurso-do-ipea\">As vagas do concurso do Ipea<\/h2>\n<p>O edital do concurso definiu tr\u00eas perfis, com um total de 10 especialidades. Com isso, o perfil de \u201cPlanejamento e Gest\u00e3o do Conhecimento e de Dados\u201d conta com 22 postos.<\/p>\n<div class=\"banner banner-inArticle banner-inArticle--mobile\">\n<div>\n<p>Publicidade<\/p>\n<div class=\"banner-side\">\n<p class=\"borderAD\" style=\"display: none;\">CONTINUA DEPOIS DA PUBLICIDADE<\/p>\n<\/div>\n<\/div>\n<\/div>\n<div class=\"banner banner-inArticle banner-inArticle--desktop\">\n<div>\n<div class=\"banner-side\">\n<p class=\"borderAD\" style=\"display: none;\">CONTINUA DEPOIS DA PUBLICIDADE<\/p>\n<\/div>\n<\/div>\n<\/div>\n<p>Para esse segmento, os aprovados nas especialidades ficar\u00e3o encarregados de elabora\u00e7\u00e3o de pesquisas econ\u00f4micas e sociais, assessoramento, monitoramento e avalia\u00e7\u00e3o de a\u00e7\u00f5es governamentais.\u00a0<\/p>\n<p>J\u00e1 o de \u201cPlanejamento, Gest\u00e3o e Log\u00edstica\u201d oferece 13 vagas, enquanto o de \u201cPlanejamento, Pesquisa e Avalia\u00e7\u00e3o de Pol\u00edticas P\u00fablicas e da Gest\u00e3o Governamental\u201d oferece 45 vagas. Os aprovados nestes dois perfis estar\u00e3o focados no aperfei\u00e7oamento da gest\u00e3o no Ipea.<\/p>\n<figure class=\"wp-block-table is-style-stripes\">\n<table>\n<thead>\n<tr>\n<th><strong>CARGO<\/strong><\/th>\n<th><strong>PERFIL<\/strong><\/th>\n<th><strong>ESPECIALIDADE<\/strong><\/th>\n<th><strong>TOTAL VAGAS INICIAIS<\/strong><\/th>\n<\/tr>\n<\/thead>\n<tbody>\n<tr>\n<td rowspan=\"10\">T\u00e9cnico de Planejamento e Pesquisa<\/td>\n<td>I. Planejamento, Gest\u00e3o e Log\u00edstica<\/td>\n<td>1. Gest\u00e3o e Log\u00edstica<\/td>\n<td>13<\/td>\n<\/tr>\n<tr>\n<td rowspan=\"5\">II. Planejamento e Gest\u00e3o do Conhecimento e de Dados<\/td>\n<td>1. Processo Editorial<\/td>\n<td>3<\/td>\n<\/tr>\n<tr>\n<td>2. Comunica\u00e7\u00e3o Social e Divulga\u00e7\u00e3o Cient\u00edfica<\/td>\n<td>5<\/td>\n<\/tr>\n<tr>\n<td>3. Ci\u00eancia de Dados<\/td>\n<td>4<\/td>\n<\/tr>\n<tr>\n<td>4. Infraestrutura de Tecnologia da Informa\u00e7\u00e3o<\/td>\n<td>5<\/td>\n<\/tr>\n<tr>\n<td>5. Desenvolvimento de Sistemas<\/td>\n<td>5<\/td>\n<\/tr>\n<tr>\n<td rowspan=\"4\">III. Planejamento, Pesquisa e Avalia\u00e7\u00e3o de Pol\u00edticas P\u00fablicas e da Gest\u00e3o Governamental<\/td>\n<td>1. Pol\u00edticas P\u00fablicas e Desenvolvimento<\/td>\n<td>16<\/td>\n<\/tr>\n<tr>\n<td>2. Pol\u00edticas P\u00fablicas e Sociedade<\/td>\n<td>16<\/td>\n<\/tr>\n<tr>\n<td>3. Pol\u00edticas P\u00fablicas e Avalia\u00e7\u00e3o<\/td>\n<td>8<\/td>\n<\/tr>\n<tr>\n<td>4. Pol\u00edticas P\u00fablicas e Sustentabilidade<\/td>\n<td>5<\/td>\n<\/tr>\n<\/tbody>\n<\/table><figcaption class=\"wp-element-caption\"><em>Fonte: Di\u00e1rio Oficial da Uni\u00e3o<\/em><\/figcaption><\/figure>\n<h3 class=\"wp-block-heading\" id=\"h-vagas-reservadas\">Vagas reservadas<\/h3>\n<p>O concurso ter\u00e1 20% das vagas destinadas a candidatos autodeclarados pretos e 10% para pessoas com necessidades especiais.\u00a0<\/p>\n<p>Vale ressaltar que a autodeclara\u00e7\u00e3o precisar\u00e1 ser feita no ato da inscri\u00e7\u00e3o, com o envio de laudo ou documenta\u00e7\u00e3o m\u00e9dica at\u00e9 as 16h do dia 10 de janeiro.\u00a0<\/p>\n<p>Isso significa que, caso voc\u00ea seja portador de necessidades especiais e esque\u00e7a de fazer a declara\u00e7\u00e3o ou de enviar o laudo m\u00e9dico, n\u00e3o poder\u00e1 concorrer \u00e0s vagas reservadas e nem poder\u00e1 interpor recurso em favor da sua situa\u00e7\u00e3o.<\/p>\n<\/div>\n<p><br \/>\n<br \/><a href=\"https:\/\/www.seudinheiro.com\/2023\/carreiras\/salario-de-pelo-menos-r-20-mil-ipea-volta-com-concurso-publico-apos-15-anos-saiba-como-se-inscrever-para-a-prova-miql\/\">Source link <\/a><\/p>\n<!-- CONTENT END 1 -->\n","protected":false},"excerpt":{"rendered":"<p>Ap\u00f3s 15 anos sem novos concursos, o Ipea (Instituto de Pesquisa Econ\u00f4mica Aplicada) agraciou os concurseiros de plant\u00e3o com o an\u00fancio de uma nova prova&#8230;<\/p>\n","protected":false},"author":1,"featured_media":9281,"comment_status":"open","ping_status":"open","sticky":false,"template":"","format":"standard","meta":{"advanced_seo_description":"","jetpack_seo_html_title":"","jetpack_seo_noindex":false,"jetpack_post_was_ever_published":false,"_jetpack_newsletter_access":"","_jetpack_dont_email_post_to_subs":false,"_jetpack_newsletter_tier_id":0,"_jetpack_memberships_contains_paywalled_content":false,"_jetpack_memberships_contains_paid_content":false,"footnotes":"","jetpack_publicize_message":"","jetpack_publicize_feature_enabled":true,"jetpack_social_post_already_shared":true,"jetpack_social_options":{"image_generator_settings":{"template":"highway","default_image_id":0,"font":"","enabled":false},"version":2}},"categories":[1235],"tags":[],"class_list":["post-9280","post","type-post","status-publish","format-standard","has-post-thumbnail","hentry","category-dinheiro-e-investimento-como-fazer-como-ganhar"],"jetpack_publicize_connections":[],"jetpack_featured_media_url":"https:\/\/i0.wp.com\/noticiasribeiraopreto.com.br\/wp-content\/uploads\/2023\/12\/concurso-publico-vagas-agosto-profissao-CAPA-SD-715x402.jpg?fit=715%2C402&ssl=1","jetpack-related-posts":[{"id":12164,"url":"https:\/\/noticiasribeiraopreto.com.br\/index.php\/2023\/12\/07\/concurso-do-ipea-tem-edital-retificado-veja-o-que-muda-2\/","url_meta":{"origin":9280,"position":0},"title":"Concurso do Ipea tem edital retificado; veja o que muda","author":"noticiasribeiraopreto.com.br","date":"7 de December de 2023","format":false,"excerpt":"Destinado a preencher 80 vagas para t\u00e9cnico de planejamento e pesquisa, o concurso do Ipea (Instituto de Pesquisa Econ\u00f4mica Aplicada) sofreu, nesta quinta-feira (7), a primeira retifica\u00e7\u00e3o do edital. Publicadas no Di\u00e1rio Oficial da Uni\u00e3o, as mudan\u00e7as tratam de t\u00f3picos envolvendo conte\u00fado program\u00e1tico, pontua\u00e7\u00e3o da an\u00e1lise de t\u00edtulos e\u00a0e-mail para\u2026","rel":"","context":"In &quot;Vagas de Emprego em Ribeir\u00e3o Preto-SP&quot;","block_context":{"text":"Vagas de Emprego em Ribeir\u00e3o Preto-SP","link":"https:\/\/noticiasribeiraopreto.com.br\/index.php\/category\/empregos-classificados-vagas-trabalho\/vagas-de-empregos-em-ribeirao-preto-regiao-brasil\/"},"img":{"alt_text":"","src":"https:\/\/i0.wp.com\/noticiasribeiraopreto.com.br\/wp-content\/uploads\/2023\/12\/concurso-ipea-foto-helio-montferre-ipea.jpg?fit=1200%2C675&ssl=1&resize=350%2C200","width":350,"height":200,"srcset":"https:\/\/i0.wp.com\/noticiasribeiraopreto.com.br\/wp-content\/uploads\/2023\/12\/concurso-ipea-foto-helio-montferre-ipea.jpg?fit=1200%2C675&ssl=1&resize=350%2C200 1x, https:\/\/i0.wp.com\/noticiasribeiraopreto.com.br\/wp-content\/uploads\/2023\/12\/concurso-ipea-foto-helio-montferre-ipea.jpg?fit=1200%2C675&ssl=1&resize=525%2C300 1.5x, https:\/\/i0.wp.com\/noticiasribeiraopreto.com.br\/wp-content\/uploads\/2023\/12\/concurso-ipea-foto-helio-montferre-ipea.jpg?fit=1200%2C675&ssl=1&resize=700%2C400 2x, https:\/\/i0.wp.com\/noticiasribeiraopreto.com.br\/wp-content\/uploads\/2023\/12\/concurso-ipea-foto-helio-montferre-ipea.jpg?fit=1200%2C675&ssl=1&resize=1050%2C600 3x"},"classes":[]},{"id":46206,"url":"https:\/\/noticiasribeiraopreto.com.br\/index.php\/2024\/04\/10\/concurso-exercito-2024-1-100-vagas-abertas-com-salario-de-r-38-mil-veja-como-se-candidatar\/","url_meta":{"origin":9280,"position":1},"title":"Concurso Ex\u00e9rcito 2024: 1.100 vagas abertas com sal\u00e1rio de R$ 3,8 mil; Veja como se candidatar","author":"noticiasribeiraopreto.com.br","date":"10 de April de 2024","format":false,"excerpt":"Os brasileiros interessados em se tornar servidores p\u00fablicos do Ex\u00e9rcito j\u00e1 podem se inscrever para o novo concurso do Ex\u00e9rcito 2024. H\u00e1 oportunidades para sargentos na Escola Superior das Armas (ESA), com 1.100 vagas nas \u00e1reas de generalidade, m\u00fasica e sa\u00fade. Candidatos de ambos os sexos podem se candidatar a\u2026","rel":"","context":"In &quot;Empregos - Classificados&quot;","block_context":{"text":"Empregos - Classificados","link":"https:\/\/noticiasribeiraopreto.com.br\/index.php\/category\/empregos-classificados-vagas-trabalho\/"},"img":{"alt_text":"","src":"https:\/\/i0.wp.com\/noticiasribeiraopreto.com.br\/wp-content\/uploads\/2024\/04\/celular.webp.webp?fit=1200%2C630&ssl=1&resize=350%2C200","width":350,"height":200,"srcset":"https:\/\/i0.wp.com\/noticiasribeiraopreto.com.br\/wp-content\/uploads\/2024\/04\/celular.webp.webp?fit=1200%2C630&ssl=1&resize=350%2C200 1x, https:\/\/i0.wp.com\/noticiasribeiraopreto.com.br\/wp-content\/uploads\/2024\/04\/celular.webp.webp?fit=1200%2C630&ssl=1&resize=525%2C300 1.5x, https:\/\/i0.wp.com\/noticiasribeiraopreto.com.br\/wp-content\/uploads\/2024\/04\/celular.webp.webp?fit=1200%2C630&ssl=1&resize=700%2C400 2x, https:\/\/i0.wp.com\/noticiasribeiraopreto.com.br\/wp-content\/uploads\/2024\/04\/celular.webp.webp?fit=1200%2C630&ssl=1&resize=1050%2C600 3x"},"classes":[]},{"id":35898,"url":"https:\/\/noticiasribeiraopreto.com.br\/index.php\/2024\/02\/07\/oportunidade-banco-do-nordestebnb-abre-inscricoes-para-concurso-com-710-vagas-e-salario-de-r-3-788-veja-como-se-inscrever-no-link-abaixo\/","url_meta":{"origin":9280,"position":2},"title":"Oportunidade! Banco do Nordeste(BNB) abre inscri\u00e7\u00f5es para concurso com 710 vagas e sal\u00e1rio de R$ 3.788; Veja como se inscrever no link abaixo","author":"noticiasribeiraopreto.com.br","date":"7 de February de 2024","format":false,"excerpt":"O Banco do Nordeste do Brasil (BNB) anunciou o in\u00edcio das inscri\u00e7\u00f5es para um novo concurso p\u00fablico. Assim, o concurso visa preencher 710 vagas em cargos de analista banc\u00e1rio de n\u00edvel m\u00e9dio. Ent\u00e3o, saiba mais sobre como se inscrever no processo seletivo e outros detalhes que os candidatos devem saber\u2026","rel":"","context":"In &quot;Empregos - Classificados&quot;","block_context":{"text":"Empregos - Classificados","link":"https:\/\/noticiasribeiraopreto.com.br\/index.php\/category\/empregos-classificados-vagas-trabalho\/"},"img":{"alt_text":"","src":"https:\/\/i0.wp.com\/noticiasribeiraopreto.com.br\/wp-content\/uploads\/2024\/02\/Concurso.png?fit=1200%2C630&ssl=1&resize=350%2C200","width":350,"height":200,"srcset":"https:\/\/i0.wp.com\/noticiasribeiraopreto.com.br\/wp-content\/uploads\/2024\/02\/Concurso.png?fit=1200%2C630&ssl=1&resize=350%2C200 1x, https:\/\/i0.wp.com\/noticiasribeiraopreto.com.br\/wp-content\/uploads\/2024\/02\/Concurso.png?fit=1200%2C630&ssl=1&resize=525%2C300 1.5x, https:\/\/i0.wp.com\/noticiasribeiraopreto.com.br\/wp-content\/uploads\/2024\/02\/Concurso.png?fit=1200%2C630&ssl=1&resize=700%2C400 2x, https:\/\/i0.wp.com\/noticiasribeiraopreto.com.br\/wp-content\/uploads\/2024\/02\/Concurso.png?fit=1200%2C630&ssl=1&resize=1050%2C600 3x"},"classes":[]},{"id":63908,"url":"https:\/\/noticiasribeiraopreto.com.br\/index.php\/2025\/02\/25\/hospital-das-clinicas-publica-edital-de-novo-concurso-publico-veja-como-se-inscrever\/","url_meta":{"origin":9280,"position":3},"title":"Hospital das Cl\u00ednicas publica edital de novo concurso p\u00fablico; Veja como se inscrever","author":"noticiasribeiraopreto.com.br","date":"25 de February de 2025","format":false,"excerpt":"O HC (Hospital das Cl\u00ednicas) de Ribeir\u00e3o Preto publicou no Di\u00e1rio Oficial do Estado de S\u00e3o Paulo um novo edital de concurso p\u00fablico com uma vaga de n\u00edvel superior, na manh\u00e3 desta ter\u00e7a-feira (25). A oportunidade \u00e9 para \u201cM\u00e9dico I \u2013 Cardiologista\u201d e o profissional dever\u00e1 cumprir 20 horas semanais.\u2026","rel":"","context":"In &quot;Not\u00edcias de Ribeir\u00e3o Preto-SP e Regi\u00e3o&quot;","block_context":{"text":"Not\u00edcias de Ribeir\u00e3o Preto-SP e Regi\u00e3o","link":"https:\/\/noticiasribeiraopreto.com.br\/index.php\/category\/noticias-de-ribeirao-preto-sp-e-regiao-ismael-colosi\/"},"img":{"alt_text":"","src":"https:\/\/i0.wp.com\/noticiasribeiraopreto.com.br\/wp-content\/uploads\/2025\/02\/concurso-publico-5.jpg?fit=1200%2C800&ssl=1&resize=350%2C200","width":350,"height":200,"srcset":"https:\/\/i0.wp.com\/noticiasribeiraopreto.com.br\/wp-content\/uploads\/2025\/02\/concurso-publico-5.jpg?fit=1200%2C800&ssl=1&resize=350%2C200 1x, https:\/\/i0.wp.com\/noticiasribeiraopreto.com.br\/wp-content\/uploads\/2025\/02\/concurso-publico-5.jpg?fit=1200%2C800&ssl=1&resize=525%2C300 1.5x, https:\/\/i0.wp.com\/noticiasribeiraopreto.com.br\/wp-content\/uploads\/2025\/02\/concurso-publico-5.jpg?fit=1200%2C800&ssl=1&resize=700%2C400 2x, https:\/\/i0.wp.com\/noticiasribeiraopreto.com.br\/wp-content\/uploads\/2025\/02\/concurso-publico-5.jpg?fit=1200%2C800&ssl=1&resize=1050%2C600 3x"},"classes":[]},{"id":77275,"url":"https:\/\/noticiasribeiraopreto.com.br\/index.php\/2025\/09\/15\/tj-sp-abre-concurso-com-220-vagas-e-salarios-de-r-34-mil-saiba-como-se-inscrever\/","url_meta":{"origin":9280,"position":4},"title":"TJ-SP abre concurso com 220 vagas e sal\u00e1rios de R$ 34 mil; Saiba como se inscrever","author":"noticiasribeiraopreto.com.br","date":"15 de September de 2025","format":false,"excerpt":"O TJ-SP (Tribunal de Justi\u00e7a de S\u00e3o Paulo) publicou um novo edital de concurso p\u00fablico para o cargo de juiz substituto com sal\u00e1rio de R$ 34.083,14. O concurso tem como objetivo preencher 220 vagas, distribu\u00eddas da seguinte forma: 143 para ampla concorr\u00eancia; 11 para pessoas com defici\u00eancia; 55 para pessoas\u2026","rel":"","context":"In &quot;Not\u00edcias de Ribeir\u00e3o Preto-SP e Regi\u00e3o&quot;","block_context":{"text":"Not\u00edcias de Ribeir\u00e3o Preto-SP e Regi\u00e3o","link":"https:\/\/noticiasribeiraopreto.com.br\/index.php\/category\/noticias-de-ribeirao-preto-sp-e-regiao-ismael-colosi\/"},"img":{"alt_text":"","src":"https:\/\/i0.wp.com\/noticiasribeiraopreto.com.br\/wp-content\/uploads\/2025\/09\/concurso_publico_1-1024x683-1_2024-05-09_19-38-33_jpeg_2024-05-09_19-38-33.webp.webp?fit=1024%2C683&ssl=1&resize=350%2C200","width":350,"height":200,"srcset":"https:\/\/i0.wp.com\/noticiasribeiraopreto.com.br\/wp-content\/uploads\/2025\/09\/concurso_publico_1-1024x683-1_2024-05-09_19-38-33_jpeg_2024-05-09_19-38-33.webp.webp?fit=1024%2C683&ssl=1&resize=350%2C200 1x, https:\/\/i0.wp.com\/noticiasribeiraopreto.com.br\/wp-content\/uploads\/2025\/09\/concurso_publico_1-1024x683-1_2024-05-09_19-38-33_jpeg_2024-05-09_19-38-33.webp.webp?fit=1024%2C683&ssl=1&resize=525%2C300 1.5x, https:\/\/i0.wp.com\/noticiasribeiraopreto.com.br\/wp-content\/uploads\/2025\/09\/concurso_publico_1-1024x683-1_2024-05-09_19-38-33_jpeg_2024-05-09_19-38-33.webp.webp?fit=1024%2C683&ssl=1&resize=700%2C400 2x"},"classes":[]},{"id":62082,"url":"https:\/\/noticiasribeiraopreto.com.br\/index.php\/2025\/01\/02\/concursos-do-tj-sp-tem-274-oportunidades-e-salarios-de-r-9-mil-veja-como-se-inscrever\/","url_meta":{"origin":9280,"position":5},"title":"Concursos do TJ-SP tem 274 oportunidades e sal\u00e1rios de R$ 9 mil; Veja como se inscrever","author":"noticiasribeiraopreto.com.br","date":"2 de January de 2025","format":false,"excerpt":"O TJ-SP (Tribunal de Justi\u00e7a de S\u00e3o Paulo) est\u00e1 com 274 oportunidades dispon\u00edveis para os cargos de psic\u00f3logo judici\u00e1rio e assistente social judici\u00e1rio com sal\u00e1rios de R$ 9.061,53. De acordo com os editais, s\u00e3o 137 vagas para cada um dos cargos. As oportunidades foram divididas pelas dez Regi\u00f5es Administrativas Judici\u00e1rias\u2026","rel":"","context":"In &quot;Not\u00edcias de Ribeir\u00e3o Preto-SP e Regi\u00e3o&quot;","block_context":{"text":"Not\u00edcias de Ribeir\u00e3o Preto-SP e Regi\u00e3o","link":"https:\/\/noticiasribeiraopreto.com.br\/index.php\/category\/noticias-de-ribeirao-preto-sp-e-regiao-ismael-colosi\/"},"img":{"alt_text":"","src":"https:\/\/i0.wp.com\/noticiasribeiraopreto.com.br\/wp-content\/uploads\/2024\/09\/Copia-de-Copia-de-TAMANHO-EXATO-PARA-FOTOS-NO-SISTEMA-NOVO-22_2024-07-24_20-00-55_jpg_2024-07-24_20-00-55.webp.webp?fit=1200%2C675&ssl=1&resize=350%2C200","width":350,"height":200,"srcset":"https:\/\/i0.wp.com\/noticiasribeiraopreto.com.br\/wp-content\/uploads\/2024\/09\/Copia-de-Copia-de-TAMANHO-EXATO-PARA-FOTOS-NO-SISTEMA-NOVO-22_2024-07-24_20-00-55_jpg_2024-07-24_20-00-55.webp.webp?fit=1200%2C675&ssl=1&resize=350%2C200 1x, https:\/\/i0.wp.com\/noticiasribeiraopreto.com.br\/wp-content\/uploads\/2024\/09\/Copia-de-Copia-de-TAMANHO-EXATO-PARA-FOTOS-NO-SISTEMA-NOVO-22_2024-07-24_20-00-55_jpg_2024-07-24_20-00-55.webp.webp?fit=1200%2C675&ssl=1&resize=525%2C300 1.5x, https:\/\/i0.wp.com\/noticiasribeiraopreto.com.br\/wp-content\/uploads\/2024\/09\/Copia-de-Copia-de-TAMANHO-EXATO-PARA-FOTOS-NO-SISTEMA-NOVO-22_2024-07-24_20-00-55_jpg_2024-07-24_20-00-55.webp.webp?fit=1200%2C675&ssl=1&resize=700%2C400 2x, https:\/\/i0.wp.com\/noticiasribeiraopreto.com.br\/wp-content\/uploads\/2024\/09\/Copia-de-Copia-de-TAMANHO-EXATO-PARA-FOTOS-NO-SISTEMA-NOVO-22_2024-07-24_20-00-55_jpg_2024-07-24_20-00-55.webp.webp?fit=1200%2C675&ssl=1&resize=1050%2C600 3x"},"classes":[]}],"jetpack_sharing_enabled":true,"jetpack_shortlink":"https:\/\/wp.me\/peQAOb-2pG","_links":{"self":[{"href":"https:\/\/noticiasribeiraopreto.com.br\/index.php\/wp-json\/wp\/v2\/posts\/9280","targetHints":{"allow":["GET"]}}],"collection":[{"href":"https:\/\/noticiasribeiraopreto.com.br\/index.php\/wp-json\/wp\/v2\/posts"}],"about":[{"href":"https:\/\/noticiasribeiraopreto.com.br\/index.php\/wp-json\/wp\/v2\/types\/post"}],"author":[{"embeddable":true,"href":"https:\/\/noticiasribeiraopreto.com.br\/index.php\/wp-json\/wp\/v2\/users\/1"}],"replies":[{"embeddable":true,"href":"https:\/\/noticiasribeiraopreto.com.br\/index.php\/wp-json\/wp\/v2\/comments?post=9280"}],"version-history":[{"count":0,"href":"https:\/\/noticiasribeiraopreto.com.br\/index.php\/wp-json\/wp\/v2\/posts\/9280\/revisions"}],"wp:featuredmedia":[{"embeddable":true,"href":"https:\/\/noticiasribeiraopreto.com.br\/index.php\/wp-json\/wp\/v2\/media\/9281"}],"wp:attachment":[{"href":"https:\/\/noticiasribeiraopreto.com.br\/index.php\/wp-json\/wp\/v2\/media?parent=9280"}],"wp:term":[{"taxonomy":"category","embeddable":true,"href":"https:\/\/noticiasribeiraopreto.com.br\/index.php\/wp-json\/wp\/v2\/categories?post=9280"},{"taxonomy":"post_tag","embeddable":true,"href":"https:\/\/noticiasribeiraopreto.com.br\/index.php\/wp-json\/wp\/v2\/tags?post=9280"}],"curies":[{"name":"wp","href":"https:\/\/api.w.org\/{rel}","templated":true}]}}