{"id":9284,"date":"2023-12-01T20:17:48","date_gmt":"2023-12-01T23:17:48","guid":{"rendered":"https:\/\/noticiasribeiraopreto.com.br\/index.php\/2023\/12\/01\/claudia-forte-no-canal-futura\/"},"modified":"2023-12-01T20:17:48","modified_gmt":"2023-12-01T23:17:48","slug":"claudia-forte-no-canal-futura","status":"publish","type":"post","link":"https:\/\/noticiasribeiraopreto.com.br\/index.php\/2023\/12\/01\/claudia-forte-no-canal-futura\/","title":{"rendered":"Claudia Forte no Canal Futura"},"content":{"rendered":"<div class='code-block code-block-1' style='margin: 8px 0 8px auto; text-align: right; display: block; clear: both;'>\n<p><a href=\"https:\/\/wa.link\/vpicfd\"><img data-recalc-dims=\"1\" class=\"wp-image-4922\" style=\"aspect-ratio: 2.0253164556962027; width: 561px; height: auto;\" src=\"https:\/\/i0.wp.com\/ismaelcolosi.com.br\/wp-content\/uploads\/2023\/11\/grupo-de-empregos-whatsapp-e-facebook-ismael-colosi-vagas.jpg?ssl=1\" alt=\"\" \/><\/a><\/p>\n<!-- \/wp:image -->\n<\/div>\n<p> <br \/>\n<\/p>\n<div class=\"grve-section grve-fullwidth-background grve-padding-top-1x grve-padding-bottom-1x grve-bg-none\">\n<div class=\"grve-container\">\n<div class=\"grve-row grve-bookmark grve-columns-gap-30\">\n<div class=\"grve-column wpb_column grve-column-1\">\n<div class=\"grve-column-wrapper\">\n<div class=\"grve-element grve-text\">\n<p>A superintendente da AEF-Brasil, Claudia Forte participou de um bate-bapo no programa Conex\u00e3o, do Canal Futura, sobre a vida financeira dos jovens. Acompanhe <a href=\"http:\/\/www.futuraplay.org\/video\/como-evitar-dividas\/513643\/?fbclid=IwAR2In4Jun8CWcNaNxXu-SGRCknR3bFpW7KgBqU4rUrHiFtEpoK3Hdi-IeKM\">clicando aqui<\/a>.<\/p>\n<p><img data-recalc-dims=\"1\" loading=\"lazy\" decoding=\"async\" class=\"alignnone wp-image-15858 size-full\" src=\"https:\/\/i0.wp.com\/www.vidaedinheiro.gov.br\/wp-content\/uploads\/2020\/02\/CF_CanalFutura-700x525.jpg?resize=700%2C525&#038;ssl=1\" alt=\"\" width=\"700\" height=\"525\" \/><\/p>\n<\/p><\/div>\n<\/p><\/div>\n<\/p><\/div>\n<\/p><\/div>\n<\/div>\n<div class=\"grve-background-wrapper\"><\/div>\n<\/div>\n<p>O post <a rel=\"nofollow\" href=\"https:\/\/www.vidaedinheiro.gov.br\/claudia-forte-no-canal-futura\/\">Claudia Forte no Canal Futura<\/a> apareceu primeiro em <a rel=\"nofollow\" href=\"https:\/\/www.vidaedinheiro.gov.br\">ENEF<\/a>.<\/p>\n<p><br \/>\n<br \/><a href=\"https:\/\/www.vidaedinheiro.gov.br\/claudia-forte-no-canal-futura\/\">Source link <\/a><\/p>\n<!-- CONTENT END 1 -->\n","protected":false},"excerpt":{"rendered":"<p>A superintendente da AEF-Brasil, Claudia Forte participou de um bate-bapo no programa Conex\u00e3o, do Canal Futura, sobre a vida financeira dos jovens. Acompanhe clicando aqui&#8230;.<\/p>\n","protected":false},"author":1,"featured_media":9285,"comment_status":"open","ping_status":"open","sticky":false,"template":"","format":"standard","meta":{"advanced_seo_description":"","jetpack_seo_html_title":"","jetpack_seo_noindex":false,"jetpack_post_was_ever_published":false,"_jetpack_newsletter_access":"","_jetpack_dont_email_post_to_subs":false,"_jetpack_newsletter_tier_id":0,"_jetpack_memberships_contains_paywalled_content":false,"_jetpack_memberships_contains_paid_content":false,"footnotes":"","jetpack_publicize_message":"","jetpack_publicize_feature_enabled":true,"jetpack_social_post_already_shared":true,"jetpack_social_options":{"image_generator_settings":{"template":"highway","default_image_id":0,"font":"","enabled":false},"version":2}},"categories":[1235],"tags":[],"class_list":["post-9284","post","type-post","status-publish","format-standard","has-post-thumbnail","hentry","category-dinheiro-e-investimento-como-fazer-como-ganhar"],"jetpack_publicize_connections":[],"jetpack_featured_media_url":"https:\/\/i0.wp.com\/noticiasribeiraopreto.com.br\/wp-content\/uploads\/2023\/12\/CF_CanalFutura-700x525.jpg?fit=700%2C525&ssl=1","jetpack-related-posts":[{"id":9355,"url":"https:\/\/noticiasribeiraopreto.com.br\/index.php\/2023\/12\/01\/claudia-forte-no-jornal-da-gazeta\/","url_meta":{"origin":9284,"position":0},"title":"Claudia Forte no Jornal da Gazeta","author":"noticiasribeiraopreto.com.br","date":"1 de December de 2023","format":false,"excerpt":"A superintendente da AEF-Brasil, Claudia Forte foi entrevistada pela jornalista Denise Campos de Toledo para o Jornal da Gazeta. O post Claudia Forte no Jornal da Gazeta apareceu primeiro em ENEF. Source link","rel":"","context":"In &quot;Dinheiro e Investimento&quot;","block_context":{"text":"Dinheiro e Investimento","link":"https:\/\/noticiasribeiraopreto.com.br\/index.php\/category\/dinheiro-e-investimento-como-fazer-como-ganhar\/"},"img":{"alt_text":"","src":"","width":0,"height":0},"classes":[]},{"id":9199,"url":"https:\/\/noticiasribeiraopreto.com.br\/index.php\/2023\/12\/01\/educacao-financeira-ainda-e-tabu-no-brasil\/","url_meta":{"origin":9284,"position":1},"title":"Educa\u00e7\u00e3o financeira ainda \u00e9 tabu no Brasil","author":"noticiasribeiraopreto.com.br","date":"1 de December de 2023","format":false,"excerpt":"R\u00e1dio Mega Brasil Acesse a entrevista completa em Este tabu, conforme Cl\u00e1udia Forte, superintendente da AEF Brasil, precisa ser quebrado para que superemos nossa maior fragilidade, que \u00e9 o consumo exacerbado, inconsequente e inconsciente. A import\u00e2ncia da educa\u00e7\u00e3o financeira para os brasileiros ser\u00e1 explicada por Cl\u00e1udia Forte, superintendente da AEF\u2026","rel":"","context":"In &quot;Dinheiro e Investimento&quot;","block_context":{"text":"Dinheiro e Investimento","link":"https:\/\/noticiasribeiraopreto.com.br\/index.php\/category\/dinheiro-e-investimento-como-fazer-como-ganhar\/"},"img":{"alt_text":"","src":"","width":0,"height":0},"classes":[]},{"id":31081,"url":"https:\/\/noticiasribeiraopreto.com.br\/index.php\/2024\/01\/20\/top-10-musicas-de-axe-mais-tocadas-em-2024\/","url_meta":{"origin":9284,"position":2},"title":"Top 10 m\u00fasicas de Ax\u00e9 mais tocadas em 2024","author":"noticiasribeiraopreto.com.br","date":"20 de January de 2024","format":false,"excerpt":"Confira quais s\u00e3o as m\u00fasicas de Ax\u00e9 mais tocadas. Ou\u00e7a a playlist das melhores m\u00fasicas de ax\u00e9 mais tocadas nas r\u00e1dios do Brasil. S\u00e3o os maiores sucessos do ax\u00e9 music que os ouvintes mais pedem para tocar. Portanto, aproveite para ouvir a lista do top ax\u00e9 do momento atualizado(2024). Al\u00e9m\u2026","rel":"","context":"In &quot;Blog&quot;","block_context":{"text":"Blog","link":"https:\/\/noticiasribeiraopreto.com.br\/index.php\/category\/blog\/"},"img":{"alt_text":"","src":"https:\/\/i0.wp.com\/noticiasribeiraopreto.com.br\/wp-content\/uploads\/2024\/01\/Musicas-de-Axe-mais-tocadas.jpg?fit=1200%2C848&ssl=1&resize=350%2C200","width":350,"height":200,"srcset":"https:\/\/i0.wp.com\/noticiasribeiraopreto.com.br\/wp-content\/uploads\/2024\/01\/Musicas-de-Axe-mais-tocadas.jpg?fit=1200%2C848&ssl=1&resize=350%2C200 1x, https:\/\/i0.wp.com\/noticiasribeiraopreto.com.br\/wp-content\/uploads\/2024\/01\/Musicas-de-Axe-mais-tocadas.jpg?fit=1200%2C848&ssl=1&resize=525%2C300 1.5x, https:\/\/i0.wp.com\/noticiasribeiraopreto.com.br\/wp-content\/uploads\/2024\/01\/Musicas-de-Axe-mais-tocadas.jpg?fit=1200%2C848&ssl=1&resize=700%2C400 2x, https:\/\/i0.wp.com\/noticiasribeiraopreto.com.br\/wp-content\/uploads\/2024\/01\/Musicas-de-Axe-mais-tocadas.jpg?fit=1200%2C848&ssl=1&resize=1050%2C600 3x"},"classes":[]},{"id":9173,"url":"https:\/\/noticiasribeiraopreto.com.br\/index.php\/2023\/12\/01\/coronavirus-cenario-atual-chama-a-atencao-para-a-saude-financeira\/","url_meta":{"origin":9284,"position":3},"title":"Coronav\u00edrus: cen\u00e1rio atual chama a aten\u00e7\u00e3o para a sa\u00fade financeira","author":"noticiasribeiraopreto.com.br","date":"1 de December de 2023","format":false,"excerpt":"Isolamento contribui para economizar. \u00c9 preciso ter seguran\u00e7a quando a crise passar Por Joana GontijoJornal Estado de Minas Clique aqui para acessar a mat\u00e9ria no site do jornal. O momento \u00e9 de cautela. Muito ainda h\u00e1 que se aprender sobre o coronav\u00edrus, que impacta diversos aspectos da vida. Ter sa\u00fade\u2026","rel":"","context":"In &quot;Dinheiro e Investimento&quot;","block_context":{"text":"Dinheiro e Investimento","link":"https:\/\/noticiasribeiraopreto.com.br\/index.php\/category\/dinheiro-e-investimento-como-fazer-como-ganhar\/"},"img":{"alt_text":"","src":"","width":0,"height":0},"classes":[]},{"id":27311,"url":"https:\/\/noticiasribeiraopreto.com.br\/index.php\/2024\/01\/11\/sem-previsao-de-alta-claudia-alencar-apresenta-melhora-boletim-medico-traz-detalhes\/","url_meta":{"origin":9284,"position":4},"title":"Sem previs\u00e3o de alta, Claudia Alencar apresenta melhora; boletim m\u00e9dico traz detalhes","author":"noticiasribeiraopreto.com.br","date":"11 de January de 2024","format":false,"excerpt":"Na \u00faltima quarta-feira (10\/01), um boletim m\u00e9dico foi emitido trazendo detalhes sobre o estado de sa\u00fade da atriz Claudia Alencar. A veterana, de 73 anos, esta internada desde o \u00faltimo dia 17 de dezembro.Segundo informa\u00e7\u00f5es confirmadas pelo filho da atriz, Claudia sofreu uma infec\u00e7\u00e3o bacteriana violenta. A atriz havia passado\u2026","rel":"","context":"In &quot;Blog&quot;","block_context":{"text":"Blog","link":"https:\/\/noticiasribeiraopreto.com.br\/index.php\/category\/blog\/"},"img":{"alt_text":"","src":"https:\/\/i0.wp.com\/noticiasribeiraopreto.com.br\/wp-content\/uploads\/2024\/01\/postimg-65a077551a0b66630.jpg?fit=1200%2C628&ssl=1&resize=350%2C200","width":350,"height":200,"srcset":"https:\/\/i0.wp.com\/noticiasribeiraopreto.com.br\/wp-content\/uploads\/2024\/01\/postimg-65a077551a0b66630.jpg?fit=1200%2C628&ssl=1&resize=350%2C200 1x, https:\/\/i0.wp.com\/noticiasribeiraopreto.com.br\/wp-content\/uploads\/2024\/01\/postimg-65a077551a0b66630.jpg?fit=1200%2C628&ssl=1&resize=525%2C300 1.5x, https:\/\/i0.wp.com\/noticiasribeiraopreto.com.br\/wp-content\/uploads\/2024\/01\/postimg-65a077551a0b66630.jpg?fit=1200%2C628&ssl=1&resize=700%2C400 2x, https:\/\/i0.wp.com\/noticiasribeiraopreto.com.br\/wp-content\/uploads\/2024\/01\/postimg-65a077551a0b66630.jpg?fit=1200%2C628&ssl=1&resize=1050%2C600 3x"},"classes":[]},{"id":9152,"url":"https:\/\/noticiasribeiraopreto.com.br\/index.php\/2023\/12\/01\/ate-que-a-conta-conjunta-nos-separe-5-dicas-de-educacao-financeira-para-casais\/","url_meta":{"origin":9284,"position":5},"title":"At\u00e9 que a conta conjunta nos separe: 5 dicas de educa\u00e7\u00e3o financeira para casais","author":"noticiasribeiraopreto.com.br","date":"1 de December de 2023","format":false,"excerpt":"Por Carolina UnzelteSpace Money Clique aqui para acessar a mat\u00e9ria no portal Space Money N\u00e3o \u00e9 trai\u00e7\u00e3o: 56% dos div\u00f3rcios t\u00eam como motivo principal quest\u00f5es financeiras, aponta uma pesquisa de 2015 do Serasa Experian. E n\u00e3o \u00e9 a falta de dinheiro, mas sim a dificuldade em resolver diverg\u00eancias quando o\u2026","rel":"","context":"In &quot;Dinheiro e Investimento&quot;","block_context":{"text":"Dinheiro e Investimento","link":"https:\/\/noticiasribeiraopreto.com.br\/index.php\/category\/dinheiro-e-investimento-como-fazer-como-ganhar\/"},"img":{"alt_text":"","src":"","width":0,"height":0},"classes":[]}],"jetpack_sharing_enabled":true,"jetpack_shortlink":"https:\/\/wp.me\/peQAOb-2pK","_links":{"self":[{"href":"https:\/\/noticiasribeiraopreto.com.br\/index.php\/wp-json\/wp\/v2\/posts\/9284","targetHints":{"allow":["GET"]}}],"collection":[{"href":"https:\/\/noticiasribeiraopreto.com.br\/index.php\/wp-json\/wp\/v2\/posts"}],"about":[{"href":"https:\/\/noticiasribeiraopreto.com.br\/index.php\/wp-json\/wp\/v2\/types\/post"}],"author":[{"embeddable":true,"href":"https:\/\/noticiasribeiraopreto.com.br\/index.php\/wp-json\/wp\/v2\/users\/1"}],"replies":[{"embeddable":true,"href":"https:\/\/noticiasribeiraopreto.com.br\/index.php\/wp-json\/wp\/v2\/comments?post=9284"}],"version-history":[{"count":0,"href":"https:\/\/noticiasribeiraopreto.com.br\/index.php\/wp-json\/wp\/v2\/posts\/9284\/revisions"}],"wp:featuredmedia":[{"embeddable":true,"href":"https:\/\/noticiasribeiraopreto.com.br\/index.php\/wp-json\/wp\/v2\/media\/9285"}],"wp:attachment":[{"href":"https:\/\/noticiasribeiraopreto.com.br\/index.php\/wp-json\/wp\/v2\/media?parent=9284"}],"wp:term":[{"taxonomy":"category","embeddable":true,"href":"https:\/\/noticiasribeiraopreto.com.br\/index.php\/wp-json\/wp\/v2\/categories?post=9284"},{"taxonomy":"post_tag","embeddable":true,"href":"https:\/\/noticiasribeiraopreto.com.br\/index.php\/wp-json\/wp\/v2\/tags?post=9284"}],"curies":[{"name":"wp","href":"https:\/\/api.w.org\/{rel}","templated":true}]}}