{"id":9288,"date":"2023-12-01T20:23:58","date_gmt":"2023-12-01T23:23:58","guid":{"rendered":"https:\/\/noticiasribeiraopreto.com.br\/index.php\/2023\/12\/01\/nova-york-ganha-atracao-inspirada-em-foto-iconica\/"},"modified":"2023-12-01T20:23:58","modified_gmt":"2023-12-01T23:23:58","slug":"nova-york-ganha-atracao-inspirada-em-foto-iconica","status":"publish","type":"post","link":"https:\/\/noticiasribeiraopreto.com.br\/index.php\/2023\/12\/01\/nova-york-ganha-atracao-inspirada-em-foto-iconica\/","title":{"rendered":"Nova York ganha atra\u00e7\u00e3o inspirada em foto ic\u00f4nica"},"content":{"rendered":"<div class='code-block code-block-1' style='margin: 8px 0 8px auto; text-align: right; display: block; clear: both;'>\n<p><a href=\"https:\/\/wa.link\/vpicfd\"><img data-recalc-dims=\"1\" class=\"wp-image-4922\" style=\"aspect-ratio: 2.0253164556962027; width: 561px; height: auto;\" src=\"https:\/\/i0.wp.com\/ismaelcolosi.com.br\/wp-content\/uploads\/2023\/11\/grupo-de-empregos-whatsapp-e-facebook-ismael-colosi-vagas.jpg?ssl=1\" alt=\"\" \/><\/a><\/p>\n<!-- \/wp:image -->\n<\/div>\n<p> <br \/>\n<\/p>\n<div>\n<p>Com viagem marcada para Nova York? Ent\u00e3o anota a\u00ed dica novinha de atra\u00e7\u00e3o.\u00a0O <a href=\"https:\/\/www.rockefellercenter.com\/pt-br\/comprar-ingressos\/#top-of-the-rock-observation-deck\" target=\"_blank\" rel=\"noopener\">Top of The Rock<\/a>, famoso observat\u00f3rio que fica no topo do Rockefeller Plaza, um dos arranha-c\u00e9us mais <a href=\"https:\/\/catracalivre.com.br\/viagem-livre\/22-razoes-incriveis-para-visitar-nova-york-em-2022\/\">emblem\u00e1ticos e visitados<\/a> da Big Apple, acaba de lan\u00e7ar uma nova experi\u00eancia interativa.<\/p>\n<p>Batizado de The Beam, a atra\u00e7\u00e3o \u00e9 inspirada em uma das fotos mais ic\u00f4nicas da hist\u00f3ria:\u00a0 a \u201cLunch Atop a Skyscraper\u201d (algo como \u201cAlmo\u00e7o no topo do Arranha-c\u00e9u\u201d), clicada pelo fot\u00f3grafo Charles Clyde Ebbets em 20 de setembro de 1932.<\/p>\n<div id=\"attachment_2316139\" class=\"wp-caption aligncenter\">\n<div class=\"d-flex justify-content-center\" data-attachment-id=\"2316139\">\n<div class=\"position-relative d-inline-block\"><img data-recalc-dims=\"1\" data-portal-copyright=\"Tishman Speyer\/Divulga\u00e7\u00e3o\" fetchpriority=\"high\" decoding=\"async\" class=\"wp-image-2316139 size-large\" src=\"https:\/\/i0.wp.com\/catracalivre.com.br\/wp-content\/uploads\/2023\/12\/top-of-the-rock-the-bean-910x607.png?resize=910%2C607&#038;ssl=1\" alt=\"The Beam, atra\u00e7\u00e3o inspirada em foto ic\u00f4nica dos anos 1930\" width=\"910\" height=\"607\" srcset=\"https:\/\/catracalivre.com.br\/wp-content\/uploads\/2023\/12\/top-of-the-rock-the-bean-910x607.png 910w, https:\/\/catracalivre.com.br\/wp-content\/uploads\/2023\/12\/top-of-the-rock-the-bean-450x300.png 450w, https:\/\/catracalivre.com.br\/wp-content\/uploads\/2023\/12\/top-of-the-rock-the-bean-768x512.png 768w\" sizes=\"(max-width: 910px) 100vw, 910px\"\/><\/p>\n<p>Cr\u00e9ditos: Tishman Speyer\/Divulga\u00e7\u00e3o<\/p>\n<\/div>\n<\/div>\n<p><span class=\"post-imagem__legenda\">The Beam, atra\u00e7\u00e3o inspirada em foto ic\u00f4nica dos anos 1930<\/span><\/p>\n<\/div>\n<p>A imagem retrata 11 trabalhadores sentados em uma viga de a\u00e7o na hora do almo\u00e7o a quase 250 metros de altura durante a constru\u00e7\u00e3o do edif\u00edcio.<\/p>\n<p>A foto, publicada no \u201cThe New York Herald-Tribune\u201d, em 2 de outubro de 1932, tornou-se uma das imagens mais emblem\u00e1ticas do s\u00e9culo 20.<\/p>\n<h2>A nova atra\u00e7\u00e3o de Nova York<\/h2>\n<p>A atra\u00e7\u00e3o fica no deck de observa\u00e7\u00e3o do Top of The Rock, no 69\u00ba andar. Os visitantes sentam em uma viga, que\u00a0\u00e9 elevada a 3,6 metros acima da plataforma do mirante fazendo um giro de 180 graus, permitindo-lhes ver o skyline de Manhattan e pontos tur\u00edsticos, como Central Park.<\/p>\n<blockquote class=\"instagram-media\" data-instgrm-captioned=\"\" data-instgrm-permalink=\"https:\/\/www.instagram.com\/reel\/C0T8CVHuNKH\/?utm_source=ig_embed&amp;utm_campaign=loading\" data-instgrm-version=\"14\" style=\" background:#FFF; border:0; border-radius:3px; box-shadow:0 0 1px 0 rgba(0,0,0,0.5),0 1px 10px 0 rgba(0,0,0,0.15); margin: 1px; max-width:500px; min-width:326px; padding:0; width:99.375%; width:-webkit-calc(100% - 2px); width:calc(100% - 2px);\">\n<\/blockquote>\n<p>A experi\u00eancia tem dura\u00e7\u00e3o de 3 minutos e custa US$ 25, cobrado \u00e0 parte do ingresso para o Top of the Rock (US$ 40). Por\u00e9m, a foto est\u00e1 inclusa no valor.<\/p>\n<blockquote class=\"twitter-tweet\" data-width=\"500\" data-dnt=\"true\">\n<p lang=\"en\" dir=\"ltr\">The way we used to be\u2026 <a href=\"https:\/\/t.co\/TWD5k9ZkeK\">pic.twitter.com\/TWD5k9ZkeK<\/a><\/p>\n<p>\u2014 Magnus_Man (@Magnus_Man_03) <a href=\"https:\/\/twitter.com\/Magnus_Man_03\/status\/1730392439226056911?ref_src=twsrc%5Etfw\">December 1, 2023<\/a><\/p>\n<\/blockquote>\n<p>O espa\u00e7o tamb\u00e9m ganhou um caf\u00e9 com vistas incr\u00edveis chamado Weather Room , agora aberto no 67\u00ba andar do Rockefeller Plaza.<\/p>\n<h3>Mais novidades no Top of The Rock<\/h3>\n<p>As novidades no Top of The Rockn\u00e3o param por a\u00ed. Para 2024, est\u00e1 prevista uma nova plataforma de observa\u00e7\u00e3o, batizada de Top of the Top\u201d, onde ser\u00e1 instalado um farol m\u00f3vel no formato de globo, no 70\u00ba andar.<\/p>\n<div id=\"attachment_2316145\" class=\"wp-caption aligncenter\">\n<div class=\"d-flex justify-content-center\" data-attachment-id=\"2316145\">\n<div class=\"position-relative d-inline-block\"><img data-recalc-dims=\"1\" loading=\"lazy\" data-portal-copyright=\"Getty Images\" decoding=\"async\" class=\"size-large wp-image-2316145\" src=\"https:\/\/i0.wp.com\/catracalivre.com.br\/wp-content\/uploads\/2023\/12\/istock-471537225-910x607.jpg?resize=910%2C607&#038;ssl=1\" alt=\"Turista no Top of the Rock, no complexo Rockfeller Center, em Nova York\" width=\"910\" height=\"607\" srcset=\"https:\/\/catracalivre.com.br\/wp-content\/uploads\/2023\/12\/istock-471537225-910x607.jpg 910w, https:\/\/catracalivre.com.br\/wp-content\/uploads\/2023\/12\/istock-471537225-450x300.jpg 450w, https:\/\/catracalivre.com.br\/wp-content\/uploads\/2023\/12\/istock-471537225-768x513.jpg 768w\" sizes=\"auto, (max-width: 910px) 100vw, 910px\"\/><\/p>\n<p>Cr\u00e9ditos: Getty Images<\/p>\n<\/div>\n<\/div>\n<p><span class=\"post-imagem__legenda\">Turista no Top of the Rock, no complexo Rockfeller Center, em Nova York<\/span><\/p>\n<\/div>\n<p>O espa\u00e7o tamb\u00e9m ir\u00e1 ganhar um novo mezanino, que abrigar\u00e1 uma s\u00e9rie de exposi\u00e7\u00f5es interativas e experi\u00eancias teatrais criadas com tecnologias de ponta.<\/p>\n<\/div>\n<p><script async src=\"\/\/platform.twitter.com\/widgets.js\" charset=\"utf-8\"><\/script><script>\n\t\t! function(f, b, e, v, n, t, s) {\n\t\t\tif (f.fbq) return;\n\t\t\tn = f.fbq = function() {\n\t\t\t\tn.callMethod ?\n\t\t\t\t\tn.callMethod.apply(n, arguments) : n.queue.push(arguments)\n\t\t\t};\n\t\t\tif (!f._fbq) f._fbq = n;\n\t\t\tn.push = n;\n\t\t\tn.loaded = !0;\n\t\t\tn.version = '2.0';\n\t\t\tn.queue = [];\n\t\t\tt = b.createElement(e);\n\t\t\tt.async = !0;\n\t\t\tt.src = v;\n\t\t\ts = b.getElementsByTagName(e)[0];\n\t\t\ts.parentNode.insertBefore(t, s)\n\t\t}(window, document, 'script',\n\t\t\t'https:\/\/connect.facebook.net\/en_US\/fbevents.js');\n\t\tfbq('init', '338315473262380');\n\t\tfbq('track', 'PageView');\n\t<\/script><script async src=\"\/\/www.instagram.com\/embed.js\"><\/script><br \/>\n<br \/><br \/>\n<br \/><a href=\"https:\/\/catracalivre.com.br\/viagem-livre\/nova-york-ganha-atracao-inspirada-em-foto-iconica\/\">Source link <\/a><\/p>\n<!-- CONTENT END 1 -->\n","protected":false},"excerpt":{"rendered":"<p>Com viagem marcada para Nova York? Ent\u00e3o anota a\u00ed dica novinha de atra\u00e7\u00e3o.\u00a0O Top of The Rock, famoso observat\u00f3rio que fica no topo do Rockefeller&#8230;<\/p>\n","protected":false},"author":1,"featured_media":9289,"comment_status":"open","ping_status":"open","sticky":false,"template":"","format":"standard","meta":{"advanced_seo_description":"","jetpack_seo_html_title":"","jetpack_seo_noindex":false,"jetpack_post_was_ever_published":false,"_jetpack_newsletter_access":"","_jetpack_dont_email_post_to_subs":false,"_jetpack_newsletter_tier_id":0,"_jetpack_memberships_contains_paywalled_content":false,"_jetpack_memberships_contains_paid_content":false,"footnotes":"","jetpack_publicize_message":"","jetpack_publicize_feature_enabled":true,"jetpack_social_post_already_shared":true,"jetpack_social_options":{"image_generator_settings":{"template":"highway","default_image_id":0,"font":"","enabled":false},"version":2}},"categories":[19],"tags":[],"class_list":["post-9288","post","type-post","status-publish","format-standard","has-post-thumbnail","hentry","category-variedades"],"jetpack_publicize_connections":[],"jetpack_featured_media_url":"https:\/\/i0.wp.com\/noticiasribeiraopreto.com.br\/wp-content\/uploads\/2023\/12\/top-of-the-rock-the-bean.png?fit=1200%2C638&ssl=1","jetpack-related-posts":[{"id":20202,"url":"https:\/\/noticiasribeiraopreto.com.br\/index.php\/2023\/12\/24\/o-renascimento-de-miami-com-9-arranha-ceus-em-construcao\/","url_meta":{"origin":9288,"position":0},"title":"o renascimento de Miami com 9 arranha-c\u00e9us em constru\u00e7\u00e3o","author":"noticiasribeiraopreto.com.br","date":"24 de December de 2023","format":false,"excerpt":"Foto: Divulga\u00e7\u00e3o\/Waldorf Astoria Miami Miami, conhecida como a \u201cWall Street do Sul\u201c, est\u00e1 vivenciando um renascimento urbano sem precedentes. Com a migra\u00e7\u00e3o em massa de empresas financeiras para a Fl\u00f3rida, atra\u00eddas por restri\u00e7\u00f5es mais flex\u00edveis durante a pandemia, clima mais ameno e impostos mais baixos, a cidade est\u00e1 no centro\u2026","rel":"","context":"In &quot;Vagas de Emprego em Ribeir\u00e3o Preto-SP&quot;","block_context":{"text":"Vagas de Emprego em Ribeir\u00e3o Preto-SP","link":"https:\/\/noticiasribeiraopreto.com.br\/index.php\/category\/empregos-classificados-vagas-trabalho\/vagas-de-empregos-em-ribeirao-preto-regiao-brasil\/"},"img":{"alt_text":"","src":"https:\/\/i0.wp.com\/noticiasribeiraopreto.com.br\/wp-content\/uploads\/2023\/12\/America-se-prepara-para-sua-proxima-megacidade-o-renascimento-de-Miami-com-9-arranha-ceus-em-construcao-830x450.jpg?fit=830%2C450&ssl=1&resize=350%2C200","width":350,"height":200,"srcset":"https:\/\/i0.wp.com\/noticiasribeiraopreto.com.br\/wp-content\/uploads\/2023\/12\/America-se-prepara-para-sua-proxima-megacidade-o-renascimento-de-Miami-com-9-arranha-ceus-em-construcao-830x450.jpg?fit=830%2C450&ssl=1&resize=350%2C200 1x, https:\/\/i0.wp.com\/noticiasribeiraopreto.com.br\/wp-content\/uploads\/2023\/12\/America-se-prepara-para-sua-proxima-megacidade-o-renascimento-de-Miami-com-9-arranha-ceus-em-construcao-830x450.jpg?fit=830%2C450&ssl=1&resize=525%2C300 1.5x, https:\/\/i0.wp.com\/noticiasribeiraopreto.com.br\/wp-content\/uploads\/2023\/12\/America-se-prepara-para-sua-proxima-megacidade-o-renascimento-de-Miami-com-9-arranha-ceus-em-construcao-830x450.jpg?fit=830%2C450&ssl=1&resize=700%2C400 2x"},"classes":[]},{"id":20062,"url":"https:\/\/noticiasribeiraopreto.com.br\/index.php\/2023\/12\/24\/um-marco-na-construcao-e-arquitetura-moderna\/","url_meta":{"origin":9288,"position":1},"title":"um marco na constru\u00e7\u00e3o e arquitetura moderna","author":"noticiasribeiraopreto.com.br","date":"24 de December de 2023","format":false,"excerpt":"Foto: Divulga\u00e7\u00e3o\/Downtown Circle de Dubai Em um projeto audacioso, Dubai prop\u00f5e um arranha-c\u00e9u circular de 550 metros de altura, redefinindo os limites da engenharia e da arquitetura urbana. Dubai, conhecida por sua paisagem urbana futur\u00edstica e seus projetos arquitet\u00f4nicos ousados, est\u00e1 incendiando a internet com mais uma proposta impressionante. Embora\u2026","rel":"","context":"In &quot;Vagas de Emprego em Ribeir\u00e3o Preto-SP&quot;","block_context":{"text":"Vagas de Emprego em Ribeir\u00e3o Preto-SP","link":"https:\/\/noticiasribeiraopreto.com.br\/index.php\/category\/empregos-classificados-vagas-trabalho\/vagas-de-empregos-em-ribeirao-preto-regiao-brasil\/"},"img":{"alt_text":"","src":"https:\/\/i0.wp.com\/noticiasribeiraopreto.com.br\/wp-content\/uploads\/2023\/12\/Dubai-planeja-arranha-ceu-circular-gigante-um-marco-na-construcao-e-arquitetura-moderna-830x450.jpg?fit=830%2C450&ssl=1&resize=350%2C200","width":350,"height":200,"srcset":"https:\/\/i0.wp.com\/noticiasribeiraopreto.com.br\/wp-content\/uploads\/2023\/12\/Dubai-planeja-arranha-ceu-circular-gigante-um-marco-na-construcao-e-arquitetura-moderna-830x450.jpg?fit=830%2C450&ssl=1&resize=350%2C200 1x, https:\/\/i0.wp.com\/noticiasribeiraopreto.com.br\/wp-content\/uploads\/2023\/12\/Dubai-planeja-arranha-ceu-circular-gigante-um-marco-na-construcao-e-arquitetura-moderna-830x450.jpg?fit=830%2C450&ssl=1&resize=525%2C300 1.5x, https:\/\/i0.wp.com\/noticiasribeiraopreto.com.br\/wp-content\/uploads\/2023\/12\/Dubai-planeja-arranha-ceu-circular-gigante-um-marco-na-construcao-e-arquitetura-moderna-830x450.jpg?fit=830%2C450&ssl=1&resize=700%2C400 2x"},"classes":[]},{"id":31362,"url":"https:\/\/noticiasribeiraopreto.com.br\/index.php\/2024\/01\/22\/top-10-maiores-predios-do-mundo-em-2024\/","url_meta":{"origin":9288,"position":2},"title":"Top 10 maiores pr\u00e9dios do mundo em 2024","author":"noticiasribeiraopreto.com.br","date":"22 de January de 2024","format":false,"excerpt":"Neste artigo, exploramos os 10 maiores pr\u00e9dios do mundo, estruturas que desafiam n\u00e3o s\u00f3 a gravidade, mas tamb\u00e9m as fronteiras da inova\u00e7\u00e3o e da engenharia. Desde o elegante Burj Khalifa em Dubai, o pr\u00e9dio mais alto do mundo, at\u00e9 o din\u00e2mico China Zun em Pequim, esses marcos arquitet\u00f4nicos contam hist\u00f3rias\u2026","rel":"","context":"In &quot;Blog&quot;","block_context":{"text":"Blog","link":"https:\/\/noticiasribeiraopreto.com.br\/index.php\/category\/blog\/"},"img":{"alt_text":"","src":"https:\/\/i0.wp.com\/noticiasribeiraopreto.com.br\/wp-content\/uploads\/2024\/01\/Maiores-predios-do-mundo.jpg?fit=1200%2C822&ssl=1&resize=350%2C200","width":350,"height":200,"srcset":"https:\/\/i0.wp.com\/noticiasribeiraopreto.com.br\/wp-content\/uploads\/2024\/01\/Maiores-predios-do-mundo.jpg?fit=1200%2C822&ssl=1&resize=350%2C200 1x, https:\/\/i0.wp.com\/noticiasribeiraopreto.com.br\/wp-content\/uploads\/2024\/01\/Maiores-predios-do-mundo.jpg?fit=1200%2C822&ssl=1&resize=525%2C300 1.5x, https:\/\/i0.wp.com\/noticiasribeiraopreto.com.br\/wp-content\/uploads\/2024\/01\/Maiores-predios-do-mundo.jpg?fit=1200%2C822&ssl=1&resize=700%2C400 2x, https:\/\/i0.wp.com\/noticiasribeiraopreto.com.br\/wp-content\/uploads\/2024\/01\/Maiores-predios-do-mundo.jpg?fit=1200%2C822&ssl=1&resize=1050%2C600 3x"},"classes":[]},{"id":21075,"url":"https:\/\/noticiasribeiraopreto.com.br\/index.php\/2023\/12\/27\/hotel-em-nova-york-tem-suite-tematica-de-willy-wonka\/","url_meta":{"origin":9288,"position":3},"title":"Hotel em Nova York tem su\u00edte tem\u00e1tica de Willy Wonka","author":"noticiasribeiraopreto.com.br","date":"27 de December de 2023","format":false,"excerpt":"\u00c9 f\u00e3 do filme \u201cA Fant\u00e1stica F\u00e1brica de Chocolate\u201d e est\u00e1 com viagem programada para Nova York? Ent\u00e3o considere se hospedar ao menos uma noite no Park Lane. O hotel criou uma su\u00edte tem\u00e1tica inspirada no personagem Willy Wonka. A iniciativa, em parceria com Booking.com, \u00e9 para celebrar a estreia\u2026","rel":"","context":"In &quot;Variedades&quot;","block_context":{"text":"Variedades","link":"https:\/\/noticiasribeiraopreto.com.br\/index.php\/category\/variedades\/"},"img":{"alt_text":"","src":"https:\/\/i0.wp.com\/noticiasribeiraopreto.com.br\/wp-content\/uploads\/2023\/12\/wonka-nyc-bedroom-render-ux-scaled.jpg?fit=1200%2C638&ssl=1&resize=350%2C200","width":350,"height":200,"srcset":"https:\/\/i0.wp.com\/noticiasribeiraopreto.com.br\/wp-content\/uploads\/2023\/12\/wonka-nyc-bedroom-render-ux-scaled.jpg?fit=1200%2C638&ssl=1&resize=350%2C200 1x, https:\/\/i0.wp.com\/noticiasribeiraopreto.com.br\/wp-content\/uploads\/2023\/12\/wonka-nyc-bedroom-render-ux-scaled.jpg?fit=1200%2C638&ssl=1&resize=525%2C300 1.5x, https:\/\/i0.wp.com\/noticiasribeiraopreto.com.br\/wp-content\/uploads\/2023\/12\/wonka-nyc-bedroom-render-ux-scaled.jpg?fit=1200%2C638&ssl=1&resize=700%2C400 2x, https:\/\/i0.wp.com\/noticiasribeiraopreto.com.br\/wp-content\/uploads\/2023\/12\/wonka-nyc-bedroom-render-ux-scaled.jpg?fit=1200%2C638&ssl=1&resize=1050%2C600 3x"},"classes":[]},{"id":43184,"url":"https:\/\/noticiasribeiraopreto.com.br\/index.php\/2024\/03\/19\/orquestra-sinfonica-de-ribeirao-preto-e-homenageada-com-exposicao-a-ceu-aberto\/","url_meta":{"origin":9288,"position":4},"title":"Orquestra Sinf\u00f4nica de Ribeir\u00e3o Preto \u00e9 homenageada com exposi\u00e7\u00e3o a c\u00e9u aberto","author":"noticiasribeiraopreto.com.br","date":"19 de March de 2024","format":false,"excerpt":"Uma exposi\u00e7\u00e3o com fotos hist\u00f3ricas que retratam a trajet\u00f3ria dos 100 anos da Orquestra Sinf\u00f4nica de Ribeir\u00e3o Preto ser\u00e1 inaugurada nesta quinta-feira (20), em uma \u00e1rea aberta na alameda Gustavo Simioni, na Vila do Golf, zona Sul de Ribeir\u00e3o Preto. Durante o evento, que come\u00e7a \u00e0s 19h, o quarteto de\u2026","rel":"","context":"In &quot;Not\u00edcias de Ribeir\u00e3o Preto-SP e Regi\u00e3o&quot;","block_context":{"text":"Not\u00edcias de Ribeir\u00e3o Preto-SP e Regi\u00e3o","link":"https:\/\/noticiasribeiraopreto.com.br\/index.php\/category\/noticias-de-ribeirao-preto-sp-e-regiao-ismael-colosi\/"},"img":{"alt_text":"","src":"https:\/\/i0.wp.com\/noticiasribeiraopreto.com.br\/wp-content\/uploads\/2024\/03\/Copia-de-Copia-de-TAMANHO-EXATO-PARA-FOTOS-NO-SISTEMA-NOVO-69.jpg?fit=1200%2C675&ssl=1&resize=350%2C200","width":350,"height":200,"srcset":"https:\/\/i0.wp.com\/noticiasribeiraopreto.com.br\/wp-content\/uploads\/2024\/03\/Copia-de-Copia-de-TAMANHO-EXATO-PARA-FOTOS-NO-SISTEMA-NOVO-69.jpg?fit=1200%2C675&ssl=1&resize=350%2C200 1x, https:\/\/i0.wp.com\/noticiasribeiraopreto.com.br\/wp-content\/uploads\/2024\/03\/Copia-de-Copia-de-TAMANHO-EXATO-PARA-FOTOS-NO-SISTEMA-NOVO-69.jpg?fit=1200%2C675&ssl=1&resize=525%2C300 1.5x, https:\/\/i0.wp.com\/noticiasribeiraopreto.com.br\/wp-content\/uploads\/2024\/03\/Copia-de-Copia-de-TAMANHO-EXATO-PARA-FOTOS-NO-SISTEMA-NOVO-69.jpg?fit=1200%2C675&ssl=1&resize=700%2C400 2x, https:\/\/i0.wp.com\/noticiasribeiraopreto.com.br\/wp-content\/uploads\/2024\/03\/Copia-de-Copia-de-TAMANHO-EXATO-PARA-FOTOS-NO-SISTEMA-NOVO-69.jpg?fit=1200%2C675&ssl=1&resize=1050%2C600 3x"},"classes":[]},{"id":84917,"url":"https:\/\/noticiasribeiraopreto.com.br\/index.php\/2026\/04\/17\/carnaval-fora-de-epoca-de-ribeirao-preto-confirma-primeira-atracao\/","url_meta":{"origin":9288,"position":5},"title":"Carnaval fora de \u00e9poca de Ribeir\u00e3o Preto confirma primeira atra\u00e7\u00e3o","author":"noticiasribeiraopreto.com.br","date":"17 de April de 2026","format":false,"excerpt":"Ler o resumo da not\u00edcia RP Folia, carnaval fora de \u00e9poca de Ribeir\u00e3o Preto, confirmou a Banda Eva como primeira atra\u00e7\u00e3o da edi\u00e7\u00e3o 2026. O show da Banda Eva ser\u00e1 realizado em 26 de setembro no Est\u00e1dio Palma Travasso. Trata\u2011se da terceira participa\u00e7\u00e3o da banda, que tem mais de 45\u2026","rel":"","context":"In &quot;Not\u00edcias de Ribeir\u00e3o Preto-SP e Regi\u00e3o&quot;","block_context":{"text":"Not\u00edcias de Ribeir\u00e3o Preto-SP e Regi\u00e3o","link":"https:\/\/noticiasribeiraopreto.com.br\/index.php\/category\/noticias-de-ribeirao-preto-sp-e-regiao-ismael-colosi\/"},"img":{"alt_text":"","src":"https:\/\/i0.wp.com\/noticiasribeiraopreto.com.br\/wp-content\/uploads\/2026\/04\/27bba3c8c2589b602ba20a2c95977b0c_2026-04-17_20-01-51.webp.webp?fit=1200%2C800&ssl=1&resize=350%2C200","width":350,"height":200,"srcset":"https:\/\/i0.wp.com\/noticiasribeiraopreto.com.br\/wp-content\/uploads\/2026\/04\/27bba3c8c2589b602ba20a2c95977b0c_2026-04-17_20-01-51.webp.webp?fit=1200%2C800&ssl=1&resize=350%2C200 1x, https:\/\/i0.wp.com\/noticiasribeiraopreto.com.br\/wp-content\/uploads\/2026\/04\/27bba3c8c2589b602ba20a2c95977b0c_2026-04-17_20-01-51.webp.webp?fit=1200%2C800&ssl=1&resize=525%2C300 1.5x, https:\/\/i0.wp.com\/noticiasribeiraopreto.com.br\/wp-content\/uploads\/2026\/04\/27bba3c8c2589b602ba20a2c95977b0c_2026-04-17_20-01-51.webp.webp?fit=1200%2C800&ssl=1&resize=700%2C400 2x, https:\/\/i0.wp.com\/noticiasribeiraopreto.com.br\/wp-content\/uploads\/2026\/04\/27bba3c8c2589b602ba20a2c95977b0c_2026-04-17_20-01-51.webp.webp?fit=1200%2C800&ssl=1&resize=1050%2C600 3x"},"classes":[]}],"jetpack_sharing_enabled":true,"jetpack_shortlink":"https:\/\/wp.me\/peQAOb-2pO","_links":{"self":[{"href":"https:\/\/noticiasribeiraopreto.com.br\/index.php\/wp-json\/wp\/v2\/posts\/9288","targetHints":{"allow":["GET"]}}],"collection":[{"href":"https:\/\/noticiasribeiraopreto.com.br\/index.php\/wp-json\/wp\/v2\/posts"}],"about":[{"href":"https:\/\/noticiasribeiraopreto.com.br\/index.php\/wp-json\/wp\/v2\/types\/post"}],"author":[{"embeddable":true,"href":"https:\/\/noticiasribeiraopreto.com.br\/index.php\/wp-json\/wp\/v2\/users\/1"}],"replies":[{"embeddable":true,"href":"https:\/\/noticiasribeiraopreto.com.br\/index.php\/wp-json\/wp\/v2\/comments?post=9288"}],"version-history":[{"count":0,"href":"https:\/\/noticiasribeiraopreto.com.br\/index.php\/wp-json\/wp\/v2\/posts\/9288\/revisions"}],"wp:featuredmedia":[{"embeddable":true,"href":"https:\/\/noticiasribeiraopreto.com.br\/index.php\/wp-json\/wp\/v2\/media\/9289"}],"wp:attachment":[{"href":"https:\/\/noticiasribeiraopreto.com.br\/index.php\/wp-json\/wp\/v2\/media?parent=9288"}],"wp:term":[{"taxonomy":"category","embeddable":true,"href":"https:\/\/noticiasribeiraopreto.com.br\/index.php\/wp-json\/wp\/v2\/categories?post=9288"},{"taxonomy":"post_tag","embeddable":true,"href":"https:\/\/noticiasribeiraopreto.com.br\/index.php\/wp-json\/wp\/v2\/tags?post=9288"}],"curies":[{"name":"wp","href":"https:\/\/api.w.org\/{rel}","templated":true}]}}