{"id":9294,"date":"2023-12-01T20:38:31","date_gmt":"2023-12-01T23:38:31","guid":{"rendered":"https:\/\/noticiasribeiraopreto.com.br\/index.php\/2023\/12\/01\/sintomas-de-cancer-raro-em-jovem-foram-confundidos-com-alergia\/"},"modified":"2023-12-01T20:38:31","modified_gmt":"2023-12-01T23:38:31","slug":"sintomas-de-cancer-raro-em-jovem-foram-confundidos-com-alergia","status":"publish","type":"post","link":"https:\/\/noticiasribeiraopreto.com.br\/index.php\/2023\/12\/01\/sintomas-de-cancer-raro-em-jovem-foram-confundidos-com-alergia\/","title":{"rendered":"Sintomas de c\u00e2ncer raro em jovem foram confundidos com alergia"},"content":{"rendered":"<div class='code-block code-block-1' style='margin: 8px 0 8px auto; text-align: right; display: block; clear: both;'>\n<p><a href=\"https:\/\/wa.link\/vpicfd\"><img data-recalc-dims=\"1\" class=\"wp-image-4922\" style=\"aspect-ratio: 2.0253164556962027; width: 561px; height: auto;\" src=\"https:\/\/i0.wp.com\/ismaelcolosi.com.br\/wp-content\/uploads\/2023\/11\/grupo-de-empregos-whatsapp-e-facebook-ismael-colosi-vagas.jpg?ssl=1\" alt=\"\" \/><\/a><\/p>\n<!-- \/wp:image -->\n<\/div>\n<p> <br \/>\n<\/p>\n<div>\n<p>O c\u00e2ncer\u00a0raro de um jovem\u00a0foi inicialmente confundido com uma alergia depois que ele sentiu uma <a href=\"https:\/\/catracalivre.com.br\/saude-bem-estar\/harvard-aponta-para-causa-ate-entao-desconhecida-da-coceira\/\">coceira<\/a> intensa.<\/p>\n<p>Alex Watson, 34 anos, recebeu prescri\u00e7\u00e3o de cremes <a href=\"https:\/\/catracalivre.com.br\/saude-bem-estar\/antialergico-alivia-covid-longa\/\">antial\u00e9rgicos<\/a> depois de ir ao m\u00e9dico em julho deste ano, reclamando de coceira na pele e problemas com a urina. Mas apenas tr\u00eas dias depois sua condi\u00e7\u00e3o piorou.<\/p>\n<div id=\"attachment_2315965\" class=\"wp-caption alignnone\">\n<div class=\"d-flex justify-content-center\" data-attachment-id=\"2315965\">\n<div class=\"position-relative d-inline-block\"><img data-recalc-dims=\"1\" data-portal-copyright=\"reprodu\u00e7\u00e3o\/SWN\" fetchpriority=\"high\" decoding=\"async\" class=\"wp-image-2315965 size-full\" src=\"https:\/\/i0.wp.com\/catracalivre.com.br\/wp-content\/uploads\/2023\/12\/cancer-alergia.png?resize=900%2C862&#038;ssl=1\" alt=\"C\u00e2ncer raro causou coceira intensa\" width=\"900\" height=\"862\" srcset=\"https:\/\/catracalivre.com.br\/wp-content\/uploads\/2023\/12\/cancer-alergia.png 900w, https:\/\/catracalivre.com.br\/wp-content\/uploads\/2023\/12\/cancer-alergia-450x431.png 450w, https:\/\/catracalivre.com.br\/wp-content\/uploads\/2023\/12\/cancer-alergia-768x736.png 768w\" sizes=\"(max-width: 900px) 100vw, 900px\"\/><\/p>\n<p>Cr\u00e9ditos: reprodu\u00e7\u00e3o\/SWN<\/p>\n<\/div>\n<\/div>\n<p><span class=\"post-imagem__legenda\">C\u00e2ncer raro causou coceira intensa<\/span><\/p>\n<\/div>\n<p>Ele come\u00e7ou a apresentar <a href=\"https:\/\/catracalivre.com.br\/saude-bem-estar\/sinais-de-hepatite-nao-devem-ser-ignorados\/\">icter\u00edcia<\/a> no branco dos olhos e a metade superior do seu tronco estava com uma tonalidade amarelada.<\/p>\n<p>Exames revelaram que ele\u00a0tinha um tumor neuroend\u00f3crino crescendo no p\u00e2ncreas \u2013 uma forma rara da doen\u00e7a que pode crescer em qualquer lugar.<\/p>\n<p>Esse tipo de c\u00e2ncer afeta apenas quatro em cada 100.000 adultos a cada ano. \u00c9 mais comum em pessoas com idade entre 50 e 60 anos e muitas vezes n\u00e3o apresenta sintomas no in\u00edcio.<\/p>\n<p>No caso de Alex, por conta da posi\u00e7\u00e3o do tumor, os sintomas foram observado em outras partes do corpo, permitindo que o problema fosse detectado.<\/p>\n<h2>O que explica a coceira intensa?<\/h2>\n<p>O tumor passou a bloquear o ducto biliar, impedindo a excre\u00e7\u00e3o da bile. Isso comprometia a corrente sangu\u00ednea, causando coceira intensa.<\/p>\n<p>Em outubro, Alex foi submetido a uma opera\u00e7\u00e3o de oito horas para remover o tumor, bem como a cabe\u00e7a do <a href=\"https:\/\/catracalivre.com.br\/saude-bem-estar\/dois-sintomas-silenciosos-de-cancer-de-pancreas\/\">p\u00e2ncreas<\/a>, a primeira parte do intestino delgado, a ves\u00edcula biliar e o ducto biliar.<\/p>\n<p>Agora, ele\u00a0foi liberado e est\u00e1 se preparando para voltar ao trabalho.<\/p>\n<h2>Tumor neuroend\u00f3crino<\/h2>\n<p>Os tumores neuroend\u00f3crinos s\u00e3o raros e podem ser encontrados na maioria dos \u00f3rg\u00e3os, inclusive pulm\u00f5es e p\u00e2ncreas.<\/p>\n<p>Os sintomas de um tumor neuroend\u00f3crino dependem de onde ele est\u00e1 no corpo e dos horm\u00f4nios que produz.<\/p>\n<p>Por exemplo, um tumor no sistema digestivo (tumor neuroend\u00f3crino gastrointestinal) pode causar diarreia, pris\u00e3o de ventre ou dores de barriga.<\/p>\n<p>Um tumor no pulm\u00e3o (tumor neuroend\u00f3crino pulmonar) pode causar respira\u00e7\u00e3o ofegante ou tosse persistente.<\/p>\n<p>Alguns tumores podem levar \u00e0 libera\u00e7\u00e3o de quantidades anormalmente grandes de horm\u00f4nios na corrente sangu\u00ednea.<\/p>\n<p>Estes s\u00e3o conhecidos como \u2018tumores funcionais\u2019 e podem causar sintomas como diarreia, rubor, c\u00f3licas, respira\u00e7\u00e3o ofegante, n\u00edveis baixos de a\u00e7\u00facar no sangue (hipoglicemia), altera\u00e7\u00f5es na press\u00e3o arterial e problemas card\u00edacos.<\/p>\n<\/div>\n<p><script>\n\t\t! function(f, b, e, v, n, t, s) {\n\t\t\tif (f.fbq) return;\n\t\t\tn = f.fbq = function() {\n\t\t\t\tn.callMethod ?\n\t\t\t\t\tn.callMethod.apply(n, arguments) : n.queue.push(arguments)\n\t\t\t};\n\t\t\tif (!f._fbq) f._fbq = n;\n\t\t\tn.push = n;\n\t\t\tn.loaded = !0;\n\t\t\tn.version = '2.0';\n\t\t\tn.queue = [];\n\t\t\tt = b.createElement(e);\n\t\t\tt.async = !0;\n\t\t\tt.src = v;\n\t\t\ts = b.getElementsByTagName(e)[0];\n\t\t\ts.parentNode.insertBefore(t, s)\n\t\t}(window, document, 'script',\n\t\t\t'https:\/\/connect.facebook.net\/en_US\/fbevents.js');\n\t\tfbq('init', '338315473262380');\n\t\tfbq('track', 'PageView');\n\t<\/script><br \/>\n<br \/><br \/>\n<br \/><a href=\"https:\/\/catracalivre.com.br\/saude-bem-estar\/sintomas-de-cancer-raro-em-jovem-foi-confundido-com-alergia\/\">Source link <\/a><\/p>\n<!-- CONTENT END 1 -->\n","protected":false},"excerpt":{"rendered":"<p>O c\u00e2ncer\u00a0raro de um jovem\u00a0foi inicialmente confundido com uma alergia depois que ele sentiu uma coceira intensa. Alex Watson, 34 anos, recebeu prescri\u00e7\u00e3o de cremes&#8230;<\/p>\n","protected":false},"author":1,"featured_media":9295,"comment_status":"open","ping_status":"open","sticky":false,"template":"","format":"standard","meta":{"advanced_seo_description":"","jetpack_seo_html_title":"","jetpack_seo_noindex":false,"jetpack_post_was_ever_published":false,"_jetpack_newsletter_access":"","_jetpack_dont_email_post_to_subs":false,"_jetpack_newsletter_tier_id":0,"_jetpack_memberships_contains_paywalled_content":false,"_jetpack_memberships_contains_paid_content":false,"footnotes":"","jetpack_publicize_message":"","jetpack_publicize_feature_enabled":true,"jetpack_social_post_already_shared":true,"jetpack_social_options":{"image_generator_settings":{"template":"highway","default_image_id":0,"font":"","enabled":false},"version":2}},"categories":[19],"tags":[],"class_list":["post-9294","post","type-post","status-publish","format-standard","has-post-thumbnail","hentry","category-variedades"],"jetpack_publicize_connections":[],"jetpack_featured_media_url":"https:\/\/i0.wp.com\/noticiasribeiraopreto.com.br\/wp-content\/uploads\/2023\/12\/cancer-alergia.png?fit=1200%2C638&ssl=1","jetpack-related-posts":[{"id":13237,"url":"https:\/\/noticiasribeiraopreto.com.br\/index.php\/2023\/12\/09\/alergia-ao-calor-quais-os-sintomas-causas-e-tratamento-meu-valor-digital\/","url_meta":{"origin":9294,"position":0},"title":"Alergia ao calor: quais os sintomas, causas, e tratamento &#8211; Meu Valor Digital","author":"noticiasribeiraopreto.com.br","date":"9 de December de 2023","format":false,"excerpt":"Muitas pessoas podem achar estranho algu\u00e9m ter alergia ao calor. Mas por incr\u00edvel que possa parecer, isso pode acontecer. Para muita gente, calor significa ver\u00e3o, sol, calor, natureza, \u00e1gua e roupa fresca! Ir \u00e0 praia, piscina, clubes e etc. O sol \u00e9 uma \u00f3tima fonte para suprir a car\u00eancia da\u2026","rel":"","context":"In &quot;Vagas de Emprego em Ribeir\u00e3o Preto-SP&quot;","block_context":{"text":"Vagas de Emprego em Ribeir\u00e3o Preto-SP","link":"https:\/\/noticiasribeiraopreto.com.br\/index.php\/category\/empregos-classificados-vagas-trabalho\/vagas-de-empregos-em-ribeirao-preto-regiao-brasil\/"},"img":{"alt_text":"","src":"https:\/\/i0.wp.com\/noticiasribeiraopreto.com.br\/wp-content\/uploads\/2023\/12\/Alergia-ao-calor.jpg?fit=1200%2C774&ssl=1&resize=350%2C200","width":350,"height":200,"srcset":"https:\/\/i0.wp.com\/noticiasribeiraopreto.com.br\/wp-content\/uploads\/2023\/12\/Alergia-ao-calor.jpg?fit=1200%2C774&ssl=1&resize=350%2C200 1x, https:\/\/i0.wp.com\/noticiasribeiraopreto.com.br\/wp-content\/uploads\/2023\/12\/Alergia-ao-calor.jpg?fit=1200%2C774&ssl=1&resize=525%2C300 1.5x, https:\/\/i0.wp.com\/noticiasribeiraopreto.com.br\/wp-content\/uploads\/2023\/12\/Alergia-ao-calor.jpg?fit=1200%2C774&ssl=1&resize=700%2C400 2x, https:\/\/i0.wp.com\/noticiasribeiraopreto.com.br\/wp-content\/uploads\/2023\/12\/Alergia-ao-calor.jpg?fit=1200%2C774&ssl=1&resize=1050%2C600 3x"},"classes":[]},{"id":72505,"url":"https:\/\/noticiasribeiraopreto.com.br\/index.php\/2025\/06\/17\/jornal-da-franca-poeira-e-uma-inimiga-dentro-de-casa-mas-e-facil-acabar-com-essa-praga-veja-como\/","url_meta":{"origin":9294,"position":1},"title":"Jornal da Franca &#8211; Poeira \u00e9 uma inimiga dentro de casa; mas \u00e9 f\u00e1cil acabar com essa \u201cpraga\u201d. Veja como","author":"noticiasribeiraopreto.com.br","date":"17 de June de 2025","format":false,"excerpt":"compartilhar no whatsapp compartilhar no telegram compartilhar no facebook compartilhar no linkedin Dicas simples podem ajudar no combate \u00e0 poeira em casa A alergia \u00e0 poeira ocorre principalmente por causa da rea\u00e7\u00e3o al\u00e9rgica provocada pelos \u00e1caros, que s\u00e3o pequenos bichos que podem ficar acumulados nos tapetes, cortinas e cama. Ela\u2026","rel":"","context":"In &quot;Not\u00edcias de Franca-SP&quot;","block_context":{"text":"Not\u00edcias de Franca-SP","link":"https:\/\/noticiasribeiraopreto.com.br\/index.php\/category\/noticias-de-ribeirao-preto-sp-e-regiao-ismael-colosi\/noticias-franca-sp\/"},"img":{"alt_text":"","src":"https:\/\/i0.wp.com\/noticiasribeiraopreto.com.br\/wp-content\/uploads\/2025\/06\/IMG-20231228-WA0019.jpg?fit=1200%2C801&ssl=1&resize=350%2C200","width":350,"height":200,"srcset":"https:\/\/i0.wp.com\/noticiasribeiraopreto.com.br\/wp-content\/uploads\/2025\/06\/IMG-20231228-WA0019.jpg?fit=1200%2C801&ssl=1&resize=350%2C200 1x, https:\/\/i0.wp.com\/noticiasribeiraopreto.com.br\/wp-content\/uploads\/2025\/06\/IMG-20231228-WA0019.jpg?fit=1200%2C801&ssl=1&resize=525%2C300 1.5x, https:\/\/i0.wp.com\/noticiasribeiraopreto.com.br\/wp-content\/uploads\/2025\/06\/IMG-20231228-WA0019.jpg?fit=1200%2C801&ssl=1&resize=700%2C400 2x, https:\/\/i0.wp.com\/noticiasribeiraopreto.com.br\/wp-content\/uploads\/2025\/06\/IMG-20231228-WA0019.jpg?fit=1200%2C801&ssl=1&resize=1050%2C600 3x"},"classes":[]},{"id":66319,"url":"https:\/\/noticiasribeiraopreto.com.br\/index.php\/2025\/03\/30\/jornal-da-franca-voce-conhece-os-acaros-esse-inimigo-da-saude-dos-humanos-pode-estar-perto-de-voce\/","url_meta":{"origin":9294,"position":2},"title":"Jornal da Franca &#8211; Voc\u00ea conhece os \u00e1caros? Esse inimigo da sa\u00fade dos humanos pode estar perto de voc\u00ea!","author":"noticiasribeiraopreto.com.br","date":"30 de March de 2025","format":false,"excerpt":"compartilhar no whatsapp compartilhar no telegram compartilhar no facebook compartilhar no linkedin H\u00e1 formas muito pr\u00e1ticas de se combater esses indesejados visitantes Espirros, tosses, coceira no nariz, olhos lacrimejando, incha\u00e7o na p\u00e1lpebra. Esses s\u00e3o alguns sintomas das alergias respirat\u00f3rias, muito comuns em certos per\u00edodos do ano. Quem tem alguma alergia\u2026","rel":"","context":"In &quot;Not\u00edcias de Franca-SP&quot;","block_context":{"text":"Not\u00edcias de Franca-SP","link":"https:\/\/noticiasribeiraopreto.com.br\/index.php\/category\/noticias-de-ribeirao-preto-sp-e-regiao-ismael-colosi\/noticias-franca-sp\/"},"img":{"alt_text":"","src":"https:\/\/i0.wp.com\/noticiasribeiraopreto.com.br\/wp-content\/uploads\/2025\/03\/1743387394_pLENARIO-4.jpg?fit=1000%2C669&ssl=1&resize=350%2C200","width":350,"height":200,"srcset":"https:\/\/i0.wp.com\/noticiasribeiraopreto.com.br\/wp-content\/uploads\/2025\/03\/1743387394_pLENARIO-4.jpg?fit=1000%2C669&ssl=1&resize=350%2C200 1x, https:\/\/i0.wp.com\/noticiasribeiraopreto.com.br\/wp-content\/uploads\/2025\/03\/1743387394_pLENARIO-4.jpg?fit=1000%2C669&ssl=1&resize=525%2C300 1.5x, https:\/\/i0.wp.com\/noticiasribeiraopreto.com.br\/wp-content\/uploads\/2025\/03\/1743387394_pLENARIO-4.jpg?fit=1000%2C669&ssl=1&resize=700%2C400 2x"},"classes":[]},{"id":20876,"url":"https:\/\/noticiasribeiraopreto.com.br\/index.php\/2023\/12\/26\/sintomas-de-cancer-que-podem-ser-confundidos-com-resfriado\/","url_meta":{"origin":9294,"position":3},"title":"Sintomas de c\u00e2ncer que podem ser confundidos com resfriado","author":"noticiasribeiraopreto.com.br","date":"26 de December de 2023","format":false,"excerpt":"Os sintomas do c\u00e2ncer nem sempre s\u00e3o f\u00e1ceis de detectar. Outras vezes, podem ser confundidos com condi\u00e7\u00f5es mais simples, como resfriado e outras infe\u00e7\u00f5es virais. A institui\u00e7\u00e3o Cancer Research listou os sintomas de c\u00e2ncer que podem ser confundidos com resfriado. Cr\u00e9ditos: vitanovski\/DepositPhotosSe esses sintomas persistirem por um per\u00edodo prolongado, \u00e9\u2026","rel":"","context":"In &quot;Variedades&quot;","block_context":{"text":"Variedades","link":"https:\/\/noticiasribeiraopreto.com.br\/index.php\/category\/variedades\/"},"img":{"alt_text":"","src":"https:\/\/i0.wp.com\/noticiasribeiraopreto.com.br\/wp-content\/uploads\/2023\/12\/1703622349_depositphotos-26822335-xl-scaled.jpg?fit=1200%2C638&ssl=1&resize=350%2C200","width":350,"height":200,"srcset":"https:\/\/i0.wp.com\/noticiasribeiraopreto.com.br\/wp-content\/uploads\/2023\/12\/1703622349_depositphotos-26822335-xl-scaled.jpg?fit=1200%2C638&ssl=1&resize=350%2C200 1x, https:\/\/i0.wp.com\/noticiasribeiraopreto.com.br\/wp-content\/uploads\/2023\/12\/1703622349_depositphotos-26822335-xl-scaled.jpg?fit=1200%2C638&ssl=1&resize=525%2C300 1.5x, https:\/\/i0.wp.com\/noticiasribeiraopreto.com.br\/wp-content\/uploads\/2023\/12\/1703622349_depositphotos-26822335-xl-scaled.jpg?fit=1200%2C638&ssl=1&resize=700%2C400 2x, https:\/\/i0.wp.com\/noticiasribeiraopreto.com.br\/wp-content\/uploads\/2023\/12\/1703622349_depositphotos-26822335-xl-scaled.jpg?fit=1200%2C638&ssl=1&resize=1050%2C600 3x"},"classes":[]},{"id":71672,"url":"https:\/\/noticiasribeiraopreto.com.br\/index.php\/2025\/06\/08\/jornal-da-franca-frutos-do-mar-por-que-tanta-gente-tem-alergia-a-eles\/","url_meta":{"origin":9294,"position":4},"title":"Jornal da Franca &#8211; Frutos do mar: por que tanta gente tem alergia a eles?","author":"noticiasribeiraopreto.com.br","date":"8 de June de 2025","format":false,"excerpt":"compartilhar no whatsapp compartilhar no telegram compartilhar no facebook compartilhar no linkedin Mas, afinal, por que os frutos do mar s\u00e3o fonte de alergia para tantas pessoas? A resposta est\u00e1 em uma subst\u00e2ncia que eles possuem Frutos do mar podem causar rea\u00e7\u00f5es muito graves em quem tem alergia a esse\u2026","rel":"","context":"In &quot;Not\u00edcias de Franca-SP&quot;","block_context":{"text":"Not\u00edcias de Franca-SP","link":"https:\/\/noticiasribeiraopreto.com.br\/index.php\/category\/noticias-de-ribeirao-preto-sp-e-regiao-ismael-colosi\/noticias-franca-sp\/"},"img":{"alt_text":"","src":"https:\/\/i0.wp.com\/noticiasribeiraopreto.com.br\/wp-content\/uploads\/2025\/06\/frutos-do-mar-scaled.jpg?fit=1200%2C1019&ssl=1&resize=350%2C200","width":350,"height":200,"srcset":"https:\/\/i0.wp.com\/noticiasribeiraopreto.com.br\/wp-content\/uploads\/2025\/06\/frutos-do-mar-scaled.jpg?fit=1200%2C1019&ssl=1&resize=350%2C200 1x, https:\/\/i0.wp.com\/noticiasribeiraopreto.com.br\/wp-content\/uploads\/2025\/06\/frutos-do-mar-scaled.jpg?fit=1200%2C1019&ssl=1&resize=525%2C300 1.5x, https:\/\/i0.wp.com\/noticiasribeiraopreto.com.br\/wp-content\/uploads\/2025\/06\/frutos-do-mar-scaled.jpg?fit=1200%2C1019&ssl=1&resize=700%2C400 2x, https:\/\/i0.wp.com\/noticiasribeiraopreto.com.br\/wp-content\/uploads\/2025\/06\/frutos-do-mar-scaled.jpg?fit=1200%2C1019&ssl=1&resize=1050%2C600 3x"},"classes":[]},{"id":7562,"url":"https:\/\/noticiasribeiraopreto.com.br\/index.php\/2023\/11\/28\/harvard-aponta-para-causa-ate-entao-desconhecida-da-coceira\/","url_meta":{"origin":9294,"position":5},"title":"Harvard aponta para causa at\u00e9 ent\u00e3o desconhecida da coceira","author":"noticiasribeiraopreto.com.br","date":"28 de November de 2023","format":false,"excerpt":"Um estudo realizado por cientistas da Harvard Medical School demonstrou pela primeira vez que uma bact\u00e9ria comum da pele \u2013 Staphylococcus aureus \u2013 pode despertar a coceira na pele ao agir diretamente nas c\u00e9lulas nervosas. As descobertas foram feita a partir de experimentos em em ratos e em c\u00e9lulas humanas\u2026","rel":"","context":"In &quot;Variedades&quot;","block_context":{"text":"Variedades","link":"https:\/\/noticiasribeiraopreto.com.br\/index.php\/category\/variedades\/"},"img":{"alt_text":"","src":"https:\/\/i0.wp.com\/noticiasribeiraopreto.com.br\/wp-content\/uploads\/2023\/11\/istock-1433243042-scaled.jpg?fit=1200%2C638&ssl=1&resize=350%2C200","width":350,"height":200,"srcset":"https:\/\/i0.wp.com\/noticiasribeiraopreto.com.br\/wp-content\/uploads\/2023\/11\/istock-1433243042-scaled.jpg?fit=1200%2C638&ssl=1&resize=350%2C200 1x, https:\/\/i0.wp.com\/noticiasribeiraopreto.com.br\/wp-content\/uploads\/2023\/11\/istock-1433243042-scaled.jpg?fit=1200%2C638&ssl=1&resize=525%2C300 1.5x, https:\/\/i0.wp.com\/noticiasribeiraopreto.com.br\/wp-content\/uploads\/2023\/11\/istock-1433243042-scaled.jpg?fit=1200%2C638&ssl=1&resize=700%2C400 2x, https:\/\/i0.wp.com\/noticiasribeiraopreto.com.br\/wp-content\/uploads\/2023\/11\/istock-1433243042-scaled.jpg?fit=1200%2C638&ssl=1&resize=1050%2C600 3x"},"classes":[]}],"jetpack_sharing_enabled":true,"jetpack_shortlink":"https:\/\/wp.me\/peQAOb-2pU","_links":{"self":[{"href":"https:\/\/noticiasribeiraopreto.com.br\/index.php\/wp-json\/wp\/v2\/posts\/9294","targetHints":{"allow":["GET"]}}],"collection":[{"href":"https:\/\/noticiasribeiraopreto.com.br\/index.php\/wp-json\/wp\/v2\/posts"}],"about":[{"href":"https:\/\/noticiasribeiraopreto.com.br\/index.php\/wp-json\/wp\/v2\/types\/post"}],"author":[{"embeddable":true,"href":"https:\/\/noticiasribeiraopreto.com.br\/index.php\/wp-json\/wp\/v2\/users\/1"}],"replies":[{"embeddable":true,"href":"https:\/\/noticiasribeiraopreto.com.br\/index.php\/wp-json\/wp\/v2\/comments?post=9294"}],"version-history":[{"count":0,"href":"https:\/\/noticiasribeiraopreto.com.br\/index.php\/wp-json\/wp\/v2\/posts\/9294\/revisions"}],"wp:featuredmedia":[{"embeddable":true,"href":"https:\/\/noticiasribeiraopreto.com.br\/index.php\/wp-json\/wp\/v2\/media\/9295"}],"wp:attachment":[{"href":"https:\/\/noticiasribeiraopreto.com.br\/index.php\/wp-json\/wp\/v2\/media?parent=9294"}],"wp:term":[{"taxonomy":"category","embeddable":true,"href":"https:\/\/noticiasribeiraopreto.com.br\/index.php\/wp-json\/wp\/v2\/categories?post=9294"},{"taxonomy":"post_tag","embeddable":true,"href":"https:\/\/noticiasribeiraopreto.com.br\/index.php\/wp-json\/wp\/v2\/tags?post=9294"}],"curies":[{"name":"wp","href":"https:\/\/api.w.org\/{rel}","templated":true}]}}