{"id":9302,"date":"2023-12-01T20:55:11","date_gmt":"2023-12-01T23:55:11","guid":{"rendered":"https:\/\/noticiasribeiraopreto.com.br\/index.php\/2023\/12\/01\/estudo-descobre-alimento-que-reduz-risco-de-cancer-de-intestino\/"},"modified":"2023-12-01T20:55:11","modified_gmt":"2023-12-01T23:55:11","slug":"estudo-descobre-alimento-que-reduz-risco-de-cancer-de-intestino","status":"publish","type":"post","link":"https:\/\/noticiasribeiraopreto.com.br\/index.php\/2023\/12\/01\/estudo-descobre-alimento-que-reduz-risco-de-cancer-de-intestino\/","title":{"rendered":"Estudo descobre alimento que reduz risco de c\u00e2ncer de intestino"},"content":{"rendered":"<div class='code-block code-block-1' style='margin: 8px 0 8px auto; text-align: right; display: block; clear: both;'>\n<p><a href=\"https:\/\/wa.link\/vpicfd\"><img data-recalc-dims=\"1\" class=\"wp-image-4922\" style=\"aspect-ratio: 2.0253164556962027; width: 561px; height: auto;\" src=\"https:\/\/i0.wp.com\/ismaelcolosi.com.br\/wp-content\/uploads\/2023\/11\/grupo-de-empregos-whatsapp-e-facebook-ismael-colosi-vagas.jpg?ssl=1\" alt=\"\" \/><\/a><\/p>\n<!-- \/wp:image -->\n<\/div>\n<p> <br \/>\n<\/p>\n<div>\n<p>Existem alimentos naturais que seriam capazes proteger o intestino contra o desenvolvimento de <a href=\"https:\/\/catracalivre.com.br\/saude-bem-estar\/perceba-a-tempo-os-principais-sintomas-do-cancer-de-intestino\/\">c\u00e2ncer<\/a>. A descoberta \u00e9 de um estudo da\u00a0Escola de Sa\u00fade P\u00fablica\u00a0do Imperial College London.<\/p>\n<p>De acordo com os pesquisadores, as pessoas poderiam reduzir em 7% as chances de ter a doen\u00e7a de consumissem mais folhas verdes, como espinafre, repolho e br\u00f3colis.<\/p>\n<p>O estudo, que \u00e9 o maior desse tipo, descobriu que aumentar o <a href=\"https:\/\/catracalivre.com.br\/saude-bem-estar\/deficiencia-de-vitamina-pode-causar-cancer-diz-estudo\/\">folato<\/a> presente nesses alimentos \u00e9 o que confere a prote\u00e7\u00e3o.<\/p>\n<div id=\"attachment_2298628\" class=\"wp-caption alignnone\">\n<div class=\"d-flex justify-content-center\" data-attachment-id=\"2298628\">\n<div class=\"position-relative d-inline-block\"><img data-recalc-dims=\"1\" data-portal-copyright=\"Tharakorn\/istock\" fetchpriority=\"high\" decoding=\"async\" class=\"wp-image-2298628 size-large\" src=\"https:\/\/i0.wp.com\/catracalivre.com.br\/wp-content\/uploads\/2023\/09\/istock-965541350-910x607.jpg?resize=910%2C607&#038;ssl=1\" alt=\"Folato, presente em alguns alimentos, pode reduzir o risco de c\u00e2ncer de intestino\" width=\"910\" height=\"607\" srcset=\"https:\/\/catracalivre.com.br\/wp-content\/uploads\/2023\/09\/istock-965541350-910x607.jpg 910w, https:\/\/catracalivre.com.br\/wp-content\/uploads\/2023\/09\/istock-965541350-450x300.jpg 450w, https:\/\/catracalivre.com.br\/wp-content\/uploads\/2023\/09\/istock-965541350-768x512.jpg 768w\" sizes=\"(max-width: 910px) 100vw, 910px\"\/><\/p>\n<p>Cr\u00e9ditos: Tharakorn\/istock<\/p>\n<\/div>\n<\/div>\n<p><span class=\"post-imagem__legenda\">Folato, presente em alguns alimentos, pode reduzir o risco de c\u00e2ncer de intestino<\/span><\/p>\n<\/div>\n<h2>Detalhes do estudo<\/h2>\n<p>Os pesquisadores analisaram dados de mais de 70.000 indiv\u00edduos para identificar variantes gen\u00e9ticas que podem modificar a forma como o folato diet\u00e9tico (vitamina B9), suplementos de \u00e1cido f\u00f3lico, e o folato total pode influenciar o risco de <a href=\"https:\/\/catracalivre.com.br\/saude-bem-estar\/estudo-sugere-razao-do-aumento-de-casos-de-cancer-colorretal\/\">c\u00e2ncer colorretal.<\/a><\/p>\n<p>Os resultados mostraram que o risco da doen\u00e7a foram reduzido em 7% por cada 260 microgramas de maior consumo de folato na <a href=\"https:\/\/catracalivre.com.br\/saude-bem-estar\/pesquisadores-sugerem-dieta-que-interrompe-crescimento-do-cancer\/\">dieta<\/a>, o que corresponde a 65% da quantidade di\u00e1ria recomendada (400 microgramas).<\/p>\n<p>Segundo os autores, os resultados apoiam a hip\u00f3tese de que o folato pode ser eficaz na preven\u00e7\u00e3o do c\u00e2ncer de intestino, mesmo em n\u00edveis regulares de ingest\u00e3o que podem ser alcan\u00e7ados atrav\u00e9s da dieta.<\/p>\n<p>O estudo tamb\u00e9m sugere que o folato pode estar influenciando o risco de c\u00e2ncer, incluindo diferentes genes envolvidos na modula\u00e7\u00e3o deste risco.<\/p>\n<p>Outras boas fontes de folato incluem alimentos sementes de girassol, gr\u00e3os integrais, <a href=\"https:\/\/catracalivre.com.br\/equilibre-se\/leguminosas-tem-papel-importante-para-a-saude-veja-receitas\/\">leguminosas<\/a> como gr\u00e3o de bico, lentilha e feij\u00e3o, e frutas, especialmente frutas c\u00edtricas como laranja.<\/p>\n<p>O folato tamb\u00e9m est\u00e1 dispon\u00edvel como suplemento na forma de \u00e1cido f\u00f3lico.<\/p>\n<h2>Import\u00e2ncia do folato no corpo humano<\/h2>\n<p>Algumas das raz\u00f5es pelas quais o folato \u00e9 crucial para a sa\u00fade incluem:<\/p>\n<p><strong>S\u00edntese de DNA e divis\u00e3o celular<\/strong><\/p>\n<p>O folato desempenha um papel fundamental na s\u00edntese de DNA, que \u00e9 crucial para o crescimento e a divis\u00e3o celular. Isso \u00e9 especialmente importante durante per\u00edodos de r\u00e1pido crescimento, como na inf\u00e2ncia, gravidez e reparo de tecidos.<\/p>\n<p><strong>Forma\u00e7\u00e3o de gl\u00f3bulos vermelhos<\/strong><\/p>\n<p>O folato \u00e9 essencial para a matura\u00e7\u00e3o normal das c\u00e9lulas sangu\u00edneas, incluindo os gl\u00f3bulos vermelhos. A defici\u00eancia de folato pode levar \u00e0 anemia megalobl\u00e1stica, na qual os gl\u00f3bulos vermelhos n\u00e3o amadurecem adequadamente e s\u00e3o maiores do que o normal.<\/p>\n<p><strong>Preven\u00e7\u00e3o de defeitos do tubo neural<\/strong><\/p>\n<p>Durante a gravidez, a ingest\u00e3o adequada de folato \u00e9 crucial para prevenir defeitos do tubo neural no feto. Isso inclui condi\u00e7\u00f5es como a espinha b\u00edfida, em que a coluna vertebral do feto n\u00e3o se fecha completamente.<\/p>\n<p><strong>Metabolismo de amino\u00e1cidos<\/strong><\/p>\n<p>O folato est\u00e1 envolvido no metabolismo de certos amino\u00e1cidos, contribuindo para a forma\u00e7\u00e3o de prote\u00ednas no corpo.<\/p>\n<p><strong>Fun\u00e7\u00e3o do sistema nervoso<\/strong><\/p>\n<p>O folato desempenha um papel importante na manuten\u00e7\u00e3o da sa\u00fade do sistema nervoso, pois est\u00e1 envolvido na s\u00edntese de neurotransmissores, subst\u00e2ncias qu\u00edmicas que transmitem sinais entre os nervos.<\/p>\n<\/div>\n<p><script>\n\t\t! function(f, b, e, v, n, t, s) {\n\t\t\tif (f.fbq) return;\n\t\t\tn = f.fbq = function() {\n\t\t\t\tn.callMethod ?\n\t\t\t\t\tn.callMethod.apply(n, arguments) : n.queue.push(arguments)\n\t\t\t};\n\t\t\tif (!f._fbq) f._fbq = n;\n\t\t\tn.push = n;\n\t\t\tn.loaded = !0;\n\t\t\tn.version = '2.0';\n\t\t\tn.queue = [];\n\t\t\tt = b.createElement(e);\n\t\t\tt.async = !0;\n\t\t\tt.src = v;\n\t\t\ts = b.getElementsByTagName(e)[0];\n\t\t\ts.parentNode.insertBefore(t, s)\n\t\t}(window, document, 'script',\n\t\t\t'https:\/\/connect.facebook.net\/en_US\/fbevents.js');\n\t\tfbq('init', '338315473262380');\n\t\tfbq('track', 'PageView');\n\t<\/script><br \/>\n<br \/><br \/>\n<br \/><a href=\"https:\/\/catracalivre.com.br\/saude-bem-estar\/estudo-descobre-alimento-que-reduz-risco-de-cancer-de-intestino\/\">Source link <\/a><\/p>\n<!-- CONTENT END 1 -->\n","protected":false},"excerpt":{"rendered":"<p>Existem alimentos naturais que seriam capazes proteger o intestino contra o desenvolvimento de c\u00e2ncer. A descoberta \u00e9 de um estudo da\u00a0Escola de Sa\u00fade P\u00fablica\u00a0do Imperial&#8230;<\/p>\n","protected":false},"author":1,"featured_media":9303,"comment_status":"open","ping_status":"open","sticky":false,"template":"","format":"standard","meta":{"advanced_seo_description":"","jetpack_seo_html_title":"","jetpack_seo_noindex":false,"jetpack_post_was_ever_published":false,"_jetpack_newsletter_access":"","_jetpack_dont_email_post_to_subs":false,"_jetpack_newsletter_tier_id":0,"_jetpack_memberships_contains_paywalled_content":false,"_jetpack_memberships_contains_paid_content":false,"footnotes":"","jetpack_publicize_message":"","jetpack_publicize_feature_enabled":true,"jetpack_social_post_already_shared":true,"jetpack_social_options":{"image_generator_settings":{"template":"highway","default_image_id":0,"font":"","enabled":false},"version":2}},"categories":[19],"tags":[],"class_list":["post-9302","post","type-post","status-publish","format-standard","has-post-thumbnail","hentry","category-variedades"],"jetpack_publicize_connections":[],"jetpack_featured_media_url":"https:\/\/i0.wp.com\/noticiasribeiraopreto.com.br\/wp-content\/uploads\/2023\/12\/istock-965541350.jpg?fit=1200%2C638&ssl=1","jetpack-related-posts":[{"id":19615,"url":"https:\/\/noticiasribeiraopreto.com.br\/index.php\/2023\/12\/22\/estudo-indica-quais-alimentos-elevam-risco-de-cancer-de-intestino\/","url_meta":{"origin":9302,"position":0},"title":"Estudo indica quais alimentos elevam risco de c\u00e2ncer de intestino","author":"noticiasribeiraopreto.com.br","date":"22 de December de 2023","format":false,"excerpt":"Para a preven\u00e7\u00e3o do c\u00e2ncer do intestino, o conhecimento sobre quais alimentos est\u00e3o associados a um maior risco de sua ocorr\u00eancia \u00e9 vital. Segundo dados do Instituto Nacional de C\u00e2ncer (INCA), o c\u00e2ncer de intestino \u00e9 o terceiro mais frequente entre os homens e o segundo entre as mulheres, superado\u2026","rel":"","context":"In &quot;Variedades&quot;","block_context":{"text":"Variedades","link":"https:\/\/noticiasribeiraopreto.com.br\/index.php\/category\/variedades\/"},"img":{"alt_text":"","src":"https:\/\/i0.wp.com\/noticiasribeiraopreto.com.br\/wp-content\/uploads\/2023\/12\/istock-1499888697.jpg?fit=1200%2C638&ssl=1&resize=350%2C200","width":350,"height":200,"srcset":"https:\/\/i0.wp.com\/noticiasribeiraopreto.com.br\/wp-content\/uploads\/2023\/12\/istock-1499888697.jpg?fit=1200%2C638&ssl=1&resize=350%2C200 1x, https:\/\/i0.wp.com\/noticiasribeiraopreto.com.br\/wp-content\/uploads\/2023\/12\/istock-1499888697.jpg?fit=1200%2C638&ssl=1&resize=525%2C300 1.5x, https:\/\/i0.wp.com\/noticiasribeiraopreto.com.br\/wp-content\/uploads\/2023\/12\/istock-1499888697.jpg?fit=1200%2C638&ssl=1&resize=700%2C400 2x, https:\/\/i0.wp.com\/noticiasribeiraopreto.com.br\/wp-content\/uploads\/2023\/12\/istock-1499888697.jpg?fit=1200%2C638&ssl=1&resize=1050%2C600 3x"},"classes":[]},{"id":14988,"url":"https:\/\/noticiasribeiraopreto.com.br\/index.php\/2023\/12\/12\/estudo-elege-alimento-que-reduz-risco-de-cancer-de-intestino-veja-qual\/","url_meta":{"origin":9302,"position":1},"title":"Estudo elege alimento que reduz risco de c\u00e2ncer de intestino; veja qual","author":"noticiasribeiraopreto.com.br","date":"12 de December de 2023","format":false,"excerpt":"Folato pode diminuir o risco de c\u00e2ncer de intestino em at\u00e9 7% Um novo estudo revela a rela\u00e7\u00e3o entre o consumo de folato, ou vitamina B9, e uma diminui\u00e7\u00e3o no risco de desenvolver c\u00e2ncer de intestino. De acordo com a pesquisa, realizar uma dieta rica em folato ou tomar suplementos\u2026","rel":"","context":"In &quot;Variedades&quot;","block_context":{"text":"Variedades","link":"https:\/\/noticiasribeiraopreto.com.br\/index.php\/category\/variedades\/"},"img":{"alt_text":"","src":"https:\/\/i0.wp.com\/noticiasribeiraopreto.com.br\/wp-content\/uploads\/2023\/12\/depositphotos-153325450-xl-scaled-e1702409621481.jpg?fit=1200%2C638&ssl=1&resize=350%2C200","width":350,"height":200,"srcset":"https:\/\/i0.wp.com\/noticiasribeiraopreto.com.br\/wp-content\/uploads\/2023\/12\/depositphotos-153325450-xl-scaled-e1702409621481.jpg?fit=1200%2C638&ssl=1&resize=350%2C200 1x, https:\/\/i0.wp.com\/noticiasribeiraopreto.com.br\/wp-content\/uploads\/2023\/12\/depositphotos-153325450-xl-scaled-e1702409621481.jpg?fit=1200%2C638&ssl=1&resize=525%2C300 1.5x, https:\/\/i0.wp.com\/noticiasribeiraopreto.com.br\/wp-content\/uploads\/2023\/12\/depositphotos-153325450-xl-scaled-e1702409621481.jpg?fit=1200%2C638&ssl=1&resize=700%2C400 2x, https:\/\/i0.wp.com\/noticiasribeiraopreto.com.br\/wp-content\/uploads\/2023\/12\/depositphotos-153325450-xl-scaled-e1702409621481.jpg?fit=1200%2C638&ssl=1&resize=1050%2C600 3x"},"classes":[]},{"id":13677,"url":"https:\/\/noticiasribeiraopreto.com.br\/index.php\/2023\/12\/10\/deficiencia-de-vitamina-aumenta-risco-de-cancer-alertam-especialistas\/","url_meta":{"origin":9302,"position":2},"title":"Defici\u00eancia de vitamina aumenta risco de c\u00e2ncer, alertam especialistas","author":"noticiasribeiraopreto.com.br","date":"10 de December de 2023","format":false,"excerpt":"Cr\u00e9ditos: Getty ImagesEntenda por que defici\u00eancia de vitamina est\u00e1 relacionada a diagn\u00f3stico de c\u00e2ncer de intestino \u2013 iStock\/Getty Images Pesquisas recentes destacam que a car\u00eancia de \u00e1cido f\u00f3lico, conhecido tamb\u00e9m como vitamina B9, pode ter consequ\u00eancias ainda mais not\u00e1veis, incluindo um potencial aumento no risco de se desenvolver c\u00e2ncer de\u2026","rel":"","context":"In &quot;Variedades&quot;","block_context":{"text":"Variedades","link":"https:\/\/noticiasribeiraopreto.com.br\/index.php\/category\/variedades\/"},"img":{"alt_text":"","src":"https:\/\/i0.wp.com\/noticiasribeiraopreto.com.br\/wp-content\/uploads\/2023\/12\/istock-1074199182.jpg?fit=1200%2C638&ssl=1&resize=350%2C200","width":350,"height":200,"srcset":"https:\/\/i0.wp.com\/noticiasribeiraopreto.com.br\/wp-content\/uploads\/2023\/12\/istock-1074199182.jpg?fit=1200%2C638&ssl=1&resize=350%2C200 1x, https:\/\/i0.wp.com\/noticiasribeiraopreto.com.br\/wp-content\/uploads\/2023\/12\/istock-1074199182.jpg?fit=1200%2C638&ssl=1&resize=525%2C300 1.5x, https:\/\/i0.wp.com\/noticiasribeiraopreto.com.br\/wp-content\/uploads\/2023\/12\/istock-1074199182.jpg?fit=1200%2C638&ssl=1&resize=700%2C400 2x, https:\/\/i0.wp.com\/noticiasribeiraopreto.com.br\/wp-content\/uploads\/2023\/12\/istock-1074199182.jpg?fit=1200%2C638&ssl=1&resize=1050%2C600 3x"},"classes":[]},{"id":13614,"url":"https:\/\/noticiasribeiraopreto.com.br\/index.php\/2023\/12\/10\/por-que-este-alimento-reduz-o-risco-de-cancer-de-intestino\/","url_meta":{"origin":9302,"position":3},"title":"Por que este alimento reduz o risco de c\u00e2ncer de intestino?","author":"noticiasribeiraopreto.com.br","date":"10 de December de 2023","format":false,"excerpt":"Cr\u00e9ditos: Getty Images\/iStockphotoSegundo especialistas, alimento cumpre papel vital no processo de preven\u00e7\u00e3o do c\u00e2ncer de intestino \u2013 iStock\/Getty Images Para alcan\u00e7ar os nutrientes necess\u00e1rios para uma vida saud\u00e1vel e manuten\u00e7\u00e3o do bem-estar, garantir uma alimenta\u00e7\u00e3o equilibrada \u00e9 fundamental para a sa\u00fade do corpo. H\u00e1, contudo, algumas op\u00e7\u00f5es \u00e0 mesa com\u2026","rel":"","context":"In &quot;Variedades&quot;","block_context":{"text":"Variedades","link":"https:\/\/noticiasribeiraopreto.com.br\/index.php\/category\/variedades\/"},"img":{"alt_text":"","src":"https:\/\/i0.wp.com\/noticiasribeiraopreto.com.br\/wp-content\/uploads\/2023\/12\/istock-1464116342.jpg?fit=1200%2C638&ssl=1&resize=350%2C200","width":350,"height":200,"srcset":"https:\/\/i0.wp.com\/noticiasribeiraopreto.com.br\/wp-content\/uploads\/2023\/12\/istock-1464116342.jpg?fit=1200%2C638&ssl=1&resize=350%2C200 1x, https:\/\/i0.wp.com\/noticiasribeiraopreto.com.br\/wp-content\/uploads\/2023\/12\/istock-1464116342.jpg?fit=1200%2C638&ssl=1&resize=525%2C300 1.5x, https:\/\/i0.wp.com\/noticiasribeiraopreto.com.br\/wp-content\/uploads\/2023\/12\/istock-1464116342.jpg?fit=1200%2C638&ssl=1&resize=700%2C400 2x, https:\/\/i0.wp.com\/noticiasribeiraopreto.com.br\/wp-content\/uploads\/2023\/12\/istock-1464116342.jpg?fit=1200%2C638&ssl=1&resize=1050%2C600 3x"},"classes":[]},{"id":9711,"url":"https:\/\/noticiasribeiraopreto.com.br\/index.php\/2023\/12\/02\/vitamina-b9-pode-reduzir-ate-7-o-risco-de-cancer-de-intestino\/","url_meta":{"origin":9302,"position":4},"title":"Vitamina B9 pode reduzir at\u00e9 7% o risco de c\u00e2ncer de intestino","author":"noticiasribeiraopreto.com.br","date":"2 de December de 2023","format":false,"excerpt":"Um recente estudo publicado na conceituada revista cient\u00edfica The American Journal of Clinical Nutrition, realizado por pesquisadores do Imperial College London, trouxe uma nova luz sobre a preven\u00e7\u00e3o do c\u00e2ncer de intestino. Cr\u00e9ditos: DepositphotosVitamina B9 pode reduzir at\u00e9 7% o risco de c\u00e2ncer de intestino Vitamina B9 pode reduzir at\u00e9\u2026","rel":"","context":"In &quot;Variedades&quot;","block_context":{"text":"Variedades","link":"https:\/\/noticiasribeiraopreto.com.br\/index.php\/category\/variedades\/"},"img":{"alt_text":"","src":"https:\/\/i0.wp.com\/noticiasribeiraopreto.com.br\/wp-content\/uploads\/2023\/12\/depositphotos-266314614-l.jpg?fit=1200%2C638&ssl=1&resize=350%2C200","width":350,"height":200,"srcset":"https:\/\/i0.wp.com\/noticiasribeiraopreto.com.br\/wp-content\/uploads\/2023\/12\/depositphotos-266314614-l.jpg?fit=1200%2C638&ssl=1&resize=350%2C200 1x, https:\/\/i0.wp.com\/noticiasribeiraopreto.com.br\/wp-content\/uploads\/2023\/12\/depositphotos-266314614-l.jpg?fit=1200%2C638&ssl=1&resize=525%2C300 1.5x, https:\/\/i0.wp.com\/noticiasribeiraopreto.com.br\/wp-content\/uploads\/2023\/12\/depositphotos-266314614-l.jpg?fit=1200%2C638&ssl=1&resize=700%2C400 2x, https:\/\/i0.wp.com\/noticiasribeiraopreto.com.br\/wp-content\/uploads\/2023\/12\/depositphotos-266314614-l.jpg?fit=1200%2C638&ssl=1&resize=1050%2C600 3x"},"classes":[]},{"id":6517,"url":"https:\/\/noticiasribeiraopreto.com.br\/index.php\/2023\/11\/26\/ingrediente-comum-no-mercado-pode-causar-cancer-de-figado\/","url_meta":{"origin":9302,"position":5},"title":"Ingrediente comum no mercado pode causar c\u00e2ncer de f\u00edgado","author":"noticiasribeiraopreto.com.br","date":"26 de November de 2023","format":false,"excerpt":"Cr\u00e9ditos: Getty Images\/iStockphotoIngrediente presente em diversos alimentos representa alto risco de c\u00e2ncer de f\u00edgado, segundo especialistas \u2013 iStock\/Getty ImagesGeralmente associada a uma vida saud\u00e1vel, a fibra contribui para o bom funcionamento intestinal e diminui o risco de c\u00e2ncer de intestino. Contudo, especialistas alertam para um tipo de fibra nada ben\u00e9fica\u2026","rel":"","context":"In &quot;Variedades&quot;","block_context":{"text":"Variedades","link":"https:\/\/noticiasribeiraopreto.com.br\/index.php\/category\/variedades\/"},"img":{"alt_text":"","src":"https:\/\/i0.wp.com\/noticiasribeiraopreto.com.br\/wp-content\/uploads\/2023\/11\/istock-509846812.jpg?fit=1200%2C638&ssl=1&resize=350%2C200","width":350,"height":200,"srcset":"https:\/\/i0.wp.com\/noticiasribeiraopreto.com.br\/wp-content\/uploads\/2023\/11\/istock-509846812.jpg?fit=1200%2C638&ssl=1&resize=350%2C200 1x, https:\/\/i0.wp.com\/noticiasribeiraopreto.com.br\/wp-content\/uploads\/2023\/11\/istock-509846812.jpg?fit=1200%2C638&ssl=1&resize=525%2C300 1.5x, https:\/\/i0.wp.com\/noticiasribeiraopreto.com.br\/wp-content\/uploads\/2023\/11\/istock-509846812.jpg?fit=1200%2C638&ssl=1&resize=700%2C400 2x, https:\/\/i0.wp.com\/noticiasribeiraopreto.com.br\/wp-content\/uploads\/2023\/11\/istock-509846812.jpg?fit=1200%2C638&ssl=1&resize=1050%2C600 3x"},"classes":[]}],"jetpack_sharing_enabled":true,"jetpack_shortlink":"https:\/\/wp.me\/peQAOb-2q2","_links":{"self":[{"href":"https:\/\/noticiasribeiraopreto.com.br\/index.php\/wp-json\/wp\/v2\/posts\/9302","targetHints":{"allow":["GET"]}}],"collection":[{"href":"https:\/\/noticiasribeiraopreto.com.br\/index.php\/wp-json\/wp\/v2\/posts"}],"about":[{"href":"https:\/\/noticiasribeiraopreto.com.br\/index.php\/wp-json\/wp\/v2\/types\/post"}],"author":[{"embeddable":true,"href":"https:\/\/noticiasribeiraopreto.com.br\/index.php\/wp-json\/wp\/v2\/users\/1"}],"replies":[{"embeddable":true,"href":"https:\/\/noticiasribeiraopreto.com.br\/index.php\/wp-json\/wp\/v2\/comments?post=9302"}],"version-history":[{"count":0,"href":"https:\/\/noticiasribeiraopreto.com.br\/index.php\/wp-json\/wp\/v2\/posts\/9302\/revisions"}],"wp:featuredmedia":[{"embeddable":true,"href":"https:\/\/noticiasribeiraopreto.com.br\/index.php\/wp-json\/wp\/v2\/media\/9303"}],"wp:attachment":[{"href":"https:\/\/noticiasribeiraopreto.com.br\/index.php\/wp-json\/wp\/v2\/media?parent=9302"}],"wp:term":[{"taxonomy":"category","embeddable":true,"href":"https:\/\/noticiasribeiraopreto.com.br\/index.php\/wp-json\/wp\/v2\/categories?post=9302"},{"taxonomy":"post_tag","embeddable":true,"href":"https:\/\/noticiasribeiraopreto.com.br\/index.php\/wp-json\/wp\/v2\/tags?post=9302"}],"curies":[{"name":"wp","href":"https:\/\/api.w.org\/{rel}","templated":true}]}}