{"id":9310,"date":"2023-12-01T21:10:18","date_gmt":"2023-12-02T00:10:18","guid":{"rendered":"https:\/\/noticiasribeiraopreto.com.br\/index.php\/2023\/12\/01\/brasil-deve-ganhar-mais-um-feriado-nacional-em-2024\/"},"modified":"2023-12-01T21:10:18","modified_gmt":"2023-12-02T00:10:18","slug":"brasil-deve-ganhar-mais-um-feriado-nacional-em-2024","status":"publish","type":"post","link":"https:\/\/noticiasribeiraopreto.com.br\/index.php\/2023\/12\/01\/brasil-deve-ganhar-mais-um-feriado-nacional-em-2024\/","title":{"rendered":"Brasil deve ganhar mais um feriado nacional em 2024"},"content":{"rendered":"<div class='code-block code-block-1' style='margin: 8px 0 8px auto; text-align: right; display: block; clear: both;'>\n<p><a href=\"https:\/\/wa.link\/vpicfd\"><img data-recalc-dims=\"1\" class=\"wp-image-4922\" style=\"aspect-ratio: 2.0253164556962027; width: 561px; height: auto;\" src=\"https:\/\/i0.wp.com\/ismaelcolosi.com.br\/wp-content\/uploads\/2023\/11\/grupo-de-empregos-whatsapp-e-facebook-ismael-colosi-vagas.jpg?ssl=1\" alt=\"\" \/><\/a><\/p>\n<!-- \/wp:image -->\n<\/div>\n<p> <br \/>\n<\/p>\n<div>\n<p>A partir de <a href=\"https:\/\/catracalivre.com.br\/viagem-livre\/programe-se-para-viajar-calendario-com-os-feriados-de-2024\/\">2024<\/a>, o Brasil pode ganhar mais um feriado nacional. \u00c9 que na \u00faltima quarta-feira, 29, a C\u00e2mara dos Deputados aprovou o Projeto de Lei (<a href=\"https:\/\/www.camara.leg.br\/proposicoesWeb\/fichadetramitacao?idProposicao=2299903\" target=\"_blank\" rel=\"noopener\">PL 3268\/21<\/a>), que instituiu o 20 de novembro como feriado em celebra\u00e7\u00e3o ao Dia Nacional de Zumbi e da Consci\u00eancia Negra em todo o pa\u00eds.<\/p>\n<p>Para a data virar lei depende apenas da san\u00e7\u00e3o do presidente Luiz In\u00e1cio Lula da Silva (PT).<\/p>\n<div id=\"attachment_2315959\" class=\"wp-caption aligncenter\">\n<div class=\"d-flex justify-content-center\" data-attachment-id=\"2315959\">\n<div class=\"position-relative d-inline-block\"><img data-recalc-dims=\"1\" data-portal-copyright=\"karandaev\/iStock\" fetchpriority=\"high\" decoding=\"async\" class=\"wp-image-2315959 size-large\" src=\"https:\/\/i0.wp.com\/catracalivre.com.br\/wp-content\/uploads\/2023\/12\/feriado-nacional-20-de-novembro-910x607.jpg?resize=910%2C607&#038;ssl=1\" alt=\"C\u00e2mara aprova feriado nacional em 20 de novembro, Dia de Zumbi e da Consci\u00eancia Negra\" width=\"910\" height=\"607\" srcset=\"https:\/\/catracalivre.com.br\/wp-content\/uploads\/2023\/12\/feriado-nacional-20-de-novembro-910x607.jpg 910w, https:\/\/catracalivre.com.br\/wp-content\/uploads\/2023\/12\/feriado-nacional-20-de-novembro-450x300.jpg 450w, https:\/\/catracalivre.com.br\/wp-content\/uploads\/2023\/12\/feriado-nacional-20-de-novembro-768x512.jpg 768w\" sizes=\"(max-width: 910px) 100vw, 910px\"\/><\/p>\n<p>Cr\u00e9ditos: karandaev\/iStock<\/p>\n<\/div>\n<\/div>\n<p><span class=\"post-imagem__legenda\">C\u00e2mara aprova feriado nacional em 20 de novembro, Dia de Zumbi e da Consci\u00eancia Negra<\/span><\/p>\n<\/div>\n<p>No ano que vem, o dia 20 de novembro cai numa quarta-feira, sendo o terceiro feriado no m\u00eas caso o presidente Lula sancione a lei. Os outros dias de folga nacional s\u00e3o 2 de novembro (Finados), que cai num s\u00e1bado, e o dia 15 (Proclama\u00e7\u00e3o da Rep\u00fablica), que ser\u00e1 numa sexta-feira.<\/p>\n<p>De autoria do senador Randolfe Rodrigues (REDE-AP), o PL j\u00e1 havia sido aprovado no Senado em 2021. Os parlamentares, no entanto, decidiram n\u00e3o a transformar em um feriado nacional na ocasi\u00e3o.<\/p>\n<p>O dia 20 de novembro j\u00e1 \u00e9 celebrado como feriado em seis estados, como Rio de Janeiro e S\u00e3o Paulo, e em 1200 cidades.<\/p>\n<h2>Feriado nacional de 20 de novembro<\/h2>\n<p>A data \u00e9 uma homenagem a Zumbi dos Palmares, l\u00edder do Quilombo dos Palmares. No dia 20 de novembro de 1695, Zumbi foi descoberto com 20 companheiros na Serra Dois Irm\u00e3os, no munic\u00edpio de Vi\u00e7osa, em Alagoas, e, como era de se esperar de um chefe guerreiro, morreu em combate.<\/p>\n<p>Sua cabe\u00e7a degolada fora exposta publicamente na cidade do Recife, por ordem do governador de Pernambuco, para servir de exemplo aos escravizados e como prova de que Zumbi n\u00e3o era imortal, tal como se costumava dizer \u00e0quela \u00e9poca.<\/p>\n<p>A hist\u00f3ria de Zumbi dos Palmares, que agora \u00e9 homenageada nacionalmente neste dia, serve como um lembrete de que a resist\u00eancia contra a opress\u00e3o \u00e9 uma parte intr\u00ednseca da identidade afro-brasileira.<\/p>\n<p>\u00c9 daqueles que ama feriados? Ent\u00e3o, prepare-se! O ano de 2023 ainda nem acabou, mas j\u00e1 \u00e9 hora ir planejando aquela escapada nos dias de folga em 2024.<\/p>\n<h3>Feriados nacionais em 2024<\/h3>\n<p>Caso a leia seja sancionada,\u00a0 2024 ter\u00e1 13 feriados nacionais (ou pontos facultativos, como Carnaval e Corpus Christi), sendo que tr\u00eas deles caem num s\u00e1bado e um no domingo.<\/p>\n<div id=\"attachment_2276616\" class=\"wp-caption aligncenter\">\n<div class=\"d-flex justify-content-center\" data-attachment-id=\"2276616\">\n<div class=\"position-relative d-inline-block\"><img data-recalc-dims=\"1\" loading=\"lazy\" data-portal-copyright=\"GoodLifeStudio\/iStock\" decoding=\"async\" class=\"size-large wp-image-2276616\" src=\"https:\/\/i0.wp.com\/catracalivre.com.br\/wp-content\/uploads\/2023\/06\/proximos-feriados-prolongados-para-viajar-ainda-este-ano-910x607.jpg?resize=910%2C607&#038;ssl=1\" alt=\"Confira a lista de feriados prolongados em 2024\" width=\"910\" height=\"607\" srcset=\"https:\/\/catracalivre.com.br\/wp-content\/uploads\/2023\/06\/proximos-feriados-prolongados-para-viajar-ainda-este-ano-910x607.jpg 910w, https:\/\/catracalivre.com.br\/wp-content\/uploads\/2023\/06\/proximos-feriados-prolongados-para-viajar-ainda-este-ano-450x300.jpg 450w, https:\/\/catracalivre.com.br\/wp-content\/uploads\/2023\/06\/proximos-feriados-prolongados-para-viajar-ainda-este-ano-768x512.jpg 768w\" sizes=\"auto, (max-width: 910px) 100vw, 910px\"\/><\/p>\n<p>Cr\u00e9ditos: GoodLifeStudio\/iStock<\/p>\n<\/div>\n<\/div>\n<p><span class=\"post-imagem__legenda\">Confira a lista de feriados prolongados em 2024<\/span><\/p>\n<\/div>\n<p>J\u00e1 quem mora na cidade de S\u00e3o Paulo pode incluir mais <a href=\"https:\/\/catracalivre.com.br\/viagem-livre\/bagagem-de-mao-dicas-imperdiveis-para-montar-mala-compacta\/\">dois dias de \u00f3cio<\/a> no calend\u00e1rio \u201325 de janeiro (anivers\u00e1rio da capital paulista) e 9 de julho (Revolu\u00e7\u00e3o Constitucionalista), quinta e ter\u00e7a, respectivamente.<\/p>\n<h3>Carnaval 2024<\/h3>\n<p>Oficialmente, o Carnaval de 2024 acontece nos dias 10 (s\u00e1bado), 11 (domingo), 12 (segunda-feira) e 13 (ter\u00e7a-feira) de fevereiro. Mas em muitas cidades a folia come\u00e7a ainda em janeiro e s\u00f3 termina dias depois.<\/p>\n<h2>Os feriados nacionais de 2024<\/h2>\n<p>Planejando com anteced\u00eancia a viagem, \u00e9 poss\u00edvel conseguir bons descontos em passagens a\u00e9reas, hospedagem ou at\u00e9 mesmo ao alugar um carro.<\/p>\n<table class=\"interna\" border=\"0\" width=\"600\" cellspacing=\"0\" cellpadding=\"8\" align=\"center\">\n<tbody>\n<tr>\n<td class=\"tabela\" style=\"padding-left: 10px; color: #fff;\" align=\"left\" bgcolor=\"#939598\"><b>Data<\/b><\/td>\n<td class=\"tabela\" style=\"padding-left: 10px; color: #fff;\" align=\"left\" bgcolor=\"#939598\"><b>Dia da Semana<\/b><\/td>\n<td class=\"tabela\" style=\"padding-left: 10px; color: #fff;\" align=\"left\" bgcolor=\"#939598\"><b>Feriado<\/b><\/td>\n<\/tr>\n<tr align=\"left\">\n<td class=\"tabela\" style=\"padding-left: 10px;\" bgcolor=\"white\">1\/1\/24<\/td>\n<td class=\"tabela\" style=\"padding-left: 10px;\" bgcolor=\"white\">segunda-feira<\/td>\n<td class=\"tabela\" style=\"padding-left: 10px;\" bgcolor=\"white\">Confraterniza\u00e7\u00e3o Universal<\/td>\n<\/tr>\n<tr align=\"left\">\n<td class=\"tabela\" style=\"padding-left: 10px;\" bgcolor=\"#f1f1f2\">12\/2\/24<\/td>\n<td class=\"tabela\" style=\"padding-left: 10px;\" bgcolor=\"#f1f1f2\">segunda-feira<\/td>\n<td class=\"tabela\" style=\"padding-left: 10px;\" bgcolor=\"#f1f1f2\">Carnaval<\/td>\n<\/tr>\n<tr align=\"left\">\n<td class=\"tabela\" style=\"padding-left: 10px;\" bgcolor=\"white\">13\/2\/24<\/td>\n<td class=\"tabela\" style=\"padding-left: 10px;\" bgcolor=\"white\">ter\u00e7a-feira<\/td>\n<td class=\"tabela\" style=\"padding-left: 10px;\" bgcolor=\"white\">Carnaval<\/td>\n<\/tr>\n<tr align=\"left\">\n<td class=\"tabela\" style=\"padding-left: 10px;\" bgcolor=\"#f1f1f2\">29\/3\/24<\/td>\n<td class=\"tabela\" style=\"padding-left: 10px;\" bgcolor=\"#f1f1f2\">sexta-feira<\/td>\n<td class=\"tabela\" style=\"padding-left: 10px;\" bgcolor=\"#f1f1f2\">Paix\u00e3o de Cristo<\/td>\n<\/tr>\n<tr align=\"left\">\n<td class=\"tabela\" style=\"padding-left: 10px;\" bgcolor=\"white\">21\/4\/24<\/td>\n<td class=\"tabela\" style=\"padding-left: 10px;\" bgcolor=\"white\">domingo<\/td>\n<td class=\"tabela\" style=\"padding-left: 10px;\" bgcolor=\"white\">Tiradentes<\/td>\n<\/tr>\n<tr align=\"left\">\n<td class=\"tabela\" style=\"padding-left: 10px;\" bgcolor=\"#f1f1f2\">1\/5\/24<\/td>\n<td class=\"tabela\" style=\"padding-left: 10px;\" bgcolor=\"#f1f1f2\">quarta-feira<\/td>\n<td class=\"tabela\" style=\"padding-left: 10px;\" bgcolor=\"#f1f1f2\">Dia do Trabalho<\/td>\n<\/tr>\n<tr align=\"left\">\n<td class=\"tabela\" style=\"padding-left: 10px;\" bgcolor=\"white\">30\/5\/24<\/td>\n<td class=\"tabela\" style=\"padding-left: 10px;\" bgcolor=\"white\">quinta-feira<\/td>\n<td class=\"tabela\" style=\"padding-left: 10px;\" bgcolor=\"white\">Corpus Christi<\/td>\n<\/tr>\n<tr align=\"left\">\n<td class=\"tabela\" style=\"padding-left: 10px;\" bgcolor=\"#f1f1f2\">7\/9\/24<\/td>\n<td class=\"tabela\" style=\"padding-left: 10px;\" bgcolor=\"#f1f1f2\">s\u00e1bado<\/td>\n<td class=\"tabela\" style=\"padding-left: 10px;\" bgcolor=\"#f1f1f2\">Independ\u00eancia do Brasil<\/td>\n<\/tr>\n<tr align=\"left\">\n<td class=\"tabela\" style=\"padding-left: 10px;\" bgcolor=\"white\">12\/10\/24<\/td>\n<td class=\"tabela\" style=\"padding-left: 10px;\" bgcolor=\"white\">s\u00e1bado<\/td>\n<td class=\"tabela\" style=\"padding-left: 10px;\" bgcolor=\"white\">Nossa Sr.<sup>a<\/sup> Aparecida \u2013 Padroeira do Brasil<\/td>\n<\/tr>\n<tr align=\"left\">\n<td class=\"tabela\" style=\"padding-left: 10px;\" bgcolor=\"#f1f1f2\">2\/11\/24<\/td>\n<td class=\"tabela\" style=\"padding-left: 10px;\" bgcolor=\"#f1f1f2\">s\u00e1bado<\/td>\n<td class=\"tabela\" style=\"padding-left: 10px;\" bgcolor=\"#f1f1f2\">Finados<\/td>\n<\/tr>\n<tr align=\"left\">\n<td class=\"tabela\" style=\"padding-left: 10px;\" bgcolor=\"white\">15\/11\/24<\/td>\n<td class=\"tabela\" style=\"padding-left: 10px;\" bgcolor=\"white\">sexta-feira<\/td>\n<td class=\"tabela\" style=\"padding-left: 10px;\" bgcolor=\"white\">Proclama\u00e7\u00e3o da Rep\u00fablica<\/td>\n<\/tr>\n<tr align=\"left\">\n<td class=\"tabela\" style=\"padding-left: 10px;\" bgcolor=\"#f1f1f2\">20\/11\/24<\/td>\n<td class=\"tabela\" style=\"padding-left: 10px;\" bgcolor=\"#f1f1f2\">quarta-feira<\/td>\n<td class=\"tabela\" style=\"padding-left: 10px;\" bgcolor=\"#f1f1f2\">Dia Nacional de Zumbi<\/td>\n<\/tr>\n<tr align=\"left\">\n<td class=\"tabela\" style=\"padding-left: 10px;\" bgcolor=\"#f1f1f2\">25\/12\/24<\/td>\n<td class=\"tabela\" style=\"padding-left: 10px;\" bgcolor=\"#f1f1f2\">quarta-feira<\/td>\n<td class=\"tabela\" style=\"padding-left: 10px;\" bgcolor=\"#f1f1f2\">Natal<\/td>\n<\/tr>\n<\/tbody>\n<\/table>\n<\/div>\n<p><script>\n\t\t! function(f, b, e, v, n, t, s) {\n\t\t\tif (f.fbq) return;\n\t\t\tn = f.fbq = function() {\n\t\t\t\tn.callMethod ?\n\t\t\t\t\tn.callMethod.apply(n, arguments) : n.queue.push(arguments)\n\t\t\t};\n\t\t\tif (!f._fbq) f._fbq = n;\n\t\t\tn.push = n;\n\t\t\tn.loaded = !0;\n\t\t\tn.version = '2.0';\n\t\t\tn.queue = [];\n\t\t\tt = b.createElement(e);\n\t\t\tt.async = !0;\n\t\t\tt.src = v;\n\t\t\ts = b.getElementsByTagName(e)[0];\n\t\t\ts.parentNode.insertBefore(t, s)\n\t\t}(window, document, 'script',\n\t\t\t'https:\/\/connect.facebook.net\/en_US\/fbevents.js');\n\t\tfbq('init', '338315473262380');\n\t\tfbq('track', 'PageView');\n\t<\/script><br \/>\n<br \/><br \/>\n<br \/><a href=\"https:\/\/catracalivre.com.br\/viagem-livre\/brasil-deve-ganhar-mais-um-feriado-nacional-em-2024\/\">Source link <\/a><\/p>\n<!-- CONTENT END 1 -->\n","protected":false},"excerpt":{"rendered":"<p>A partir de 2024, o Brasil pode ganhar mais um feriado nacional. \u00c9 que na \u00faltima quarta-feira, 29, a C\u00e2mara dos Deputados aprovou o Projeto&#8230;<\/p>\n","protected":false},"author":1,"featured_media":9311,"comment_status":"open","ping_status":"open","sticky":false,"template":"","format":"standard","meta":{"advanced_seo_description":"","jetpack_seo_html_title":"","jetpack_seo_noindex":false,"jetpack_post_was_ever_published":false,"_jetpack_newsletter_access":"","_jetpack_dont_email_post_to_subs":false,"_jetpack_newsletter_tier_id":0,"_jetpack_memberships_contains_paywalled_content":false,"_jetpack_memberships_contains_paid_content":false,"footnotes":"","jetpack_publicize_message":"","jetpack_publicize_feature_enabled":true,"jetpack_social_post_already_shared":true,"jetpack_social_options":{"image_generator_settings":{"template":"highway","default_image_id":0,"font":"","enabled":false},"version":2}},"categories":[19],"tags":[],"class_list":["post-9310","post","type-post","status-publish","format-standard","has-post-thumbnail","hentry","category-variedades"],"jetpack_publicize_connections":[],"jetpack_featured_media_url":"https:\/\/i0.wp.com\/noticiasribeiraopreto.com.br\/wp-content\/uploads\/2023\/12\/feriado-nacional-20-de-novembro.jpg?fit=1200%2C638&ssl=1","jetpack-related-posts":[{"id":20104,"url":"https:\/\/noticiasribeiraopreto.com.br\/index.php\/2023\/12\/24\/agora-e-oficial-brasil-tera-mais-um-feriado-nacional-em-2024\/","url_meta":{"origin":9310,"position":0},"title":"Agora \u00e9 oficial! Brasil ter\u00e1 mais um feriado nacional em 2024","author":"noticiasribeiraopreto.com.br","date":"24 de December de 2023","format":false,"excerpt":"O Brasil pode ganhar mais um feriado nacional. O presidente Luiz In\u00e1cio Lula da Silva sancionou nesta quinta-feira, 21, o projeto de lei que declara o Dia Nacional de Zumbi e da Consci\u00eancia Negra, no dia 20 de novembro, como feriado em todo o pa\u00eds. O texto havia sido aprovado\u2026","rel":"","context":"In &quot;Variedades&quot;","block_context":{"text":"Variedades","link":"https:\/\/noticiasribeiraopreto.com.br\/index.php\/category\/variedades\/"},"img":{"alt_text":"","src":"https:\/\/i0.wp.com\/noticiasribeiraopreto.com.br\/wp-content\/uploads\/2023\/12\/1703416338_feriado-nacional-20-de-novembro.jpg?fit=1200%2C638&ssl=1&resize=350%2C200","width":350,"height":200,"srcset":"https:\/\/i0.wp.com\/noticiasribeiraopreto.com.br\/wp-content\/uploads\/2023\/12\/1703416338_feriado-nacional-20-de-novembro.jpg?fit=1200%2C638&ssl=1&resize=350%2C200 1x, https:\/\/i0.wp.com\/noticiasribeiraopreto.com.br\/wp-content\/uploads\/2023\/12\/1703416338_feriado-nacional-20-de-novembro.jpg?fit=1200%2C638&ssl=1&resize=525%2C300 1.5x, https:\/\/i0.wp.com\/noticiasribeiraopreto.com.br\/wp-content\/uploads\/2023\/12\/1703416338_feriado-nacional-20-de-novembro.jpg?fit=1200%2C638&ssl=1&resize=700%2C400 2x, https:\/\/i0.wp.com\/noticiasribeiraopreto.com.br\/wp-content\/uploads\/2023\/12\/1703416338_feriado-nacional-20-de-novembro.jpg?fit=1200%2C638&ssl=1&resize=1050%2C600 3x"},"classes":[]},{"id":10080,"url":"https:\/\/noticiasribeiraopreto.com.br\/index.php\/2023\/12\/03\/brasil-vai-ganhar-mais-um-feriado-so-falta-uma-assinatura-de-lula-para-mudar-calendario-e-criar-primeira-nova-folga-nacional-em-mais-de-40-anos\/","url_meta":{"origin":9310,"position":1},"title":"Brasil vai ganhar mais um feriado? S\u00f3 falta uma assinatura de Lula para mudar calend\u00e1rio e criar primeira nova folga nacional em mais de 40 anos","author":"noticiasribeiraopreto.com.br","date":"3 de December de 2023","format":false,"excerpt":"O presidente Luiz In\u00e1cio Lula da Silva (PT) est\u00e1 atualmente em Berlim para cumprir agenda diplom\u00e1tica. Mas, quando voltar ao Brasil, ele encontrar\u00e1 em sua mesa o projeto de lei que torna feriado nacional o Dia da Consci\u00eancia Negra, celebrado em 20 de novembro. A data, que ser\u00e1 chamada oficialmente\u2026","rel":"","context":"In &quot;Dinheiro e Investimento&quot;","block_context":{"text":"Dinheiro e Investimento","link":"https:\/\/noticiasribeiraopreto.com.br\/index.php\/category\/dinheiro-e-investimento-como-fazer-como-ganhar\/"},"img":{"alt_text":"","src":"https:\/\/i0.wp.com\/noticiasribeiraopreto.com.br\/wp-content\/uploads\/2023\/12\/shutterstock_178746263-628x353.jpg?fit=628%2C353&ssl=1&resize=350%2C200","width":350,"height":200,"srcset":"https:\/\/i0.wp.com\/noticiasribeiraopreto.com.br\/wp-content\/uploads\/2023\/12\/shutterstock_178746263-628x353.jpg?fit=628%2C353&ssl=1&resize=350%2C200 1x, https:\/\/i0.wp.com\/noticiasribeiraopreto.com.br\/wp-content\/uploads\/2023\/12\/shutterstock_178746263-628x353.jpg?fit=628%2C353&ssl=1&resize=525%2C300 1.5x"},"classes":[]},{"id":19208,"url":"https:\/\/noticiasribeiraopreto.com.br\/index.php\/2023\/12\/21\/criado-novo-feriado-nacional-no-brasil-2\/","url_meta":{"origin":9310,"position":2},"title":"criado novo feriado nacional no Brasil","author":"noticiasribeiraopreto.com.br","date":"21 de December de 2023","format":false,"excerpt":"O trabalhador vai ganhar mais um dia de folga em 2024. O presidente Luiz In\u00e1cio Lula da Silva sancionou nesta quinta-feira (21) um marco hist\u00f3rico para a luta pela igualdade racial no Brasil, ao oficializar o Dia Nacional de Zumbi e da Consci\u00eancia Negra, celebrado em 20 de novembro, como\u2026","rel":"","context":"In &quot;Vagas de Emprego em Ribeir\u00e3o Preto-SP&quot;","block_context":{"text":"Vagas de Emprego em Ribeir\u00e3o Preto-SP","link":"https:\/\/noticiasribeiraopreto.com.br\/index.php\/category\/empregos-classificados-vagas-trabalho\/vagas-de-empregos-em-ribeirao-preto-regiao-brasil\/"},"img":{"alt_text":"","src":"https:\/\/i0.wp.com\/noticiasribeiraopreto.com.br\/wp-content\/uploads\/2023\/12\/1703213268_calendario-fevereiro-inss-novo-1.jpg?fit=1200%2C675&ssl=1&resize=350%2C200","width":350,"height":200,"srcset":"https:\/\/i0.wp.com\/noticiasribeiraopreto.com.br\/wp-content\/uploads\/2023\/12\/1703213268_calendario-fevereiro-inss-novo-1.jpg?fit=1200%2C675&ssl=1&resize=350%2C200 1x, https:\/\/i0.wp.com\/noticiasribeiraopreto.com.br\/wp-content\/uploads\/2023\/12\/1703213268_calendario-fevereiro-inss-novo-1.jpg?fit=1200%2C675&ssl=1&resize=525%2C300 1.5x, https:\/\/i0.wp.com\/noticiasribeiraopreto.com.br\/wp-content\/uploads\/2023\/12\/1703213268_calendario-fevereiro-inss-novo-1.jpg?fit=1200%2C675&ssl=1&resize=700%2C400 2x, https:\/\/i0.wp.com\/noticiasribeiraopreto.com.br\/wp-content\/uploads\/2023\/12\/1703213268_calendario-fevereiro-inss-novo-1.jpg?fit=1200%2C675&ssl=1&resize=1050%2C600 3x"},"classes":[]},{"id":19606,"url":"https:\/\/noticiasribeiraopreto.com.br\/index.php\/2023\/12\/22\/vitoria-brasil-ganha-novo-feriado-valido-em-todo-territorio-nacional-em-2024\/","url_meta":{"origin":9310,"position":3},"title":"Vit\u00f3ria! Brasil ganha novo feriado v\u00e1lido em todo territ\u00f3rio nacional em 2024","author":"noticiasribeiraopreto.com.br","date":"22 de December de 2023","format":false,"excerpt":"O presidente Luiz In\u00e1cio Lula da Silva sancionou nesta quinta-feira, 21, o projeto de lei que declara o Dia Nacional de Zumbi e da Consci\u00eancia Negra como feriado em todo o pa\u00eds. O texto havia sido aprovado pelo Congresso Nacional no fim do m\u00eas passado. Cr\u00e9ditos: iSTOCK\/Dilok KlaisatapornVit\u00f3ria! Brasil ganha\u2026","rel":"","context":"In &quot;Variedades&quot;","block_context":{"text":"Variedades","link":"https:\/\/noticiasribeiraopreto.com.br\/index.php\/category\/variedades\/"},"img":{"alt_text":"","src":"https:\/\/i0.wp.com\/noticiasribeiraopreto.com.br\/wp-content\/uploads\/2023\/12\/istock-1460985803.jpg?fit=1200%2C638&ssl=1&resize=350%2C200","width":350,"height":200,"srcset":"https:\/\/i0.wp.com\/noticiasribeiraopreto.com.br\/wp-content\/uploads\/2023\/12\/istock-1460985803.jpg?fit=1200%2C638&ssl=1&resize=350%2C200 1x, https:\/\/i0.wp.com\/noticiasribeiraopreto.com.br\/wp-content\/uploads\/2023\/12\/istock-1460985803.jpg?fit=1200%2C638&ssl=1&resize=525%2C300 1.5x, https:\/\/i0.wp.com\/noticiasribeiraopreto.com.br\/wp-content\/uploads\/2023\/12\/istock-1460985803.jpg?fit=1200%2C638&ssl=1&resize=700%2C400 2x, https:\/\/i0.wp.com\/noticiasribeiraopreto.com.br\/wp-content\/uploads\/2023\/12\/istock-1460985803.jpg?fit=1200%2C638&ssl=1&resize=1050%2C600 3x"},"classes":[]},{"id":20611,"url":"https:\/\/noticiasribeiraopreto.com.br\/index.php\/2023\/12\/26\/brasil-ganha-novo-feriado-nacional-a-partir-de-2024-saiba-qual-e-quando\/","url_meta":{"origin":9310,"position":4},"title":"Brasil ganha novo feriado nacional a\u00a0partir\u00a0de\u00a02024; saiba qual e quando","author":"noticiasribeiraopreto.com.br","date":"26 de December de 2023","format":false,"excerpt":"O presidente Luiz In\u00e1cio Lula da Silva sancionou nesta quinta-feira, 21, o projeto de lei que declara o Dia Nacional de Zumbi e da Consci\u00eancia Negra como feriado em todo o pa\u00eds. O texto havia sido aprovado pelo Congresso Nacional no fim do m\u00eas passado. Cr\u00e9ditos: Istock\/o:bancha singchaiBrasil ganha novo\u2026","rel":"","context":"In &quot;Variedades&quot;","block_context":{"text":"Variedades","link":"https:\/\/noticiasribeiraopreto.com.br\/index.php\/category\/variedades\/"},"img":{"alt_text":"","src":"https:\/\/i0.wp.com\/noticiasribeiraopreto.com.br\/wp-content\/uploads\/2023\/12\/istock-1410225021.jpg?fit=1200%2C638&ssl=1&resize=350%2C200","width":350,"height":200,"srcset":"https:\/\/i0.wp.com\/noticiasribeiraopreto.com.br\/wp-content\/uploads\/2023\/12\/istock-1410225021.jpg?fit=1200%2C638&ssl=1&resize=350%2C200 1x, https:\/\/i0.wp.com\/noticiasribeiraopreto.com.br\/wp-content\/uploads\/2023\/12\/istock-1410225021.jpg?fit=1200%2C638&ssl=1&resize=525%2C300 1.5x, https:\/\/i0.wp.com\/noticiasribeiraopreto.com.br\/wp-content\/uploads\/2023\/12\/istock-1410225021.jpg?fit=1200%2C638&ssl=1&resize=700%2C400 2x, https:\/\/i0.wp.com\/noticiasribeiraopreto.com.br\/wp-content\/uploads\/2023\/12\/istock-1410225021.jpg?fit=1200%2C638&ssl=1&resize=1050%2C600 3x"},"classes":[]},{"id":23752,"url":"https:\/\/noticiasribeiraopreto.com.br\/index.php\/2024\/01\/02\/brasil-tera-novo-feriado-a-partir-deste-ano-meu-valor-digital\/","url_meta":{"origin":9310,"position":5},"title":"Brasil ter\u00e1 novo feriado a partir deste ano &#8211; Meu Valor Digital","author":"noticiasribeiraopreto.com.br","date":"2 de January de 2024","format":false,"excerpt":"Muitos brasileiros podem achar que o pa\u00eds j\u00e1 tem feriado demais! Para desagrado dessa parcela de cidad\u00e3os, em 2024, teremos mais um feriado nacional. Teremos dez feriados nacionais, sendo que apenas tr\u00eas v\u00e3o cair pr\u00f3ximos a um fim de semana, ou seja, na segunda-feira ou na sexta-feira. Essas s\u00e3o aquelas\u2026","rel":"","context":"In &quot;Vagas de Emprego em Ribeir\u00e3o Preto-SP&quot;","block_context":{"text":"Vagas de Emprego em Ribeir\u00e3o Preto-SP","link":"https:\/\/noticiasribeiraopreto.com.br\/index.php\/category\/empregos-classificados-vagas-trabalho\/vagas-de-empregos-em-ribeirao-preto-regiao-brasil\/"},"img":{"alt_text":"","src":"https:\/\/i0.wp.com\/noticiasribeiraopreto.com.br\/wp-content\/uploads\/2024\/01\/4-feriado.jpg?fit=1200%2C800&ssl=1&resize=350%2C200","width":350,"height":200,"srcset":"https:\/\/i0.wp.com\/noticiasribeiraopreto.com.br\/wp-content\/uploads\/2024\/01\/4-feriado.jpg?fit=1200%2C800&ssl=1&resize=350%2C200 1x, https:\/\/i0.wp.com\/noticiasribeiraopreto.com.br\/wp-content\/uploads\/2024\/01\/4-feriado.jpg?fit=1200%2C800&ssl=1&resize=525%2C300 1.5x, https:\/\/i0.wp.com\/noticiasribeiraopreto.com.br\/wp-content\/uploads\/2024\/01\/4-feriado.jpg?fit=1200%2C800&ssl=1&resize=700%2C400 2x, https:\/\/i0.wp.com\/noticiasribeiraopreto.com.br\/wp-content\/uploads\/2024\/01\/4-feriado.jpg?fit=1200%2C800&ssl=1&resize=1050%2C600 3x"},"classes":[]}],"jetpack_sharing_enabled":true,"jetpack_shortlink":"https:\/\/wp.me\/peQAOb-2qa","_links":{"self":[{"href":"https:\/\/noticiasribeiraopreto.com.br\/index.php\/wp-json\/wp\/v2\/posts\/9310","targetHints":{"allow":["GET"]}}],"collection":[{"href":"https:\/\/noticiasribeiraopreto.com.br\/index.php\/wp-json\/wp\/v2\/posts"}],"about":[{"href":"https:\/\/noticiasribeiraopreto.com.br\/index.php\/wp-json\/wp\/v2\/types\/post"}],"author":[{"embeddable":true,"href":"https:\/\/noticiasribeiraopreto.com.br\/index.php\/wp-json\/wp\/v2\/users\/1"}],"replies":[{"embeddable":true,"href":"https:\/\/noticiasribeiraopreto.com.br\/index.php\/wp-json\/wp\/v2\/comments?post=9310"}],"version-history":[{"count":0,"href":"https:\/\/noticiasribeiraopreto.com.br\/index.php\/wp-json\/wp\/v2\/posts\/9310\/revisions"}],"wp:featuredmedia":[{"embeddable":true,"href":"https:\/\/noticiasribeiraopreto.com.br\/index.php\/wp-json\/wp\/v2\/media\/9311"}],"wp:attachment":[{"href":"https:\/\/noticiasribeiraopreto.com.br\/index.php\/wp-json\/wp\/v2\/media?parent=9310"}],"wp:term":[{"taxonomy":"category","embeddable":true,"href":"https:\/\/noticiasribeiraopreto.com.br\/index.php\/wp-json\/wp\/v2\/categories?post=9310"},{"taxonomy":"post_tag","embeddable":true,"href":"https:\/\/noticiasribeiraopreto.com.br\/index.php\/wp-json\/wp\/v2\/tags?post=9310"}],"curies":[{"name":"wp","href":"https:\/\/api.w.org\/{rel}","templated":true}]}}