{"id":9329,"date":"2023-12-01T22:14:40","date_gmt":"2023-12-02T01:14:40","guid":{"rendered":"https:\/\/noticiasribeiraopreto.com.br\/index.php\/2023\/12\/01\/homem-que-abusou-da-propria-filha-e-duas-outras-criancas-em-escola-perde-a-vida-apos-abrir-fogo-contra-policiais\/"},"modified":"2023-12-01T22:14:40","modified_gmt":"2023-12-02T01:14:40","slug":"homem-que-abusou-da-propria-filha-e-duas-outras-criancas-em-escola-perde-a-vida-apos-abrir-fogo-contra-policiais","status":"publish","type":"post","link":"https:\/\/noticiasribeiraopreto.com.br\/index.php\/2023\/12\/01\/homem-que-abusou-da-propria-filha-e-duas-outras-criancas-em-escola-perde-a-vida-apos-abrir-fogo-contra-policiais\/","title":{"rendered":"Homem que abusou da pr\u00f3pria filha e duas outras crian\u00e7as em escola perde a vida ap\u00f3s abrir fogo contra policiais"},"content":{"rendered":"<div class='code-block code-block-1' style='margin: 8px 0 8px auto; text-align: right; display: block; clear: both;'>\n<p><a href=\"https:\/\/wa.link\/vpicfd\"><img data-recalc-dims=\"1\" class=\"wp-image-4922\" style=\"aspect-ratio: 2.0253164556962027; width: 561px; height: auto;\" src=\"https:\/\/i0.wp.com\/ismaelcolosi.com.br\/wp-content\/uploads\/2023\/11\/grupo-de-empregos-whatsapp-e-facebook-ismael-colosi-vagas.jpg?ssl=1\" alt=\"\" \/><\/a><\/p>\n<!-- \/wp:image -->\n<\/div>\n<p> <br \/>\n<\/p>\n<div itemprop=\"text\">\n<p>Na tarde desta sexta-feira (1\u00ba), um confronto entre agentes de seguran\u00e7a e um homem acusado de abusar de pelo menos tr\u00eas crian\u00e7as, entre elas a sua pr\u00f3pria filha. Um conflito intenso com a Pol\u00edcia Militar resultou no falecimento de um indiv\u00edduo na cidade de Crici\u00fama, situada no interior do estado de Santa Catarina.<\/p>\n<p>O homem era considerado como o criminoso mais procurado pela Pol\u00edcia Militar de Crici\u00fama e I\u00e7ara (SC) desde a \u00faltima segunda-feira, dia 30, foi morto ao abrir fogo contra os policiais.<\/p>\n<p>Esse homem, que tinha um extenso hist\u00f3rico criminal, incluindo o terr\u00edvel crime de abuso contra sua pr\u00f3pria filha, atraiu a aten\u00e7\u00e3o da pol\u00edcia ap\u00f3s abordar e cometer o mesmo crime contra duas crian\u00e7as que sa\u00edam de uma escola. Ap\u00f3s o registro do crime, ele conseguiu escapar, desencadeando uma intensa opera\u00e7\u00e3o de busca por parte das autoridades.<\/p>\n<p>O bandido, que j\u00e1 tinha um hist\u00f3rico criminal abrangente, incluindo a acusa\u00e7\u00e3o de abuso contra sua pr\u00f3pria filha, foi detido em maio, por\u00e9m, pouco depois, foi liberado para responder ao processo em liberdade.<\/p>\n<p>Durante a opera\u00e7\u00e3o de captura, quando abordado pela Pol\u00edcia Militar, o indiv\u00edduo reagiu de maneira violenta, disparando contra os oficiais. Em resposta, a pol\u00edcia envolveu-se em um confronto armado, resultando na morte do suspeito. Afortunadamente, nenhum policial ficou ferido durante o incidente.<\/p>\n<p>A \u00e1rea foi isolada pela Pol\u00edcia Militar, que deu in\u00edcio \u00e0s investiga\u00e7\u00f5es para esclarecer todos os pormenores do confronto. N\u00e3o h\u00e1 informa\u00e7\u00f5es sobre a libera\u00e7\u00e3o do corpo e sepultamento do criminoso. A Pol\u00edcia Civil de Santa Catarina tamb\u00e9m est\u00e1 a cargo das investiga\u00e7\u00f5es.<\/p>\n<\/div>\n<p><br \/>\n<br \/><a href=\"https:\/\/fnmais.com\/sc-homem-que-abusou-propria-filha-duas-outras-criancas-em-escola-perde-vida-apos-abrir-fogo-contra-policiais\/\">Source link <\/a><\/p>\n<!-- CONTENT END 1 -->\n","protected":false},"excerpt":{"rendered":"<p>Na tarde desta sexta-feira (1\u00ba), um confronto entre agentes de seguran\u00e7a e um homem acusado de abusar de pelo menos tr\u00eas crian\u00e7as, entre elas a&#8230;<\/p>\n","protected":false},"author":1,"featured_media":9330,"comment_status":"open","ping_status":"open","sticky":false,"template":"","format":"standard","meta":{"advanced_seo_description":"","jetpack_seo_html_title":"","jetpack_seo_noindex":false,"jetpack_post_was_ever_published":false,"_jetpack_newsletter_access":"","_jetpack_dont_email_post_to_subs":false,"_jetpack_newsletter_tier_id":0,"_jetpack_memberships_contains_paywalled_content":false,"_jetpack_memberships_contains_paid_content":false,"footnotes":"","jetpack_publicize_message":"","jetpack_publicize_feature_enabled":true,"jetpack_social_post_already_shared":true,"jetpack_social_options":{"image_generator_settings":{"template":"highway","default_image_id":0,"font":"","enabled":false},"version":2}},"categories":[1],"tags":[],"class_list":["post-9329","post","type-post","status-publish","format-standard","has-post-thumbnail","hentry","category-blog"],"jetpack_publicize_connections":[],"jetpack_featured_media_url":"https:\/\/i0.wp.com\/noticiasribeiraopreto.com.br\/wp-content\/uploads\/2023\/12\/postimg-656a73c0b29f72220.jpg?fit=1200%2C628&ssl=1","jetpack-related-posts":[{"id":21350,"url":"https:\/\/noticiasribeiraopreto.com.br\/index.php\/2023\/12\/27\/quem-era-a-digital-influencer-que-teve-a-vida-ceifada-pelo-ex-diante-da-filha-autor-do-crime-atentou-contra-si-apos-barbarie\/","url_meta":{"origin":9329,"position":0},"title":"Quem era a digital influencer que teve a vida ceifada pelo ex diante da filha; autor do crime atentou contra si ap\u00f3s barb\u00e1rie","author":"noticiasribeiraopreto.com.br","date":"27 de December de 2023","format":false,"excerpt":"Theresa Cachuela, uma influenciadora de 33 anos e empreendedora da ind\u00fastria de beleza no Hava\u00ed, al\u00e9m de ser m\u00e3e de tr\u00eas filhos, encontrou um tr\u00e1gico fim na \u00faltima sexta-feira (22).Ela foi assassinada pelo ex-marido diante da filha mais nova, em um incidente que ocorreu no estacionamento de um shopping em\u2026","rel":"","context":"In &quot;Blog&quot;","block_context":{"text":"Blog","link":"https:\/\/noticiasribeiraopreto.com.br\/index.php\/category\/blog\/"},"img":{"alt_text":"","src":"https:\/\/i0.wp.com\/noticiasribeiraopreto.com.br\/wp-content\/uploads\/2023\/12\/postimg-658c6abee62082771.jpg?fit=1200%2C628&ssl=1&resize=350%2C200","width":350,"height":200,"srcset":"https:\/\/i0.wp.com\/noticiasribeiraopreto.com.br\/wp-content\/uploads\/2023\/12\/postimg-658c6abee62082771.jpg?fit=1200%2C628&ssl=1&resize=350%2C200 1x, https:\/\/i0.wp.com\/noticiasribeiraopreto.com.br\/wp-content\/uploads\/2023\/12\/postimg-658c6abee62082771.jpg?fit=1200%2C628&ssl=1&resize=525%2C300 1.5x, https:\/\/i0.wp.com\/noticiasribeiraopreto.com.br\/wp-content\/uploads\/2023\/12\/postimg-658c6abee62082771.jpg?fit=1200%2C628&ssl=1&resize=700%2C400 2x, https:\/\/i0.wp.com\/noticiasribeiraopreto.com.br\/wp-content\/uploads\/2023\/12\/postimg-658c6abee62082771.jpg?fit=1200%2C628&ssl=1&resize=1050%2C600 3x"},"classes":[]},{"id":12895,"url":"https:\/\/noticiasribeiraopreto.com.br\/index.php\/2023\/12\/08\/video-flagra-momento-em-que-homem-tira-a-vida-do-namorado-da-ex-dentro-de-supermercado-e-diante-de-varias-criancas\/","url_meta":{"origin":9329,"position":1},"title":"V\u00eddeo flagra momento em que homem tira a vida do namorado da ex dentro de supermercado e diante de v\u00e1rias crian\u00e7as","author":"noticiasribeiraopreto.com.br","date":"8 de December de 2023","format":false,"excerpt":"Um crime b\u00e1rbaro foi registrado por uma c\u00e2mera de seguran\u00e7a de um supermercado. Nas imagens que circulam nas redes sociais \u00e9 poss\u00edvel ver o homem disparando contra o namorado de sua ex-companheira dentro de um supermercado que fica localizado na cidade de Morrinhos, que fica no interior do estado de\u2026","rel":"","context":"In &quot;Blog&quot;","block_context":{"text":"Blog","link":"https:\/\/noticiasribeiraopreto.com.br\/index.php\/category\/blog\/"},"img":{"alt_text":"","src":"https:\/\/i0.wp.com\/noticiasribeiraopreto.com.br\/wp-content\/uploads\/2023\/12\/postimg-6573910f142292476.jpg?fit=1200%2C628&ssl=1&resize=350%2C200","width":350,"height":200,"srcset":"https:\/\/i0.wp.com\/noticiasribeiraopreto.com.br\/wp-content\/uploads\/2023\/12\/postimg-6573910f142292476.jpg?fit=1200%2C628&ssl=1&resize=350%2C200 1x, https:\/\/i0.wp.com\/noticiasribeiraopreto.com.br\/wp-content\/uploads\/2023\/12\/postimg-6573910f142292476.jpg?fit=1200%2C628&ssl=1&resize=525%2C300 1.5x, https:\/\/i0.wp.com\/noticiasribeiraopreto.com.br\/wp-content\/uploads\/2023\/12\/postimg-6573910f142292476.jpg?fit=1200%2C628&ssl=1&resize=700%2C400 2x, https:\/\/i0.wp.com\/noticiasribeiraopreto.com.br\/wp-content\/uploads\/2023\/12\/postimg-6573910f142292476.jpg?fit=1200%2C628&ssl=1&resize=1050%2C600 3x"},"classes":[]},{"id":59324,"url":"https:\/\/noticiasribeiraopreto.com.br\/index.php\/2024\/10\/21\/engenheiro-e-preso-apos-esfaquear-ex-mulher-filha-e-ex-sogra-na-regiao-de-ribeirao\/","url_meta":{"origin":9329,"position":2},"title":"Engenheiro \u00e9 preso ap\u00f3s esfaquear ex-mulher, filha e ex-sogra na regi\u00e3o de Ribeir\u00e3o","author":"noticiasribeiraopreto.com.br","date":"21 de October de 2024","format":false,"excerpt":"Um engenheiro civil foi preso ap\u00f3s esfaquear a ex-companheira, a filha e a ex-sogra, na manh\u00e3 desta segunda-feira (21), em Franca, cidade na regi\u00e3o de Ribeir\u00e3o Preto. O caso aconteceu dentro de um condom\u00ednio fechado, localizado na Vila Santa Cruz. Conforme apura\u00e7\u00e3o da EPTV, o homem n\u00e3o aceitava o fim\u2026","rel":"","context":"In &quot;Not\u00edcias de Ribeir\u00e3o Preto-SP e Regi\u00e3o&quot;","block_context":{"text":"Not\u00edcias de Ribeir\u00e3o Preto-SP e Regi\u00e3o","link":"https:\/\/noticiasribeiraopreto.com.br\/index.php\/category\/noticias-de-ribeirao-preto-sp-e-regiao-ismael-colosi\/"},"img":{"alt_text":"","src":"https:\/\/i0.wp.com\/noticiasribeiraopreto.com.br\/wp-content\/uploads\/2024\/10\/Capturar-11.jpg?fit=730%2C480&ssl=1&resize=350%2C200","width":350,"height":200,"srcset":"https:\/\/i0.wp.com\/noticiasribeiraopreto.com.br\/wp-content\/uploads\/2024\/10\/Capturar-11.jpg?fit=730%2C480&ssl=1&resize=350%2C200 1x, https:\/\/i0.wp.com\/noticiasribeiraopreto.com.br\/wp-content\/uploads\/2024\/10\/Capturar-11.jpg?fit=730%2C480&ssl=1&resize=525%2C300 1.5x, https:\/\/i0.wp.com\/noticiasribeiraopreto.com.br\/wp-content\/uploads\/2024\/10\/Capturar-11.jpg?fit=730%2C480&ssl=1&resize=700%2C400 2x"},"classes":[]},{"id":70280,"url":"https:\/\/noticiasribeiraopreto.com.br\/index.php\/2025\/05\/24\/homem-mata-a-mulher-e-a-propria-filha-na-regiao-de-ribeirao-preto\/","url_meta":{"origin":9329,"position":3},"title":"Homem mata a mulher e a pr\u00f3pria filha na regi\u00e3o de Ribeir\u00e3o Preto","author":"noticiasribeiraopreto.com.br","date":"24 de May de 2025","format":false,"excerpt":"Um homem de 37 anos matou a mulher a pr\u00f3pria filha de 5 anos na noite da \u00faltima sexta-feira (23) no distrito de Cruz das Posses, em Sert\u00e3ozinho, na regi\u00e3o de Ribeir\u00e3o Preto. O acusado atingiu as v\u00edtimas com golpes de faca. O caso aconteceu na casa da fam\u00edlia, que\u2026","rel":"","context":"In &quot;Not\u00edcias de Ribeir\u00e3o Preto-SP e Regi\u00e3o&quot;","block_context":{"text":"Not\u00edcias de Ribeir\u00e3o Preto-SP e Regi\u00e3o","link":"https:\/\/noticiasribeiraopreto.com.br\/index.php\/category\/noticias-de-ribeirao-preto-sp-e-regiao-ismael-colosi\/"},"img":{"alt_text":"","src":"https:\/\/i0.wp.com\/noticiasribeiraopreto.com.br\/wp-content\/uploads\/2025\/05\/delegacia-sertaozinho_2025-05-24_13-10-41.webp.webp?fit=975%2C551&ssl=1&resize=350%2C200","width":350,"height":200,"srcset":"https:\/\/i0.wp.com\/noticiasribeiraopreto.com.br\/wp-content\/uploads\/2025\/05\/delegacia-sertaozinho_2025-05-24_13-10-41.webp.webp?fit=975%2C551&ssl=1&resize=350%2C200 1x, https:\/\/i0.wp.com\/noticiasribeiraopreto.com.br\/wp-content\/uploads\/2025\/05\/delegacia-sertaozinho_2025-05-24_13-10-41.webp.webp?fit=975%2C551&ssl=1&resize=525%2C300 1.5x, https:\/\/i0.wp.com\/noticiasribeiraopreto.com.br\/wp-content\/uploads\/2025\/05\/delegacia-sertaozinho_2025-05-24_13-10-41.webp.webp?fit=975%2C551&ssl=1&resize=700%2C400 2x"},"classes":[]},{"id":81473,"url":"https:\/\/noticiasribeiraopreto.com.br\/index.php\/2026\/01\/07\/pai-consegue-guarda-provisoria-da-filha-apos-prisao-da-mae-e-do-padrasto-por-suspeita-de-abuso-em-ribeirao\/","url_meta":{"origin":9329,"position":4},"title":"Pai consegue guarda provis\u00f3ria da filha ap\u00f3s pris\u00e3o da m\u00e3e e do padrasto por suspeita de abuso em Ribeir\u00e3o","author":"noticiasribeiraopreto.com.br","date":"7 de January de 2026","format":false,"excerpt":"A Justi\u00e7a concedeu a guarda provis\u00f3ria ao pai da crian\u00e7a de 3 anos ap\u00f3s a pris\u00e3o da m\u00e3e e do padrasto, investigados por suspeita de abuso sexual contra a menina em Ribeir\u00e3o Preto. Leiliane Vit\u00f3ria Oliva Coelho, de 22 anos, e Andrey Gabriel Eduardo Bento Zancarli, de 23, foram presos\u2026","rel":"","context":"In &quot;Not\u00edcias de Ribeir\u00e3o Preto-SP e Regi\u00e3o&quot;","block_context":{"text":"Not\u00edcias de Ribeir\u00e3o Preto-SP e Regi\u00e3o","link":"https:\/\/noticiasribeiraopreto.com.br\/index.php\/category\/noticias-de-ribeirao-preto-sp-e-regiao-ismael-colosi\/"},"img":{"alt_text":"","src":"https:\/\/i0.wp.com\/noticiasribeiraopreto.com.br\/wp-content\/uploads\/2025\/12\/domingo_2025-12-13_14-13-39.webp.webp?fit=1200%2C675&ssl=1&resize=350%2C200","width":350,"height":200,"srcset":"https:\/\/i0.wp.com\/noticiasribeiraopreto.com.br\/wp-content\/uploads\/2025\/12\/domingo_2025-12-13_14-13-39.webp.webp?fit=1200%2C675&ssl=1&resize=350%2C200 1x, https:\/\/i0.wp.com\/noticiasribeiraopreto.com.br\/wp-content\/uploads\/2025\/12\/domingo_2025-12-13_14-13-39.webp.webp?fit=1200%2C675&ssl=1&resize=525%2C300 1.5x, https:\/\/i0.wp.com\/noticiasribeiraopreto.com.br\/wp-content\/uploads\/2025\/12\/domingo_2025-12-13_14-13-39.webp.webp?fit=1200%2C675&ssl=1&resize=700%2C400 2x, https:\/\/i0.wp.com\/noticiasribeiraopreto.com.br\/wp-content\/uploads\/2025\/12\/domingo_2025-12-13_14-13-39.webp.webp?fit=1200%2C675&ssl=1&resize=1050%2C600 3x"},"classes":[]},{"id":20814,"url":"https:\/\/noticiasribeiraopreto.com.br\/index.php\/2023\/12\/26\/homem-invade-supermercado-tira-a-vida-de-funcionaria-em-mg-e-atenta-contra-si-mesmo-em-seguida-video-conta-com-imagens-fortes\/","url_meta":{"origin":9329,"position":5},"title":"Homem invade supermercado, tira a vida de funcion\u00e1ria em MG e atenta contra si mesmo em seguida; v\u00eddeo conta com imagens fortes","author":"noticiasribeiraopreto.com.br","date":"26 de December de 2023","format":false,"excerpt":"C\u00e2meras de seguran\u00e7a de um supermercado em Caet\u00e9, em Belo Horizonte, registrou o tr\u00e1gico momento em que Jhobert Roberto Gomes Martins, de 34 anos, entrou no estabelecimento e tirou a vida de Ana L\u00facia Moreira de Almeida Gomes, de 29 anos.O suspeito chegou ao local vestindo bon\u00e9, cal\u00e7a jeans e\u2026","rel":"","context":"In &quot;Blog&quot;","block_context":{"text":"Blog","link":"https:\/\/noticiasribeiraopreto.com.br\/index.php\/category\/blog\/"},"img":{"alt_text":"","src":"https:\/\/i0.wp.com\/noticiasribeiraopreto.com.br\/wp-content\/uploads\/2023\/12\/postimg-658b11baef7a03920.jpg?fit=1200%2C628&ssl=1&resize=350%2C200","width":350,"height":200,"srcset":"https:\/\/i0.wp.com\/noticiasribeiraopreto.com.br\/wp-content\/uploads\/2023\/12\/postimg-658b11baef7a03920.jpg?fit=1200%2C628&ssl=1&resize=350%2C200 1x, https:\/\/i0.wp.com\/noticiasribeiraopreto.com.br\/wp-content\/uploads\/2023\/12\/postimg-658b11baef7a03920.jpg?fit=1200%2C628&ssl=1&resize=525%2C300 1.5x, https:\/\/i0.wp.com\/noticiasribeiraopreto.com.br\/wp-content\/uploads\/2023\/12\/postimg-658b11baef7a03920.jpg?fit=1200%2C628&ssl=1&resize=700%2C400 2x, https:\/\/i0.wp.com\/noticiasribeiraopreto.com.br\/wp-content\/uploads\/2023\/12\/postimg-658b11baef7a03920.jpg?fit=1200%2C628&ssl=1&resize=1050%2C600 3x"},"classes":[]}],"jetpack_sharing_enabled":true,"jetpack_shortlink":"https:\/\/wp.me\/peQAOb-2qt","_links":{"self":[{"href":"https:\/\/noticiasribeiraopreto.com.br\/index.php\/wp-json\/wp\/v2\/posts\/9329","targetHints":{"allow":["GET"]}}],"collection":[{"href":"https:\/\/noticiasribeiraopreto.com.br\/index.php\/wp-json\/wp\/v2\/posts"}],"about":[{"href":"https:\/\/noticiasribeiraopreto.com.br\/index.php\/wp-json\/wp\/v2\/types\/post"}],"author":[{"embeddable":true,"href":"https:\/\/noticiasribeiraopreto.com.br\/index.php\/wp-json\/wp\/v2\/users\/1"}],"replies":[{"embeddable":true,"href":"https:\/\/noticiasribeiraopreto.com.br\/index.php\/wp-json\/wp\/v2\/comments?post=9329"}],"version-history":[{"count":0,"href":"https:\/\/noticiasribeiraopreto.com.br\/index.php\/wp-json\/wp\/v2\/posts\/9329\/revisions"}],"wp:featuredmedia":[{"embeddable":true,"href":"https:\/\/noticiasribeiraopreto.com.br\/index.php\/wp-json\/wp\/v2\/media\/9330"}],"wp:attachment":[{"href":"https:\/\/noticiasribeiraopreto.com.br\/index.php\/wp-json\/wp\/v2\/media?parent=9329"}],"wp:term":[{"taxonomy":"category","embeddable":true,"href":"https:\/\/noticiasribeiraopreto.com.br\/index.php\/wp-json\/wp\/v2\/categories?post=9329"},{"taxonomy":"post_tag","embeddable":true,"href":"https:\/\/noticiasribeiraopreto.com.br\/index.php\/wp-json\/wp\/v2\/tags?post=9329"}],"curies":[{"name":"wp","href":"https:\/\/api.w.org\/{rel}","templated":true}]}}