{"id":9333,"date":"2023-12-01T22:16:31","date_gmt":"2023-12-02T01:16:31","guid":{"rendered":"https:\/\/noticiasribeiraopreto.com.br\/index.php\/2023\/12\/01\/tudo-sobre-a-chegada-do-papai-noel-no-centro-de-ribeirao-preto\/"},"modified":"2023-12-01T22:16:31","modified_gmt":"2023-12-02T01:16:31","slug":"tudo-sobre-a-chegada-do-papai-noel-no-centro-de-ribeirao-preto","status":"publish","type":"post","link":"https:\/\/noticiasribeiraopreto.com.br\/index.php\/2023\/12\/01\/tudo-sobre-a-chegada-do-papai-noel-no-centro-de-ribeirao-preto\/","title":{"rendered":"Tudo sobre a chegada do Papai Noel no Centro de Ribeir\u00e3o Preto\u00a0"},"content":{"rendered":"<div class='code-block code-block-1' style='margin: 8px 0 8px auto; text-align: right; display: block; clear: both;'>\n<p><a href=\"https:\/\/wa.link\/vpicfd\"><img data-recalc-dims=\"1\" class=\"wp-image-4922\" style=\"aspect-ratio: 2.0253164556962027; width: 561px; height: auto;\" src=\"https:\/\/i0.wp.com\/ismaelcolosi.com.br\/wp-content\/uploads\/2023\/11\/grupo-de-empregos-whatsapp-e-facebook-ismael-colosi-vagas.jpg?ssl=1\" alt=\"\" \/><\/a><\/p>\n<!-- \/wp:image -->\n<\/div>\n<p> <br \/>\n<\/p>\n<div data-td-block-uid=\"tdi_104\">\n<div class=\"tdb-block-inner td-fix-index\">\n<p>A chegada do <strong>Papai Noel <\/strong>em dezembro marca o fim de ano em <strong>Ribeir\u00e3o Preto<\/strong>, junto das decora\u00e7\u00f5es de Natal. A programa\u00e7\u00e3o faz parte da <strong>21\u00aa edi\u00e7\u00e3o da campanha Natal Luz da Associa\u00e7\u00e3o Comercial e Industrial da cidade <\/strong>(Acirp).\u00a0<\/p>\n<p>Confira tudo o que voc\u00ea precisa saber sobre a chegada do Bom Velhinho em Ribeir\u00e3o. \u00a0<\/p>\n<h4 class=\"wp-block-heading\"><strong>Chegada<\/strong>\u00a0<\/h4>\n<p>O <strong>Papai Noel<\/strong> chega no Centro, neste s\u00e1bado (2), \u00e0s 10h, com uma <strong>Parada de Natal<\/strong>. \u00a0<\/p>\n<h4 class=\"wp-block-heading\"><strong>Parada de Natal<\/strong>\u00a0<\/h4>\n<p>A <strong>Parada de Natal<\/strong> acontece no Cal\u00e7ad\u00e3o com banda musical, elfos e outros seres m\u00e1gicos. O desfile termina na <strong>Casinha do Papai Noel<\/strong>, montada no <strong>Centro Cultural Palace<\/strong>, edif\u00edcio hist\u00f3rico do <strong>Quarteir\u00e3o Paulista<\/strong>. \u00a0<\/p>\n<p>O espa\u00e7o foi decorado especialmente para receber as fam\u00edlias que queiram visitar e tirar fotos.\u00a0<\/p>\n<h4 class=\"wp-block-heading\"><strong>Visitas<\/strong>\u00a0<\/h4>\n<p>As visitas ao <strong>Papai Noel<\/strong> podem ser realizadas at\u00e9 o dia 22 de dezembro na <strong>Casinha do Papai Noel. <\/strong><\/p>\n<p><strong><mark style=\"background-color:#fcb900\" class=\"has-inline-color\">O hor\u00e1rio de funcionamento \u00e9 de segunda a sexta-feira, das 15h \u00e0s 21h, com pausa das 19h \u00e0s 19h30 e, de s\u00e1bado e domingo, 10h \u00e0s 16h, com pausa das 12h \u00e0s 12h30. \u00a0<\/mark><\/strong><\/p>\n<h4 class=\"wp-block-heading\"><strong>Noel M\u00f3vel <\/strong>\u00a0<\/h4>\n<p>Para quem n\u00e3o conseguir visitar o Bom Velhinho no Centro, a programa\u00e7\u00e3o do Noel M\u00f3vel ir\u00e1 realizar<strong> 21 paradas pelas ruas da cidade<\/strong>. Confira os locais clicando aqui\u00a0<\/p>\n<p>VEJA TAMB\u00c9M \u00a0<\/p>\n<p>Coral apresenta cl\u00e1ssicos de Natal na Catedral de Ribeir\u00e3o Preto; Veja quando<\/p>\n<h4 class=\"wp-block-heading\"><strong><mark style=\"background-color:#fcb900\" class=\"has-inline-color\">FIQUE ON \u00a0<\/mark><\/strong><\/h4>\n<p>Fique ligado em tudo que acontece em Ribeir\u00e3o Preto e regi\u00e3o. Siga os perfis do<strong>\u00a0acidade on\u00a0<\/strong>no\u00a0<a href=\"https:\/\/www.instagram.com\/acidadeonribeirao\" target=\"_blank\" rel=\"noreferrer noopener\">Instagram<\/a>\u00a0e no<a href=\"https:\/\/www.facebook.com\/acidadeonribeirao\" target=\"_blank\" rel=\"noreferrer noopener\">\u00a0Facebook.<\/a><\/p>\n<p>Receba not\u00edcias do<strong>\u00a0acidade on\u00a0<\/strong>no WhatsApp.\u00a0<a href=\"https:\/\/chat.whatsapp.com\/Bnv2w66ZT4VDyZW3oiZ69n\" target=\"_blank\" rel=\"noreferrer noopener\">Para entrar no grupo, basta clicar aqui.<\/a><\/p>\n<p>Fa\u00e7a uma den\u00fancia ou sugira uma reportagem sobre a Ribeir\u00e3o Preto e regi\u00e3o pelo WhatsApp:\u00a0<strong>16 99117 7802.<\/strong><\/p>\n<p>LEIA MAIS \u00a0<\/p>\n<p><a href=\"https:\/\/www.tudoep.com\/tudo-inovacao\/NOT,0,0,1868340,veja-como-bloquear-ligacoes-de-telemarketing-e-spam.aspx\" target=\"_blank\" rel=\"noreferrer noopener\">Veja como bloquear liga\u00e7\u00f5es de telemarketing e spam<\/a><\/p>\n<p><!-- AI CONTENT END 1 -->\n<\/div>\n<\/div>\n<p><script async src=\"\/\/www.instagram.com\/embed.js\"><\/script><br \/>\n<br \/><br \/>\n<br \/><a href=\"https:\/\/www.acidadeon.com\/ribeiraopreto\/lazer-e-cultura\/tudo-sobre-a-chegada-do-papai-noel-no-centro-de-ribeirao-preto\/\">Source link <\/a><\/p>\n<!-- CONTENT END 1 -->\n","protected":false},"excerpt":{"rendered":"<p>A chegada do Papai Noel em dezembro marca o fim de ano em Ribeir\u00e3o Preto, junto das decora\u00e7\u00f5es de Natal. A programa\u00e7\u00e3o faz parte da&#8230;<\/p>\n","protected":false},"author":1,"featured_media":9334,"comment_status":"open","ping_status":"open","sticky":false,"template":"","format":"standard","meta":{"advanced_seo_description":"","jetpack_seo_html_title":"","jetpack_seo_noindex":false,"jetpack_post_was_ever_published":false,"_jetpack_newsletter_access":"","_jetpack_dont_email_post_to_subs":false,"_jetpack_newsletter_tier_id":0,"_jetpack_memberships_contains_paywalled_content":false,"_jetpack_memberships_contains_paid_content":false,"footnotes":"","jetpack_publicize_message":"","jetpack_publicize_feature_enabled":true,"jetpack_social_post_already_shared":true,"jetpack_social_options":{"image_generator_settings":{"template":"highway","default_image_id":0,"font":"","enabled":false},"version":2}},"categories":[11],"tags":[418,1196,1198,1197,27,26,468,43],"class_list":["post-9333","post","type-post","status-publish","format-standard","has-post-thumbnail","hentry","category-noticias-de-ribeirao-preto-sp-e-regiao-ismael-colosi","tag-centro","tag-chegada","tag-noel","tag-papai","tag-preto","tag-ribeirao","tag-sobre","tag-tudo"],"jetpack_publicize_connections":[],"jetpack_featured_media_url":"https:\/\/i0.wp.com\/noticiasribeiraopreto.com.br\/wp-content\/uploads\/2023\/12\/papai-noel-foto-fabrica-de-retratos-acirp-scaled.jpg?fit=2560%2C1707&ssl=1","jetpack-related-posts":[{"id":60954,"url":"https:\/\/noticiasribeiraopreto.com.br\/index.php\/2024\/11\/29\/saiba-tudo-sobre-a-chegada-do-papai-noel-no-centro-de-ribeirao-preto\/","url_meta":{"origin":9333,"position":0},"title":"Saiba tudo sobre a chegada do Papai Noel no Centro de Ribeir\u00e3o Preto","author":"noticiasribeiraopreto.com.br","date":"29 de November de 2024","format":false,"excerpt":"A magia do Natal come\u00e7a em Ribeir\u00e3o Preto neste s\u00e1bado (30), \u00e0s 10h, com a inaugura\u00e7\u00e3o da decora\u00e7\u00e3o natalina no Centro da cidade e, claro, a chegada do Papai Noel. O Bom Velhinho desfilar\u00e1 pelas ruas do Centro junto com um grupo musical, elfos e outros seres m\u00e1gicos.\u00a0A caminhada termina\u2026","rel":"","context":"In &quot;Not\u00edcias de Ribeir\u00e3o Preto-SP e Regi\u00e3o&quot;","block_context":{"text":"Not\u00edcias de Ribeir\u00e3o Preto-SP e Regi\u00e3o","link":"https:\/\/noticiasribeiraopreto.com.br\/index.php\/category\/noticias-de-ribeirao-preto-sp-e-regiao-ismael-colosi\/"},"img":{"alt_text":"","src":"https:\/\/i0.wp.com\/noticiasribeiraopreto.com.br\/wp-content\/uploads\/2024\/11\/IGOR6650_2024-11-19_18-22-30_jpg_2024-11-19_18-22-34-scaled.webp.webp?fit=1200%2C800&ssl=1&resize=350%2C200","width":350,"height":200,"srcset":"https:\/\/i0.wp.com\/noticiasribeiraopreto.com.br\/wp-content\/uploads\/2024\/11\/IGOR6650_2024-11-19_18-22-30_jpg_2024-11-19_18-22-34-scaled.webp.webp?fit=1200%2C800&ssl=1&resize=350%2C200 1x, https:\/\/i0.wp.com\/noticiasribeiraopreto.com.br\/wp-content\/uploads\/2024\/11\/IGOR6650_2024-11-19_18-22-30_jpg_2024-11-19_18-22-34-scaled.webp.webp?fit=1200%2C800&ssl=1&resize=525%2C300 1.5x, https:\/\/i0.wp.com\/noticiasribeiraopreto.com.br\/wp-content\/uploads\/2024\/11\/IGOR6650_2024-11-19_18-22-30_jpg_2024-11-19_18-22-34-scaled.webp.webp?fit=1200%2C800&ssl=1&resize=700%2C400 2x, https:\/\/i0.wp.com\/noticiasribeiraopreto.com.br\/wp-content\/uploads\/2024\/11\/IGOR6650_2024-11-19_18-22-30_jpg_2024-11-19_18-22-34-scaled.webp.webp?fit=1200%2C800&ssl=1&resize=1050%2C600 3x"},"classes":[]},{"id":60968,"url":"https:\/\/noticiasribeiraopreto.com.br\/index.php\/2024\/11\/30\/veja-como-foi-a-chegada-do-papai-noel-ao-centro-de-ribeirao-preto-video\/","url_meta":{"origin":9333,"position":1},"title":"Veja como foi a chegada do Papai Noel ao Centro de Ribeir\u00e3o Preto; V\u00eddeo","author":"noticiasribeiraopreto.com.br","date":"30 de November de 2024","format":false,"excerpt":"O Papai Noel chegou ao Centro de Ribeir\u00e3o Preto na manh\u00e3 deste s\u00e1bado (30) com a inaugura\u00e7\u00e3o da decora\u00e7\u00e3o natalina \u2013 veja o v\u00eddeo abaixo. O Bom Velhinho poder\u00e1 ser visitado no Centro Cultural Palace, de segunda a sexta-feira, das 15h \u00e0s 21h (com entrada at\u00e9 20h), e aos s\u00e1bados\u2026","rel":"","context":"In &quot;Not\u00edcias de Ribeir\u00e3o Preto-SP e Regi\u00e3o&quot;","block_context":{"text":"Not\u00edcias de Ribeir\u00e3o Preto-SP e Regi\u00e3o","link":"https:\/\/noticiasribeiraopreto.com.br\/index.php\/category\/noticias-de-ribeirao-preto-sp-e-regiao-ismael-colosi\/"},"img":{"alt_text":"","src":"https:\/\/i0.wp.com\/noticiasribeiraopreto.com.br\/wp-content\/uploads\/2024\/11\/papai-noel_2024-11-30_14-26-03_jpg_2024-11-30_14-26-03.webp.webp?fit=1195%2C858&ssl=1&resize=350%2C200","width":350,"height":200,"srcset":"https:\/\/i0.wp.com\/noticiasribeiraopreto.com.br\/wp-content\/uploads\/2024\/11\/papai-noel_2024-11-30_14-26-03_jpg_2024-11-30_14-26-03.webp.webp?fit=1195%2C858&ssl=1&resize=350%2C200 1x, https:\/\/i0.wp.com\/noticiasribeiraopreto.com.br\/wp-content\/uploads\/2024\/11\/papai-noel_2024-11-30_14-26-03_jpg_2024-11-30_14-26-03.webp.webp?fit=1195%2C858&ssl=1&resize=525%2C300 1.5x, https:\/\/i0.wp.com\/noticiasribeiraopreto.com.br\/wp-content\/uploads\/2024\/11\/papai-noel_2024-11-30_14-26-03_jpg_2024-11-30_14-26-03.webp.webp?fit=1195%2C858&ssl=1&resize=700%2C400 2x, https:\/\/i0.wp.com\/noticiasribeiraopreto.com.br\/wp-content\/uploads\/2024\/11\/papai-noel_2024-11-30_14-26-03_jpg_2024-11-30_14-26-03.webp.webp?fit=1195%2C858&ssl=1&resize=1050%2C600 3x"},"classes":[]},{"id":882,"url":"https:\/\/noticiasribeiraopreto.com.br\/index.php\/2023\/11\/09\/ja-e-natal-tudo-sobre-o-papai-noel-nos-shoppings-de-ribeirao-preto\/","url_meta":{"origin":9333,"position":2},"title":"J\u00e1 \u00e9 Natal: Tudo sobre o Papai Noel nos shoppings de Ribeir\u00e3o Preto\u00a0","author":"noticiasribeiraopreto.com.br","date":"9 de November de 2023","format":false,"excerpt":"O clima de Natal j\u00e1 pode ser visto nos shoppings de Ribeir\u00e3o Preto com a presen\u00e7a do Papai Noel e com as decora\u00e7\u00f5es natalinas. O acidade on fez uma lista com todos os dias e hor\u00e1rios que as crian\u00e7as podem fazer os pedidos ao \u2018Bom Velhinho\u2019. SHOPPING IGUATEMI O Shopping\u2026","rel":"","context":"In &quot;Not\u00edcias de Ribeir\u00e3o Preto-SP e Regi\u00e3o&quot;","block_context":{"text":"Not\u00edcias de Ribeir\u00e3o Preto-SP e Regi\u00e3o","link":"https:\/\/noticiasribeiraopreto.com.br\/index.php\/category\/noticias-de-ribeirao-preto-sp-e-regiao-ismael-colosi\/"},"img":{"alt_text":"","src":"https:\/\/i0.wp.com\/noticiasribeiraopreto.com.br\/wp-content\/uploads\/2023\/11\/santa-claus-1906513_1280.jpg?fit=1200%2C800&ssl=1&resize=350%2C200","width":350,"height":200,"srcset":"https:\/\/i0.wp.com\/noticiasribeiraopreto.com.br\/wp-content\/uploads\/2023\/11\/santa-claus-1906513_1280.jpg?fit=1200%2C800&ssl=1&resize=350%2C200 1x, https:\/\/i0.wp.com\/noticiasribeiraopreto.com.br\/wp-content\/uploads\/2023\/11\/santa-claus-1906513_1280.jpg?fit=1200%2C800&ssl=1&resize=525%2C300 1.5x, https:\/\/i0.wp.com\/noticiasribeiraopreto.com.br\/wp-content\/uploads\/2023\/11\/santa-claus-1906513_1280.jpg?fit=1200%2C800&ssl=1&resize=700%2C400 2x, https:\/\/i0.wp.com\/noticiasribeiraopreto.com.br\/wp-content\/uploads\/2023\/11\/santa-claus-1906513_1280.jpg?fit=1200%2C800&ssl=1&resize=1050%2C600 3x"},"classes":[]},{"id":79643,"url":"https:\/\/noticiasribeiraopreto.com.br\/index.php\/2025\/11\/05\/natal-2025-confira-quando-os-shoppings-de-ribeirao-recebem-o-papai-noel\/","url_meta":{"origin":9333,"position":3},"title":"Natal 2025: confira quando os shoppings de Ribeir\u00e3o recebem o Papai Noel","author":"noticiasribeiraopreto.com.br","date":"5 de November de 2025","format":false,"excerpt":"Os shoppings de Ribeir\u00e3o Preto v\u00e3o entrar em clima de Natal a partir do dia 7 de novembro, com a chegada do Papai Noel e decora\u00e7\u00f5es natalinas. Confira abaixo todos os detalhes da passagem do velhinho pela cidade e regi\u00e3o. Ribeir\u00e3o Shopping O Ribeir\u00e3o Shopping inaugura oficialmente sua decora\u00e7\u00e3o natalina\u2026","rel":"","context":"In &quot;Not\u00edcias de Ribeir\u00e3o Preto-SP e Regi\u00e3o&quot;","block_context":{"text":"Not\u00edcias de Ribeir\u00e3o Preto-SP e Regi\u00e3o","link":"https:\/\/noticiasribeiraopreto.com.br\/index.php\/category\/noticias-de-ribeirao-preto-sp-e-regiao-ismael-colosi\/"},"img":{"alt_text":"","src":"https:\/\/i0.wp.com\/noticiasribeiraopreto.com.br\/wp-content\/uploads\/2025\/11\/WhatsApp-Image-2025-11-04-at-09.42.14_2025-11-04_15-10-13.webp.webp?fit=1200%2C799&ssl=1&resize=350%2C200","width":350,"height":200,"srcset":"https:\/\/i0.wp.com\/noticiasribeiraopreto.com.br\/wp-content\/uploads\/2025\/11\/WhatsApp-Image-2025-11-04-at-09.42.14_2025-11-04_15-10-13.webp.webp?fit=1200%2C799&ssl=1&resize=350%2C200 1x, https:\/\/i0.wp.com\/noticiasribeiraopreto.com.br\/wp-content\/uploads\/2025\/11\/WhatsApp-Image-2025-11-04-at-09.42.14_2025-11-04_15-10-13.webp.webp?fit=1200%2C799&ssl=1&resize=525%2C300 1.5x, https:\/\/i0.wp.com\/noticiasribeiraopreto.com.br\/wp-content\/uploads\/2025\/11\/WhatsApp-Image-2025-11-04-at-09.42.14_2025-11-04_15-10-13.webp.webp?fit=1200%2C799&ssl=1&resize=700%2C400 2x, https:\/\/i0.wp.com\/noticiasribeiraopreto.com.br\/wp-content\/uploads\/2025\/11\/WhatsApp-Image-2025-11-04-at-09.42.14_2025-11-04_15-10-13.webp.webp?fit=1200%2C799&ssl=1&resize=1050%2C600 3x"},"classes":[]},{"id":9683,"url":"https:\/\/noticiasribeiraopreto.com.br\/index.php\/2023\/12\/02\/veja-as-fotos-da-chegada-do-papai-noel-ao-centro-de-ribeirao-1\/","url_meta":{"origin":9333,"position":4},"title":"Veja as fotos da chegada do Papai Noel ao Centro de Ribeir\u00e3o","author":"noticiasribeiraopreto.com.br","date":"2 de December de 2023","format":false,"excerpt":"O Papai Noel chegou ao Centro de Ribeir\u00e3o Preto, na manh\u00e3 deste s\u00e1bado (2), acompanhado de banda musical, elfos e outros seres m\u00e1gicos, que alegraram o dia dos adultos e crian\u00e7as que passaram pelo Cal\u00e7ad\u00e3o. O evento foi o in\u00edcio da 21\u00aa edi\u00e7\u00e3o da campanha Natal Luz da Associa\u00e7\u00e3o Comercial\u2026","rel":"","context":"In &quot;Not\u00edcias de Ribeir\u00e3o Preto-SP e Regi\u00e3o&quot;","block_context":{"text":"Not\u00edcias de Ribeir\u00e3o Preto-SP e Regi\u00e3o","link":"https:\/\/noticiasribeiraopreto.com.br\/index.php\/category\/noticias-de-ribeirao-preto-sp-e-regiao-ismael-colosi\/"},"img":{"alt_text":"","src":"https:\/\/i0.wp.com\/noticiasribeiraopreto.com.br\/wp-content\/uploads\/2023\/12\/IGOR6945-scaled.jpg?fit=1200%2C800&ssl=1&resize=350%2C200","width":350,"height":200,"srcset":"https:\/\/i0.wp.com\/noticiasribeiraopreto.com.br\/wp-content\/uploads\/2023\/12\/IGOR6945-scaled.jpg?fit=1200%2C800&ssl=1&resize=350%2C200 1x, https:\/\/i0.wp.com\/noticiasribeiraopreto.com.br\/wp-content\/uploads\/2023\/12\/IGOR6945-scaled.jpg?fit=1200%2C800&ssl=1&resize=525%2C300 1.5x, https:\/\/i0.wp.com\/noticiasribeiraopreto.com.br\/wp-content\/uploads\/2023\/12\/IGOR6945-scaled.jpg?fit=1200%2C800&ssl=1&resize=700%2C400 2x, https:\/\/i0.wp.com\/noticiasribeiraopreto.com.br\/wp-content\/uploads\/2023\/12\/IGOR6945-scaled.jpg?fit=1200%2C800&ssl=1&resize=1050%2C600 3x"},"classes":[]},{"id":19455,"url":"https:\/\/noticiasribeiraopreto.com.br\/index.php\/2023\/12\/22\/tudo-sobre-a-parada-de-natal-que-acontece-hoje-no-centro-de-ribeirao-preto\/","url_meta":{"origin":9333,"position":5},"title":"Tudo sobre a Parada de Natal que acontece hoje no Centro de Ribeir\u00e3o Preto","author":"noticiasribeiraopreto.com.br","date":"22 de December de 2023","format":false,"excerpt":"O Papai Noel vai se despedir do Centro de Ribeir\u00e3o Preto, nesta sexta-feira (22), a partir das 18 horas, com a Parada de Natal. O evento come\u00e7a no Pal\u00e1cio do Noel, espa\u00e7o montado no Centro Cultural Palace, no Quarteir\u00e3o Paulista, e percorre o Cal\u00e7ad\u00e3o, retornando \u00e0 Esplanada do Teatro Pedro\u2026","rel":"","context":"In &quot;Not\u00edcias de Ribeir\u00e3o Preto-SP e Regi\u00e3o&quot;","block_context":{"text":"Not\u00edcias de Ribeir\u00e3o Preto-SP e Regi\u00e3o","link":"https:\/\/noticiasribeiraopreto.com.br\/index.php\/category\/noticias-de-ribeirao-preto-sp-e-regiao-ismael-colosi\/"},"img":{"alt_text":"","src":"https:\/\/i0.wp.com\/noticiasribeiraopreto.com.br\/wp-content\/uploads\/2023\/12\/Natal-Luz-2020-credito-Fabrica-de-Retratos-4-min-scaled.jpg?fit=1200%2C800&ssl=1&resize=350%2C200","width":350,"height":200,"srcset":"https:\/\/i0.wp.com\/noticiasribeiraopreto.com.br\/wp-content\/uploads\/2023\/12\/Natal-Luz-2020-credito-Fabrica-de-Retratos-4-min-scaled.jpg?fit=1200%2C800&ssl=1&resize=350%2C200 1x, https:\/\/i0.wp.com\/noticiasribeiraopreto.com.br\/wp-content\/uploads\/2023\/12\/Natal-Luz-2020-credito-Fabrica-de-Retratos-4-min-scaled.jpg?fit=1200%2C800&ssl=1&resize=525%2C300 1.5x, https:\/\/i0.wp.com\/noticiasribeiraopreto.com.br\/wp-content\/uploads\/2023\/12\/Natal-Luz-2020-credito-Fabrica-de-Retratos-4-min-scaled.jpg?fit=1200%2C800&ssl=1&resize=700%2C400 2x, https:\/\/i0.wp.com\/noticiasribeiraopreto.com.br\/wp-content\/uploads\/2023\/12\/Natal-Luz-2020-credito-Fabrica-de-Retratos-4-min-scaled.jpg?fit=1200%2C800&ssl=1&resize=1050%2C600 3x"},"classes":[]}],"jetpack_sharing_enabled":true,"jetpack_shortlink":"https:\/\/wp.me\/peQAOb-2qx","_links":{"self":[{"href":"https:\/\/noticiasribeiraopreto.com.br\/index.php\/wp-json\/wp\/v2\/posts\/9333","targetHints":{"allow":["GET"]}}],"collection":[{"href":"https:\/\/noticiasribeiraopreto.com.br\/index.php\/wp-json\/wp\/v2\/posts"}],"about":[{"href":"https:\/\/noticiasribeiraopreto.com.br\/index.php\/wp-json\/wp\/v2\/types\/post"}],"author":[{"embeddable":true,"href":"https:\/\/noticiasribeiraopreto.com.br\/index.php\/wp-json\/wp\/v2\/users\/1"}],"replies":[{"embeddable":true,"href":"https:\/\/noticiasribeiraopreto.com.br\/index.php\/wp-json\/wp\/v2\/comments?post=9333"}],"version-history":[{"count":0,"href":"https:\/\/noticiasribeiraopreto.com.br\/index.php\/wp-json\/wp\/v2\/posts\/9333\/revisions"}],"wp:featuredmedia":[{"embeddable":true,"href":"https:\/\/noticiasribeiraopreto.com.br\/index.php\/wp-json\/wp\/v2\/media\/9334"}],"wp:attachment":[{"href":"https:\/\/noticiasribeiraopreto.com.br\/index.php\/wp-json\/wp\/v2\/media?parent=9333"}],"wp:term":[{"taxonomy":"category","embeddable":true,"href":"https:\/\/noticiasribeiraopreto.com.br\/index.php\/wp-json\/wp\/v2\/categories?post=9333"},{"taxonomy":"post_tag","embeddable":true,"href":"https:\/\/noticiasribeiraopreto.com.br\/index.php\/wp-json\/wp\/v2\/tags?post=9333"}],"curies":[{"name":"wp","href":"https:\/\/api.w.org\/{rel}","templated":true}]}}