{"id":9343,"date":"2023-12-01T22:54:48","date_gmt":"2023-12-02T01:54:48","guid":{"rendered":"https:\/\/noticiasribeiraopreto.com.br\/index.php\/2023\/12\/01\/prime-video-anuncia-24-lancamentos-para-dezembro-veja-a-lista\/"},"modified":"2023-12-01T22:54:48","modified_gmt":"2023-12-02T01:54:48","slug":"prime-video-anuncia-24-lancamentos-para-dezembro-veja-a-lista","status":"publish","type":"post","link":"https:\/\/noticiasribeiraopreto.com.br\/index.php\/2023\/12\/01\/prime-video-anuncia-24-lancamentos-para-dezembro-veja-a-lista\/","title":{"rendered":"Prime Video anuncia 24 lan\u00e7amentos para dezembro; veja a lista"},"content":{"rendered":"<div class='code-block code-block-1' style='margin: 8px 0 8px auto; text-align: right; display: block; clear: both;'>\n<p><a href=\"https:\/\/wa.link\/vpicfd\"><img data-recalc-dims=\"1\" class=\"wp-image-4922\" style=\"aspect-ratio: 2.0253164556962027; width: 561px; height: auto;\" src=\"https:\/\/i0.wp.com\/ismaelcolosi.com.br\/wp-content\/uploads\/2023\/11\/grupo-de-empregos-whatsapp-e-facebook-ismael-colosi-vagas.jpg?ssl=1\" alt=\"\" \/><\/a><\/p>\n<!-- \/wp:image -->\n<\/div>\n<p> <br \/>\n<\/p>\n<div id=\"attachment_2316120\">\n<div class=\"d-flex justify-content-center\" data-attachment-id=\"2316120\">\n<div class=\"position-relative d-inline-block\"><img data-recalc-dims=\"1\" data-portal-copyright=\"Depositphotos\/celt.sarmat\" fetchpriority=\"high\" decoding=\"async\" class=\"wp-image-2316120 size-full\" src=\"https:\/\/i0.wp.com\/catracalivre.com.br\/wp-content\/uploads\/2023\/12\/depositphotos-447661614-xl-1-scaled-e1701454719552.jpg?resize=2560%2C1459&#038;ssl=1\" alt=\"O que estreia no Prime Video em dezembro?\" width=\"2560\" height=\"1459\" srcset=\"https:\/\/catracalivre.com.br\/wp-content\/uploads\/2023\/12\/depositphotos-447661614-xl-1-scaled-e1701454719552.jpg 2560w, https:\/\/catracalivre.com.br\/wp-content\/uploads\/2023\/12\/depositphotos-447661614-xl-1-scaled-e1701454719552-450x256.jpg 450w, https:\/\/catracalivre.com.br\/wp-content\/uploads\/2023\/12\/depositphotos-447661614-xl-1-scaled-e1701454719552-768x438.jpg 768w\" sizes=\"(max-width: 2560px) 100vw, 2560px\"\/><\/p>\n<p>Cr\u00e9ditos: Depositphotos\/celt.sarmat<\/p>\n<\/div>\n<\/div>\n<p><span class=\"post-imagem__legenda\">O que estreia no Prime Video em dezembro?<\/span><\/p>\n<\/div>\n<p><a href=\"https:\/\/catracalivre.com.br\/entretenimento\/mais-de-30-filmes-e-series-chegam-a-netflix-em-dezembro-confira\/\" target=\"_blank\" rel=\"noopener\">Dezembro<\/a> chegou e com ele o Prime Video divulgou, nesta sexta-feira, 1\u00ba, a lista com os <a href=\"https:\/\/catracalivre.com.br\/entretenimento\/estas-5-series-da-netflix-terao-uma-nova-temporada-em-dezembro\/\" target=\"_blank\" rel=\"noopener\">lan\u00e7amentos<\/a> do m\u00eas.<\/p>\n<p>Entre os destaques, os assinantes ter\u00e3o os filmes \u201cGolda \u2013 A Mulher de Uma Na\u00e7\u00e3o\u201d e \u201cA Batalha de Natal\u201d, al\u00e9m do sucesso \u201cBarbie\u201d, que se tornou a maior bilheteria dos cinemas em 2023. J\u00e1 sobre s\u00e9ries, a 2\u00aa temporada de \u201cReacher\u201d estreia na terceira semana de dezembro.<\/p>\n<p>Abaixo, confira a lista completa com os novos filmes e s\u00e9ries do <a href=\"https:\/\/www.primevideo.com\/?_encoding=UTF8&amp;language=pt_BR\" target=\"_blank\" rel=\"noopener\">servi\u00e7o de streaming<\/a> Amazon Prime Video.<\/p>\n<p><script>\n\t\t! function(f, b, e, v, n, t, s) {\n\t\t\tif (f.fbq) return;\n\t\t\tn = f.fbq = function() {\n\t\t\t\tn.callMethod ?\n\t\t\t\t\tn.callMethod.apply(n, arguments) : n.queue.push(arguments)\n\t\t\t};\n\t\t\tif (!f._fbq) f._fbq = n;\n\t\t\tn.push = n;\n\t\t\tn.loaded = !0;\n\t\t\tn.version = '2.0';\n\t\t\tn.queue = [];\n\t\t\tt = b.createElement(e);\n\t\t\tt.async = !0;\n\t\t\tt.src = v;\n\t\t\ts = b.getElementsByTagName(e)[0];\n\t\t\ts.parentNode.insertBefore(t, s)\n\t\t}(window, document, 'script',\n\t\t\t'https:\/\/connect.facebook.net\/en_US\/fbevents.js');\n\t\tfbq('init', '338315473262380');\n\t\tfbq('track', 'PageView');\n\t<\/script><br \/>\n<br \/><br \/>\n<br \/><a href=\"https:\/\/catracalivre.com.br\/entretenimento\/prime-video-anuncia-24-lancamentos-para-dezembro-veja-a-lista\/\">Source link <\/a><\/p>\n<!-- CONTENT END 1 -->\n","protected":false},"excerpt":{"rendered":"<p>Cr\u00e9ditos: Depositphotos\/celt.sarmat O que estreia no Prime Video em dezembro? Dezembro chegou e com ele o Prime Video divulgou, nesta sexta-feira, 1\u00ba, a lista com&#8230;<\/p>\n","protected":false},"author":1,"featured_media":9344,"comment_status":"open","ping_status":"open","sticky":false,"template":"","format":"standard","meta":{"advanced_seo_description":"","jetpack_seo_html_title":"","jetpack_seo_noindex":false,"jetpack_post_was_ever_published":false,"_jetpack_newsletter_access":"","_jetpack_dont_email_post_to_subs":false,"_jetpack_newsletter_tier_id":0,"_jetpack_memberships_contains_paywalled_content":false,"_jetpack_memberships_contains_paid_content":false,"footnotes":"","jetpack_publicize_message":"","jetpack_publicize_feature_enabled":true,"jetpack_social_post_already_shared":true,"jetpack_social_options":{"image_generator_settings":{"template":"highway","default_image_id":0,"font":"","enabled":false},"version":2}},"categories":[19],"tags":[],"class_list":["post-9343","post","type-post","status-publish","format-standard","has-post-thumbnail","hentry","category-variedades"],"jetpack_publicize_connections":[],"jetpack_featured_media_url":"https:\/\/i0.wp.com\/noticiasribeiraopreto.com.br\/wp-content\/uploads\/2023\/12\/depositphotos-447661614-xl-1-scaled-e1701454719552.jpg?fit=1200%2C638&ssl=1","jetpack-related-posts":[{"id":15044,"url":"https:\/\/noticiasribeiraopreto.com.br\/index.php\/2023\/12\/12\/dragon-ball-super-super-hero-chega-ao-prime-video-meu-valor-digital\/","url_meta":{"origin":9343,"position":0},"title":"Dragon Ball Super: Super Hero chega ao Prime Video &#8211; Meu Valor Digital","author":"noticiasribeiraopreto.com.br","date":"12 de December de 2023","format":false,"excerpt":"Dragon Ball Super: Super Hero \u00e9 um filme de anima\u00e7\u00e3o de fantasia, o vig\u00e9simo primeiro longa da s\u00e9rie de mang\u00e1 e anime Dragon Ball. Sendo o segundo filme baseado na s\u00e9rie Dragon Ball Super e o quarto produzido com o envolvimento direto de Akira Toriyama e o primeiro a ser\u2026","rel":"","context":"In &quot;Vagas de Emprego em Ribeir\u00e3o Preto-SP&quot;","block_context":{"text":"Vagas de Emprego em Ribeir\u00e3o Preto-SP","link":"https:\/\/noticiasribeiraopreto.com.br\/index.php\/category\/empregos-classificados-vagas-trabalho\/vagas-de-empregos-em-ribeirao-preto-regiao-brasil\/"},"img":{"alt_text":"","src":"https:\/\/i0.wp.com\/noticiasribeiraopreto.com.br\/wp-content\/uploads\/2023\/12\/Dragon-Ball-Super-Super-Hero-1.jpg?fit=1200%2C774&ssl=1&resize=350%2C200","width":350,"height":200,"srcset":"https:\/\/i0.wp.com\/noticiasribeiraopreto.com.br\/wp-content\/uploads\/2023\/12\/Dragon-Ball-Super-Super-Hero-1.jpg?fit=1200%2C774&ssl=1&resize=350%2C200 1x, https:\/\/i0.wp.com\/noticiasribeiraopreto.com.br\/wp-content\/uploads\/2023\/12\/Dragon-Ball-Super-Super-Hero-1.jpg?fit=1200%2C774&ssl=1&resize=525%2C300 1.5x, https:\/\/i0.wp.com\/noticiasribeiraopreto.com.br\/wp-content\/uploads\/2023\/12\/Dragon-Ball-Super-Super-Hero-1.jpg?fit=1200%2C774&ssl=1&resize=700%2C400 2x, https:\/\/i0.wp.com\/noticiasribeiraopreto.com.br\/wp-content\/uploads\/2023\/12\/Dragon-Ball-Super-Super-Hero-1.jpg?fit=1200%2C774&ssl=1&resize=1050%2C600 3x"},"classes":[]},{"id":15681,"url":"https:\/\/noticiasribeiraopreto.com.br\/index.php\/2023\/12\/14\/estes-5-filmes-de-natal-sao-os-melhores-do-prime-video-e-voce-ainda-nao-viu\/","url_meta":{"origin":9343,"position":1},"title":"Estes 5 filmes de Natal s\u00e3o os melhores do Prime V\u00eddeo e voc\u00ea ainda n\u00e3o viu","author":"noticiasribeiraopreto.com.br","date":"14 de December de 2023","format":false,"excerpt":"Cr\u00e9ditos: iStock\/demaerreFilmes de Natal para ver na Prime Video Dezembro chegou e, com ele, \u00e9 hora de conferir aqueles cl\u00e1ssicos filmes natalinos que o p\u00fablico ama. Para isso, o Prime Video tem uma variedade de longas escondidos no cat\u00e1logo.\u00a0 A \u00e9poca \u00e9 t\u00e3o especial para centenas de assinantes, que um\u2026","rel":"","context":"In &quot;Variedades&quot;","block_context":{"text":"Variedades","link":"https:\/\/noticiasribeiraopreto.com.br\/index.php\/category\/variedades\/"},"img":{"alt_text":"","src":"https:\/\/i0.wp.com\/noticiasribeiraopreto.com.br\/wp-content\/uploads\/2023\/12\/istock-1434838235.jpg?fit=1200%2C638&ssl=1&resize=350%2C200","width":350,"height":200,"srcset":"https:\/\/i0.wp.com\/noticiasribeiraopreto.com.br\/wp-content\/uploads\/2023\/12\/istock-1434838235.jpg?fit=1200%2C638&ssl=1&resize=350%2C200 1x, https:\/\/i0.wp.com\/noticiasribeiraopreto.com.br\/wp-content\/uploads\/2023\/12\/istock-1434838235.jpg?fit=1200%2C638&ssl=1&resize=525%2C300 1.5x, https:\/\/i0.wp.com\/noticiasribeiraopreto.com.br\/wp-content\/uploads\/2023\/12\/istock-1434838235.jpg?fit=1200%2C638&ssl=1&resize=700%2C400 2x, https:\/\/i0.wp.com\/noticiasribeiraopreto.com.br\/wp-content\/uploads\/2023\/12\/istock-1434838235.jpg?fit=1200%2C638&ssl=1&resize=1050%2C600 3x"},"classes":[]},{"id":14392,"url":"https:\/\/noticiasribeiraopreto.com.br\/index.php\/2023\/12\/12\/reacher-2a-temporada-nesta-sexta-feira-dia-15-no-prime-video-meu-valor-digital\/","url_meta":{"origin":9343,"position":2},"title":"&#8216;Reacher&#8217;: 2\u00aa temporada nesta sexta-feira, dia 15 no Prime Video &#8211; Meu Valor Digital","author":"noticiasribeiraopreto.com.br","date":"12 de December de 2023","format":false,"excerpt":"'Reacher': 2\u00aa temporada nesta sexta-feira, dia 15 no Prime Video - Meu Valor Digital - Not\u00edcias atualizadas In\u00edcioChamadas\u2018Reacher\u2019: 2\u00aa temporada nesta sexta-feira, dia 15 no Prime Video Source link","rel":"","context":"In &quot;Vagas de Emprego em Ribeir\u00e3o Preto-SP&quot;","block_context":{"text":"Vagas de Emprego em Ribeir\u00e3o Preto-SP","link":"https:\/\/noticiasribeiraopreto.com.br\/index.php\/category\/empregos-classificados-vagas-trabalho\/vagas-de-empregos-em-ribeirao-preto-regiao-brasil\/"},"img":{"alt_text":"","src":"https:\/\/i0.wp.com\/noticiasribeiraopreto.com.br\/wp-content\/uploads\/2023\/12\/Reacher-2a-tempora-1.jpg?fit=1200%2C774&ssl=1&resize=350%2C200","width":350,"height":200,"srcset":"https:\/\/i0.wp.com\/noticiasribeiraopreto.com.br\/wp-content\/uploads\/2023\/12\/Reacher-2a-tempora-1.jpg?fit=1200%2C774&ssl=1&resize=350%2C200 1x, https:\/\/i0.wp.com\/noticiasribeiraopreto.com.br\/wp-content\/uploads\/2023\/12\/Reacher-2a-tempora-1.jpg?fit=1200%2C774&ssl=1&resize=525%2C300 1.5x, https:\/\/i0.wp.com\/noticiasribeiraopreto.com.br\/wp-content\/uploads\/2023\/12\/Reacher-2a-tempora-1.jpg?fit=1200%2C774&ssl=1&resize=700%2C400 2x, https:\/\/i0.wp.com\/noticiasribeiraopreto.com.br\/wp-content\/uploads\/2023\/12\/Reacher-2a-tempora-1.jpg?fit=1200%2C774&ssl=1&resize=1050%2C600 3x"},"classes":[]},{"id":16840,"url":"https:\/\/noticiasribeiraopreto.com.br\/index.php\/2023\/12\/16\/o-primeiro-natal-do-mundo-filme-brasileiro-esta-disponivel-no-prime-video-meu-valor-digital\/","url_meta":{"origin":9343,"position":3},"title":"\u201cO Primeiro Natal do Mundo\u201d: filme brasileiro est\u00e1 dispon\u00edvel no Prime Video &#8211; Meu Valor Digital","author":"noticiasribeiraopreto.com.br","date":"16 de December de 2023","format":false,"excerpt":"\u201cO Primeiro Natal do Mundo\u201d: filme brasileiro est\u00e1 dispon\u00edvel no Prime Video - Meu Valor Digital - Not\u00edcias atualizadas In\u00edcioChamadas\u201cO Primeiro Natal do Mundo\u201d: filme brasileiro est\u00e1 dispon\u00edvel no Prime Video Source link","rel":"","context":"In &quot;Vagas de Emprego em Ribeir\u00e3o Preto-SP&quot;","block_context":{"text":"Vagas de Emprego em Ribeir\u00e3o Preto-SP","link":"https:\/\/noticiasribeiraopreto.com.br\/index.php\/category\/empregos-classificados-vagas-trabalho\/vagas-de-empregos-em-ribeirao-preto-regiao-brasil\/"},"img":{"alt_text":"","src":"https:\/\/i0.wp.com\/noticiasribeiraopreto.com.br\/wp-content\/uploads\/2023\/12\/O-Primeiro-Natal-do-Mundo-1.jpg?fit=1200%2C774&ssl=1&resize=350%2C200","width":350,"height":200,"srcset":"https:\/\/i0.wp.com\/noticiasribeiraopreto.com.br\/wp-content\/uploads\/2023\/12\/O-Primeiro-Natal-do-Mundo-1.jpg?fit=1200%2C774&ssl=1&resize=350%2C200 1x, https:\/\/i0.wp.com\/noticiasribeiraopreto.com.br\/wp-content\/uploads\/2023\/12\/O-Primeiro-Natal-do-Mundo-1.jpg?fit=1200%2C774&ssl=1&resize=525%2C300 1.5x, https:\/\/i0.wp.com\/noticiasribeiraopreto.com.br\/wp-content\/uploads\/2023\/12\/O-Primeiro-Natal-do-Mundo-1.jpg?fit=1200%2C774&ssl=1&resize=700%2C400 2x, https:\/\/i0.wp.com\/noticiasribeiraopreto.com.br\/wp-content\/uploads\/2023\/12\/O-Primeiro-Natal-do-Mundo-1.jpg?fit=1200%2C774&ssl=1&resize=1050%2C600 3x"},"classes":[]},{"id":18218,"url":"https:\/\/noticiasribeiraopreto.com.br\/index.php\/2023\/12\/19\/prime-video-lanca-nova-versao-do-zorro-estreia-sera-em-janeiro-meu-valor-digital\/","url_meta":{"origin":9343,"position":4},"title":"Prime Video lan\u00e7a nova vers\u00e3o do Zorro. Estreia ser\u00e1 em janeiro &#8211; Meu Valor Digital","author":"noticiasribeiraopreto.com.br","date":"19 de December de 2023","format":false,"excerpt":"Prime Video lan\u00e7a nova vers\u00e3o do Zorro. Estreia ser\u00e1 em janeiro - Meu Valor Digital - Not\u00edcias atualizadas In\u00edcioChamadasPrime Video lan\u00e7a nova vers\u00e3o do Zorro. Estreia ser\u00e1 em janeiro Source link","rel":"","context":"In &quot;Vagas de Emprego em Ribeir\u00e3o Preto-SP&quot;","block_context":{"text":"Vagas de Emprego em Ribeir\u00e3o Preto-SP","link":"https:\/\/noticiasribeiraopreto.com.br\/index.php\/category\/empregos-classificados-vagas-trabalho\/vagas-de-empregos-em-ribeirao-preto-regiao-brasil\/"},"img":{"alt_text":"","src":"https:\/\/i0.wp.com\/noticiasribeiraopreto.com.br\/wp-content\/uploads\/2023\/12\/8-Zorro.jpg?fit=1200%2C773&ssl=1&resize=350%2C200","width":350,"height":200,"srcset":"https:\/\/i0.wp.com\/noticiasribeiraopreto.com.br\/wp-content\/uploads\/2023\/12\/8-Zorro.jpg?fit=1200%2C773&ssl=1&resize=350%2C200 1x, https:\/\/i0.wp.com\/noticiasribeiraopreto.com.br\/wp-content\/uploads\/2023\/12\/8-Zorro.jpg?fit=1200%2C773&ssl=1&resize=525%2C300 1.5x, https:\/\/i0.wp.com\/noticiasribeiraopreto.com.br\/wp-content\/uploads\/2023\/12\/8-Zorro.jpg?fit=1200%2C773&ssl=1&resize=700%2C400 2x, https:\/\/i0.wp.com\/noticiasribeiraopreto.com.br\/wp-content\/uploads\/2023\/12\/8-Zorro.jpg?fit=1200%2C773&ssl=1&resize=1050%2C600 3x"},"classes":[]},{"id":6009,"url":"https:\/\/noticiasribeiraopreto.com.br\/index.php\/2023\/11\/24\/este-streaming-vai-encerrar-as-operacoes-no-brasil-em-dezembro\/","url_meta":{"origin":9343,"position":5},"title":"Este streaming vai encerrar as opera\u00e7\u00f5es no Brasil em dezembro","author":"noticiasribeiraopreto.com.br","date":"24 de November de 2023","format":false,"excerpt":"Cr\u00e9ditos: Depositphotos\/NewAfricaStreaming vai encerrar as opera\u00e7\u00f5es no Brasil em dezembro A plataforma de streaming, Lionsgate+, anunciou que encerrar\u00e1 suas atividades no Brasil e em toda a Am\u00e9rica Latina. Em uma decis\u00e3o que pegou muitos de surpresa, a empresa revelou que deixar\u00e1 a regi\u00e3o no final deste ano, com data marcada\u2026","rel":"","context":"In &quot;Variedades&quot;","block_context":{"text":"Variedades","link":"https:\/\/noticiasribeiraopreto.com.br\/index.php\/category\/variedades\/"},"img":{"alt_text":"","src":"https:\/\/i0.wp.com\/noticiasribeiraopreto.com.br\/wp-content\/uploads\/2023\/11\/depositphotos-376847286-xl-scaled.jpg?fit=1200%2C638&ssl=1&resize=350%2C200","width":350,"height":200,"srcset":"https:\/\/i0.wp.com\/noticiasribeiraopreto.com.br\/wp-content\/uploads\/2023\/11\/depositphotos-376847286-xl-scaled.jpg?fit=1200%2C638&ssl=1&resize=350%2C200 1x, https:\/\/i0.wp.com\/noticiasribeiraopreto.com.br\/wp-content\/uploads\/2023\/11\/depositphotos-376847286-xl-scaled.jpg?fit=1200%2C638&ssl=1&resize=525%2C300 1.5x, https:\/\/i0.wp.com\/noticiasribeiraopreto.com.br\/wp-content\/uploads\/2023\/11\/depositphotos-376847286-xl-scaled.jpg?fit=1200%2C638&ssl=1&resize=700%2C400 2x, https:\/\/i0.wp.com\/noticiasribeiraopreto.com.br\/wp-content\/uploads\/2023\/11\/depositphotos-376847286-xl-scaled.jpg?fit=1200%2C638&ssl=1&resize=1050%2C600 3x"},"classes":[]}],"jetpack_sharing_enabled":true,"jetpack_shortlink":"https:\/\/wp.me\/peQAOb-2qH","_links":{"self":[{"href":"https:\/\/noticiasribeiraopreto.com.br\/index.php\/wp-json\/wp\/v2\/posts\/9343","targetHints":{"allow":["GET"]}}],"collection":[{"href":"https:\/\/noticiasribeiraopreto.com.br\/index.php\/wp-json\/wp\/v2\/posts"}],"about":[{"href":"https:\/\/noticiasribeiraopreto.com.br\/index.php\/wp-json\/wp\/v2\/types\/post"}],"author":[{"embeddable":true,"href":"https:\/\/noticiasribeiraopreto.com.br\/index.php\/wp-json\/wp\/v2\/users\/1"}],"replies":[{"embeddable":true,"href":"https:\/\/noticiasribeiraopreto.com.br\/index.php\/wp-json\/wp\/v2\/comments?post=9343"}],"version-history":[{"count":0,"href":"https:\/\/noticiasribeiraopreto.com.br\/index.php\/wp-json\/wp\/v2\/posts\/9343\/revisions"}],"wp:featuredmedia":[{"embeddable":true,"href":"https:\/\/noticiasribeiraopreto.com.br\/index.php\/wp-json\/wp\/v2\/media\/9344"}],"wp:attachment":[{"href":"https:\/\/noticiasribeiraopreto.com.br\/index.php\/wp-json\/wp\/v2\/media?parent=9343"}],"wp:term":[{"taxonomy":"category","embeddable":true,"href":"https:\/\/noticiasribeiraopreto.com.br\/index.php\/wp-json\/wp\/v2\/categories?post=9343"},{"taxonomy":"post_tag","embeddable":true,"href":"https:\/\/noticiasribeiraopreto.com.br\/index.php\/wp-json\/wp\/v2\/tags?post=9343"}],"curies":[{"name":"wp","href":"https:\/\/api.w.org\/{rel}","templated":true}]}}