{"id":9353,"date":"2023-12-01T13:00:06","date_gmt":"2023-12-01T16:00:06","guid":{"rendered":"https:\/\/noticiasribeiraopreto.com.br\/index.php\/2023\/12\/01\/acirp-vai-lancar-polo-charcuteiro\/"},"modified":"2023-12-01T13:00:06","modified_gmt":"2023-12-01T16:00:06","slug":"acirp-vai-lancar-polo-charcuteiro","status":"publish","type":"post","link":"https:\/\/noticiasribeiraopreto.com.br\/index.php\/2023\/12\/01\/acirp-vai-lancar-polo-charcuteiro\/","title":{"rendered":"Acirp vai lan\u00e7ar Polo Charcuteiro \u00a0"},"content":{"rendered":"<div class='code-block code-block-1' style='margin: 8px 0 8px auto; text-align: right; display: block; clear: both;'>\n<p><a href=\"https:\/\/wa.link\/vpicfd\"><img data-recalc-dims=\"1\" class=\"wp-image-4922\" style=\"aspect-ratio: 2.0253164556962027; width: 561px; height: auto;\" src=\"https:\/\/i0.wp.com\/ismaelcolosi.com.br\/wp-content\/uploads\/2023\/11\/grupo-de-empregos-whatsapp-e-facebook-ismael-colosi-vagas.jpg?ssl=1\" alt=\"\" \/><\/a><\/p>\n<!-- \/wp:image -->\n<\/div>\n<p> <br \/>\n<\/p>\n<div id=\"post-365883\">\n<header class=\"entry-header penci-entry-header penci-title-center\">\n<p> <span class=\"entry-meta-item penci-posted-on\"><i class=\"fa fa-clock-o\"\/><time class=\"entry-date published\" datetime=\"2023-12-01T13:00:06-03:00\">1 de dezembro de 2023 | 13:00<\/time><time class=\"updated\" datetime=\"2023-12-01T08:45:39-03:00\">1 de dezembro de 2023 | 8:45<\/time><\/span><\/p>\n<p> <span class=\"penci-social-buttons penci-social-share-footer\"><a href=\"#\" class=\"penci-post-like penci_post-meta_item  single-like-button penci-social-item like\" data-post_id=\"365883\" title=\"Like\" data-like=\"Like\" data-unlike=\"Unlike\"><i class=\"fa fa-thumbs-o-up\"\/><span class=\"penci-share-number\">0<\/span><\/a><i class=\"fa fa-facebook\"\/><a class=\"penci-social-item twitter\" target=\"_blank\" rel=\"noopener\" title=\"\" href=\"https:\/\/twitter.com\/intent\/tweet?text=Acirp%20vai%20lan\u00e7ar%20Polo%20Charcuteiro%20\u00a0%20-%20https:\/\/www.tribunaribeirao.com.br\/site\/acirp-vai-lancar-polo-charcuteiro\/\"><i class=\"fa fa-twitter\"\/><\/a><i class=\"fa fa-whatsapp\"\/><\/span><\/header>\n<div class=\"penci-entry-content entry-content\">\n<p><span class=\"TextRun SCXW262586629 BCX0\" lang=\"PT-BR\" xml:lang=\"PT-BR\" data-contrast=\"auto\"><span class=\"NormalTextRun SCXW262586629 BCX0\">A Associa\u00e7\u00e3o Comercial e Industrial de Ribeir\u00e3o Preto (<\/span><span class=\"NormalTextRun SpellingErrorV2Themed SCXW262586629 BCX0\">Acirp<\/span><span class=\"NormalTextRun SCXW262586629 BCX0\">) re\u00fane convidados e empres\u00e1rios do setor nesta sexta-feira, 1\u00ba de dezembro, 12) para o lan\u00e7amento oficial do <\/span><span class=\"NormalTextRun SCXW262586629 BCX0\">Polo<\/span> <span class=\"NormalTextRun SCXW262586629 BCX0\">Charcuteiro<\/span><span class=\"NormalTextRun SCXW262586629 BCX0\"> do Programa Empreender. O evento ser\u00e1 \u00e0s 19 horas no Sal\u00e3o Nobre da sede Centro (<\/span><span class=\"NormalTextRun SCXW262586629 BCX0\">r<\/span><span class=\"NormalTextRun SCXW262586629 BCX0\">ua<\/span><span class=\"NormalTextRun SCXW262586629 BCX0\"> Visconde de Inha\u00fama<\/span><span class=\"NormalTextRun SCXW262586629 BCX0\"> n\u00ba <\/span><span class=\"NormalTextRun SCXW262586629 BCX0\">489). <\/span><\/span><span class=\"LineBreakBlob BlobObject DragDrop SCXW262586629 BCX0\"><span class=\"SCXW262586629 BCX0\">\u00a0<\/span><br class=\"SCXW262586629 BCX0\"\/><\/span><span class=\"LineBreakBlob BlobObject DragDrop SCXW262586629 BCX0\"><span class=\"SCXW262586629 BCX0\">\u00a0<\/span><\/span><span class=\"TextRun SCXW262586629 BCX0\" lang=\"PT-BR\" xml:lang=\"PT-BR\" data-contrast=\"auto\"><span class=\"NormalTextRun SCXW262586629 BCX0\">A entrada \u00e9 gratuita para empres\u00e1rios do segmento, mas as vagas s\u00e3o limitadas e as inscri\u00e7\u00f5es devem ser feitas pelo <\/span><span class=\"NormalTextRun SCXW262586629 BCX0\">WhatsApp<\/span><span class=\"NormalTextRun SCXW262586629 BCX0\"> (16) 99384-6457.\u00a0\u00a0<\/span> <span class=\"NormalTextRun SCXW262586629 BCX0\">No evento ser\u00e3o apresentadas as a\u00e7\u00f5es realizadas pelo novo N\u00facleo Setorial desde o in\u00edcio de sua forma\u00e7\u00e3o em agosto do ano passado, bem como as metas do conjunto, composto por empresas do setor de <\/span><span class=\"NormalTextRun SCXW262586629 BCX0\">charcutaria<\/span><span class=\"NormalTextRun SCXW262586629 BCX0\"> associadas da <\/span><span class=\"NormalTextRun SpellingErrorV2Themed SCXW262586629 BCX0\">Acirp<\/span><span class=\"NormalTextRun SCXW262586629 BCX0\">. <\/span><\/span><span class=\"LineBreakBlob BlobObject DragDrop SCXW262586629 BCX0\"><span class=\"SCXW262586629 BCX0\">\u00a0<\/span><br class=\"SCXW262586629 BCX0\"\/><\/span><span class=\"LineBreakBlob BlobObject DragDrop SCXW262586629 BCX0\"><span class=\"SCXW262586629 BCX0\">\u00a0<\/span><br class=\"SCXW262586629 BCX0\"\/><\/span><span class=\"TextRun SCXW262586629 BCX0\" lang=\"PT-BR\" xml:lang=\"PT-BR\" data-contrast=\"auto\"><span class=\"NormalTextRun SCXW262586629 BCX0\">Uma das metas do <\/span><span class=\"NormalTextRun SCXW262586629 BCX0\">n<\/span><span class=\"NormalTextRun SCXW262586629 BCX0\">\u00facleo, em conjunto com outras institui\u00e7\u00f5es locais, entre elas o Servi\u00e7o Brasileiro de Apoio \u00e0s Micro e Pequenas Empresas <\/span><span class=\"NormalTextRun SCXW262586629 BCX0\">do Estado de S\u00e3o Paulo (<\/span><span class=\"NormalTextRun SCXW262586629 BCX0\">Sebrae<\/span><span class=\"NormalTextRun SCXW262586629 BCX0\">-SP)<\/span><span class=\"NormalTextRun SCXW262586629 BCX0\">, \u00e9 conquistar o selo regulado pelo Servi\u00e7o de Inspe\u00e7\u00e3o Municipal (SIM), chancela concedida pelos \u00f3rg\u00e3os de vigil\u00e2ncia sanit\u00e1ria da <\/span><span class=\"NormalTextRun SCXW262586629 BCX0\">p<\/span><span class=\"NormalTextRun SCXW262586629 BCX0\">refeitura <\/span><span class=\"NormalTextRun SCXW262586629 BCX0\">de Ribeir\u00e3o Preto <\/span><span class=\"NormalTextRun SCXW262586629 BCX0\">que pode sair ainda este ano. <\/span><\/span><span class=\"LineBreakBlob BlobObject DragDrop SCXW262586629 BCX0\"><span class=\"SCXW262586629 BCX0\">\u00a0<\/span><br class=\"SCXW262586629 BCX0\"\/><\/span><span class=\"LineBreakBlob BlobObject DragDrop SCXW262586629 BCX0\"><span class=\"SCXW262586629 BCX0\">\u00a0<\/span><br class=\"SCXW262586629 BCX0\"\/><\/span><span class=\"TextRun SCXW262586629 BCX0\" lang=\"PT-BR\" xml:lang=\"PT-BR\" data-contrast=\"auto\"><span class=\"NormalTextRun SCXW262586629 BCX0\">\u201cO selo permite a comercializa\u00e7\u00e3o de produtos artesanais e vem para consolidar um ano de muito trabalho em prol da produ\u00e7\u00e3o <\/span><span class=\"NormalTextRun SpellingErrorV2Themed SCXW262586629 BCX0\">charcuteira<\/span><span class=\"NormalTextRun SCXW262586629 BCX0\"> da regi\u00e3o\u201d, <\/span><span class=\"NormalTextRun ContextualSpellingAndGrammarErrorV2Themed SCXW262586629 BCX0\">afirma<\/span><span class=\"NormalTextRun ContextualSpellingAndGrammarErrorV2Themed SCXW262586629 BCX0\">\u00a0 <\/span><span class=\"NormalTextRun ContextualSpellingAndGrammarErrorV2Themed SCXW262586629 BCX0\">o<\/span><span class=\"NormalTextRun SCXW262586629 BCX0\"> gestor de Marketing e Rela\u00e7\u00f5es Institucionais da <\/span><span class=\"NormalTextRun SpellingErrorV2Themed SCXW262586629 BCX0\">Acirp<\/span><span class=\"NormalTextRun SCXW262586629 BCX0\">, Carlos Ferreira.\u00a0 <\/span><\/span><span class=\"LineBreakBlob BlobObject DragDrop SCXW262586629 BCX0\"><span class=\"SCXW262586629 BCX0\">\u00a0<\/span><br class=\"SCXW262586629 BCX0\"\/><\/span><span class=\"LineBreakBlob BlobObject DragDrop SCXW262586629 BCX0\"><span class=\"SCXW262586629 BCX0\">\u00a0<\/span><br class=\"SCXW262586629 BCX0\"\/><\/span><span class=\"TextRun SCXW262586629 BCX0\" lang=\"PT-BR\" xml:lang=\"PT-BR\" data-contrast=\"auto\"><span class=\"NormalTextRun SCXW262586629 BCX0\">A regulariza\u00e7\u00e3o e divulga\u00e7\u00e3o do setor s\u00e3o metas do <\/span><span class=\"NormalTextRun SCXW262586629 BCX0\">Polo<\/span><span class=\"NormalTextRun SCXW262586629 BCX0\">, que tem por objetivo disseminar a cultura <\/span><span class=\"NormalTextRun SpellingErrorV2Themed SCXW262586629 BCX0\">charcuteira<\/span><span class=\"NormalTextRun SCXW262586629 BCX0\"> e buscar representatividade para a categoria, al\u00e9m de trabalhar uma melhor gest\u00e3o interna dessas empresas por meio do Programa <\/span><span class=\"NormalTextRun SCXW262586629 BCX0\">Empreender<\/span><span class=\"NormalTextRun SCXW262586629 BCX0\">.\u00a0 <\/span><\/span><span class=\"LineBreakBlob BlobObject DragDrop SCXW262586629 BCX0\"><span class=\"SCXW262586629 BCX0\">\u00a0<\/span><br class=\"SCXW262586629 BCX0\"\/><\/span><span class=\"LineBreakBlob BlobObject DragDrop SCXW262586629 BCX0\"><span class=\"SCXW262586629 BCX0\">\u00a0<\/span><br class=\"SCXW262586629 BCX0\"\/><\/span><span class=\"TextRun SCXW262586629 BCX0\" lang=\"PT-BR\" xml:lang=\"PT-BR\" data-contrast=\"auto\"><span class=\"NormalTextRun SCXW262586629 BCX0\">\u201cAp\u00f3s o per\u00edodo de organiza\u00e7\u00e3o, o N\u00facleo <\/span><span class=\"NormalTextRun SCXW262586629 BCX0\">Charcuteiro<\/span><span class=\"NormalTextRun SCXW262586629 BCX0\"> vai ativar oficialmente todo o seu potencial. <\/span><span class=\"NormalTextRun ContextualSpellingAndGrammarErrorV2Themed SCXW262586629 BCX0\">Tratam-se<\/span><span class=\"NormalTextRun SCXW262586629 BCX0\"> de produtos <\/span><span class=\"NormalTextRun SCXW262586629 BCX0\">premium<\/span><span class=\"NormalTextRun SCXW262586629 BCX0\"> da nossa cidade e regi\u00e3o que, com a obten\u00e7\u00e3o do selo, poder\u00e3o ser difundidos e comercializados, garantindo proced\u00eancia do produto para o consumidor, retorno dos impostos para o munic\u00edpio e bons neg\u00f3cios para o empresariado, completa Ferreira.\u00a0\u00a0 <\/span><\/span><span class=\"LineBreakBlob BlobObject DragDrop SCXW262586629 BCX0\"><span class=\"SCXW262586629 BCX0\">\u00a0<\/span><br class=\"SCXW262586629 BCX0\"\/><\/span><span class=\"LineBreakBlob BlobObject DragDrop SCXW262586629 BCX0\"><span class=\"SCXW262586629 BCX0\">\u00a0<\/span><br class=\"SCXW262586629 BCX0\"\/><\/span><\/p>\n<\/div>\n<footer class=\"penci-entry-footer\"\/><\/div>\n<p><script async src=\"\/\/platform.twitter.com\/widgets.js\" charset=\"utf-8\"><\/script><br \/>\n<br \/><br \/>\n<br \/><a href=\"https:\/\/www.tribunaribeirao.com.br\/site\/acirp-vai-lancar-polo-charcuteiro\/\">Source link <\/a><\/p>\n<!-- CONTENT END 1 -->\n","protected":false},"excerpt":{"rendered":"<p>1 de dezembro de 2023 | 13:001 de dezembro de 2023 | 8:45 0 A Associa\u00e7\u00e3o Comercial e Industrial de Ribeir\u00e3o Preto (Acirp) re\u00fane convidados&#8230;<\/p>\n","protected":false},"author":1,"featured_media":9354,"comment_status":"open","ping_status":"open","sticky":false,"template":"","format":"standard","meta":{"advanced_seo_description":"","jetpack_seo_html_title":"","jetpack_seo_noindex":false,"jetpack_post_was_ever_published":false,"_jetpack_newsletter_access":"","_jetpack_dont_email_post_to_subs":false,"_jetpack_newsletter_tier_id":0,"_jetpack_memberships_contains_paywalled_content":false,"_jetpack_memberships_contains_paid_content":false,"footnotes":"","jetpack_publicize_message":"","jetpack_publicize_feature_enabled":true,"jetpack_social_post_already_shared":true,"jetpack_social_options":{"image_generator_settings":{"template":"highway","default_image_id":0,"font":"","enabled":false},"version":2}},"categories":[11],"tags":[1276,1279,1277,1278,529],"class_list":["post-9353","post","type-post","status-publish","format-standard","has-post-thumbnail","hentry","category-noticias-de-ribeirao-preto-sp-e-regiao-ismael-colosi","tag-acirp","tag-charcuteiro","tag-lancar","tag-polo","tag-vai"],"jetpack_publicize_connections":[],"jetpack_featured_media_url":"https:\/\/i0.wp.com\/noticiasribeiraopreto.com.br\/wp-content\/uploads\/2023\/12\/charque-scaled.jpg?fit=1000%2C563&ssl=1","jetpack-related-posts":[{"id":11653,"url":"https:\/\/noticiasribeiraopreto.com.br\/index.php\/2023\/12\/06\/natal-luz-da-acirp-leva-papai-noel-ao-centro-e-aos-bairros\/","url_meta":{"origin":9353,"position":0},"title":"Natal Luz da Acirp leva Papai Noel ao Centro e aos bairros","author":"noticiasribeiraopreto.com.br","date":"6 de December de 2023","format":false,"excerpt":"O Papai Noel e a Associa\u00e7\u00e3o Comercial e Industrial de Ribeir\u00e3o Preto (Acirp) v\u00e3o espalhar a magia do Natal por todos os cantos da cidade durante todo o m\u00eas de dezembro. Al\u00e9m do Pal\u00e1cio do Papai Noel, aberto todos os dias para visita\u00e7\u00e3o no Centro Cultural Palace, no Quarteir\u00e3o Paulista,\u2026","rel":"","context":"In &quot;Not\u00edcias de Ribeir\u00e3o Preto-SP e Regi\u00e3o&quot;","block_context":{"text":"Not\u00edcias de Ribeir\u00e3o Preto-SP e Regi\u00e3o","link":"https:\/\/noticiasribeiraopreto.com.br\/index.php\/category\/noticias-de-ribeirao-preto-sp-e-regiao-ismael-colosi\/"},"img":{"alt_text":"","src":"https:\/\/i0.wp.com\/noticiasribeiraopreto.com.br\/wp-content\/uploads\/2023\/12\/1701888364_1.png?fit=820%2C524&ssl=1&resize=350%2C200","width":350,"height":200,"srcset":"https:\/\/i0.wp.com\/noticiasribeiraopreto.com.br\/wp-content\/uploads\/2023\/12\/1701888364_1.png?fit=820%2C524&ssl=1&resize=350%2C200 1x, https:\/\/i0.wp.com\/noticiasribeiraopreto.com.br\/wp-content\/uploads\/2023\/12\/1701888364_1.png?fit=820%2C524&ssl=1&resize=525%2C300 1.5x, https:\/\/i0.wp.com\/noticiasribeiraopreto.com.br\/wp-content\/uploads\/2023\/12\/1701888364_1.png?fit=820%2C524&ssl=1&resize=700%2C400 2x"},"classes":[]},{"id":9683,"url":"https:\/\/noticiasribeiraopreto.com.br\/index.php\/2023\/12\/02\/veja-as-fotos-da-chegada-do-papai-noel-ao-centro-de-ribeirao-1\/","url_meta":{"origin":9353,"position":1},"title":"Veja as fotos da chegada do Papai Noel ao Centro de Ribeir\u00e3o","author":"noticiasribeiraopreto.com.br","date":"2 de December de 2023","format":false,"excerpt":"O Papai Noel chegou ao Centro de Ribeir\u00e3o Preto, na manh\u00e3 deste s\u00e1bado (2), acompanhado de banda musical, elfos e outros seres m\u00e1gicos, que alegraram o dia dos adultos e crian\u00e7as que passaram pelo Cal\u00e7ad\u00e3o. O evento foi o in\u00edcio da 21\u00aa edi\u00e7\u00e3o da campanha Natal Luz da Associa\u00e7\u00e3o Comercial\u2026","rel":"","context":"In &quot;Not\u00edcias de Ribeir\u00e3o Preto-SP e Regi\u00e3o&quot;","block_context":{"text":"Not\u00edcias de Ribeir\u00e3o Preto-SP e Regi\u00e3o","link":"https:\/\/noticiasribeiraopreto.com.br\/index.php\/category\/noticias-de-ribeirao-preto-sp-e-regiao-ismael-colosi\/"},"img":{"alt_text":"","src":"https:\/\/i0.wp.com\/noticiasribeiraopreto.com.br\/wp-content\/uploads\/2023\/12\/IGOR6945-scaled.jpg?fit=1200%2C800&ssl=1&resize=350%2C200","width":350,"height":200,"srcset":"https:\/\/i0.wp.com\/noticiasribeiraopreto.com.br\/wp-content\/uploads\/2023\/12\/IGOR6945-scaled.jpg?fit=1200%2C800&ssl=1&resize=350%2C200 1x, https:\/\/i0.wp.com\/noticiasribeiraopreto.com.br\/wp-content\/uploads\/2023\/12\/IGOR6945-scaled.jpg?fit=1200%2C800&ssl=1&resize=525%2C300 1.5x, https:\/\/i0.wp.com\/noticiasribeiraopreto.com.br\/wp-content\/uploads\/2023\/12\/IGOR6945-scaled.jpg?fit=1200%2C800&ssl=1&resize=700%2C400 2x, https:\/\/i0.wp.com\/noticiasribeiraopreto.com.br\/wp-content\/uploads\/2023\/12\/IGOR6945-scaled.jpg?fit=1200%2C800&ssl=1&resize=1050%2C600 3x"},"classes":[]},{"id":43120,"url":"https:\/\/noticiasribeiraopreto.com.br\/index.php\/2024\/03\/19\/acirp-vai-subsidiar-estacionamento-no-centro-de-rp\/","url_meta":{"origin":9353,"position":2},"title":"Acirp vai subsidiar estacionamento no centro de RP","author":"noticiasribeiraopreto.com.br","date":"19 de March de 2024","format":false,"excerpt":"19 de mar\u00e7o de 2024 | 13:0019 de mar\u00e7o de 2024 | 9:17 0A Associa\u00e7\u00e3o Comercial e Industrial de Ribeir\u00e3o Preto (Acirp) vai bancar o estacionamento para os clientes que forem \u00e0s compras na rua Bar\u00e3o do Amazonas durante o per\u00edodo que durarem as obras de mobilidade urbana na via.\u2026","rel":"","context":"In &quot;Not\u00edcias de Ribeir\u00e3o Preto-SP e Regi\u00e3o&quot;","block_context":{"text":"Not\u00edcias de Ribeir\u00e3o Preto-SP e Regi\u00e3o","link":"https:\/\/noticiasribeiraopreto.com.br\/index.php\/category\/noticias-de-ribeirao-preto-sp-e-regiao-ismael-colosi\/"},"img":{"alt_text":"","src":"https:\/\/i0.wp.com\/noticiasribeiraopreto.com.br\/wp-content\/uploads\/2024\/03\/AcirpOBRAS-Max-Gallao-Mesquita-scaled.jpg?fit=967%2C645&ssl=1&resize=350%2C200","width":350,"height":200,"srcset":"https:\/\/i0.wp.com\/noticiasribeiraopreto.com.br\/wp-content\/uploads\/2024\/03\/AcirpOBRAS-Max-Gallao-Mesquita-scaled.jpg?fit=967%2C645&ssl=1&resize=350%2C200 1x, https:\/\/i0.wp.com\/noticiasribeiraopreto.com.br\/wp-content\/uploads\/2024\/03\/AcirpOBRAS-Max-Gallao-Mesquita-scaled.jpg?fit=967%2C645&ssl=1&resize=525%2C300 1.5x, https:\/\/i0.wp.com\/noticiasribeiraopreto.com.br\/wp-content\/uploads\/2024\/03\/AcirpOBRAS-Max-Gallao-Mesquita-scaled.jpg?fit=967%2C645&ssl=1&resize=700%2C400 2x"},"classes":[]},{"id":7501,"url":"https:\/\/noticiasribeiraopreto.com.br\/index.php\/2023\/11\/28\/varejo-vai-abrir-ate-as-22-horas\/","url_meta":{"origin":9353,"position":3},"title":"Varejo vai abrir at\u00e9 as 22 horas\u00a0","author":"noticiasribeiraopreto.com.br","date":"28 de November de 2023","format":false,"excerpt":"A Associa\u00e7\u00e3o Comercial e Industrial de Ribeir\u00e3o Preto (Acirp) informa que a partir desta sexta-feira, 1\u00ba de dezembro, ter\u00e1 in\u00edcio o hor\u00e1rio estendido das lojas do com\u00e9rcio varejista para as compras de Natal. A abertura at\u00e9 as 22 horas \u00e9 facultativa.\u00a0\u201cA ideia \u00e9 que as lojas de rua abram at\u00e9\u2026","rel":"","context":"In &quot;Not\u00edcias de Ribeir\u00e3o Preto-SP e Regi\u00e3o&quot;","block_context":{"text":"Not\u00edcias de Ribeir\u00e3o Preto-SP e Regi\u00e3o","link":"https:\/\/noticiasribeiraopreto.com.br\/index.php\/category\/noticias-de-ribeirao-preto-sp-e-regiao-ismael-colosi\/"},"img":{"alt_text":"","src":"https:\/\/i0.wp.com\/noticiasribeiraopreto.com.br\/wp-content\/uploads\/2023\/11\/NatalLuz-scaled.jpg?fit=1200%2C800&ssl=1&resize=350%2C200","width":350,"height":200,"srcset":"https:\/\/i0.wp.com\/noticiasribeiraopreto.com.br\/wp-content\/uploads\/2023\/11\/NatalLuz-scaled.jpg?fit=1200%2C800&ssl=1&resize=350%2C200 1x, https:\/\/i0.wp.com\/noticiasribeiraopreto.com.br\/wp-content\/uploads\/2023\/11\/NatalLuz-scaled.jpg?fit=1200%2C800&ssl=1&resize=525%2C300 1.5x, https:\/\/i0.wp.com\/noticiasribeiraopreto.com.br\/wp-content\/uploads\/2023\/11\/NatalLuz-scaled.jpg?fit=1200%2C800&ssl=1&resize=700%2C400 2x, https:\/\/i0.wp.com\/noticiasribeiraopreto.com.br\/wp-content\/uploads\/2023\/11\/NatalLuz-scaled.jpg?fit=1200%2C800&ssl=1&resize=1050%2C600 3x"},"classes":[]},{"id":84876,"url":"https:\/\/noticiasribeiraopreto.com.br\/index.php\/2026\/04\/17\/sandra-brandani-e-aclamada-para-novo-trienio-como-presidente-da-acirp\/","url_meta":{"origin":9353,"position":4},"title":"Sandra Brandani \u00e9 aclamada para novo tri\u00eanio como presidente da Acirp","author":"noticiasribeiraopreto.com.br","date":"17 de April de 2026","format":false,"excerpt":"Ler o resumo da not\u00edcia Sandra Brandani Picinato foi aclamada presidente da Acirp para novo tri\u00eanio de abril\u202f2024 a abril\u202f2029. A escolha, sem vota\u00e7\u00e3o, contou com a aprova\u00e7\u00e3o de mais de 130 membros da diretoria e ocorreu no Sal\u00e3o Nobre da sede da associa\u00e7\u00e3o em 16\u202fde\u202fabril. Este \u00e9 o segundo\u2026","rel":"","context":"In &quot;Not\u00edcias de Ribeir\u00e3o Preto-SP e Regi\u00e3o&quot;","block_context":{"text":"Not\u00edcias de Ribeir\u00e3o Preto-SP e Regi\u00e3o","link":"https:\/\/noticiasribeiraopreto.com.br\/index.php\/category\/noticias-de-ribeirao-preto-sp-e-regiao-ismael-colosi\/"},"img":{"alt_text":"","src":"https:\/\/i0.wp.com\/noticiasribeiraopreto.com.br\/wp-content\/uploads\/2026\/04\/sandra_2026-04-17_12-50-22-e1776430315400.webp.webp?fit=1200%2C867&ssl=1&resize=350%2C200","width":350,"height":200,"srcset":"https:\/\/i0.wp.com\/noticiasribeiraopreto.com.br\/wp-content\/uploads\/2026\/04\/sandra_2026-04-17_12-50-22-e1776430315400.webp.webp?fit=1200%2C867&ssl=1&resize=350%2C200 1x, https:\/\/i0.wp.com\/noticiasribeiraopreto.com.br\/wp-content\/uploads\/2026\/04\/sandra_2026-04-17_12-50-22-e1776430315400.webp.webp?fit=1200%2C867&ssl=1&resize=525%2C300 1.5x, https:\/\/i0.wp.com\/noticiasribeiraopreto.com.br\/wp-content\/uploads\/2026\/04\/sandra_2026-04-17_12-50-22-e1776430315400.webp.webp?fit=1200%2C867&ssl=1&resize=700%2C400 2x, https:\/\/i0.wp.com\/noticiasribeiraopreto.com.br\/wp-content\/uploads\/2026\/04\/sandra_2026-04-17_12-50-22-e1776430315400.webp.webp?fit=1200%2C867&ssl=1&resize=1050%2C600 3x"},"classes":[]},{"id":74824,"url":"https:\/\/noticiasribeiraopreto.com.br\/index.php\/2025\/07\/29\/acirp-centraliza-atendimentos-presenciais-no-centro-de-ribeirao-preto\/","url_meta":{"origin":9353,"position":5},"title":"Acirp centraliza atendimentos presenciais no Centro de Ribeir\u00e3o Preto","author":"noticiasribeiraopreto.com.br","date":"29 de July de 2025","format":false,"excerpt":"A Acirp (Associa\u00e7\u00e3o Comercial e Industrial de Ribeir\u00e3o Preto) anunciou que vai centralizar o atendimento presencial das seis distritais na sede da entidade, na sede da associa\u00e7\u00e3o, que fica no Centro de Ribeir\u00e3o Preto. Os canais digitais de cada regional seguem ativos e com atendimento direcionado ao perfil geogr\u00e1fico dos\u2026","rel":"","context":"In &quot;Not\u00edcias de Ribeir\u00e3o Preto-SP e Regi\u00e3o&quot;","block_context":{"text":"Not\u00edcias de Ribeir\u00e3o Preto-SP e Regi\u00e3o","link":"https:\/\/noticiasribeiraopreto.com.br\/index.php\/category\/noticias-de-ribeirao-preto-sp-e-regiao-ismael-colosi\/"},"img":{"alt_text":"","src":"https:\/\/i0.wp.com\/noticiasribeiraopreto.com.br\/wp-content\/uploads\/2025\/07\/AnyConv.com__acirp.webp.webp?fit=696%2C409&ssl=1&resize=350%2C200","width":350,"height":200,"srcset":"https:\/\/i0.wp.com\/noticiasribeiraopreto.com.br\/wp-content\/uploads\/2025\/07\/AnyConv.com__acirp.webp.webp?fit=696%2C409&ssl=1&resize=350%2C200 1x, https:\/\/i0.wp.com\/noticiasribeiraopreto.com.br\/wp-content\/uploads\/2025\/07\/AnyConv.com__acirp.webp.webp?fit=696%2C409&ssl=1&resize=525%2C300 1.5x"},"classes":[]}],"jetpack_sharing_enabled":true,"jetpack_shortlink":"https:\/\/wp.me\/peQAOb-2qR","_links":{"self":[{"href":"https:\/\/noticiasribeiraopreto.com.br\/index.php\/wp-json\/wp\/v2\/posts\/9353","targetHints":{"allow":["GET"]}}],"collection":[{"href":"https:\/\/noticiasribeiraopreto.com.br\/index.php\/wp-json\/wp\/v2\/posts"}],"about":[{"href":"https:\/\/noticiasribeiraopreto.com.br\/index.php\/wp-json\/wp\/v2\/types\/post"}],"author":[{"embeddable":true,"href":"https:\/\/noticiasribeiraopreto.com.br\/index.php\/wp-json\/wp\/v2\/users\/1"}],"replies":[{"embeddable":true,"href":"https:\/\/noticiasribeiraopreto.com.br\/index.php\/wp-json\/wp\/v2\/comments?post=9353"}],"version-history":[{"count":0,"href":"https:\/\/noticiasribeiraopreto.com.br\/index.php\/wp-json\/wp\/v2\/posts\/9353\/revisions"}],"wp:featuredmedia":[{"embeddable":true,"href":"https:\/\/noticiasribeiraopreto.com.br\/index.php\/wp-json\/wp\/v2\/media\/9354"}],"wp:attachment":[{"href":"https:\/\/noticiasribeiraopreto.com.br\/index.php\/wp-json\/wp\/v2\/media?parent=9353"}],"wp:term":[{"taxonomy":"category","embeddable":true,"href":"https:\/\/noticiasribeiraopreto.com.br\/index.php\/wp-json\/wp\/v2\/categories?post=9353"},{"taxonomy":"post_tag","embeddable":true,"href":"https:\/\/noticiasribeiraopreto.com.br\/index.php\/wp-json\/wp\/v2\/tags?post=9353"}],"curies":[{"name":"wp","href":"https:\/\/api.w.org\/{rel}","templated":true}]}}