{"id":9355,"date":"2023-12-01T23:24:17","date_gmt":"2023-12-02T02:24:17","guid":{"rendered":"https:\/\/noticiasribeiraopreto.com.br\/index.php\/2023\/12\/01\/claudia-forte-no-jornal-da-gazeta\/"},"modified":"2023-12-01T23:24:17","modified_gmt":"2023-12-02T02:24:17","slug":"claudia-forte-no-jornal-da-gazeta","status":"publish","type":"post","link":"https:\/\/noticiasribeiraopreto.com.br\/index.php\/2023\/12\/01\/claudia-forte-no-jornal-da-gazeta\/","title":{"rendered":"Claudia Forte no Jornal da Gazeta"},"content":{"rendered":"<div class='code-block code-block-1' style='margin: 8px 0 8px auto; text-align: right; display: block; clear: both;'>\n<p><a href=\"https:\/\/wa.link\/vpicfd\"><img data-recalc-dims=\"1\" class=\"wp-image-4922\" style=\"aspect-ratio: 2.0253164556962027; width: 561px; height: auto;\" src=\"https:\/\/i0.wp.com\/ismaelcolosi.com.br\/wp-content\/uploads\/2023\/11\/grupo-de-empregos-whatsapp-e-facebook-ismael-colosi-vagas.jpg?ssl=1\" alt=\"\" \/><\/a><\/p>\n<!-- \/wp:image -->\n<\/div>\n<p> <br \/>\n<\/p>\n<div class=\"grve-section grve-fullwidth-background grve-padding-top-1x grve-padding-bottom-1x grve-bg-none\">\n<div class=\"grve-container\">\n<div class=\"grve-row grve-bookmark grve-columns-gap-30\">\n<div class=\"grve-column wpb_column grve-column-1\">\n<div class=\"grve-column-wrapper\">\n<div class=\"grve-element grve-text\">\n<p>A superintendente da AEF-Brasil, Claudia Forte foi entrevistada pela jornalista Denise Campos de Toledo para o Jornal da Gazeta.<\/p>\n<\/p><\/div>\n<\/p><\/div>\n<\/p><\/div>\n<\/p><\/div>\n<\/div>\n<div class=\"grve-background-wrapper\"><\/div>\n<\/div>\n<p>O post <a rel=\"nofollow\" href=\"https:\/\/www.vidaedinheiro.gov.br\/claudia-forte-jornal-da-gazeta\/\">Claudia Forte no Jornal da Gazeta<\/a> apareceu primeiro em <a rel=\"nofollow\" href=\"https:\/\/www.vidaedinheiro.gov.br\">ENEF<\/a>.<\/p>\n<p><br \/>\n<br \/><a href=\"https:\/\/www.vidaedinheiro.gov.br\/claudia-forte-jornal-da-gazeta\/\">Source link <\/a><\/p>\n<!-- CONTENT END 1 -->\n","protected":false},"excerpt":{"rendered":"<p>A superintendente da AEF-Brasil, Claudia Forte foi entrevistada pela jornalista Denise Campos de Toledo para o Jornal da Gazeta. O post Claudia Forte no Jornal&#8230;<\/p>\n","protected":false},"author":1,"featured_media":0,"comment_status":"open","ping_status":"open","sticky":false,"template":"","format":"standard","meta":{"advanced_seo_description":"","jetpack_seo_html_title":"","jetpack_seo_noindex":false,"jetpack_post_was_ever_published":false,"_jetpack_newsletter_access":"","_jetpack_dont_email_post_to_subs":false,"_jetpack_newsletter_tier_id":0,"_jetpack_memberships_contains_paywalled_content":false,"_jetpack_memberships_contains_paid_content":false,"footnotes":"","jetpack_publicize_message":"","jetpack_publicize_feature_enabled":true,"jetpack_social_post_already_shared":true,"jetpack_social_options":{"image_generator_settings":{"template":"highway","default_image_id":0,"font":"","enabled":false},"version":2}},"categories":[1235],"tags":[],"class_list":["post-9355","post","type-post","status-publish","format-standard","hentry","category-dinheiro-e-investimento-como-fazer-como-ganhar"],"jetpack_publicize_connections":[],"jetpack_featured_media_url":"","jetpack-related-posts":[{"id":9284,"url":"https:\/\/noticiasribeiraopreto.com.br\/index.php\/2023\/12\/01\/claudia-forte-no-canal-futura\/","url_meta":{"origin":9355,"position":0},"title":"Claudia Forte no Canal Futura","author":"noticiasribeiraopreto.com.br","date":"1 de December de 2023","format":false,"excerpt":"A superintendente da AEF-Brasil, Claudia Forte participou de um bate-bapo no programa Conex\u00e3o, do Canal Futura, sobre a vida financeira dos jovens. Acompanhe clicando aqui. O post Claudia Forte no Canal Futura apareceu primeiro em ENEF. Source link","rel":"","context":"In &quot;Dinheiro e Investimento&quot;","block_context":{"text":"Dinheiro e Investimento","link":"https:\/\/noticiasribeiraopreto.com.br\/index.php\/category\/dinheiro-e-investimento-como-fazer-como-ganhar\/"},"img":{"alt_text":"","src":"https:\/\/i0.wp.com\/noticiasribeiraopreto.com.br\/wp-content\/uploads\/2023\/12\/CF_CanalFutura-700x525.jpg?fit=700%2C525&ssl=1&resize=350%2C200","width":350,"height":200,"srcset":"https:\/\/i0.wp.com\/noticiasribeiraopreto.com.br\/wp-content\/uploads\/2023\/12\/CF_CanalFutura-700x525.jpg?fit=700%2C525&ssl=1&resize=350%2C200 1x, https:\/\/i0.wp.com\/noticiasribeiraopreto.com.br\/wp-content\/uploads\/2023\/12\/CF_CanalFutura-700x525.jpg?fit=700%2C525&ssl=1&resize=525%2C300 1.5x, https:\/\/i0.wp.com\/noticiasribeiraopreto.com.br\/wp-content\/uploads\/2023\/12\/CF_CanalFutura-700x525.jpg?fit=700%2C525&ssl=1&resize=700%2C400 2x"},"classes":[]},{"id":66210,"url":"https:\/\/noticiasribeiraopreto.com.br\/index.php\/2025\/03\/29\/jornal-da-franca-com-dicas-praticas-e-possivel-manter-a-casa-em-ordem-e-sem-se-descabelar\/","url_meta":{"origin":9355,"position":1},"title":"Jornal da Franca &#8211; Com dicas pr\u00e1ticas, \u00e9 poss\u00edvel manter a casa em ordem. E sem se descabelar!","author":"noticiasribeiraopreto.com.br","date":"29 de March de 2025","format":false,"excerpt":"compartilhar no whatsapp compartilhar no telegram compartilhar no facebook compartilhar no linkedin Com organiza\u00e7\u00e3o e envolvimento da fam\u00edlia \u00e9 poss\u00edvel manter tudo em ordem A organiza\u00e7\u00e3o dom\u00e9stica pode parecer um desafio, mas com algumas dicas simples, voc\u00ea pode conquistar e manter sua casa arrumada sem se descabelar. Confira: 1. Desapego:\u2026","rel":"","context":"In &quot;Not\u00edcias de Franca-SP&quot;","block_context":{"text":"Not\u00edcias de Franca-SP","link":"https:\/\/noticiasribeiraopreto.com.br\/index.php\/category\/noticias-de-ribeirao-preto-sp-e-regiao-ismael-colosi\/noticias-franca-sp\/"},"img":{"alt_text":"","src":"https:\/\/i0.wp.com\/noticiasribeiraopreto.com.br\/wp-content\/uploads\/2025\/03\/faxina-1.png?fit=780%2C520&ssl=1&resize=350%2C200","width":350,"height":200,"srcset":"https:\/\/i0.wp.com\/noticiasribeiraopreto.com.br\/wp-content\/uploads\/2025\/03\/faxina-1.png?fit=780%2C520&ssl=1&resize=350%2C200 1x, https:\/\/i0.wp.com\/noticiasribeiraopreto.com.br\/wp-content\/uploads\/2025\/03\/faxina-1.png?fit=780%2C520&ssl=1&resize=525%2C300 1.5x, https:\/\/i0.wp.com\/noticiasribeiraopreto.com.br\/wp-content\/uploads\/2025\/03\/faxina-1.png?fit=780%2C520&ssl=1&resize=700%2C400 2x"},"classes":[]},{"id":9199,"url":"https:\/\/noticiasribeiraopreto.com.br\/index.php\/2023\/12\/01\/educacao-financeira-ainda-e-tabu-no-brasil\/","url_meta":{"origin":9355,"position":2},"title":"Educa\u00e7\u00e3o financeira ainda \u00e9 tabu no Brasil","author":"noticiasribeiraopreto.com.br","date":"1 de December de 2023","format":false,"excerpt":"R\u00e1dio Mega Brasil Acesse a entrevista completa em Este tabu, conforme Cl\u00e1udia Forte, superintendente da AEF Brasil, precisa ser quebrado para que superemos nossa maior fragilidade, que \u00e9 o consumo exacerbado, inconsequente e inconsciente. A import\u00e2ncia da educa\u00e7\u00e3o financeira para os brasileiros ser\u00e1 explicada por Cl\u00e1udia Forte, superintendente da AEF\u2026","rel":"","context":"In &quot;Dinheiro e Investimento&quot;","block_context":{"text":"Dinheiro e Investimento","link":"https:\/\/noticiasribeiraopreto.com.br\/index.php\/category\/dinheiro-e-investimento-como-fazer-como-ganhar\/"},"img":{"alt_text":"","src":"","width":0,"height":0},"classes":[]},{"id":39722,"url":"https:\/\/noticiasribeiraopreto.com.br\/index.php\/2024\/02\/27\/trabalhe-em-casa-stefanini-abre-vaga-home-office-para-auxiliar-juridico-salario-de-ate-1-5-mil-por-mes\/","url_meta":{"origin":9355,"position":3},"title":"Trabalhe em Casa: Stefanini abre vaga HOME OFFICE para Auxiliar Jur\u00eddico sal\u00e1rio de at\u00e9 1.5 MIL por m\u00eas","author":"noticiasribeiraopreto.com.br","date":"27 de February de 2024","format":false,"excerpt":"Home Office Trabalhe em Casa: Stefanini abre vaga HOME OFFICE para Auxiliar Jur\u00eddico sal\u00e1rio de at\u00e9 1.5 MIL por m\u00eas Home Office Trabalhe de Casa: Banco NEON abre vaga HOME OFFICE com sal\u00e1rio de at\u00e9 4 MIL por m\u00eas para Analista de Capta\u00e7\u00e3o Home Office Home Office: Grupo Gran Cursos\u2026","rel":"","context":"In &quot;Vagas de Emprego Remoto - Home Office&quot;","block_context":{"text":"Vagas de Emprego Remoto - Home Office","link":"https:\/\/noticiasribeiraopreto.com.br\/index.php\/category\/empregos-classificados-vagas-trabalho\/vagas-de-empregos-em-ribeirao-preto-regiao-brasil\/vagas-de-emprego-para-trabalhar-de-casa-home-office-remoto\/"},"img":{"alt_text":"","src":"https:\/\/i0.wp.com\/noticiasribeiraopreto.com.br\/wp-content\/uploads\/2024\/02\/STEFANINI-761x492.webp?fit=761%2C492&ssl=1&resize=350%2C200","width":350,"height":200,"srcset":"https:\/\/i0.wp.com\/noticiasribeiraopreto.com.br\/wp-content\/uploads\/2024\/02\/STEFANINI-761x492.webp?fit=761%2C492&ssl=1&resize=350%2C200 1x, https:\/\/i0.wp.com\/noticiasribeiraopreto.com.br\/wp-content\/uploads\/2024\/02\/STEFANINI-761x492.webp?fit=761%2C492&ssl=1&resize=525%2C300 1.5x, https:\/\/i0.wp.com\/noticiasribeiraopreto.com.br\/wp-content\/uploads\/2024\/02\/STEFANINI-761x492.webp?fit=761%2C492&ssl=1&resize=700%2C400 2x"},"classes":[]},{"id":39551,"url":"https:\/\/noticiasribeiraopreto.com.br\/index.php\/2024\/02\/26\/home-office-grupo-gran-cursos-anuncia-vaga-home-office-para-assistente-administrativo-com-salario-de-ate-2-mil-por-mes\/","url_meta":{"origin":9355,"position":4},"title":"Home Office: Grupo Gran Cursos anuncia vaga HOME OFFICE para Assistente Administrativo com sal\u00e1rio de at\u00e9 2 MIL por m\u00eas","author":"noticiasribeiraopreto.com.br","date":"26 de February de 2024","format":false,"excerpt":"Home Office Home Office: Grupo Gran Cursos anuncia vaga HOME OFFICE para Assistente Administrativo com sal\u00e1rio de at\u00e9 2 MIL por m\u00eas Home Office Trabalhe de Casa: Jornal Gazeta do Povo abre vagas HOME OFFICE para Aprendiz Administrativo Home Office Grupo O Botic\u00e1rio abiu vaga HOME OFFICE com m\u00e9dia Salarial\u2026","rel":"","context":"In &quot;Vagas de Emprego Remoto - Home Office&quot;","block_context":{"text":"Vagas de Emprego Remoto - Home Office","link":"https:\/\/noticiasribeiraopreto.com.br\/index.php\/category\/empregos-classificados-vagas-trabalho\/vagas-de-empregos-em-ribeirao-preto-regiao-brasil\/vagas-de-emprego-para-trabalhar-de-casa-home-office-remoto\/"},"img":{"alt_text":"","src":"https:\/\/i0.wp.com\/noticiasribeiraopreto.com.br\/wp-content\/uploads\/2024\/02\/gran-761x492.webp?fit=761%2C492&ssl=1&resize=350%2C200","width":350,"height":200,"srcset":"https:\/\/i0.wp.com\/noticiasribeiraopreto.com.br\/wp-content\/uploads\/2024\/02\/gran-761x492.webp?fit=761%2C492&ssl=1&resize=350%2C200 1x, https:\/\/i0.wp.com\/noticiasribeiraopreto.com.br\/wp-content\/uploads\/2024\/02\/gran-761x492.webp?fit=761%2C492&ssl=1&resize=525%2C300 1.5x, https:\/\/i0.wp.com\/noticiasribeiraopreto.com.br\/wp-content\/uploads\/2024\/02\/gran-761x492.webp?fit=761%2C492&ssl=1&resize=700%2C400 2x"},"classes":[]},{"id":39648,"url":"https:\/\/noticiasribeiraopreto.com.br\/index.php\/2024\/02\/27\/trabalhe-de-casa-banco-neon-abre-vaga-home-office-com-salario-de-ate-4-mil-por-mes-para-analista-de-captacao\/","url_meta":{"origin":9355,"position":5},"title":"Trabalhe de Casa: Banco NEON abre vaga HOME OFFICE com sal\u00e1rio de at\u00e9 4 MIL por m\u00eas para Analista de Capta\u00e7\u00e3o","author":"noticiasribeiraopreto.com.br","date":"27 de February de 2024","format":false,"excerpt":"Home Office Trabalhe de Casa: Banco NEON abre vaga HOME OFFICE com sal\u00e1rio de at\u00e9 4 MIL por m\u00eas para Analista de Capta\u00e7\u00e3o Home Office Home Office: Grupo Gran Cursos anuncia vaga HOME OFFICE para Assistente Administrativo com sal\u00e1rio de at\u00e9 2 MIL por m\u00eas Home Office Trabalhe de Casa:\u2026","rel":"","context":"In &quot;Vagas de Emprego Remoto - Home Office&quot;","block_context":{"text":"Vagas de Emprego Remoto - Home Office","link":"https:\/\/noticiasribeiraopreto.com.br\/index.php\/category\/empregos-classificados-vagas-trabalho\/vagas-de-empregos-em-ribeirao-preto-regiao-brasil\/vagas-de-emprego-para-trabalhar-de-casa-home-office-remoto\/"},"img":{"alt_text":"","src":"https:\/\/i0.wp.com\/noticiasribeiraopreto.com.br\/wp-content\/uploads\/2024\/02\/NEON-HOME-OFFICE-761x492.webp?fit=761%2C492&ssl=1&resize=350%2C200","width":350,"height":200,"srcset":"https:\/\/i0.wp.com\/noticiasribeiraopreto.com.br\/wp-content\/uploads\/2024\/02\/NEON-HOME-OFFICE-761x492.webp?fit=761%2C492&ssl=1&resize=350%2C200 1x, https:\/\/i0.wp.com\/noticiasribeiraopreto.com.br\/wp-content\/uploads\/2024\/02\/NEON-HOME-OFFICE-761x492.webp?fit=761%2C492&ssl=1&resize=525%2C300 1.5x, https:\/\/i0.wp.com\/noticiasribeiraopreto.com.br\/wp-content\/uploads\/2024\/02\/NEON-HOME-OFFICE-761x492.webp?fit=761%2C492&ssl=1&resize=700%2C400 2x"},"classes":[]}],"jetpack_sharing_enabled":true,"jetpack_shortlink":"https:\/\/wp.me\/peQAOb-2qT","_links":{"self":[{"href":"https:\/\/noticiasribeiraopreto.com.br\/index.php\/wp-json\/wp\/v2\/posts\/9355","targetHints":{"allow":["GET"]}}],"collection":[{"href":"https:\/\/noticiasribeiraopreto.com.br\/index.php\/wp-json\/wp\/v2\/posts"}],"about":[{"href":"https:\/\/noticiasribeiraopreto.com.br\/index.php\/wp-json\/wp\/v2\/types\/post"}],"author":[{"embeddable":true,"href":"https:\/\/noticiasribeiraopreto.com.br\/index.php\/wp-json\/wp\/v2\/users\/1"}],"replies":[{"embeddable":true,"href":"https:\/\/noticiasribeiraopreto.com.br\/index.php\/wp-json\/wp\/v2\/comments?post=9355"}],"version-history":[{"count":0,"href":"https:\/\/noticiasribeiraopreto.com.br\/index.php\/wp-json\/wp\/v2\/posts\/9355\/revisions"}],"wp:attachment":[{"href":"https:\/\/noticiasribeiraopreto.com.br\/index.php\/wp-json\/wp\/v2\/media?parent=9355"}],"wp:term":[{"taxonomy":"category","embeddable":true,"href":"https:\/\/noticiasribeiraopreto.com.br\/index.php\/wp-json\/wp\/v2\/categories?post=9355"},{"taxonomy":"post_tag","embeddable":true,"href":"https:\/\/noticiasribeiraopreto.com.br\/index.php\/wp-json\/wp\/v2\/tags?post=9355"}],"curies":[{"name":"wp","href":"https:\/\/api.w.org\/{rel}","templated":true}]}}